{"id":210165,"date":"2023-11-16T16:07:00","date_gmt":"2023-11-16T16:07:00","guid":{"rendered":"https:\/\/www.webdo.tn\/fr\/blog\/de-l-ukraine-vers-la-russie-le-choix-difficile-des-etudiants-tunisiens\/210165\/"},"modified":"2025-05-20T22:56:19","modified_gmt":"2025-05-20T22:56:19","slug":"de-l-ukraine-vers-la-russie-le-choix-difficile-des-etudiants-tunisiens","status":"publish","type":"post","link":"https:\/\/www.webdo.tn\/fr\/actualite\/national\/de-l-ukraine-vers-la-russie-le-choix-difficile-des-etudiants-tunisiens\/210165\/","title":{"rendered":"De l\u2019Ukraine vers la Russie : le choix difficile des \u00e9tudiants tunisiens"},"content":{"rendered":"<p>Aller \u00e0 la rencontre de Tunisiens, dans un pays aussi gigantesque que l\u2019Ukraine et de surcro\u00eet en temps de guerre peut para\u00eetre difficile, mais pas impossible. C\u2019est \u00e0 Odessa que nous allons faire la connaissance du principal point d\u2019attache de tous les Tunisiens en Ukraine.<\/p>\n<p>\t\t\t\t\t\t\t\t\tLundi 13 novembre, nous entamons notre voyage vers Odessa, ville portuaire de la mer Noire au sud de l&rsquo;Ukraine, r\u00e9put\u00e9e pour son architecture, ses op\u00e9ras et sa cath\u00e9drale de la Transfiguration, qui a \u00e9t\u00e9 endommag\u00e9e par les nombreuses attaques de l&rsquo;arm\u00e9e russe.<\/p>\n<p>Car si Odessa semble \u00eatre une ville paisible et d\u00e9gage une impression de calme, elle reste une cible de l\u2019arm\u00e9e russe. Fin juillet dernier, deux morts et plusieurs bless\u00e9s, ont \u00e9t\u00e9 recens\u00e9s, et plusieurs sites ont \u00e9t\u00e9 touch\u00e9s, dont la cath\u00e9drale de la Transfiguration.<\/p>\n<p>La cath\u00e9drale de la Transfiguration \u00e0 Odessa, inscrite sur la liste du patrimoine mondial par l&rsquo;UNESCO, avant et apr\u00e8s avoir \u00e9t\u00e9 touch\u00e9e par une attaque russe.<\/p>\n<p>\u00a0<\/p>\n<p>Il y a un mois, un h\u00f4tel situ\u00e9 sur le port a \u00e9t\u00e9 atteint par un missile. La semaine derni\u00e8re, encore, l&rsquo;arm\u00e9e russe a lanc\u00e9 une attaque de drones et de missiles. Heureusement, aucun mort n\u2019\u00e9tait \u00e0 d\u00e9plorer.<\/p>\n<p>C\u2019est donc sur Odessa, cette belle ville c\u00f4ti\u00e8re, abritant plusieurs communaut\u00e9s \u00e9trang\u00e8res, dont celle des Tunisiens que nous mettons le cap dans l\u2019espoir de rencontrer des compatriotes et en savoir plus sur les raisons qui les ont pouss\u00e9s \u00e0 rester en Ukraine malgr\u00e9 la guerre.<\/p>\n<p>A Odessa, c\u2019est Dr Tarek Aloui qui nous accueille. Ce Tunisien r\u00e9side en Ukraine depuis 17 ans. Il y \u00e9tait parti en 2006 pour y suivre ses \u00e9tudes de m\u00e9decine. Devenu ophtalmologue, Tarek Aloui, a d\u00e9cid\u00e9 de rester en Ukraine, s\u2019est mari\u00e9 \u00e0 une Ukrainienne et vit d\u00e9sormais \u00e0 Odessa. Mais il est aussi le principal lien entre tous les Tunisiens r\u00e9sidant en Ukraine.<\/p>\n<p>Lire aussi : Entretien avec Volodymyr Zelensky : Perspectives crois\u00e9es sur le conflit, l&rsquo;Afrique et les relations mondiales<\/p>\n<p>Ce b\u00e9n\u00e9vole, s\u2019active chaque jour \u00e0 trouver des solutions aux 1500 Tunisiens pr\u00e9sents actuellement en Ukraine. Parmi eux figurent 1200 \u00e9tudiants dont 80% suivent un cursus en m\u00e9decine. En outre, 250 Tunisiens sont install\u00e9s. Dr Aloui conna\u00eet mieux que quiconque les d\u00e9marches \u00e0 suivre pour r\u00e9ussir en Ukraine et pour s\u2019y int\u00e9grer.<\/p>\n<p>Avec la guerre, c\u2019est un nouveau genre de probl\u00e8mes qu\u2019il a d\u00fb solutionner, l&rsquo;invasion russe, rendant certaines disciplines impossibles \u00e0 \u00e9tudier.<\/p>\n<p>Malgr\u00e9 la n\u00e9cessit\u00e9 d&rsquo;\u00e9tudier \u00e0 distance pour r\u00e9ussir, les \u00e9tudiants tunisiens en m\u00e9decine n&rsquo;ont pu l&rsquo;adopter. \u00ab En raison de la nature de leur discipline et de l&rsquo;importance de la pratique m\u00e9dicale, beaucoup se retrouvent incapables de compl\u00e9ter leurs \u00e9tudes \u00bb, nous pr\u00e9cise Dr Aloui.<\/p>\n<p>\u00ab\u00a0Incapables de terminer leurs \u00e9tudes en France, dans d&rsquo;autres pays anglophones, ou en Tunisie, certains abandonnent, tandis que d&rsquo;autres adoptent la Russie et quelques uns la Romanie\u00a0\u00bb, ajoute Dr Aloui.<\/p>\n<p>Dr Tarel Aloui r\u00e9side en Ukraine depuis 17 ans. Il y \u00e9tait parti en 2006 pour y suivre ses \u00e9tudes de m\u00e9decine. Il reste le principal lien entre tous les Tunisiens r\u00e9sidant en Ukraine<\/p>\n<p>\u00a0<\/p>\n<p>Des Tunisiens venant d&rsquo;Ukraine pour terminer leurs \u00e9tudes en Russie ! Nos compatriotes font preuve de courage pour entreprendre ce voyage. Outre le m\u00e9pris de la guerre, s&rsquo;ajoute l&rsquo;isolement des jeunes Tunisiens en Russie.<\/p>\n<p>En effet les \u00e9tudiants tunisiens doivent surmonter les effets pr\u00e9judiciables et le rejet associ\u00e9s \u00e0 la situation de guerre pour atteindre leurs objectifs, tels que la poursuite de leurs \u00e9tudes en Russie.<\/p>\n<p>Lire aussi : Kiev en \u00e9tat d\u2019alerte apr\u00e8s deux mois de r\u00e9pit !<\/p>\n<p>En raison des sanctions \u00e9conomiques dues \u00e0 la guerre, la Russie s\u2019est retrouv\u00e9e en situation d&rsquo;isolement. En cons\u00e9quence, les transferts d&rsquo;argent habituels depuis plusieurs pays vers la Russie ont \u00e9t\u00e9 perturb\u00e9s, notamment ceux qui sont destin\u00e9s \u00e0 couvrir les frais d&rsquo;\u00e9tudes et de vie des Tunisiens en Russie.<\/p>\n<p>[Walid Ben Youssef est en Ukraine pour une mission d&rsquo;enqu\u00eate pour les journalistes africains, parrain\u00e9e par le gouvernement ukrainien].<\/p>\n","protected":false},"excerpt":{"rendered":"<p>Lundi 13 novembre, nous entamons notre voyage vers Odessa, ville portuaire de la mer Noire au sud de l&rsquo;Ukraine, r\u00e9put\u00e9e pour son architecture, ses op\u00e9ras et sa&#8230;<\/p>\n","protected":false},"author":3183,"featured_media":289871,"comment_status":"open","ping_status":"closed","sticky":false,"template":"","format":"standard","meta":{"footnotes":""},"categories":[44],"tags":[9849,3852,3299,3317,3295],"class_list":["post-210165","post","type-post","status-publish","format-standard","has-post-thumbnail","hentry","category-national","tag-odessa","tag-etudiants","tag-russie","tag-tunisiens","tag-ukraine"],"yoast_head":"<!-- This site is optimized with the Yoast SEO Premium plugin v27.4 (Yoast SEO v27.5) - https:\/\/yoast.com\/product\/yoast-seo-premium-wordpress\/ -->\n<title>De l\u2019Ukraine vers la Russie : le choix difficile des \u00e9tudiants tunisiens<\/title>\n<meta name=\"description\" content=\"Lundi 13 novembre, nous entamons notre voyage vers Odessa, ville portuaire de la mer Noire au sud de l&#039;Ukraine, r\u00e9put\u00e9e pour son architecture, ses op\u00e9ras et sa...\" \/>\n<link rel=\"canonical\" href=\"https:\/\/www.webdo.tn\/fr\/actualite\/national\/de-l-ukraine-vers-la-russie-le-choix-difficile-des-etudiants-tunisiens\/210165\/\" \/>\n<meta property=\"og:locale\" content=\"fr_FR\" \/>\n<meta property=\"og:type\" content=\"article\" \/>\n<meta property=\"og:title\" content=\"De l\u2019Ukraine vers la Russie : le choix difficile des \u00e9tudiants tunisiens\" \/>\n<meta property=\"og:description\" content=\"Lundi 13 novembre, nous entamons notre voyage vers Odessa, ville portuaire de la mer Noire au sud de l&#039;Ukraine, r\u00e9put\u00e9e pour son architecture, ses op\u00e9ras et sa...\" \/>\n<meta property=\"og:url\" content=\"https:\/\/www.webdo.tn\/fr\/actualite\/national\/de-l-ukraine-vers-la-russie-le-choix-difficile-des-etudiants-tunisiens\/210165\/\" \/>\n<meta property=\"og:site_name\" content=\"webdo\" \/>\n<meta property=\"article:publisher\" content=\"https:\/\/www.facebook.com\/webdotn\" \/>\n<meta property=\"article:author\" content=\"https:\/\/www.facebook.com\/wby.webdo\" \/>\n<meta property=\"article:published_time\" content=\"2023-11-16T16:07:00+00:00\" \/>\n<meta property=\"article:modified_time\" content=\"2025-05-20T22:56:19+00:00\" \/>\n<meta property=\"og:image\" content=\"https:\/\/www.webdo.tn\/fr\/wp-content\/uploads\/2023\/11\/43ebf2256f5012d5d8788d2a35c8a31c.jpg\" \/>\n\t<meta property=\"og:image:width\" content=\"750\" \/>\n\t<meta property=\"og:image:height\" content=\"400\" \/>\n\t<meta property=\"og:image:type\" content=\"image\/jpeg\" \/>\n<meta name=\"author\" content=\"Walid Ben Youssef\" \/>\n<meta name=\"twitter:card\" content=\"summary_large_image\" \/>\n<meta name=\"twitter:creator\" content=\"@webdo_tn\" \/>\n<meta name=\"twitter:site\" content=\"@webdo_tn\" \/>\n<meta name=\"twitter:label1\" content=\"\u00c9crit par\" \/>\n\t<meta name=\"twitter:data1\" content=\"Walid Ben Youssef\" \/>\n\t<meta name=\"twitter:label2\" content=\"Dur\u00e9e de lecture estim\u00e9e\" \/>\n\t<meta name=\"twitter:data2\" content=\"3 minutes\" \/>\n<script type=\"application\/ld+json\" class=\"yoast-schema-graph\">{\"@context\":\"https:\\\/\\\/schema.org\",\"@graph\":[{\"@type\":\"NewsArticle\",\"@id\":\"https:\\\/\\\/www.webdo.tn\\\/fr\\\/actualite\\\/national\\\/de-l-ukraine-vers-la-russie-le-choix-difficile-des-etudiants-tunisiens\\\/210165\\\/#article\",\"isPartOf\":{\"@id\":\"https:\\\/\\\/www.webdo.tn\\\/fr\\\/actualite\\\/national\\\/de-l-ukraine-vers-la-russie-le-choix-difficile-des-etudiants-tunisiens\\\/210165\\\/\"},\"author\":{\"name\":\"Walid Ben Youssef\",\"@id\":\"https:\\\/\\\/www.webdo.tn\\\/fr\\\/#\\\/schema\\\/person\\\/2c509d3aeb706736cdf7dc93d76b6fe1\"},\"headline\":\"De l\u2019Ukraine vers la Russie : le choix difficile des \u00e9tudiants tunisiens\",\"datePublished\":\"2023-11-16T16:07:00+00:00\",\"dateModified\":\"2025-05-20T22:56:19+00:00\",\"mainEntityOfPage\":{\"@id\":\"https:\\\/\\\/www.webdo.tn\\\/fr\\\/actualite\\\/national\\\/de-l-ukraine-vers-la-russie-le-choix-difficile-des-etudiants-tunisiens\\\/210165\\\/\"},\"wordCount\":728,\"commentCount\":0,\"publisher\":{\"@id\":\"https:\\\/\\\/www.webdo.tn\\\/fr\\\/#organization\"},\"image\":{\"@id\":\"https:\\\/\\\/www.webdo.tn\\\/fr\\\/actualite\\\/national\\\/de-l-ukraine-vers-la-russie-le-choix-difficile-des-etudiants-tunisiens\\\/210165\\\/#primaryimage\"},\"thumbnailUrl\":\"https:\\\/\\\/www.webdo.tn\\\/fr\\\/wp-content\\\/uploads\\\/2023\\\/11\\\/43ebf2256f5012d5d8788d2a35c8a31c.jpg\",\"keywords\":[\"'odessa']\",\"\u00e9tudiants\",\"Russie\",\"Tunisiens\",\"Ukraine\"],\"articleSection\":[\"National\"],\"inLanguage\":\"fr-FR\"},{\"@type\":\"WebPage\",\"@id\":\"https:\\\/\\\/www.webdo.tn\\\/fr\\\/actualite\\\/national\\\/de-l-ukraine-vers-la-russie-le-choix-difficile-des-etudiants-tunisiens\\\/210165\\\/\",\"url\":\"https:\\\/\\\/www.webdo.tn\\\/fr\\\/actualite\\\/national\\\/de-l-ukraine-vers-la-russie-le-choix-difficile-des-etudiants-tunisiens\\\/210165\\\/\",\"name\":\"De l\u2019Ukraine vers la Russie : le choix difficile des \u00e9tudiants tunisiens\",\"isPartOf\":{\"@id\":\"https:\\\/\\\/www.webdo.tn\\\/fr\\\/#website\"},\"primaryImageOfPage\":{\"@id\":\"https:\\\/\\\/www.webdo.tn\\\/fr\\\/actualite\\\/national\\\/de-l-ukraine-vers-la-russie-le-choix-difficile-des-etudiants-tunisiens\\\/210165\\\/#primaryimage\"},\"image\":{\"@id\":\"https:\\\/\\\/www.webdo.tn\\\/fr\\\/actualite\\\/national\\\/de-l-ukraine-vers-la-russie-le-choix-difficile-des-etudiants-tunisiens\\\/210165\\\/#primaryimage\"},\"thumbnailUrl\":\"https:\\\/\\\/www.webdo.tn\\\/fr\\\/wp-content\\\/uploads\\\/2023\\\/11\\\/43ebf2256f5012d5d8788d2a35c8a31c.jpg\",\"datePublished\":\"2023-11-16T16:07:00+00:00\",\"dateModified\":\"2025-05-20T22:56:19+00:00\",\"description\":\"Lundi 13 novembre, nous entamons notre voyage vers Odessa, ville portuaire de la mer Noire au sud de l'Ukraine, r\u00e9put\u00e9e pour son architecture, ses op\u00e9ras et sa...\",\"breadcrumb\":{\"@id\":\"https:\\\/\\\/www.webdo.tn\\\/fr\\\/actualite\\\/national\\\/de-l-ukraine-vers-la-russie-le-choix-difficile-des-etudiants-tunisiens\\\/210165\\\/#breadcrumb\"},\"inLanguage\":\"fr-FR\",\"potentialAction\":[{\"@type\":\"ReadAction\",\"target\":[\"https:\\\/\\\/www.webdo.tn\\\/fr\\\/actualite\\\/national\\\/de-l-ukraine-vers-la-russie-le-choix-difficile-des-etudiants-tunisiens\\\/210165\\\/\"]}]},{\"@type\":\"ImageObject\",\"inLanguage\":\"fr-FR\",\"@id\":\"https:\\\/\\\/www.webdo.tn\\\/fr\\\/actualite\\\/national\\\/de-l-ukraine-vers-la-russie-le-choix-difficile-des-etudiants-tunisiens\\\/210165\\\/#primaryimage\",\"url\":\"https:\\\/\\\/www.webdo.tn\\\/fr\\\/wp-content\\\/uploads\\\/2023\\\/11\\\/43ebf2256f5012d5d8788d2a35c8a31c.jpg\",\"contentUrl\":\"https:\\\/\\\/www.webdo.tn\\\/fr\\\/wp-content\\\/uploads\\\/2023\\\/11\\\/43ebf2256f5012d5d8788d2a35c8a31c.jpg\",\"width\":750,\"height\":400,\"caption\":\"De l\u2019Ukraine vers la Russie : le choix difficile des \u00e9tudiants tunisiens\"},{\"@type\":\"BreadcrumbList\",\"@id\":\"https:\\\/\\\/www.webdo.tn\\\/fr\\\/actualite\\\/national\\\/de-l-ukraine-vers-la-russie-le-choix-difficile-des-etudiants-tunisiens\\\/210165\\\/#breadcrumb\",\"itemListElement\":[{\"@type\":\"ListItem\",\"position\":1,\"name\":\"Accueil\",\"item\":\"https:\\\/\\\/www.webdo.tn\\\/fr\\\/\"},{\"@type\":\"ListItem\",\"position\":2,\"name\":\"De l\u2019Ukraine vers la Russie : le choix difficile des \u00e9tudiants tunisiens\"}]},{\"@type\":\"WebSite\",\"@id\":\"https:\\\/\\\/www.webdo.tn\\\/fr\\\/#website\",\"url\":\"https:\\\/\\\/www.webdo.tn\\\/fr\\\/\",\"name\":\"webdo\",\"description\":\"Tunisie - News en Tunisie et \u00e0 l&#039;international sur Webdo.tn\",\"publisher\":{\"@id\":\"https:\\\/\\\/www.webdo.tn\\\/fr\\\/#organization\"},\"potentialAction\":[{\"@type\":\"SearchAction\",\"target\":{\"@type\":\"EntryPoint\",\"urlTemplate\":\"https:\\\/\\\/www.webdo.tn\\\/fr\\\/?s={search_term_string}\"},\"query-input\":{\"@type\":\"PropertyValueSpecification\",\"valueRequired\":true,\"valueName\":\"search_term_string\"}}],\"inLanguage\":\"fr-FR\"},{\"@type\":\"Organization\",\"@id\":\"https:\\\/\\\/www.webdo.tn\\\/fr\\\/#organization\",\"name\":\"Webdo\",\"alternateName\":\"Webdo.tn\",\"url\":\"https:\\\/\\\/www.webdo.tn\\\/fr\\\/\",\"logo\":{\"@type\":\"ImageObject\",\"inLanguage\":\"fr-FR\",\"@id\":\"https:\\\/\\\/www.webdo.tn\\\/fr\\\/#\\\/schema\\\/logo\\\/image\\\/\",\"url\":\"https:\\\/\\\/www.webdo.tn\\\/fr\\\/wp-content\\\/uploads\\\/2025\\\/06\\\/Webdo-Tunisie_168377.jpg\",\"contentUrl\":\"https:\\\/\\\/www.webdo.tn\\\/fr\\\/wp-content\\\/uploads\\\/2025\\\/06\\\/Webdo-Tunisie_168377.jpg\",\"width\":301,\"height\":301,\"caption\":\"Webdo\"},\"image\":{\"@id\":\"https:\\\/\\\/www.webdo.tn\\\/fr\\\/#\\\/schema\\\/logo\\\/image\\\/\"},\"sameAs\":[\"https:\\\/\\\/www.facebook.com\\\/webdotn\",\"https:\\\/\\\/x.com\\\/webdo_tn\"],\"description\":\"Webdo est un m\u00e9dia num\u00e9rique tunisien fond\u00e9 en 2010, sp\u00e9cialis\u00e9 dans l\u2019actualit\u00e9 nationale et internationale, l\u2019\u00e9conomie, la soci\u00e9t\u00e9 et les analyses politiques. Le site s\u2019adresse \u00e0 un large public francophone et couvre l\u2019information tunisienne en temps r\u00e9el.\",\"email\":\"redac@webdo.tn\",\"legalName\":\"YNJ SARL\",\"foundingDate\":\"2010-09-06\",\"numberOfEmployees\":{\"@type\":\"QuantitativeValue\",\"minValue\":\"11\",\"maxValue\":\"50\"}},{\"@type\":\"Person\",\"@id\":\"https:\\\/\\\/www.webdo.tn\\\/fr\\\/#\\\/schema\\\/person\\\/2c509d3aeb706736cdf7dc93d76b6fe1\",\"name\":\"Walid Ben Youssef\",\"image\":{\"@type\":\"ImageObject\",\"inLanguage\":\"fr-FR\",\"@id\":\"https:\\\/\\\/www.webdo.tn\\\/fr\\\/wp-content\\\/uploads\\\/2026\\\/04\\\/walid-ben-youssef_avatar-96x96.jpg\",\"url\":\"https:\\\/\\\/www.webdo.tn\\\/fr\\\/wp-content\\\/uploads\\\/2026\\\/04\\\/walid-ben-youssef_avatar-96x96.jpg\",\"contentUrl\":\"https:\\\/\\\/www.webdo.tn\\\/fr\\\/wp-content\\\/uploads\\\/2026\\\/04\\\/walid-ben-youssef_avatar-96x96.jpg\",\"caption\":\"Walid Ben Youssef\"},\"description\":\"Walid Ben Youssef est fondateur et directeur de publication de Webdo.tn, m\u00e9dia num\u00e9rique tunisien lanc\u00e9 en 2011. Journaliste depuis plus de 20 ans, il a d\u00e9but\u00e9 sa carri\u00e8re au sein du groupe Dar Tunis-Hebdo, o\u00f9 il a contribu\u00e9 d\u00e8s le d\u00e9but des ann\u00e9es 2000 au d\u00e9veloppement des premi\u00e8res initiatives web du titre. Avant de fonder Webdo, il a occup\u00e9 les fonctions de directeur adjoint du groupe Dar Tunis-Hebdo, participant au d\u00e9veloppement \u00e9ditorial, publicitaire et num\u00e9rique du groupe. Sp\u00e9cialis\u00e9 dans les m\u00e9dias num\u00e9riques, la transformation digitale de l\u2019information et l\u2019actualit\u00e9 nationale et internationale, il supervise la ligne \u00e9ditoriale de Webdo et pilote son d\u00e9veloppement strat\u00e9gique. Dipl\u00f4m\u00e9 en math\u00e9matiques de l\u2019Universit\u00e9 d\u2019Oregon (\u00c9tats-Unis), il associe une approche analytique \u00e0 une expertise de terrain du journalisme. \ud83d\udd17 Facebook : https:\\\/\\\/www.facebook.com\\\/wby.webdo\",\"sameAs\":[\"https:\\\/\\\/www.facebook.com\\\/wby.webdo\"],\"knowsAbout\":[\"journalisme\",\"m\u00e9dias num\u00e9riques\",\"transformation digitale\",\"actualit\u00e9 tunisienne\",\"g\u00e9opolitique\"],\"knowsLanguage\":[\"Fran\u00e7ais\",\"Arabe\",\"Anglais\"],\"jobTitle\":\"Fondateur et directeur de publication\",\"worksFor\":\"Webdo.tn\",\"url\":\"https:\\\/\\\/www.webdo.tn\\\/fr\\\/actualite\\\/author\\\/walid-ben-youssef\\\/\"}]}<\/script>\n<!-- \/ Yoast SEO Premium plugin. -->","yoast_head_json":{"title":"De l\u2019Ukraine vers la Russie : le choix difficile des \u00e9tudiants tunisiens","description":"Lundi 13 novembre, nous entamons notre voyage vers Odessa, ville portuaire de la mer Noire au sud de l'Ukraine, r\u00e9put\u00e9e pour son architecture, ses op\u00e9ras et sa...","canonical":"https:\/\/www.webdo.tn\/fr\/actualite\/national\/de-l-ukraine-vers-la-russie-le-choix-difficile-des-etudiants-tunisiens\/210165\/","og_locale":"fr_FR","og_type":"article","og_title":"De l\u2019Ukraine vers la Russie : le choix difficile des \u00e9tudiants tunisiens","og_description":"Lundi 13 novembre, nous entamons notre voyage vers Odessa, ville portuaire de la mer Noire au sud de l'Ukraine, r\u00e9put\u00e9e pour son architecture, ses op\u00e9ras et sa...","og_url":"https:\/\/www.webdo.tn\/fr\/actualite\/national\/de-l-ukraine-vers-la-russie-le-choix-difficile-des-etudiants-tunisiens\/210165\/","og_site_name":"webdo","article_publisher":"https:\/\/www.facebook.com\/webdotn","article_author":"https:\/\/www.facebook.com\/wby.webdo","article_published_time":"2023-11-16T16:07:00+00:00","article_modified_time":"2025-05-20T22:56:19+00:00","og_image":[{"width":750,"height":400,"url":"https:\/\/www.webdo.tn\/fr\/wp-content\/uploads\/2023\/11\/43ebf2256f5012d5d8788d2a35c8a31c.jpg","type":"image\/jpeg"}],"author":"Walid Ben Youssef","twitter_card":"summary_large_image","twitter_creator":"@webdo_tn","twitter_site":"@webdo_tn","twitter_misc":{"\u00c9crit par":"Walid Ben Youssef","Dur\u00e9e de lecture estim\u00e9e":"3 minutes"},"schema":{"@context":"https:\/\/schema.org","@graph":[{"@type":"NewsArticle","@id":"https:\/\/www.webdo.tn\/fr\/actualite\/national\/de-l-ukraine-vers-la-russie-le-choix-difficile-des-etudiants-tunisiens\/210165\/#article","isPartOf":{"@id":"https:\/\/www.webdo.tn\/fr\/actualite\/national\/de-l-ukraine-vers-la-russie-le-choix-difficile-des-etudiants-tunisiens\/210165\/"},"author":{"name":"Walid Ben Youssef","@id":"https:\/\/www.webdo.tn\/fr\/#\/schema\/person\/2c509d3aeb706736cdf7dc93d76b6fe1"},"headline":"De l\u2019Ukraine vers la Russie : le choix difficile des \u00e9tudiants tunisiens","datePublished":"2023-11-16T16:07:00+00:00","dateModified":"2025-05-20T22:56:19+00:00","mainEntityOfPage":{"@id":"https:\/\/www.webdo.tn\/fr\/actualite\/national\/de-l-ukraine-vers-la-russie-le-choix-difficile-des-etudiants-tunisiens\/210165\/"},"wordCount":728,"commentCount":0,"publisher":{"@id":"https:\/\/www.webdo.tn\/fr\/#organization"},"image":{"@id":"https:\/\/www.webdo.tn\/fr\/actualite\/national\/de-l-ukraine-vers-la-russie-le-choix-difficile-des-etudiants-tunisiens\/210165\/#primaryimage"},"thumbnailUrl":"https:\/\/www.webdo.tn\/fr\/wp-content\/uploads\/2023\/11\/43ebf2256f5012d5d8788d2a35c8a31c.jpg","keywords":["'odessa']","\u00e9tudiants","Russie","Tunisiens","Ukraine"],"articleSection":["National"],"inLanguage":"fr-FR"},{"@type":"WebPage","@id":"https:\/\/www.webdo.tn\/fr\/actualite\/national\/de-l-ukraine-vers-la-russie-le-choix-difficile-des-etudiants-tunisiens\/210165\/","url":"https:\/\/www.webdo.tn\/fr\/actualite\/national\/de-l-ukraine-vers-la-russie-le-choix-difficile-des-etudiants-tunisiens\/210165\/","name":"De l\u2019Ukraine vers la Russie : le choix difficile des \u00e9tudiants tunisiens","isPartOf":{"@id":"https:\/\/www.webdo.tn\/fr\/#website"},"primaryImageOfPage":{"@id":"https:\/\/www.webdo.tn\/fr\/actualite\/national\/de-l-ukraine-vers-la-russie-le-choix-difficile-des-etudiants-tunisiens\/210165\/#primaryimage"},"image":{"@id":"https:\/\/www.webdo.tn\/fr\/actualite\/national\/de-l-ukraine-vers-la-russie-le-choix-difficile-des-etudiants-tunisiens\/210165\/#primaryimage"},"thumbnailUrl":"https:\/\/www.webdo.tn\/fr\/wp-content\/uploads\/2023\/11\/43ebf2256f5012d5d8788d2a35c8a31c.jpg","datePublished":"2023-11-16T16:07:00+00:00","dateModified":"2025-05-20T22:56:19+00:00","description":"Lundi 13 novembre, nous entamons notre voyage vers Odessa, ville portuaire de la mer Noire au sud de l'Ukraine, r\u00e9put\u00e9e pour son architecture, ses op\u00e9ras et sa...","breadcrumb":{"@id":"https:\/\/www.webdo.tn\/fr\/actualite\/national\/de-l-ukraine-vers-la-russie-le-choix-difficile-des-etudiants-tunisiens\/210165\/#breadcrumb"},"inLanguage":"fr-FR","potentialAction":[{"@type":"ReadAction","target":["https:\/\/www.webdo.tn\/fr\/actualite\/national\/de-l-ukraine-vers-la-russie-le-choix-difficile-des-etudiants-tunisiens\/210165\/"]}]},{"@type":"ImageObject","inLanguage":"fr-FR","@id":"https:\/\/www.webdo.tn\/fr\/actualite\/national\/de-l-ukraine-vers-la-russie-le-choix-difficile-des-etudiants-tunisiens\/210165\/#primaryimage","url":"https:\/\/www.webdo.tn\/fr\/wp-content\/uploads\/2023\/11\/43ebf2256f5012d5d8788d2a35c8a31c.jpg","contentUrl":"https:\/\/www.webdo.tn\/fr\/wp-content\/uploads\/2023\/11\/43ebf2256f5012d5d8788d2a35c8a31c.jpg","width":750,"height":400,"caption":"De l\u2019Ukraine vers la Russie : le choix difficile des \u00e9tudiants tunisiens"},{"@type":"BreadcrumbList","@id":"https:\/\/www.webdo.tn\/fr\/actualite\/national\/de-l-ukraine-vers-la-russie-le-choix-difficile-des-etudiants-tunisiens\/210165\/#breadcrumb","itemListElement":[{"@type":"ListItem","position":1,"name":"Accueil","item":"https:\/\/www.webdo.tn\/fr\/"},{"@type":"ListItem","position":2,"name":"De l\u2019Ukraine vers la Russie : le choix difficile des \u00e9tudiants tunisiens"}]},{"@type":"WebSite","@id":"https:\/\/www.webdo.tn\/fr\/#website","url":"https:\/\/www.webdo.tn\/fr\/","name":"webdo","description":"Tunisie - News en Tunisie et \u00e0 l&#039;international sur Webdo.tn","publisher":{"@id":"https:\/\/www.webdo.tn\/fr\/#organization"},"potentialAction":[{"@type":"SearchAction","target":{"@type":"EntryPoint","urlTemplate":"https:\/\/www.webdo.tn\/fr\/?s={search_term_string}"},"query-input":{"@type":"PropertyValueSpecification","valueRequired":true,"valueName":"search_term_string"}}],"inLanguage":"fr-FR"},{"@type":"Organization","@id":"https:\/\/www.webdo.tn\/fr\/#organization","name":"Webdo","alternateName":"Webdo.tn","url":"https:\/\/www.webdo.tn\/fr\/","logo":{"@type":"ImageObject","inLanguage":"fr-FR","@id":"https:\/\/www.webdo.tn\/fr\/#\/schema\/logo\/image\/","url":"https:\/\/www.webdo.tn\/fr\/wp-content\/uploads\/2025\/06\/Webdo-Tunisie_168377.jpg","contentUrl":"https:\/\/www.webdo.tn\/fr\/wp-content\/uploads\/2025\/06\/Webdo-Tunisie_168377.jpg","width":301,"height":301,"caption":"Webdo"},"image":{"@id":"https:\/\/www.webdo.tn\/fr\/#\/schema\/logo\/image\/"},"sameAs":["https:\/\/www.facebook.com\/webdotn","https:\/\/x.com\/webdo_tn"],"description":"Webdo est un m\u00e9dia num\u00e9rique tunisien fond\u00e9 en 2010, sp\u00e9cialis\u00e9 dans l\u2019actualit\u00e9 nationale et internationale, l\u2019\u00e9conomie, la soci\u00e9t\u00e9 et les analyses politiques. Le site s\u2019adresse \u00e0 un large public francophone et couvre l\u2019information tunisienne en temps r\u00e9el.","email":"redac@webdo.tn","legalName":"YNJ SARL","foundingDate":"2010-09-06","numberOfEmployees":{"@type":"QuantitativeValue","minValue":"11","maxValue":"50"}},{"@type":"Person","@id":"https:\/\/www.webdo.tn\/fr\/#\/schema\/person\/2c509d3aeb706736cdf7dc93d76b6fe1","name":"Walid Ben Youssef","image":{"@type":"ImageObject","inLanguage":"fr-FR","@id":"https:\/\/www.webdo.tn\/fr\/wp-content\/uploads\/2026\/04\/walid-ben-youssef_avatar-96x96.jpg","url":"https:\/\/www.webdo.tn\/fr\/wp-content\/uploads\/2026\/04\/walid-ben-youssef_avatar-96x96.jpg","contentUrl":"https:\/\/www.webdo.tn\/fr\/wp-content\/uploads\/2026\/04\/walid-ben-youssef_avatar-96x96.jpg","caption":"Walid Ben Youssef"},"description":"Walid Ben Youssef est fondateur et directeur de publication de Webdo.tn, m\u00e9dia num\u00e9rique tunisien lanc\u00e9 en 2011. Journaliste depuis plus de 20 ans, il a d\u00e9but\u00e9 sa carri\u00e8re au sein du groupe Dar Tunis-Hebdo, o\u00f9 il a contribu\u00e9 d\u00e8s le d\u00e9but des ann\u00e9es 2000 au d\u00e9veloppement des premi\u00e8res initiatives web du titre. Avant de fonder Webdo, il a occup\u00e9 les fonctions de directeur adjoint du groupe Dar Tunis-Hebdo, participant au d\u00e9veloppement \u00e9ditorial, publicitaire et num\u00e9rique du groupe. Sp\u00e9cialis\u00e9 dans les m\u00e9dias num\u00e9riques, la transformation digitale de l\u2019information et l\u2019actualit\u00e9 nationale et internationale, il supervise la ligne \u00e9ditoriale de Webdo et pilote son d\u00e9veloppement strat\u00e9gique. Dipl\u00f4m\u00e9 en math\u00e9matiques de l\u2019Universit\u00e9 d\u2019Oregon (\u00c9tats-Unis), il associe une approche analytique \u00e0 une expertise de terrain du journalisme. \ud83d\udd17 Facebook : https:\/\/www.facebook.com\/wby.webdo","sameAs":["https:\/\/www.facebook.com\/wby.webdo"],"knowsAbout":["journalisme","m\u00e9dias num\u00e9riques","transformation digitale","actualit\u00e9 tunisienne","g\u00e9opolitique"],"knowsLanguage":["Fran\u00e7ais","Arabe","Anglais"],"jobTitle":"Fondateur et directeur de publication","worksFor":"Webdo.tn","url":"https:\/\/www.webdo.tn\/fr\/actualite\/author\/walid-ben-youssef\/"}]}},"_links":{"self":[{"href":"https:\/\/www.webdo.tn\/fr\/wp-json\/wp\/v2\/posts\/210165","targetHints":{"allow":["GET"]}}],"collection":[{"href":"https:\/\/www.webdo.tn\/fr\/wp-json\/wp\/v2\/posts"}],"about":[{"href":"https:\/\/www.webdo.tn\/fr\/wp-json\/wp\/v2\/types\/post"}],"author":[{"embeddable":true,"href":"https:\/\/www.webdo.tn\/fr\/wp-json\/wp\/v2\/users\/3183"}],"replies":[{"embeddable":true,"href":"https:\/\/www.webdo.tn\/fr\/wp-json\/wp\/v2\/comments?post=210165"}],"version-history":[{"count":0,"href":"https:\/\/www.webdo.tn\/fr\/wp-json\/wp\/v2\/posts\/210165\/revisions"}],"wp:featuredmedia":[{"embeddable":true,"href":"https:\/\/www.webdo.tn\/fr\/wp-json\/wp\/v2\/media\/289871"}],"wp:attachment":[{"href":"https:\/\/www.webdo.tn\/fr\/wp-json\/wp\/v2\/media?parent=210165"}],"wp:term":[{"taxonomy":"category","embeddable":true,"href":"https:\/\/www.webdo.tn\/fr\/wp-json\/wp\/v2\/categories?post=210165"},{"taxonomy":"post_tag","embeddable":true,"href":"https:\/\/www.webdo.tn\/fr\/wp-json\/wp\/v2\/tags?post=210165"}],"curies":[{"name":"wp","href":"https:\/\/api.w.org\/{rel}","templated":true}]}}