{"id":210158,"date":"2023-11-16T11:57:00","date_gmt":"2023-11-16T11:57:00","guid":{"rendered":"https:\/\/www.webdo.tn\/fr\/blog\/jack-lang-prolonge-l-exposition-ce-que-la-palestine-apporte-au-monde\/210158\/"},"modified":"2023-11-16T11:57:00","modified_gmt":"2023-11-16T11:57:00","slug":"jack-lang-prolonge-l-exposition-ce-que-la-palestine-apporte-au-monde","status":"publish","type":"post","link":"https:\/\/www.webdo.tn\/fr\/actualite\/culture\/jack-lang-prolonge-l-exposition-ce-que-la-palestine-apporte-au-monde\/210158\/","title":{"rendered":"Jack Lang prolonge l\u2019exposition \u00abCe que la Palestine apporte au monde\u00bb !"},"content":{"rendered":"<p>Prenant fin le 19 novembre, l\u2019exposition \u00abCe que la Palestine apporte au monde\u00bb, se tenant actuellement \u00e0 l\u2019Institut du monde arabe de Paris, sera prolong\u00e9e jusqu\u2019\u00e0 la fin de l\u2019ann\u00e9e.<\/p>\n<p>\t\t\t\t\t\t\t\t\tC\u2019est ce qu\u2019a d\u00e9cid\u00e9 la direction de l\u2019IMA au regard du grand succ\u00e8s que conna\u00eet l\u2019exposition aupr\u00e8s du public.<\/p>\n<p>L\u2019exposition, qui a ouvert ses portes le 31 mai dernier \u00e0 l\u2019Institut du monde arabe, \u00e0 Paris, et qui devait se tenir jusqu\u2019\u00e0 ce mois de novembre, sera finalement prolong\u00e9e jusqu\u2019\u00e0 la fin de l\u2019ann\u00e9e.<\/p>\n<p>\u00a0\u00abVous aimez ? On prolonge !\u00bb, a annonc\u00e9 avec enthousiasme Jack Lang, pr\u00e9sident de l\u2019Institut du monde arabe de Paris (IMA) sur ses r\u00e9seaux sociaux, le 13 novembre.<\/p>\n<p>L\u2019exposition \u00abCe que la Palestine apporte au monde\u00bb, a en effet remport\u00e9 un \u00e9norme succ\u00e8s, tant m\u00e9diatique que populaire, depuis son inauguration avec, pr\u00e9cise Jack Lang, un engouement particulier du jeune public.<\/p>\n<p>Par pur hasard, l\u2019exposition a co\u00efncid\u00e9 avec les \u00e9v\u00e9nements douloureux que conna\u00eet Gaza depuis le 7 octobre dernier et le g\u00e9nocide perp\u00e9tr\u00e9 par Tshal envers la population gazaouie.<\/p>\n<p>Depuis 2016, l\u2019IMA abrite en ses murs la collection du futur Mus\u00e9e national d\u2019art moderne et contemporain de la Palestine, une \u00ab collection solidaire \u00bb de quelque 400 \u0153uvres constitu\u00e9e de dons d\u2019artistes, r\u00e9unie \u00e0 l\u2019initiative d\u2019Elias Sanbar, \u00e9crivain et ancien ambassadeur de la Palestine aupr\u00e8s de l\u2019Unesco, et coordonn\u00e9e par l\u2019artiste Ernest Pignon Ernest.<\/p>\n<p>En 2023, l\u2019Institut a choisi de donner \u00e0 voir l\u2019effervescence culturelle que la Palestine ne cesse de r\u00e9v\u00e9ler et d\u2019entretenir : un cycle de trois expositions met en avant les artistes modernes et contemporains palestiniens, dans un dialogue avec leurs homologues du monde arabe et la sc\u00e8ne internationale.<\/p>\n","protected":false},"excerpt":{"rendered":"<p>C\u2019est ce qu\u2019a d\u00e9cid\u00e9 la direction de l\u2019IMA au regard du grand succ\u00e8s que conna\u00eet l\u2019exposition aupr\u00e8s du public.<\/p>\n","protected":false},"author":3203,"featured_media":248780,"comment_status":"open","ping_status":"closed","sticky":false,"template":"","format":"standard","meta":{"footnotes":""},"categories":[2594],"tags":[2641,2998,2688],"class_list":["post-210158","post","type-post","status-publish","format-standard","has-post-thumbnail","hentry","category-culture","tag-exposition","tag-france","tag-palestine"],"yoast_head":"<!-- This site is optimized with the Yoast SEO Premium plugin v27.4 (Yoast SEO v27.4) - https:\/\/yoast.com\/product\/yoast-seo-premium-wordpress\/ -->\n<title>Jack Lang prolonge l\u2019exposition \u00abCe que la Palestine apporte au monde\u00bb !<\/title>\n<meta name=\"description\" content=\"C\u2019est ce qu\u2019a d\u00e9cid\u00e9 la direction de l\u2019IMA au regard du grand succ\u00e8s que conna\u00eet l\u2019exposition aupr\u00e8s du public.\" \/>\n<link rel=\"canonical\" href=\"https:\/\/www.webdo.tn\/fr\/actualite\/culture\/jack-lang-prolonge-l-exposition-ce-que-la-palestine-apporte-au-monde\/210158\/\" \/>\n<meta property=\"og:locale\" content=\"fr_FR\" \/>\n<meta property=\"og:type\" content=\"article\" \/>\n<meta property=\"og:title\" content=\"Jack Lang prolonge l\u2019exposition \u00abCe que la Palestine apporte au monde\u00bb !\" \/>\n<meta property=\"og:description\" content=\"C\u2019est ce qu\u2019a d\u00e9cid\u00e9 la direction de l\u2019IMA au regard du grand succ\u00e8s que conna\u00eet l\u2019exposition aupr\u00e8s du public.\" \/>\n<meta property=\"og:url\" content=\"https:\/\/www.webdo.tn\/fr\/actualite\/culture\/jack-lang-prolonge-l-exposition-ce-que-la-palestine-apporte-au-monde\/210158\/\" \/>\n<meta property=\"og:site_name\" content=\"webdo\" \/>\n<meta property=\"article:publisher\" content=\"https:\/\/www.facebook.com\/webdotn\" \/>\n<meta property=\"article:published_time\" content=\"2023-11-16T11:57:00+00:00\" \/>\n<meta property=\"og:image\" content=\"https:\/\/www.webdo.tn\/fr\/wp-content\/uploads\/2023\/11\/6d6b13ea37ff776d0757cde797054154.jpg\" \/>\n\t<meta property=\"og:image:width\" content=\"750\" \/>\n\t<meta property=\"og:image:height\" content=\"400\" \/>\n\t<meta property=\"og:image:type\" content=\"image\/jpeg\" \/>\n<meta name=\"author\" content=\"Ramzi Haddad\" \/>\n<meta name=\"twitter:card\" content=\"summary_large_image\" \/>\n<meta name=\"twitter:creator\" content=\"@webdo_tn\" \/>\n<meta name=\"twitter:site\" content=\"@webdo_tn\" \/>\n<meta name=\"twitter:label1\" content=\"\u00c9crit par\" \/>\n\t<meta name=\"twitter:data1\" content=\"Ramzi Haddad\" \/>\n\t<meta name=\"twitter:label2\" content=\"Dur\u00e9e de lecture estim\u00e9e\" \/>\n\t<meta name=\"twitter:data2\" content=\"2 minutes\" \/>\n<script type=\"application\/ld+json\" class=\"yoast-schema-graph\">{\"@context\":\"https:\\\/\\\/schema.org\",\"@graph\":[{\"@type\":\"NewsArticle\",\"@id\":\"https:\\\/\\\/www.webdo.tn\\\/fr\\\/actualite\\\/culture\\\/jack-lang-prolonge-l-exposition-ce-que-la-palestine-apporte-au-monde\\\/210158\\\/#article\",\"isPartOf\":{\"@id\":\"https:\\\/\\\/www.webdo.tn\\\/fr\\\/actualite\\\/culture\\\/jack-lang-prolonge-l-exposition-ce-que-la-palestine-apporte-au-monde\\\/210158\\\/\"},\"author\":{\"name\":\"Ramzi Haddad\",\"@id\":\"https:\\\/\\\/www.webdo.tn\\\/fr\\\/#\\\/schema\\\/person\\\/5663044c25eb36d8f88ba5b653f12f8c\"},\"headline\":\"Jack Lang prolonge l\u2019exposition \u00abCe que la Palestine apporte au monde\u00bb !\",\"datePublished\":\"2023-11-16T11:57:00+00:00\",\"mainEntityOfPage\":{\"@id\":\"https:\\\/\\\/www.webdo.tn\\\/fr\\\/actualite\\\/culture\\\/jack-lang-prolonge-l-exposition-ce-que-la-palestine-apporte-au-monde\\\/210158\\\/\"},\"wordCount\":319,\"commentCount\":0,\"publisher\":{\"@id\":\"https:\\\/\\\/www.webdo.tn\\\/fr\\\/#organization\"},\"image\":{\"@id\":\"https:\\\/\\\/www.webdo.tn\\\/fr\\\/actualite\\\/culture\\\/jack-lang-prolonge-l-exposition-ce-que-la-palestine-apporte-au-monde\\\/210158\\\/#primaryimage\"},\"thumbnailUrl\":\"https:\\\/\\\/www.webdo.tn\\\/fr\\\/wp-content\\\/uploads\\\/2023\\\/11\\\/6d6b13ea37ff776d0757cde797054154.jpg\",\"keywords\":[\"exposition\",\"france\",\"Palestine\"],\"articleSection\":[\"Culture\"],\"inLanguage\":\"fr-FR\"},{\"@type\":\"WebPage\",\"@id\":\"https:\\\/\\\/www.webdo.tn\\\/fr\\\/actualite\\\/culture\\\/jack-lang-prolonge-l-exposition-ce-que-la-palestine-apporte-au-monde\\\/210158\\\/\",\"url\":\"https:\\\/\\\/www.webdo.tn\\\/fr\\\/actualite\\\/culture\\\/jack-lang-prolonge-l-exposition-ce-que-la-palestine-apporte-au-monde\\\/210158\\\/\",\"name\":\"Jack Lang prolonge l\u2019exposition \u00abCe que la Palestine apporte au monde\u00bb !\",\"isPartOf\":{\"@id\":\"https:\\\/\\\/www.webdo.tn\\\/fr\\\/#website\"},\"primaryImageOfPage\":{\"@id\":\"https:\\\/\\\/www.webdo.tn\\\/fr\\\/actualite\\\/culture\\\/jack-lang-prolonge-l-exposition-ce-que-la-palestine-apporte-au-monde\\\/210158\\\/#primaryimage\"},\"image\":{\"@id\":\"https:\\\/\\\/www.webdo.tn\\\/fr\\\/actualite\\\/culture\\\/jack-lang-prolonge-l-exposition-ce-que-la-palestine-apporte-au-monde\\\/210158\\\/#primaryimage\"},\"thumbnailUrl\":\"https:\\\/\\\/www.webdo.tn\\\/fr\\\/wp-content\\\/uploads\\\/2023\\\/11\\\/6d6b13ea37ff776d0757cde797054154.jpg\",\"datePublished\":\"2023-11-16T11:57:00+00:00\",\"description\":\"C\u2019est ce qu\u2019a d\u00e9cid\u00e9 la direction de l\u2019IMA au regard du grand succ\u00e8s que conna\u00eet l\u2019exposition aupr\u00e8s du public.\",\"breadcrumb\":{\"@id\":\"https:\\\/\\\/www.webdo.tn\\\/fr\\\/actualite\\\/culture\\\/jack-lang-prolonge-l-exposition-ce-que-la-palestine-apporte-au-monde\\\/210158\\\/#breadcrumb\"},\"inLanguage\":\"fr-FR\",\"potentialAction\":[{\"@type\":\"ReadAction\",\"target\":[\"https:\\\/\\\/www.webdo.tn\\\/fr\\\/actualite\\\/culture\\\/jack-lang-prolonge-l-exposition-ce-que-la-palestine-apporte-au-monde\\\/210158\\\/\"]}]},{\"@type\":\"ImageObject\",\"inLanguage\":\"fr-FR\",\"@id\":\"https:\\\/\\\/www.webdo.tn\\\/fr\\\/actualite\\\/culture\\\/jack-lang-prolonge-l-exposition-ce-que-la-palestine-apporte-au-monde\\\/210158\\\/#primaryimage\",\"url\":\"https:\\\/\\\/www.webdo.tn\\\/fr\\\/wp-content\\\/uploads\\\/2023\\\/11\\\/6d6b13ea37ff776d0757cde797054154.jpg\",\"contentUrl\":\"https:\\\/\\\/www.webdo.tn\\\/fr\\\/wp-content\\\/uploads\\\/2023\\\/11\\\/6d6b13ea37ff776d0757cde797054154.jpg\",\"width\":750,\"height\":400,\"caption\":\"Jack Lang prolonge l\u2019exposition \u00abCe que la Palestine apporte au monde\u00bb !\"},{\"@type\":\"BreadcrumbList\",\"@id\":\"https:\\\/\\\/www.webdo.tn\\\/fr\\\/actualite\\\/culture\\\/jack-lang-prolonge-l-exposition-ce-que-la-palestine-apporte-au-monde\\\/210158\\\/#breadcrumb\",\"itemListElement\":[{\"@type\":\"ListItem\",\"position\":1,\"name\":\"Accueil\",\"item\":\"https:\\\/\\\/www.webdo.tn\\\/fr\\\/\"},{\"@type\":\"ListItem\",\"position\":2,\"name\":\"Jack Lang prolonge l\u2019exposition \u00abCe que la Palestine apporte au monde\u00bb !\"}]},{\"@type\":\"WebSite\",\"@id\":\"https:\\\/\\\/www.webdo.tn\\\/fr\\\/#website\",\"url\":\"https:\\\/\\\/www.webdo.tn\\\/fr\\\/\",\"name\":\"webdo\",\"description\":\"Tunisie - News en Tunisie et \u00e0 l&#039;international sur Webdo.tn\",\"publisher\":{\"@id\":\"https:\\\/\\\/www.webdo.tn\\\/fr\\\/#organization\"},\"potentialAction\":[{\"@type\":\"SearchAction\",\"target\":{\"@type\":\"EntryPoint\",\"urlTemplate\":\"https:\\\/\\\/www.webdo.tn\\\/fr\\\/?s={search_term_string}\"},\"query-input\":{\"@type\":\"PropertyValueSpecification\",\"valueRequired\":true,\"valueName\":\"search_term_string\"}}],\"inLanguage\":\"fr-FR\"},{\"@type\":\"Organization\",\"@id\":\"https:\\\/\\\/www.webdo.tn\\\/fr\\\/#organization\",\"name\":\"Webdo\",\"alternateName\":\"Webdo.tn\",\"url\":\"https:\\\/\\\/www.webdo.tn\\\/fr\\\/\",\"logo\":{\"@type\":\"ImageObject\",\"inLanguage\":\"fr-FR\",\"@id\":\"https:\\\/\\\/www.webdo.tn\\\/fr\\\/#\\\/schema\\\/logo\\\/image\\\/\",\"url\":\"https:\\\/\\\/www.webdo.tn\\\/fr\\\/wp-content\\\/uploads\\\/2025\\\/06\\\/Webdo-Tunisie_168377.jpg\",\"contentUrl\":\"https:\\\/\\\/www.webdo.tn\\\/fr\\\/wp-content\\\/uploads\\\/2025\\\/06\\\/Webdo-Tunisie_168377.jpg\",\"width\":301,\"height\":301,\"caption\":\"Webdo\"},\"image\":{\"@id\":\"https:\\\/\\\/www.webdo.tn\\\/fr\\\/#\\\/schema\\\/logo\\\/image\\\/\"},\"sameAs\":[\"https:\\\/\\\/www.facebook.com\\\/webdotn\",\"https:\\\/\\\/x.com\\\/webdo_tn\"],\"description\":\"Webdo est un m\u00e9dia num\u00e9rique tunisien fond\u00e9 en 2010, sp\u00e9cialis\u00e9 dans l\u2019actualit\u00e9 nationale et internationale, l\u2019\u00e9conomie, la soci\u00e9t\u00e9 et les analyses politiques. Le site s\u2019adresse \u00e0 un large public francophone et couvre l\u2019information tunisienne en temps r\u00e9el.\",\"email\":\"redac@webdo.tn\",\"legalName\":\"YNJ SARL\",\"foundingDate\":\"2010-09-06\",\"numberOfEmployees\":{\"@type\":\"QuantitativeValue\",\"minValue\":\"11\",\"maxValue\":\"50\"}},{\"@type\":\"Person\",\"@id\":\"https:\\\/\\\/www.webdo.tn\\\/fr\\\/#\\\/schema\\\/person\\\/5663044c25eb36d8f88ba5b653f12f8c\",\"name\":\"Ramzi Haddad\",\"image\":{\"@type\":\"ImageObject\",\"inLanguage\":\"fr-FR\",\"@id\":\"https:\\\/\\\/www.webdo.tn\\\/fr\\\/wp-content\\\/uploads\\\/2026\\\/04\\\/ramzi-haddad_avatar-96x96.jpg\",\"url\":\"https:\\\/\\\/www.webdo.tn\\\/fr\\\/wp-content\\\/uploads\\\/2026\\\/04\\\/ramzi-haddad_avatar-96x96.jpg\",\"contentUrl\":\"https:\\\/\\\/www.webdo.tn\\\/fr\\\/wp-content\\\/uploads\\\/2026\\\/04\\\/ramzi-haddad_avatar-96x96.jpg\",\"caption\":\"Ramzi Haddad\"},\"description\":\"Signature \u00e9ditoriale de Walid Ben Youssef Ramzi Haddad est le pseudonyme \u00e9ditorial de Walid Ben Youssef, fondateur et g\u00e9rant de Webdo.tn. Cette signature est d\u00e9di\u00e9e \u00e0 la couverture de l'actualit\u00e9 nationale et internationale, ainsi qu'aux analyses des dynamiques num\u00e9riques. Ce profil b\u00e9n\u00e9ficie de l'expertise de Walid Ben Youssef, pionnier du web en Tunisie depuis 2000 et dipl\u00f4m\u00e9 en Math\u00e9matiques pures de l'Universit\u00e9 d'Oregon. \u00c0 travers cette signature, la r\u00e9daction de Webdo garantit une information structur\u00e9e et v\u00e9rifi\u00e9e, fid\u00e8le aux standards journalistiques du m\u00e9dia.\",\"url\":\"https:\\\/\\\/www.webdo.tn\\\/fr\\\/actualite\\\/author\\\/ramzi-haddad\\\/\"}]}<\/script>\n<!-- \/ Yoast SEO Premium plugin. -->","yoast_head_json":{"title":"Jack Lang prolonge l\u2019exposition \u00abCe que la Palestine apporte au monde\u00bb !","description":"C\u2019est ce qu\u2019a d\u00e9cid\u00e9 la direction de l\u2019IMA au regard du grand succ\u00e8s que conna\u00eet l\u2019exposition aupr\u00e8s du public.","canonical":"https:\/\/www.webdo.tn\/fr\/actualite\/culture\/jack-lang-prolonge-l-exposition-ce-que-la-palestine-apporte-au-monde\/210158\/","og_locale":"fr_FR","og_type":"article","og_title":"Jack Lang prolonge l\u2019exposition \u00abCe que la Palestine apporte au monde\u00bb !","og_description":"C\u2019est ce qu\u2019a d\u00e9cid\u00e9 la direction de l\u2019IMA au regard du grand succ\u00e8s que conna\u00eet l\u2019exposition aupr\u00e8s du public.","og_url":"https:\/\/www.webdo.tn\/fr\/actualite\/culture\/jack-lang-prolonge-l-exposition-ce-que-la-palestine-apporte-au-monde\/210158\/","og_site_name":"webdo","article_publisher":"https:\/\/www.facebook.com\/webdotn","article_published_time":"2023-11-16T11:57:00+00:00","og_image":[{"width":750,"height":400,"url":"https:\/\/www.webdo.tn\/fr\/wp-content\/uploads\/2023\/11\/6d6b13ea37ff776d0757cde797054154.jpg","type":"image\/jpeg"}],"author":"Ramzi Haddad","twitter_card":"summary_large_image","twitter_creator":"@webdo_tn","twitter_site":"@webdo_tn","twitter_misc":{"\u00c9crit par":"Ramzi Haddad","Dur\u00e9e de lecture estim\u00e9e":"2 minutes"},"schema":{"@context":"https:\/\/schema.org","@graph":[{"@type":"NewsArticle","@id":"https:\/\/www.webdo.tn\/fr\/actualite\/culture\/jack-lang-prolonge-l-exposition-ce-que-la-palestine-apporte-au-monde\/210158\/#article","isPartOf":{"@id":"https:\/\/www.webdo.tn\/fr\/actualite\/culture\/jack-lang-prolonge-l-exposition-ce-que-la-palestine-apporte-au-monde\/210158\/"},"author":{"name":"Ramzi Haddad","@id":"https:\/\/www.webdo.tn\/fr\/#\/schema\/person\/5663044c25eb36d8f88ba5b653f12f8c"},"headline":"Jack Lang prolonge l\u2019exposition \u00abCe que la Palestine apporte au monde\u00bb !","datePublished":"2023-11-16T11:57:00+00:00","mainEntityOfPage":{"@id":"https:\/\/www.webdo.tn\/fr\/actualite\/culture\/jack-lang-prolonge-l-exposition-ce-que-la-palestine-apporte-au-monde\/210158\/"},"wordCount":319,"commentCount":0,"publisher":{"@id":"https:\/\/www.webdo.tn\/fr\/#organization"},"image":{"@id":"https:\/\/www.webdo.tn\/fr\/actualite\/culture\/jack-lang-prolonge-l-exposition-ce-que-la-palestine-apporte-au-monde\/210158\/#primaryimage"},"thumbnailUrl":"https:\/\/www.webdo.tn\/fr\/wp-content\/uploads\/2023\/11\/6d6b13ea37ff776d0757cde797054154.jpg","keywords":["exposition","france","Palestine"],"articleSection":["Culture"],"inLanguage":"fr-FR"},{"@type":"WebPage","@id":"https:\/\/www.webdo.tn\/fr\/actualite\/culture\/jack-lang-prolonge-l-exposition-ce-que-la-palestine-apporte-au-monde\/210158\/","url":"https:\/\/www.webdo.tn\/fr\/actualite\/culture\/jack-lang-prolonge-l-exposition-ce-que-la-palestine-apporte-au-monde\/210158\/","name":"Jack Lang prolonge l\u2019exposition \u00abCe que la Palestine apporte au monde\u00bb !","isPartOf":{"@id":"https:\/\/www.webdo.tn\/fr\/#website"},"primaryImageOfPage":{"@id":"https:\/\/www.webdo.tn\/fr\/actualite\/culture\/jack-lang-prolonge-l-exposition-ce-que-la-palestine-apporte-au-monde\/210158\/#primaryimage"},"image":{"@id":"https:\/\/www.webdo.tn\/fr\/actualite\/culture\/jack-lang-prolonge-l-exposition-ce-que-la-palestine-apporte-au-monde\/210158\/#primaryimage"},"thumbnailUrl":"https:\/\/www.webdo.tn\/fr\/wp-content\/uploads\/2023\/11\/6d6b13ea37ff776d0757cde797054154.jpg","datePublished":"2023-11-16T11:57:00+00:00","description":"C\u2019est ce qu\u2019a d\u00e9cid\u00e9 la direction de l\u2019IMA au regard du grand succ\u00e8s que conna\u00eet l\u2019exposition aupr\u00e8s du public.","breadcrumb":{"@id":"https:\/\/www.webdo.tn\/fr\/actualite\/culture\/jack-lang-prolonge-l-exposition-ce-que-la-palestine-apporte-au-monde\/210158\/#breadcrumb"},"inLanguage":"fr-FR","potentialAction":[{"@type":"ReadAction","target":["https:\/\/www.webdo.tn\/fr\/actualite\/culture\/jack-lang-prolonge-l-exposition-ce-que-la-palestine-apporte-au-monde\/210158\/"]}]},{"@type":"ImageObject","inLanguage":"fr-FR","@id":"https:\/\/www.webdo.tn\/fr\/actualite\/culture\/jack-lang-prolonge-l-exposition-ce-que-la-palestine-apporte-au-monde\/210158\/#primaryimage","url":"https:\/\/www.webdo.tn\/fr\/wp-content\/uploads\/2023\/11\/6d6b13ea37ff776d0757cde797054154.jpg","contentUrl":"https:\/\/www.webdo.tn\/fr\/wp-content\/uploads\/2023\/11\/6d6b13ea37ff776d0757cde797054154.jpg","width":750,"height":400,"caption":"Jack Lang prolonge l\u2019exposition \u00abCe que la Palestine apporte au monde\u00bb !"},{"@type":"BreadcrumbList","@id":"https:\/\/www.webdo.tn\/fr\/actualite\/culture\/jack-lang-prolonge-l-exposition-ce-que-la-palestine-apporte-au-monde\/210158\/#breadcrumb","itemListElement":[{"@type":"ListItem","position":1,"name":"Accueil","item":"https:\/\/www.webdo.tn\/fr\/"},{"@type":"ListItem","position":2,"name":"Jack Lang prolonge l\u2019exposition \u00abCe que la Palestine apporte au monde\u00bb !"}]},{"@type":"WebSite","@id":"https:\/\/www.webdo.tn\/fr\/#website","url":"https:\/\/www.webdo.tn\/fr\/","name":"webdo","description":"Tunisie - News en Tunisie et \u00e0 l&#039;international sur Webdo.tn","publisher":{"@id":"https:\/\/www.webdo.tn\/fr\/#organization"},"potentialAction":[{"@type":"SearchAction","target":{"@type":"EntryPoint","urlTemplate":"https:\/\/www.webdo.tn\/fr\/?s={search_term_string}"},"query-input":{"@type":"PropertyValueSpecification","valueRequired":true,"valueName":"search_term_string"}}],"inLanguage":"fr-FR"},{"@type":"Organization","@id":"https:\/\/www.webdo.tn\/fr\/#organization","name":"Webdo","alternateName":"Webdo.tn","url":"https:\/\/www.webdo.tn\/fr\/","logo":{"@type":"ImageObject","inLanguage":"fr-FR","@id":"https:\/\/www.webdo.tn\/fr\/#\/schema\/logo\/image\/","url":"https:\/\/www.webdo.tn\/fr\/wp-content\/uploads\/2025\/06\/Webdo-Tunisie_168377.jpg","contentUrl":"https:\/\/www.webdo.tn\/fr\/wp-content\/uploads\/2025\/06\/Webdo-Tunisie_168377.jpg","width":301,"height":301,"caption":"Webdo"},"image":{"@id":"https:\/\/www.webdo.tn\/fr\/#\/schema\/logo\/image\/"},"sameAs":["https:\/\/www.facebook.com\/webdotn","https:\/\/x.com\/webdo_tn"],"description":"Webdo est un m\u00e9dia num\u00e9rique tunisien fond\u00e9 en 2010, sp\u00e9cialis\u00e9 dans l\u2019actualit\u00e9 nationale et internationale, l\u2019\u00e9conomie, la soci\u00e9t\u00e9 et les analyses politiques. Le site s\u2019adresse \u00e0 un large public francophone et couvre l\u2019information tunisienne en temps r\u00e9el.","email":"redac@webdo.tn","legalName":"YNJ SARL","foundingDate":"2010-09-06","numberOfEmployees":{"@type":"QuantitativeValue","minValue":"11","maxValue":"50"}},{"@type":"Person","@id":"https:\/\/www.webdo.tn\/fr\/#\/schema\/person\/5663044c25eb36d8f88ba5b653f12f8c","name":"Ramzi Haddad","image":{"@type":"ImageObject","inLanguage":"fr-FR","@id":"https:\/\/www.webdo.tn\/fr\/wp-content\/uploads\/2026\/04\/ramzi-haddad_avatar-96x96.jpg","url":"https:\/\/www.webdo.tn\/fr\/wp-content\/uploads\/2026\/04\/ramzi-haddad_avatar-96x96.jpg","contentUrl":"https:\/\/www.webdo.tn\/fr\/wp-content\/uploads\/2026\/04\/ramzi-haddad_avatar-96x96.jpg","caption":"Ramzi Haddad"},"description":"Signature \u00e9ditoriale de Walid Ben Youssef Ramzi Haddad est le pseudonyme \u00e9ditorial de Walid Ben Youssef, fondateur et g\u00e9rant de Webdo.tn. Cette signature est d\u00e9di\u00e9e \u00e0 la couverture de l'actualit\u00e9 nationale et internationale, ainsi qu'aux analyses des dynamiques num\u00e9riques. Ce profil b\u00e9n\u00e9ficie de l'expertise de Walid Ben Youssef, pionnier du web en Tunisie depuis 2000 et dipl\u00f4m\u00e9 en Math\u00e9matiques pures de l'Universit\u00e9 d'Oregon. \u00c0 travers cette signature, la r\u00e9daction de Webdo garantit une information structur\u00e9e et v\u00e9rifi\u00e9e, fid\u00e8le aux standards journalistiques du m\u00e9dia.","url":"https:\/\/www.webdo.tn\/fr\/actualite\/author\/ramzi-haddad\/"}]}},"_links":{"self":[{"href":"https:\/\/www.webdo.tn\/fr\/wp-json\/wp\/v2\/posts\/210158","targetHints":{"allow":["GET"]}}],"collection":[{"href":"https:\/\/www.webdo.tn\/fr\/wp-json\/wp\/v2\/posts"}],"about":[{"href":"https:\/\/www.webdo.tn\/fr\/wp-json\/wp\/v2\/types\/post"}],"author":[{"embeddable":true,"href":"https:\/\/www.webdo.tn\/fr\/wp-json\/wp\/v2\/users\/3203"}],"replies":[{"embeddable":true,"href":"https:\/\/www.webdo.tn\/fr\/wp-json\/wp\/v2\/comments?post=210158"}],"version-history":[{"count":0,"href":"https:\/\/www.webdo.tn\/fr\/wp-json\/wp\/v2\/posts\/210158\/revisions"}],"wp:featuredmedia":[{"embeddable":true,"href":"https:\/\/www.webdo.tn\/fr\/wp-json\/wp\/v2\/media\/248780"}],"wp:attachment":[{"href":"https:\/\/www.webdo.tn\/fr\/wp-json\/wp\/v2\/media?parent=210158"}],"wp:term":[{"taxonomy":"category","embeddable":true,"href":"https:\/\/www.webdo.tn\/fr\/wp-json\/wp\/v2\/categories?post=210158"},{"taxonomy":"post_tag","embeddable":true,"href":"https:\/\/www.webdo.tn\/fr\/wp-json\/wp\/v2\/tags?post=210158"}],"curies":[{"name":"wp","href":"https:\/\/api.w.org\/{rel}","templated":true}]}}