{"id":210138,"date":"2023-11-15T20:55:00","date_gmt":"2023-11-15T20:55:00","guid":{"rendered":"https:\/\/www.webdo.tn\/fr\/blog\/inauguration-officielle-d-un-centre-tls-contact-a-sfax\/210138\/"},"modified":"2025-05-20T21:55:39","modified_gmt":"2025-05-20T21:55:39","slug":"inauguration-officielle-d-un-centre-tls-contact-a-sfax","status":"publish","type":"post","link":"https:\/\/www.webdo.tn\/fr\/actualite\/regions\/inauguration-officielle-d-un-centre-tls-contact-a-sfax\/210138\/","title":{"rendered":"Inauguration officielle d&rsquo;un centre TLS Contact \u00e0 Sfax"},"content":{"rendered":"<p>Annonc\u00e9e en septembre dernier, l\u2019ouverture d\u2019un nouveau centre de visas TLS Contact \u00e0 Sfax a eu lieu aujourd\u2019hui.<\/p>\n<p>\t\t\t\t\t\t\t\t\tCe nouveau centre de visas a \u00e9t\u00e9 officiellement inaugur\u00e9, ce mercredi 15 novembre 2023, en pr\u00e9sence de l&rsquo;ambassadrice de France en Tunisie, Anne Gu\u00e9guen, du Consul g\u00e9n\u00e9ral de France en Tunisie, Dominique Mas, et de Bassem Missaoui, directeur g\u00e9n\u00e9ral de TLS Contact pour l&rsquo;Afrique du nord.<\/p>\n<p>Selon l&rsquo;ambassadrice de France en Tunisie, Anne Gu\u00e9guen, le nouveau centre devrait recevoir entre 25 et 30% des demandeurs de visas et permettra de r\u00e9duire la contrainte de d\u00e9placement.<\/p>\n<p>La diplomate a indiqu\u00e9 que l&rsquo;inauguration du TLS Contact \u00e0 Sfax co\u00efncide avec la r\u00e9duction de 15% des frais de demande de visas pour tous les Tunisiens.<\/p>\n<p>\u00ab\u00a0Ce centre devrait se concentrer sur les demandes de visas de travail et d&rsquo;investissement vu l&rsquo;importance des activit\u00e9s \u00e9conomiques et du tourisme d&rsquo;affaires dans la r\u00e9gion de Sfax\u00a0\u00bb, a-t-elle ajout\u00e9.<\/p>\n<p>Ce nouveau centre sera r\u00e9serv\u00e9 aux habitants de Sfax, Mahdia, Sidi Bouzid, Gab\u00e8s, Gafsa, Tozeur, K\u00e9bili, M\u00e9denine et Tataouine, a soulign\u00e9 Bassem Missaoui et pourra recevoir entre 100 et 120 citoyens par jour, dont en particulier des demandeurs de visas de travail et d&rsquo;investissement.<\/p>\n<p>En septembre dernier, le Consul g\u00e9n\u00e9ral de France en Tunisie, Dominique Mas avait \u00e9galement indiqu\u00e9 qu\u2019un nouveau centre TLS contact pourrait probablement ouvrir ses portes \u00e0 Tunis \u00e0 la mi-novembre.<\/p>\n","protected":false},"excerpt":{"rendered":"<p>Ce nouveau centre de visas a \u00e9t\u00e9 officiellement inaugur\u00e9, ce mercredi 15 novembre 2023.<\/p>\n","protected":false},"author":3162,"featured_media":248771,"comment_status":"open","ping_status":"closed","sticky":false,"template":"","format":"standard","meta":{"footnotes":""},"categories":[2595],"tags":[2998,2675,4525,3109],"class_list":["post-210138","post","type-post","status-publish","format-standard","has-post-thumbnail","hentry","category-regions","tag-france","tag-sfax","tag-tls-contact","tag-visa"],"yoast_head":"<!-- This site is optimized with the Yoast SEO Premium plugin v27.5 (Yoast SEO v27.5) - https:\/\/yoast.com\/product\/yoast-seo-premium-wordpress\/ -->\n<title>Inauguration officielle d&#039;un centre TLS Contact \u00e0 Sfax<\/title>\n<meta name=\"description\" content=\"Ce nouveau centre de visas a \u00e9t\u00e9 officiellement inaugur\u00e9, ce mercredi 15 novembre 2023.\" \/>\n<link rel=\"canonical\" href=\"https:\/\/www.webdo.tn\/fr\/actualite\/regions\/inauguration-officielle-d-un-centre-tls-contact-a-sfax\/210138\/\" \/>\n<meta property=\"og:locale\" content=\"fr_FR\" \/>\n<meta property=\"og:type\" content=\"article\" \/>\n<meta property=\"og:title\" content=\"Inauguration officielle d&#039;un centre TLS Contact \u00e0 Sfax\" \/>\n<meta property=\"og:description\" content=\"Ce nouveau centre de visas a \u00e9t\u00e9 officiellement inaugur\u00e9, ce mercredi 15 novembre 2023.\" \/>\n<meta property=\"og:url\" content=\"https:\/\/www.webdo.tn\/fr\/actualite\/regions\/inauguration-officielle-d-un-centre-tls-contact-a-sfax\/210138\/\" \/>\n<meta property=\"og:site_name\" content=\"webdo\" \/>\n<meta property=\"article:publisher\" content=\"https:\/\/www.facebook.com\/webdotn\" \/>\n<meta property=\"article:published_time\" content=\"2023-11-15T20:55:00+00:00\" \/>\n<meta property=\"article:modified_time\" content=\"2025-05-20T21:55:39+00:00\" \/>\n<meta property=\"og:image\" content=\"https:\/\/www.webdo.tn\/fr\/wp-content\/uploads\/2023\/11\/29aba149d695880fa54dcf501a0ac062.jpeg\" \/>\n\t<meta property=\"og:image:width\" content=\"650\" \/>\n\t<meta property=\"og:image:height\" content=\"347\" \/>\n\t<meta property=\"og:image:type\" content=\"image\/jpeg\" \/>\n<meta name=\"author\" content=\"MC\" \/>\n<meta name=\"twitter:card\" content=\"summary_large_image\" \/>\n<meta name=\"twitter:creator\" content=\"@webdo_tn\" \/>\n<meta name=\"twitter:site\" content=\"@webdo_tn\" \/>\n<meta name=\"twitter:label1\" content=\"\u00c9crit par\" \/>\n\t<meta name=\"twitter:data1\" content=\"MC\" \/>\n\t<meta name=\"twitter:label2\" content=\"Dur\u00e9e de lecture estim\u00e9e\" \/>\n\t<meta name=\"twitter:data2\" content=\"1 minute\" \/>\n<script type=\"application\/ld+json\" class=\"yoast-schema-graph\">{\"@context\":\"https:\\\/\\\/schema.org\",\"@graph\":[{\"@type\":\"NewsArticle\",\"@id\":\"https:\\\/\\\/www.webdo.tn\\\/fr\\\/actualite\\\/regions\\\/inauguration-officielle-d-un-centre-tls-contact-a-sfax\\\/210138\\\/#article\",\"isPartOf\":{\"@id\":\"https:\\\/\\\/www.webdo.tn\\\/fr\\\/actualite\\\/regions\\\/inauguration-officielle-d-un-centre-tls-contact-a-sfax\\\/210138\\\/\"},\"author\":{\"name\":\"MC\",\"@id\":\"https:\\\/\\\/www.webdo.tn\\\/fr\\\/#\\\/schema\\\/person\\\/2c4929cbf5a809e3bd38617c6ce150f6\"},\"headline\":\"Inauguration officielle d&rsquo;un centre TLS Contact \u00e0 Sfax\",\"datePublished\":\"2023-11-15T20:55:00+00:00\",\"dateModified\":\"2025-05-20T21:55:39+00:00\",\"mainEntityOfPage\":{\"@id\":\"https:\\\/\\\/www.webdo.tn\\\/fr\\\/actualite\\\/regions\\\/inauguration-officielle-d-un-centre-tls-contact-a-sfax\\\/210138\\\/\"},\"wordCount\":253,\"commentCount\":0,\"publisher\":{\"@id\":\"https:\\\/\\\/www.webdo.tn\\\/fr\\\/#organization\"},\"image\":{\"@id\":\"https:\\\/\\\/www.webdo.tn\\\/fr\\\/actualite\\\/regions\\\/inauguration-officielle-d-un-centre-tls-contact-a-sfax\\\/210138\\\/#primaryimage\"},\"thumbnailUrl\":\"https:\\\/\\\/www.webdo.tn\\\/fr\\\/wp-content\\\/uploads\\\/2023\\\/11\\\/29aba149d695880fa54dcf501a0ac062.jpeg\",\"keywords\":[\"france\",\"Sfax\",\"TLS Contact\",\"visa\"],\"articleSection\":[\"regions\"],\"inLanguage\":\"fr-FR\"},{\"@type\":\"WebPage\",\"@id\":\"https:\\\/\\\/www.webdo.tn\\\/fr\\\/actualite\\\/regions\\\/inauguration-officielle-d-un-centre-tls-contact-a-sfax\\\/210138\\\/\",\"url\":\"https:\\\/\\\/www.webdo.tn\\\/fr\\\/actualite\\\/regions\\\/inauguration-officielle-d-un-centre-tls-contact-a-sfax\\\/210138\\\/\",\"name\":\"Inauguration officielle d'un centre TLS Contact \u00e0 Sfax\",\"isPartOf\":{\"@id\":\"https:\\\/\\\/www.webdo.tn\\\/fr\\\/#website\"},\"primaryImageOfPage\":{\"@id\":\"https:\\\/\\\/www.webdo.tn\\\/fr\\\/actualite\\\/regions\\\/inauguration-officielle-d-un-centre-tls-contact-a-sfax\\\/210138\\\/#primaryimage\"},\"image\":{\"@id\":\"https:\\\/\\\/www.webdo.tn\\\/fr\\\/actualite\\\/regions\\\/inauguration-officielle-d-un-centre-tls-contact-a-sfax\\\/210138\\\/#primaryimage\"},\"thumbnailUrl\":\"https:\\\/\\\/www.webdo.tn\\\/fr\\\/wp-content\\\/uploads\\\/2023\\\/11\\\/29aba149d695880fa54dcf501a0ac062.jpeg\",\"datePublished\":\"2023-11-15T20:55:00+00:00\",\"dateModified\":\"2025-05-20T21:55:39+00:00\",\"description\":\"Ce nouveau centre de visas a \u00e9t\u00e9 officiellement inaugur\u00e9, ce mercredi 15 novembre 2023.\",\"breadcrumb\":{\"@id\":\"https:\\\/\\\/www.webdo.tn\\\/fr\\\/actualite\\\/regions\\\/inauguration-officielle-d-un-centre-tls-contact-a-sfax\\\/210138\\\/#breadcrumb\"},\"inLanguage\":\"fr-FR\",\"potentialAction\":[{\"@type\":\"ReadAction\",\"target\":[\"https:\\\/\\\/www.webdo.tn\\\/fr\\\/actualite\\\/regions\\\/inauguration-officielle-d-un-centre-tls-contact-a-sfax\\\/210138\\\/\"]}]},{\"@type\":\"ImageObject\",\"inLanguage\":\"fr-FR\",\"@id\":\"https:\\\/\\\/www.webdo.tn\\\/fr\\\/actualite\\\/regions\\\/inauguration-officielle-d-un-centre-tls-contact-a-sfax\\\/210138\\\/#primaryimage\",\"url\":\"https:\\\/\\\/www.webdo.tn\\\/fr\\\/wp-content\\\/uploads\\\/2023\\\/11\\\/29aba149d695880fa54dcf501a0ac062.jpeg\",\"contentUrl\":\"https:\\\/\\\/www.webdo.tn\\\/fr\\\/wp-content\\\/uploads\\\/2023\\\/11\\\/29aba149d695880fa54dcf501a0ac062.jpeg\",\"width\":650,\"height\":347,\"caption\":\"Inauguration officielle d'un centre TLS Contact \u00e0 Sfax\"},{\"@type\":\"BreadcrumbList\",\"@id\":\"https:\\\/\\\/www.webdo.tn\\\/fr\\\/actualite\\\/regions\\\/inauguration-officielle-d-un-centre-tls-contact-a-sfax\\\/210138\\\/#breadcrumb\",\"itemListElement\":[{\"@type\":\"ListItem\",\"position\":1,\"name\":\"Accueil\",\"item\":\"https:\\\/\\\/www.webdo.tn\\\/fr\\\/\"},{\"@type\":\"ListItem\",\"position\":2,\"name\":\"Inauguration officielle d&rsquo;un centre TLS Contact \u00e0 Sfax\"}]},{\"@type\":\"WebSite\",\"@id\":\"https:\\\/\\\/www.webdo.tn\\\/fr\\\/#website\",\"url\":\"https:\\\/\\\/www.webdo.tn\\\/fr\\\/\",\"name\":\"webdo\",\"description\":\"Tunisie - News en Tunisie et \u00e0 l&#039;international sur Webdo.tn\",\"publisher\":{\"@id\":\"https:\\\/\\\/www.webdo.tn\\\/fr\\\/#organization\"},\"potentialAction\":[{\"@type\":\"SearchAction\",\"target\":{\"@type\":\"EntryPoint\",\"urlTemplate\":\"https:\\\/\\\/www.webdo.tn\\\/fr\\\/?s={search_term_string}\"},\"query-input\":{\"@type\":\"PropertyValueSpecification\",\"valueRequired\":true,\"valueName\":\"search_term_string\"}}],\"inLanguage\":\"fr-FR\"},{\"@type\":\"Organization\",\"@id\":\"https:\\\/\\\/www.webdo.tn\\\/fr\\\/#organization\",\"name\":\"Webdo\",\"alternateName\":\"Webdo.tn\",\"url\":\"https:\\\/\\\/www.webdo.tn\\\/fr\\\/\",\"logo\":{\"@type\":\"ImageObject\",\"inLanguage\":\"fr-FR\",\"@id\":\"https:\\\/\\\/www.webdo.tn\\\/fr\\\/#\\\/schema\\\/logo\\\/image\\\/\",\"url\":\"https:\\\/\\\/www.webdo.tn\\\/fr\\\/wp-content\\\/uploads\\\/2025\\\/06\\\/Webdo-Tunisie_168377.jpg\",\"contentUrl\":\"https:\\\/\\\/www.webdo.tn\\\/fr\\\/wp-content\\\/uploads\\\/2025\\\/06\\\/Webdo-Tunisie_168377.jpg\",\"width\":301,\"height\":301,\"caption\":\"Webdo\"},\"image\":{\"@id\":\"https:\\\/\\\/www.webdo.tn\\\/fr\\\/#\\\/schema\\\/logo\\\/image\\\/\"},\"sameAs\":[\"https:\\\/\\\/www.facebook.com\\\/webdotn\",\"https:\\\/\\\/x.com\\\/webdo_tn\"],\"description\":\"Webdo est un m\u00e9dia num\u00e9rique tunisien fond\u00e9 en 2010, sp\u00e9cialis\u00e9 dans l\u2019actualit\u00e9 nationale et internationale, l\u2019\u00e9conomie, la soci\u00e9t\u00e9 et les analyses politiques. Le site s\u2019adresse \u00e0 un large public francophone et couvre l\u2019information tunisienne en temps r\u00e9el.\",\"email\":\"redac@webdo.tn\",\"legalName\":\"YNJ SARL\",\"foundingDate\":\"2010-09-06\",\"numberOfEmployees\":{\"@type\":\"QuantitativeValue\",\"minValue\":\"11\",\"maxValue\":\"50\"}},{\"@type\":\"Person\",\"@id\":\"https:\\\/\\\/www.webdo.tn\\\/fr\\\/#\\\/schema\\\/person\\\/2c4929cbf5a809e3bd38617c6ce150f6\",\"name\":\"MC\",\"image\":{\"@type\":\"ImageObject\",\"inLanguage\":\"fr-FR\",\"@id\":\"https:\\\/\\\/secure.gravatar.com\\\/avatar\\\/a545bbb6f84efdd5553dbbc2895e3ca8f1d12c5215e00a041c9670b54aa9b18a?s=96&d=mm&r=g\",\"url\":\"https:\\\/\\\/secure.gravatar.com\\\/avatar\\\/a545bbb6f84efdd5553dbbc2895e3ca8f1d12c5215e00a041c9670b54aa9b18a?s=96&d=mm&r=g\",\"contentUrl\":\"https:\\\/\\\/secure.gravatar.com\\\/avatar\\\/a545bbb6f84efdd5553dbbc2895e3ca8f1d12c5215e00a041c9670b54aa9b18a?s=96&d=mm&r=g\",\"caption\":\"MC\"},\"url\":\"https:\\\/\\\/www.webdo.tn\\\/fr\\\/actualite\\\/author\\\/mc\\\/\"}]}<\/script>\n<!-- \/ Yoast SEO Premium plugin. -->","yoast_head_json":{"title":"Inauguration officielle d'un centre TLS Contact \u00e0 Sfax","description":"Ce nouveau centre de visas a \u00e9t\u00e9 officiellement inaugur\u00e9, ce mercredi 15 novembre 2023.","canonical":"https:\/\/www.webdo.tn\/fr\/actualite\/regions\/inauguration-officielle-d-un-centre-tls-contact-a-sfax\/210138\/","og_locale":"fr_FR","og_type":"article","og_title":"Inauguration officielle d'un centre TLS Contact \u00e0 Sfax","og_description":"Ce nouveau centre de visas a \u00e9t\u00e9 officiellement inaugur\u00e9, ce mercredi 15 novembre 2023.","og_url":"https:\/\/www.webdo.tn\/fr\/actualite\/regions\/inauguration-officielle-d-un-centre-tls-contact-a-sfax\/210138\/","og_site_name":"webdo","article_publisher":"https:\/\/www.facebook.com\/webdotn","article_published_time":"2023-11-15T20:55:00+00:00","article_modified_time":"2025-05-20T21:55:39+00:00","og_image":[{"width":650,"height":347,"url":"https:\/\/www.webdo.tn\/fr\/wp-content\/uploads\/2023\/11\/29aba149d695880fa54dcf501a0ac062.jpeg","type":"image\/jpeg"}],"author":"MC","twitter_card":"summary_large_image","twitter_creator":"@webdo_tn","twitter_site":"@webdo_tn","twitter_misc":{"\u00c9crit par":"MC","Dur\u00e9e de lecture estim\u00e9e":"1 minute"},"schema":{"@context":"https:\/\/schema.org","@graph":[{"@type":"NewsArticle","@id":"https:\/\/www.webdo.tn\/fr\/actualite\/regions\/inauguration-officielle-d-un-centre-tls-contact-a-sfax\/210138\/#article","isPartOf":{"@id":"https:\/\/www.webdo.tn\/fr\/actualite\/regions\/inauguration-officielle-d-un-centre-tls-contact-a-sfax\/210138\/"},"author":{"name":"MC","@id":"https:\/\/www.webdo.tn\/fr\/#\/schema\/person\/2c4929cbf5a809e3bd38617c6ce150f6"},"headline":"Inauguration officielle d&rsquo;un centre TLS Contact \u00e0 Sfax","datePublished":"2023-11-15T20:55:00+00:00","dateModified":"2025-05-20T21:55:39+00:00","mainEntityOfPage":{"@id":"https:\/\/www.webdo.tn\/fr\/actualite\/regions\/inauguration-officielle-d-un-centre-tls-contact-a-sfax\/210138\/"},"wordCount":253,"commentCount":0,"publisher":{"@id":"https:\/\/www.webdo.tn\/fr\/#organization"},"image":{"@id":"https:\/\/www.webdo.tn\/fr\/actualite\/regions\/inauguration-officielle-d-un-centre-tls-contact-a-sfax\/210138\/#primaryimage"},"thumbnailUrl":"https:\/\/www.webdo.tn\/fr\/wp-content\/uploads\/2023\/11\/29aba149d695880fa54dcf501a0ac062.jpeg","keywords":["france","Sfax","TLS Contact","visa"],"articleSection":["regions"],"inLanguage":"fr-FR"},{"@type":"WebPage","@id":"https:\/\/www.webdo.tn\/fr\/actualite\/regions\/inauguration-officielle-d-un-centre-tls-contact-a-sfax\/210138\/","url":"https:\/\/www.webdo.tn\/fr\/actualite\/regions\/inauguration-officielle-d-un-centre-tls-contact-a-sfax\/210138\/","name":"Inauguration officielle d'un centre TLS Contact \u00e0 Sfax","isPartOf":{"@id":"https:\/\/www.webdo.tn\/fr\/#website"},"primaryImageOfPage":{"@id":"https:\/\/www.webdo.tn\/fr\/actualite\/regions\/inauguration-officielle-d-un-centre-tls-contact-a-sfax\/210138\/#primaryimage"},"image":{"@id":"https:\/\/www.webdo.tn\/fr\/actualite\/regions\/inauguration-officielle-d-un-centre-tls-contact-a-sfax\/210138\/#primaryimage"},"thumbnailUrl":"https:\/\/www.webdo.tn\/fr\/wp-content\/uploads\/2023\/11\/29aba149d695880fa54dcf501a0ac062.jpeg","datePublished":"2023-11-15T20:55:00+00:00","dateModified":"2025-05-20T21:55:39+00:00","description":"Ce nouveau centre de visas a \u00e9t\u00e9 officiellement inaugur\u00e9, ce mercredi 15 novembre 2023.","breadcrumb":{"@id":"https:\/\/www.webdo.tn\/fr\/actualite\/regions\/inauguration-officielle-d-un-centre-tls-contact-a-sfax\/210138\/#breadcrumb"},"inLanguage":"fr-FR","potentialAction":[{"@type":"ReadAction","target":["https:\/\/www.webdo.tn\/fr\/actualite\/regions\/inauguration-officielle-d-un-centre-tls-contact-a-sfax\/210138\/"]}]},{"@type":"ImageObject","inLanguage":"fr-FR","@id":"https:\/\/www.webdo.tn\/fr\/actualite\/regions\/inauguration-officielle-d-un-centre-tls-contact-a-sfax\/210138\/#primaryimage","url":"https:\/\/www.webdo.tn\/fr\/wp-content\/uploads\/2023\/11\/29aba149d695880fa54dcf501a0ac062.jpeg","contentUrl":"https:\/\/www.webdo.tn\/fr\/wp-content\/uploads\/2023\/11\/29aba149d695880fa54dcf501a0ac062.jpeg","width":650,"height":347,"caption":"Inauguration officielle d'un centre TLS Contact \u00e0 Sfax"},{"@type":"BreadcrumbList","@id":"https:\/\/www.webdo.tn\/fr\/actualite\/regions\/inauguration-officielle-d-un-centre-tls-contact-a-sfax\/210138\/#breadcrumb","itemListElement":[{"@type":"ListItem","position":1,"name":"Accueil","item":"https:\/\/www.webdo.tn\/fr\/"},{"@type":"ListItem","position":2,"name":"Inauguration officielle d&rsquo;un centre TLS Contact \u00e0 Sfax"}]},{"@type":"WebSite","@id":"https:\/\/www.webdo.tn\/fr\/#website","url":"https:\/\/www.webdo.tn\/fr\/","name":"webdo","description":"Tunisie - News en Tunisie et \u00e0 l&#039;international sur Webdo.tn","publisher":{"@id":"https:\/\/www.webdo.tn\/fr\/#organization"},"potentialAction":[{"@type":"SearchAction","target":{"@type":"EntryPoint","urlTemplate":"https:\/\/www.webdo.tn\/fr\/?s={search_term_string}"},"query-input":{"@type":"PropertyValueSpecification","valueRequired":true,"valueName":"search_term_string"}}],"inLanguage":"fr-FR"},{"@type":"Organization","@id":"https:\/\/www.webdo.tn\/fr\/#organization","name":"Webdo","alternateName":"Webdo.tn","url":"https:\/\/www.webdo.tn\/fr\/","logo":{"@type":"ImageObject","inLanguage":"fr-FR","@id":"https:\/\/www.webdo.tn\/fr\/#\/schema\/logo\/image\/","url":"https:\/\/www.webdo.tn\/fr\/wp-content\/uploads\/2025\/06\/Webdo-Tunisie_168377.jpg","contentUrl":"https:\/\/www.webdo.tn\/fr\/wp-content\/uploads\/2025\/06\/Webdo-Tunisie_168377.jpg","width":301,"height":301,"caption":"Webdo"},"image":{"@id":"https:\/\/www.webdo.tn\/fr\/#\/schema\/logo\/image\/"},"sameAs":["https:\/\/www.facebook.com\/webdotn","https:\/\/x.com\/webdo_tn"],"description":"Webdo est un m\u00e9dia num\u00e9rique tunisien fond\u00e9 en 2010, sp\u00e9cialis\u00e9 dans l\u2019actualit\u00e9 nationale et internationale, l\u2019\u00e9conomie, la soci\u00e9t\u00e9 et les analyses politiques. Le site s\u2019adresse \u00e0 un large public francophone et couvre l\u2019information tunisienne en temps r\u00e9el.","email":"redac@webdo.tn","legalName":"YNJ SARL","foundingDate":"2010-09-06","numberOfEmployees":{"@type":"QuantitativeValue","minValue":"11","maxValue":"50"}},{"@type":"Person","@id":"https:\/\/www.webdo.tn\/fr\/#\/schema\/person\/2c4929cbf5a809e3bd38617c6ce150f6","name":"MC","image":{"@type":"ImageObject","inLanguage":"fr-FR","@id":"https:\/\/secure.gravatar.com\/avatar\/a545bbb6f84efdd5553dbbc2895e3ca8f1d12c5215e00a041c9670b54aa9b18a?s=96&d=mm&r=g","url":"https:\/\/secure.gravatar.com\/avatar\/a545bbb6f84efdd5553dbbc2895e3ca8f1d12c5215e00a041c9670b54aa9b18a?s=96&d=mm&r=g","contentUrl":"https:\/\/secure.gravatar.com\/avatar\/a545bbb6f84efdd5553dbbc2895e3ca8f1d12c5215e00a041c9670b54aa9b18a?s=96&d=mm&r=g","caption":"MC"},"url":"https:\/\/www.webdo.tn\/fr\/actualite\/author\/mc\/"}]}},"_links":{"self":[{"href":"https:\/\/www.webdo.tn\/fr\/wp-json\/wp\/v2\/posts\/210138","targetHints":{"allow":["GET"]}}],"collection":[{"href":"https:\/\/www.webdo.tn\/fr\/wp-json\/wp\/v2\/posts"}],"about":[{"href":"https:\/\/www.webdo.tn\/fr\/wp-json\/wp\/v2\/types\/post"}],"author":[{"embeddable":true,"href":"https:\/\/www.webdo.tn\/fr\/wp-json\/wp\/v2\/users\/3162"}],"replies":[{"embeddable":true,"href":"https:\/\/www.webdo.tn\/fr\/wp-json\/wp\/v2\/comments?post=210138"}],"version-history":[{"count":0,"href":"https:\/\/www.webdo.tn\/fr\/wp-json\/wp\/v2\/posts\/210138\/revisions"}],"wp:featuredmedia":[{"embeddable":true,"href":"https:\/\/www.webdo.tn\/fr\/wp-json\/wp\/v2\/media\/248771"}],"wp:attachment":[{"href":"https:\/\/www.webdo.tn\/fr\/wp-json\/wp\/v2\/media?parent=210138"}],"wp:term":[{"taxonomy":"category","embeddable":true,"href":"https:\/\/www.webdo.tn\/fr\/wp-json\/wp\/v2\/categories?post=210138"},{"taxonomy":"post_tag","embeddable":true,"href":"https:\/\/www.webdo.tn\/fr\/wp-json\/wp\/v2\/tags?post=210138"}],"curies":[{"name":"wp","href":"https:\/\/api.w.org\/{rel}","templated":true}]}}