{"id":210136,"date":"2023-11-15T18:07:00","date_gmt":"2023-11-15T18:07:00","guid":{"rendered":"https:\/\/www.webdo.tn\/fr\/blog\/le-pdg-de-tunisie-telecom-met-l-accent-sur-le-fleau-du-vol-de-cables\/210136\/"},"modified":"2023-11-15T18:07:00","modified_gmt":"2023-11-15T18:07:00","slug":"le-pdg-de-tunisie-telecom-met-l-accent-sur-le-fleau-du-vol-de-cables","status":"publish","type":"post","link":"https:\/\/www.webdo.tn\/fr\/actualite\/national\/le-pdg-de-tunisie-telecom-met-l-accent-sur-le-fleau-du-vol-de-cables\/210136\/","title":{"rendered":"Le PDG de Tunisie Telecom met l\u2019accent sur le fl\u00e9au du vol de c\u00e2bles"},"content":{"rendered":"<p>Le PDG de Tunisie Telecom, Lassa\u00e2d Ben Dhiab a \u00e9t\u00e9 auditionn\u00e9, mardi 14 novembre 2023 par la Commission d\u2019organisation de l\u2019administration, du d\u00e9veloppement, de la num\u00e9risation, de la gouvernance et de la lutte contre la corruption.<\/p>\n<p>\t\t\t\t\t\t\t\t\tDressant un bilan de l\u2019entreprise, le PDG de TT a indiqu\u00e9 au cours de cette s\u00e9ance d\u2019audition que Tunisie Telecom compte environ 6 millions d\u2019abonn\u00e9s avec une couverture r\u00e9seau atteignant 99% et a mis l\u2019accent sur le fait que TT est le premier op\u00e9rateur \u00e0 avoir exp\u00e9riment\u00e9 la technologie 5G sur le march\u00e9 tunisien.<\/p>\n<p>Lassa\u00e2d Ben Dhiab a \u00e9voqu\u00e9 les indicateurs positifs de TT, qui placent l\u2019entreprise en t\u00eate en Tunisie depuis quatre ann\u00e9es cons\u00e9cutives, mais a aussi abord\u00e9 les probl\u00e8mes entravant son d\u00e9veloppement.<\/p>\n<p>Concernant ces probl\u00e8mes, il a point\u00e9 du doigt la recrudescence des attaques contre les installations de l\u2019entreprise. Le fl\u00e9au du vol de c\u00e2bles en cuivre a engendr\u00e9 \u00e0 l\u2019op\u00e9rateur national des pertes de l\u2019ordre de 2.235.000 dinars en 2022.<\/p>\n<p>Le PDG de Tunisie Telecom a r\u00e9v\u00e9l\u00e9 que le nombre des actes de vol de c\u00e2bles en cuivre est pass\u00e9 de 67 en 2018 \u00e0 712 en 2022 appelant \u00e0 revoir les sanctions relatives \u00e0 ces d\u00e9lits, qui ne sont actuellement pas consid\u00e9r\u00e9es comme des crimes graves.<\/p>\n<p>En 2021, Lassa\u00e2d Ben Dhiab, alors directeur central technique de Tunisie Telecom, avait d\u00e9j\u00e0 averti que le vol des c\u00e2bles est un ph\u00e9nom\u00e8ne qui prend de l&rsquo;ampleur, signalant \u00e0 l&rsquo;\u00e9poque, que le vol des c\u00e2bles en cuivre du r\u00e9seau de TT avait tripl\u00e9 par rapport \u00e0 l\u2019ann\u00e9e 2020.<\/p>\n<p>Il avait fait observer que le plus grand pr\u00e9judice subi par Tunisie Telecom est surtout caus\u00e9 par l&rsquo;interruption du service apport\u00e9 aux fournisseurs d&rsquo;acc\u00e8s Internet ind\u00e9pendamment des pertes mat\u00e9rielles \u00e0 cause du vol de c\u00e2bles en cuivre.<\/p>\n<p>Tunisie Telecom a ainsi pris une s\u00e9rie de mesures pour mettre fin au ph\u00e9nom\u00e8ne du vol de c\u00e2bles en cuivre, parmi lesquelles figure la r\u00e9alisation d\u2019un m\u00e9gaprojet de remplacement des c\u00e2bles en cuivre par un r\u00e9seau de fibres optiques.<\/p>\n","protected":false},"excerpt":{"rendered":"<p>Lassa\u00e2d Ben Dhiab a \u00e9voqu\u00e9 les indicateurs positifs de TT, qui placent l\u2019entreprise en t\u00eate en Tunisie depuis quatre ann\u00e9es cons\u00e9cutives, mais a aussi abord\u00e9 le&#8230;<\/p>\n","protected":false},"author":4780,"featured_media":248772,"comment_status":"open","ping_status":"closed","sticky":false,"template":"","format":"standard","meta":{"footnotes":""},"categories":[44],"tags":[2813,5431,7551,2931,2995],"class_list":["post-210136","post","type-post","status-publish","format-standard","has-post-thumbnail","hentry","category-national","tag-arp","tag-cables","tag-lassaad-ben-dhiab","tag-tunisie-telecom","tag-vol"],"yoast_head":"<!-- This site is optimized with the Yoast SEO Premium plugin v27.5 (Yoast SEO v27.5) - https:\/\/yoast.com\/product\/yoast-seo-premium-wordpress\/ -->\n<title>Le PDG de Tunisie Telecom met l\u2019accent sur le fl\u00e9au du vol de c\u00e2bles<\/title>\n<meta name=\"description\" content=\"Lassa\u00e2d Ben Dhiab a \u00e9voqu\u00e9 les indicateurs positifs de TT, qui placent l\u2019entreprise en t\u00eate en Tunisie depuis quatre ann\u00e9es cons\u00e9cutives, mais a aussi abord\u00e9 le...\" \/>\n<link rel=\"canonical\" href=\"https:\/\/www.webdo.tn\/fr\/actualite\/national\/le-pdg-de-tunisie-telecom-met-l-accent-sur-le-fleau-du-vol-de-cables\/210136\/\" \/>\n<meta property=\"og:locale\" content=\"fr_FR\" \/>\n<meta property=\"og:type\" content=\"article\" \/>\n<meta property=\"og:title\" content=\"Le PDG de Tunisie Telecom met l\u2019accent sur le fl\u00e9au du vol de c\u00e2bles\" \/>\n<meta property=\"og:description\" content=\"Lassa\u00e2d Ben Dhiab a \u00e9voqu\u00e9 les indicateurs positifs de TT, qui placent l\u2019entreprise en t\u00eate en Tunisie depuis quatre ann\u00e9es cons\u00e9cutives, mais a aussi abord\u00e9 le...\" \/>\n<meta property=\"og:url\" content=\"https:\/\/www.webdo.tn\/fr\/actualite\/national\/le-pdg-de-tunisie-telecom-met-l-accent-sur-le-fleau-du-vol-de-cables\/210136\/\" \/>\n<meta property=\"og:site_name\" content=\"webdo\" \/>\n<meta property=\"article:publisher\" content=\"https:\/\/www.facebook.com\/webdotn\" \/>\n<meta property=\"article:published_time\" content=\"2023-11-15T18:07:00+00:00\" \/>\n<meta property=\"og:image\" content=\"https:\/\/www.webdo.tn\/fr\/wp-content\/uploads\/2023\/11\/f0da63d109202e5cf0b3e0e9d7d81a37.jpg\" \/>\n\t<meta property=\"og:image:width\" content=\"750\" \/>\n\t<meta property=\"og:image:height\" content=\"400\" \/>\n\t<meta property=\"og:image:type\" content=\"image\/jpeg\" \/>\n<meta name=\"author\" content=\"Monia Bamri\" \/>\n<meta name=\"twitter:card\" content=\"summary_large_image\" \/>\n<meta name=\"twitter:creator\" content=\"@webdo_tn\" \/>\n<meta name=\"twitter:site\" content=\"@webdo_tn\" \/>\n<meta name=\"twitter:label1\" content=\"\u00c9crit par\" \/>\n\t<meta name=\"twitter:data1\" content=\"Monia Bamri\" \/>\n\t<meta name=\"twitter:label2\" content=\"Dur\u00e9e de lecture estim\u00e9e\" \/>\n\t<meta name=\"twitter:data2\" content=\"2 minutes\" \/>\n<script type=\"application\/ld+json\" class=\"yoast-schema-graph\">{\"@context\":\"https:\\\/\\\/schema.org\",\"@graph\":[{\"@type\":\"NewsArticle\",\"@id\":\"https:\\\/\\\/www.webdo.tn\\\/fr\\\/actualite\\\/national\\\/le-pdg-de-tunisie-telecom-met-l-accent-sur-le-fleau-du-vol-de-cables\\\/210136\\\/#article\",\"isPartOf\":{\"@id\":\"https:\\\/\\\/www.webdo.tn\\\/fr\\\/actualite\\\/national\\\/le-pdg-de-tunisie-telecom-met-l-accent-sur-le-fleau-du-vol-de-cables\\\/210136\\\/\"},\"author\":{\"name\":\"Monia Bamri\",\"@id\":\"https:\\\/\\\/www.webdo.tn\\\/fr\\\/#\\\/schema\\\/person\\\/d1da0176a9d8f1249ef4e693c4b29d76\"},\"headline\":\"Le PDG de Tunisie Telecom met l\u2019accent sur le fl\u00e9au du vol de c\u00e2bles\",\"datePublished\":\"2023-11-15T18:07:00+00:00\",\"mainEntityOfPage\":{\"@id\":\"https:\\\/\\\/www.webdo.tn\\\/fr\\\/actualite\\\/national\\\/le-pdg-de-tunisie-telecom-met-l-accent-sur-le-fleau-du-vol-de-cables\\\/210136\\\/\"},\"wordCount\":388,\"commentCount\":0,\"publisher\":{\"@id\":\"https:\\\/\\\/www.webdo.tn\\\/fr\\\/#organization\"},\"image\":{\"@id\":\"https:\\\/\\\/www.webdo.tn\\\/fr\\\/actualite\\\/national\\\/le-pdg-de-tunisie-telecom-met-l-accent-sur-le-fleau-du-vol-de-cables\\\/210136\\\/#primaryimage\"},\"thumbnailUrl\":\"https:\\\/\\\/www.webdo.tn\\\/fr\\\/wp-content\\\/uploads\\\/2023\\\/11\\\/f0da63d109202e5cf0b3e0e9d7d81a37.jpg\",\"keywords\":[\"ARP\",\"c\u00e2bles\",\"Lass\u00e2ad Ben Dhiab\",\"Tunisie Telecom\",\"vol\"],\"articleSection\":[\"National\"],\"inLanguage\":\"fr-FR\"},{\"@type\":\"WebPage\",\"@id\":\"https:\\\/\\\/www.webdo.tn\\\/fr\\\/actualite\\\/national\\\/le-pdg-de-tunisie-telecom-met-l-accent-sur-le-fleau-du-vol-de-cables\\\/210136\\\/\",\"url\":\"https:\\\/\\\/www.webdo.tn\\\/fr\\\/actualite\\\/national\\\/le-pdg-de-tunisie-telecom-met-l-accent-sur-le-fleau-du-vol-de-cables\\\/210136\\\/\",\"name\":\"Le PDG de Tunisie Telecom met l\u2019accent sur le fl\u00e9au du vol de c\u00e2bles\",\"isPartOf\":{\"@id\":\"https:\\\/\\\/www.webdo.tn\\\/fr\\\/#website\"},\"primaryImageOfPage\":{\"@id\":\"https:\\\/\\\/www.webdo.tn\\\/fr\\\/actualite\\\/national\\\/le-pdg-de-tunisie-telecom-met-l-accent-sur-le-fleau-du-vol-de-cables\\\/210136\\\/#primaryimage\"},\"image\":{\"@id\":\"https:\\\/\\\/www.webdo.tn\\\/fr\\\/actualite\\\/national\\\/le-pdg-de-tunisie-telecom-met-l-accent-sur-le-fleau-du-vol-de-cables\\\/210136\\\/#primaryimage\"},\"thumbnailUrl\":\"https:\\\/\\\/www.webdo.tn\\\/fr\\\/wp-content\\\/uploads\\\/2023\\\/11\\\/f0da63d109202e5cf0b3e0e9d7d81a37.jpg\",\"datePublished\":\"2023-11-15T18:07:00+00:00\",\"description\":\"Lassa\u00e2d Ben Dhiab a \u00e9voqu\u00e9 les indicateurs positifs de TT, qui placent l\u2019entreprise en t\u00eate en Tunisie depuis quatre ann\u00e9es cons\u00e9cutives, mais a aussi abord\u00e9 le...\",\"breadcrumb\":{\"@id\":\"https:\\\/\\\/www.webdo.tn\\\/fr\\\/actualite\\\/national\\\/le-pdg-de-tunisie-telecom-met-l-accent-sur-le-fleau-du-vol-de-cables\\\/210136\\\/#breadcrumb\"},\"inLanguage\":\"fr-FR\",\"potentialAction\":[{\"@type\":\"ReadAction\",\"target\":[\"https:\\\/\\\/www.webdo.tn\\\/fr\\\/actualite\\\/national\\\/le-pdg-de-tunisie-telecom-met-l-accent-sur-le-fleau-du-vol-de-cables\\\/210136\\\/\"]}]},{\"@type\":\"ImageObject\",\"inLanguage\":\"fr-FR\",\"@id\":\"https:\\\/\\\/www.webdo.tn\\\/fr\\\/actualite\\\/national\\\/le-pdg-de-tunisie-telecom-met-l-accent-sur-le-fleau-du-vol-de-cables\\\/210136\\\/#primaryimage\",\"url\":\"https:\\\/\\\/www.webdo.tn\\\/fr\\\/wp-content\\\/uploads\\\/2023\\\/11\\\/f0da63d109202e5cf0b3e0e9d7d81a37.jpg\",\"contentUrl\":\"https:\\\/\\\/www.webdo.tn\\\/fr\\\/wp-content\\\/uploads\\\/2023\\\/11\\\/f0da63d109202e5cf0b3e0e9d7d81a37.jpg\",\"width\":750,\"height\":400,\"caption\":\"Le PDG de Tunisie Telecom met l\u2019accent sur le fl\u00e9au du vol de c\u00e2bles\"},{\"@type\":\"BreadcrumbList\",\"@id\":\"https:\\\/\\\/www.webdo.tn\\\/fr\\\/actualite\\\/national\\\/le-pdg-de-tunisie-telecom-met-l-accent-sur-le-fleau-du-vol-de-cables\\\/210136\\\/#breadcrumb\",\"itemListElement\":[{\"@type\":\"ListItem\",\"position\":1,\"name\":\"Accueil\",\"item\":\"https:\\\/\\\/www.webdo.tn\\\/fr\\\/\"},{\"@type\":\"ListItem\",\"position\":2,\"name\":\"Le PDG de Tunisie Telecom met l\u2019accent sur le fl\u00e9au du vol de c\u00e2bles\"}]},{\"@type\":\"WebSite\",\"@id\":\"https:\\\/\\\/www.webdo.tn\\\/fr\\\/#website\",\"url\":\"https:\\\/\\\/www.webdo.tn\\\/fr\\\/\",\"name\":\"webdo\",\"description\":\"Tunisie - News en Tunisie et \u00e0 l&#039;international sur Webdo.tn\",\"publisher\":{\"@id\":\"https:\\\/\\\/www.webdo.tn\\\/fr\\\/#organization\"},\"potentialAction\":[{\"@type\":\"SearchAction\",\"target\":{\"@type\":\"EntryPoint\",\"urlTemplate\":\"https:\\\/\\\/www.webdo.tn\\\/fr\\\/?s={search_term_string}\"},\"query-input\":{\"@type\":\"PropertyValueSpecification\",\"valueRequired\":true,\"valueName\":\"search_term_string\"}}],\"inLanguage\":\"fr-FR\"},{\"@type\":\"Organization\",\"@id\":\"https:\\\/\\\/www.webdo.tn\\\/fr\\\/#organization\",\"name\":\"Webdo\",\"alternateName\":\"Webdo.tn\",\"url\":\"https:\\\/\\\/www.webdo.tn\\\/fr\\\/\",\"logo\":{\"@type\":\"ImageObject\",\"inLanguage\":\"fr-FR\",\"@id\":\"https:\\\/\\\/www.webdo.tn\\\/fr\\\/#\\\/schema\\\/logo\\\/image\\\/\",\"url\":\"https:\\\/\\\/www.webdo.tn\\\/fr\\\/wp-content\\\/uploads\\\/2025\\\/06\\\/Webdo-Tunisie_168377.jpg\",\"contentUrl\":\"https:\\\/\\\/www.webdo.tn\\\/fr\\\/wp-content\\\/uploads\\\/2025\\\/06\\\/Webdo-Tunisie_168377.jpg\",\"width\":301,\"height\":301,\"caption\":\"Webdo\"},\"image\":{\"@id\":\"https:\\\/\\\/www.webdo.tn\\\/fr\\\/#\\\/schema\\\/logo\\\/image\\\/\"},\"sameAs\":[\"https:\\\/\\\/www.facebook.com\\\/webdotn\",\"https:\\\/\\\/x.com\\\/webdo_tn\"],\"description\":\"Webdo est un m\u00e9dia num\u00e9rique tunisien fond\u00e9 en 2010, sp\u00e9cialis\u00e9 dans l\u2019actualit\u00e9 nationale et internationale, l\u2019\u00e9conomie, la soci\u00e9t\u00e9 et les analyses politiques. Le site s\u2019adresse \u00e0 un large public francophone et couvre l\u2019information tunisienne en temps r\u00e9el.\",\"email\":\"redac@webdo.tn\",\"legalName\":\"YNJ SARL\",\"foundingDate\":\"2010-09-06\",\"numberOfEmployees\":{\"@type\":\"QuantitativeValue\",\"minValue\":\"11\",\"maxValue\":\"50\"}},{\"@type\":\"Person\",\"@id\":\"https:\\\/\\\/www.webdo.tn\\\/fr\\\/#\\\/schema\\\/person\\\/d1da0176a9d8f1249ef4e693c4b29d76\",\"name\":\"Monia Bamri\",\"image\":{\"@type\":\"ImageObject\",\"inLanguage\":\"fr-FR\",\"@id\":\"https:\\\/\\\/secure.gravatar.com\\\/avatar\\\/c58780455a919732b490d5fecdfd7a031f652d4d8fc4a988ed16599fe2e07b0c?s=96&d=mm&r=g\",\"url\":\"https:\\\/\\\/secure.gravatar.com\\\/avatar\\\/c58780455a919732b490d5fecdfd7a031f652d4d8fc4a988ed16599fe2e07b0c?s=96&d=mm&r=g\",\"contentUrl\":\"https:\\\/\\\/secure.gravatar.com\\\/avatar\\\/c58780455a919732b490d5fecdfd7a031f652d4d8fc4a988ed16599fe2e07b0c?s=96&d=mm&r=g\",\"caption\":\"Monia Bamri\"},\"url\":\"https:\\\/\\\/www.webdo.tn\\\/fr\\\/actualite\\\/author\\\/monia-bamri\\\/\"}]}<\/script>\n<!-- \/ Yoast SEO Premium plugin. -->","yoast_head_json":{"title":"Le PDG de Tunisie Telecom met l\u2019accent sur le fl\u00e9au du vol de c\u00e2bles","description":"Lassa\u00e2d Ben Dhiab a \u00e9voqu\u00e9 les indicateurs positifs de TT, qui placent l\u2019entreprise en t\u00eate en Tunisie depuis quatre ann\u00e9es cons\u00e9cutives, mais a aussi abord\u00e9 le...","canonical":"https:\/\/www.webdo.tn\/fr\/actualite\/national\/le-pdg-de-tunisie-telecom-met-l-accent-sur-le-fleau-du-vol-de-cables\/210136\/","og_locale":"fr_FR","og_type":"article","og_title":"Le PDG de Tunisie Telecom met l\u2019accent sur le fl\u00e9au du vol de c\u00e2bles","og_description":"Lassa\u00e2d Ben Dhiab a \u00e9voqu\u00e9 les indicateurs positifs de TT, qui placent l\u2019entreprise en t\u00eate en Tunisie depuis quatre ann\u00e9es cons\u00e9cutives, mais a aussi abord\u00e9 le...","og_url":"https:\/\/www.webdo.tn\/fr\/actualite\/national\/le-pdg-de-tunisie-telecom-met-l-accent-sur-le-fleau-du-vol-de-cables\/210136\/","og_site_name":"webdo","article_publisher":"https:\/\/www.facebook.com\/webdotn","article_published_time":"2023-11-15T18:07:00+00:00","og_image":[{"width":750,"height":400,"url":"https:\/\/www.webdo.tn\/fr\/wp-content\/uploads\/2023\/11\/f0da63d109202e5cf0b3e0e9d7d81a37.jpg","type":"image\/jpeg"}],"author":"Monia Bamri","twitter_card":"summary_large_image","twitter_creator":"@webdo_tn","twitter_site":"@webdo_tn","twitter_misc":{"\u00c9crit par":"Monia Bamri","Dur\u00e9e de lecture estim\u00e9e":"2 minutes"},"schema":{"@context":"https:\/\/schema.org","@graph":[{"@type":"NewsArticle","@id":"https:\/\/www.webdo.tn\/fr\/actualite\/national\/le-pdg-de-tunisie-telecom-met-l-accent-sur-le-fleau-du-vol-de-cables\/210136\/#article","isPartOf":{"@id":"https:\/\/www.webdo.tn\/fr\/actualite\/national\/le-pdg-de-tunisie-telecom-met-l-accent-sur-le-fleau-du-vol-de-cables\/210136\/"},"author":{"name":"Monia Bamri","@id":"https:\/\/www.webdo.tn\/fr\/#\/schema\/person\/d1da0176a9d8f1249ef4e693c4b29d76"},"headline":"Le PDG de Tunisie Telecom met l\u2019accent sur le fl\u00e9au du vol de c\u00e2bles","datePublished":"2023-11-15T18:07:00+00:00","mainEntityOfPage":{"@id":"https:\/\/www.webdo.tn\/fr\/actualite\/national\/le-pdg-de-tunisie-telecom-met-l-accent-sur-le-fleau-du-vol-de-cables\/210136\/"},"wordCount":388,"commentCount":0,"publisher":{"@id":"https:\/\/www.webdo.tn\/fr\/#organization"},"image":{"@id":"https:\/\/www.webdo.tn\/fr\/actualite\/national\/le-pdg-de-tunisie-telecom-met-l-accent-sur-le-fleau-du-vol-de-cables\/210136\/#primaryimage"},"thumbnailUrl":"https:\/\/www.webdo.tn\/fr\/wp-content\/uploads\/2023\/11\/f0da63d109202e5cf0b3e0e9d7d81a37.jpg","keywords":["ARP","c\u00e2bles","Lass\u00e2ad Ben Dhiab","Tunisie Telecom","vol"],"articleSection":["National"],"inLanguage":"fr-FR"},{"@type":"WebPage","@id":"https:\/\/www.webdo.tn\/fr\/actualite\/national\/le-pdg-de-tunisie-telecom-met-l-accent-sur-le-fleau-du-vol-de-cables\/210136\/","url":"https:\/\/www.webdo.tn\/fr\/actualite\/national\/le-pdg-de-tunisie-telecom-met-l-accent-sur-le-fleau-du-vol-de-cables\/210136\/","name":"Le PDG de Tunisie Telecom met l\u2019accent sur le fl\u00e9au du vol de c\u00e2bles","isPartOf":{"@id":"https:\/\/www.webdo.tn\/fr\/#website"},"primaryImageOfPage":{"@id":"https:\/\/www.webdo.tn\/fr\/actualite\/national\/le-pdg-de-tunisie-telecom-met-l-accent-sur-le-fleau-du-vol-de-cables\/210136\/#primaryimage"},"image":{"@id":"https:\/\/www.webdo.tn\/fr\/actualite\/national\/le-pdg-de-tunisie-telecom-met-l-accent-sur-le-fleau-du-vol-de-cables\/210136\/#primaryimage"},"thumbnailUrl":"https:\/\/www.webdo.tn\/fr\/wp-content\/uploads\/2023\/11\/f0da63d109202e5cf0b3e0e9d7d81a37.jpg","datePublished":"2023-11-15T18:07:00+00:00","description":"Lassa\u00e2d Ben Dhiab a \u00e9voqu\u00e9 les indicateurs positifs de TT, qui placent l\u2019entreprise en t\u00eate en Tunisie depuis quatre ann\u00e9es cons\u00e9cutives, mais a aussi abord\u00e9 le...","breadcrumb":{"@id":"https:\/\/www.webdo.tn\/fr\/actualite\/national\/le-pdg-de-tunisie-telecom-met-l-accent-sur-le-fleau-du-vol-de-cables\/210136\/#breadcrumb"},"inLanguage":"fr-FR","potentialAction":[{"@type":"ReadAction","target":["https:\/\/www.webdo.tn\/fr\/actualite\/national\/le-pdg-de-tunisie-telecom-met-l-accent-sur-le-fleau-du-vol-de-cables\/210136\/"]}]},{"@type":"ImageObject","inLanguage":"fr-FR","@id":"https:\/\/www.webdo.tn\/fr\/actualite\/national\/le-pdg-de-tunisie-telecom-met-l-accent-sur-le-fleau-du-vol-de-cables\/210136\/#primaryimage","url":"https:\/\/www.webdo.tn\/fr\/wp-content\/uploads\/2023\/11\/f0da63d109202e5cf0b3e0e9d7d81a37.jpg","contentUrl":"https:\/\/www.webdo.tn\/fr\/wp-content\/uploads\/2023\/11\/f0da63d109202e5cf0b3e0e9d7d81a37.jpg","width":750,"height":400,"caption":"Le PDG de Tunisie Telecom met l\u2019accent sur le fl\u00e9au du vol de c\u00e2bles"},{"@type":"BreadcrumbList","@id":"https:\/\/www.webdo.tn\/fr\/actualite\/national\/le-pdg-de-tunisie-telecom-met-l-accent-sur-le-fleau-du-vol-de-cables\/210136\/#breadcrumb","itemListElement":[{"@type":"ListItem","position":1,"name":"Accueil","item":"https:\/\/www.webdo.tn\/fr\/"},{"@type":"ListItem","position":2,"name":"Le PDG de Tunisie Telecom met l\u2019accent sur le fl\u00e9au du vol de c\u00e2bles"}]},{"@type":"WebSite","@id":"https:\/\/www.webdo.tn\/fr\/#website","url":"https:\/\/www.webdo.tn\/fr\/","name":"webdo","description":"Tunisie - News en Tunisie et \u00e0 l&#039;international sur Webdo.tn","publisher":{"@id":"https:\/\/www.webdo.tn\/fr\/#organization"},"potentialAction":[{"@type":"SearchAction","target":{"@type":"EntryPoint","urlTemplate":"https:\/\/www.webdo.tn\/fr\/?s={search_term_string}"},"query-input":{"@type":"PropertyValueSpecification","valueRequired":true,"valueName":"search_term_string"}}],"inLanguage":"fr-FR"},{"@type":"Organization","@id":"https:\/\/www.webdo.tn\/fr\/#organization","name":"Webdo","alternateName":"Webdo.tn","url":"https:\/\/www.webdo.tn\/fr\/","logo":{"@type":"ImageObject","inLanguage":"fr-FR","@id":"https:\/\/www.webdo.tn\/fr\/#\/schema\/logo\/image\/","url":"https:\/\/www.webdo.tn\/fr\/wp-content\/uploads\/2025\/06\/Webdo-Tunisie_168377.jpg","contentUrl":"https:\/\/www.webdo.tn\/fr\/wp-content\/uploads\/2025\/06\/Webdo-Tunisie_168377.jpg","width":301,"height":301,"caption":"Webdo"},"image":{"@id":"https:\/\/www.webdo.tn\/fr\/#\/schema\/logo\/image\/"},"sameAs":["https:\/\/www.facebook.com\/webdotn","https:\/\/x.com\/webdo_tn"],"description":"Webdo est un m\u00e9dia num\u00e9rique tunisien fond\u00e9 en 2010, sp\u00e9cialis\u00e9 dans l\u2019actualit\u00e9 nationale et internationale, l\u2019\u00e9conomie, la soci\u00e9t\u00e9 et les analyses politiques. Le site s\u2019adresse \u00e0 un large public francophone et couvre l\u2019information tunisienne en temps r\u00e9el.","email":"redac@webdo.tn","legalName":"YNJ SARL","foundingDate":"2010-09-06","numberOfEmployees":{"@type":"QuantitativeValue","minValue":"11","maxValue":"50"}},{"@type":"Person","@id":"https:\/\/www.webdo.tn\/fr\/#\/schema\/person\/d1da0176a9d8f1249ef4e693c4b29d76","name":"Monia Bamri","image":{"@type":"ImageObject","inLanguage":"fr-FR","@id":"https:\/\/secure.gravatar.com\/avatar\/c58780455a919732b490d5fecdfd7a031f652d4d8fc4a988ed16599fe2e07b0c?s=96&d=mm&r=g","url":"https:\/\/secure.gravatar.com\/avatar\/c58780455a919732b490d5fecdfd7a031f652d4d8fc4a988ed16599fe2e07b0c?s=96&d=mm&r=g","contentUrl":"https:\/\/secure.gravatar.com\/avatar\/c58780455a919732b490d5fecdfd7a031f652d4d8fc4a988ed16599fe2e07b0c?s=96&d=mm&r=g","caption":"Monia Bamri"},"url":"https:\/\/www.webdo.tn\/fr\/actualite\/author\/monia-bamri\/"}]}},"_links":{"self":[{"href":"https:\/\/www.webdo.tn\/fr\/wp-json\/wp\/v2\/posts\/210136","targetHints":{"allow":["GET"]}}],"collection":[{"href":"https:\/\/www.webdo.tn\/fr\/wp-json\/wp\/v2\/posts"}],"about":[{"href":"https:\/\/www.webdo.tn\/fr\/wp-json\/wp\/v2\/types\/post"}],"author":[{"embeddable":true,"href":"https:\/\/www.webdo.tn\/fr\/wp-json\/wp\/v2\/users\/4780"}],"replies":[{"embeddable":true,"href":"https:\/\/www.webdo.tn\/fr\/wp-json\/wp\/v2\/comments?post=210136"}],"version-history":[{"count":0,"href":"https:\/\/www.webdo.tn\/fr\/wp-json\/wp\/v2\/posts\/210136\/revisions"}],"wp:featuredmedia":[{"embeddable":true,"href":"https:\/\/www.webdo.tn\/fr\/wp-json\/wp\/v2\/media\/248772"}],"wp:attachment":[{"href":"https:\/\/www.webdo.tn\/fr\/wp-json\/wp\/v2\/media?parent=210136"}],"wp:term":[{"taxonomy":"category","embeddable":true,"href":"https:\/\/www.webdo.tn\/fr\/wp-json\/wp\/v2\/categories?post=210136"},{"taxonomy":"post_tag","embeddable":true,"href":"https:\/\/www.webdo.tn\/fr\/wp-json\/wp\/v2\/tags?post=210136"}],"curies":[{"name":"wp","href":"https:\/\/api.w.org\/{rel}","templated":true}]}}