{"id":210130,"date":"2023-11-15T14:09:00","date_gmt":"2023-11-15T14:09:00","guid":{"rendered":"https:\/\/www.webdo.tn\/fr\/blog\/gaza-l-onu-horrifiee-par-le-raid-de-l-armee-israelienne-a-l-hopital-al-chifa\/210130\/"},"modified":"2025-05-20T22:39:36","modified_gmt":"2025-05-20T22:39:36","slug":"gaza-l-onu-horrifiee-par-le-raid-de-l-armee-israelienne-a-l-hopital-al-chifa","status":"publish","type":"post","link":"https:\/\/www.webdo.tn\/fr\/actualite\/international\/gaza-l-onu-horrifiee-par-le-raid-de-l-armee-israelienne-a-l-hopital-al-chifa\/210130\/","title":{"rendered":"Gaza : L\u2019ONU \u00ab horrifi\u00e9e \u00bb par le raid de l\u2019arm\u00e9e isra\u00e9lienne \u00e0 l\u2019h\u00f4pital al-Chifa"},"content":{"rendered":"<p>La Croix-Rouge et l\u2019ONU sont \u00ab extr\u00eamement inquiets \u00bb apr\u00e8s l\u2019op\u00e9ration militaire de l\u2019arm\u00e9e isra\u00e9lienne dans l\u2019h\u00f4pital al-Chifa, le plus important de Gaza.\u00a0<\/p>\n<p>\t\t\t\t\t\t\t\t\t\u00a0<\/p>\n<p>\u00ab Je suis horrifi\u00e9 par les informations faisant \u00e9tat de raids militaires \u00e0 l\u2019h\u00f4pital al-Chifa \u00e0 Gaza \u00bb, a \u00e9crit Martin Griffiths, responsable des op\u00e9rations humanitaires d\u2019urgence de l\u2019ONU sur le r\u00e9seau X.\u00a0<\/p>\n<p>\u00ab La protection des nouveau-n\u00e9s, des patients, du personnel m\u00e9dical et de tous les civils doit primer sur toute autre pr\u00e9occupation \u00bb, a insist\u00e9 Griffiths, en r\u00e9action au raid militaire isra\u00e9lien \u00e0 l\u2019h\u00f4pital al-Chifa.<\/p>\n<p>L\u2019immense complexe hospitalier, est depuis plusieurs jours au c\u0153ur des combats entre soldats isra\u00e9liens et combattants islamistes et repr\u00e9sente un objectif majeur pour Isra\u00ebl, qui a jur\u00e9 \u00ab d\u2019an\u00e9antir \u00bb le Hamas.<\/p>\n","protected":false},"excerpt":{"rendered":"<p>La Croix-Rouge et l\u2019ONU sont \u00ab extr\u00eamement inquiets \u00bb apr\u00e8s l\u2019op\u00e9ration militaire de l\u2019arm\u00e9e isra\u00e9lienne dans l\u2019h\u00f4pital al-Chifa, le plus important de Gaza.\u00a0<\/p>\n","protected":false},"author":3175,"featured_media":248768,"comment_status":"open","ping_status":"closed","sticky":false,"template":"","format":"standard","meta":{"footnotes":""},"categories":[2598],"tags":[7549,2689,2858],"class_list":["post-210130","post","type-post","status-publish","format-standard","has-post-thumbnail","hentry","category-international","tag-chifa","tag-gaza","tag-hopital"],"yoast_head":"<!-- This site is optimized with the Yoast SEO Premium plugin v27.4 (Yoast SEO v27.5) - https:\/\/yoast.com\/product\/yoast-seo-premium-wordpress\/ -->\n<title>Gaza : L\u2019ONU \u00ab horrifi\u00e9e \u00bb par le raid de l\u2019arm\u00e9e isra\u00e9lienne \u00e0 l\u2019h\u00f4pital al-Chifa<\/title>\n<meta name=\"description\" content=\"La Croix-Rouge et l\u2019ONU sont \u00ab extr\u00eamement inquiets \u00bb apr\u00e8s l\u2019op\u00e9ration militaire de l\u2019arm\u00e9e isra\u00e9lienne dans l\u2019h\u00f4pital al-Chifa, le plus important de Gaza.\u00a0\" \/>\n<link rel=\"canonical\" href=\"https:\/\/www.webdo.tn\/fr\/actualite\/international\/gaza-l-onu-horrifiee-par-le-raid-de-l-armee-israelienne-a-l-hopital-al-chifa\/210130\/\" \/>\n<meta property=\"og:locale\" content=\"fr_FR\" \/>\n<meta property=\"og:type\" content=\"article\" \/>\n<meta property=\"og:title\" content=\"Gaza : L\u2019ONU \u00ab horrifi\u00e9e \u00bb par le raid de l\u2019arm\u00e9e isra\u00e9lienne \u00e0 l\u2019h\u00f4pital al-Chifa\" \/>\n<meta property=\"og:description\" content=\"La Croix-Rouge et l\u2019ONU sont \u00ab extr\u00eamement inquiets \u00bb apr\u00e8s l\u2019op\u00e9ration militaire de l\u2019arm\u00e9e isra\u00e9lienne dans l\u2019h\u00f4pital al-Chifa, le plus important de Gaza.\u00a0\" \/>\n<meta property=\"og:url\" content=\"https:\/\/www.webdo.tn\/fr\/actualite\/international\/gaza-l-onu-horrifiee-par-le-raid-de-l-armee-israelienne-a-l-hopital-al-chifa\/210130\/\" \/>\n<meta property=\"og:site_name\" content=\"webdo\" \/>\n<meta property=\"article:publisher\" content=\"https:\/\/www.facebook.com\/webdotn\" \/>\n<meta property=\"article:published_time\" content=\"2023-11-15T14:09:00+00:00\" \/>\n<meta property=\"article:modified_time\" content=\"2025-05-20T22:39:36+00:00\" \/>\n<meta property=\"og:image\" content=\"https:\/\/www.webdo.tn\/fr\/wp-content\/uploads\/2023\/11\/b4946ce8049a112f5d9c5f41a722da0f.jpeg\" \/>\n\t<meta property=\"og:image:width\" content=\"750\" \/>\n\t<meta property=\"og:image:height\" content=\"400\" \/>\n\t<meta property=\"og:image:type\" content=\"image\/jpeg\" \/>\n<meta name=\"author\" content=\"CL\" \/>\n<meta name=\"twitter:card\" content=\"summary_large_image\" \/>\n<meta name=\"twitter:creator\" content=\"@webdo_tn\" \/>\n<meta name=\"twitter:site\" content=\"@webdo_tn\" \/>\n<meta name=\"twitter:label1\" content=\"\u00c9crit par\" \/>\n\t<meta name=\"twitter:data1\" content=\"CL\" \/>\n\t<meta name=\"twitter:label2\" content=\"Dur\u00e9e de lecture estim\u00e9e\" \/>\n\t<meta name=\"twitter:data2\" content=\"1 minute\" \/>\n<script type=\"application\/ld+json\" class=\"yoast-schema-graph\">{\"@context\":\"https:\\\/\\\/schema.org\",\"@graph\":[{\"@type\":\"NewsArticle\",\"@id\":\"https:\\\/\\\/www.webdo.tn\\\/fr\\\/actualite\\\/international\\\/gaza-l-onu-horrifiee-par-le-raid-de-l-armee-israelienne-a-l-hopital-al-chifa\\\/210130\\\/#article\",\"isPartOf\":{\"@id\":\"https:\\\/\\\/www.webdo.tn\\\/fr\\\/actualite\\\/international\\\/gaza-l-onu-horrifiee-par-le-raid-de-l-armee-israelienne-a-l-hopital-al-chifa\\\/210130\\\/\"},\"author\":{\"name\":\"CL\",\"@id\":\"https:\\\/\\\/www.webdo.tn\\\/fr\\\/#\\\/schema\\\/person\\\/f35b42a42c5e2511bbd282959d6385cc\"},\"headline\":\"Gaza : L\u2019ONU \u00ab horrifi\u00e9e \u00bb par le raid de l\u2019arm\u00e9e isra\u00e9lienne \u00e0 l\u2019h\u00f4pital al-Chifa\",\"datePublished\":\"2023-11-15T14:09:00+00:00\",\"dateModified\":\"2025-05-20T22:39:36+00:00\",\"mainEntityOfPage\":{\"@id\":\"https:\\\/\\\/www.webdo.tn\\\/fr\\\/actualite\\\/international\\\/gaza-l-onu-horrifiee-par-le-raid-de-l-armee-israelienne-a-l-hopital-al-chifa\\\/210130\\\/\"},\"wordCount\":159,\"commentCount\":0,\"publisher\":{\"@id\":\"https:\\\/\\\/www.webdo.tn\\\/fr\\\/#organization\"},\"image\":{\"@id\":\"https:\\\/\\\/www.webdo.tn\\\/fr\\\/actualite\\\/international\\\/gaza-l-onu-horrifiee-par-le-raid-de-l-armee-israelienne-a-l-hopital-al-chifa\\\/210130\\\/#primaryimage\"},\"thumbnailUrl\":\"https:\\\/\\\/www.webdo.tn\\\/fr\\\/wp-content\\\/uploads\\\/2023\\\/11\\\/b4946ce8049a112f5d9c5f41a722da0f.jpeg\",\"keywords\":[\"Chifa\",\"Gaza\",\"H\u00f4pital\"],\"articleSection\":[\"International\"],\"inLanguage\":\"fr-FR\"},{\"@type\":\"WebPage\",\"@id\":\"https:\\\/\\\/www.webdo.tn\\\/fr\\\/actualite\\\/international\\\/gaza-l-onu-horrifiee-par-le-raid-de-l-armee-israelienne-a-l-hopital-al-chifa\\\/210130\\\/\",\"url\":\"https:\\\/\\\/www.webdo.tn\\\/fr\\\/actualite\\\/international\\\/gaza-l-onu-horrifiee-par-le-raid-de-l-armee-israelienne-a-l-hopital-al-chifa\\\/210130\\\/\",\"name\":\"Gaza : L\u2019ONU \u00ab horrifi\u00e9e \u00bb par le raid de l\u2019arm\u00e9e isra\u00e9lienne \u00e0 l\u2019h\u00f4pital al-Chifa\",\"isPartOf\":{\"@id\":\"https:\\\/\\\/www.webdo.tn\\\/fr\\\/#website\"},\"primaryImageOfPage\":{\"@id\":\"https:\\\/\\\/www.webdo.tn\\\/fr\\\/actualite\\\/international\\\/gaza-l-onu-horrifiee-par-le-raid-de-l-armee-israelienne-a-l-hopital-al-chifa\\\/210130\\\/#primaryimage\"},\"image\":{\"@id\":\"https:\\\/\\\/www.webdo.tn\\\/fr\\\/actualite\\\/international\\\/gaza-l-onu-horrifiee-par-le-raid-de-l-armee-israelienne-a-l-hopital-al-chifa\\\/210130\\\/#primaryimage\"},\"thumbnailUrl\":\"https:\\\/\\\/www.webdo.tn\\\/fr\\\/wp-content\\\/uploads\\\/2023\\\/11\\\/b4946ce8049a112f5d9c5f41a722da0f.jpeg\",\"datePublished\":\"2023-11-15T14:09:00+00:00\",\"dateModified\":\"2025-05-20T22:39:36+00:00\",\"description\":\"La Croix-Rouge et l\u2019ONU sont \u00ab extr\u00eamement inquiets \u00bb apr\u00e8s l\u2019op\u00e9ration militaire de l\u2019arm\u00e9e isra\u00e9lienne dans l\u2019h\u00f4pital al-Chifa, le plus important de Gaza.\u00a0\",\"breadcrumb\":{\"@id\":\"https:\\\/\\\/www.webdo.tn\\\/fr\\\/actualite\\\/international\\\/gaza-l-onu-horrifiee-par-le-raid-de-l-armee-israelienne-a-l-hopital-al-chifa\\\/210130\\\/#breadcrumb\"},\"inLanguage\":\"fr-FR\",\"potentialAction\":[{\"@type\":\"ReadAction\",\"target\":[\"https:\\\/\\\/www.webdo.tn\\\/fr\\\/actualite\\\/international\\\/gaza-l-onu-horrifiee-par-le-raid-de-l-armee-israelienne-a-l-hopital-al-chifa\\\/210130\\\/\"]}]},{\"@type\":\"ImageObject\",\"inLanguage\":\"fr-FR\",\"@id\":\"https:\\\/\\\/www.webdo.tn\\\/fr\\\/actualite\\\/international\\\/gaza-l-onu-horrifiee-par-le-raid-de-l-armee-israelienne-a-l-hopital-al-chifa\\\/210130\\\/#primaryimage\",\"url\":\"https:\\\/\\\/www.webdo.tn\\\/fr\\\/wp-content\\\/uploads\\\/2023\\\/11\\\/b4946ce8049a112f5d9c5f41a722da0f.jpeg\",\"contentUrl\":\"https:\\\/\\\/www.webdo.tn\\\/fr\\\/wp-content\\\/uploads\\\/2023\\\/11\\\/b4946ce8049a112f5d9c5f41a722da0f.jpeg\",\"width\":750,\"height\":400,\"caption\":\"Gaza : L\u2019ONU \u00ab horrifi\u00e9e \u00bb par le raid de l\u2019arm\u00e9e isra\u00e9lienne \u00e0 l\u2019h\u00f4pital al-Chifa\"},{\"@type\":\"BreadcrumbList\",\"@id\":\"https:\\\/\\\/www.webdo.tn\\\/fr\\\/actualite\\\/international\\\/gaza-l-onu-horrifiee-par-le-raid-de-l-armee-israelienne-a-l-hopital-al-chifa\\\/210130\\\/#breadcrumb\",\"itemListElement\":[{\"@type\":\"ListItem\",\"position\":1,\"name\":\"Accueil\",\"item\":\"https:\\\/\\\/www.webdo.tn\\\/fr\\\/\"},{\"@type\":\"ListItem\",\"position\":2,\"name\":\"Gaza : L\u2019ONU \u00ab horrifi\u00e9e \u00bb par le raid de l\u2019arm\u00e9e isra\u00e9lienne \u00e0 l\u2019h\u00f4pital al-Chifa\"}]},{\"@type\":\"WebSite\",\"@id\":\"https:\\\/\\\/www.webdo.tn\\\/fr\\\/#website\",\"url\":\"https:\\\/\\\/www.webdo.tn\\\/fr\\\/\",\"name\":\"webdo\",\"description\":\"Tunisie - News en Tunisie et \u00e0 l&#039;international sur Webdo.tn\",\"publisher\":{\"@id\":\"https:\\\/\\\/www.webdo.tn\\\/fr\\\/#organization\"},\"potentialAction\":[{\"@type\":\"SearchAction\",\"target\":{\"@type\":\"EntryPoint\",\"urlTemplate\":\"https:\\\/\\\/www.webdo.tn\\\/fr\\\/?s={search_term_string}\"},\"query-input\":{\"@type\":\"PropertyValueSpecification\",\"valueRequired\":true,\"valueName\":\"search_term_string\"}}],\"inLanguage\":\"fr-FR\"},{\"@type\":\"Organization\",\"@id\":\"https:\\\/\\\/www.webdo.tn\\\/fr\\\/#organization\",\"name\":\"Webdo\",\"alternateName\":\"Webdo.tn\",\"url\":\"https:\\\/\\\/www.webdo.tn\\\/fr\\\/\",\"logo\":{\"@type\":\"ImageObject\",\"inLanguage\":\"fr-FR\",\"@id\":\"https:\\\/\\\/www.webdo.tn\\\/fr\\\/#\\\/schema\\\/logo\\\/image\\\/\",\"url\":\"https:\\\/\\\/www.webdo.tn\\\/fr\\\/wp-content\\\/uploads\\\/2025\\\/06\\\/Webdo-Tunisie_168377.jpg\",\"contentUrl\":\"https:\\\/\\\/www.webdo.tn\\\/fr\\\/wp-content\\\/uploads\\\/2025\\\/06\\\/Webdo-Tunisie_168377.jpg\",\"width\":301,\"height\":301,\"caption\":\"Webdo\"},\"image\":{\"@id\":\"https:\\\/\\\/www.webdo.tn\\\/fr\\\/#\\\/schema\\\/logo\\\/image\\\/\"},\"sameAs\":[\"https:\\\/\\\/www.facebook.com\\\/webdotn\",\"https:\\\/\\\/x.com\\\/webdo_tn\"],\"description\":\"Webdo est un m\u00e9dia num\u00e9rique tunisien fond\u00e9 en 2010, sp\u00e9cialis\u00e9 dans l\u2019actualit\u00e9 nationale et internationale, l\u2019\u00e9conomie, la soci\u00e9t\u00e9 et les analyses politiques. Le site s\u2019adresse \u00e0 un large public francophone et couvre l\u2019information tunisienne en temps r\u00e9el.\",\"email\":\"redac@webdo.tn\",\"legalName\":\"YNJ SARL\",\"foundingDate\":\"2010-09-06\",\"numberOfEmployees\":{\"@type\":\"QuantitativeValue\",\"minValue\":\"11\",\"maxValue\":\"50\"}},{\"@type\":\"Person\",\"@id\":\"https:\\\/\\\/www.webdo.tn\\\/fr\\\/#\\\/schema\\\/person\\\/f35b42a42c5e2511bbd282959d6385cc\",\"name\":\"CL\",\"image\":{\"@type\":\"ImageObject\",\"inLanguage\":\"fr-FR\",\"@id\":\"https:\\\/\\\/secure.gravatar.com\\\/avatar\\\/1447a49909b67aa657c488aec6512e1dd6143a480c1ecfee9b5b5cd74eb3b59e?s=96&d=mm&r=g\",\"url\":\"https:\\\/\\\/secure.gravatar.com\\\/avatar\\\/1447a49909b67aa657c488aec6512e1dd6143a480c1ecfee9b5b5cd74eb3b59e?s=96&d=mm&r=g\",\"contentUrl\":\"https:\\\/\\\/secure.gravatar.com\\\/avatar\\\/1447a49909b67aa657c488aec6512e1dd6143a480c1ecfee9b5b5cd74eb3b59e?s=96&d=mm&r=g\",\"caption\":\"CL\"},\"url\":\"https:\\\/\\\/www.webdo.tn\\\/fr\\\/actualite\\\/author\\\/cl\\\/\"}]}<\/script>\n<!-- \/ Yoast SEO Premium plugin. -->","yoast_head_json":{"title":"Gaza : L\u2019ONU \u00ab horrifi\u00e9e \u00bb par le raid de l\u2019arm\u00e9e isra\u00e9lienne \u00e0 l\u2019h\u00f4pital al-Chifa","description":"La Croix-Rouge et l\u2019ONU sont \u00ab extr\u00eamement inquiets \u00bb apr\u00e8s l\u2019op\u00e9ration militaire de l\u2019arm\u00e9e isra\u00e9lienne dans l\u2019h\u00f4pital al-Chifa, le plus important de Gaza.\u00a0","canonical":"https:\/\/www.webdo.tn\/fr\/actualite\/international\/gaza-l-onu-horrifiee-par-le-raid-de-l-armee-israelienne-a-l-hopital-al-chifa\/210130\/","og_locale":"fr_FR","og_type":"article","og_title":"Gaza : L\u2019ONU \u00ab horrifi\u00e9e \u00bb par le raid de l\u2019arm\u00e9e isra\u00e9lienne \u00e0 l\u2019h\u00f4pital al-Chifa","og_description":"La Croix-Rouge et l\u2019ONU sont \u00ab extr\u00eamement inquiets \u00bb apr\u00e8s l\u2019op\u00e9ration militaire de l\u2019arm\u00e9e isra\u00e9lienne dans l\u2019h\u00f4pital al-Chifa, le plus important de Gaza.\u00a0","og_url":"https:\/\/www.webdo.tn\/fr\/actualite\/international\/gaza-l-onu-horrifiee-par-le-raid-de-l-armee-israelienne-a-l-hopital-al-chifa\/210130\/","og_site_name":"webdo","article_publisher":"https:\/\/www.facebook.com\/webdotn","article_published_time":"2023-11-15T14:09:00+00:00","article_modified_time":"2025-05-20T22:39:36+00:00","og_image":[{"width":750,"height":400,"url":"https:\/\/www.webdo.tn\/fr\/wp-content\/uploads\/2023\/11\/b4946ce8049a112f5d9c5f41a722da0f.jpeg","type":"image\/jpeg"}],"author":"CL","twitter_card":"summary_large_image","twitter_creator":"@webdo_tn","twitter_site":"@webdo_tn","twitter_misc":{"\u00c9crit par":"CL","Dur\u00e9e de lecture estim\u00e9e":"1 minute"},"schema":{"@context":"https:\/\/schema.org","@graph":[{"@type":"NewsArticle","@id":"https:\/\/www.webdo.tn\/fr\/actualite\/international\/gaza-l-onu-horrifiee-par-le-raid-de-l-armee-israelienne-a-l-hopital-al-chifa\/210130\/#article","isPartOf":{"@id":"https:\/\/www.webdo.tn\/fr\/actualite\/international\/gaza-l-onu-horrifiee-par-le-raid-de-l-armee-israelienne-a-l-hopital-al-chifa\/210130\/"},"author":{"name":"CL","@id":"https:\/\/www.webdo.tn\/fr\/#\/schema\/person\/f35b42a42c5e2511bbd282959d6385cc"},"headline":"Gaza : L\u2019ONU \u00ab horrifi\u00e9e \u00bb par le raid de l\u2019arm\u00e9e isra\u00e9lienne \u00e0 l\u2019h\u00f4pital al-Chifa","datePublished":"2023-11-15T14:09:00+00:00","dateModified":"2025-05-20T22:39:36+00:00","mainEntityOfPage":{"@id":"https:\/\/www.webdo.tn\/fr\/actualite\/international\/gaza-l-onu-horrifiee-par-le-raid-de-l-armee-israelienne-a-l-hopital-al-chifa\/210130\/"},"wordCount":159,"commentCount":0,"publisher":{"@id":"https:\/\/www.webdo.tn\/fr\/#organization"},"image":{"@id":"https:\/\/www.webdo.tn\/fr\/actualite\/international\/gaza-l-onu-horrifiee-par-le-raid-de-l-armee-israelienne-a-l-hopital-al-chifa\/210130\/#primaryimage"},"thumbnailUrl":"https:\/\/www.webdo.tn\/fr\/wp-content\/uploads\/2023\/11\/b4946ce8049a112f5d9c5f41a722da0f.jpeg","keywords":["Chifa","Gaza","H\u00f4pital"],"articleSection":["International"],"inLanguage":"fr-FR"},{"@type":"WebPage","@id":"https:\/\/www.webdo.tn\/fr\/actualite\/international\/gaza-l-onu-horrifiee-par-le-raid-de-l-armee-israelienne-a-l-hopital-al-chifa\/210130\/","url":"https:\/\/www.webdo.tn\/fr\/actualite\/international\/gaza-l-onu-horrifiee-par-le-raid-de-l-armee-israelienne-a-l-hopital-al-chifa\/210130\/","name":"Gaza : L\u2019ONU \u00ab horrifi\u00e9e \u00bb par le raid de l\u2019arm\u00e9e isra\u00e9lienne \u00e0 l\u2019h\u00f4pital al-Chifa","isPartOf":{"@id":"https:\/\/www.webdo.tn\/fr\/#website"},"primaryImageOfPage":{"@id":"https:\/\/www.webdo.tn\/fr\/actualite\/international\/gaza-l-onu-horrifiee-par-le-raid-de-l-armee-israelienne-a-l-hopital-al-chifa\/210130\/#primaryimage"},"image":{"@id":"https:\/\/www.webdo.tn\/fr\/actualite\/international\/gaza-l-onu-horrifiee-par-le-raid-de-l-armee-israelienne-a-l-hopital-al-chifa\/210130\/#primaryimage"},"thumbnailUrl":"https:\/\/www.webdo.tn\/fr\/wp-content\/uploads\/2023\/11\/b4946ce8049a112f5d9c5f41a722da0f.jpeg","datePublished":"2023-11-15T14:09:00+00:00","dateModified":"2025-05-20T22:39:36+00:00","description":"La Croix-Rouge et l\u2019ONU sont \u00ab extr\u00eamement inquiets \u00bb apr\u00e8s l\u2019op\u00e9ration militaire de l\u2019arm\u00e9e isra\u00e9lienne dans l\u2019h\u00f4pital al-Chifa, le plus important de Gaza.\u00a0","breadcrumb":{"@id":"https:\/\/www.webdo.tn\/fr\/actualite\/international\/gaza-l-onu-horrifiee-par-le-raid-de-l-armee-israelienne-a-l-hopital-al-chifa\/210130\/#breadcrumb"},"inLanguage":"fr-FR","potentialAction":[{"@type":"ReadAction","target":["https:\/\/www.webdo.tn\/fr\/actualite\/international\/gaza-l-onu-horrifiee-par-le-raid-de-l-armee-israelienne-a-l-hopital-al-chifa\/210130\/"]}]},{"@type":"ImageObject","inLanguage":"fr-FR","@id":"https:\/\/www.webdo.tn\/fr\/actualite\/international\/gaza-l-onu-horrifiee-par-le-raid-de-l-armee-israelienne-a-l-hopital-al-chifa\/210130\/#primaryimage","url":"https:\/\/www.webdo.tn\/fr\/wp-content\/uploads\/2023\/11\/b4946ce8049a112f5d9c5f41a722da0f.jpeg","contentUrl":"https:\/\/www.webdo.tn\/fr\/wp-content\/uploads\/2023\/11\/b4946ce8049a112f5d9c5f41a722da0f.jpeg","width":750,"height":400,"caption":"Gaza : L\u2019ONU \u00ab horrifi\u00e9e \u00bb par le raid de l\u2019arm\u00e9e isra\u00e9lienne \u00e0 l\u2019h\u00f4pital al-Chifa"},{"@type":"BreadcrumbList","@id":"https:\/\/www.webdo.tn\/fr\/actualite\/international\/gaza-l-onu-horrifiee-par-le-raid-de-l-armee-israelienne-a-l-hopital-al-chifa\/210130\/#breadcrumb","itemListElement":[{"@type":"ListItem","position":1,"name":"Accueil","item":"https:\/\/www.webdo.tn\/fr\/"},{"@type":"ListItem","position":2,"name":"Gaza : L\u2019ONU \u00ab horrifi\u00e9e \u00bb par le raid de l\u2019arm\u00e9e isra\u00e9lienne \u00e0 l\u2019h\u00f4pital al-Chifa"}]},{"@type":"WebSite","@id":"https:\/\/www.webdo.tn\/fr\/#website","url":"https:\/\/www.webdo.tn\/fr\/","name":"webdo","description":"Tunisie - News en Tunisie et \u00e0 l&#039;international sur Webdo.tn","publisher":{"@id":"https:\/\/www.webdo.tn\/fr\/#organization"},"potentialAction":[{"@type":"SearchAction","target":{"@type":"EntryPoint","urlTemplate":"https:\/\/www.webdo.tn\/fr\/?s={search_term_string}"},"query-input":{"@type":"PropertyValueSpecification","valueRequired":true,"valueName":"search_term_string"}}],"inLanguage":"fr-FR"},{"@type":"Organization","@id":"https:\/\/www.webdo.tn\/fr\/#organization","name":"Webdo","alternateName":"Webdo.tn","url":"https:\/\/www.webdo.tn\/fr\/","logo":{"@type":"ImageObject","inLanguage":"fr-FR","@id":"https:\/\/www.webdo.tn\/fr\/#\/schema\/logo\/image\/","url":"https:\/\/www.webdo.tn\/fr\/wp-content\/uploads\/2025\/06\/Webdo-Tunisie_168377.jpg","contentUrl":"https:\/\/www.webdo.tn\/fr\/wp-content\/uploads\/2025\/06\/Webdo-Tunisie_168377.jpg","width":301,"height":301,"caption":"Webdo"},"image":{"@id":"https:\/\/www.webdo.tn\/fr\/#\/schema\/logo\/image\/"},"sameAs":["https:\/\/www.facebook.com\/webdotn","https:\/\/x.com\/webdo_tn"],"description":"Webdo est un m\u00e9dia num\u00e9rique tunisien fond\u00e9 en 2010, sp\u00e9cialis\u00e9 dans l\u2019actualit\u00e9 nationale et internationale, l\u2019\u00e9conomie, la soci\u00e9t\u00e9 et les analyses politiques. Le site s\u2019adresse \u00e0 un large public francophone et couvre l\u2019information tunisienne en temps r\u00e9el.","email":"redac@webdo.tn","legalName":"YNJ SARL","foundingDate":"2010-09-06","numberOfEmployees":{"@type":"QuantitativeValue","minValue":"11","maxValue":"50"}},{"@type":"Person","@id":"https:\/\/www.webdo.tn\/fr\/#\/schema\/person\/f35b42a42c5e2511bbd282959d6385cc","name":"CL","image":{"@type":"ImageObject","inLanguage":"fr-FR","@id":"https:\/\/secure.gravatar.com\/avatar\/1447a49909b67aa657c488aec6512e1dd6143a480c1ecfee9b5b5cd74eb3b59e?s=96&d=mm&r=g","url":"https:\/\/secure.gravatar.com\/avatar\/1447a49909b67aa657c488aec6512e1dd6143a480c1ecfee9b5b5cd74eb3b59e?s=96&d=mm&r=g","contentUrl":"https:\/\/secure.gravatar.com\/avatar\/1447a49909b67aa657c488aec6512e1dd6143a480c1ecfee9b5b5cd74eb3b59e?s=96&d=mm&r=g","caption":"CL"},"url":"https:\/\/www.webdo.tn\/fr\/actualite\/author\/cl\/"}]}},"_links":{"self":[{"href":"https:\/\/www.webdo.tn\/fr\/wp-json\/wp\/v2\/posts\/210130","targetHints":{"allow":["GET"]}}],"collection":[{"href":"https:\/\/www.webdo.tn\/fr\/wp-json\/wp\/v2\/posts"}],"about":[{"href":"https:\/\/www.webdo.tn\/fr\/wp-json\/wp\/v2\/types\/post"}],"author":[{"embeddable":true,"href":"https:\/\/www.webdo.tn\/fr\/wp-json\/wp\/v2\/users\/3175"}],"replies":[{"embeddable":true,"href":"https:\/\/www.webdo.tn\/fr\/wp-json\/wp\/v2\/comments?post=210130"}],"version-history":[{"count":0,"href":"https:\/\/www.webdo.tn\/fr\/wp-json\/wp\/v2\/posts\/210130\/revisions"}],"wp:featuredmedia":[{"embeddable":true,"href":"https:\/\/www.webdo.tn\/fr\/wp-json\/wp\/v2\/media\/248768"}],"wp:attachment":[{"href":"https:\/\/www.webdo.tn\/fr\/wp-json\/wp\/v2\/media?parent=210130"}],"wp:term":[{"taxonomy":"category","embeddable":true,"href":"https:\/\/www.webdo.tn\/fr\/wp-json\/wp\/v2\/categories?post=210130"},{"taxonomy":"post_tag","embeddable":true,"href":"https:\/\/www.webdo.tn\/fr\/wp-json\/wp\/v2\/tags?post=210130"}],"curies":[{"name":"wp","href":"https:\/\/api.w.org\/{rel}","templated":true}]}}