{"id":210129,"date":"2023-11-15T13:19:00","date_gmt":"2023-11-15T13:19:00","guid":{"rendered":"https:\/\/www.webdo.tn\/fr\/blog\/nouveau-succes-medical-a-l-hopital-habib-bourguiba-a-sfax\/210129\/"},"modified":"2025-05-20T22:52:26","modified_gmt":"2025-05-20T22:52:26","slug":"nouveau-succes-medical-a-l-hopital-habib-bourguiba-a-sfax","status":"publish","type":"post","link":"https:\/\/www.webdo.tn\/fr\/actualite\/national\/nouveau-succes-medical-a-l-hopital-habib-bourguiba-a-sfax\/210129\/","title":{"rendered":"Nouveau succ\u00e8s m\u00e9dical \u00e0 l&rsquo;h\u00f4pital Habib Bourguiba \u00e0 Sfax"},"content":{"rendered":"<p>Un nouveau succ\u00e8s m\u00e9dical a \u00e9t\u00e9 r\u00e9alis\u00e9 r\u00e9cemment \u00e0 l&rsquo;h\u00f4pital universitaire Habib Bourguiba \u00e0 Sfax.<\/p>\n<p>\u00a0<\/p>\n<p>Selon un communiqu\u00e9 publi\u00e9 sur la page officiel du minist\u00e8re de la sant\u00e9, il s\u2019agit d\u2019une lobectomie inf\u00e9rieure gauche \u00e9largie \u00e0 l&rsquo;oreillette gauche par vid\u00e9o thoracoscopie uniportale.<\/p>\n<p>R\u00e9alis\u00e9e par le service de chirurgie cardio-vasculaire et thoracique \u00e0 l&rsquo;h\u00f4pital universitaire Habib Bourguiba \u00e0 Sfax, cette op\u00e9ration d\u00e9licate est la premi\u00e8re du genre en Tunisie.<\/p>\n<p>D\u2019apr\u00e8s la m\u00eame source, le patient a quitt\u00e9 l&rsquo;h\u00f4pital, en bon \u00e9tat, quelques jours apr\u00e8s la r\u00e9alisation de cette op\u00e9ration.<\/p>\n","protected":false},"excerpt":{"rendered":"<p>Un nouveau succ\u00e8s m\u00e9dical a \u00e9t\u00e9 r\u00e9alis\u00e9 r\u00e9cemment \u00e0 l&rsquo;h\u00f4pital universitaire Habib Bourguiba \u00e0 Sfax.<\/p>\n","protected":false},"author":3175,"featured_media":289867,"comment_status":"open","ping_status":"closed","sticky":false,"template":"","format":"standard","meta":{"footnotes":""},"categories":[44],"tags":[2700,2675,2608],"class_list":["post-210129","post","type-post","status-publish","format-standard","has-post-thumbnail","hentry","category-national","tag-medecine","tag-sfax","tag-tunisie"],"yoast_head":"<!-- This site is optimized with the Yoast SEO Premium plugin v27.5 (Yoast SEO v27.5) - https:\/\/yoast.com\/product\/yoast-seo-premium-wordpress\/ -->\n<title>Nouveau succ\u00e8s m\u00e9dical \u00e0 l&#039;h\u00f4pital Habib Bourguiba \u00e0 Sfax<\/title>\n<meta name=\"description\" content=\"Un nouveau succ\u00e8s m\u00e9dical a \u00e9t\u00e9 r\u00e9alis\u00e9 r\u00e9cemment \u00e0 l&#039;h\u00f4pital universitaire Habib Bourguiba \u00e0 Sfax.\" \/>\n<link rel=\"canonical\" href=\"https:\/\/www.webdo.tn\/fr\/actualite\/national\/nouveau-succes-medical-a-l-hopital-habib-bourguiba-a-sfax\/210129\/\" \/>\n<meta property=\"og:locale\" content=\"fr_FR\" \/>\n<meta property=\"og:type\" content=\"article\" \/>\n<meta property=\"og:title\" content=\"Nouveau succ\u00e8s m\u00e9dical \u00e0 l&#039;h\u00f4pital Habib Bourguiba \u00e0 Sfax\" \/>\n<meta property=\"og:description\" content=\"Un nouveau succ\u00e8s m\u00e9dical a \u00e9t\u00e9 r\u00e9alis\u00e9 r\u00e9cemment \u00e0 l&#039;h\u00f4pital universitaire Habib Bourguiba \u00e0 Sfax.\" \/>\n<meta property=\"og:url\" content=\"https:\/\/www.webdo.tn\/fr\/actualite\/national\/nouveau-succes-medical-a-l-hopital-habib-bourguiba-a-sfax\/210129\/\" \/>\n<meta property=\"og:site_name\" content=\"webdo\" \/>\n<meta property=\"article:publisher\" content=\"https:\/\/www.facebook.com\/webdotn\" \/>\n<meta property=\"article:published_time\" content=\"2023-11-15T13:19:00+00:00\" \/>\n<meta property=\"article:modified_time\" content=\"2025-05-20T22:52:26+00:00\" \/>\n<meta property=\"og:image\" content=\"https:\/\/www.webdo.tn\/fr\/wp-content\/uploads\/2023\/11\/7bc38419a938b14750b6a087c0c8153d.jpg\" \/>\n\t<meta property=\"og:image:width\" content=\"630\" \/>\n\t<meta property=\"og:image:height\" content=\"336\" \/>\n\t<meta property=\"og:image:type\" content=\"image\/jpeg\" \/>\n<meta name=\"author\" content=\"CL\" \/>\n<meta name=\"twitter:card\" content=\"summary_large_image\" \/>\n<meta name=\"twitter:creator\" content=\"@webdo_tn\" \/>\n<meta name=\"twitter:site\" content=\"@webdo_tn\" \/>\n<meta name=\"twitter:label1\" content=\"\u00c9crit par\" \/>\n\t<meta name=\"twitter:data1\" content=\"CL\" \/>\n\t<meta name=\"twitter:label2\" content=\"Dur\u00e9e de lecture estim\u00e9e\" \/>\n\t<meta name=\"twitter:data2\" content=\"1 minute\" \/>\n<script type=\"application\/ld+json\" class=\"yoast-schema-graph\">{\"@context\":\"https:\\\/\\\/schema.org\",\"@graph\":[{\"@type\":\"NewsArticle\",\"@id\":\"https:\\\/\\\/www.webdo.tn\\\/fr\\\/actualite\\\/national\\\/nouveau-succes-medical-a-l-hopital-habib-bourguiba-a-sfax\\\/210129\\\/#article\",\"isPartOf\":{\"@id\":\"https:\\\/\\\/www.webdo.tn\\\/fr\\\/actualite\\\/national\\\/nouveau-succes-medical-a-l-hopital-habib-bourguiba-a-sfax\\\/210129\\\/\"},\"author\":{\"name\":\"CL\",\"@id\":\"https:\\\/\\\/www.webdo.tn\\\/fr\\\/#\\\/schema\\\/person\\\/f35b42a42c5e2511bbd282959d6385cc\"},\"headline\":\"Nouveau succ\u00e8s m\u00e9dical \u00e0 l&rsquo;h\u00f4pital Habib Bourguiba \u00e0 Sfax\",\"datePublished\":\"2023-11-15T13:19:00+00:00\",\"dateModified\":\"2025-05-20T22:52:26+00:00\",\"mainEntityOfPage\":{\"@id\":\"https:\\\/\\\/www.webdo.tn\\\/fr\\\/actualite\\\/national\\\/nouveau-succes-medical-a-l-hopital-habib-bourguiba-a-sfax\\\/210129\\\/\"},\"wordCount\":121,\"commentCount\":0,\"publisher\":{\"@id\":\"https:\\\/\\\/www.webdo.tn\\\/fr\\\/#organization\"},\"image\":{\"@id\":\"https:\\\/\\\/www.webdo.tn\\\/fr\\\/actualite\\\/national\\\/nouveau-succes-medical-a-l-hopital-habib-bourguiba-a-sfax\\\/210129\\\/#primaryimage\"},\"thumbnailUrl\":\"https:\\\/\\\/www.webdo.tn\\\/fr\\\/wp-content\\\/uploads\\\/2023\\\/11\\\/7bc38419a938b14750b6a087c0c8153d.jpg\",\"keywords\":[\"m\u00e9decine\",\"Sfax\",\"Tunisie\"],\"articleSection\":[\"National\"],\"inLanguage\":\"fr-FR\"},{\"@type\":\"WebPage\",\"@id\":\"https:\\\/\\\/www.webdo.tn\\\/fr\\\/actualite\\\/national\\\/nouveau-succes-medical-a-l-hopital-habib-bourguiba-a-sfax\\\/210129\\\/\",\"url\":\"https:\\\/\\\/www.webdo.tn\\\/fr\\\/actualite\\\/national\\\/nouveau-succes-medical-a-l-hopital-habib-bourguiba-a-sfax\\\/210129\\\/\",\"name\":\"Nouveau succ\u00e8s m\u00e9dical \u00e0 l'h\u00f4pital Habib Bourguiba \u00e0 Sfax\",\"isPartOf\":{\"@id\":\"https:\\\/\\\/www.webdo.tn\\\/fr\\\/#website\"},\"primaryImageOfPage\":{\"@id\":\"https:\\\/\\\/www.webdo.tn\\\/fr\\\/actualite\\\/national\\\/nouveau-succes-medical-a-l-hopital-habib-bourguiba-a-sfax\\\/210129\\\/#primaryimage\"},\"image\":{\"@id\":\"https:\\\/\\\/www.webdo.tn\\\/fr\\\/actualite\\\/national\\\/nouveau-succes-medical-a-l-hopital-habib-bourguiba-a-sfax\\\/210129\\\/#primaryimage\"},\"thumbnailUrl\":\"https:\\\/\\\/www.webdo.tn\\\/fr\\\/wp-content\\\/uploads\\\/2023\\\/11\\\/7bc38419a938b14750b6a087c0c8153d.jpg\",\"datePublished\":\"2023-11-15T13:19:00+00:00\",\"dateModified\":\"2025-05-20T22:52:26+00:00\",\"description\":\"Un nouveau succ\u00e8s m\u00e9dical a \u00e9t\u00e9 r\u00e9alis\u00e9 r\u00e9cemment \u00e0 l'h\u00f4pital universitaire Habib Bourguiba \u00e0 Sfax.\",\"breadcrumb\":{\"@id\":\"https:\\\/\\\/www.webdo.tn\\\/fr\\\/actualite\\\/national\\\/nouveau-succes-medical-a-l-hopital-habib-bourguiba-a-sfax\\\/210129\\\/#breadcrumb\"},\"inLanguage\":\"fr-FR\",\"potentialAction\":[{\"@type\":\"ReadAction\",\"target\":[\"https:\\\/\\\/www.webdo.tn\\\/fr\\\/actualite\\\/national\\\/nouveau-succes-medical-a-l-hopital-habib-bourguiba-a-sfax\\\/210129\\\/\"]}]},{\"@type\":\"ImageObject\",\"inLanguage\":\"fr-FR\",\"@id\":\"https:\\\/\\\/www.webdo.tn\\\/fr\\\/actualite\\\/national\\\/nouveau-succes-medical-a-l-hopital-habib-bourguiba-a-sfax\\\/210129\\\/#primaryimage\",\"url\":\"https:\\\/\\\/www.webdo.tn\\\/fr\\\/wp-content\\\/uploads\\\/2023\\\/11\\\/7bc38419a938b14750b6a087c0c8153d.jpg\",\"contentUrl\":\"https:\\\/\\\/www.webdo.tn\\\/fr\\\/wp-content\\\/uploads\\\/2023\\\/11\\\/7bc38419a938b14750b6a087c0c8153d.jpg\",\"width\":630,\"height\":336,\"caption\":\"Nouveau succ\u00e8s m\u00e9dical \u00e0 l'h\u00f4pital Habib Bourguiba \u00e0 Sfax\"},{\"@type\":\"BreadcrumbList\",\"@id\":\"https:\\\/\\\/www.webdo.tn\\\/fr\\\/actualite\\\/national\\\/nouveau-succes-medical-a-l-hopital-habib-bourguiba-a-sfax\\\/210129\\\/#breadcrumb\",\"itemListElement\":[{\"@type\":\"ListItem\",\"position\":1,\"name\":\"Accueil\",\"item\":\"https:\\\/\\\/www.webdo.tn\\\/fr\\\/\"},{\"@type\":\"ListItem\",\"position\":2,\"name\":\"Nouveau succ\u00e8s m\u00e9dical \u00e0 l&rsquo;h\u00f4pital Habib Bourguiba \u00e0 Sfax\"}]},{\"@type\":\"WebSite\",\"@id\":\"https:\\\/\\\/www.webdo.tn\\\/fr\\\/#website\",\"url\":\"https:\\\/\\\/www.webdo.tn\\\/fr\\\/\",\"name\":\"webdo\",\"description\":\"Tunisie - News en Tunisie et \u00e0 l&#039;international sur Webdo.tn\",\"publisher\":{\"@id\":\"https:\\\/\\\/www.webdo.tn\\\/fr\\\/#organization\"},\"potentialAction\":[{\"@type\":\"SearchAction\",\"target\":{\"@type\":\"EntryPoint\",\"urlTemplate\":\"https:\\\/\\\/www.webdo.tn\\\/fr\\\/?s={search_term_string}\"},\"query-input\":{\"@type\":\"PropertyValueSpecification\",\"valueRequired\":true,\"valueName\":\"search_term_string\"}}],\"inLanguage\":\"fr-FR\"},{\"@type\":\"Organization\",\"@id\":\"https:\\\/\\\/www.webdo.tn\\\/fr\\\/#organization\",\"name\":\"Webdo\",\"alternateName\":\"Webdo.tn\",\"url\":\"https:\\\/\\\/www.webdo.tn\\\/fr\\\/\",\"logo\":{\"@type\":\"ImageObject\",\"inLanguage\":\"fr-FR\",\"@id\":\"https:\\\/\\\/www.webdo.tn\\\/fr\\\/#\\\/schema\\\/logo\\\/image\\\/\",\"url\":\"https:\\\/\\\/www.webdo.tn\\\/fr\\\/wp-content\\\/uploads\\\/2025\\\/06\\\/Webdo-Tunisie_168377.jpg\",\"contentUrl\":\"https:\\\/\\\/www.webdo.tn\\\/fr\\\/wp-content\\\/uploads\\\/2025\\\/06\\\/Webdo-Tunisie_168377.jpg\",\"width\":301,\"height\":301,\"caption\":\"Webdo\"},\"image\":{\"@id\":\"https:\\\/\\\/www.webdo.tn\\\/fr\\\/#\\\/schema\\\/logo\\\/image\\\/\"},\"sameAs\":[\"https:\\\/\\\/www.facebook.com\\\/webdotn\",\"https:\\\/\\\/x.com\\\/webdo_tn\"],\"description\":\"Webdo est un m\u00e9dia num\u00e9rique tunisien fond\u00e9 en 2010, sp\u00e9cialis\u00e9 dans l\u2019actualit\u00e9 nationale et internationale, l\u2019\u00e9conomie, la soci\u00e9t\u00e9 et les analyses politiques. Le site s\u2019adresse \u00e0 un large public francophone et couvre l\u2019information tunisienne en temps r\u00e9el.\",\"email\":\"redac@webdo.tn\",\"legalName\":\"YNJ SARL\",\"foundingDate\":\"2010-09-06\",\"numberOfEmployees\":{\"@type\":\"QuantitativeValue\",\"minValue\":\"11\",\"maxValue\":\"50\"}},{\"@type\":\"Person\",\"@id\":\"https:\\\/\\\/www.webdo.tn\\\/fr\\\/#\\\/schema\\\/person\\\/f35b42a42c5e2511bbd282959d6385cc\",\"name\":\"CL\",\"image\":{\"@type\":\"ImageObject\",\"inLanguage\":\"fr-FR\",\"@id\":\"https:\\\/\\\/secure.gravatar.com\\\/avatar\\\/1447a49909b67aa657c488aec6512e1dd6143a480c1ecfee9b5b5cd74eb3b59e?s=96&d=mm&r=g\",\"url\":\"https:\\\/\\\/secure.gravatar.com\\\/avatar\\\/1447a49909b67aa657c488aec6512e1dd6143a480c1ecfee9b5b5cd74eb3b59e?s=96&d=mm&r=g\",\"contentUrl\":\"https:\\\/\\\/secure.gravatar.com\\\/avatar\\\/1447a49909b67aa657c488aec6512e1dd6143a480c1ecfee9b5b5cd74eb3b59e?s=96&d=mm&r=g\",\"caption\":\"CL\"},\"url\":\"https:\\\/\\\/www.webdo.tn\\\/fr\\\/actualite\\\/author\\\/cl\\\/\"}]}<\/script>\n<!-- \/ Yoast SEO Premium plugin. -->","yoast_head_json":{"title":"Nouveau succ\u00e8s m\u00e9dical \u00e0 l'h\u00f4pital Habib Bourguiba \u00e0 Sfax","description":"Un nouveau succ\u00e8s m\u00e9dical a \u00e9t\u00e9 r\u00e9alis\u00e9 r\u00e9cemment \u00e0 l'h\u00f4pital universitaire Habib Bourguiba \u00e0 Sfax.","canonical":"https:\/\/www.webdo.tn\/fr\/actualite\/national\/nouveau-succes-medical-a-l-hopital-habib-bourguiba-a-sfax\/210129\/","og_locale":"fr_FR","og_type":"article","og_title":"Nouveau succ\u00e8s m\u00e9dical \u00e0 l'h\u00f4pital Habib Bourguiba \u00e0 Sfax","og_description":"Un nouveau succ\u00e8s m\u00e9dical a \u00e9t\u00e9 r\u00e9alis\u00e9 r\u00e9cemment \u00e0 l'h\u00f4pital universitaire Habib Bourguiba \u00e0 Sfax.","og_url":"https:\/\/www.webdo.tn\/fr\/actualite\/national\/nouveau-succes-medical-a-l-hopital-habib-bourguiba-a-sfax\/210129\/","og_site_name":"webdo","article_publisher":"https:\/\/www.facebook.com\/webdotn","article_published_time":"2023-11-15T13:19:00+00:00","article_modified_time":"2025-05-20T22:52:26+00:00","og_image":[{"width":630,"height":336,"url":"https:\/\/www.webdo.tn\/fr\/wp-content\/uploads\/2023\/11\/7bc38419a938b14750b6a087c0c8153d.jpg","type":"image\/jpeg"}],"author":"CL","twitter_card":"summary_large_image","twitter_creator":"@webdo_tn","twitter_site":"@webdo_tn","twitter_misc":{"\u00c9crit par":"CL","Dur\u00e9e de lecture estim\u00e9e":"1 minute"},"schema":{"@context":"https:\/\/schema.org","@graph":[{"@type":"NewsArticle","@id":"https:\/\/www.webdo.tn\/fr\/actualite\/national\/nouveau-succes-medical-a-l-hopital-habib-bourguiba-a-sfax\/210129\/#article","isPartOf":{"@id":"https:\/\/www.webdo.tn\/fr\/actualite\/national\/nouveau-succes-medical-a-l-hopital-habib-bourguiba-a-sfax\/210129\/"},"author":{"name":"CL","@id":"https:\/\/www.webdo.tn\/fr\/#\/schema\/person\/f35b42a42c5e2511bbd282959d6385cc"},"headline":"Nouveau succ\u00e8s m\u00e9dical \u00e0 l&rsquo;h\u00f4pital Habib Bourguiba \u00e0 Sfax","datePublished":"2023-11-15T13:19:00+00:00","dateModified":"2025-05-20T22:52:26+00:00","mainEntityOfPage":{"@id":"https:\/\/www.webdo.tn\/fr\/actualite\/national\/nouveau-succes-medical-a-l-hopital-habib-bourguiba-a-sfax\/210129\/"},"wordCount":121,"commentCount":0,"publisher":{"@id":"https:\/\/www.webdo.tn\/fr\/#organization"},"image":{"@id":"https:\/\/www.webdo.tn\/fr\/actualite\/national\/nouveau-succes-medical-a-l-hopital-habib-bourguiba-a-sfax\/210129\/#primaryimage"},"thumbnailUrl":"https:\/\/www.webdo.tn\/fr\/wp-content\/uploads\/2023\/11\/7bc38419a938b14750b6a087c0c8153d.jpg","keywords":["m\u00e9decine","Sfax","Tunisie"],"articleSection":["National"],"inLanguage":"fr-FR"},{"@type":"WebPage","@id":"https:\/\/www.webdo.tn\/fr\/actualite\/national\/nouveau-succes-medical-a-l-hopital-habib-bourguiba-a-sfax\/210129\/","url":"https:\/\/www.webdo.tn\/fr\/actualite\/national\/nouveau-succes-medical-a-l-hopital-habib-bourguiba-a-sfax\/210129\/","name":"Nouveau succ\u00e8s m\u00e9dical \u00e0 l'h\u00f4pital Habib Bourguiba \u00e0 Sfax","isPartOf":{"@id":"https:\/\/www.webdo.tn\/fr\/#website"},"primaryImageOfPage":{"@id":"https:\/\/www.webdo.tn\/fr\/actualite\/national\/nouveau-succes-medical-a-l-hopital-habib-bourguiba-a-sfax\/210129\/#primaryimage"},"image":{"@id":"https:\/\/www.webdo.tn\/fr\/actualite\/national\/nouveau-succes-medical-a-l-hopital-habib-bourguiba-a-sfax\/210129\/#primaryimage"},"thumbnailUrl":"https:\/\/www.webdo.tn\/fr\/wp-content\/uploads\/2023\/11\/7bc38419a938b14750b6a087c0c8153d.jpg","datePublished":"2023-11-15T13:19:00+00:00","dateModified":"2025-05-20T22:52:26+00:00","description":"Un nouveau succ\u00e8s m\u00e9dical a \u00e9t\u00e9 r\u00e9alis\u00e9 r\u00e9cemment \u00e0 l'h\u00f4pital universitaire Habib Bourguiba \u00e0 Sfax.","breadcrumb":{"@id":"https:\/\/www.webdo.tn\/fr\/actualite\/national\/nouveau-succes-medical-a-l-hopital-habib-bourguiba-a-sfax\/210129\/#breadcrumb"},"inLanguage":"fr-FR","potentialAction":[{"@type":"ReadAction","target":["https:\/\/www.webdo.tn\/fr\/actualite\/national\/nouveau-succes-medical-a-l-hopital-habib-bourguiba-a-sfax\/210129\/"]}]},{"@type":"ImageObject","inLanguage":"fr-FR","@id":"https:\/\/www.webdo.tn\/fr\/actualite\/national\/nouveau-succes-medical-a-l-hopital-habib-bourguiba-a-sfax\/210129\/#primaryimage","url":"https:\/\/www.webdo.tn\/fr\/wp-content\/uploads\/2023\/11\/7bc38419a938b14750b6a087c0c8153d.jpg","contentUrl":"https:\/\/www.webdo.tn\/fr\/wp-content\/uploads\/2023\/11\/7bc38419a938b14750b6a087c0c8153d.jpg","width":630,"height":336,"caption":"Nouveau succ\u00e8s m\u00e9dical \u00e0 l'h\u00f4pital Habib Bourguiba \u00e0 Sfax"},{"@type":"BreadcrumbList","@id":"https:\/\/www.webdo.tn\/fr\/actualite\/national\/nouveau-succes-medical-a-l-hopital-habib-bourguiba-a-sfax\/210129\/#breadcrumb","itemListElement":[{"@type":"ListItem","position":1,"name":"Accueil","item":"https:\/\/www.webdo.tn\/fr\/"},{"@type":"ListItem","position":2,"name":"Nouveau succ\u00e8s m\u00e9dical \u00e0 l&rsquo;h\u00f4pital Habib Bourguiba \u00e0 Sfax"}]},{"@type":"WebSite","@id":"https:\/\/www.webdo.tn\/fr\/#website","url":"https:\/\/www.webdo.tn\/fr\/","name":"webdo","description":"Tunisie - News en Tunisie et \u00e0 l&#039;international sur Webdo.tn","publisher":{"@id":"https:\/\/www.webdo.tn\/fr\/#organization"},"potentialAction":[{"@type":"SearchAction","target":{"@type":"EntryPoint","urlTemplate":"https:\/\/www.webdo.tn\/fr\/?s={search_term_string}"},"query-input":{"@type":"PropertyValueSpecification","valueRequired":true,"valueName":"search_term_string"}}],"inLanguage":"fr-FR"},{"@type":"Organization","@id":"https:\/\/www.webdo.tn\/fr\/#organization","name":"Webdo","alternateName":"Webdo.tn","url":"https:\/\/www.webdo.tn\/fr\/","logo":{"@type":"ImageObject","inLanguage":"fr-FR","@id":"https:\/\/www.webdo.tn\/fr\/#\/schema\/logo\/image\/","url":"https:\/\/www.webdo.tn\/fr\/wp-content\/uploads\/2025\/06\/Webdo-Tunisie_168377.jpg","contentUrl":"https:\/\/www.webdo.tn\/fr\/wp-content\/uploads\/2025\/06\/Webdo-Tunisie_168377.jpg","width":301,"height":301,"caption":"Webdo"},"image":{"@id":"https:\/\/www.webdo.tn\/fr\/#\/schema\/logo\/image\/"},"sameAs":["https:\/\/www.facebook.com\/webdotn","https:\/\/x.com\/webdo_tn"],"description":"Webdo est un m\u00e9dia num\u00e9rique tunisien fond\u00e9 en 2010, sp\u00e9cialis\u00e9 dans l\u2019actualit\u00e9 nationale et internationale, l\u2019\u00e9conomie, la soci\u00e9t\u00e9 et les analyses politiques. Le site s\u2019adresse \u00e0 un large public francophone et couvre l\u2019information tunisienne en temps r\u00e9el.","email":"redac@webdo.tn","legalName":"YNJ SARL","foundingDate":"2010-09-06","numberOfEmployees":{"@type":"QuantitativeValue","minValue":"11","maxValue":"50"}},{"@type":"Person","@id":"https:\/\/www.webdo.tn\/fr\/#\/schema\/person\/f35b42a42c5e2511bbd282959d6385cc","name":"CL","image":{"@type":"ImageObject","inLanguage":"fr-FR","@id":"https:\/\/secure.gravatar.com\/avatar\/1447a49909b67aa657c488aec6512e1dd6143a480c1ecfee9b5b5cd74eb3b59e?s=96&d=mm&r=g","url":"https:\/\/secure.gravatar.com\/avatar\/1447a49909b67aa657c488aec6512e1dd6143a480c1ecfee9b5b5cd74eb3b59e?s=96&d=mm&r=g","contentUrl":"https:\/\/secure.gravatar.com\/avatar\/1447a49909b67aa657c488aec6512e1dd6143a480c1ecfee9b5b5cd74eb3b59e?s=96&d=mm&r=g","caption":"CL"},"url":"https:\/\/www.webdo.tn\/fr\/actualite\/author\/cl\/"}]}},"_links":{"self":[{"href":"https:\/\/www.webdo.tn\/fr\/wp-json\/wp\/v2\/posts\/210129","targetHints":{"allow":["GET"]}}],"collection":[{"href":"https:\/\/www.webdo.tn\/fr\/wp-json\/wp\/v2\/posts"}],"about":[{"href":"https:\/\/www.webdo.tn\/fr\/wp-json\/wp\/v2\/types\/post"}],"author":[{"embeddable":true,"href":"https:\/\/www.webdo.tn\/fr\/wp-json\/wp\/v2\/users\/3175"}],"replies":[{"embeddable":true,"href":"https:\/\/www.webdo.tn\/fr\/wp-json\/wp\/v2\/comments?post=210129"}],"version-history":[{"count":0,"href":"https:\/\/www.webdo.tn\/fr\/wp-json\/wp\/v2\/posts\/210129\/revisions"}],"wp:featuredmedia":[{"embeddable":true,"href":"https:\/\/www.webdo.tn\/fr\/wp-json\/wp\/v2\/media\/289867"}],"wp:attachment":[{"href":"https:\/\/www.webdo.tn\/fr\/wp-json\/wp\/v2\/media?parent=210129"}],"wp:term":[{"taxonomy":"category","embeddable":true,"href":"https:\/\/www.webdo.tn\/fr\/wp-json\/wp\/v2\/categories?post=210129"},{"taxonomy":"post_tag","embeddable":true,"href":"https:\/\/www.webdo.tn\/fr\/wp-json\/wp\/v2\/tags?post=210129"}],"curies":[{"name":"wp","href":"https:\/\/api.w.org\/{rel}","templated":true}]}}