{"id":210123,"date":"2023-11-15T09:28:00","date_gmt":"2023-11-15T09:28:00","guid":{"rendered":"https:\/\/www.webdo.tn\/fr\/blog\/gaza-des-ambassadeurs-francais-regrettent-la-position-de-paris\/210123\/"},"modified":"2025-05-20T22:52:24","modified_gmt":"2025-05-20T22:52:24","slug":"gaza-des-ambassadeurs-francais-regrettent-la-position-de-paris","status":"publish","type":"post","link":"https:\/\/www.webdo.tn\/fr\/actualite\/international\/gaza-des-ambassadeurs-francais-regrettent-la-position-de-paris\/210123\/","title":{"rendered":"Gaza : Des ambassadeurs fran\u00e7ais regrettent la position de Paris !"},"content":{"rendered":"<p>Plusieurs ambassadeurs de France accr\u00e9dit\u00e9s au Moyen-Orient et dans certains pays du Maghreb ont sign\u00e9, r\u00e9cemment, une note commune regrettant la position de Paris dans la guerre en cours men\u00e9e par Isra\u00ebl contre Gaza.<\/p>\n<p>\t\t\t\t\t\t\t\t\t\u00a0<\/p>\n<p>\u00ab Notre position en faveur d&rsquo;Isra\u00ebl au d\u00e9but de la crise est incomprise au Moyen-Orient et qu&rsquo;elle est en rupture avec notre position traditionnellement \u00e9quilibr\u00e9e entre Isra\u00e9liens et Palestiniens \u00bb, a-t-on confirm\u00e9.\u00a0<\/p>\n<p>C\u2019est le journal Le Figaro qui r\u00e9v\u00e9l\u00e9 cette information citant le t\u00e9moignage d&rsquo;un diplomate \u00e0 Paris, pr\u00e9cisant que ladite note avait \u00e9t\u00e9 adress\u00e9e au Quai d&rsquo;Orsay.\u00a0<\/p>\n<p>\u00ab\u00a0Elle \u00e9tablit une perte de cr\u00e9dibilit\u00e9 et d&rsquo;influence de la France et constate la mauvaise image de notre pays dans le monde arabe. Ensuite sous une forme assez diplomatique, elle laisse entendre que tout cela est le r\u00e9sultats des positions prises par le pr\u00e9sident de la R\u00e9publique\u00a0\u00bb, selon toujours le diplomate ayant consult\u00e9 la note et dont l&rsquo;identit\u00e9 n&rsquo;a pas \u00e9t\u00e9 r\u00e9v\u00e9l\u00e9e.<\/p>\n","protected":false},"excerpt":{"rendered":"<p>\u00ab Notre position en faveur d&rsquo;Isra\u00ebl au d\u00e9but de la crise est incomprise au Moyen-Orient et qu&rsquo;elle est en rupture avec notre position traditionnellement \u00e9quilib&#8230;<\/p>\n","protected":false},"author":3175,"featured_media":289862,"comment_status":"open","ping_status":"closed","sticky":false,"template":"","format":"standard","meta":{"footnotes":""},"categories":[2598],"tags":[5121,2998,2636,5270],"class_list":["post-210123","post","type-post","status-publish","format-standard","has-post-thumbnail","hentry","category-international","tag-ambassadeurs","tag-france","tag-israel","tag-paris"],"yoast_head":"<!-- This site is optimized with the Yoast SEO Premium plugin v27.4 (Yoast SEO v27.5) - https:\/\/yoast.com\/product\/yoast-seo-premium-wordpress\/ -->\n<title>Gaza : Des ambassadeurs fran\u00e7ais regrettent la position de Paris !<\/title>\n<meta name=\"description\" content=\"\u00ab Notre position en faveur d&#039;Isra\u00ebl au d\u00e9but de la crise est incomprise au Moyen-Orient et qu&#039;elle est en rupture avec notre position traditionnellement \u00e9quilib...\" \/>\n<link rel=\"canonical\" href=\"https:\/\/www.webdo.tn\/fr\/actualite\/international\/gaza-des-ambassadeurs-francais-regrettent-la-position-de-paris\/210123\/\" \/>\n<meta property=\"og:locale\" content=\"fr_FR\" \/>\n<meta property=\"og:type\" content=\"article\" \/>\n<meta property=\"og:title\" content=\"Gaza : Des ambassadeurs fran\u00e7ais regrettent la position de Paris !\" \/>\n<meta property=\"og:description\" content=\"\u00ab Notre position en faveur d&#039;Isra\u00ebl au d\u00e9but de la crise est incomprise au Moyen-Orient et qu&#039;elle est en rupture avec notre position traditionnellement \u00e9quilib...\" \/>\n<meta property=\"og:url\" content=\"https:\/\/www.webdo.tn\/fr\/actualite\/international\/gaza-des-ambassadeurs-francais-regrettent-la-position-de-paris\/210123\/\" \/>\n<meta property=\"og:site_name\" content=\"webdo\" \/>\n<meta property=\"article:publisher\" content=\"https:\/\/www.facebook.com\/webdotn\" \/>\n<meta property=\"article:published_time\" content=\"2023-11-15T09:28:00+00:00\" \/>\n<meta property=\"article:modified_time\" content=\"2025-05-20T22:52:24+00:00\" \/>\n<meta property=\"og:image\" content=\"https:\/\/www.webdo.tn\/fr\/wp-content\/uploads\/2023\/11\/b3b06d3c07dcb60d8329574779f038e1.jpg\" \/>\n\t<meta property=\"og:image:width\" content=\"750\" \/>\n\t<meta property=\"og:image:height\" content=\"400\" \/>\n\t<meta property=\"og:image:type\" content=\"image\/jpeg\" \/>\n<meta name=\"author\" content=\"CL\" \/>\n<meta name=\"twitter:card\" content=\"summary_large_image\" \/>\n<meta name=\"twitter:creator\" content=\"@webdo_tn\" \/>\n<meta name=\"twitter:site\" content=\"@webdo_tn\" \/>\n<meta name=\"twitter:label1\" content=\"\u00c9crit par\" \/>\n\t<meta name=\"twitter:data1\" content=\"CL\" \/>\n\t<meta name=\"twitter:label2\" content=\"Dur\u00e9e de lecture estim\u00e9e\" \/>\n\t<meta name=\"twitter:data2\" content=\"1 minute\" \/>\n<script type=\"application\/ld+json\" class=\"yoast-schema-graph\">{\"@context\":\"https:\\\/\\\/schema.org\",\"@graph\":[{\"@type\":\"NewsArticle\",\"@id\":\"https:\\\/\\\/www.webdo.tn\\\/fr\\\/actualite\\\/international\\\/gaza-des-ambassadeurs-francais-regrettent-la-position-de-paris\\\/210123\\\/#article\",\"isPartOf\":{\"@id\":\"https:\\\/\\\/www.webdo.tn\\\/fr\\\/actualite\\\/international\\\/gaza-des-ambassadeurs-francais-regrettent-la-position-de-paris\\\/210123\\\/\"},\"author\":{\"name\":\"CL\",\"@id\":\"https:\\\/\\\/www.webdo.tn\\\/fr\\\/#\\\/schema\\\/person\\\/f35b42a42c5e2511bbd282959d6385cc\"},\"headline\":\"Gaza : Des ambassadeurs fran\u00e7ais regrettent la position de Paris !\",\"datePublished\":\"2023-11-15T09:28:00+00:00\",\"dateModified\":\"2025-05-20T22:52:24+00:00\",\"mainEntityOfPage\":{\"@id\":\"https:\\\/\\\/www.webdo.tn\\\/fr\\\/actualite\\\/international\\\/gaza-des-ambassadeurs-francais-regrettent-la-position-de-paris\\\/210123\\\/\"},\"wordCount\":190,\"commentCount\":0,\"publisher\":{\"@id\":\"https:\\\/\\\/www.webdo.tn\\\/fr\\\/#organization\"},\"image\":{\"@id\":\"https:\\\/\\\/www.webdo.tn\\\/fr\\\/actualite\\\/international\\\/gaza-des-ambassadeurs-francais-regrettent-la-position-de-paris\\\/210123\\\/#primaryimage\"},\"thumbnailUrl\":\"https:\\\/\\\/www.webdo.tn\\\/fr\\\/wp-content\\\/uploads\\\/2023\\\/11\\\/b3b06d3c07dcb60d8329574779f038e1.jpg\",\"keywords\":[\"ambassadeurs\",\"france\",\"isra\u00ebl\",\"Paris\"],\"articleSection\":[\"International\"],\"inLanguage\":\"fr-FR\"},{\"@type\":\"WebPage\",\"@id\":\"https:\\\/\\\/www.webdo.tn\\\/fr\\\/actualite\\\/international\\\/gaza-des-ambassadeurs-francais-regrettent-la-position-de-paris\\\/210123\\\/\",\"url\":\"https:\\\/\\\/www.webdo.tn\\\/fr\\\/actualite\\\/international\\\/gaza-des-ambassadeurs-francais-regrettent-la-position-de-paris\\\/210123\\\/\",\"name\":\"Gaza : Des ambassadeurs fran\u00e7ais regrettent la position de Paris !\",\"isPartOf\":{\"@id\":\"https:\\\/\\\/www.webdo.tn\\\/fr\\\/#website\"},\"primaryImageOfPage\":{\"@id\":\"https:\\\/\\\/www.webdo.tn\\\/fr\\\/actualite\\\/international\\\/gaza-des-ambassadeurs-francais-regrettent-la-position-de-paris\\\/210123\\\/#primaryimage\"},\"image\":{\"@id\":\"https:\\\/\\\/www.webdo.tn\\\/fr\\\/actualite\\\/international\\\/gaza-des-ambassadeurs-francais-regrettent-la-position-de-paris\\\/210123\\\/#primaryimage\"},\"thumbnailUrl\":\"https:\\\/\\\/www.webdo.tn\\\/fr\\\/wp-content\\\/uploads\\\/2023\\\/11\\\/b3b06d3c07dcb60d8329574779f038e1.jpg\",\"datePublished\":\"2023-11-15T09:28:00+00:00\",\"dateModified\":\"2025-05-20T22:52:24+00:00\",\"description\":\"\u00ab Notre position en faveur d'Isra\u00ebl au d\u00e9but de la crise est incomprise au Moyen-Orient et qu'elle est en rupture avec notre position traditionnellement \u00e9quilib...\",\"breadcrumb\":{\"@id\":\"https:\\\/\\\/www.webdo.tn\\\/fr\\\/actualite\\\/international\\\/gaza-des-ambassadeurs-francais-regrettent-la-position-de-paris\\\/210123\\\/#breadcrumb\"},\"inLanguage\":\"fr-FR\",\"potentialAction\":[{\"@type\":\"ReadAction\",\"target\":[\"https:\\\/\\\/www.webdo.tn\\\/fr\\\/actualite\\\/international\\\/gaza-des-ambassadeurs-francais-regrettent-la-position-de-paris\\\/210123\\\/\"]}]},{\"@type\":\"ImageObject\",\"inLanguage\":\"fr-FR\",\"@id\":\"https:\\\/\\\/www.webdo.tn\\\/fr\\\/actualite\\\/international\\\/gaza-des-ambassadeurs-francais-regrettent-la-position-de-paris\\\/210123\\\/#primaryimage\",\"url\":\"https:\\\/\\\/www.webdo.tn\\\/fr\\\/wp-content\\\/uploads\\\/2023\\\/11\\\/b3b06d3c07dcb60d8329574779f038e1.jpg\",\"contentUrl\":\"https:\\\/\\\/www.webdo.tn\\\/fr\\\/wp-content\\\/uploads\\\/2023\\\/11\\\/b3b06d3c07dcb60d8329574779f038e1.jpg\",\"width\":750,\"height\":400,\"caption\":\"Gaza : Des ambassadeurs fran\u00e7ais regrettent la position de Paris !\"},{\"@type\":\"BreadcrumbList\",\"@id\":\"https:\\\/\\\/www.webdo.tn\\\/fr\\\/actualite\\\/international\\\/gaza-des-ambassadeurs-francais-regrettent-la-position-de-paris\\\/210123\\\/#breadcrumb\",\"itemListElement\":[{\"@type\":\"ListItem\",\"position\":1,\"name\":\"Accueil\",\"item\":\"https:\\\/\\\/www.webdo.tn\\\/fr\\\/\"},{\"@type\":\"ListItem\",\"position\":2,\"name\":\"Gaza : Des ambassadeurs fran\u00e7ais regrettent la position de Paris !\"}]},{\"@type\":\"WebSite\",\"@id\":\"https:\\\/\\\/www.webdo.tn\\\/fr\\\/#website\",\"url\":\"https:\\\/\\\/www.webdo.tn\\\/fr\\\/\",\"name\":\"webdo\",\"description\":\"Tunisie - News en Tunisie et \u00e0 l&#039;international sur Webdo.tn\",\"publisher\":{\"@id\":\"https:\\\/\\\/www.webdo.tn\\\/fr\\\/#organization\"},\"potentialAction\":[{\"@type\":\"SearchAction\",\"target\":{\"@type\":\"EntryPoint\",\"urlTemplate\":\"https:\\\/\\\/www.webdo.tn\\\/fr\\\/?s={search_term_string}\"},\"query-input\":{\"@type\":\"PropertyValueSpecification\",\"valueRequired\":true,\"valueName\":\"search_term_string\"}}],\"inLanguage\":\"fr-FR\"},{\"@type\":\"Organization\",\"@id\":\"https:\\\/\\\/www.webdo.tn\\\/fr\\\/#organization\",\"name\":\"Webdo\",\"alternateName\":\"Webdo.tn\",\"url\":\"https:\\\/\\\/www.webdo.tn\\\/fr\\\/\",\"logo\":{\"@type\":\"ImageObject\",\"inLanguage\":\"fr-FR\",\"@id\":\"https:\\\/\\\/www.webdo.tn\\\/fr\\\/#\\\/schema\\\/logo\\\/image\\\/\",\"url\":\"https:\\\/\\\/www.webdo.tn\\\/fr\\\/wp-content\\\/uploads\\\/2025\\\/06\\\/Webdo-Tunisie_168377.jpg\",\"contentUrl\":\"https:\\\/\\\/www.webdo.tn\\\/fr\\\/wp-content\\\/uploads\\\/2025\\\/06\\\/Webdo-Tunisie_168377.jpg\",\"width\":301,\"height\":301,\"caption\":\"Webdo\"},\"image\":{\"@id\":\"https:\\\/\\\/www.webdo.tn\\\/fr\\\/#\\\/schema\\\/logo\\\/image\\\/\"},\"sameAs\":[\"https:\\\/\\\/www.facebook.com\\\/webdotn\",\"https:\\\/\\\/x.com\\\/webdo_tn\"],\"description\":\"Webdo est un m\u00e9dia num\u00e9rique tunisien fond\u00e9 en 2010, sp\u00e9cialis\u00e9 dans l\u2019actualit\u00e9 nationale et internationale, l\u2019\u00e9conomie, la soci\u00e9t\u00e9 et les analyses politiques. Le site s\u2019adresse \u00e0 un large public francophone et couvre l\u2019information tunisienne en temps r\u00e9el.\",\"email\":\"redac@webdo.tn\",\"legalName\":\"YNJ SARL\",\"foundingDate\":\"2010-09-06\",\"numberOfEmployees\":{\"@type\":\"QuantitativeValue\",\"minValue\":\"11\",\"maxValue\":\"50\"}},{\"@type\":\"Person\",\"@id\":\"https:\\\/\\\/www.webdo.tn\\\/fr\\\/#\\\/schema\\\/person\\\/f35b42a42c5e2511bbd282959d6385cc\",\"name\":\"CL\",\"image\":{\"@type\":\"ImageObject\",\"inLanguage\":\"fr-FR\",\"@id\":\"https:\\\/\\\/secure.gravatar.com\\\/avatar\\\/1447a49909b67aa657c488aec6512e1dd6143a480c1ecfee9b5b5cd74eb3b59e?s=96&d=mm&r=g\",\"url\":\"https:\\\/\\\/secure.gravatar.com\\\/avatar\\\/1447a49909b67aa657c488aec6512e1dd6143a480c1ecfee9b5b5cd74eb3b59e?s=96&d=mm&r=g\",\"contentUrl\":\"https:\\\/\\\/secure.gravatar.com\\\/avatar\\\/1447a49909b67aa657c488aec6512e1dd6143a480c1ecfee9b5b5cd74eb3b59e?s=96&d=mm&r=g\",\"caption\":\"CL\"},\"url\":\"https:\\\/\\\/www.webdo.tn\\\/fr\\\/actualite\\\/author\\\/cl\\\/\"}]}<\/script>\n<!-- \/ Yoast SEO Premium plugin. -->","yoast_head_json":{"title":"Gaza : Des ambassadeurs fran\u00e7ais regrettent la position de Paris !","description":"\u00ab Notre position en faveur d'Isra\u00ebl au d\u00e9but de la crise est incomprise au Moyen-Orient et qu'elle est en rupture avec notre position traditionnellement \u00e9quilib...","canonical":"https:\/\/www.webdo.tn\/fr\/actualite\/international\/gaza-des-ambassadeurs-francais-regrettent-la-position-de-paris\/210123\/","og_locale":"fr_FR","og_type":"article","og_title":"Gaza : Des ambassadeurs fran\u00e7ais regrettent la position de Paris !","og_description":"\u00ab Notre position en faveur d'Isra\u00ebl au d\u00e9but de la crise est incomprise au Moyen-Orient et qu'elle est en rupture avec notre position traditionnellement \u00e9quilib...","og_url":"https:\/\/www.webdo.tn\/fr\/actualite\/international\/gaza-des-ambassadeurs-francais-regrettent-la-position-de-paris\/210123\/","og_site_name":"webdo","article_publisher":"https:\/\/www.facebook.com\/webdotn","article_published_time":"2023-11-15T09:28:00+00:00","article_modified_time":"2025-05-20T22:52:24+00:00","og_image":[{"width":750,"height":400,"url":"https:\/\/www.webdo.tn\/fr\/wp-content\/uploads\/2023\/11\/b3b06d3c07dcb60d8329574779f038e1.jpg","type":"image\/jpeg"}],"author":"CL","twitter_card":"summary_large_image","twitter_creator":"@webdo_tn","twitter_site":"@webdo_tn","twitter_misc":{"\u00c9crit par":"CL","Dur\u00e9e de lecture estim\u00e9e":"1 minute"},"schema":{"@context":"https:\/\/schema.org","@graph":[{"@type":"NewsArticle","@id":"https:\/\/www.webdo.tn\/fr\/actualite\/international\/gaza-des-ambassadeurs-francais-regrettent-la-position-de-paris\/210123\/#article","isPartOf":{"@id":"https:\/\/www.webdo.tn\/fr\/actualite\/international\/gaza-des-ambassadeurs-francais-regrettent-la-position-de-paris\/210123\/"},"author":{"name":"CL","@id":"https:\/\/www.webdo.tn\/fr\/#\/schema\/person\/f35b42a42c5e2511bbd282959d6385cc"},"headline":"Gaza : Des ambassadeurs fran\u00e7ais regrettent la position de Paris !","datePublished":"2023-11-15T09:28:00+00:00","dateModified":"2025-05-20T22:52:24+00:00","mainEntityOfPage":{"@id":"https:\/\/www.webdo.tn\/fr\/actualite\/international\/gaza-des-ambassadeurs-francais-regrettent-la-position-de-paris\/210123\/"},"wordCount":190,"commentCount":0,"publisher":{"@id":"https:\/\/www.webdo.tn\/fr\/#organization"},"image":{"@id":"https:\/\/www.webdo.tn\/fr\/actualite\/international\/gaza-des-ambassadeurs-francais-regrettent-la-position-de-paris\/210123\/#primaryimage"},"thumbnailUrl":"https:\/\/www.webdo.tn\/fr\/wp-content\/uploads\/2023\/11\/b3b06d3c07dcb60d8329574779f038e1.jpg","keywords":["ambassadeurs","france","isra\u00ebl","Paris"],"articleSection":["International"],"inLanguage":"fr-FR"},{"@type":"WebPage","@id":"https:\/\/www.webdo.tn\/fr\/actualite\/international\/gaza-des-ambassadeurs-francais-regrettent-la-position-de-paris\/210123\/","url":"https:\/\/www.webdo.tn\/fr\/actualite\/international\/gaza-des-ambassadeurs-francais-regrettent-la-position-de-paris\/210123\/","name":"Gaza : Des ambassadeurs fran\u00e7ais regrettent la position de Paris !","isPartOf":{"@id":"https:\/\/www.webdo.tn\/fr\/#website"},"primaryImageOfPage":{"@id":"https:\/\/www.webdo.tn\/fr\/actualite\/international\/gaza-des-ambassadeurs-francais-regrettent-la-position-de-paris\/210123\/#primaryimage"},"image":{"@id":"https:\/\/www.webdo.tn\/fr\/actualite\/international\/gaza-des-ambassadeurs-francais-regrettent-la-position-de-paris\/210123\/#primaryimage"},"thumbnailUrl":"https:\/\/www.webdo.tn\/fr\/wp-content\/uploads\/2023\/11\/b3b06d3c07dcb60d8329574779f038e1.jpg","datePublished":"2023-11-15T09:28:00+00:00","dateModified":"2025-05-20T22:52:24+00:00","description":"\u00ab Notre position en faveur d'Isra\u00ebl au d\u00e9but de la crise est incomprise au Moyen-Orient et qu'elle est en rupture avec notre position traditionnellement \u00e9quilib...","breadcrumb":{"@id":"https:\/\/www.webdo.tn\/fr\/actualite\/international\/gaza-des-ambassadeurs-francais-regrettent-la-position-de-paris\/210123\/#breadcrumb"},"inLanguage":"fr-FR","potentialAction":[{"@type":"ReadAction","target":["https:\/\/www.webdo.tn\/fr\/actualite\/international\/gaza-des-ambassadeurs-francais-regrettent-la-position-de-paris\/210123\/"]}]},{"@type":"ImageObject","inLanguage":"fr-FR","@id":"https:\/\/www.webdo.tn\/fr\/actualite\/international\/gaza-des-ambassadeurs-francais-regrettent-la-position-de-paris\/210123\/#primaryimage","url":"https:\/\/www.webdo.tn\/fr\/wp-content\/uploads\/2023\/11\/b3b06d3c07dcb60d8329574779f038e1.jpg","contentUrl":"https:\/\/www.webdo.tn\/fr\/wp-content\/uploads\/2023\/11\/b3b06d3c07dcb60d8329574779f038e1.jpg","width":750,"height":400,"caption":"Gaza : Des ambassadeurs fran\u00e7ais regrettent la position de Paris !"},{"@type":"BreadcrumbList","@id":"https:\/\/www.webdo.tn\/fr\/actualite\/international\/gaza-des-ambassadeurs-francais-regrettent-la-position-de-paris\/210123\/#breadcrumb","itemListElement":[{"@type":"ListItem","position":1,"name":"Accueil","item":"https:\/\/www.webdo.tn\/fr\/"},{"@type":"ListItem","position":2,"name":"Gaza : Des ambassadeurs fran\u00e7ais regrettent la position de Paris !"}]},{"@type":"WebSite","@id":"https:\/\/www.webdo.tn\/fr\/#website","url":"https:\/\/www.webdo.tn\/fr\/","name":"webdo","description":"Tunisie - News en Tunisie et \u00e0 l&#039;international sur Webdo.tn","publisher":{"@id":"https:\/\/www.webdo.tn\/fr\/#organization"},"potentialAction":[{"@type":"SearchAction","target":{"@type":"EntryPoint","urlTemplate":"https:\/\/www.webdo.tn\/fr\/?s={search_term_string}"},"query-input":{"@type":"PropertyValueSpecification","valueRequired":true,"valueName":"search_term_string"}}],"inLanguage":"fr-FR"},{"@type":"Organization","@id":"https:\/\/www.webdo.tn\/fr\/#organization","name":"Webdo","alternateName":"Webdo.tn","url":"https:\/\/www.webdo.tn\/fr\/","logo":{"@type":"ImageObject","inLanguage":"fr-FR","@id":"https:\/\/www.webdo.tn\/fr\/#\/schema\/logo\/image\/","url":"https:\/\/www.webdo.tn\/fr\/wp-content\/uploads\/2025\/06\/Webdo-Tunisie_168377.jpg","contentUrl":"https:\/\/www.webdo.tn\/fr\/wp-content\/uploads\/2025\/06\/Webdo-Tunisie_168377.jpg","width":301,"height":301,"caption":"Webdo"},"image":{"@id":"https:\/\/www.webdo.tn\/fr\/#\/schema\/logo\/image\/"},"sameAs":["https:\/\/www.facebook.com\/webdotn","https:\/\/x.com\/webdo_tn"],"description":"Webdo est un m\u00e9dia num\u00e9rique tunisien fond\u00e9 en 2010, sp\u00e9cialis\u00e9 dans l\u2019actualit\u00e9 nationale et internationale, l\u2019\u00e9conomie, la soci\u00e9t\u00e9 et les analyses politiques. Le site s\u2019adresse \u00e0 un large public francophone et couvre l\u2019information tunisienne en temps r\u00e9el.","email":"redac@webdo.tn","legalName":"YNJ SARL","foundingDate":"2010-09-06","numberOfEmployees":{"@type":"QuantitativeValue","minValue":"11","maxValue":"50"}},{"@type":"Person","@id":"https:\/\/www.webdo.tn\/fr\/#\/schema\/person\/f35b42a42c5e2511bbd282959d6385cc","name":"CL","image":{"@type":"ImageObject","inLanguage":"fr-FR","@id":"https:\/\/secure.gravatar.com\/avatar\/1447a49909b67aa657c488aec6512e1dd6143a480c1ecfee9b5b5cd74eb3b59e?s=96&d=mm&r=g","url":"https:\/\/secure.gravatar.com\/avatar\/1447a49909b67aa657c488aec6512e1dd6143a480c1ecfee9b5b5cd74eb3b59e?s=96&d=mm&r=g","contentUrl":"https:\/\/secure.gravatar.com\/avatar\/1447a49909b67aa657c488aec6512e1dd6143a480c1ecfee9b5b5cd74eb3b59e?s=96&d=mm&r=g","caption":"CL"},"url":"https:\/\/www.webdo.tn\/fr\/actualite\/author\/cl\/"}]}},"_links":{"self":[{"href":"https:\/\/www.webdo.tn\/fr\/wp-json\/wp\/v2\/posts\/210123","targetHints":{"allow":["GET"]}}],"collection":[{"href":"https:\/\/www.webdo.tn\/fr\/wp-json\/wp\/v2\/posts"}],"about":[{"href":"https:\/\/www.webdo.tn\/fr\/wp-json\/wp\/v2\/types\/post"}],"author":[{"embeddable":true,"href":"https:\/\/www.webdo.tn\/fr\/wp-json\/wp\/v2\/users\/3175"}],"replies":[{"embeddable":true,"href":"https:\/\/www.webdo.tn\/fr\/wp-json\/wp\/v2\/comments?post=210123"}],"version-history":[{"count":0,"href":"https:\/\/www.webdo.tn\/fr\/wp-json\/wp\/v2\/posts\/210123\/revisions"}],"wp:featuredmedia":[{"embeddable":true,"href":"https:\/\/www.webdo.tn\/fr\/wp-json\/wp\/v2\/media\/289862"}],"wp:attachment":[{"href":"https:\/\/www.webdo.tn\/fr\/wp-json\/wp\/v2\/media?parent=210123"}],"wp:term":[{"taxonomy":"category","embeddable":true,"href":"https:\/\/www.webdo.tn\/fr\/wp-json\/wp\/v2\/categories?post=210123"},{"taxonomy":"post_tag","embeddable":true,"href":"https:\/\/www.webdo.tn\/fr\/wp-json\/wp\/v2\/tags?post=210123"}],"curies":[{"name":"wp","href":"https:\/\/api.w.org\/{rel}","templated":true}]}}