{"id":210121,"date":"2023-11-15T08:42:00","date_gmt":"2023-11-15T08:42:00","guid":{"rendered":"https:\/\/www.webdo.tn\/fr\/blog\/gaza-israel-mene-une-attaque-contre-l-hopital-al-chifa\/210121\/"},"modified":"2025-05-20T22:52:24","modified_gmt":"2025-05-20T22:52:24","slug":"gaza-israel-mene-une-attaque-contre-l-hopital-al-chifa","status":"publish","type":"post","link":"https:\/\/www.webdo.tn\/fr\/actualite\/international\/gaza-israel-mene-une-attaque-contre-l-hopital-al-chifa\/210121\/","title":{"rendered":"Gaza : Isra\u00ebl m\u00e8ne une attaque contre l&rsquo;h\u00f4pital al-Chifa"},"content":{"rendered":"<p>L&rsquo;\u00e9tablissement de sant\u00e9 est consid\u00e9r\u00e9 comme un site militaire strat\u00e9gique par Isra\u00ebl et les \u00c9tats-Unis.<\/p>\n<p>Les forces sp\u00e9ciales sont accompagn\u00e9es de renseignements isra\u00e9liens, d&rsquo;\u00e9quipes m\u00e9dicales pour \u00ab\u00a0traiter les malades\u00a0\u00bb et de personnels arabophones, rapportent des agences de presse internationales.\u00a0<\/p>\n<p>Interrog\u00e9 sur le sujet, un porte-parole du Conseil de s\u00e9curit\u00e9 nationale de la Maison Blanche a d\u00e9clar\u00e9 que \u00ab\u00a0les h\u00f4pitaux et les patients devaient \u00eatre prot\u00e9g\u00e9s<\/p>\n","protected":false},"excerpt":{"rendered":"<p>A l\u2019aube de ce mercredi 15 novembre 2023, l&rsquo;arm\u00e9e isra\u00e9lienne a men\u00e9 une op\u00e9ration  cibl\u00e9e  contre le Hamas dans l&rsquo;h\u00f4pital al-Chifa, le plus important de la ban&#8230;<\/p>\n","protected":false},"author":3175,"featured_media":289863,"comment_status":"open","ping_status":"closed","sticky":false,"template":"","format":"standard","meta":{"footnotes":""},"categories":[2598],"tags":[9846,2689,2858],"class_list":["post-210121","post","type-post","status-publish","format-standard","has-post-thumbnail","hentry","category-international","tag-al-shifa","tag-gaza","tag-hopital"],"yoast_head":"<!-- This site is optimized with the Yoast SEO Premium plugin v27.4 (Yoast SEO v27.5) - https:\/\/yoast.com\/product\/yoast-seo-premium-wordpress\/ -->\n<title>Gaza : Isra\u00ebl m\u00e8ne une attaque contre l&#039;h\u00f4pital al-Chifa<\/title>\n<meta name=\"description\" content=\"A l\u2019aube de ce mercredi 15 novembre 2023, l&#039;arm\u00e9e isra\u00e9lienne a men\u00e9 une op\u00e9ration cibl\u00e9e contre le Hamas dans l&#039;h\u00f4pital al-Chifa, le plus important de la ban...\" \/>\n<link rel=\"canonical\" href=\"https:\/\/www.webdo.tn\/fr\/actualite\/international\/gaza-israel-mene-une-attaque-contre-l-hopital-al-chifa\/210121\/\" \/>\n<meta property=\"og:locale\" content=\"fr_FR\" \/>\n<meta property=\"og:type\" content=\"article\" \/>\n<meta property=\"og:title\" content=\"Gaza : Isra\u00ebl m\u00e8ne une attaque contre l&#039;h\u00f4pital al-Chifa\" \/>\n<meta property=\"og:description\" content=\"A l\u2019aube de ce mercredi 15 novembre 2023, l&#039;arm\u00e9e isra\u00e9lienne a men\u00e9 une op\u00e9ration cibl\u00e9e contre le Hamas dans l&#039;h\u00f4pital al-Chifa, le plus important de la ban...\" \/>\n<meta property=\"og:url\" content=\"https:\/\/www.webdo.tn\/fr\/actualite\/international\/gaza-israel-mene-une-attaque-contre-l-hopital-al-chifa\/210121\/\" \/>\n<meta property=\"og:site_name\" content=\"webdo\" \/>\n<meta property=\"article:publisher\" content=\"https:\/\/www.facebook.com\/webdotn\" \/>\n<meta property=\"article:published_time\" content=\"2023-11-15T08:42:00+00:00\" \/>\n<meta property=\"article:modified_time\" content=\"2025-05-20T22:52:24+00:00\" \/>\n<meta property=\"og:image\" content=\"https:\/\/www.webdo.tn\/fr\/wp-content\/uploads\/2023\/11\/87a4090c8264be975fc34a94fbdeeb7a.jpg\" \/>\n\t<meta property=\"og:image:width\" content=\"750\" \/>\n\t<meta property=\"og:image:height\" content=\"400\" \/>\n\t<meta property=\"og:image:type\" content=\"image\/jpeg\" \/>\n<meta name=\"author\" content=\"CL\" \/>\n<meta name=\"twitter:card\" content=\"summary_large_image\" \/>\n<meta name=\"twitter:creator\" content=\"@webdo_tn\" \/>\n<meta name=\"twitter:site\" content=\"@webdo_tn\" \/>\n<meta name=\"twitter:label1\" content=\"\u00c9crit par\" \/>\n\t<meta name=\"twitter:data1\" content=\"CL\" \/>\n<script type=\"application\/ld+json\" class=\"yoast-schema-graph\">{\"@context\":\"https:\\\/\\\/schema.org\",\"@graph\":[{\"@type\":\"NewsArticle\",\"@id\":\"https:\\\/\\\/www.webdo.tn\\\/fr\\\/actualite\\\/international\\\/gaza-israel-mene-une-attaque-contre-l-hopital-al-chifa\\\/210121\\\/#article\",\"isPartOf\":{\"@id\":\"https:\\\/\\\/www.webdo.tn\\\/fr\\\/actualite\\\/international\\\/gaza-israel-mene-une-attaque-contre-l-hopital-al-chifa\\\/210121\\\/\"},\"author\":{\"name\":\"CL\",\"@id\":\"https:\\\/\\\/www.webdo.tn\\\/fr\\\/#\\\/schema\\\/person\\\/f35b42a42c5e2511bbd282959d6385cc\"},\"headline\":\"Gaza : Isra\u00ebl m\u00e8ne une attaque contre l&rsquo;h\u00f4pital al-Chifa\",\"datePublished\":\"2023-11-15T08:42:00+00:00\",\"dateModified\":\"2025-05-20T22:52:24+00:00\",\"mainEntityOfPage\":{\"@id\":\"https:\\\/\\\/www.webdo.tn\\\/fr\\\/actualite\\\/international\\\/gaza-israel-mene-une-attaque-contre-l-hopital-al-chifa\\\/210121\\\/\"},\"wordCount\":91,\"commentCount\":0,\"publisher\":{\"@id\":\"https:\\\/\\\/www.webdo.tn\\\/fr\\\/#organization\"},\"image\":{\"@id\":\"https:\\\/\\\/www.webdo.tn\\\/fr\\\/actualite\\\/international\\\/gaza-israel-mene-une-attaque-contre-l-hopital-al-chifa\\\/210121\\\/#primaryimage\"},\"thumbnailUrl\":\"https:\\\/\\\/www.webdo.tn\\\/fr\\\/wp-content\\\/uploads\\\/2023\\\/11\\\/87a4090c8264be975fc34a94fbdeeb7a.jpg\",\"keywords\":[\"'Al-Shifa']\",\"Gaza\",\"H\u00f4pital\"],\"articleSection\":[\"International\"],\"inLanguage\":\"fr-FR\"},{\"@type\":\"WebPage\",\"@id\":\"https:\\\/\\\/www.webdo.tn\\\/fr\\\/actualite\\\/international\\\/gaza-israel-mene-une-attaque-contre-l-hopital-al-chifa\\\/210121\\\/\",\"url\":\"https:\\\/\\\/www.webdo.tn\\\/fr\\\/actualite\\\/international\\\/gaza-israel-mene-une-attaque-contre-l-hopital-al-chifa\\\/210121\\\/\",\"name\":\"Gaza : Isra\u00ebl m\u00e8ne une attaque contre l'h\u00f4pital al-Chifa\",\"isPartOf\":{\"@id\":\"https:\\\/\\\/www.webdo.tn\\\/fr\\\/#website\"},\"primaryImageOfPage\":{\"@id\":\"https:\\\/\\\/www.webdo.tn\\\/fr\\\/actualite\\\/international\\\/gaza-israel-mene-une-attaque-contre-l-hopital-al-chifa\\\/210121\\\/#primaryimage\"},\"image\":{\"@id\":\"https:\\\/\\\/www.webdo.tn\\\/fr\\\/actualite\\\/international\\\/gaza-israel-mene-une-attaque-contre-l-hopital-al-chifa\\\/210121\\\/#primaryimage\"},\"thumbnailUrl\":\"https:\\\/\\\/www.webdo.tn\\\/fr\\\/wp-content\\\/uploads\\\/2023\\\/11\\\/87a4090c8264be975fc34a94fbdeeb7a.jpg\",\"datePublished\":\"2023-11-15T08:42:00+00:00\",\"dateModified\":\"2025-05-20T22:52:24+00:00\",\"description\":\"A l\u2019aube de ce mercredi 15 novembre 2023, l'arm\u00e9e isra\u00e9lienne a men\u00e9 une op\u00e9ration cibl\u00e9e contre le Hamas dans l'h\u00f4pital al-Chifa, le plus important de la ban...\",\"breadcrumb\":{\"@id\":\"https:\\\/\\\/www.webdo.tn\\\/fr\\\/actualite\\\/international\\\/gaza-israel-mene-une-attaque-contre-l-hopital-al-chifa\\\/210121\\\/#breadcrumb\"},\"inLanguage\":\"fr-FR\",\"potentialAction\":[{\"@type\":\"ReadAction\",\"target\":[\"https:\\\/\\\/www.webdo.tn\\\/fr\\\/actualite\\\/international\\\/gaza-israel-mene-une-attaque-contre-l-hopital-al-chifa\\\/210121\\\/\"]}]},{\"@type\":\"ImageObject\",\"inLanguage\":\"fr-FR\",\"@id\":\"https:\\\/\\\/www.webdo.tn\\\/fr\\\/actualite\\\/international\\\/gaza-israel-mene-une-attaque-contre-l-hopital-al-chifa\\\/210121\\\/#primaryimage\",\"url\":\"https:\\\/\\\/www.webdo.tn\\\/fr\\\/wp-content\\\/uploads\\\/2023\\\/11\\\/87a4090c8264be975fc34a94fbdeeb7a.jpg\",\"contentUrl\":\"https:\\\/\\\/www.webdo.tn\\\/fr\\\/wp-content\\\/uploads\\\/2023\\\/11\\\/87a4090c8264be975fc34a94fbdeeb7a.jpg\",\"width\":750,\"height\":400,\"caption\":\"Gaza : Isra\u00ebl m\u00e8ne une attaque contre l'h\u00f4pital al-Chifa\"},{\"@type\":\"BreadcrumbList\",\"@id\":\"https:\\\/\\\/www.webdo.tn\\\/fr\\\/actualite\\\/international\\\/gaza-israel-mene-une-attaque-contre-l-hopital-al-chifa\\\/210121\\\/#breadcrumb\",\"itemListElement\":[{\"@type\":\"ListItem\",\"position\":1,\"name\":\"Accueil\",\"item\":\"https:\\\/\\\/www.webdo.tn\\\/fr\\\/\"},{\"@type\":\"ListItem\",\"position\":2,\"name\":\"Gaza : Isra\u00ebl m\u00e8ne une attaque contre l&rsquo;h\u00f4pital al-Chifa\"}]},{\"@type\":\"WebSite\",\"@id\":\"https:\\\/\\\/www.webdo.tn\\\/fr\\\/#website\",\"url\":\"https:\\\/\\\/www.webdo.tn\\\/fr\\\/\",\"name\":\"webdo\",\"description\":\"Tunisie - News en Tunisie et \u00e0 l&#039;international sur Webdo.tn\",\"publisher\":{\"@id\":\"https:\\\/\\\/www.webdo.tn\\\/fr\\\/#organization\"},\"potentialAction\":[{\"@type\":\"SearchAction\",\"target\":{\"@type\":\"EntryPoint\",\"urlTemplate\":\"https:\\\/\\\/www.webdo.tn\\\/fr\\\/?s={search_term_string}\"},\"query-input\":{\"@type\":\"PropertyValueSpecification\",\"valueRequired\":true,\"valueName\":\"search_term_string\"}}],\"inLanguage\":\"fr-FR\"},{\"@type\":\"Organization\",\"@id\":\"https:\\\/\\\/www.webdo.tn\\\/fr\\\/#organization\",\"name\":\"Webdo\",\"alternateName\":\"Webdo.tn\",\"url\":\"https:\\\/\\\/www.webdo.tn\\\/fr\\\/\",\"logo\":{\"@type\":\"ImageObject\",\"inLanguage\":\"fr-FR\",\"@id\":\"https:\\\/\\\/www.webdo.tn\\\/fr\\\/#\\\/schema\\\/logo\\\/image\\\/\",\"url\":\"https:\\\/\\\/www.webdo.tn\\\/fr\\\/wp-content\\\/uploads\\\/2025\\\/06\\\/Webdo-Tunisie_168377.jpg\",\"contentUrl\":\"https:\\\/\\\/www.webdo.tn\\\/fr\\\/wp-content\\\/uploads\\\/2025\\\/06\\\/Webdo-Tunisie_168377.jpg\",\"width\":301,\"height\":301,\"caption\":\"Webdo\"},\"image\":{\"@id\":\"https:\\\/\\\/www.webdo.tn\\\/fr\\\/#\\\/schema\\\/logo\\\/image\\\/\"},\"sameAs\":[\"https:\\\/\\\/www.facebook.com\\\/webdotn\",\"https:\\\/\\\/x.com\\\/webdo_tn\"],\"description\":\"Webdo est un m\u00e9dia num\u00e9rique tunisien fond\u00e9 en 2010, sp\u00e9cialis\u00e9 dans l\u2019actualit\u00e9 nationale et internationale, l\u2019\u00e9conomie, la soci\u00e9t\u00e9 et les analyses politiques. Le site s\u2019adresse \u00e0 un large public francophone et couvre l\u2019information tunisienne en temps r\u00e9el.\",\"email\":\"redac@webdo.tn\",\"legalName\":\"YNJ SARL\",\"foundingDate\":\"2010-09-06\",\"numberOfEmployees\":{\"@type\":\"QuantitativeValue\",\"minValue\":\"11\",\"maxValue\":\"50\"}},{\"@type\":\"Person\",\"@id\":\"https:\\\/\\\/www.webdo.tn\\\/fr\\\/#\\\/schema\\\/person\\\/f35b42a42c5e2511bbd282959d6385cc\",\"name\":\"CL\",\"image\":{\"@type\":\"ImageObject\",\"inLanguage\":\"fr-FR\",\"@id\":\"https:\\\/\\\/secure.gravatar.com\\\/avatar\\\/1447a49909b67aa657c488aec6512e1dd6143a480c1ecfee9b5b5cd74eb3b59e?s=96&d=mm&r=g\",\"url\":\"https:\\\/\\\/secure.gravatar.com\\\/avatar\\\/1447a49909b67aa657c488aec6512e1dd6143a480c1ecfee9b5b5cd74eb3b59e?s=96&d=mm&r=g\",\"contentUrl\":\"https:\\\/\\\/secure.gravatar.com\\\/avatar\\\/1447a49909b67aa657c488aec6512e1dd6143a480c1ecfee9b5b5cd74eb3b59e?s=96&d=mm&r=g\",\"caption\":\"CL\"},\"url\":\"https:\\\/\\\/www.webdo.tn\\\/fr\\\/actualite\\\/author\\\/cl\\\/\"}]}<\/script>\n<!-- \/ Yoast SEO Premium plugin. -->","yoast_head_json":{"title":"Gaza : Isra\u00ebl m\u00e8ne une attaque contre l'h\u00f4pital al-Chifa","description":"A l\u2019aube de ce mercredi 15 novembre 2023, l'arm\u00e9e isra\u00e9lienne a men\u00e9 une op\u00e9ration cibl\u00e9e contre le Hamas dans l'h\u00f4pital al-Chifa, le plus important de la ban...","canonical":"https:\/\/www.webdo.tn\/fr\/actualite\/international\/gaza-israel-mene-une-attaque-contre-l-hopital-al-chifa\/210121\/","og_locale":"fr_FR","og_type":"article","og_title":"Gaza : Isra\u00ebl m\u00e8ne une attaque contre l'h\u00f4pital al-Chifa","og_description":"A l\u2019aube de ce mercredi 15 novembre 2023, l'arm\u00e9e isra\u00e9lienne a men\u00e9 une op\u00e9ration cibl\u00e9e contre le Hamas dans l'h\u00f4pital al-Chifa, le plus important de la ban...","og_url":"https:\/\/www.webdo.tn\/fr\/actualite\/international\/gaza-israel-mene-une-attaque-contre-l-hopital-al-chifa\/210121\/","og_site_name":"webdo","article_publisher":"https:\/\/www.facebook.com\/webdotn","article_published_time":"2023-11-15T08:42:00+00:00","article_modified_time":"2025-05-20T22:52:24+00:00","og_image":[{"width":750,"height":400,"url":"https:\/\/www.webdo.tn\/fr\/wp-content\/uploads\/2023\/11\/87a4090c8264be975fc34a94fbdeeb7a.jpg","type":"image\/jpeg"}],"author":"CL","twitter_card":"summary_large_image","twitter_creator":"@webdo_tn","twitter_site":"@webdo_tn","twitter_misc":{"\u00c9crit par":"CL"},"schema":{"@context":"https:\/\/schema.org","@graph":[{"@type":"NewsArticle","@id":"https:\/\/www.webdo.tn\/fr\/actualite\/international\/gaza-israel-mene-une-attaque-contre-l-hopital-al-chifa\/210121\/#article","isPartOf":{"@id":"https:\/\/www.webdo.tn\/fr\/actualite\/international\/gaza-israel-mene-une-attaque-contre-l-hopital-al-chifa\/210121\/"},"author":{"name":"CL","@id":"https:\/\/www.webdo.tn\/fr\/#\/schema\/person\/f35b42a42c5e2511bbd282959d6385cc"},"headline":"Gaza : Isra\u00ebl m\u00e8ne une attaque contre l&rsquo;h\u00f4pital al-Chifa","datePublished":"2023-11-15T08:42:00+00:00","dateModified":"2025-05-20T22:52:24+00:00","mainEntityOfPage":{"@id":"https:\/\/www.webdo.tn\/fr\/actualite\/international\/gaza-israel-mene-une-attaque-contre-l-hopital-al-chifa\/210121\/"},"wordCount":91,"commentCount":0,"publisher":{"@id":"https:\/\/www.webdo.tn\/fr\/#organization"},"image":{"@id":"https:\/\/www.webdo.tn\/fr\/actualite\/international\/gaza-israel-mene-une-attaque-contre-l-hopital-al-chifa\/210121\/#primaryimage"},"thumbnailUrl":"https:\/\/www.webdo.tn\/fr\/wp-content\/uploads\/2023\/11\/87a4090c8264be975fc34a94fbdeeb7a.jpg","keywords":["'Al-Shifa']","Gaza","H\u00f4pital"],"articleSection":["International"],"inLanguage":"fr-FR"},{"@type":"WebPage","@id":"https:\/\/www.webdo.tn\/fr\/actualite\/international\/gaza-israel-mene-une-attaque-contre-l-hopital-al-chifa\/210121\/","url":"https:\/\/www.webdo.tn\/fr\/actualite\/international\/gaza-israel-mene-une-attaque-contre-l-hopital-al-chifa\/210121\/","name":"Gaza : Isra\u00ebl m\u00e8ne une attaque contre l'h\u00f4pital al-Chifa","isPartOf":{"@id":"https:\/\/www.webdo.tn\/fr\/#website"},"primaryImageOfPage":{"@id":"https:\/\/www.webdo.tn\/fr\/actualite\/international\/gaza-israel-mene-une-attaque-contre-l-hopital-al-chifa\/210121\/#primaryimage"},"image":{"@id":"https:\/\/www.webdo.tn\/fr\/actualite\/international\/gaza-israel-mene-une-attaque-contre-l-hopital-al-chifa\/210121\/#primaryimage"},"thumbnailUrl":"https:\/\/www.webdo.tn\/fr\/wp-content\/uploads\/2023\/11\/87a4090c8264be975fc34a94fbdeeb7a.jpg","datePublished":"2023-11-15T08:42:00+00:00","dateModified":"2025-05-20T22:52:24+00:00","description":"A l\u2019aube de ce mercredi 15 novembre 2023, l'arm\u00e9e isra\u00e9lienne a men\u00e9 une op\u00e9ration cibl\u00e9e contre le Hamas dans l'h\u00f4pital al-Chifa, le plus important de la ban...","breadcrumb":{"@id":"https:\/\/www.webdo.tn\/fr\/actualite\/international\/gaza-israel-mene-une-attaque-contre-l-hopital-al-chifa\/210121\/#breadcrumb"},"inLanguage":"fr-FR","potentialAction":[{"@type":"ReadAction","target":["https:\/\/www.webdo.tn\/fr\/actualite\/international\/gaza-israel-mene-une-attaque-contre-l-hopital-al-chifa\/210121\/"]}]},{"@type":"ImageObject","inLanguage":"fr-FR","@id":"https:\/\/www.webdo.tn\/fr\/actualite\/international\/gaza-israel-mene-une-attaque-contre-l-hopital-al-chifa\/210121\/#primaryimage","url":"https:\/\/www.webdo.tn\/fr\/wp-content\/uploads\/2023\/11\/87a4090c8264be975fc34a94fbdeeb7a.jpg","contentUrl":"https:\/\/www.webdo.tn\/fr\/wp-content\/uploads\/2023\/11\/87a4090c8264be975fc34a94fbdeeb7a.jpg","width":750,"height":400,"caption":"Gaza : Isra\u00ebl m\u00e8ne une attaque contre l'h\u00f4pital al-Chifa"},{"@type":"BreadcrumbList","@id":"https:\/\/www.webdo.tn\/fr\/actualite\/international\/gaza-israel-mene-une-attaque-contre-l-hopital-al-chifa\/210121\/#breadcrumb","itemListElement":[{"@type":"ListItem","position":1,"name":"Accueil","item":"https:\/\/www.webdo.tn\/fr\/"},{"@type":"ListItem","position":2,"name":"Gaza : Isra\u00ebl m\u00e8ne une attaque contre l&rsquo;h\u00f4pital al-Chifa"}]},{"@type":"WebSite","@id":"https:\/\/www.webdo.tn\/fr\/#website","url":"https:\/\/www.webdo.tn\/fr\/","name":"webdo","description":"Tunisie - News en Tunisie et \u00e0 l&#039;international sur Webdo.tn","publisher":{"@id":"https:\/\/www.webdo.tn\/fr\/#organization"},"potentialAction":[{"@type":"SearchAction","target":{"@type":"EntryPoint","urlTemplate":"https:\/\/www.webdo.tn\/fr\/?s={search_term_string}"},"query-input":{"@type":"PropertyValueSpecification","valueRequired":true,"valueName":"search_term_string"}}],"inLanguage":"fr-FR"},{"@type":"Organization","@id":"https:\/\/www.webdo.tn\/fr\/#organization","name":"Webdo","alternateName":"Webdo.tn","url":"https:\/\/www.webdo.tn\/fr\/","logo":{"@type":"ImageObject","inLanguage":"fr-FR","@id":"https:\/\/www.webdo.tn\/fr\/#\/schema\/logo\/image\/","url":"https:\/\/www.webdo.tn\/fr\/wp-content\/uploads\/2025\/06\/Webdo-Tunisie_168377.jpg","contentUrl":"https:\/\/www.webdo.tn\/fr\/wp-content\/uploads\/2025\/06\/Webdo-Tunisie_168377.jpg","width":301,"height":301,"caption":"Webdo"},"image":{"@id":"https:\/\/www.webdo.tn\/fr\/#\/schema\/logo\/image\/"},"sameAs":["https:\/\/www.facebook.com\/webdotn","https:\/\/x.com\/webdo_tn"],"description":"Webdo est un m\u00e9dia num\u00e9rique tunisien fond\u00e9 en 2010, sp\u00e9cialis\u00e9 dans l\u2019actualit\u00e9 nationale et internationale, l\u2019\u00e9conomie, la soci\u00e9t\u00e9 et les analyses politiques. Le site s\u2019adresse \u00e0 un large public francophone et couvre l\u2019information tunisienne en temps r\u00e9el.","email":"redac@webdo.tn","legalName":"YNJ SARL","foundingDate":"2010-09-06","numberOfEmployees":{"@type":"QuantitativeValue","minValue":"11","maxValue":"50"}},{"@type":"Person","@id":"https:\/\/www.webdo.tn\/fr\/#\/schema\/person\/f35b42a42c5e2511bbd282959d6385cc","name":"CL","image":{"@type":"ImageObject","inLanguage":"fr-FR","@id":"https:\/\/secure.gravatar.com\/avatar\/1447a49909b67aa657c488aec6512e1dd6143a480c1ecfee9b5b5cd74eb3b59e?s=96&d=mm&r=g","url":"https:\/\/secure.gravatar.com\/avatar\/1447a49909b67aa657c488aec6512e1dd6143a480c1ecfee9b5b5cd74eb3b59e?s=96&d=mm&r=g","contentUrl":"https:\/\/secure.gravatar.com\/avatar\/1447a49909b67aa657c488aec6512e1dd6143a480c1ecfee9b5b5cd74eb3b59e?s=96&d=mm&r=g","caption":"CL"},"url":"https:\/\/www.webdo.tn\/fr\/actualite\/author\/cl\/"}]}},"_links":{"self":[{"href":"https:\/\/www.webdo.tn\/fr\/wp-json\/wp\/v2\/posts\/210121","targetHints":{"allow":["GET"]}}],"collection":[{"href":"https:\/\/www.webdo.tn\/fr\/wp-json\/wp\/v2\/posts"}],"about":[{"href":"https:\/\/www.webdo.tn\/fr\/wp-json\/wp\/v2\/types\/post"}],"author":[{"embeddable":true,"href":"https:\/\/www.webdo.tn\/fr\/wp-json\/wp\/v2\/users\/3175"}],"replies":[{"embeddable":true,"href":"https:\/\/www.webdo.tn\/fr\/wp-json\/wp\/v2\/comments?post=210121"}],"version-history":[{"count":0,"href":"https:\/\/www.webdo.tn\/fr\/wp-json\/wp\/v2\/posts\/210121\/revisions"}],"wp:featuredmedia":[{"embeddable":true,"href":"https:\/\/www.webdo.tn\/fr\/wp-json\/wp\/v2\/media\/289863"}],"wp:attachment":[{"href":"https:\/\/www.webdo.tn\/fr\/wp-json\/wp\/v2\/media?parent=210121"}],"wp:term":[{"taxonomy":"category","embeddable":true,"href":"https:\/\/www.webdo.tn\/fr\/wp-json\/wp\/v2\/categories?post=210121"},{"taxonomy":"post_tag","embeddable":true,"href":"https:\/\/www.webdo.tn\/fr\/wp-json\/wp\/v2\/tags?post=210121"}],"curies":[{"name":"wp","href":"https:\/\/api.w.org\/{rel}","templated":true}]}}