{"id":210118,"date":"2023-11-14T21:51:00","date_gmt":"2023-11-14T21:51:00","guid":{"rendered":"https:\/\/www.webdo.tn\/fr\/blog\/projet-de-loi-au-danemark-2-ans-de-prison-contre-la-profanation-du-coran\/210118\/"},"modified":"2023-11-14T21:51:00","modified_gmt":"2023-11-14T21:51:00","slug":"projet-de-loi-au-danemark-2-ans-de-prison-contre-la-profanation-du-coran","status":"publish","type":"post","link":"https:\/\/www.webdo.tn\/fr\/actualite\/international\/projet-de-loi-au-danemark-2-ans-de-prison-contre-la-profanation-du-coran\/210118\/","title":{"rendered":"Projet de loi au Danemark : 2 ans de prison contre la profanation du Coran"},"content":{"rendered":"<p>Le Parlement danois, le Folketinget, entreprend ce mardi, 14 novembre, la premi\u00e8re lecture d&rsquo;un projet de loi visant \u00e0 interdire les autodaf\u00e9s du Coran. Cette initiative intervient apr\u00e8s une s\u00e9rie de profanations du livre saint de l&rsquo;islam, d\u00e9clenchant des tensions au sein de plusieurs pays musulmans.<\/p>\n<p>\t\t\t\t\t\t\t\t\tLe projet de loi propose des modifications du code p\u00e9nal pour criminaliser \u00ab\u00a0le fait de traiter de mani\u00e8re inappropri\u00e9e, publiquement ou avec l&rsquo;intention de diffuser dans un cercle plus large, un texte ayant une signification religieuse importante pour une communaut\u00e9 religieuse reconnue\u00a0\u00bb.<\/p>\n<p>Le projet, initialement introduit en ao\u00fbt, a subi des modifications en r\u00e9ponse aux critiques concernant des atteintes \u00e0 la libert\u00e9 d&rsquo;expression et des pr\u00e9occupations li\u00e9es \u00e0 sa mise en \u0153uvre.<\/p>\n<p>Le minist\u00e8re de la Justice a clarifi\u00e9 que le texte se concentrera sp\u00e9cifiquement sur le traitement inappropri\u00e9 des \u00e9critures religieuses. \u00c0 l&rsquo;origine, il couvrait les profanations de tous les objets religieux significatifs.<\/p>\n<p>Les contrevenants s&rsquo;exposeront \u00e0 une peine de deux ans d&#8217;emprisonnement. Le ministre de la Justice, Peter Hummelgaard, assure que ces changements rendront la loi plus compr\u00e9hensible pour la police et les tribunaux.<\/p>\n<p>Apr\u00e8s la premi\u00e8re lecture, le texte sera examin\u00e9 en commission avant deux lectures suppl\u00e9mentaires et un vote, une formalit\u00e9 \u00e9tant donn\u00e9 la majorit\u00e9 gouvernementale au Parlement.<\/p>\n<p>Entre le 21 juillet et le 24 octobre 2023, la police nationale danoise a recens\u00e9 483 autodaf\u00e9s et drapeaux br\u00fbl\u00e9s.<\/p>\n<p>La chancellerie danoise justifie la loi en mettant en avant la n\u00e9cessit\u00e9 de prot\u00e9ger les int\u00e9r\u00eats nationaux et la s\u00e9curit\u00e9 du pays.<\/p>\n<p>Le Danemark, aux c\u00f4t\u00e9s de la Su\u00e8de, a r\u00e9cemment attir\u00e9 la col\u00e8re de plusieurs pays musulmans. Des manifestations ont eu lieu en Irak, conduisant temporairement \u00e0 un renforcement des contr\u00f4les aux fronti\u00e8res danois.<\/p>\n","protected":false},"excerpt":{"rendered":"<p>Cette initiative intervient apr\u00e8s une s\u00e9rie de profanations du livre saint de l&rsquo;islam, d\u00e9clenchant des tensions au sein de plusieurs pays musulmans.<\/p>\n","protected":false},"author":3203,"featured_media":289859,"comment_status":"open","ping_status":"closed","sticky":false,"template":"","format":"standard","meta":{"footnotes":""},"categories":[2598],"tags":[9584,9289,5858,3033],"class_list":["post-210118","post","type-post","status-publish","format-standard","has-post-thumbnail","hentry","category-international","tag-autodafe","tag-coran","tag-danemark","tag-loi"],"yoast_head":"<!-- This site is optimized with the Yoast SEO Premium plugin v27.5 (Yoast SEO v27.5) - https:\/\/yoast.com\/product\/yoast-seo-premium-wordpress\/ -->\n<title>Projet de loi au Danemark : 2 ans de prison contre la profanation du Coran<\/title>\n<meta name=\"description\" content=\"Cette initiative intervient apr\u00e8s une s\u00e9rie de profanations du livre saint de l&#039;islam, d\u00e9clenchant des tensions au sein de plusieurs pays musulmans.\" \/>\n<link rel=\"canonical\" href=\"https:\/\/www.webdo.tn\/fr\/actualite\/international\/projet-de-loi-au-danemark-2-ans-de-prison-contre-la-profanation-du-coran\/210118\/\" \/>\n<meta property=\"og:locale\" content=\"fr_FR\" \/>\n<meta property=\"og:type\" content=\"article\" \/>\n<meta property=\"og:title\" content=\"Projet de loi au Danemark : 2 ans de prison contre la profanation du Coran\" \/>\n<meta property=\"og:description\" content=\"Cette initiative intervient apr\u00e8s une s\u00e9rie de profanations du livre saint de l&#039;islam, d\u00e9clenchant des tensions au sein de plusieurs pays musulmans.\" \/>\n<meta property=\"og:url\" content=\"https:\/\/www.webdo.tn\/fr\/actualite\/international\/projet-de-loi-au-danemark-2-ans-de-prison-contre-la-profanation-du-coran\/210118\/\" \/>\n<meta property=\"og:site_name\" content=\"webdo\" \/>\n<meta property=\"article:publisher\" content=\"https:\/\/www.facebook.com\/webdotn\" \/>\n<meta property=\"article:published_time\" content=\"2023-11-14T21:51:00+00:00\" \/>\n<meta property=\"og:image\" content=\"https:\/\/www.webdo.tn\/fr\/wp-content\/uploads\/2023\/11\/80fd0aaa85100688543783859b8204d5.jpg\" \/>\n\t<meta property=\"og:image:width\" content=\"750\" \/>\n\t<meta property=\"og:image:height\" content=\"400\" \/>\n\t<meta property=\"og:image:type\" content=\"image\/jpeg\" \/>\n<meta name=\"author\" content=\"Ramzi Haddad\" \/>\n<meta name=\"twitter:card\" content=\"summary_large_image\" \/>\n<meta name=\"twitter:creator\" content=\"@webdo_tn\" \/>\n<meta name=\"twitter:site\" content=\"@webdo_tn\" \/>\n<meta name=\"twitter:label1\" content=\"\u00c9crit par\" \/>\n\t<meta name=\"twitter:data1\" content=\"Ramzi Haddad\" \/>\n\t<meta name=\"twitter:label2\" content=\"Dur\u00e9e de lecture estim\u00e9e\" \/>\n\t<meta name=\"twitter:data2\" content=\"2 minutes\" \/>\n<script type=\"application\/ld+json\" class=\"yoast-schema-graph\">{\"@context\":\"https:\\\/\\\/schema.org\",\"@graph\":[{\"@type\":\"NewsArticle\",\"@id\":\"https:\\\/\\\/www.webdo.tn\\\/fr\\\/actualite\\\/international\\\/projet-de-loi-au-danemark-2-ans-de-prison-contre-la-profanation-du-coran\\\/210118\\\/#article\",\"isPartOf\":{\"@id\":\"https:\\\/\\\/www.webdo.tn\\\/fr\\\/actualite\\\/international\\\/projet-de-loi-au-danemark-2-ans-de-prison-contre-la-profanation-du-coran\\\/210118\\\/\"},\"author\":{\"name\":\"Ramzi Haddad\",\"@id\":\"https:\\\/\\\/www.webdo.tn\\\/fr\\\/#\\\/schema\\\/person\\\/5663044c25eb36d8f88ba5b653f12f8c\"},\"headline\":\"Projet de loi au Danemark : 2 ans de prison contre la profanation du Coran\",\"datePublished\":\"2023-11-14T21:51:00+00:00\",\"mainEntityOfPage\":{\"@id\":\"https:\\\/\\\/www.webdo.tn\\\/fr\\\/actualite\\\/international\\\/projet-de-loi-au-danemark-2-ans-de-prison-contre-la-profanation-du-coran\\\/210118\\\/\"},\"wordCount\":325,\"commentCount\":0,\"publisher\":{\"@id\":\"https:\\\/\\\/www.webdo.tn\\\/fr\\\/#organization\"},\"image\":{\"@id\":\"https:\\\/\\\/www.webdo.tn\\\/fr\\\/actualite\\\/international\\\/projet-de-loi-au-danemark-2-ans-de-prison-contre-la-profanation-du-coran\\\/210118\\\/#primaryimage\"},\"thumbnailUrl\":\"https:\\\/\\\/www.webdo.tn\\\/fr\\\/wp-content\\\/uploads\\\/2023\\\/11\\\/80fd0aaa85100688543783859b8204d5.jpg\",\"keywords\":[\"autodaf\u00e9\",\"Coran\",\"danemark\",\"loi\"],\"articleSection\":[\"International\"],\"inLanguage\":\"fr-FR\"},{\"@type\":\"WebPage\",\"@id\":\"https:\\\/\\\/www.webdo.tn\\\/fr\\\/actualite\\\/international\\\/projet-de-loi-au-danemark-2-ans-de-prison-contre-la-profanation-du-coran\\\/210118\\\/\",\"url\":\"https:\\\/\\\/www.webdo.tn\\\/fr\\\/actualite\\\/international\\\/projet-de-loi-au-danemark-2-ans-de-prison-contre-la-profanation-du-coran\\\/210118\\\/\",\"name\":\"Projet de loi au Danemark : 2 ans de prison contre la profanation du Coran\",\"isPartOf\":{\"@id\":\"https:\\\/\\\/www.webdo.tn\\\/fr\\\/#website\"},\"primaryImageOfPage\":{\"@id\":\"https:\\\/\\\/www.webdo.tn\\\/fr\\\/actualite\\\/international\\\/projet-de-loi-au-danemark-2-ans-de-prison-contre-la-profanation-du-coran\\\/210118\\\/#primaryimage\"},\"image\":{\"@id\":\"https:\\\/\\\/www.webdo.tn\\\/fr\\\/actualite\\\/international\\\/projet-de-loi-au-danemark-2-ans-de-prison-contre-la-profanation-du-coran\\\/210118\\\/#primaryimage\"},\"thumbnailUrl\":\"https:\\\/\\\/www.webdo.tn\\\/fr\\\/wp-content\\\/uploads\\\/2023\\\/11\\\/80fd0aaa85100688543783859b8204d5.jpg\",\"datePublished\":\"2023-11-14T21:51:00+00:00\",\"description\":\"Cette initiative intervient apr\u00e8s une s\u00e9rie de profanations du livre saint de l'islam, d\u00e9clenchant des tensions au sein de plusieurs pays musulmans.\",\"breadcrumb\":{\"@id\":\"https:\\\/\\\/www.webdo.tn\\\/fr\\\/actualite\\\/international\\\/projet-de-loi-au-danemark-2-ans-de-prison-contre-la-profanation-du-coran\\\/210118\\\/#breadcrumb\"},\"inLanguage\":\"fr-FR\",\"potentialAction\":[{\"@type\":\"ReadAction\",\"target\":[\"https:\\\/\\\/www.webdo.tn\\\/fr\\\/actualite\\\/international\\\/projet-de-loi-au-danemark-2-ans-de-prison-contre-la-profanation-du-coran\\\/210118\\\/\"]}]},{\"@type\":\"ImageObject\",\"inLanguage\":\"fr-FR\",\"@id\":\"https:\\\/\\\/www.webdo.tn\\\/fr\\\/actualite\\\/international\\\/projet-de-loi-au-danemark-2-ans-de-prison-contre-la-profanation-du-coran\\\/210118\\\/#primaryimage\",\"url\":\"https:\\\/\\\/www.webdo.tn\\\/fr\\\/wp-content\\\/uploads\\\/2023\\\/11\\\/80fd0aaa85100688543783859b8204d5.jpg\",\"contentUrl\":\"https:\\\/\\\/www.webdo.tn\\\/fr\\\/wp-content\\\/uploads\\\/2023\\\/11\\\/80fd0aaa85100688543783859b8204d5.jpg\",\"width\":750,\"height\":400,\"caption\":\"Projet de loi au Danemark : 2 ans de prison contre la profanation du Coran\"},{\"@type\":\"BreadcrumbList\",\"@id\":\"https:\\\/\\\/www.webdo.tn\\\/fr\\\/actualite\\\/international\\\/projet-de-loi-au-danemark-2-ans-de-prison-contre-la-profanation-du-coran\\\/210118\\\/#breadcrumb\",\"itemListElement\":[{\"@type\":\"ListItem\",\"position\":1,\"name\":\"Accueil\",\"item\":\"https:\\\/\\\/www.webdo.tn\\\/fr\\\/\"},{\"@type\":\"ListItem\",\"position\":2,\"name\":\"Projet de loi au Danemark : 2 ans de prison contre la profanation du Coran\"}]},{\"@type\":\"WebSite\",\"@id\":\"https:\\\/\\\/www.webdo.tn\\\/fr\\\/#website\",\"url\":\"https:\\\/\\\/www.webdo.tn\\\/fr\\\/\",\"name\":\"webdo\",\"description\":\"Tunisie - News en Tunisie et \u00e0 l&#039;international sur Webdo.tn\",\"publisher\":{\"@id\":\"https:\\\/\\\/www.webdo.tn\\\/fr\\\/#organization\"},\"potentialAction\":[{\"@type\":\"SearchAction\",\"target\":{\"@type\":\"EntryPoint\",\"urlTemplate\":\"https:\\\/\\\/www.webdo.tn\\\/fr\\\/?s={search_term_string}\"},\"query-input\":{\"@type\":\"PropertyValueSpecification\",\"valueRequired\":true,\"valueName\":\"search_term_string\"}}],\"inLanguage\":\"fr-FR\"},{\"@type\":\"Organization\",\"@id\":\"https:\\\/\\\/www.webdo.tn\\\/fr\\\/#organization\",\"name\":\"Webdo\",\"alternateName\":\"Webdo.tn\",\"url\":\"https:\\\/\\\/www.webdo.tn\\\/fr\\\/\",\"logo\":{\"@type\":\"ImageObject\",\"inLanguage\":\"fr-FR\",\"@id\":\"https:\\\/\\\/www.webdo.tn\\\/fr\\\/#\\\/schema\\\/logo\\\/image\\\/\",\"url\":\"https:\\\/\\\/www.webdo.tn\\\/fr\\\/wp-content\\\/uploads\\\/2025\\\/06\\\/Webdo-Tunisie_168377.jpg\",\"contentUrl\":\"https:\\\/\\\/www.webdo.tn\\\/fr\\\/wp-content\\\/uploads\\\/2025\\\/06\\\/Webdo-Tunisie_168377.jpg\",\"width\":301,\"height\":301,\"caption\":\"Webdo\"},\"image\":{\"@id\":\"https:\\\/\\\/www.webdo.tn\\\/fr\\\/#\\\/schema\\\/logo\\\/image\\\/\"},\"sameAs\":[\"https:\\\/\\\/www.facebook.com\\\/webdotn\",\"https:\\\/\\\/x.com\\\/webdo_tn\"],\"description\":\"Webdo est un m\u00e9dia num\u00e9rique tunisien fond\u00e9 en 2010, sp\u00e9cialis\u00e9 dans l\u2019actualit\u00e9 nationale et internationale, l\u2019\u00e9conomie, la soci\u00e9t\u00e9 et les analyses politiques. Le site s\u2019adresse \u00e0 un large public francophone et couvre l\u2019information tunisienne en temps r\u00e9el.\",\"email\":\"redac@webdo.tn\",\"legalName\":\"YNJ SARL\",\"foundingDate\":\"2010-09-06\",\"numberOfEmployees\":{\"@type\":\"QuantitativeValue\",\"minValue\":\"11\",\"maxValue\":\"50\"}},{\"@type\":\"Person\",\"@id\":\"https:\\\/\\\/www.webdo.tn\\\/fr\\\/#\\\/schema\\\/person\\\/5663044c25eb36d8f88ba5b653f12f8c\",\"name\":\"Ramzi Haddad\",\"image\":{\"@type\":\"ImageObject\",\"inLanguage\":\"fr-FR\",\"@id\":\"https:\\\/\\\/www.webdo.tn\\\/fr\\\/wp-content\\\/uploads\\\/2026\\\/04\\\/ramzi-haddad_avatar-96x96.jpg\",\"url\":\"https:\\\/\\\/www.webdo.tn\\\/fr\\\/wp-content\\\/uploads\\\/2026\\\/04\\\/ramzi-haddad_avatar-96x96.jpg\",\"contentUrl\":\"https:\\\/\\\/www.webdo.tn\\\/fr\\\/wp-content\\\/uploads\\\/2026\\\/04\\\/ramzi-haddad_avatar-96x96.jpg\",\"caption\":\"Ramzi Haddad\"},\"description\":\"Signature \u00e9ditoriale de Walid Ben Youssef Ramzi Haddad est le pseudonyme \u00e9ditorial de Walid Ben Youssef, fondateur et g\u00e9rant de Webdo.tn. Cette signature est d\u00e9di\u00e9e \u00e0 la couverture de l'actualit\u00e9 nationale et internationale, ainsi qu'aux analyses des dynamiques num\u00e9riques. Ce profil b\u00e9n\u00e9ficie de l'expertise de Walid Ben Youssef, pionnier du web en Tunisie depuis 2000 et dipl\u00f4m\u00e9 en Math\u00e9matiques pures de l'Universit\u00e9 d'Oregon. \u00c0 travers cette signature, la r\u00e9daction de Webdo garantit une information structur\u00e9e et v\u00e9rifi\u00e9e, fid\u00e8le aux standards journalistiques du m\u00e9dia.\",\"url\":\"https:\\\/\\\/www.webdo.tn\\\/fr\\\/actualite\\\/author\\\/ramzi-haddad\\\/\"}]}<\/script>\n<!-- \/ Yoast SEO Premium plugin. -->","yoast_head_json":{"title":"Projet de loi au Danemark : 2 ans de prison contre la profanation du Coran","description":"Cette initiative intervient apr\u00e8s une s\u00e9rie de profanations du livre saint de l'islam, d\u00e9clenchant des tensions au sein de plusieurs pays musulmans.","canonical":"https:\/\/www.webdo.tn\/fr\/actualite\/international\/projet-de-loi-au-danemark-2-ans-de-prison-contre-la-profanation-du-coran\/210118\/","og_locale":"fr_FR","og_type":"article","og_title":"Projet de loi au Danemark : 2 ans de prison contre la profanation du Coran","og_description":"Cette initiative intervient apr\u00e8s une s\u00e9rie de profanations du livre saint de l'islam, d\u00e9clenchant des tensions au sein de plusieurs pays musulmans.","og_url":"https:\/\/www.webdo.tn\/fr\/actualite\/international\/projet-de-loi-au-danemark-2-ans-de-prison-contre-la-profanation-du-coran\/210118\/","og_site_name":"webdo","article_publisher":"https:\/\/www.facebook.com\/webdotn","article_published_time":"2023-11-14T21:51:00+00:00","og_image":[{"width":750,"height":400,"url":"https:\/\/www.webdo.tn\/fr\/wp-content\/uploads\/2023\/11\/80fd0aaa85100688543783859b8204d5.jpg","type":"image\/jpeg"}],"author":"Ramzi Haddad","twitter_card":"summary_large_image","twitter_creator":"@webdo_tn","twitter_site":"@webdo_tn","twitter_misc":{"\u00c9crit par":"Ramzi Haddad","Dur\u00e9e de lecture estim\u00e9e":"2 minutes"},"schema":{"@context":"https:\/\/schema.org","@graph":[{"@type":"NewsArticle","@id":"https:\/\/www.webdo.tn\/fr\/actualite\/international\/projet-de-loi-au-danemark-2-ans-de-prison-contre-la-profanation-du-coran\/210118\/#article","isPartOf":{"@id":"https:\/\/www.webdo.tn\/fr\/actualite\/international\/projet-de-loi-au-danemark-2-ans-de-prison-contre-la-profanation-du-coran\/210118\/"},"author":{"name":"Ramzi Haddad","@id":"https:\/\/www.webdo.tn\/fr\/#\/schema\/person\/5663044c25eb36d8f88ba5b653f12f8c"},"headline":"Projet de loi au Danemark : 2 ans de prison contre la profanation du Coran","datePublished":"2023-11-14T21:51:00+00:00","mainEntityOfPage":{"@id":"https:\/\/www.webdo.tn\/fr\/actualite\/international\/projet-de-loi-au-danemark-2-ans-de-prison-contre-la-profanation-du-coran\/210118\/"},"wordCount":325,"commentCount":0,"publisher":{"@id":"https:\/\/www.webdo.tn\/fr\/#organization"},"image":{"@id":"https:\/\/www.webdo.tn\/fr\/actualite\/international\/projet-de-loi-au-danemark-2-ans-de-prison-contre-la-profanation-du-coran\/210118\/#primaryimage"},"thumbnailUrl":"https:\/\/www.webdo.tn\/fr\/wp-content\/uploads\/2023\/11\/80fd0aaa85100688543783859b8204d5.jpg","keywords":["autodaf\u00e9","Coran","danemark","loi"],"articleSection":["International"],"inLanguage":"fr-FR"},{"@type":"WebPage","@id":"https:\/\/www.webdo.tn\/fr\/actualite\/international\/projet-de-loi-au-danemark-2-ans-de-prison-contre-la-profanation-du-coran\/210118\/","url":"https:\/\/www.webdo.tn\/fr\/actualite\/international\/projet-de-loi-au-danemark-2-ans-de-prison-contre-la-profanation-du-coran\/210118\/","name":"Projet de loi au Danemark : 2 ans de prison contre la profanation du Coran","isPartOf":{"@id":"https:\/\/www.webdo.tn\/fr\/#website"},"primaryImageOfPage":{"@id":"https:\/\/www.webdo.tn\/fr\/actualite\/international\/projet-de-loi-au-danemark-2-ans-de-prison-contre-la-profanation-du-coran\/210118\/#primaryimage"},"image":{"@id":"https:\/\/www.webdo.tn\/fr\/actualite\/international\/projet-de-loi-au-danemark-2-ans-de-prison-contre-la-profanation-du-coran\/210118\/#primaryimage"},"thumbnailUrl":"https:\/\/www.webdo.tn\/fr\/wp-content\/uploads\/2023\/11\/80fd0aaa85100688543783859b8204d5.jpg","datePublished":"2023-11-14T21:51:00+00:00","description":"Cette initiative intervient apr\u00e8s une s\u00e9rie de profanations du livre saint de l'islam, d\u00e9clenchant des tensions au sein de plusieurs pays musulmans.","breadcrumb":{"@id":"https:\/\/www.webdo.tn\/fr\/actualite\/international\/projet-de-loi-au-danemark-2-ans-de-prison-contre-la-profanation-du-coran\/210118\/#breadcrumb"},"inLanguage":"fr-FR","potentialAction":[{"@type":"ReadAction","target":["https:\/\/www.webdo.tn\/fr\/actualite\/international\/projet-de-loi-au-danemark-2-ans-de-prison-contre-la-profanation-du-coran\/210118\/"]}]},{"@type":"ImageObject","inLanguage":"fr-FR","@id":"https:\/\/www.webdo.tn\/fr\/actualite\/international\/projet-de-loi-au-danemark-2-ans-de-prison-contre-la-profanation-du-coran\/210118\/#primaryimage","url":"https:\/\/www.webdo.tn\/fr\/wp-content\/uploads\/2023\/11\/80fd0aaa85100688543783859b8204d5.jpg","contentUrl":"https:\/\/www.webdo.tn\/fr\/wp-content\/uploads\/2023\/11\/80fd0aaa85100688543783859b8204d5.jpg","width":750,"height":400,"caption":"Projet de loi au Danemark : 2 ans de prison contre la profanation du Coran"},{"@type":"BreadcrumbList","@id":"https:\/\/www.webdo.tn\/fr\/actualite\/international\/projet-de-loi-au-danemark-2-ans-de-prison-contre-la-profanation-du-coran\/210118\/#breadcrumb","itemListElement":[{"@type":"ListItem","position":1,"name":"Accueil","item":"https:\/\/www.webdo.tn\/fr\/"},{"@type":"ListItem","position":2,"name":"Projet de loi au Danemark : 2 ans de prison contre la profanation du Coran"}]},{"@type":"WebSite","@id":"https:\/\/www.webdo.tn\/fr\/#website","url":"https:\/\/www.webdo.tn\/fr\/","name":"webdo","description":"Tunisie - News en Tunisie et \u00e0 l&#039;international sur Webdo.tn","publisher":{"@id":"https:\/\/www.webdo.tn\/fr\/#organization"},"potentialAction":[{"@type":"SearchAction","target":{"@type":"EntryPoint","urlTemplate":"https:\/\/www.webdo.tn\/fr\/?s={search_term_string}"},"query-input":{"@type":"PropertyValueSpecification","valueRequired":true,"valueName":"search_term_string"}}],"inLanguage":"fr-FR"},{"@type":"Organization","@id":"https:\/\/www.webdo.tn\/fr\/#organization","name":"Webdo","alternateName":"Webdo.tn","url":"https:\/\/www.webdo.tn\/fr\/","logo":{"@type":"ImageObject","inLanguage":"fr-FR","@id":"https:\/\/www.webdo.tn\/fr\/#\/schema\/logo\/image\/","url":"https:\/\/www.webdo.tn\/fr\/wp-content\/uploads\/2025\/06\/Webdo-Tunisie_168377.jpg","contentUrl":"https:\/\/www.webdo.tn\/fr\/wp-content\/uploads\/2025\/06\/Webdo-Tunisie_168377.jpg","width":301,"height":301,"caption":"Webdo"},"image":{"@id":"https:\/\/www.webdo.tn\/fr\/#\/schema\/logo\/image\/"},"sameAs":["https:\/\/www.facebook.com\/webdotn","https:\/\/x.com\/webdo_tn"],"description":"Webdo est un m\u00e9dia num\u00e9rique tunisien fond\u00e9 en 2010, sp\u00e9cialis\u00e9 dans l\u2019actualit\u00e9 nationale et internationale, l\u2019\u00e9conomie, la soci\u00e9t\u00e9 et les analyses politiques. Le site s\u2019adresse \u00e0 un large public francophone et couvre l\u2019information tunisienne en temps r\u00e9el.","email":"redac@webdo.tn","legalName":"YNJ SARL","foundingDate":"2010-09-06","numberOfEmployees":{"@type":"QuantitativeValue","minValue":"11","maxValue":"50"}},{"@type":"Person","@id":"https:\/\/www.webdo.tn\/fr\/#\/schema\/person\/5663044c25eb36d8f88ba5b653f12f8c","name":"Ramzi Haddad","image":{"@type":"ImageObject","inLanguage":"fr-FR","@id":"https:\/\/www.webdo.tn\/fr\/wp-content\/uploads\/2026\/04\/ramzi-haddad_avatar-96x96.jpg","url":"https:\/\/www.webdo.tn\/fr\/wp-content\/uploads\/2026\/04\/ramzi-haddad_avatar-96x96.jpg","contentUrl":"https:\/\/www.webdo.tn\/fr\/wp-content\/uploads\/2026\/04\/ramzi-haddad_avatar-96x96.jpg","caption":"Ramzi Haddad"},"description":"Signature \u00e9ditoriale de Walid Ben Youssef Ramzi Haddad est le pseudonyme \u00e9ditorial de Walid Ben Youssef, fondateur et g\u00e9rant de Webdo.tn. Cette signature est d\u00e9di\u00e9e \u00e0 la couverture de l'actualit\u00e9 nationale et internationale, ainsi qu'aux analyses des dynamiques num\u00e9riques. Ce profil b\u00e9n\u00e9ficie de l'expertise de Walid Ben Youssef, pionnier du web en Tunisie depuis 2000 et dipl\u00f4m\u00e9 en Math\u00e9matiques pures de l'Universit\u00e9 d'Oregon. \u00c0 travers cette signature, la r\u00e9daction de Webdo garantit une information structur\u00e9e et v\u00e9rifi\u00e9e, fid\u00e8le aux standards journalistiques du m\u00e9dia.","url":"https:\/\/www.webdo.tn\/fr\/actualite\/author\/ramzi-haddad\/"}]}},"_links":{"self":[{"href":"https:\/\/www.webdo.tn\/fr\/wp-json\/wp\/v2\/posts\/210118","targetHints":{"allow":["GET"]}}],"collection":[{"href":"https:\/\/www.webdo.tn\/fr\/wp-json\/wp\/v2\/posts"}],"about":[{"href":"https:\/\/www.webdo.tn\/fr\/wp-json\/wp\/v2\/types\/post"}],"author":[{"embeddable":true,"href":"https:\/\/www.webdo.tn\/fr\/wp-json\/wp\/v2\/users\/3203"}],"replies":[{"embeddable":true,"href":"https:\/\/www.webdo.tn\/fr\/wp-json\/wp\/v2\/comments?post=210118"}],"version-history":[{"count":0,"href":"https:\/\/www.webdo.tn\/fr\/wp-json\/wp\/v2\/posts\/210118\/revisions"}],"wp:featuredmedia":[{"embeddable":true,"href":"https:\/\/www.webdo.tn\/fr\/wp-json\/wp\/v2\/media\/289859"}],"wp:attachment":[{"href":"https:\/\/www.webdo.tn\/fr\/wp-json\/wp\/v2\/media?parent=210118"}],"wp:term":[{"taxonomy":"category","embeddable":true,"href":"https:\/\/www.webdo.tn\/fr\/wp-json\/wp\/v2\/categories?post=210118"},{"taxonomy":"post_tag","embeddable":true,"href":"https:\/\/www.webdo.tn\/fr\/wp-json\/wp\/v2\/tags?post=210118"}],"curies":[{"name":"wp","href":"https:\/\/api.w.org\/{rel}","templated":true}]}}