{"id":210115,"date":"2023-11-14T20:58:00","date_gmt":"2023-11-14T20:58:00","guid":{"rendered":"https:\/\/www.webdo.tn\/fr\/blog\/du-gaz-lacrymogene-a-tataouine\/210115\/"},"modified":"2025-05-20T22:10:41","modified_gmt":"2025-05-20T22:10:41","slug":"du-gaz-lacrymogene-a-tataouine","status":"publish","type":"post","link":"https:\/\/www.webdo.tn\/fr\/actualite\/regions\/du-gaz-lacrymogene-a-tataouine\/210115\/","title":{"rendered":"Du gaz lacrymog\u00e8ne \u00e0 Tataouine !"},"content":{"rendered":"<p>Les forces de s\u00e9curit\u00e9 \u00e0 Tataouine ont d\u00fb s\u2019interposer et intervenir, aujourd\u2019hui \u00e0 Tataouine o\u00f9 des manifestants ont tent\u00e9 de prendre d\u2019assaut le si\u00e8ge du gouvernorat.<\/p>\n<p>\t\t\t\t\t\t\t\t\tLes forces de l\u2019ordre ont d\u00fb intervenir pour emp\u00eacher plusieurs manifestants, mobilis\u00e9s ce mardi 14 novembre 2023, par les syndicats de l\u2019Entreprise de l\u2019Environnement, de l\u2019Agriculture et de novembre\u00a0 l\u2019Horticulture de Tataouine, de prendre d\u2019assaut le si\u00e8ge du gouvernorat. Ils ont fait usage de gaz lacrymog\u00e8ne face \u00e0 des manifestants arm\u00e9s de pierres.<\/p>\n<p>Le secr\u00e9taire g\u00e9n\u00e9ral du principal syndicat de l\u2019entreprise, Moubarak Salmi a expliqu\u00e9, dans une d\u00e9claration \u00e0 l\u2019Agence TAP, que \u00ab\u00a0la manifestation a d\u00e9but\u00e9 pacifiquement devant le si\u00e8ge du Syndicat r\u00e9gional du travail en direction du si\u00e8ge du gouvernorat, mais qu\u2019elle s\u2019est heurt\u00e9e \u00e0 la r\u00e9sistance des forces de l\u2019ordre\u00a0\u00bb.<\/p>\n<p>Il a ajout\u00e9 que \u00ab\u00a0certains travailleurs et syndicalistes ont \u00e9t\u00e9 arr\u00eat\u00e9s, ce qui a \u00e9t\u00e9 d\u00e9menti par une source s\u00e9curitaire officielle, soulignant qu\u2019aucune personne participant \u00e0 la marche n\u2019avait \u00e9t\u00e9 arr\u00eat\u00e9e\u00a0\u00bb.<\/p>\n<p>Les travailleurs de l\u2019Entreprise d\u2019Environnement, Plantation et Horticulture sont en gr\u00e8ve de deux jours (14 et 15 novembre), et ont diverses revendications qui doivent \u00eatre d\u00e9battues vendredi prochain.<\/p>\n<p>Le membre de l\u2019Union r\u00e9gionale du travail, Mohsen Al-Kharshani, a confirm\u00e9 qu\u2019une r\u00e9union a \u00e9t\u00e9 d\u00e9cid\u00e9e vendredi, en pr\u00e9sence des repr\u00e9sentants de l\u2019ETAP, et qui sera consacr\u00e9e \u00e0 l\u2019examen de diverses questions en suspens concernant les revendications des travailleurs et des employ\u00e9s de l\u2019entreprise.<\/p>\n<p>D\u2019un autre c\u00f4t\u00e9, le gouverneur de Tataouine a d\u00e9clar\u00e9 \u00e0 l\u2019Agence TAP, \u00e0 l\u2019issue d\u2019une s\u00e9ance de travail tenue avec les membres du bureau r\u00e9gional de l\u2019Union g\u00e9n\u00e9rale tunisienne du travail, que la pr\u00e9sidence du gouvernement a autoris\u00e9 le paiement des salaires aux travailleurs et cadres de l\u2019Entreprise d\u2019Environnement, Plantation et Horticulture.<\/p>\n","protected":false},"excerpt":{"rendered":"<p>Les forces de l\u2019ordre ont d\u00fb intervenir pour emp\u00eacher plusieurs manifestants, mobilis\u00e9s ce mardi 14 novembre 2023, par les syndicats de l\u2019Entreprise de l\u2019Enviro&#8230;<\/p>\n","protected":false},"author":3162,"featured_media":289855,"comment_status":"open","ping_status":"closed","sticky":false,"template":"","format":"standard","meta":{"footnotes":""},"categories":[2595],"tags":[9841,2817,2805],"class_list":["post-210115","post","type-post","status-publish","format-standard","has-post-thumbnail","hentry","category-regions","tag-gaz-lacrymogene","tag-manifestation","tag-tataouine"],"yoast_head":"<!-- This site is optimized with the Yoast SEO Premium plugin v27.5 (Yoast SEO v27.5) - https:\/\/yoast.com\/product\/yoast-seo-premium-wordpress\/ -->\n<title>Du gaz lacrymog\u00e8ne \u00e0 Tataouine !<\/title>\n<meta name=\"description\" content=\"Les forces de l\u2019ordre ont d\u00fb intervenir pour emp\u00eacher plusieurs manifestants, mobilis\u00e9s ce mardi 14 novembre 2023, par les syndicats de l\u2019Entreprise de l\u2019Enviro...\" \/>\n<link rel=\"canonical\" href=\"https:\/\/www.webdo.tn\/fr\/actualite\/regions\/du-gaz-lacrymogene-a-tataouine\/210115\/\" \/>\n<meta property=\"og:locale\" content=\"fr_FR\" \/>\n<meta property=\"og:type\" content=\"article\" \/>\n<meta property=\"og:title\" content=\"Du gaz lacrymog\u00e8ne \u00e0 Tataouine !\" \/>\n<meta property=\"og:description\" content=\"Les forces de l\u2019ordre ont d\u00fb intervenir pour emp\u00eacher plusieurs manifestants, mobilis\u00e9s ce mardi 14 novembre 2023, par les syndicats de l\u2019Entreprise de l\u2019Enviro...\" \/>\n<meta property=\"og:url\" content=\"https:\/\/www.webdo.tn\/fr\/actualite\/regions\/du-gaz-lacrymogene-a-tataouine\/210115\/\" \/>\n<meta property=\"og:site_name\" content=\"webdo\" \/>\n<meta property=\"article:publisher\" content=\"https:\/\/www.facebook.com\/webdotn\" \/>\n<meta property=\"article:published_time\" content=\"2023-11-14T20:58:00+00:00\" \/>\n<meta property=\"article:modified_time\" content=\"2025-05-20T22:10:41+00:00\" \/>\n<meta property=\"og:image\" content=\"https:\/\/www.webdo.tn\/fr\/wp-content\/uploads\/2023\/11\/ce4d33a1eaef716b710ca48d85e6cf39.jpg\" \/>\n\t<meta property=\"og:image:width\" content=\"750\" \/>\n\t<meta property=\"og:image:height\" content=\"400\" \/>\n\t<meta property=\"og:image:type\" content=\"image\/jpeg\" \/>\n<meta name=\"author\" content=\"MC\" \/>\n<meta name=\"twitter:card\" content=\"summary_large_image\" \/>\n<meta name=\"twitter:creator\" content=\"@webdo_tn\" \/>\n<meta name=\"twitter:site\" content=\"@webdo_tn\" \/>\n<meta name=\"twitter:label1\" content=\"\u00c9crit par\" \/>\n\t<meta name=\"twitter:data1\" content=\"MC\" \/>\n\t<meta name=\"twitter:label2\" content=\"Dur\u00e9e de lecture estim\u00e9e\" \/>\n\t<meta name=\"twitter:data2\" content=\"2 minutes\" \/>\n<script type=\"application\/ld+json\" class=\"yoast-schema-graph\">{\"@context\":\"https:\\\/\\\/schema.org\",\"@graph\":[{\"@type\":\"NewsArticle\",\"@id\":\"https:\\\/\\\/www.webdo.tn\\\/fr\\\/actualite\\\/regions\\\/du-gaz-lacrymogene-a-tataouine\\\/210115\\\/#article\",\"isPartOf\":{\"@id\":\"https:\\\/\\\/www.webdo.tn\\\/fr\\\/actualite\\\/regions\\\/du-gaz-lacrymogene-a-tataouine\\\/210115\\\/\"},\"author\":{\"name\":\"MC\",\"@id\":\"https:\\\/\\\/www.webdo.tn\\\/fr\\\/#\\\/schema\\\/person\\\/2c4929cbf5a809e3bd38617c6ce150f6\"},\"headline\":\"Du gaz lacrymog\u00e8ne \u00e0 Tataouine !\",\"datePublished\":\"2023-11-14T20:58:00+00:00\",\"dateModified\":\"2025-05-20T22:10:41+00:00\",\"mainEntityOfPage\":{\"@id\":\"https:\\\/\\\/www.webdo.tn\\\/fr\\\/actualite\\\/regions\\\/du-gaz-lacrymogene-a-tataouine\\\/210115\\\/\"},\"wordCount\":345,\"commentCount\":0,\"publisher\":{\"@id\":\"https:\\\/\\\/www.webdo.tn\\\/fr\\\/#organization\"},\"image\":{\"@id\":\"https:\\\/\\\/www.webdo.tn\\\/fr\\\/actualite\\\/regions\\\/du-gaz-lacrymogene-a-tataouine\\\/210115\\\/#primaryimage\"},\"thumbnailUrl\":\"https:\\\/\\\/www.webdo.tn\\\/fr\\\/wp-content\\\/uploads\\\/2023\\\/11\\\/ce4d33a1eaef716b710ca48d85e6cf39.jpg\",\"keywords\":[\"'gaz lacrymog\u00e8ne']\",\"Manifestation\",\"Tataouine\"],\"articleSection\":[\"regions\"],\"inLanguage\":\"fr-FR\"},{\"@type\":\"WebPage\",\"@id\":\"https:\\\/\\\/www.webdo.tn\\\/fr\\\/actualite\\\/regions\\\/du-gaz-lacrymogene-a-tataouine\\\/210115\\\/\",\"url\":\"https:\\\/\\\/www.webdo.tn\\\/fr\\\/actualite\\\/regions\\\/du-gaz-lacrymogene-a-tataouine\\\/210115\\\/\",\"name\":\"Du gaz lacrymog\u00e8ne \u00e0 Tataouine !\",\"isPartOf\":{\"@id\":\"https:\\\/\\\/www.webdo.tn\\\/fr\\\/#website\"},\"primaryImageOfPage\":{\"@id\":\"https:\\\/\\\/www.webdo.tn\\\/fr\\\/actualite\\\/regions\\\/du-gaz-lacrymogene-a-tataouine\\\/210115\\\/#primaryimage\"},\"image\":{\"@id\":\"https:\\\/\\\/www.webdo.tn\\\/fr\\\/actualite\\\/regions\\\/du-gaz-lacrymogene-a-tataouine\\\/210115\\\/#primaryimage\"},\"thumbnailUrl\":\"https:\\\/\\\/www.webdo.tn\\\/fr\\\/wp-content\\\/uploads\\\/2023\\\/11\\\/ce4d33a1eaef716b710ca48d85e6cf39.jpg\",\"datePublished\":\"2023-11-14T20:58:00+00:00\",\"dateModified\":\"2025-05-20T22:10:41+00:00\",\"description\":\"Les forces de l\u2019ordre ont d\u00fb intervenir pour emp\u00eacher plusieurs manifestants, mobilis\u00e9s ce mardi 14 novembre 2023, par les syndicats de l\u2019Entreprise de l\u2019Enviro...\",\"breadcrumb\":{\"@id\":\"https:\\\/\\\/www.webdo.tn\\\/fr\\\/actualite\\\/regions\\\/du-gaz-lacrymogene-a-tataouine\\\/210115\\\/#breadcrumb\"},\"inLanguage\":\"fr-FR\",\"potentialAction\":[{\"@type\":\"ReadAction\",\"target\":[\"https:\\\/\\\/www.webdo.tn\\\/fr\\\/actualite\\\/regions\\\/du-gaz-lacrymogene-a-tataouine\\\/210115\\\/\"]}]},{\"@type\":\"ImageObject\",\"inLanguage\":\"fr-FR\",\"@id\":\"https:\\\/\\\/www.webdo.tn\\\/fr\\\/actualite\\\/regions\\\/du-gaz-lacrymogene-a-tataouine\\\/210115\\\/#primaryimage\",\"url\":\"https:\\\/\\\/www.webdo.tn\\\/fr\\\/wp-content\\\/uploads\\\/2023\\\/11\\\/ce4d33a1eaef716b710ca48d85e6cf39.jpg\",\"contentUrl\":\"https:\\\/\\\/www.webdo.tn\\\/fr\\\/wp-content\\\/uploads\\\/2023\\\/11\\\/ce4d33a1eaef716b710ca48d85e6cf39.jpg\",\"width\":750,\"height\":400,\"caption\":\"Du gaz lacrymog\u00e8ne \u00e0 Tataouine !\"},{\"@type\":\"BreadcrumbList\",\"@id\":\"https:\\\/\\\/www.webdo.tn\\\/fr\\\/actualite\\\/regions\\\/du-gaz-lacrymogene-a-tataouine\\\/210115\\\/#breadcrumb\",\"itemListElement\":[{\"@type\":\"ListItem\",\"position\":1,\"name\":\"Accueil\",\"item\":\"https:\\\/\\\/www.webdo.tn\\\/fr\\\/\"},{\"@type\":\"ListItem\",\"position\":2,\"name\":\"Du gaz lacrymog\u00e8ne \u00e0 Tataouine !\"}]},{\"@type\":\"WebSite\",\"@id\":\"https:\\\/\\\/www.webdo.tn\\\/fr\\\/#website\",\"url\":\"https:\\\/\\\/www.webdo.tn\\\/fr\\\/\",\"name\":\"webdo\",\"description\":\"Tunisie - News en Tunisie et \u00e0 l&#039;international sur Webdo.tn\",\"publisher\":{\"@id\":\"https:\\\/\\\/www.webdo.tn\\\/fr\\\/#organization\"},\"potentialAction\":[{\"@type\":\"SearchAction\",\"target\":{\"@type\":\"EntryPoint\",\"urlTemplate\":\"https:\\\/\\\/www.webdo.tn\\\/fr\\\/?s={search_term_string}\"},\"query-input\":{\"@type\":\"PropertyValueSpecification\",\"valueRequired\":true,\"valueName\":\"search_term_string\"}}],\"inLanguage\":\"fr-FR\"},{\"@type\":\"Organization\",\"@id\":\"https:\\\/\\\/www.webdo.tn\\\/fr\\\/#organization\",\"name\":\"Webdo\",\"alternateName\":\"Webdo.tn\",\"url\":\"https:\\\/\\\/www.webdo.tn\\\/fr\\\/\",\"logo\":{\"@type\":\"ImageObject\",\"inLanguage\":\"fr-FR\",\"@id\":\"https:\\\/\\\/www.webdo.tn\\\/fr\\\/#\\\/schema\\\/logo\\\/image\\\/\",\"url\":\"https:\\\/\\\/www.webdo.tn\\\/fr\\\/wp-content\\\/uploads\\\/2025\\\/06\\\/Webdo-Tunisie_168377.jpg\",\"contentUrl\":\"https:\\\/\\\/www.webdo.tn\\\/fr\\\/wp-content\\\/uploads\\\/2025\\\/06\\\/Webdo-Tunisie_168377.jpg\",\"width\":301,\"height\":301,\"caption\":\"Webdo\"},\"image\":{\"@id\":\"https:\\\/\\\/www.webdo.tn\\\/fr\\\/#\\\/schema\\\/logo\\\/image\\\/\"},\"sameAs\":[\"https:\\\/\\\/www.facebook.com\\\/webdotn\",\"https:\\\/\\\/x.com\\\/webdo_tn\"],\"description\":\"Webdo est un m\u00e9dia num\u00e9rique tunisien fond\u00e9 en 2010, sp\u00e9cialis\u00e9 dans l\u2019actualit\u00e9 nationale et internationale, l\u2019\u00e9conomie, la soci\u00e9t\u00e9 et les analyses politiques. Le site s\u2019adresse \u00e0 un large public francophone et couvre l\u2019information tunisienne en temps r\u00e9el.\",\"email\":\"redac@webdo.tn\",\"legalName\":\"YNJ SARL\",\"foundingDate\":\"2010-09-06\",\"numberOfEmployees\":{\"@type\":\"QuantitativeValue\",\"minValue\":\"11\",\"maxValue\":\"50\"}},{\"@type\":\"Person\",\"@id\":\"https:\\\/\\\/www.webdo.tn\\\/fr\\\/#\\\/schema\\\/person\\\/2c4929cbf5a809e3bd38617c6ce150f6\",\"name\":\"MC\",\"image\":{\"@type\":\"ImageObject\",\"inLanguage\":\"fr-FR\",\"@id\":\"https:\\\/\\\/secure.gravatar.com\\\/avatar\\\/a545bbb6f84efdd5553dbbc2895e3ca8f1d12c5215e00a041c9670b54aa9b18a?s=96&d=mm&r=g\",\"url\":\"https:\\\/\\\/secure.gravatar.com\\\/avatar\\\/a545bbb6f84efdd5553dbbc2895e3ca8f1d12c5215e00a041c9670b54aa9b18a?s=96&d=mm&r=g\",\"contentUrl\":\"https:\\\/\\\/secure.gravatar.com\\\/avatar\\\/a545bbb6f84efdd5553dbbc2895e3ca8f1d12c5215e00a041c9670b54aa9b18a?s=96&d=mm&r=g\",\"caption\":\"MC\"},\"url\":\"https:\\\/\\\/www.webdo.tn\\\/fr\\\/actualite\\\/author\\\/mc\\\/\"}]}<\/script>\n<!-- \/ Yoast SEO Premium plugin. -->","yoast_head_json":{"title":"Du gaz lacrymog\u00e8ne \u00e0 Tataouine !","description":"Les forces de l\u2019ordre ont d\u00fb intervenir pour emp\u00eacher plusieurs manifestants, mobilis\u00e9s ce mardi 14 novembre 2023, par les syndicats de l\u2019Entreprise de l\u2019Enviro...","canonical":"https:\/\/www.webdo.tn\/fr\/actualite\/regions\/du-gaz-lacrymogene-a-tataouine\/210115\/","og_locale":"fr_FR","og_type":"article","og_title":"Du gaz lacrymog\u00e8ne \u00e0 Tataouine !","og_description":"Les forces de l\u2019ordre ont d\u00fb intervenir pour emp\u00eacher plusieurs manifestants, mobilis\u00e9s ce mardi 14 novembre 2023, par les syndicats de l\u2019Entreprise de l\u2019Enviro...","og_url":"https:\/\/www.webdo.tn\/fr\/actualite\/regions\/du-gaz-lacrymogene-a-tataouine\/210115\/","og_site_name":"webdo","article_publisher":"https:\/\/www.facebook.com\/webdotn","article_published_time":"2023-11-14T20:58:00+00:00","article_modified_time":"2025-05-20T22:10:41+00:00","og_image":[{"width":750,"height":400,"url":"https:\/\/www.webdo.tn\/fr\/wp-content\/uploads\/2023\/11\/ce4d33a1eaef716b710ca48d85e6cf39.jpg","type":"image\/jpeg"}],"author":"MC","twitter_card":"summary_large_image","twitter_creator":"@webdo_tn","twitter_site":"@webdo_tn","twitter_misc":{"\u00c9crit par":"MC","Dur\u00e9e de lecture estim\u00e9e":"2 minutes"},"schema":{"@context":"https:\/\/schema.org","@graph":[{"@type":"NewsArticle","@id":"https:\/\/www.webdo.tn\/fr\/actualite\/regions\/du-gaz-lacrymogene-a-tataouine\/210115\/#article","isPartOf":{"@id":"https:\/\/www.webdo.tn\/fr\/actualite\/regions\/du-gaz-lacrymogene-a-tataouine\/210115\/"},"author":{"name":"MC","@id":"https:\/\/www.webdo.tn\/fr\/#\/schema\/person\/2c4929cbf5a809e3bd38617c6ce150f6"},"headline":"Du gaz lacrymog\u00e8ne \u00e0 Tataouine !","datePublished":"2023-11-14T20:58:00+00:00","dateModified":"2025-05-20T22:10:41+00:00","mainEntityOfPage":{"@id":"https:\/\/www.webdo.tn\/fr\/actualite\/regions\/du-gaz-lacrymogene-a-tataouine\/210115\/"},"wordCount":345,"commentCount":0,"publisher":{"@id":"https:\/\/www.webdo.tn\/fr\/#organization"},"image":{"@id":"https:\/\/www.webdo.tn\/fr\/actualite\/regions\/du-gaz-lacrymogene-a-tataouine\/210115\/#primaryimage"},"thumbnailUrl":"https:\/\/www.webdo.tn\/fr\/wp-content\/uploads\/2023\/11\/ce4d33a1eaef716b710ca48d85e6cf39.jpg","keywords":["'gaz lacrymog\u00e8ne']","Manifestation","Tataouine"],"articleSection":["regions"],"inLanguage":"fr-FR"},{"@type":"WebPage","@id":"https:\/\/www.webdo.tn\/fr\/actualite\/regions\/du-gaz-lacrymogene-a-tataouine\/210115\/","url":"https:\/\/www.webdo.tn\/fr\/actualite\/regions\/du-gaz-lacrymogene-a-tataouine\/210115\/","name":"Du gaz lacrymog\u00e8ne \u00e0 Tataouine !","isPartOf":{"@id":"https:\/\/www.webdo.tn\/fr\/#website"},"primaryImageOfPage":{"@id":"https:\/\/www.webdo.tn\/fr\/actualite\/regions\/du-gaz-lacrymogene-a-tataouine\/210115\/#primaryimage"},"image":{"@id":"https:\/\/www.webdo.tn\/fr\/actualite\/regions\/du-gaz-lacrymogene-a-tataouine\/210115\/#primaryimage"},"thumbnailUrl":"https:\/\/www.webdo.tn\/fr\/wp-content\/uploads\/2023\/11\/ce4d33a1eaef716b710ca48d85e6cf39.jpg","datePublished":"2023-11-14T20:58:00+00:00","dateModified":"2025-05-20T22:10:41+00:00","description":"Les forces de l\u2019ordre ont d\u00fb intervenir pour emp\u00eacher plusieurs manifestants, mobilis\u00e9s ce mardi 14 novembre 2023, par les syndicats de l\u2019Entreprise de l\u2019Enviro...","breadcrumb":{"@id":"https:\/\/www.webdo.tn\/fr\/actualite\/regions\/du-gaz-lacrymogene-a-tataouine\/210115\/#breadcrumb"},"inLanguage":"fr-FR","potentialAction":[{"@type":"ReadAction","target":["https:\/\/www.webdo.tn\/fr\/actualite\/regions\/du-gaz-lacrymogene-a-tataouine\/210115\/"]}]},{"@type":"ImageObject","inLanguage":"fr-FR","@id":"https:\/\/www.webdo.tn\/fr\/actualite\/regions\/du-gaz-lacrymogene-a-tataouine\/210115\/#primaryimage","url":"https:\/\/www.webdo.tn\/fr\/wp-content\/uploads\/2023\/11\/ce4d33a1eaef716b710ca48d85e6cf39.jpg","contentUrl":"https:\/\/www.webdo.tn\/fr\/wp-content\/uploads\/2023\/11\/ce4d33a1eaef716b710ca48d85e6cf39.jpg","width":750,"height":400,"caption":"Du gaz lacrymog\u00e8ne \u00e0 Tataouine !"},{"@type":"BreadcrumbList","@id":"https:\/\/www.webdo.tn\/fr\/actualite\/regions\/du-gaz-lacrymogene-a-tataouine\/210115\/#breadcrumb","itemListElement":[{"@type":"ListItem","position":1,"name":"Accueil","item":"https:\/\/www.webdo.tn\/fr\/"},{"@type":"ListItem","position":2,"name":"Du gaz lacrymog\u00e8ne \u00e0 Tataouine !"}]},{"@type":"WebSite","@id":"https:\/\/www.webdo.tn\/fr\/#website","url":"https:\/\/www.webdo.tn\/fr\/","name":"webdo","description":"Tunisie - News en Tunisie et \u00e0 l&#039;international sur Webdo.tn","publisher":{"@id":"https:\/\/www.webdo.tn\/fr\/#organization"},"potentialAction":[{"@type":"SearchAction","target":{"@type":"EntryPoint","urlTemplate":"https:\/\/www.webdo.tn\/fr\/?s={search_term_string}"},"query-input":{"@type":"PropertyValueSpecification","valueRequired":true,"valueName":"search_term_string"}}],"inLanguage":"fr-FR"},{"@type":"Organization","@id":"https:\/\/www.webdo.tn\/fr\/#organization","name":"Webdo","alternateName":"Webdo.tn","url":"https:\/\/www.webdo.tn\/fr\/","logo":{"@type":"ImageObject","inLanguage":"fr-FR","@id":"https:\/\/www.webdo.tn\/fr\/#\/schema\/logo\/image\/","url":"https:\/\/www.webdo.tn\/fr\/wp-content\/uploads\/2025\/06\/Webdo-Tunisie_168377.jpg","contentUrl":"https:\/\/www.webdo.tn\/fr\/wp-content\/uploads\/2025\/06\/Webdo-Tunisie_168377.jpg","width":301,"height":301,"caption":"Webdo"},"image":{"@id":"https:\/\/www.webdo.tn\/fr\/#\/schema\/logo\/image\/"},"sameAs":["https:\/\/www.facebook.com\/webdotn","https:\/\/x.com\/webdo_tn"],"description":"Webdo est un m\u00e9dia num\u00e9rique tunisien fond\u00e9 en 2010, sp\u00e9cialis\u00e9 dans l\u2019actualit\u00e9 nationale et internationale, l\u2019\u00e9conomie, la soci\u00e9t\u00e9 et les analyses politiques. Le site s\u2019adresse \u00e0 un large public francophone et couvre l\u2019information tunisienne en temps r\u00e9el.","email":"redac@webdo.tn","legalName":"YNJ SARL","foundingDate":"2010-09-06","numberOfEmployees":{"@type":"QuantitativeValue","minValue":"11","maxValue":"50"}},{"@type":"Person","@id":"https:\/\/www.webdo.tn\/fr\/#\/schema\/person\/2c4929cbf5a809e3bd38617c6ce150f6","name":"MC","image":{"@type":"ImageObject","inLanguage":"fr-FR","@id":"https:\/\/secure.gravatar.com\/avatar\/a545bbb6f84efdd5553dbbc2895e3ca8f1d12c5215e00a041c9670b54aa9b18a?s=96&d=mm&r=g","url":"https:\/\/secure.gravatar.com\/avatar\/a545bbb6f84efdd5553dbbc2895e3ca8f1d12c5215e00a041c9670b54aa9b18a?s=96&d=mm&r=g","contentUrl":"https:\/\/secure.gravatar.com\/avatar\/a545bbb6f84efdd5553dbbc2895e3ca8f1d12c5215e00a041c9670b54aa9b18a?s=96&d=mm&r=g","caption":"MC"},"url":"https:\/\/www.webdo.tn\/fr\/actualite\/author\/mc\/"}]}},"_links":{"self":[{"href":"https:\/\/www.webdo.tn\/fr\/wp-json\/wp\/v2\/posts\/210115","targetHints":{"allow":["GET"]}}],"collection":[{"href":"https:\/\/www.webdo.tn\/fr\/wp-json\/wp\/v2\/posts"}],"about":[{"href":"https:\/\/www.webdo.tn\/fr\/wp-json\/wp\/v2\/types\/post"}],"author":[{"embeddable":true,"href":"https:\/\/www.webdo.tn\/fr\/wp-json\/wp\/v2\/users\/3162"}],"replies":[{"embeddable":true,"href":"https:\/\/www.webdo.tn\/fr\/wp-json\/wp\/v2\/comments?post=210115"}],"version-history":[{"count":0,"href":"https:\/\/www.webdo.tn\/fr\/wp-json\/wp\/v2\/posts\/210115\/revisions"}],"wp:featuredmedia":[{"embeddable":true,"href":"https:\/\/www.webdo.tn\/fr\/wp-json\/wp\/v2\/media\/289855"}],"wp:attachment":[{"href":"https:\/\/www.webdo.tn\/fr\/wp-json\/wp\/v2\/media?parent=210115"}],"wp:term":[{"taxonomy":"category","embeddable":true,"href":"https:\/\/www.webdo.tn\/fr\/wp-json\/wp\/v2\/categories?post=210115"},{"taxonomy":"post_tag","embeddable":true,"href":"https:\/\/www.webdo.tn\/fr\/wp-json\/wp\/v2\/tags?post=210115"}],"curies":[{"name":"wp","href":"https:\/\/api.w.org\/{rel}","templated":true}]}}