{"id":210101,"date":"2023-11-14T12:44:00","date_gmt":"2023-11-14T12:44:00","guid":{"rendered":"https:\/\/www.webdo.tn\/fr\/blog\/pourquoi-nous-exportons-plus-vers-la-france-l-italie-et-la-libye-qu-ailleurs\/210101\/"},"modified":"2025-05-20T22:32:38","modified_gmt":"2025-05-20T22:32:38","slug":"pourquoi-nous-exportons-plus-vers-la-france-l-italie-et-la-libye-qu-ailleurs","status":"publish","type":"post","link":"https:\/\/www.webdo.tn\/fr\/actualite\/national\/pourquoi-nous-exportons-plus-vers-la-france-l-italie-et-la-libye-qu-ailleurs\/210101\/","title":{"rendered":"Pourquoi nous exportons plus vers la France, l\u2019Italie et la Libye qu\u2019ailleurs ?"},"content":{"rendered":"<p>Notre balance commerciale des biens est historiquement exc\u00e9dentaire avec la France, l\u2019Allemagne, l\u2019Italie et la Libye alors qu\u2019elle demeure d\u00e9ficitaire avec la Chine, la Russie et la Turquie. Pourquoi ?<\/p>\n<p>\t\t\t\t\t\t\t\t\tLa note sur le commerce ext\u00e9rieur aux prix courants \u2013 octobre 2023 \u2013 publi\u00e9e par l&rsquo;Institut National de la Statistique (INS) n\u2019a pas, \u00e0 vrai dire, d\u00e9rog\u00e9 \u00e0 la r\u00e8gle. Du moins dans sa configuration globale.<\/p>\n<p>Les pays avec lesquels nous accusons un d\u00e9ficit commercial sont rest\u00e9s pratiquement les m\u00eames, et les pays avec lesquels nous r\u00e9alisons un exc\u00e9dent des \u00e9changes maintiennent leurs positions. Avec ceci de diff\u00e9rent que les creusements se sont parfois accentu\u00e9s et les exc\u00e9dents se sont am\u00e9lior\u00e9s.<\/p>\n<p>All\u00e8gement notable du d\u00e9ficit<\/p>\n<p>Au niveau des chiffres, s\u2019il y a quelque chose de notable \u00e0 mentionner c\u2019est, sans doute, celle de la baisse significative enregistr\u00e9e au niveau du d\u00e9ficit commercial. A fin octobre 2023, il s\u2019est s\u2019\u00e9tabli \u00e0 un niveau de -15856,6 MD, contre -21371,5 MD durant les dix derniers mois de l\u2019ann\u00e9e 2022.<\/p>\n<p>Un all\u00e8gement qui a fait gagner \u00e0 la Tunisie 7,2 points de taux de couverture pour s\u2019\u00e9tablir \u00e0 76,1%. Ce d\u00e9ficit provient principalement du d\u00e9ficit enregistr\u00e9 avec certains pays, tels que la Chine (-7029,6 MD), la Russie (-5975,3 MD), l\u2019Alg\u00e9rie (-3548,4 MD), la Turquie (-2807,7 MD), l\u2019Ukraine (-941,7 MD) et l\u2019Egypte (-751,3 MD).<\/p>\n<p>Si le d\u00e9ficit commercial avec la Russie et l\u2019Alg\u00e9rie reste \u00e0 bien des \u00e9gards justifi\u00e9e \u2013 ces deux pays \u00e9tant les principaux pourvoyeurs de la Tunisie en mati\u00e8res \u00e9nerg\u00e9tiques et de bl\u00e9 (Russie) \u2013, le d\u00e9ficit avec les autres pays, principalement la Chine et la Turquie, n\u2019a pas lieu d\u2019\u00eatre dans ses proportions actuelles.<\/p>\n<p>Quant on sait qu\u2019entre autres produits import\u00e9s de Chine figurent des produits artisanaux achet\u00e9s en devises et vendus dans la m\u00e9dina de Tunis, on se demande quelles sont les parties qui ont autoris\u00e9 ce commerce juteux et au profit de qui ?<\/p>\n<p>Le m\u00eame questionnement s\u2019applique aux produits import\u00e9s de Turquie avec ceci de diff\u00e9rent que les parties qui ont ouvert le march\u00e9 tunisien grandes ouvertes \u00e0 l\u2019empire ottoman sont, aujourd\u2019hui, derri\u00e8re les barreaux.<\/p>\n<p>Qu\u2019attend l\u2019Etat tunisien pour mettre un terme \u00e0 cet accord concoct\u00e9 par Ennahdha et qui a mis \u00e0 mal un pan entier de notre secteur manufacturier, principalement le secteur du textile.<\/p>\n<p>Balance commerciale exc\u00e9dentaire avec des pays europ\u00e9ens<\/p>\n<p>La m\u00eame note d\u2019octobre 2023 fait ressortir, en revanche, et c\u2019est tant mieux, une balance commerciale exc\u00e9dentaire avec des pays europ\u00e9ens.\u00a0 +4625,6 MD avec la France, +2393,8 MD avec l\u2019Allemagne, +844,3 MD l\u2019Italie.<\/p>\n<p>Une explication qui trouve son origine dans l\u2019\u00e9tablissement de plusieurs entreprises de ces pays europ\u00e9ens sous nos cieux et qui sont, dans leur majorit\u00e9, totalement exportatrices.<\/p>\n<p>Des entreprises qui profitent, entre autres, d\u2019une main d\u2019\u0153uvre sp\u00e9cialis\u00e9e \u00e0 des prix tr\u00e8s comp\u00e9titifs par rapport \u00e0 ceux appliqu\u00e9s dans des sites europ\u00e9ens.<\/p>\n<p>A cela s\u2019ajoute l\u2019exc\u00e9dent au niveau de la balance alimentaire que r\u00e9alise la Tunisie avec ces pays, g\u00e9n\u00e9r\u00e9 par les produits d\u2019exportation de l\u2019huile d\u2019olive, de dattes et de fruits.<\/p>\n<p>Les exportations tunisiennes vers l\u2019Union Europ\u00e9enne (70,7% du total des exportations) ont augment\u00e9 de 12,3%. Cette \u00e9volution est expliqu\u00e9e par la hausse de nos exportations vers la France (+8,9%), l\u2019Italie (+17,5%), l\u2019Allemagne (+12,3%), l\u2019Espagne (+27,6%), et les Pays Bas (11,6%).<\/p>\n<p>Pour ce qui est des importations avec l\u2019Union Europ\u00e9enne (43,2% du total des importations), elles ont enregistr\u00e9 une baisse de 7,1% pour s\u2019\u00e9tablir \u00e0 28689,4 MD.<\/p>\n<p>Les importations ont r\u00e9gress\u00e9 de 3,9% depuis la France, de 14,9% depuis l\u2019Italie et de 16% depuis l\u2019Espagne. En revanche, elles ont augment\u00e9 de 18,5% depuis l\u2019Allemagne et de 25,4% depuis les Pays Bas.<\/p>\n<p>Chahir Chakroun<\/p>\n","protected":false},"excerpt":{"rendered":"<p>Notre balance commerciale des biens est historiquement exc\u00e9dentaire avec la France, l\u2019Allemagne, l\u2019Italie et la Libye.<\/p>\n","protected":false},"author":3169,"featured_media":248786,"comment_status":"open","ping_status":"closed","sticky":false,"template":"","format":"standard","meta":{"footnotes":""},"categories":[44],"tags":[4006,3020,2998,2660,3279,2608],"class_list":["post-210101","post","type-post","status-publish","format-standard","has-post-thumbnail","hentry","category-national","tag-balance-commerciale","tag-exportations","tag-france","tag-italie","tag-libye","tag-tunisie"],"yoast_head":"<!-- This site is optimized with the Yoast SEO Premium plugin v27.4 (Yoast SEO v27.4) - https:\/\/yoast.com\/product\/yoast-seo-premium-wordpress\/ -->\n<title>Pourquoi nous exportons plus vers la France, l\u2019Italie et la Libye qu\u2019ailleurs ?<\/title>\n<meta name=\"description\" content=\"Notre balance commerciale des biens est historiquement exc\u00e9dentaire avec la France, l\u2019Allemagne, l\u2019Italie et la Libye.\" \/>\n<link rel=\"canonical\" href=\"https:\/\/www.webdo.tn\/fr\/actualite\/national\/pourquoi-nous-exportons-plus-vers-la-france-l-italie-et-la-libye-qu-ailleurs\/210101\/\" \/>\n<meta property=\"og:locale\" content=\"fr_FR\" \/>\n<meta property=\"og:type\" content=\"article\" \/>\n<meta property=\"og:title\" content=\"Pourquoi nous exportons plus vers la France, l\u2019Italie et la Libye qu\u2019ailleurs ?\" \/>\n<meta property=\"og:description\" content=\"Notre balance commerciale des biens est historiquement exc\u00e9dentaire avec la France, l\u2019Allemagne, l\u2019Italie et la Libye.\" \/>\n<meta property=\"og:url\" content=\"https:\/\/www.webdo.tn\/fr\/actualite\/national\/pourquoi-nous-exportons-plus-vers-la-france-l-italie-et-la-libye-qu-ailleurs\/210101\/\" \/>\n<meta property=\"og:site_name\" content=\"webdo\" \/>\n<meta property=\"article:publisher\" content=\"https:\/\/www.facebook.com\/webdotn\" \/>\n<meta property=\"article:published_time\" content=\"2023-11-14T12:44:00+00:00\" \/>\n<meta property=\"article:modified_time\" content=\"2025-05-20T22:32:38+00:00\" \/>\n<meta property=\"og:image\" content=\"https:\/\/www.webdo.tn\/fr\/wp-content\/uploads\/2023\/11\/9569bbaaf25a5313a7df639a58e5c56a.png\" \/>\n\t<meta property=\"og:image:width\" content=\"750\" \/>\n\t<meta property=\"og:image:height\" content=\"400\" \/>\n\t<meta property=\"og:image:type\" content=\"image\/png\" \/>\n<meta name=\"author\" content=\"Webdo\" \/>\n<meta name=\"twitter:card\" content=\"summary_large_image\" \/>\n<meta name=\"twitter:creator\" content=\"@webdo_tn\" \/>\n<meta name=\"twitter:site\" content=\"@webdo_tn\" \/>\n<meta name=\"twitter:label1\" content=\"\u00c9crit par\" \/>\n\t<meta name=\"twitter:data1\" content=\"Webdo\" \/>\n\t<meta name=\"twitter:label2\" content=\"Dur\u00e9e de lecture estim\u00e9e\" \/>\n\t<meta name=\"twitter:data2\" content=\"3 minutes\" \/>\n<script type=\"application\/ld+json\" class=\"yoast-schema-graph\">{\"@context\":\"https:\\\/\\\/schema.org\",\"@graph\":[{\"@type\":\"NewsArticle\",\"@id\":\"https:\\\/\\\/www.webdo.tn\\\/fr\\\/actualite\\\/national\\\/pourquoi-nous-exportons-plus-vers-la-france-l-italie-et-la-libye-qu-ailleurs\\\/210101\\\/#article\",\"isPartOf\":{\"@id\":\"https:\\\/\\\/www.webdo.tn\\\/fr\\\/actualite\\\/national\\\/pourquoi-nous-exportons-plus-vers-la-france-l-italie-et-la-libye-qu-ailleurs\\\/210101\\\/\"},\"author\":{\"name\":\"Webdo\",\"@id\":\"https:\\\/\\\/www.webdo.tn\\\/fr\\\/#\\\/schema\\\/person\\\/1f4e491e0907b413d61089e8eb573acc\"},\"headline\":\"Pourquoi nous exportons plus vers la France, l\u2019Italie et la Libye qu\u2019ailleurs ?\",\"datePublished\":\"2023-11-14T12:44:00+00:00\",\"dateModified\":\"2025-05-20T22:32:38+00:00\",\"mainEntityOfPage\":{\"@id\":\"https:\\\/\\\/www.webdo.tn\\\/fr\\\/actualite\\\/national\\\/pourquoi-nous-exportons-plus-vers-la-france-l-italie-et-la-libye-qu-ailleurs\\\/210101\\\/\"},\"wordCount\":673,\"commentCount\":0,\"publisher\":{\"@id\":\"https:\\\/\\\/www.webdo.tn\\\/fr\\\/#organization\"},\"image\":{\"@id\":\"https:\\\/\\\/www.webdo.tn\\\/fr\\\/actualite\\\/national\\\/pourquoi-nous-exportons-plus-vers-la-france-l-italie-et-la-libye-qu-ailleurs\\\/210101\\\/#primaryimage\"},\"thumbnailUrl\":\"https:\\\/\\\/www.webdo.tn\\\/fr\\\/wp-content\\\/uploads\\\/2023\\\/11\\\/9569bbaaf25a5313a7df639a58e5c56a.png\",\"keywords\":[\"balance commerciale\",\"exportations\",\"france\",\"Italie\",\"Libye\",\"Tunisie\"],\"articleSection\":[\"National\"],\"inLanguage\":\"fr-FR\"},{\"@type\":\"WebPage\",\"@id\":\"https:\\\/\\\/www.webdo.tn\\\/fr\\\/actualite\\\/national\\\/pourquoi-nous-exportons-plus-vers-la-france-l-italie-et-la-libye-qu-ailleurs\\\/210101\\\/\",\"url\":\"https:\\\/\\\/www.webdo.tn\\\/fr\\\/actualite\\\/national\\\/pourquoi-nous-exportons-plus-vers-la-france-l-italie-et-la-libye-qu-ailleurs\\\/210101\\\/\",\"name\":\"Pourquoi nous exportons plus vers la France, l\u2019Italie et la Libye qu\u2019ailleurs ?\",\"isPartOf\":{\"@id\":\"https:\\\/\\\/www.webdo.tn\\\/fr\\\/#website\"},\"primaryImageOfPage\":{\"@id\":\"https:\\\/\\\/www.webdo.tn\\\/fr\\\/actualite\\\/national\\\/pourquoi-nous-exportons-plus-vers-la-france-l-italie-et-la-libye-qu-ailleurs\\\/210101\\\/#primaryimage\"},\"image\":{\"@id\":\"https:\\\/\\\/www.webdo.tn\\\/fr\\\/actualite\\\/national\\\/pourquoi-nous-exportons-plus-vers-la-france-l-italie-et-la-libye-qu-ailleurs\\\/210101\\\/#primaryimage\"},\"thumbnailUrl\":\"https:\\\/\\\/www.webdo.tn\\\/fr\\\/wp-content\\\/uploads\\\/2023\\\/11\\\/9569bbaaf25a5313a7df639a58e5c56a.png\",\"datePublished\":\"2023-11-14T12:44:00+00:00\",\"dateModified\":\"2025-05-20T22:32:38+00:00\",\"description\":\"Notre balance commerciale des biens est historiquement exc\u00e9dentaire avec la France, l\u2019Allemagne, l\u2019Italie et la Libye.\",\"breadcrumb\":{\"@id\":\"https:\\\/\\\/www.webdo.tn\\\/fr\\\/actualite\\\/national\\\/pourquoi-nous-exportons-plus-vers-la-france-l-italie-et-la-libye-qu-ailleurs\\\/210101\\\/#breadcrumb\"},\"inLanguage\":\"fr-FR\",\"potentialAction\":[{\"@type\":\"ReadAction\",\"target\":[\"https:\\\/\\\/www.webdo.tn\\\/fr\\\/actualite\\\/national\\\/pourquoi-nous-exportons-plus-vers-la-france-l-italie-et-la-libye-qu-ailleurs\\\/210101\\\/\"]}]},{\"@type\":\"ImageObject\",\"inLanguage\":\"fr-FR\",\"@id\":\"https:\\\/\\\/www.webdo.tn\\\/fr\\\/actualite\\\/national\\\/pourquoi-nous-exportons-plus-vers-la-france-l-italie-et-la-libye-qu-ailleurs\\\/210101\\\/#primaryimage\",\"url\":\"https:\\\/\\\/www.webdo.tn\\\/fr\\\/wp-content\\\/uploads\\\/2023\\\/11\\\/9569bbaaf25a5313a7df639a58e5c56a.png\",\"contentUrl\":\"https:\\\/\\\/www.webdo.tn\\\/fr\\\/wp-content\\\/uploads\\\/2023\\\/11\\\/9569bbaaf25a5313a7df639a58e5c56a.png\",\"width\":750,\"height\":400,\"caption\":\"Pourquoi nous exportons plus vers la France, l\u2019Italie et la Libye qu\u2019ailleurs ?\"},{\"@type\":\"BreadcrumbList\",\"@id\":\"https:\\\/\\\/www.webdo.tn\\\/fr\\\/actualite\\\/national\\\/pourquoi-nous-exportons-plus-vers-la-france-l-italie-et-la-libye-qu-ailleurs\\\/210101\\\/#breadcrumb\",\"itemListElement\":[{\"@type\":\"ListItem\",\"position\":1,\"name\":\"Accueil\",\"item\":\"https:\\\/\\\/www.webdo.tn\\\/fr\\\/\"},{\"@type\":\"ListItem\",\"position\":2,\"name\":\"Pourquoi nous exportons plus vers la France, l\u2019Italie et la Libye qu\u2019ailleurs ?\"}]},{\"@type\":\"WebSite\",\"@id\":\"https:\\\/\\\/www.webdo.tn\\\/fr\\\/#website\",\"url\":\"https:\\\/\\\/www.webdo.tn\\\/fr\\\/\",\"name\":\"webdo\",\"description\":\"Tunisie - News en Tunisie et \u00e0 l&#039;international sur Webdo.tn\",\"publisher\":{\"@id\":\"https:\\\/\\\/www.webdo.tn\\\/fr\\\/#organization\"},\"potentialAction\":[{\"@type\":\"SearchAction\",\"target\":{\"@type\":\"EntryPoint\",\"urlTemplate\":\"https:\\\/\\\/www.webdo.tn\\\/fr\\\/?s={search_term_string}\"},\"query-input\":{\"@type\":\"PropertyValueSpecification\",\"valueRequired\":true,\"valueName\":\"search_term_string\"}}],\"inLanguage\":\"fr-FR\"},{\"@type\":\"Organization\",\"@id\":\"https:\\\/\\\/www.webdo.tn\\\/fr\\\/#organization\",\"name\":\"Webdo\",\"alternateName\":\"Webdo.tn\",\"url\":\"https:\\\/\\\/www.webdo.tn\\\/fr\\\/\",\"logo\":{\"@type\":\"ImageObject\",\"inLanguage\":\"fr-FR\",\"@id\":\"https:\\\/\\\/www.webdo.tn\\\/fr\\\/#\\\/schema\\\/logo\\\/image\\\/\",\"url\":\"https:\\\/\\\/www.webdo.tn\\\/fr\\\/wp-content\\\/uploads\\\/2025\\\/06\\\/Webdo-Tunisie_168377.jpg\",\"contentUrl\":\"https:\\\/\\\/www.webdo.tn\\\/fr\\\/wp-content\\\/uploads\\\/2025\\\/06\\\/Webdo-Tunisie_168377.jpg\",\"width\":301,\"height\":301,\"caption\":\"Webdo\"},\"image\":{\"@id\":\"https:\\\/\\\/www.webdo.tn\\\/fr\\\/#\\\/schema\\\/logo\\\/image\\\/\"},\"sameAs\":[\"https:\\\/\\\/www.facebook.com\\\/webdotn\",\"https:\\\/\\\/x.com\\\/webdo_tn\"],\"description\":\"Webdo est un m\u00e9dia num\u00e9rique tunisien fond\u00e9 en 2010, sp\u00e9cialis\u00e9 dans l\u2019actualit\u00e9 nationale et internationale, l\u2019\u00e9conomie, la soci\u00e9t\u00e9 et les analyses politiques. Le site s\u2019adresse \u00e0 un large public francophone et couvre l\u2019information tunisienne en temps r\u00e9el.\",\"email\":\"redac@webdo.tn\",\"legalName\":\"YNJ SARL\",\"foundingDate\":\"2010-09-06\",\"numberOfEmployees\":{\"@type\":\"QuantitativeValue\",\"minValue\":\"11\",\"maxValue\":\"50\"}},{\"@type\":\"Person\",\"@id\":\"https:\\\/\\\/www.webdo.tn\\\/fr\\\/#\\\/schema\\\/person\\\/1f4e491e0907b413d61089e8eb573acc\",\"name\":\"Webdo\",\"image\":{\"@type\":\"ImageObject\",\"inLanguage\":\"fr-FR\",\"@id\":\"https:\\\/\\\/secure.gravatar.com\\\/avatar\\\/de97aeec1bb80978a9dbb127e47dfc88aaacb2f3c29aac907d8d3222e3495d49?s=96&d=mm&r=g\",\"url\":\"https:\\\/\\\/secure.gravatar.com\\\/avatar\\\/de97aeec1bb80978a9dbb127e47dfc88aaacb2f3c29aac907d8d3222e3495d49?s=96&d=mm&r=g\",\"contentUrl\":\"https:\\\/\\\/secure.gravatar.com\\\/avatar\\\/de97aeec1bb80978a9dbb127e47dfc88aaacb2f3c29aac907d8d3222e3495d49?s=96&d=mm&r=g\",\"caption\":\"Webdo\"},\"url\":\"https:\\\/\\\/www.webdo.tn\\\/fr\\\/actualite\\\/author\\\/webdo\\\/\"}]}<\/script>\n<!-- \/ Yoast SEO Premium plugin. -->","yoast_head_json":{"title":"Pourquoi nous exportons plus vers la France, l\u2019Italie et la Libye qu\u2019ailleurs ?","description":"Notre balance commerciale des biens est historiquement exc\u00e9dentaire avec la France, l\u2019Allemagne, l\u2019Italie et la Libye.","canonical":"https:\/\/www.webdo.tn\/fr\/actualite\/national\/pourquoi-nous-exportons-plus-vers-la-france-l-italie-et-la-libye-qu-ailleurs\/210101\/","og_locale":"fr_FR","og_type":"article","og_title":"Pourquoi nous exportons plus vers la France, l\u2019Italie et la Libye qu\u2019ailleurs ?","og_description":"Notre balance commerciale des biens est historiquement exc\u00e9dentaire avec la France, l\u2019Allemagne, l\u2019Italie et la Libye.","og_url":"https:\/\/www.webdo.tn\/fr\/actualite\/national\/pourquoi-nous-exportons-plus-vers-la-france-l-italie-et-la-libye-qu-ailleurs\/210101\/","og_site_name":"webdo","article_publisher":"https:\/\/www.facebook.com\/webdotn","article_published_time":"2023-11-14T12:44:00+00:00","article_modified_time":"2025-05-20T22:32:38+00:00","og_image":[{"width":750,"height":400,"url":"https:\/\/www.webdo.tn\/fr\/wp-content\/uploads\/2023\/11\/9569bbaaf25a5313a7df639a58e5c56a.png","type":"image\/png"}],"author":"Webdo","twitter_card":"summary_large_image","twitter_creator":"@webdo_tn","twitter_site":"@webdo_tn","twitter_misc":{"\u00c9crit par":"Webdo","Dur\u00e9e de lecture estim\u00e9e":"3 minutes"},"schema":{"@context":"https:\/\/schema.org","@graph":[{"@type":"NewsArticle","@id":"https:\/\/www.webdo.tn\/fr\/actualite\/national\/pourquoi-nous-exportons-plus-vers-la-france-l-italie-et-la-libye-qu-ailleurs\/210101\/#article","isPartOf":{"@id":"https:\/\/www.webdo.tn\/fr\/actualite\/national\/pourquoi-nous-exportons-plus-vers-la-france-l-italie-et-la-libye-qu-ailleurs\/210101\/"},"author":{"name":"Webdo","@id":"https:\/\/www.webdo.tn\/fr\/#\/schema\/person\/1f4e491e0907b413d61089e8eb573acc"},"headline":"Pourquoi nous exportons plus vers la France, l\u2019Italie et la Libye qu\u2019ailleurs ?","datePublished":"2023-11-14T12:44:00+00:00","dateModified":"2025-05-20T22:32:38+00:00","mainEntityOfPage":{"@id":"https:\/\/www.webdo.tn\/fr\/actualite\/national\/pourquoi-nous-exportons-plus-vers-la-france-l-italie-et-la-libye-qu-ailleurs\/210101\/"},"wordCount":673,"commentCount":0,"publisher":{"@id":"https:\/\/www.webdo.tn\/fr\/#organization"},"image":{"@id":"https:\/\/www.webdo.tn\/fr\/actualite\/national\/pourquoi-nous-exportons-plus-vers-la-france-l-italie-et-la-libye-qu-ailleurs\/210101\/#primaryimage"},"thumbnailUrl":"https:\/\/www.webdo.tn\/fr\/wp-content\/uploads\/2023\/11\/9569bbaaf25a5313a7df639a58e5c56a.png","keywords":["balance commerciale","exportations","france","Italie","Libye","Tunisie"],"articleSection":["National"],"inLanguage":"fr-FR"},{"@type":"WebPage","@id":"https:\/\/www.webdo.tn\/fr\/actualite\/national\/pourquoi-nous-exportons-plus-vers-la-france-l-italie-et-la-libye-qu-ailleurs\/210101\/","url":"https:\/\/www.webdo.tn\/fr\/actualite\/national\/pourquoi-nous-exportons-plus-vers-la-france-l-italie-et-la-libye-qu-ailleurs\/210101\/","name":"Pourquoi nous exportons plus vers la France, l\u2019Italie et la Libye qu\u2019ailleurs ?","isPartOf":{"@id":"https:\/\/www.webdo.tn\/fr\/#website"},"primaryImageOfPage":{"@id":"https:\/\/www.webdo.tn\/fr\/actualite\/national\/pourquoi-nous-exportons-plus-vers-la-france-l-italie-et-la-libye-qu-ailleurs\/210101\/#primaryimage"},"image":{"@id":"https:\/\/www.webdo.tn\/fr\/actualite\/national\/pourquoi-nous-exportons-plus-vers-la-france-l-italie-et-la-libye-qu-ailleurs\/210101\/#primaryimage"},"thumbnailUrl":"https:\/\/www.webdo.tn\/fr\/wp-content\/uploads\/2023\/11\/9569bbaaf25a5313a7df639a58e5c56a.png","datePublished":"2023-11-14T12:44:00+00:00","dateModified":"2025-05-20T22:32:38+00:00","description":"Notre balance commerciale des biens est historiquement exc\u00e9dentaire avec la France, l\u2019Allemagne, l\u2019Italie et la Libye.","breadcrumb":{"@id":"https:\/\/www.webdo.tn\/fr\/actualite\/national\/pourquoi-nous-exportons-plus-vers-la-france-l-italie-et-la-libye-qu-ailleurs\/210101\/#breadcrumb"},"inLanguage":"fr-FR","potentialAction":[{"@type":"ReadAction","target":["https:\/\/www.webdo.tn\/fr\/actualite\/national\/pourquoi-nous-exportons-plus-vers-la-france-l-italie-et-la-libye-qu-ailleurs\/210101\/"]}]},{"@type":"ImageObject","inLanguage":"fr-FR","@id":"https:\/\/www.webdo.tn\/fr\/actualite\/national\/pourquoi-nous-exportons-plus-vers-la-france-l-italie-et-la-libye-qu-ailleurs\/210101\/#primaryimage","url":"https:\/\/www.webdo.tn\/fr\/wp-content\/uploads\/2023\/11\/9569bbaaf25a5313a7df639a58e5c56a.png","contentUrl":"https:\/\/www.webdo.tn\/fr\/wp-content\/uploads\/2023\/11\/9569bbaaf25a5313a7df639a58e5c56a.png","width":750,"height":400,"caption":"Pourquoi nous exportons plus vers la France, l\u2019Italie et la Libye qu\u2019ailleurs ?"},{"@type":"BreadcrumbList","@id":"https:\/\/www.webdo.tn\/fr\/actualite\/national\/pourquoi-nous-exportons-plus-vers-la-france-l-italie-et-la-libye-qu-ailleurs\/210101\/#breadcrumb","itemListElement":[{"@type":"ListItem","position":1,"name":"Accueil","item":"https:\/\/www.webdo.tn\/fr\/"},{"@type":"ListItem","position":2,"name":"Pourquoi nous exportons plus vers la France, l\u2019Italie et la Libye qu\u2019ailleurs ?"}]},{"@type":"WebSite","@id":"https:\/\/www.webdo.tn\/fr\/#website","url":"https:\/\/www.webdo.tn\/fr\/","name":"webdo","description":"Tunisie - News en Tunisie et \u00e0 l&#039;international sur Webdo.tn","publisher":{"@id":"https:\/\/www.webdo.tn\/fr\/#organization"},"potentialAction":[{"@type":"SearchAction","target":{"@type":"EntryPoint","urlTemplate":"https:\/\/www.webdo.tn\/fr\/?s={search_term_string}"},"query-input":{"@type":"PropertyValueSpecification","valueRequired":true,"valueName":"search_term_string"}}],"inLanguage":"fr-FR"},{"@type":"Organization","@id":"https:\/\/www.webdo.tn\/fr\/#organization","name":"Webdo","alternateName":"Webdo.tn","url":"https:\/\/www.webdo.tn\/fr\/","logo":{"@type":"ImageObject","inLanguage":"fr-FR","@id":"https:\/\/www.webdo.tn\/fr\/#\/schema\/logo\/image\/","url":"https:\/\/www.webdo.tn\/fr\/wp-content\/uploads\/2025\/06\/Webdo-Tunisie_168377.jpg","contentUrl":"https:\/\/www.webdo.tn\/fr\/wp-content\/uploads\/2025\/06\/Webdo-Tunisie_168377.jpg","width":301,"height":301,"caption":"Webdo"},"image":{"@id":"https:\/\/www.webdo.tn\/fr\/#\/schema\/logo\/image\/"},"sameAs":["https:\/\/www.facebook.com\/webdotn","https:\/\/x.com\/webdo_tn"],"description":"Webdo est un m\u00e9dia num\u00e9rique tunisien fond\u00e9 en 2010, sp\u00e9cialis\u00e9 dans l\u2019actualit\u00e9 nationale et internationale, l\u2019\u00e9conomie, la soci\u00e9t\u00e9 et les analyses politiques. Le site s\u2019adresse \u00e0 un large public francophone et couvre l\u2019information tunisienne en temps r\u00e9el.","email":"redac@webdo.tn","legalName":"YNJ SARL","foundingDate":"2010-09-06","numberOfEmployees":{"@type":"QuantitativeValue","minValue":"11","maxValue":"50"}},{"@type":"Person","@id":"https:\/\/www.webdo.tn\/fr\/#\/schema\/person\/1f4e491e0907b413d61089e8eb573acc","name":"Webdo","image":{"@type":"ImageObject","inLanguage":"fr-FR","@id":"https:\/\/secure.gravatar.com\/avatar\/de97aeec1bb80978a9dbb127e47dfc88aaacb2f3c29aac907d8d3222e3495d49?s=96&d=mm&r=g","url":"https:\/\/secure.gravatar.com\/avatar\/de97aeec1bb80978a9dbb127e47dfc88aaacb2f3c29aac907d8d3222e3495d49?s=96&d=mm&r=g","contentUrl":"https:\/\/secure.gravatar.com\/avatar\/de97aeec1bb80978a9dbb127e47dfc88aaacb2f3c29aac907d8d3222e3495d49?s=96&d=mm&r=g","caption":"Webdo"},"url":"https:\/\/www.webdo.tn\/fr\/actualite\/author\/webdo\/"}]}},"_links":{"self":[{"href":"https:\/\/www.webdo.tn\/fr\/wp-json\/wp\/v2\/posts\/210101","targetHints":{"allow":["GET"]}}],"collection":[{"href":"https:\/\/www.webdo.tn\/fr\/wp-json\/wp\/v2\/posts"}],"about":[{"href":"https:\/\/www.webdo.tn\/fr\/wp-json\/wp\/v2\/types\/post"}],"author":[{"embeddable":true,"href":"https:\/\/www.webdo.tn\/fr\/wp-json\/wp\/v2\/users\/3169"}],"replies":[{"embeddable":true,"href":"https:\/\/www.webdo.tn\/fr\/wp-json\/wp\/v2\/comments?post=210101"}],"version-history":[{"count":0,"href":"https:\/\/www.webdo.tn\/fr\/wp-json\/wp\/v2\/posts\/210101\/revisions"}],"wp:featuredmedia":[{"embeddable":true,"href":"https:\/\/www.webdo.tn\/fr\/wp-json\/wp\/v2\/media\/248786"}],"wp:attachment":[{"href":"https:\/\/www.webdo.tn\/fr\/wp-json\/wp\/v2\/media?parent=210101"}],"wp:term":[{"taxonomy":"category","embeddable":true,"href":"https:\/\/www.webdo.tn\/fr\/wp-json\/wp\/v2\/categories?post=210101"},{"taxonomy":"post_tag","embeddable":true,"href":"https:\/\/www.webdo.tn\/fr\/wp-json\/wp\/v2\/tags?post=210101"}],"curies":[{"name":"wp","href":"https:\/\/api.w.org\/{rel}","templated":true}]}}