{"id":210094,"date":"2023-11-14T08:44:00","date_gmt":"2023-11-14T08:44:00","guid":{"rendered":"https:\/\/www.webdo.tn\/fr\/blog\/rares-et-peu-connus-cinq-couscous-de-nos-terroirs\/210094\/"},"modified":"2023-11-14T08:44:00","modified_gmt":"2023-11-14T08:44:00","slug":"rares-et-peu-connus-cinq-couscous-de-nos-terroirs","status":"publish","type":"post","link":"https:\/\/www.webdo.tn\/fr\/actualite\/chroniques\/rares-et-peu-connus-cinq-couscous-de-nos-terroirs\/210094\/","title":{"rendered":"Rares et peu connus, cinq couscous de nos terroirs"},"content":{"rendered":"<p>Prenons ensemble la route symbolique des couscous et retrouvons quelques recettes paysannes aux saveurs surprenantes !<\/p>\n<p>\t\t\t\t\t\t\t\t\tMon r\u00eave, c&rsquo;est une encyclop\u00e9die passionn\u00e9e du couscous sous toutes ses d\u00e9clinaisons ! On y retrouverait les mille et une mani\u00e8res d&rsquo;appr\u00eater notre plat national, selon des variations qui vont au plus pr\u00e8s du local et de l&rsquo;intimit\u00e9 des terroirs.<\/p>\n<p>Pour cela, il suffit de sillonner le pays et aller \u00e0 la rencontre des paysans, au sens \u00e9tymologique d&rsquo;un terme qui nous renvoie aussi vers les mots \u00ab\u00a0pays\u00a0\u00bb et \u00ab\u00a0paysage\u00a0\u00bb.<\/p>\n<p>Couscous au \u00ab\u00a0klil\u00a0\u00bb<\/p>\n<p>Dans plusieurs r\u00e9gions du sud de la Tunisie, on cuisine un d\u00e9licieux couscous au \u00ab\u00a0klil\u00a0\u00bb (romarin). Rien de plus simple que cette pr\u00e9paration rustique dont vous me donnerez des nouvelles !<\/p>\n<p>En fait, il suffit de tapisser le fond du couscoussier avec des branches de romarin. Ensuite, on verse simplement le couscous au-dessus. On laisse alors cuire \u00e0 la vapeur et une fois le couscous pr\u00eat, on \u00f4tera les branches aromatiques.<\/p>\n<p>La saveur obtenue est in\u00e9galable et nous renvoie \u00e0 plusieurs terroirs du nord et du centre de la Tunisie. J&rsquo;ai pu en appr\u00e9cier les effluves chez des amis de Dougga.<\/p>\n<p>Couscous \u00e0 la \u00ab\u00a0fitoura\u00a0\u00bb<\/p>\n<p>Tout aussi savoureux, le couscous \u00e0 la \u00ab\u00a0fitoura\u00a0\u00bb se pr\u00e9pare avec de grignons d&rsquo;olives qui sont s\u00e9ch\u00e9s et pil\u00e9s menu.<\/p>\n<p>Ce couscous est pr\u00e9par\u00e9 dans le sud-est de la Tunisie. Je l&rsquo;ai go\u00fbt\u00e9 du c\u00f4t\u00e9 de Toujane mais on retrouve sa trace dans toute la r\u00e9gion.<\/p>\n<p>Ce couscous est un plat de disette. En effet, durant les combats de la Deuxi\u00e8me guerre mondiale, alors que les p\u00e9nuries r\u00e9gnaient partout et que les combattants se servaient chez l&rsquo;habitant, ce couscous pr\u00e9cis a permis d&rsquo;\u00e9dulcorer un tant soit peu le quotidien.<\/p>\n<p>Il est pr\u00e9sent\u00e9 comme un couscous classique \u00e0 une variante pr\u00e8s: la \u00ab\u00a0fitoura\u00a0\u00bb remplace la viande et tous les l\u00e9gumes et couronne le plat de ses couleurs noir\u00e2tres.<\/p>\n<p>Couscous au \u00ab\u00a0morch\u00e8ne\u00a0\u00bb<\/p>\n<p>Jamais deux sans trois! Nous \u00e9voquerons un troisi\u00e8me couscous pour terminer et pour cela, irons \u00e0 Gafsa y savourer un couscous au \u00ab\u00a0morch\u00e8ne\u00a0\u00bb.<\/p>\n<p>La capitale du bassin minier est d&rsquo;abord une oasis. Et dans cette oasis, on peut cueillir les fameux \u00ab\u00a0morch\u00e8ne\u00a0\u00bb, des navets minuscules dont les fanes sont utilis\u00e9s pour ce couscous.<\/p>\n<p>Pr\u00e9par\u00e9 avec de la viande d&rsquo;agneau, le couscous au \u00ab\u00a0morch\u00e8ne\u00a0\u00bb comprend aussi des \u00e9pinards et des cardons qui, m\u00eal\u00e9s aux fanes de petits navets, font le go\u00fbt unique de ce plat.<\/p>\n<p>Couscous \u00e0 la helba<\/p>\n<p>Je voudrais continuer avec un couscous \u00e0 la \u00ab\u00a0helba\u00a0\u00bb dont vous me direz des nouvelles.<\/p>\n<p>C&rsquo;est au Sahel et aussi dans le centre-ouest que ce couscous est pr\u00e9par\u00e9 \u00e0 base de fenugrec, le nom savant de notre \u00ab\u00a0helba\u00a0\u00bb \u00e0 l&rsquo;amertume l\u00e9gendaire.<\/p>\n<p>D\u00e8s lors, ce couscous serait-il amer? Aurait-il le go\u00fbt acre et puissant de la \u00ab\u00a0helba\u00a0\u00bb ?<\/p>\n<p>Oh que non ! Pour att\u00e9nuer l&rsquo;amertume, il suffit de m\u00ealer les saveurs rustiques. Du coup, on obtient les bienfaits du fenugrec sans son go\u00fbt caract\u00e9ristique. Car ce couscous au fenugrec est aussi un plat qui fait la part belle aux f\u00e9culents.<\/p>\n<p>On y trouve des pois chiches, des lentilles, des haricots et des f\u00e8ves qui, mari\u00e9es au fenugrec, en att\u00e9nuent le caract\u00e8re.<\/p>\n<p>Ce couscous pour v\u00e9g\u00e9tariens purs et durs n&rsquo;en rec\u00e8le pas moins de nombreuses prot\u00e9ines.<\/p>\n<p>Couscous au khorchef<\/p>\n<p>Passons maintenant au fabuleux couscous au cardon qui est bien plus connu tout en \u00e9tant assez rare.<\/p>\n<p>Nous le nommons couscous au \u00ab\u00a0khorchef\u00a0\u00bb et le nec plus ultra, c&rsquo;est de le d\u00e9guster avec du cardon sauvage.<\/p>\n<p>Rustique, ce plat fait une place essentielle au \u00ab\u00a0khorchef\u00a0\u00bb qui en devient le mets principal, alors que dans plusieurs pr\u00e9parations, il est utilis\u00e9 parmi d&rsquo;autres l\u00e9gumes.<\/p>\n<p>J&rsquo;ai eu l&rsquo;occasion de savourer ce couscous particulier \u00e0 Dougga, avec du \u00ab\u00a0khorchef\u00a0\u00bb qui avait \u00e9t\u00e9 cueilli le jour m\u00eame, dans les champs qui se trouvent sur le site arch\u00e9ologique. Inoubliable !<\/p>\n<p>Cette m\u00eame semaine, j&rsquo;avais aussi pu go\u00fbter \u00e0 un extraordinaire couscous au romarin (klil). Pour cela, les paysans de Dougga tapissent le couscoussier de feuilles de romarin pour que les ar\u00f4mes se diffusent dans les grains. un must que j&rsquo;\u00e9voquais en commen\u00e7ant cette chronique.<\/p>\n","protected":false},"excerpt":{"rendered":"<p>Mon r\u00eave, c&rsquo;est une encyclop\u00e9die passionn\u00e9e du couscous sous toutes ses d\u00e9clinaisons !<\/p>\n","protected":false},"author":3229,"featured_media":289856,"comment_status":"open","ping_status":"closed","sticky":false,"template":"","format":"standard","meta":{"footnotes":""},"categories":[2596],"tags":[5854,2608],"class_list":["post-210094","post","type-post","status-publish","format-standard","has-post-thumbnail","hentry","category-chroniques","tag-couscous","tag-tunisie"],"yoast_head":"<!-- This site is optimized with the Yoast SEO Premium plugin v27.5 (Yoast SEO v27.5) - https:\/\/yoast.com\/product\/yoast-seo-premium-wordpress\/ -->\n<title>Rares et peu connus, cinq couscous de nos terroirs<\/title>\n<meta name=\"description\" content=\"Mon r\u00eave, c&#039;est une encyclop\u00e9die passionn\u00e9e du couscous sous toutes ses d\u00e9clinaisons !\" \/>\n<link rel=\"canonical\" href=\"https:\/\/www.webdo.tn\/fr\/actualite\/chroniques\/rares-et-peu-connus-cinq-couscous-de-nos-terroirs\/210094\/\" \/>\n<meta property=\"og:locale\" content=\"fr_FR\" \/>\n<meta property=\"og:type\" content=\"article\" \/>\n<meta property=\"og:title\" content=\"Rares et peu connus, cinq couscous de nos terroirs\" \/>\n<meta property=\"og:description\" content=\"Mon r\u00eave, c&#039;est une encyclop\u00e9die passionn\u00e9e du couscous sous toutes ses d\u00e9clinaisons !\" \/>\n<meta property=\"og:url\" content=\"https:\/\/www.webdo.tn\/fr\/actualite\/chroniques\/rares-et-peu-connus-cinq-couscous-de-nos-terroirs\/210094\/\" \/>\n<meta property=\"og:site_name\" content=\"webdo\" \/>\n<meta property=\"article:publisher\" content=\"https:\/\/www.facebook.com\/webdotn\" \/>\n<meta property=\"article:author\" content=\"https:\/\/www.facebook.com\/hatem.bourial.2025\" \/>\n<meta property=\"article:published_time\" content=\"2023-11-14T08:44:00+00:00\" \/>\n<meta property=\"og:image\" content=\"https:\/\/www.webdo.tn\/fr\/wp-content\/uploads\/2023\/11\/eb207d177f599b063c63021ea13f4e1f.jpg\" \/>\n\t<meta property=\"og:image:width\" content=\"750\" \/>\n\t<meta property=\"og:image:height\" content=\"400\" \/>\n\t<meta property=\"og:image:type\" content=\"image\/jpeg\" \/>\n<meta name=\"author\" content=\"Hatem Bourial\" \/>\n<meta name=\"twitter:card\" content=\"summary_large_image\" \/>\n<meta name=\"twitter:creator\" content=\"@webdo_tn\" \/>\n<meta name=\"twitter:site\" content=\"@webdo_tn\" \/>\n<meta name=\"twitter:label1\" content=\"\u00c9crit par\" \/>\n\t<meta name=\"twitter:data1\" content=\"Hatem Bourial\" \/>\n\t<meta name=\"twitter:label2\" content=\"Dur\u00e9e de lecture estim\u00e9e\" \/>\n\t<meta name=\"twitter:data2\" content=\"4 minutes\" \/>\n<script type=\"application\/ld+json\" class=\"yoast-schema-graph\">{\"@context\":\"https:\\\/\\\/schema.org\",\"@graph\":[{\"@type\":\"NewsArticle\",\"@id\":\"https:\\\/\\\/www.webdo.tn\\\/fr\\\/actualite\\\/chroniques\\\/rares-et-peu-connus-cinq-couscous-de-nos-terroirs\\\/210094\\\/#article\",\"isPartOf\":{\"@id\":\"https:\\\/\\\/www.webdo.tn\\\/fr\\\/actualite\\\/chroniques\\\/rares-et-peu-connus-cinq-couscous-de-nos-terroirs\\\/210094\\\/\"},\"author\":{\"name\":\"Hatem Bourial\",\"@id\":\"https:\\\/\\\/www.webdo.tn\\\/fr\\\/#\\\/schema\\\/person\\\/6bc0beba2cd23aec27cb5df85ca2554f\"},\"headline\":\"Rares et peu connus, cinq couscous de nos terroirs\",\"datePublished\":\"2023-11-14T08:44:00+00:00\",\"mainEntityOfPage\":{\"@id\":\"https:\\\/\\\/www.webdo.tn\\\/fr\\\/actualite\\\/chroniques\\\/rares-et-peu-connus-cinq-couscous-de-nos-terroirs\\\/210094\\\/\"},\"wordCount\":753,\"commentCount\":0,\"publisher\":{\"@id\":\"https:\\\/\\\/www.webdo.tn\\\/fr\\\/#organization\"},\"image\":{\"@id\":\"https:\\\/\\\/www.webdo.tn\\\/fr\\\/actualite\\\/chroniques\\\/rares-et-peu-connus-cinq-couscous-de-nos-terroirs\\\/210094\\\/#primaryimage\"},\"thumbnailUrl\":\"https:\\\/\\\/www.webdo.tn\\\/fr\\\/wp-content\\\/uploads\\\/2023\\\/11\\\/eb207d177f599b063c63021ea13f4e1f.jpg\",\"keywords\":[\"Couscous\",\"Tunisie\"],\"articleSection\":[\"Chroniques\"],\"inLanguage\":\"fr-FR\"},{\"@type\":\"WebPage\",\"@id\":\"https:\\\/\\\/www.webdo.tn\\\/fr\\\/actualite\\\/chroniques\\\/rares-et-peu-connus-cinq-couscous-de-nos-terroirs\\\/210094\\\/\",\"url\":\"https:\\\/\\\/www.webdo.tn\\\/fr\\\/actualite\\\/chroniques\\\/rares-et-peu-connus-cinq-couscous-de-nos-terroirs\\\/210094\\\/\",\"name\":\"Rares et peu connus, cinq couscous de nos terroirs\",\"isPartOf\":{\"@id\":\"https:\\\/\\\/www.webdo.tn\\\/fr\\\/#website\"},\"primaryImageOfPage\":{\"@id\":\"https:\\\/\\\/www.webdo.tn\\\/fr\\\/actualite\\\/chroniques\\\/rares-et-peu-connus-cinq-couscous-de-nos-terroirs\\\/210094\\\/#primaryimage\"},\"image\":{\"@id\":\"https:\\\/\\\/www.webdo.tn\\\/fr\\\/actualite\\\/chroniques\\\/rares-et-peu-connus-cinq-couscous-de-nos-terroirs\\\/210094\\\/#primaryimage\"},\"thumbnailUrl\":\"https:\\\/\\\/www.webdo.tn\\\/fr\\\/wp-content\\\/uploads\\\/2023\\\/11\\\/eb207d177f599b063c63021ea13f4e1f.jpg\",\"datePublished\":\"2023-11-14T08:44:00+00:00\",\"description\":\"Mon r\u00eave, c'est une encyclop\u00e9die passionn\u00e9e du couscous sous toutes ses d\u00e9clinaisons !\",\"breadcrumb\":{\"@id\":\"https:\\\/\\\/www.webdo.tn\\\/fr\\\/actualite\\\/chroniques\\\/rares-et-peu-connus-cinq-couscous-de-nos-terroirs\\\/210094\\\/#breadcrumb\"},\"inLanguage\":\"fr-FR\",\"potentialAction\":[{\"@type\":\"ReadAction\",\"target\":[\"https:\\\/\\\/www.webdo.tn\\\/fr\\\/actualite\\\/chroniques\\\/rares-et-peu-connus-cinq-couscous-de-nos-terroirs\\\/210094\\\/\"]}]},{\"@type\":\"ImageObject\",\"inLanguage\":\"fr-FR\",\"@id\":\"https:\\\/\\\/www.webdo.tn\\\/fr\\\/actualite\\\/chroniques\\\/rares-et-peu-connus-cinq-couscous-de-nos-terroirs\\\/210094\\\/#primaryimage\",\"url\":\"https:\\\/\\\/www.webdo.tn\\\/fr\\\/wp-content\\\/uploads\\\/2023\\\/11\\\/eb207d177f599b063c63021ea13f4e1f.jpg\",\"contentUrl\":\"https:\\\/\\\/www.webdo.tn\\\/fr\\\/wp-content\\\/uploads\\\/2023\\\/11\\\/eb207d177f599b063c63021ea13f4e1f.jpg\",\"width\":750,\"height\":400,\"caption\":\"Rares et peu connus, cinq couscous de nos terroirs\"},{\"@type\":\"BreadcrumbList\",\"@id\":\"https:\\\/\\\/www.webdo.tn\\\/fr\\\/actualite\\\/chroniques\\\/rares-et-peu-connus-cinq-couscous-de-nos-terroirs\\\/210094\\\/#breadcrumb\",\"itemListElement\":[{\"@type\":\"ListItem\",\"position\":1,\"name\":\"Accueil\",\"item\":\"https:\\\/\\\/www.webdo.tn\\\/fr\\\/\"},{\"@type\":\"ListItem\",\"position\":2,\"name\":\"Rares et peu connus, cinq couscous de nos terroirs\"}]},{\"@type\":\"WebSite\",\"@id\":\"https:\\\/\\\/www.webdo.tn\\\/fr\\\/#website\",\"url\":\"https:\\\/\\\/www.webdo.tn\\\/fr\\\/\",\"name\":\"webdo\",\"description\":\"Tunisie - News en Tunisie et \u00e0 l&#039;international sur Webdo.tn\",\"publisher\":{\"@id\":\"https:\\\/\\\/www.webdo.tn\\\/fr\\\/#organization\"},\"potentialAction\":[{\"@type\":\"SearchAction\",\"target\":{\"@type\":\"EntryPoint\",\"urlTemplate\":\"https:\\\/\\\/www.webdo.tn\\\/fr\\\/?s={search_term_string}\"},\"query-input\":{\"@type\":\"PropertyValueSpecification\",\"valueRequired\":true,\"valueName\":\"search_term_string\"}}],\"inLanguage\":\"fr-FR\"},{\"@type\":\"Organization\",\"@id\":\"https:\\\/\\\/www.webdo.tn\\\/fr\\\/#organization\",\"name\":\"Webdo\",\"alternateName\":\"Webdo.tn\",\"url\":\"https:\\\/\\\/www.webdo.tn\\\/fr\\\/\",\"logo\":{\"@type\":\"ImageObject\",\"inLanguage\":\"fr-FR\",\"@id\":\"https:\\\/\\\/www.webdo.tn\\\/fr\\\/#\\\/schema\\\/logo\\\/image\\\/\",\"url\":\"https:\\\/\\\/www.webdo.tn\\\/fr\\\/wp-content\\\/uploads\\\/2025\\\/06\\\/Webdo-Tunisie_168377.jpg\",\"contentUrl\":\"https:\\\/\\\/www.webdo.tn\\\/fr\\\/wp-content\\\/uploads\\\/2025\\\/06\\\/Webdo-Tunisie_168377.jpg\",\"width\":301,\"height\":301,\"caption\":\"Webdo\"},\"image\":{\"@id\":\"https:\\\/\\\/www.webdo.tn\\\/fr\\\/#\\\/schema\\\/logo\\\/image\\\/\"},\"sameAs\":[\"https:\\\/\\\/www.facebook.com\\\/webdotn\",\"https:\\\/\\\/x.com\\\/webdo_tn\"],\"description\":\"Webdo est un m\u00e9dia num\u00e9rique tunisien fond\u00e9 en 2010, sp\u00e9cialis\u00e9 dans l\u2019actualit\u00e9 nationale et internationale, l\u2019\u00e9conomie, la soci\u00e9t\u00e9 et les analyses politiques. Le site s\u2019adresse \u00e0 un large public francophone et couvre l\u2019information tunisienne en temps r\u00e9el.\",\"email\":\"redac@webdo.tn\",\"legalName\":\"YNJ SARL\",\"foundingDate\":\"2010-09-06\",\"numberOfEmployees\":{\"@type\":\"QuantitativeValue\",\"minValue\":\"11\",\"maxValue\":\"50\"}},{\"@type\":\"Person\",\"@id\":\"https:\\\/\\\/www.webdo.tn\\\/fr\\\/#\\\/schema\\\/person\\\/6bc0beba2cd23aec27cb5df85ca2554f\",\"name\":\"Hatem Bourial\",\"image\":{\"@type\":\"ImageObject\",\"inLanguage\":\"fr-FR\",\"@id\":\"https:\\\/\\\/www.webdo.tn\\\/fr\\\/wp-content\\\/uploads\\\/2026\\\/04\\\/hatem-bourial_avatar-96x96.jpg\",\"url\":\"https:\\\/\\\/www.webdo.tn\\\/fr\\\/wp-content\\\/uploads\\\/2026\\\/04\\\/hatem-bourial_avatar-96x96.jpg\",\"contentUrl\":\"https:\\\/\\\/www.webdo.tn\\\/fr\\\/wp-content\\\/uploads\\\/2026\\\/04\\\/hatem-bourial_avatar-96x96.jpg\",\"caption\":\"Hatem Bourial\"},\"description\":\"Hatem Bourial est journaliste, \u00e9crivain et chroniqueur tunisien. Actif depuis plusieurs d\u00e9cennies, il s\u2019est impos\u00e9 comme un observateur attentif de la soci\u00e9t\u00e9 tunisienne, m\u00ealant dans ses \u00e9crits m\u00e9moire, culture et analyse du quotidien. Auteur de nombreux ouvrages, il d\u00e9veloppe une \u0153uvre \u00e0 la crois\u00e9e du r\u00e9cit, de la po\u00e9sie et de l\u2019observation sociologique. Parall\u00e8lement \u00e0 ses contributions dans la presse, il intervient r\u00e9guli\u00e8rement \u00e0 la radio et dans des espaces culturels, o\u00f9 il explore les enjeux li\u00e9s au patrimoine, \u00e0 l\u2019identit\u00e9 et aux transformations du monde contemporain. \u00c0 travers ses chroniques, Hatem Bourial propose une lecture sensible et approfondie de l\u2019actualit\u00e9, nourrie par une exp\u00e9rience journalistique et litt\u00e9raire reconnue. \ud83d\udd17 Facebook : https:\\\/\\\/www.facebook.com\\\/hatem.bourial.2025\",\"sameAs\":[\"https:\\\/\\\/www.facebook.com\\\/hatem.bourial.2025\",\"https:\\\/\\\/fr.wikipedia.org\\\/wiki\\\/Fichier:Hatem_Bourial.jpg\"],\"knowsAbout\":[\"Culture & patrimoine tunisien\",\"Chronique soci\u00e9tale\",\"Litt\u00e9rature & m\u00e9moire\",\"Cin\u00e9ma & critique culturelle\",\"Identit\u00e9 & mutations sociales\"],\"knowsLanguage\":[\"Arabe\",\"Fran\u00e7ais\",\"Anglais\",\"Italien\",\"Polonais\"],\"jobTitle\":\"Journaliste, \u00e9crivain et chroniqueur culturel\",\"worksFor\":\"Webdo\",\"url\":\"https:\\\/\\\/www.webdo.tn\\\/fr\\\/actualite\\\/author\\\/hatem-bourial-2\\\/\"}]}<\/script>\n<!-- \/ Yoast SEO Premium plugin. -->","yoast_head_json":{"title":"Rares et peu connus, cinq couscous de nos terroirs","description":"Mon r\u00eave, c'est une encyclop\u00e9die passionn\u00e9e du couscous sous toutes ses d\u00e9clinaisons !","canonical":"https:\/\/www.webdo.tn\/fr\/actualite\/chroniques\/rares-et-peu-connus-cinq-couscous-de-nos-terroirs\/210094\/","og_locale":"fr_FR","og_type":"article","og_title":"Rares et peu connus, cinq couscous de nos terroirs","og_description":"Mon r\u00eave, c'est une encyclop\u00e9die passionn\u00e9e du couscous sous toutes ses d\u00e9clinaisons !","og_url":"https:\/\/www.webdo.tn\/fr\/actualite\/chroniques\/rares-et-peu-connus-cinq-couscous-de-nos-terroirs\/210094\/","og_site_name":"webdo","article_publisher":"https:\/\/www.facebook.com\/webdotn","article_author":"https:\/\/www.facebook.com\/hatem.bourial.2025","article_published_time":"2023-11-14T08:44:00+00:00","og_image":[{"width":750,"height":400,"url":"https:\/\/www.webdo.tn\/fr\/wp-content\/uploads\/2023\/11\/eb207d177f599b063c63021ea13f4e1f.jpg","type":"image\/jpeg"}],"author":"Hatem Bourial","twitter_card":"summary_large_image","twitter_creator":"@webdo_tn","twitter_site":"@webdo_tn","twitter_misc":{"\u00c9crit par":"Hatem Bourial","Dur\u00e9e de lecture estim\u00e9e":"4 minutes"},"schema":{"@context":"https:\/\/schema.org","@graph":[{"@type":"NewsArticle","@id":"https:\/\/www.webdo.tn\/fr\/actualite\/chroniques\/rares-et-peu-connus-cinq-couscous-de-nos-terroirs\/210094\/#article","isPartOf":{"@id":"https:\/\/www.webdo.tn\/fr\/actualite\/chroniques\/rares-et-peu-connus-cinq-couscous-de-nos-terroirs\/210094\/"},"author":{"name":"Hatem Bourial","@id":"https:\/\/www.webdo.tn\/fr\/#\/schema\/person\/6bc0beba2cd23aec27cb5df85ca2554f"},"headline":"Rares et peu connus, cinq couscous de nos terroirs","datePublished":"2023-11-14T08:44:00+00:00","mainEntityOfPage":{"@id":"https:\/\/www.webdo.tn\/fr\/actualite\/chroniques\/rares-et-peu-connus-cinq-couscous-de-nos-terroirs\/210094\/"},"wordCount":753,"commentCount":0,"publisher":{"@id":"https:\/\/www.webdo.tn\/fr\/#organization"},"image":{"@id":"https:\/\/www.webdo.tn\/fr\/actualite\/chroniques\/rares-et-peu-connus-cinq-couscous-de-nos-terroirs\/210094\/#primaryimage"},"thumbnailUrl":"https:\/\/www.webdo.tn\/fr\/wp-content\/uploads\/2023\/11\/eb207d177f599b063c63021ea13f4e1f.jpg","keywords":["Couscous","Tunisie"],"articleSection":["Chroniques"],"inLanguage":"fr-FR"},{"@type":"WebPage","@id":"https:\/\/www.webdo.tn\/fr\/actualite\/chroniques\/rares-et-peu-connus-cinq-couscous-de-nos-terroirs\/210094\/","url":"https:\/\/www.webdo.tn\/fr\/actualite\/chroniques\/rares-et-peu-connus-cinq-couscous-de-nos-terroirs\/210094\/","name":"Rares et peu connus, cinq couscous de nos terroirs","isPartOf":{"@id":"https:\/\/www.webdo.tn\/fr\/#website"},"primaryImageOfPage":{"@id":"https:\/\/www.webdo.tn\/fr\/actualite\/chroniques\/rares-et-peu-connus-cinq-couscous-de-nos-terroirs\/210094\/#primaryimage"},"image":{"@id":"https:\/\/www.webdo.tn\/fr\/actualite\/chroniques\/rares-et-peu-connus-cinq-couscous-de-nos-terroirs\/210094\/#primaryimage"},"thumbnailUrl":"https:\/\/www.webdo.tn\/fr\/wp-content\/uploads\/2023\/11\/eb207d177f599b063c63021ea13f4e1f.jpg","datePublished":"2023-11-14T08:44:00+00:00","description":"Mon r\u00eave, c'est une encyclop\u00e9die passionn\u00e9e du couscous sous toutes ses d\u00e9clinaisons !","breadcrumb":{"@id":"https:\/\/www.webdo.tn\/fr\/actualite\/chroniques\/rares-et-peu-connus-cinq-couscous-de-nos-terroirs\/210094\/#breadcrumb"},"inLanguage":"fr-FR","potentialAction":[{"@type":"ReadAction","target":["https:\/\/www.webdo.tn\/fr\/actualite\/chroniques\/rares-et-peu-connus-cinq-couscous-de-nos-terroirs\/210094\/"]}]},{"@type":"ImageObject","inLanguage":"fr-FR","@id":"https:\/\/www.webdo.tn\/fr\/actualite\/chroniques\/rares-et-peu-connus-cinq-couscous-de-nos-terroirs\/210094\/#primaryimage","url":"https:\/\/www.webdo.tn\/fr\/wp-content\/uploads\/2023\/11\/eb207d177f599b063c63021ea13f4e1f.jpg","contentUrl":"https:\/\/www.webdo.tn\/fr\/wp-content\/uploads\/2023\/11\/eb207d177f599b063c63021ea13f4e1f.jpg","width":750,"height":400,"caption":"Rares et peu connus, cinq couscous de nos terroirs"},{"@type":"BreadcrumbList","@id":"https:\/\/www.webdo.tn\/fr\/actualite\/chroniques\/rares-et-peu-connus-cinq-couscous-de-nos-terroirs\/210094\/#breadcrumb","itemListElement":[{"@type":"ListItem","position":1,"name":"Accueil","item":"https:\/\/www.webdo.tn\/fr\/"},{"@type":"ListItem","position":2,"name":"Rares et peu connus, cinq couscous de nos terroirs"}]},{"@type":"WebSite","@id":"https:\/\/www.webdo.tn\/fr\/#website","url":"https:\/\/www.webdo.tn\/fr\/","name":"webdo","description":"Tunisie - News en Tunisie et \u00e0 l&#039;international sur Webdo.tn","publisher":{"@id":"https:\/\/www.webdo.tn\/fr\/#organization"},"potentialAction":[{"@type":"SearchAction","target":{"@type":"EntryPoint","urlTemplate":"https:\/\/www.webdo.tn\/fr\/?s={search_term_string}"},"query-input":{"@type":"PropertyValueSpecification","valueRequired":true,"valueName":"search_term_string"}}],"inLanguage":"fr-FR"},{"@type":"Organization","@id":"https:\/\/www.webdo.tn\/fr\/#organization","name":"Webdo","alternateName":"Webdo.tn","url":"https:\/\/www.webdo.tn\/fr\/","logo":{"@type":"ImageObject","inLanguage":"fr-FR","@id":"https:\/\/www.webdo.tn\/fr\/#\/schema\/logo\/image\/","url":"https:\/\/www.webdo.tn\/fr\/wp-content\/uploads\/2025\/06\/Webdo-Tunisie_168377.jpg","contentUrl":"https:\/\/www.webdo.tn\/fr\/wp-content\/uploads\/2025\/06\/Webdo-Tunisie_168377.jpg","width":301,"height":301,"caption":"Webdo"},"image":{"@id":"https:\/\/www.webdo.tn\/fr\/#\/schema\/logo\/image\/"},"sameAs":["https:\/\/www.facebook.com\/webdotn","https:\/\/x.com\/webdo_tn"],"description":"Webdo est un m\u00e9dia num\u00e9rique tunisien fond\u00e9 en 2010, sp\u00e9cialis\u00e9 dans l\u2019actualit\u00e9 nationale et internationale, l\u2019\u00e9conomie, la soci\u00e9t\u00e9 et les analyses politiques. Le site s\u2019adresse \u00e0 un large public francophone et couvre l\u2019information tunisienne en temps r\u00e9el.","email":"redac@webdo.tn","legalName":"YNJ SARL","foundingDate":"2010-09-06","numberOfEmployees":{"@type":"QuantitativeValue","minValue":"11","maxValue":"50"}},{"@type":"Person","@id":"https:\/\/www.webdo.tn\/fr\/#\/schema\/person\/6bc0beba2cd23aec27cb5df85ca2554f","name":"Hatem Bourial","image":{"@type":"ImageObject","inLanguage":"fr-FR","@id":"https:\/\/www.webdo.tn\/fr\/wp-content\/uploads\/2026\/04\/hatem-bourial_avatar-96x96.jpg","url":"https:\/\/www.webdo.tn\/fr\/wp-content\/uploads\/2026\/04\/hatem-bourial_avatar-96x96.jpg","contentUrl":"https:\/\/www.webdo.tn\/fr\/wp-content\/uploads\/2026\/04\/hatem-bourial_avatar-96x96.jpg","caption":"Hatem Bourial"},"description":"Hatem Bourial est journaliste, \u00e9crivain et chroniqueur tunisien. Actif depuis plusieurs d\u00e9cennies, il s\u2019est impos\u00e9 comme un observateur attentif de la soci\u00e9t\u00e9 tunisienne, m\u00ealant dans ses \u00e9crits m\u00e9moire, culture et analyse du quotidien. Auteur de nombreux ouvrages, il d\u00e9veloppe une \u0153uvre \u00e0 la crois\u00e9e du r\u00e9cit, de la po\u00e9sie et de l\u2019observation sociologique. Parall\u00e8lement \u00e0 ses contributions dans la presse, il intervient r\u00e9guli\u00e8rement \u00e0 la radio et dans des espaces culturels, o\u00f9 il explore les enjeux li\u00e9s au patrimoine, \u00e0 l\u2019identit\u00e9 et aux transformations du monde contemporain. \u00c0 travers ses chroniques, Hatem Bourial propose une lecture sensible et approfondie de l\u2019actualit\u00e9, nourrie par une exp\u00e9rience journalistique et litt\u00e9raire reconnue. \ud83d\udd17 Facebook : https:\/\/www.facebook.com\/hatem.bourial.2025","sameAs":["https:\/\/www.facebook.com\/hatem.bourial.2025","https:\/\/fr.wikipedia.org\/wiki\/Fichier:Hatem_Bourial.jpg"],"knowsAbout":["Culture & patrimoine tunisien","Chronique soci\u00e9tale","Litt\u00e9rature & m\u00e9moire","Cin\u00e9ma & critique culturelle","Identit\u00e9 & mutations sociales"],"knowsLanguage":["Arabe","Fran\u00e7ais","Anglais","Italien","Polonais"],"jobTitle":"Journaliste, \u00e9crivain et chroniqueur culturel","worksFor":"Webdo","url":"https:\/\/www.webdo.tn\/fr\/actualite\/author\/hatem-bourial-2\/"}]}},"_links":{"self":[{"href":"https:\/\/www.webdo.tn\/fr\/wp-json\/wp\/v2\/posts\/210094","targetHints":{"allow":["GET"]}}],"collection":[{"href":"https:\/\/www.webdo.tn\/fr\/wp-json\/wp\/v2\/posts"}],"about":[{"href":"https:\/\/www.webdo.tn\/fr\/wp-json\/wp\/v2\/types\/post"}],"author":[{"embeddable":true,"href":"https:\/\/www.webdo.tn\/fr\/wp-json\/wp\/v2\/users\/3229"}],"replies":[{"embeddable":true,"href":"https:\/\/www.webdo.tn\/fr\/wp-json\/wp\/v2\/comments?post=210094"}],"version-history":[{"count":0,"href":"https:\/\/www.webdo.tn\/fr\/wp-json\/wp\/v2\/posts\/210094\/revisions"}],"wp:featuredmedia":[{"embeddable":true,"href":"https:\/\/www.webdo.tn\/fr\/wp-json\/wp\/v2\/media\/289856"}],"wp:attachment":[{"href":"https:\/\/www.webdo.tn\/fr\/wp-json\/wp\/v2\/media?parent=210094"}],"wp:term":[{"taxonomy":"category","embeddable":true,"href":"https:\/\/www.webdo.tn\/fr\/wp-json\/wp\/v2\/categories?post=210094"},{"taxonomy":"post_tag","embeddable":true,"href":"https:\/\/www.webdo.tn\/fr\/wp-json\/wp\/v2\/tags?post=210094"}],"curies":[{"name":"wp","href":"https:\/\/api.w.org\/{rel}","templated":true}]}}