{"id":210087,"date":"2023-11-13T18:42:00","date_gmt":"2023-11-13T18:42:00","guid":{"rendered":"https:\/\/www.webdo.tn\/fr\/blog\/onu-les-operations-humanitaires-a-gaza-cesseront-sous-48h\/210087\/"},"modified":"2025-05-20T22:52:22","modified_gmt":"2025-05-20T22:52:22","slug":"onu-les-operations-humanitaires-a-gaza-cesseront-sous-48h","status":"publish","type":"post","link":"https:\/\/www.webdo.tn\/fr\/actualite\/international\/onu-les-operations-humanitaires-a-gaza-cesseront-sous-48h\/210087\/","title":{"rendered":"ONU : Les op\u00e9rations humanitaires \u00e0 Gaza cesseront sous 48h !"},"content":{"rendered":"<p>Le directeur de l&rsquo;agence de l&rsquo;ONU pour les r\u00e9fugi\u00e9s palestiniens (Unrwa) \u00e0 Gaza Thomas White a pr\u00e9venu lundi 13 novembre que les \u00ab\u00a0op\u00e9rations humanitaires cesseront sous 48 heures, aucun carburant n&rsquo;\u00e9tant autoris\u00e9 \u00e0 entrer \u00e0 Gaza\u00a0\u00bb, assi\u00e9g\u00e9e par Isra\u00ebl et en proie aux combats entre le Hamas et l&rsquo;arm\u00e9e isra\u00e9lienne.<\/p>\n<p>\u00ab\u00a0Ce matin, deux de nos principaux sous-traitants pour la distribution d&rsquo;eau ont cess\u00e9 de travailler, ils n&rsquo;ont plus de carburant, ce qui va priver 200.000 personnes d&rsquo;eau potable\u00a0\u00bb dans le petit territoire, o\u00f9 plus de la moiti\u00e9 des 2,4 millions d&rsquo;habitants sont d\u00e9plac\u00e9s et d\u00e9pendent d\u00e9sormais totalement de l&rsquo;aide humanitaire pour survivre, a encore dit Thomas White sur le r\u00e9seau social X.\u00a0<\/p>\n<p>En raison des bombardements de l&rsquo;arm\u00e9e isra\u00e9lienne sur les infrastructures \u00e9nerg\u00e9tiques de Gaza, l&rsquo;h\u00f4pital al-Chifa, situ\u00e9 dans la partie nord de l&rsquo;enclave palestinienne, \u00ab\u00a0n&rsquo;a plus d&rsquo;eau ni d&rsquo;\u00e9lectricit\u00e9 \u00ab\u00a0depuis trois jours\u00a0\u00bb, selon l&rsquo;Organisation mondiale de la Sant\u00e9 (OMS).<\/p>\n<p>Les autorit\u00e9s palestiniennes affirment que les frappes ont m\u00eame endommag\u00e9 le centre hospitalier lui-m\u00eame, ajoutant que \u00ab\u00a0tous les h\u00f4pitaux\u00a0\u00bb du nord de Gaza sont actuellement \u00ab\u00a0hors service\u00a0\u00bb.<\/p>\n","protected":false},"excerpt":{"rendered":"<p>Ce matin, deux de nos principaux sous-traitants pour la distribution d&rsquo;eau ont cess\u00e9 de travailler, ils n&rsquo;ont plus de carburant, ce qui va priver 200.000 perso&#8230;<\/p>\n","protected":false},"author":3175,"featured_media":289852,"comment_status":"open","ping_status":"closed","sticky":false,"template":"","format":"standard","meta":{"footnotes":""},"categories":[2598],"tags":[2689,2600,3296],"class_list":["post-210087","post","type-post","status-publish","format-standard","has-post-thumbnail","hentry","category-international","tag-gaza","tag-guerre","tag-onu"],"yoast_head":"<!-- This site is optimized with the Yoast SEO Premium plugin v27.5 (Yoast SEO v27.5) - https:\/\/yoast.com\/product\/yoast-seo-premium-wordpress\/ -->\n<title>ONU : Les op\u00e9rations humanitaires \u00e0 Gaza cesseront sous 48h !<\/title>\n<meta name=\"description\" content=\"Ce matin, deux de nos principaux sous-traitants pour la distribution d&#039;eau ont cess\u00e9 de travailler, ils n&#039;ont plus de carburant, ce qui va priver 200.000 perso...\" \/>\n<link rel=\"canonical\" href=\"https:\/\/www.webdo.tn\/fr\/actualite\/international\/onu-les-operations-humanitaires-a-gaza-cesseront-sous-48h\/210087\/\" \/>\n<meta property=\"og:locale\" content=\"fr_FR\" \/>\n<meta property=\"og:type\" content=\"article\" \/>\n<meta property=\"og:title\" content=\"ONU : Les op\u00e9rations humanitaires \u00e0 Gaza cesseront sous 48h !\" \/>\n<meta property=\"og:description\" content=\"Ce matin, deux de nos principaux sous-traitants pour la distribution d&#039;eau ont cess\u00e9 de travailler, ils n&#039;ont plus de carburant, ce qui va priver 200.000 perso...\" \/>\n<meta property=\"og:url\" content=\"https:\/\/www.webdo.tn\/fr\/actualite\/international\/onu-les-operations-humanitaires-a-gaza-cesseront-sous-48h\/210087\/\" \/>\n<meta property=\"og:site_name\" content=\"webdo\" \/>\n<meta property=\"article:publisher\" content=\"https:\/\/www.facebook.com\/webdotn\" \/>\n<meta property=\"article:published_time\" content=\"2023-11-13T18:42:00+00:00\" \/>\n<meta property=\"article:modified_time\" content=\"2025-05-20T22:52:22+00:00\" \/>\n<meta property=\"og:image\" content=\"https:\/\/www.webdo.tn\/fr\/wp-content\/uploads\/2023\/11\/9ba05de44b10035bef99c35716048fee.jpg\" \/>\n\t<meta property=\"og:image:width\" content=\"750\" \/>\n\t<meta property=\"og:image:height\" content=\"400\" \/>\n\t<meta property=\"og:image:type\" content=\"image\/jpeg\" \/>\n<meta name=\"author\" content=\"CL\" \/>\n<meta name=\"twitter:card\" content=\"summary_large_image\" \/>\n<meta name=\"twitter:creator\" content=\"@webdo_tn\" \/>\n<meta name=\"twitter:site\" content=\"@webdo_tn\" \/>\n<meta name=\"twitter:label1\" content=\"\u00c9crit par\" \/>\n\t<meta name=\"twitter:data1\" content=\"CL\" \/>\n\t<meta name=\"twitter:label2\" content=\"Dur\u00e9e de lecture estim\u00e9e\" \/>\n\t<meta name=\"twitter:data2\" content=\"1 minute\" \/>\n<script type=\"application\/ld+json\" class=\"yoast-schema-graph\">{\"@context\":\"https:\\\/\\\/schema.org\",\"@graph\":[{\"@type\":\"NewsArticle\",\"@id\":\"https:\\\/\\\/www.webdo.tn\\\/fr\\\/actualite\\\/international\\\/onu-les-operations-humanitaires-a-gaza-cesseront-sous-48h\\\/210087\\\/#article\",\"isPartOf\":{\"@id\":\"https:\\\/\\\/www.webdo.tn\\\/fr\\\/actualite\\\/international\\\/onu-les-operations-humanitaires-a-gaza-cesseront-sous-48h\\\/210087\\\/\"},\"author\":{\"name\":\"CL\",\"@id\":\"https:\\\/\\\/www.webdo.tn\\\/fr\\\/#\\\/schema\\\/person\\\/f35b42a42c5e2511bbd282959d6385cc\"},\"headline\":\"ONU : Les op\u00e9rations humanitaires \u00e0 Gaza cesseront sous 48h !\",\"datePublished\":\"2023-11-13T18:42:00+00:00\",\"dateModified\":\"2025-05-20T22:52:22+00:00\",\"mainEntityOfPage\":{\"@id\":\"https:\\\/\\\/www.webdo.tn\\\/fr\\\/actualite\\\/international\\\/onu-les-operations-humanitaires-a-gaza-cesseront-sous-48h\\\/210087\\\/\"},\"wordCount\":217,\"commentCount\":0,\"publisher\":{\"@id\":\"https:\\\/\\\/www.webdo.tn\\\/fr\\\/#organization\"},\"image\":{\"@id\":\"https:\\\/\\\/www.webdo.tn\\\/fr\\\/actualite\\\/international\\\/onu-les-operations-humanitaires-a-gaza-cesseront-sous-48h\\\/210087\\\/#primaryimage\"},\"thumbnailUrl\":\"https:\\\/\\\/www.webdo.tn\\\/fr\\\/wp-content\\\/uploads\\\/2023\\\/11\\\/9ba05de44b10035bef99c35716048fee.jpg\",\"keywords\":[\"Gaza\",\"guerre\",\"ONU\"],\"articleSection\":[\"International\"],\"inLanguage\":\"fr-FR\"},{\"@type\":\"WebPage\",\"@id\":\"https:\\\/\\\/www.webdo.tn\\\/fr\\\/actualite\\\/international\\\/onu-les-operations-humanitaires-a-gaza-cesseront-sous-48h\\\/210087\\\/\",\"url\":\"https:\\\/\\\/www.webdo.tn\\\/fr\\\/actualite\\\/international\\\/onu-les-operations-humanitaires-a-gaza-cesseront-sous-48h\\\/210087\\\/\",\"name\":\"ONU : Les op\u00e9rations humanitaires \u00e0 Gaza cesseront sous 48h !\",\"isPartOf\":{\"@id\":\"https:\\\/\\\/www.webdo.tn\\\/fr\\\/#website\"},\"primaryImageOfPage\":{\"@id\":\"https:\\\/\\\/www.webdo.tn\\\/fr\\\/actualite\\\/international\\\/onu-les-operations-humanitaires-a-gaza-cesseront-sous-48h\\\/210087\\\/#primaryimage\"},\"image\":{\"@id\":\"https:\\\/\\\/www.webdo.tn\\\/fr\\\/actualite\\\/international\\\/onu-les-operations-humanitaires-a-gaza-cesseront-sous-48h\\\/210087\\\/#primaryimage\"},\"thumbnailUrl\":\"https:\\\/\\\/www.webdo.tn\\\/fr\\\/wp-content\\\/uploads\\\/2023\\\/11\\\/9ba05de44b10035bef99c35716048fee.jpg\",\"datePublished\":\"2023-11-13T18:42:00+00:00\",\"dateModified\":\"2025-05-20T22:52:22+00:00\",\"description\":\"Ce matin, deux de nos principaux sous-traitants pour la distribution d'eau ont cess\u00e9 de travailler, ils n'ont plus de carburant, ce qui va priver 200.000 perso...\",\"breadcrumb\":{\"@id\":\"https:\\\/\\\/www.webdo.tn\\\/fr\\\/actualite\\\/international\\\/onu-les-operations-humanitaires-a-gaza-cesseront-sous-48h\\\/210087\\\/#breadcrumb\"},\"inLanguage\":\"fr-FR\",\"potentialAction\":[{\"@type\":\"ReadAction\",\"target\":[\"https:\\\/\\\/www.webdo.tn\\\/fr\\\/actualite\\\/international\\\/onu-les-operations-humanitaires-a-gaza-cesseront-sous-48h\\\/210087\\\/\"]}]},{\"@type\":\"ImageObject\",\"inLanguage\":\"fr-FR\",\"@id\":\"https:\\\/\\\/www.webdo.tn\\\/fr\\\/actualite\\\/international\\\/onu-les-operations-humanitaires-a-gaza-cesseront-sous-48h\\\/210087\\\/#primaryimage\",\"url\":\"https:\\\/\\\/www.webdo.tn\\\/fr\\\/wp-content\\\/uploads\\\/2023\\\/11\\\/9ba05de44b10035bef99c35716048fee.jpg\",\"contentUrl\":\"https:\\\/\\\/www.webdo.tn\\\/fr\\\/wp-content\\\/uploads\\\/2023\\\/11\\\/9ba05de44b10035bef99c35716048fee.jpg\",\"width\":750,\"height\":400,\"caption\":\"ONU : Les op\u00e9rations humanitaires \u00e0 Gaza cesseront sous 48h !\"},{\"@type\":\"BreadcrumbList\",\"@id\":\"https:\\\/\\\/www.webdo.tn\\\/fr\\\/actualite\\\/international\\\/onu-les-operations-humanitaires-a-gaza-cesseront-sous-48h\\\/210087\\\/#breadcrumb\",\"itemListElement\":[{\"@type\":\"ListItem\",\"position\":1,\"name\":\"Accueil\",\"item\":\"https:\\\/\\\/www.webdo.tn\\\/fr\\\/\"},{\"@type\":\"ListItem\",\"position\":2,\"name\":\"ONU : Les op\u00e9rations humanitaires \u00e0 Gaza cesseront sous 48h !\"}]},{\"@type\":\"WebSite\",\"@id\":\"https:\\\/\\\/www.webdo.tn\\\/fr\\\/#website\",\"url\":\"https:\\\/\\\/www.webdo.tn\\\/fr\\\/\",\"name\":\"webdo\",\"description\":\"Tunisie - News en Tunisie et \u00e0 l&#039;international sur Webdo.tn\",\"publisher\":{\"@id\":\"https:\\\/\\\/www.webdo.tn\\\/fr\\\/#organization\"},\"potentialAction\":[{\"@type\":\"SearchAction\",\"target\":{\"@type\":\"EntryPoint\",\"urlTemplate\":\"https:\\\/\\\/www.webdo.tn\\\/fr\\\/?s={search_term_string}\"},\"query-input\":{\"@type\":\"PropertyValueSpecification\",\"valueRequired\":true,\"valueName\":\"search_term_string\"}}],\"inLanguage\":\"fr-FR\"},{\"@type\":\"Organization\",\"@id\":\"https:\\\/\\\/www.webdo.tn\\\/fr\\\/#organization\",\"name\":\"Webdo\",\"alternateName\":\"Webdo.tn\",\"url\":\"https:\\\/\\\/www.webdo.tn\\\/fr\\\/\",\"logo\":{\"@type\":\"ImageObject\",\"inLanguage\":\"fr-FR\",\"@id\":\"https:\\\/\\\/www.webdo.tn\\\/fr\\\/#\\\/schema\\\/logo\\\/image\\\/\",\"url\":\"https:\\\/\\\/www.webdo.tn\\\/fr\\\/wp-content\\\/uploads\\\/2025\\\/06\\\/Webdo-Tunisie_168377.jpg\",\"contentUrl\":\"https:\\\/\\\/www.webdo.tn\\\/fr\\\/wp-content\\\/uploads\\\/2025\\\/06\\\/Webdo-Tunisie_168377.jpg\",\"width\":301,\"height\":301,\"caption\":\"Webdo\"},\"image\":{\"@id\":\"https:\\\/\\\/www.webdo.tn\\\/fr\\\/#\\\/schema\\\/logo\\\/image\\\/\"},\"sameAs\":[\"https:\\\/\\\/www.facebook.com\\\/webdotn\",\"https:\\\/\\\/x.com\\\/webdo_tn\"],\"description\":\"Webdo est un m\u00e9dia num\u00e9rique tunisien fond\u00e9 en 2010, sp\u00e9cialis\u00e9 dans l\u2019actualit\u00e9 nationale et internationale, l\u2019\u00e9conomie, la soci\u00e9t\u00e9 et les analyses politiques. Le site s\u2019adresse \u00e0 un large public francophone et couvre l\u2019information tunisienne en temps r\u00e9el.\",\"email\":\"redac@webdo.tn\",\"legalName\":\"YNJ SARL\",\"foundingDate\":\"2010-09-06\",\"numberOfEmployees\":{\"@type\":\"QuantitativeValue\",\"minValue\":\"11\",\"maxValue\":\"50\"}},{\"@type\":\"Person\",\"@id\":\"https:\\\/\\\/www.webdo.tn\\\/fr\\\/#\\\/schema\\\/person\\\/f35b42a42c5e2511bbd282959d6385cc\",\"name\":\"CL\",\"image\":{\"@type\":\"ImageObject\",\"inLanguage\":\"fr-FR\",\"@id\":\"https:\\\/\\\/secure.gravatar.com\\\/avatar\\\/1447a49909b67aa657c488aec6512e1dd6143a480c1ecfee9b5b5cd74eb3b59e?s=96&d=mm&r=g\",\"url\":\"https:\\\/\\\/secure.gravatar.com\\\/avatar\\\/1447a49909b67aa657c488aec6512e1dd6143a480c1ecfee9b5b5cd74eb3b59e?s=96&d=mm&r=g\",\"contentUrl\":\"https:\\\/\\\/secure.gravatar.com\\\/avatar\\\/1447a49909b67aa657c488aec6512e1dd6143a480c1ecfee9b5b5cd74eb3b59e?s=96&d=mm&r=g\",\"caption\":\"CL\"},\"url\":\"https:\\\/\\\/www.webdo.tn\\\/fr\\\/actualite\\\/author\\\/cl\\\/\"}]}<\/script>\n<!-- \/ Yoast SEO Premium plugin. -->","yoast_head_json":{"title":"ONU : Les op\u00e9rations humanitaires \u00e0 Gaza cesseront sous 48h !","description":"Ce matin, deux de nos principaux sous-traitants pour la distribution d'eau ont cess\u00e9 de travailler, ils n'ont plus de carburant, ce qui va priver 200.000 perso...","canonical":"https:\/\/www.webdo.tn\/fr\/actualite\/international\/onu-les-operations-humanitaires-a-gaza-cesseront-sous-48h\/210087\/","og_locale":"fr_FR","og_type":"article","og_title":"ONU : Les op\u00e9rations humanitaires \u00e0 Gaza cesseront sous 48h !","og_description":"Ce matin, deux de nos principaux sous-traitants pour la distribution d'eau ont cess\u00e9 de travailler, ils n'ont plus de carburant, ce qui va priver 200.000 perso...","og_url":"https:\/\/www.webdo.tn\/fr\/actualite\/international\/onu-les-operations-humanitaires-a-gaza-cesseront-sous-48h\/210087\/","og_site_name":"webdo","article_publisher":"https:\/\/www.facebook.com\/webdotn","article_published_time":"2023-11-13T18:42:00+00:00","article_modified_time":"2025-05-20T22:52:22+00:00","og_image":[{"width":750,"height":400,"url":"https:\/\/www.webdo.tn\/fr\/wp-content\/uploads\/2023\/11\/9ba05de44b10035bef99c35716048fee.jpg","type":"image\/jpeg"}],"author":"CL","twitter_card":"summary_large_image","twitter_creator":"@webdo_tn","twitter_site":"@webdo_tn","twitter_misc":{"\u00c9crit par":"CL","Dur\u00e9e de lecture estim\u00e9e":"1 minute"},"schema":{"@context":"https:\/\/schema.org","@graph":[{"@type":"NewsArticle","@id":"https:\/\/www.webdo.tn\/fr\/actualite\/international\/onu-les-operations-humanitaires-a-gaza-cesseront-sous-48h\/210087\/#article","isPartOf":{"@id":"https:\/\/www.webdo.tn\/fr\/actualite\/international\/onu-les-operations-humanitaires-a-gaza-cesseront-sous-48h\/210087\/"},"author":{"name":"CL","@id":"https:\/\/www.webdo.tn\/fr\/#\/schema\/person\/f35b42a42c5e2511bbd282959d6385cc"},"headline":"ONU : Les op\u00e9rations humanitaires \u00e0 Gaza cesseront sous 48h !","datePublished":"2023-11-13T18:42:00+00:00","dateModified":"2025-05-20T22:52:22+00:00","mainEntityOfPage":{"@id":"https:\/\/www.webdo.tn\/fr\/actualite\/international\/onu-les-operations-humanitaires-a-gaza-cesseront-sous-48h\/210087\/"},"wordCount":217,"commentCount":0,"publisher":{"@id":"https:\/\/www.webdo.tn\/fr\/#organization"},"image":{"@id":"https:\/\/www.webdo.tn\/fr\/actualite\/international\/onu-les-operations-humanitaires-a-gaza-cesseront-sous-48h\/210087\/#primaryimage"},"thumbnailUrl":"https:\/\/www.webdo.tn\/fr\/wp-content\/uploads\/2023\/11\/9ba05de44b10035bef99c35716048fee.jpg","keywords":["Gaza","guerre","ONU"],"articleSection":["International"],"inLanguage":"fr-FR"},{"@type":"WebPage","@id":"https:\/\/www.webdo.tn\/fr\/actualite\/international\/onu-les-operations-humanitaires-a-gaza-cesseront-sous-48h\/210087\/","url":"https:\/\/www.webdo.tn\/fr\/actualite\/international\/onu-les-operations-humanitaires-a-gaza-cesseront-sous-48h\/210087\/","name":"ONU : Les op\u00e9rations humanitaires \u00e0 Gaza cesseront sous 48h !","isPartOf":{"@id":"https:\/\/www.webdo.tn\/fr\/#website"},"primaryImageOfPage":{"@id":"https:\/\/www.webdo.tn\/fr\/actualite\/international\/onu-les-operations-humanitaires-a-gaza-cesseront-sous-48h\/210087\/#primaryimage"},"image":{"@id":"https:\/\/www.webdo.tn\/fr\/actualite\/international\/onu-les-operations-humanitaires-a-gaza-cesseront-sous-48h\/210087\/#primaryimage"},"thumbnailUrl":"https:\/\/www.webdo.tn\/fr\/wp-content\/uploads\/2023\/11\/9ba05de44b10035bef99c35716048fee.jpg","datePublished":"2023-11-13T18:42:00+00:00","dateModified":"2025-05-20T22:52:22+00:00","description":"Ce matin, deux de nos principaux sous-traitants pour la distribution d'eau ont cess\u00e9 de travailler, ils n'ont plus de carburant, ce qui va priver 200.000 perso...","breadcrumb":{"@id":"https:\/\/www.webdo.tn\/fr\/actualite\/international\/onu-les-operations-humanitaires-a-gaza-cesseront-sous-48h\/210087\/#breadcrumb"},"inLanguage":"fr-FR","potentialAction":[{"@type":"ReadAction","target":["https:\/\/www.webdo.tn\/fr\/actualite\/international\/onu-les-operations-humanitaires-a-gaza-cesseront-sous-48h\/210087\/"]}]},{"@type":"ImageObject","inLanguage":"fr-FR","@id":"https:\/\/www.webdo.tn\/fr\/actualite\/international\/onu-les-operations-humanitaires-a-gaza-cesseront-sous-48h\/210087\/#primaryimage","url":"https:\/\/www.webdo.tn\/fr\/wp-content\/uploads\/2023\/11\/9ba05de44b10035bef99c35716048fee.jpg","contentUrl":"https:\/\/www.webdo.tn\/fr\/wp-content\/uploads\/2023\/11\/9ba05de44b10035bef99c35716048fee.jpg","width":750,"height":400,"caption":"ONU : Les op\u00e9rations humanitaires \u00e0 Gaza cesseront sous 48h !"},{"@type":"BreadcrumbList","@id":"https:\/\/www.webdo.tn\/fr\/actualite\/international\/onu-les-operations-humanitaires-a-gaza-cesseront-sous-48h\/210087\/#breadcrumb","itemListElement":[{"@type":"ListItem","position":1,"name":"Accueil","item":"https:\/\/www.webdo.tn\/fr\/"},{"@type":"ListItem","position":2,"name":"ONU : Les op\u00e9rations humanitaires \u00e0 Gaza cesseront sous 48h !"}]},{"@type":"WebSite","@id":"https:\/\/www.webdo.tn\/fr\/#website","url":"https:\/\/www.webdo.tn\/fr\/","name":"webdo","description":"Tunisie - News en Tunisie et \u00e0 l&#039;international sur Webdo.tn","publisher":{"@id":"https:\/\/www.webdo.tn\/fr\/#organization"},"potentialAction":[{"@type":"SearchAction","target":{"@type":"EntryPoint","urlTemplate":"https:\/\/www.webdo.tn\/fr\/?s={search_term_string}"},"query-input":{"@type":"PropertyValueSpecification","valueRequired":true,"valueName":"search_term_string"}}],"inLanguage":"fr-FR"},{"@type":"Organization","@id":"https:\/\/www.webdo.tn\/fr\/#organization","name":"Webdo","alternateName":"Webdo.tn","url":"https:\/\/www.webdo.tn\/fr\/","logo":{"@type":"ImageObject","inLanguage":"fr-FR","@id":"https:\/\/www.webdo.tn\/fr\/#\/schema\/logo\/image\/","url":"https:\/\/www.webdo.tn\/fr\/wp-content\/uploads\/2025\/06\/Webdo-Tunisie_168377.jpg","contentUrl":"https:\/\/www.webdo.tn\/fr\/wp-content\/uploads\/2025\/06\/Webdo-Tunisie_168377.jpg","width":301,"height":301,"caption":"Webdo"},"image":{"@id":"https:\/\/www.webdo.tn\/fr\/#\/schema\/logo\/image\/"},"sameAs":["https:\/\/www.facebook.com\/webdotn","https:\/\/x.com\/webdo_tn"],"description":"Webdo est un m\u00e9dia num\u00e9rique tunisien fond\u00e9 en 2010, sp\u00e9cialis\u00e9 dans l\u2019actualit\u00e9 nationale et internationale, l\u2019\u00e9conomie, la soci\u00e9t\u00e9 et les analyses politiques. Le site s\u2019adresse \u00e0 un large public francophone et couvre l\u2019information tunisienne en temps r\u00e9el.","email":"redac@webdo.tn","legalName":"YNJ SARL","foundingDate":"2010-09-06","numberOfEmployees":{"@type":"QuantitativeValue","minValue":"11","maxValue":"50"}},{"@type":"Person","@id":"https:\/\/www.webdo.tn\/fr\/#\/schema\/person\/f35b42a42c5e2511bbd282959d6385cc","name":"CL","image":{"@type":"ImageObject","inLanguage":"fr-FR","@id":"https:\/\/secure.gravatar.com\/avatar\/1447a49909b67aa657c488aec6512e1dd6143a480c1ecfee9b5b5cd74eb3b59e?s=96&d=mm&r=g","url":"https:\/\/secure.gravatar.com\/avatar\/1447a49909b67aa657c488aec6512e1dd6143a480c1ecfee9b5b5cd74eb3b59e?s=96&d=mm&r=g","contentUrl":"https:\/\/secure.gravatar.com\/avatar\/1447a49909b67aa657c488aec6512e1dd6143a480c1ecfee9b5b5cd74eb3b59e?s=96&d=mm&r=g","caption":"CL"},"url":"https:\/\/www.webdo.tn\/fr\/actualite\/author\/cl\/"}]}},"_links":{"self":[{"href":"https:\/\/www.webdo.tn\/fr\/wp-json\/wp\/v2\/posts\/210087","targetHints":{"allow":["GET"]}}],"collection":[{"href":"https:\/\/www.webdo.tn\/fr\/wp-json\/wp\/v2\/posts"}],"about":[{"href":"https:\/\/www.webdo.tn\/fr\/wp-json\/wp\/v2\/types\/post"}],"author":[{"embeddable":true,"href":"https:\/\/www.webdo.tn\/fr\/wp-json\/wp\/v2\/users\/3175"}],"replies":[{"embeddable":true,"href":"https:\/\/www.webdo.tn\/fr\/wp-json\/wp\/v2\/comments?post=210087"}],"version-history":[{"count":0,"href":"https:\/\/www.webdo.tn\/fr\/wp-json\/wp\/v2\/posts\/210087\/revisions"}],"wp:featuredmedia":[{"embeddable":true,"href":"https:\/\/www.webdo.tn\/fr\/wp-json\/wp\/v2\/media\/289852"}],"wp:attachment":[{"href":"https:\/\/www.webdo.tn\/fr\/wp-json\/wp\/v2\/media?parent=210087"}],"wp:term":[{"taxonomy":"category","embeddable":true,"href":"https:\/\/www.webdo.tn\/fr\/wp-json\/wp\/v2\/categories?post=210087"},{"taxonomy":"post_tag","embeddable":true,"href":"https:\/\/www.webdo.tn\/fr\/wp-json\/wp\/v2\/tags?post=210087"}],"curies":[{"name":"wp","href":"https:\/\/api.w.org\/{rel}","templated":true}]}}