{"id":210086,"date":"2023-11-13T18:14:00","date_gmt":"2023-11-13T18:14:00","guid":{"rendered":"https:\/\/www.webdo.tn\/fr\/blog\/le-ministere-des-tic-met-en-garde-contre-des-campagnes-d-attaque-par-phishing\/210086\/"},"modified":"2025-05-20T22:52:23","modified_gmt":"2025-05-20T22:52:23","slug":"le-ministere-des-tic-met-en-garde-contre-des-campagnes-d-attaque-par-phishing","status":"publish","type":"post","link":"https:\/\/www.webdo.tn\/fr\/actualite\/national\/le-ministere-des-tic-met-en-garde-contre-des-campagnes-d-attaque-par-phishing\/210086\/","title":{"rendered":"Le minist\u00e8re des TIC met en garde contre des campagnes d\u2019attaque par Phishing"},"content":{"rendered":"<p>Le minist\u00e8re des Technologies de la communication a mis en garde, lundi 13 novembre 2023, contre des campagnes d\u2019attaque par le biais de Phishing qui ciblent des pages des minist\u00e8res, et des institutions publiques et priv\u00e9es.<\/p>\n<p>\t\t\t\t\t\t\t\t\tEt d\u2019expliquer dans un communiqu\u00e9 rendu public, que des pages malveillantes envoient des fausses alertes accompagn\u00e9es de liens pour informer les administrateurs que le contenu de leurs pages a \u00e9t\u00e9 supprim\u00e9. Le d\u00e9partement des technologies a appel\u00e9 les administrateurs des pages officielles sur les r\u00e9seaux sociaux \u00e0 la vigilance et \u00e0 s\u2019abstenir de cliquer sur les liens provenant de pages suspectes et non conformes.\u00a0\u00bb Le contenu de ces pages menace la s\u00e9curit\u00e9 informatique des institutions et des soci\u00e9t\u00e9s \u00ab\u00a0, a encore pr\u00e9cis\u00e9 le minist\u00e8re des technologies.<\/p>\n<p>Un num\u00e9ro est disponible :71846020 pour avoir plus de renseignements ou de pr\u00e9cisons.\u00a0\u00bb Si vous cliquez sur un lien malveillant, il est n\u00e9cessaire de contacter l\u2019\u00e9quipe technique sur l\u2019adresse \u00e9lectronique :[email\u00a0protected] \u00ab\u00a0, a ajout\u00e9 la m\u00eame source.<\/p>\n","protected":false},"excerpt":{"rendered":"<p>Le minist\u00e8re des Technologies de la communication a mis en garde, lundi 13 novembre 2023, contre des campagnes d\u2019attaque par le biais de Phishing qui ciblent de&#8230;<\/p>\n","protected":false},"author":3175,"featured_media":289853,"comment_status":"open","ping_status":"closed","sticky":false,"template":"","format":"standard","meta":{"footnotes":""},"categories":[44],"tags":[7368,4145,2608],"class_list":["post-210086","post","type-post","status-publish","format-standard","has-post-thumbnail","hentry","category-national","tag-attaques","tag-cybersecurite","tag-tunisie"],"yoast_head":"<!-- This site is optimized with the Yoast SEO Premium plugin v27.5 (Yoast SEO v27.5) - https:\/\/yoast.com\/product\/yoast-seo-premium-wordpress\/ -->\n<title>Le minist\u00e8re des TIC met en garde contre des campagnes d\u2019attaque par Phishing<\/title>\n<meta name=\"description\" content=\"Le minist\u00e8re des Technologies de la communication a mis en garde, lundi 13 novembre 2023, contre des campagnes d\u2019attaque par le biais de Phishing qui ciblent de...\" \/>\n<link rel=\"canonical\" href=\"https:\/\/www.webdo.tn\/fr\/actualite\/national\/le-ministere-des-tic-met-en-garde-contre-des-campagnes-d-attaque-par-phishing\/210086\/\" \/>\n<meta property=\"og:locale\" content=\"fr_FR\" \/>\n<meta property=\"og:type\" content=\"article\" \/>\n<meta property=\"og:title\" content=\"Le minist\u00e8re des TIC met en garde contre des campagnes d\u2019attaque par Phishing\" \/>\n<meta property=\"og:description\" content=\"Le minist\u00e8re des Technologies de la communication a mis en garde, lundi 13 novembre 2023, contre des campagnes d\u2019attaque par le biais de Phishing qui ciblent de...\" \/>\n<meta property=\"og:url\" content=\"https:\/\/www.webdo.tn\/fr\/actualite\/national\/le-ministere-des-tic-met-en-garde-contre-des-campagnes-d-attaque-par-phishing\/210086\/\" \/>\n<meta property=\"og:site_name\" content=\"webdo\" \/>\n<meta property=\"article:publisher\" content=\"https:\/\/www.facebook.com\/webdotn\" \/>\n<meta property=\"article:published_time\" content=\"2023-11-13T18:14:00+00:00\" \/>\n<meta property=\"article:modified_time\" content=\"2025-05-20T22:52:23+00:00\" \/>\n<meta property=\"og:image\" content=\"https:\/\/www.webdo.tn\/fr\/wp-content\/uploads\/2023\/11\/4d268e90464f5c1b1bd27c09bde4a5c5.png\" \/>\n\t<meta property=\"og:image:width\" content=\"750\" \/>\n\t<meta property=\"og:image:height\" content=\"400\" \/>\n\t<meta property=\"og:image:type\" content=\"image\/png\" \/>\n<meta name=\"author\" content=\"CL\" \/>\n<meta name=\"twitter:card\" content=\"summary_large_image\" \/>\n<meta name=\"twitter:creator\" content=\"@webdo_tn\" \/>\n<meta name=\"twitter:site\" content=\"@webdo_tn\" \/>\n<meta name=\"twitter:label1\" content=\"\u00c9crit par\" \/>\n\t<meta name=\"twitter:data1\" content=\"CL\" \/>\n\t<meta name=\"twitter:label2\" content=\"Dur\u00e9e de lecture estim\u00e9e\" \/>\n\t<meta name=\"twitter:data2\" content=\"1 minute\" \/>\n<script type=\"application\/ld+json\" class=\"yoast-schema-graph\">{\"@context\":\"https:\\\/\\\/schema.org\",\"@graph\":[{\"@type\":\"NewsArticle\",\"@id\":\"https:\\\/\\\/www.webdo.tn\\\/fr\\\/actualite\\\/national\\\/le-ministere-des-tic-met-en-garde-contre-des-campagnes-d-attaque-par-phishing\\\/210086\\\/#article\",\"isPartOf\":{\"@id\":\"https:\\\/\\\/www.webdo.tn\\\/fr\\\/actualite\\\/national\\\/le-ministere-des-tic-met-en-garde-contre-des-campagnes-d-attaque-par-phishing\\\/210086\\\/\"},\"author\":{\"name\":\"CL\",\"@id\":\"https:\\\/\\\/www.webdo.tn\\\/fr\\\/#\\\/schema\\\/person\\\/f35b42a42c5e2511bbd282959d6385cc\"},\"headline\":\"Le minist\u00e8re des TIC met en garde contre des campagnes d\u2019attaque par Phishing\",\"datePublished\":\"2023-11-13T18:14:00+00:00\",\"dateModified\":\"2025-05-20T22:52:23+00:00\",\"mainEntityOfPage\":{\"@id\":\"https:\\\/\\\/www.webdo.tn\\\/fr\\\/actualite\\\/national\\\/le-ministere-des-tic-met-en-garde-contre-des-campagnes-d-attaque-par-phishing\\\/210086\\\/\"},\"wordCount\":188,\"commentCount\":0,\"publisher\":{\"@id\":\"https:\\\/\\\/www.webdo.tn\\\/fr\\\/#organization\"},\"image\":{\"@id\":\"https:\\\/\\\/www.webdo.tn\\\/fr\\\/actualite\\\/national\\\/le-ministere-des-tic-met-en-garde-contre-des-campagnes-d-attaque-par-phishing\\\/210086\\\/#primaryimage\"},\"thumbnailUrl\":\"https:\\\/\\\/www.webdo.tn\\\/fr\\\/wp-content\\\/uploads\\\/2023\\\/11\\\/4d268e90464f5c1b1bd27c09bde4a5c5.png\",\"keywords\":[\"Attaques\",\"cybers\u00e9curit\u00e9\",\"Tunisie\"],\"articleSection\":[\"National\"],\"inLanguage\":\"fr-FR\"},{\"@type\":\"WebPage\",\"@id\":\"https:\\\/\\\/www.webdo.tn\\\/fr\\\/actualite\\\/national\\\/le-ministere-des-tic-met-en-garde-contre-des-campagnes-d-attaque-par-phishing\\\/210086\\\/\",\"url\":\"https:\\\/\\\/www.webdo.tn\\\/fr\\\/actualite\\\/national\\\/le-ministere-des-tic-met-en-garde-contre-des-campagnes-d-attaque-par-phishing\\\/210086\\\/\",\"name\":\"Le minist\u00e8re des TIC met en garde contre des campagnes d\u2019attaque par Phishing\",\"isPartOf\":{\"@id\":\"https:\\\/\\\/www.webdo.tn\\\/fr\\\/#website\"},\"primaryImageOfPage\":{\"@id\":\"https:\\\/\\\/www.webdo.tn\\\/fr\\\/actualite\\\/national\\\/le-ministere-des-tic-met-en-garde-contre-des-campagnes-d-attaque-par-phishing\\\/210086\\\/#primaryimage\"},\"image\":{\"@id\":\"https:\\\/\\\/www.webdo.tn\\\/fr\\\/actualite\\\/national\\\/le-ministere-des-tic-met-en-garde-contre-des-campagnes-d-attaque-par-phishing\\\/210086\\\/#primaryimage\"},\"thumbnailUrl\":\"https:\\\/\\\/www.webdo.tn\\\/fr\\\/wp-content\\\/uploads\\\/2023\\\/11\\\/4d268e90464f5c1b1bd27c09bde4a5c5.png\",\"datePublished\":\"2023-11-13T18:14:00+00:00\",\"dateModified\":\"2025-05-20T22:52:23+00:00\",\"description\":\"Le minist\u00e8re des Technologies de la communication a mis en garde, lundi 13 novembre 2023, contre des campagnes d\u2019attaque par le biais de Phishing qui ciblent de...\",\"breadcrumb\":{\"@id\":\"https:\\\/\\\/www.webdo.tn\\\/fr\\\/actualite\\\/national\\\/le-ministere-des-tic-met-en-garde-contre-des-campagnes-d-attaque-par-phishing\\\/210086\\\/#breadcrumb\"},\"inLanguage\":\"fr-FR\",\"potentialAction\":[{\"@type\":\"ReadAction\",\"target\":[\"https:\\\/\\\/www.webdo.tn\\\/fr\\\/actualite\\\/national\\\/le-ministere-des-tic-met-en-garde-contre-des-campagnes-d-attaque-par-phishing\\\/210086\\\/\"]}]},{\"@type\":\"ImageObject\",\"inLanguage\":\"fr-FR\",\"@id\":\"https:\\\/\\\/www.webdo.tn\\\/fr\\\/actualite\\\/national\\\/le-ministere-des-tic-met-en-garde-contre-des-campagnes-d-attaque-par-phishing\\\/210086\\\/#primaryimage\",\"url\":\"https:\\\/\\\/www.webdo.tn\\\/fr\\\/wp-content\\\/uploads\\\/2023\\\/11\\\/4d268e90464f5c1b1bd27c09bde4a5c5.png\",\"contentUrl\":\"https:\\\/\\\/www.webdo.tn\\\/fr\\\/wp-content\\\/uploads\\\/2023\\\/11\\\/4d268e90464f5c1b1bd27c09bde4a5c5.png\",\"width\":750,\"height\":400,\"caption\":\"Le minist\u00e8re des TIC met en garde contre des campagnes d\u2019attaque par Phishing\"},{\"@type\":\"BreadcrumbList\",\"@id\":\"https:\\\/\\\/www.webdo.tn\\\/fr\\\/actualite\\\/national\\\/le-ministere-des-tic-met-en-garde-contre-des-campagnes-d-attaque-par-phishing\\\/210086\\\/#breadcrumb\",\"itemListElement\":[{\"@type\":\"ListItem\",\"position\":1,\"name\":\"Accueil\",\"item\":\"https:\\\/\\\/www.webdo.tn\\\/fr\\\/\"},{\"@type\":\"ListItem\",\"position\":2,\"name\":\"Le minist\u00e8re des TIC met en garde contre des campagnes d\u2019attaque par Phishing\"}]},{\"@type\":\"WebSite\",\"@id\":\"https:\\\/\\\/www.webdo.tn\\\/fr\\\/#website\",\"url\":\"https:\\\/\\\/www.webdo.tn\\\/fr\\\/\",\"name\":\"webdo\",\"description\":\"Tunisie - News en Tunisie et \u00e0 l&#039;international sur Webdo.tn\",\"publisher\":{\"@id\":\"https:\\\/\\\/www.webdo.tn\\\/fr\\\/#organization\"},\"potentialAction\":[{\"@type\":\"SearchAction\",\"target\":{\"@type\":\"EntryPoint\",\"urlTemplate\":\"https:\\\/\\\/www.webdo.tn\\\/fr\\\/?s={search_term_string}\"},\"query-input\":{\"@type\":\"PropertyValueSpecification\",\"valueRequired\":true,\"valueName\":\"search_term_string\"}}],\"inLanguage\":\"fr-FR\"},{\"@type\":\"Organization\",\"@id\":\"https:\\\/\\\/www.webdo.tn\\\/fr\\\/#organization\",\"name\":\"Webdo\",\"alternateName\":\"Webdo.tn\",\"url\":\"https:\\\/\\\/www.webdo.tn\\\/fr\\\/\",\"logo\":{\"@type\":\"ImageObject\",\"inLanguage\":\"fr-FR\",\"@id\":\"https:\\\/\\\/www.webdo.tn\\\/fr\\\/#\\\/schema\\\/logo\\\/image\\\/\",\"url\":\"https:\\\/\\\/www.webdo.tn\\\/fr\\\/wp-content\\\/uploads\\\/2025\\\/06\\\/Webdo-Tunisie_168377.jpg\",\"contentUrl\":\"https:\\\/\\\/www.webdo.tn\\\/fr\\\/wp-content\\\/uploads\\\/2025\\\/06\\\/Webdo-Tunisie_168377.jpg\",\"width\":301,\"height\":301,\"caption\":\"Webdo\"},\"image\":{\"@id\":\"https:\\\/\\\/www.webdo.tn\\\/fr\\\/#\\\/schema\\\/logo\\\/image\\\/\"},\"sameAs\":[\"https:\\\/\\\/www.facebook.com\\\/webdotn\",\"https:\\\/\\\/x.com\\\/webdo_tn\"],\"description\":\"Webdo est un m\u00e9dia num\u00e9rique tunisien fond\u00e9 en 2010, sp\u00e9cialis\u00e9 dans l\u2019actualit\u00e9 nationale et internationale, l\u2019\u00e9conomie, la soci\u00e9t\u00e9 et les analyses politiques. Le site s\u2019adresse \u00e0 un large public francophone et couvre l\u2019information tunisienne en temps r\u00e9el.\",\"email\":\"redac@webdo.tn\",\"legalName\":\"YNJ SARL\",\"foundingDate\":\"2010-09-06\",\"numberOfEmployees\":{\"@type\":\"QuantitativeValue\",\"minValue\":\"11\",\"maxValue\":\"50\"}},{\"@type\":\"Person\",\"@id\":\"https:\\\/\\\/www.webdo.tn\\\/fr\\\/#\\\/schema\\\/person\\\/f35b42a42c5e2511bbd282959d6385cc\",\"name\":\"CL\",\"image\":{\"@type\":\"ImageObject\",\"inLanguage\":\"fr-FR\",\"@id\":\"https:\\\/\\\/secure.gravatar.com\\\/avatar\\\/1447a49909b67aa657c488aec6512e1dd6143a480c1ecfee9b5b5cd74eb3b59e?s=96&d=mm&r=g\",\"url\":\"https:\\\/\\\/secure.gravatar.com\\\/avatar\\\/1447a49909b67aa657c488aec6512e1dd6143a480c1ecfee9b5b5cd74eb3b59e?s=96&d=mm&r=g\",\"contentUrl\":\"https:\\\/\\\/secure.gravatar.com\\\/avatar\\\/1447a49909b67aa657c488aec6512e1dd6143a480c1ecfee9b5b5cd74eb3b59e?s=96&d=mm&r=g\",\"caption\":\"CL\"},\"url\":\"https:\\\/\\\/www.webdo.tn\\\/fr\\\/actualite\\\/author\\\/cl\\\/\"}]}<\/script>\n<!-- \/ Yoast SEO Premium plugin. -->","yoast_head_json":{"title":"Le minist\u00e8re des TIC met en garde contre des campagnes d\u2019attaque par Phishing","description":"Le minist\u00e8re des Technologies de la communication a mis en garde, lundi 13 novembre 2023, contre des campagnes d\u2019attaque par le biais de Phishing qui ciblent de...","canonical":"https:\/\/www.webdo.tn\/fr\/actualite\/national\/le-ministere-des-tic-met-en-garde-contre-des-campagnes-d-attaque-par-phishing\/210086\/","og_locale":"fr_FR","og_type":"article","og_title":"Le minist\u00e8re des TIC met en garde contre des campagnes d\u2019attaque par Phishing","og_description":"Le minist\u00e8re des Technologies de la communication a mis en garde, lundi 13 novembre 2023, contre des campagnes d\u2019attaque par le biais de Phishing qui ciblent de...","og_url":"https:\/\/www.webdo.tn\/fr\/actualite\/national\/le-ministere-des-tic-met-en-garde-contre-des-campagnes-d-attaque-par-phishing\/210086\/","og_site_name":"webdo","article_publisher":"https:\/\/www.facebook.com\/webdotn","article_published_time":"2023-11-13T18:14:00+00:00","article_modified_time":"2025-05-20T22:52:23+00:00","og_image":[{"width":750,"height":400,"url":"https:\/\/www.webdo.tn\/fr\/wp-content\/uploads\/2023\/11\/4d268e90464f5c1b1bd27c09bde4a5c5.png","type":"image\/png"}],"author":"CL","twitter_card":"summary_large_image","twitter_creator":"@webdo_tn","twitter_site":"@webdo_tn","twitter_misc":{"\u00c9crit par":"CL","Dur\u00e9e de lecture estim\u00e9e":"1 minute"},"schema":{"@context":"https:\/\/schema.org","@graph":[{"@type":"NewsArticle","@id":"https:\/\/www.webdo.tn\/fr\/actualite\/national\/le-ministere-des-tic-met-en-garde-contre-des-campagnes-d-attaque-par-phishing\/210086\/#article","isPartOf":{"@id":"https:\/\/www.webdo.tn\/fr\/actualite\/national\/le-ministere-des-tic-met-en-garde-contre-des-campagnes-d-attaque-par-phishing\/210086\/"},"author":{"name":"CL","@id":"https:\/\/www.webdo.tn\/fr\/#\/schema\/person\/f35b42a42c5e2511bbd282959d6385cc"},"headline":"Le minist\u00e8re des TIC met en garde contre des campagnes d\u2019attaque par Phishing","datePublished":"2023-11-13T18:14:00+00:00","dateModified":"2025-05-20T22:52:23+00:00","mainEntityOfPage":{"@id":"https:\/\/www.webdo.tn\/fr\/actualite\/national\/le-ministere-des-tic-met-en-garde-contre-des-campagnes-d-attaque-par-phishing\/210086\/"},"wordCount":188,"commentCount":0,"publisher":{"@id":"https:\/\/www.webdo.tn\/fr\/#organization"},"image":{"@id":"https:\/\/www.webdo.tn\/fr\/actualite\/national\/le-ministere-des-tic-met-en-garde-contre-des-campagnes-d-attaque-par-phishing\/210086\/#primaryimage"},"thumbnailUrl":"https:\/\/www.webdo.tn\/fr\/wp-content\/uploads\/2023\/11\/4d268e90464f5c1b1bd27c09bde4a5c5.png","keywords":["Attaques","cybers\u00e9curit\u00e9","Tunisie"],"articleSection":["National"],"inLanguage":"fr-FR"},{"@type":"WebPage","@id":"https:\/\/www.webdo.tn\/fr\/actualite\/national\/le-ministere-des-tic-met-en-garde-contre-des-campagnes-d-attaque-par-phishing\/210086\/","url":"https:\/\/www.webdo.tn\/fr\/actualite\/national\/le-ministere-des-tic-met-en-garde-contre-des-campagnes-d-attaque-par-phishing\/210086\/","name":"Le minist\u00e8re des TIC met en garde contre des campagnes d\u2019attaque par Phishing","isPartOf":{"@id":"https:\/\/www.webdo.tn\/fr\/#website"},"primaryImageOfPage":{"@id":"https:\/\/www.webdo.tn\/fr\/actualite\/national\/le-ministere-des-tic-met-en-garde-contre-des-campagnes-d-attaque-par-phishing\/210086\/#primaryimage"},"image":{"@id":"https:\/\/www.webdo.tn\/fr\/actualite\/national\/le-ministere-des-tic-met-en-garde-contre-des-campagnes-d-attaque-par-phishing\/210086\/#primaryimage"},"thumbnailUrl":"https:\/\/www.webdo.tn\/fr\/wp-content\/uploads\/2023\/11\/4d268e90464f5c1b1bd27c09bde4a5c5.png","datePublished":"2023-11-13T18:14:00+00:00","dateModified":"2025-05-20T22:52:23+00:00","description":"Le minist\u00e8re des Technologies de la communication a mis en garde, lundi 13 novembre 2023, contre des campagnes d\u2019attaque par le biais de Phishing qui ciblent de...","breadcrumb":{"@id":"https:\/\/www.webdo.tn\/fr\/actualite\/national\/le-ministere-des-tic-met-en-garde-contre-des-campagnes-d-attaque-par-phishing\/210086\/#breadcrumb"},"inLanguage":"fr-FR","potentialAction":[{"@type":"ReadAction","target":["https:\/\/www.webdo.tn\/fr\/actualite\/national\/le-ministere-des-tic-met-en-garde-contre-des-campagnes-d-attaque-par-phishing\/210086\/"]}]},{"@type":"ImageObject","inLanguage":"fr-FR","@id":"https:\/\/www.webdo.tn\/fr\/actualite\/national\/le-ministere-des-tic-met-en-garde-contre-des-campagnes-d-attaque-par-phishing\/210086\/#primaryimage","url":"https:\/\/www.webdo.tn\/fr\/wp-content\/uploads\/2023\/11\/4d268e90464f5c1b1bd27c09bde4a5c5.png","contentUrl":"https:\/\/www.webdo.tn\/fr\/wp-content\/uploads\/2023\/11\/4d268e90464f5c1b1bd27c09bde4a5c5.png","width":750,"height":400,"caption":"Le minist\u00e8re des TIC met en garde contre des campagnes d\u2019attaque par Phishing"},{"@type":"BreadcrumbList","@id":"https:\/\/www.webdo.tn\/fr\/actualite\/national\/le-ministere-des-tic-met-en-garde-contre-des-campagnes-d-attaque-par-phishing\/210086\/#breadcrumb","itemListElement":[{"@type":"ListItem","position":1,"name":"Accueil","item":"https:\/\/www.webdo.tn\/fr\/"},{"@type":"ListItem","position":2,"name":"Le minist\u00e8re des TIC met en garde contre des campagnes d\u2019attaque par Phishing"}]},{"@type":"WebSite","@id":"https:\/\/www.webdo.tn\/fr\/#website","url":"https:\/\/www.webdo.tn\/fr\/","name":"webdo","description":"Tunisie - News en Tunisie et \u00e0 l&#039;international sur Webdo.tn","publisher":{"@id":"https:\/\/www.webdo.tn\/fr\/#organization"},"potentialAction":[{"@type":"SearchAction","target":{"@type":"EntryPoint","urlTemplate":"https:\/\/www.webdo.tn\/fr\/?s={search_term_string}"},"query-input":{"@type":"PropertyValueSpecification","valueRequired":true,"valueName":"search_term_string"}}],"inLanguage":"fr-FR"},{"@type":"Organization","@id":"https:\/\/www.webdo.tn\/fr\/#organization","name":"Webdo","alternateName":"Webdo.tn","url":"https:\/\/www.webdo.tn\/fr\/","logo":{"@type":"ImageObject","inLanguage":"fr-FR","@id":"https:\/\/www.webdo.tn\/fr\/#\/schema\/logo\/image\/","url":"https:\/\/www.webdo.tn\/fr\/wp-content\/uploads\/2025\/06\/Webdo-Tunisie_168377.jpg","contentUrl":"https:\/\/www.webdo.tn\/fr\/wp-content\/uploads\/2025\/06\/Webdo-Tunisie_168377.jpg","width":301,"height":301,"caption":"Webdo"},"image":{"@id":"https:\/\/www.webdo.tn\/fr\/#\/schema\/logo\/image\/"},"sameAs":["https:\/\/www.facebook.com\/webdotn","https:\/\/x.com\/webdo_tn"],"description":"Webdo est un m\u00e9dia num\u00e9rique tunisien fond\u00e9 en 2010, sp\u00e9cialis\u00e9 dans l\u2019actualit\u00e9 nationale et internationale, l\u2019\u00e9conomie, la soci\u00e9t\u00e9 et les analyses politiques. Le site s\u2019adresse \u00e0 un large public francophone et couvre l\u2019information tunisienne en temps r\u00e9el.","email":"redac@webdo.tn","legalName":"YNJ SARL","foundingDate":"2010-09-06","numberOfEmployees":{"@type":"QuantitativeValue","minValue":"11","maxValue":"50"}},{"@type":"Person","@id":"https:\/\/www.webdo.tn\/fr\/#\/schema\/person\/f35b42a42c5e2511bbd282959d6385cc","name":"CL","image":{"@type":"ImageObject","inLanguage":"fr-FR","@id":"https:\/\/secure.gravatar.com\/avatar\/1447a49909b67aa657c488aec6512e1dd6143a480c1ecfee9b5b5cd74eb3b59e?s=96&d=mm&r=g","url":"https:\/\/secure.gravatar.com\/avatar\/1447a49909b67aa657c488aec6512e1dd6143a480c1ecfee9b5b5cd74eb3b59e?s=96&d=mm&r=g","contentUrl":"https:\/\/secure.gravatar.com\/avatar\/1447a49909b67aa657c488aec6512e1dd6143a480c1ecfee9b5b5cd74eb3b59e?s=96&d=mm&r=g","caption":"CL"},"url":"https:\/\/www.webdo.tn\/fr\/actualite\/author\/cl\/"}]}},"_links":{"self":[{"href":"https:\/\/www.webdo.tn\/fr\/wp-json\/wp\/v2\/posts\/210086","targetHints":{"allow":["GET"]}}],"collection":[{"href":"https:\/\/www.webdo.tn\/fr\/wp-json\/wp\/v2\/posts"}],"about":[{"href":"https:\/\/www.webdo.tn\/fr\/wp-json\/wp\/v2\/types\/post"}],"author":[{"embeddable":true,"href":"https:\/\/www.webdo.tn\/fr\/wp-json\/wp\/v2\/users\/3175"}],"replies":[{"embeddable":true,"href":"https:\/\/www.webdo.tn\/fr\/wp-json\/wp\/v2\/comments?post=210086"}],"version-history":[{"count":0,"href":"https:\/\/www.webdo.tn\/fr\/wp-json\/wp\/v2\/posts\/210086\/revisions"}],"wp:featuredmedia":[{"embeddable":true,"href":"https:\/\/www.webdo.tn\/fr\/wp-json\/wp\/v2\/media\/289853"}],"wp:attachment":[{"href":"https:\/\/www.webdo.tn\/fr\/wp-json\/wp\/v2\/media?parent=210086"}],"wp:term":[{"taxonomy":"category","embeddable":true,"href":"https:\/\/www.webdo.tn\/fr\/wp-json\/wp\/v2\/categories?post=210086"},{"taxonomy":"post_tag","embeddable":true,"href":"https:\/\/www.webdo.tn\/fr\/wp-json\/wp\/v2\/tags?post=210086"}],"curies":[{"name":"wp","href":"https:\/\/api.w.org\/{rel}","templated":true}]}}