{"id":210083,"date":"2023-11-13T14:52:00","date_gmt":"2023-11-13T14:52:00","guid":{"rendered":"https:\/\/www.webdo.tn\/fr\/blog\/appel-d-offres-tunisien-pour-l-achat-de-50-mille-tonnes-de-ble-dur\/210083\/"},"modified":"2025-05-20T21:55:48","modified_gmt":"2025-05-20T21:55:48","slug":"appel-d-offres-tunisien-pour-l-achat-de-50-mille-tonnes-de-ble-dur","status":"publish","type":"post","link":"https:\/\/www.webdo.tn\/fr\/actualite\/national\/appel-d-offres-tunisien-pour-l-achat-de-50-mille-tonnes-de-ble-dur\/210083\/","title":{"rendered":"Appel d\u2019offres tunisien pour l\u2019achat de 50 mille tonnes de bl\u00e9 dur"},"content":{"rendered":"<p>L\u2019office tunisien des c\u00e9r\u00e9ales a lanc\u00e9 un appel d\u2019offres international pour l\u2019achat de 50 mille tonnes de bl\u00e9 dur.<\/p>\n<p>\t\t\t\t\t\t\t\t\tLa date limite de soumission des offres de prix dans le cadre de l\u2019appel d\u2019offres est fix\u00e9e au mardi 14 novembre 2023, selon des n\u00e9gociants europ\u00e9ens et l\u2019exp\u00e9dition est pr\u00e9vue entre le 25 novembre et le 20 d\u00e9cembre.<\/p>\n<p>Le financement de cet achat sera assur\u00e9 par la Banque africaine de d\u00e9veloppement (BAD).<\/p>\n","protected":false},"excerpt":{"rendered":"<p>L\u2019office tunisien des c\u00e9r\u00e9ales a lanc\u00e9 un appel d\u2019offres international pour l\u2019achat de 50 mille tonnes de bl\u00e9 dur.<\/p>\n","protected":false},"author":3162,"featured_media":248802,"comment_status":"open","ping_status":"closed","sticky":false,"template":"","format":"standard","meta":{"footnotes":""},"categories":[44],"tags":[3628,2686,7569],"class_list":["post-210083","post","type-post","status-publish","format-standard","has-post-thumbnail","hentry","category-national","tag-appel-doffres","tag-bad","tag-ble-dur"],"yoast_head":"<!-- This site is optimized with the Yoast SEO Premium plugin v27.5 (Yoast SEO v27.5) - https:\/\/yoast.com\/product\/yoast-seo-premium-wordpress\/ -->\n<title>Appel d\u2019offres tunisien pour l\u2019achat de 50 mille tonnes de bl\u00e9 dur<\/title>\n<meta name=\"description\" content=\"L\u2019office tunisien des c\u00e9r\u00e9ales a lanc\u00e9 un appel d\u2019offres international pour l\u2019achat de 50 mille tonnes de bl\u00e9 dur.\" \/>\n<link rel=\"canonical\" href=\"https:\/\/www.webdo.tn\/fr\/actualite\/national\/appel-d-offres-tunisien-pour-l-achat-de-50-mille-tonnes-de-ble-dur\/210083\/\" \/>\n<meta property=\"og:locale\" content=\"fr_FR\" \/>\n<meta property=\"og:type\" content=\"article\" \/>\n<meta property=\"og:title\" content=\"Appel d\u2019offres tunisien pour l\u2019achat de 50 mille tonnes de bl\u00e9 dur\" \/>\n<meta property=\"og:description\" content=\"L\u2019office tunisien des c\u00e9r\u00e9ales a lanc\u00e9 un appel d\u2019offres international pour l\u2019achat de 50 mille tonnes de bl\u00e9 dur.\" \/>\n<meta property=\"og:url\" content=\"https:\/\/www.webdo.tn\/fr\/actualite\/national\/appel-d-offres-tunisien-pour-l-achat-de-50-mille-tonnes-de-ble-dur\/210083\/\" \/>\n<meta property=\"og:site_name\" content=\"webdo\" \/>\n<meta property=\"article:publisher\" content=\"https:\/\/www.facebook.com\/webdotn\" \/>\n<meta property=\"article:published_time\" content=\"2023-11-13T14:52:00+00:00\" \/>\n<meta property=\"article:modified_time\" content=\"2025-05-20T21:55:48+00:00\" \/>\n<meta property=\"og:image\" content=\"https:\/\/www.webdo.tn\/fr\/wp-content\/uploads\/2023\/11\/843ce762b3f82b9026bfc6ae35387e76.jpg\" \/>\n\t<meta property=\"og:image:width\" content=\"582\" \/>\n\t<meta property=\"og:image:height\" content=\"310\" \/>\n\t<meta property=\"og:image:type\" content=\"image\/jpeg\" \/>\n<meta name=\"author\" content=\"MC\" \/>\n<meta name=\"twitter:card\" content=\"summary_large_image\" \/>\n<meta name=\"twitter:creator\" content=\"@webdo_tn\" \/>\n<meta name=\"twitter:site\" content=\"@webdo_tn\" \/>\n<meta name=\"twitter:label1\" content=\"\u00c9crit par\" \/>\n\t<meta name=\"twitter:data1\" content=\"MC\" \/>\n<script type=\"application\/ld+json\" class=\"yoast-schema-graph\">{\"@context\":\"https:\\\/\\\/schema.org\",\"@graph\":[{\"@type\":\"NewsArticle\",\"@id\":\"https:\\\/\\\/www.webdo.tn\\\/fr\\\/actualite\\\/national\\\/appel-d-offres-tunisien-pour-l-achat-de-50-mille-tonnes-de-ble-dur\\\/210083\\\/#article\",\"isPartOf\":{\"@id\":\"https:\\\/\\\/www.webdo.tn\\\/fr\\\/actualite\\\/national\\\/appel-d-offres-tunisien-pour-l-achat-de-50-mille-tonnes-de-ble-dur\\\/210083\\\/\"},\"author\":{\"name\":\"MC\",\"@id\":\"https:\\\/\\\/www.webdo.tn\\\/fr\\\/#\\\/schema\\\/person\\\/2c4929cbf5a809e3bd38617c6ce150f6\"},\"headline\":\"Appel d\u2019offres tunisien pour l\u2019achat de 50 mille tonnes de bl\u00e9 dur\",\"datePublished\":\"2023-11-13T14:52:00+00:00\",\"dateModified\":\"2025-05-20T21:55:48+00:00\",\"mainEntityOfPage\":{\"@id\":\"https:\\\/\\\/www.webdo.tn\\\/fr\\\/actualite\\\/national\\\/appel-d-offres-tunisien-pour-l-achat-de-50-mille-tonnes-de-ble-dur\\\/210083\\\/\"},\"wordCount\":94,\"commentCount\":0,\"publisher\":{\"@id\":\"https:\\\/\\\/www.webdo.tn\\\/fr\\\/#organization\"},\"image\":{\"@id\":\"https:\\\/\\\/www.webdo.tn\\\/fr\\\/actualite\\\/national\\\/appel-d-offres-tunisien-pour-l-achat-de-50-mille-tonnes-de-ble-dur\\\/210083\\\/#primaryimage\"},\"thumbnailUrl\":\"https:\\\/\\\/www.webdo.tn\\\/fr\\\/wp-content\\\/uploads\\\/2023\\\/11\\\/843ce762b3f82b9026bfc6ae35387e76.jpg\",\"keywords\":[\"appel d'offres\",\"BAD\",\"bl\u00e9 dur\"],\"articleSection\":[\"National\"],\"inLanguage\":\"fr-FR\"},{\"@type\":\"WebPage\",\"@id\":\"https:\\\/\\\/www.webdo.tn\\\/fr\\\/actualite\\\/national\\\/appel-d-offres-tunisien-pour-l-achat-de-50-mille-tonnes-de-ble-dur\\\/210083\\\/\",\"url\":\"https:\\\/\\\/www.webdo.tn\\\/fr\\\/actualite\\\/national\\\/appel-d-offres-tunisien-pour-l-achat-de-50-mille-tonnes-de-ble-dur\\\/210083\\\/\",\"name\":\"Appel d\u2019offres tunisien pour l\u2019achat de 50 mille tonnes de bl\u00e9 dur\",\"isPartOf\":{\"@id\":\"https:\\\/\\\/www.webdo.tn\\\/fr\\\/#website\"},\"primaryImageOfPage\":{\"@id\":\"https:\\\/\\\/www.webdo.tn\\\/fr\\\/actualite\\\/national\\\/appel-d-offres-tunisien-pour-l-achat-de-50-mille-tonnes-de-ble-dur\\\/210083\\\/#primaryimage\"},\"image\":{\"@id\":\"https:\\\/\\\/www.webdo.tn\\\/fr\\\/actualite\\\/national\\\/appel-d-offres-tunisien-pour-l-achat-de-50-mille-tonnes-de-ble-dur\\\/210083\\\/#primaryimage\"},\"thumbnailUrl\":\"https:\\\/\\\/www.webdo.tn\\\/fr\\\/wp-content\\\/uploads\\\/2023\\\/11\\\/843ce762b3f82b9026bfc6ae35387e76.jpg\",\"datePublished\":\"2023-11-13T14:52:00+00:00\",\"dateModified\":\"2025-05-20T21:55:48+00:00\",\"description\":\"L\u2019office tunisien des c\u00e9r\u00e9ales a lanc\u00e9 un appel d\u2019offres international pour l\u2019achat de 50 mille tonnes de bl\u00e9 dur.\",\"breadcrumb\":{\"@id\":\"https:\\\/\\\/www.webdo.tn\\\/fr\\\/actualite\\\/national\\\/appel-d-offres-tunisien-pour-l-achat-de-50-mille-tonnes-de-ble-dur\\\/210083\\\/#breadcrumb\"},\"inLanguage\":\"fr-FR\",\"potentialAction\":[{\"@type\":\"ReadAction\",\"target\":[\"https:\\\/\\\/www.webdo.tn\\\/fr\\\/actualite\\\/national\\\/appel-d-offres-tunisien-pour-l-achat-de-50-mille-tonnes-de-ble-dur\\\/210083\\\/\"]}]},{\"@type\":\"ImageObject\",\"inLanguage\":\"fr-FR\",\"@id\":\"https:\\\/\\\/www.webdo.tn\\\/fr\\\/actualite\\\/national\\\/appel-d-offres-tunisien-pour-l-achat-de-50-mille-tonnes-de-ble-dur\\\/210083\\\/#primaryimage\",\"url\":\"https:\\\/\\\/www.webdo.tn\\\/fr\\\/wp-content\\\/uploads\\\/2023\\\/11\\\/843ce762b3f82b9026bfc6ae35387e76.jpg\",\"contentUrl\":\"https:\\\/\\\/www.webdo.tn\\\/fr\\\/wp-content\\\/uploads\\\/2023\\\/11\\\/843ce762b3f82b9026bfc6ae35387e76.jpg\",\"width\":582,\"height\":310,\"caption\":\"Appel d\u2019offres tunisien pour l\u2019achat de 50 mille tonnes de bl\u00e9 dur\"},{\"@type\":\"BreadcrumbList\",\"@id\":\"https:\\\/\\\/www.webdo.tn\\\/fr\\\/actualite\\\/national\\\/appel-d-offres-tunisien-pour-l-achat-de-50-mille-tonnes-de-ble-dur\\\/210083\\\/#breadcrumb\",\"itemListElement\":[{\"@type\":\"ListItem\",\"position\":1,\"name\":\"Accueil\",\"item\":\"https:\\\/\\\/www.webdo.tn\\\/fr\\\/\"},{\"@type\":\"ListItem\",\"position\":2,\"name\":\"Appel d\u2019offres tunisien pour l\u2019achat de 50 mille tonnes de bl\u00e9 dur\"}]},{\"@type\":\"WebSite\",\"@id\":\"https:\\\/\\\/www.webdo.tn\\\/fr\\\/#website\",\"url\":\"https:\\\/\\\/www.webdo.tn\\\/fr\\\/\",\"name\":\"webdo\",\"description\":\"Tunisie - News en Tunisie et \u00e0 l&#039;international sur Webdo.tn\",\"publisher\":{\"@id\":\"https:\\\/\\\/www.webdo.tn\\\/fr\\\/#organization\"},\"potentialAction\":[{\"@type\":\"SearchAction\",\"target\":{\"@type\":\"EntryPoint\",\"urlTemplate\":\"https:\\\/\\\/www.webdo.tn\\\/fr\\\/?s={search_term_string}\"},\"query-input\":{\"@type\":\"PropertyValueSpecification\",\"valueRequired\":true,\"valueName\":\"search_term_string\"}}],\"inLanguage\":\"fr-FR\"},{\"@type\":\"Organization\",\"@id\":\"https:\\\/\\\/www.webdo.tn\\\/fr\\\/#organization\",\"name\":\"Webdo\",\"alternateName\":\"Webdo.tn\",\"url\":\"https:\\\/\\\/www.webdo.tn\\\/fr\\\/\",\"logo\":{\"@type\":\"ImageObject\",\"inLanguage\":\"fr-FR\",\"@id\":\"https:\\\/\\\/www.webdo.tn\\\/fr\\\/#\\\/schema\\\/logo\\\/image\\\/\",\"url\":\"https:\\\/\\\/www.webdo.tn\\\/fr\\\/wp-content\\\/uploads\\\/2025\\\/06\\\/Webdo-Tunisie_168377.jpg\",\"contentUrl\":\"https:\\\/\\\/www.webdo.tn\\\/fr\\\/wp-content\\\/uploads\\\/2025\\\/06\\\/Webdo-Tunisie_168377.jpg\",\"width\":301,\"height\":301,\"caption\":\"Webdo\"},\"image\":{\"@id\":\"https:\\\/\\\/www.webdo.tn\\\/fr\\\/#\\\/schema\\\/logo\\\/image\\\/\"},\"sameAs\":[\"https:\\\/\\\/www.facebook.com\\\/webdotn\",\"https:\\\/\\\/x.com\\\/webdo_tn\"],\"description\":\"Webdo est un m\u00e9dia num\u00e9rique tunisien fond\u00e9 en 2010, sp\u00e9cialis\u00e9 dans l\u2019actualit\u00e9 nationale et internationale, l\u2019\u00e9conomie, la soci\u00e9t\u00e9 et les analyses politiques. Le site s\u2019adresse \u00e0 un large public francophone et couvre l\u2019information tunisienne en temps r\u00e9el.\",\"email\":\"redac@webdo.tn\",\"legalName\":\"YNJ SARL\",\"foundingDate\":\"2010-09-06\",\"numberOfEmployees\":{\"@type\":\"QuantitativeValue\",\"minValue\":\"11\",\"maxValue\":\"50\"}},{\"@type\":\"Person\",\"@id\":\"https:\\\/\\\/www.webdo.tn\\\/fr\\\/#\\\/schema\\\/person\\\/2c4929cbf5a809e3bd38617c6ce150f6\",\"name\":\"MC\",\"image\":{\"@type\":\"ImageObject\",\"inLanguage\":\"fr-FR\",\"@id\":\"https:\\\/\\\/secure.gravatar.com\\\/avatar\\\/a545bbb6f84efdd5553dbbc2895e3ca8f1d12c5215e00a041c9670b54aa9b18a?s=96&d=mm&r=g\",\"url\":\"https:\\\/\\\/secure.gravatar.com\\\/avatar\\\/a545bbb6f84efdd5553dbbc2895e3ca8f1d12c5215e00a041c9670b54aa9b18a?s=96&d=mm&r=g\",\"contentUrl\":\"https:\\\/\\\/secure.gravatar.com\\\/avatar\\\/a545bbb6f84efdd5553dbbc2895e3ca8f1d12c5215e00a041c9670b54aa9b18a?s=96&d=mm&r=g\",\"caption\":\"MC\"},\"url\":\"https:\\\/\\\/www.webdo.tn\\\/fr\\\/actualite\\\/author\\\/mc\\\/\"}]}<\/script>\n<!-- \/ Yoast SEO Premium plugin. -->","yoast_head_json":{"title":"Appel d\u2019offres tunisien pour l\u2019achat de 50 mille tonnes de bl\u00e9 dur","description":"L\u2019office tunisien des c\u00e9r\u00e9ales a lanc\u00e9 un appel d\u2019offres international pour l\u2019achat de 50 mille tonnes de bl\u00e9 dur.","canonical":"https:\/\/www.webdo.tn\/fr\/actualite\/national\/appel-d-offres-tunisien-pour-l-achat-de-50-mille-tonnes-de-ble-dur\/210083\/","og_locale":"fr_FR","og_type":"article","og_title":"Appel d\u2019offres tunisien pour l\u2019achat de 50 mille tonnes de bl\u00e9 dur","og_description":"L\u2019office tunisien des c\u00e9r\u00e9ales a lanc\u00e9 un appel d\u2019offres international pour l\u2019achat de 50 mille tonnes de bl\u00e9 dur.","og_url":"https:\/\/www.webdo.tn\/fr\/actualite\/national\/appel-d-offres-tunisien-pour-l-achat-de-50-mille-tonnes-de-ble-dur\/210083\/","og_site_name":"webdo","article_publisher":"https:\/\/www.facebook.com\/webdotn","article_published_time":"2023-11-13T14:52:00+00:00","article_modified_time":"2025-05-20T21:55:48+00:00","og_image":[{"width":582,"height":310,"url":"https:\/\/www.webdo.tn\/fr\/wp-content\/uploads\/2023\/11\/843ce762b3f82b9026bfc6ae35387e76.jpg","type":"image\/jpeg"}],"author":"MC","twitter_card":"summary_large_image","twitter_creator":"@webdo_tn","twitter_site":"@webdo_tn","twitter_misc":{"\u00c9crit par":"MC"},"schema":{"@context":"https:\/\/schema.org","@graph":[{"@type":"NewsArticle","@id":"https:\/\/www.webdo.tn\/fr\/actualite\/national\/appel-d-offres-tunisien-pour-l-achat-de-50-mille-tonnes-de-ble-dur\/210083\/#article","isPartOf":{"@id":"https:\/\/www.webdo.tn\/fr\/actualite\/national\/appel-d-offres-tunisien-pour-l-achat-de-50-mille-tonnes-de-ble-dur\/210083\/"},"author":{"name":"MC","@id":"https:\/\/www.webdo.tn\/fr\/#\/schema\/person\/2c4929cbf5a809e3bd38617c6ce150f6"},"headline":"Appel d\u2019offres tunisien pour l\u2019achat de 50 mille tonnes de bl\u00e9 dur","datePublished":"2023-11-13T14:52:00+00:00","dateModified":"2025-05-20T21:55:48+00:00","mainEntityOfPage":{"@id":"https:\/\/www.webdo.tn\/fr\/actualite\/national\/appel-d-offres-tunisien-pour-l-achat-de-50-mille-tonnes-de-ble-dur\/210083\/"},"wordCount":94,"commentCount":0,"publisher":{"@id":"https:\/\/www.webdo.tn\/fr\/#organization"},"image":{"@id":"https:\/\/www.webdo.tn\/fr\/actualite\/national\/appel-d-offres-tunisien-pour-l-achat-de-50-mille-tonnes-de-ble-dur\/210083\/#primaryimage"},"thumbnailUrl":"https:\/\/www.webdo.tn\/fr\/wp-content\/uploads\/2023\/11\/843ce762b3f82b9026bfc6ae35387e76.jpg","keywords":["appel d'offres","BAD","bl\u00e9 dur"],"articleSection":["National"],"inLanguage":"fr-FR"},{"@type":"WebPage","@id":"https:\/\/www.webdo.tn\/fr\/actualite\/national\/appel-d-offres-tunisien-pour-l-achat-de-50-mille-tonnes-de-ble-dur\/210083\/","url":"https:\/\/www.webdo.tn\/fr\/actualite\/national\/appel-d-offres-tunisien-pour-l-achat-de-50-mille-tonnes-de-ble-dur\/210083\/","name":"Appel d\u2019offres tunisien pour l\u2019achat de 50 mille tonnes de bl\u00e9 dur","isPartOf":{"@id":"https:\/\/www.webdo.tn\/fr\/#website"},"primaryImageOfPage":{"@id":"https:\/\/www.webdo.tn\/fr\/actualite\/national\/appel-d-offres-tunisien-pour-l-achat-de-50-mille-tonnes-de-ble-dur\/210083\/#primaryimage"},"image":{"@id":"https:\/\/www.webdo.tn\/fr\/actualite\/national\/appel-d-offres-tunisien-pour-l-achat-de-50-mille-tonnes-de-ble-dur\/210083\/#primaryimage"},"thumbnailUrl":"https:\/\/www.webdo.tn\/fr\/wp-content\/uploads\/2023\/11\/843ce762b3f82b9026bfc6ae35387e76.jpg","datePublished":"2023-11-13T14:52:00+00:00","dateModified":"2025-05-20T21:55:48+00:00","description":"L\u2019office tunisien des c\u00e9r\u00e9ales a lanc\u00e9 un appel d\u2019offres international pour l\u2019achat de 50 mille tonnes de bl\u00e9 dur.","breadcrumb":{"@id":"https:\/\/www.webdo.tn\/fr\/actualite\/national\/appel-d-offres-tunisien-pour-l-achat-de-50-mille-tonnes-de-ble-dur\/210083\/#breadcrumb"},"inLanguage":"fr-FR","potentialAction":[{"@type":"ReadAction","target":["https:\/\/www.webdo.tn\/fr\/actualite\/national\/appel-d-offres-tunisien-pour-l-achat-de-50-mille-tonnes-de-ble-dur\/210083\/"]}]},{"@type":"ImageObject","inLanguage":"fr-FR","@id":"https:\/\/www.webdo.tn\/fr\/actualite\/national\/appel-d-offres-tunisien-pour-l-achat-de-50-mille-tonnes-de-ble-dur\/210083\/#primaryimage","url":"https:\/\/www.webdo.tn\/fr\/wp-content\/uploads\/2023\/11\/843ce762b3f82b9026bfc6ae35387e76.jpg","contentUrl":"https:\/\/www.webdo.tn\/fr\/wp-content\/uploads\/2023\/11\/843ce762b3f82b9026bfc6ae35387e76.jpg","width":582,"height":310,"caption":"Appel d\u2019offres tunisien pour l\u2019achat de 50 mille tonnes de bl\u00e9 dur"},{"@type":"BreadcrumbList","@id":"https:\/\/www.webdo.tn\/fr\/actualite\/national\/appel-d-offres-tunisien-pour-l-achat-de-50-mille-tonnes-de-ble-dur\/210083\/#breadcrumb","itemListElement":[{"@type":"ListItem","position":1,"name":"Accueil","item":"https:\/\/www.webdo.tn\/fr\/"},{"@type":"ListItem","position":2,"name":"Appel d\u2019offres tunisien pour l\u2019achat de 50 mille tonnes de bl\u00e9 dur"}]},{"@type":"WebSite","@id":"https:\/\/www.webdo.tn\/fr\/#website","url":"https:\/\/www.webdo.tn\/fr\/","name":"webdo","description":"Tunisie - News en Tunisie et \u00e0 l&#039;international sur Webdo.tn","publisher":{"@id":"https:\/\/www.webdo.tn\/fr\/#organization"},"potentialAction":[{"@type":"SearchAction","target":{"@type":"EntryPoint","urlTemplate":"https:\/\/www.webdo.tn\/fr\/?s={search_term_string}"},"query-input":{"@type":"PropertyValueSpecification","valueRequired":true,"valueName":"search_term_string"}}],"inLanguage":"fr-FR"},{"@type":"Organization","@id":"https:\/\/www.webdo.tn\/fr\/#organization","name":"Webdo","alternateName":"Webdo.tn","url":"https:\/\/www.webdo.tn\/fr\/","logo":{"@type":"ImageObject","inLanguage":"fr-FR","@id":"https:\/\/www.webdo.tn\/fr\/#\/schema\/logo\/image\/","url":"https:\/\/www.webdo.tn\/fr\/wp-content\/uploads\/2025\/06\/Webdo-Tunisie_168377.jpg","contentUrl":"https:\/\/www.webdo.tn\/fr\/wp-content\/uploads\/2025\/06\/Webdo-Tunisie_168377.jpg","width":301,"height":301,"caption":"Webdo"},"image":{"@id":"https:\/\/www.webdo.tn\/fr\/#\/schema\/logo\/image\/"},"sameAs":["https:\/\/www.facebook.com\/webdotn","https:\/\/x.com\/webdo_tn"],"description":"Webdo est un m\u00e9dia num\u00e9rique tunisien fond\u00e9 en 2010, sp\u00e9cialis\u00e9 dans l\u2019actualit\u00e9 nationale et internationale, l\u2019\u00e9conomie, la soci\u00e9t\u00e9 et les analyses politiques. Le site s\u2019adresse \u00e0 un large public francophone et couvre l\u2019information tunisienne en temps r\u00e9el.","email":"redac@webdo.tn","legalName":"YNJ SARL","foundingDate":"2010-09-06","numberOfEmployees":{"@type":"QuantitativeValue","minValue":"11","maxValue":"50"}},{"@type":"Person","@id":"https:\/\/www.webdo.tn\/fr\/#\/schema\/person\/2c4929cbf5a809e3bd38617c6ce150f6","name":"MC","image":{"@type":"ImageObject","inLanguage":"fr-FR","@id":"https:\/\/secure.gravatar.com\/avatar\/a545bbb6f84efdd5553dbbc2895e3ca8f1d12c5215e00a041c9670b54aa9b18a?s=96&d=mm&r=g","url":"https:\/\/secure.gravatar.com\/avatar\/a545bbb6f84efdd5553dbbc2895e3ca8f1d12c5215e00a041c9670b54aa9b18a?s=96&d=mm&r=g","contentUrl":"https:\/\/secure.gravatar.com\/avatar\/a545bbb6f84efdd5553dbbc2895e3ca8f1d12c5215e00a041c9670b54aa9b18a?s=96&d=mm&r=g","caption":"MC"},"url":"https:\/\/www.webdo.tn\/fr\/actualite\/author\/mc\/"}]}},"_links":{"self":[{"href":"https:\/\/www.webdo.tn\/fr\/wp-json\/wp\/v2\/posts\/210083","targetHints":{"allow":["GET"]}}],"collection":[{"href":"https:\/\/www.webdo.tn\/fr\/wp-json\/wp\/v2\/posts"}],"about":[{"href":"https:\/\/www.webdo.tn\/fr\/wp-json\/wp\/v2\/types\/post"}],"author":[{"embeddable":true,"href":"https:\/\/www.webdo.tn\/fr\/wp-json\/wp\/v2\/users\/3162"}],"replies":[{"embeddable":true,"href":"https:\/\/www.webdo.tn\/fr\/wp-json\/wp\/v2\/comments?post=210083"}],"version-history":[{"count":0,"href":"https:\/\/www.webdo.tn\/fr\/wp-json\/wp\/v2\/posts\/210083\/revisions"}],"wp:featuredmedia":[{"embeddable":true,"href":"https:\/\/www.webdo.tn\/fr\/wp-json\/wp\/v2\/media\/248802"}],"wp:attachment":[{"href":"https:\/\/www.webdo.tn\/fr\/wp-json\/wp\/v2\/media?parent=210083"}],"wp:term":[{"taxonomy":"category","embeddable":true,"href":"https:\/\/www.webdo.tn\/fr\/wp-json\/wp\/v2\/categories?post=210083"},{"taxonomy":"post_tag","embeddable":true,"href":"https:\/\/www.webdo.tn\/fr\/wp-json\/wp\/v2\/tags?post=210083"}],"curies":[{"name":"wp","href":"https:\/\/api.w.org\/{rel}","templated":true}]}}