{"id":210077,"date":"2023-11-13T10:51:00","date_gmt":"2023-11-13T10:51:00","guid":{"rendered":"https:\/\/www.webdo.tn\/fr\/blog\/18-arrestations-depuis-l-evasion-de-cinq-terroristes-de-la-prison-de-la-mornaguia\/210077\/"},"modified":"2025-05-20T21:55:49","modified_gmt":"2025-05-20T21:55:49","slug":"18-arrestations-depuis-l-evasion-de-cinq-terroristes-de-la-prison-de-la-mornaguia","status":"publish","type":"post","link":"https:\/\/www.webdo.tn\/fr\/actualite\/national\/18-arrestations-depuis-l-evasion-de-cinq-terroristes-de-la-prison-de-la-mornaguia\/210077\/","title":{"rendered":"18 arrestations depuis l\u2019\u00e9vasion de cinq terroristes de la prison de la Mornaguia"},"content":{"rendered":"<p>En marge de l\u2019\u00e9vasion de cinq terroristes de la prison civile de la Mornaguia, le 31 octobre dernier, 18 personnes employ\u00e9es dans cette prison ont \u00e9t\u00e9 arr\u00eat\u00e9es depuis cette date.<\/p>\n<p>\t\t\t\t\t\t\t\t\tCinq d\u00e9tenus, Ahmed Melki alias \u00ab\u00a0Le Somalien\u00a0\u00bb, Ameur Bal\u00e2azi, Raed Touati, Alaa Ghazouani et Nader Ghanmi, tous impliqu\u00e9s dans plusieurs affaires terroristes dont les assassinats de Chokri Bela\u00efd et Mohamed Brahmi, se sont \u00e9vad\u00e9s de la prison de la Mornaguia le 31 octobre dernier avant d\u2019\u00eatre captur\u00e9s quelques jours plus-tard.<\/p>\n<p>Cette affaire, qui a suscit\u00e9 l\u2019attention de l\u2019opinion publique durant plusieurs jours, est loin d\u2019\u00eatre cl\u00f4tur\u00e9e. Apr\u00e8s la capture d\u2019Ahmed Melki, le 5 novembre \u00e0 la cit\u00e9 Ettadhamen, puis des autres quatre fugitifs, le 7 novembre au mont Boukornine, c\u2019est une autre affaire qui s\u2019ouvre, celle des circonstances de leur \u00e9vasion.<\/p>\n<p>En marge de l\u2019\u00e9vasion des cinq terroristes, le pr\u00e9sident de la R\u00e9publique avait \u00e9t\u00e9 cat\u00e9gorique. Selon lui, \u00ab\u00a0cette \u00e9vasion n\u2019en est pas une, mais on a fait \u00e9vader ces terroristes\u00a0\u00bb. Le chef de l\u2019Etat a fustig\u00e9 les \u00ab\u00a0d\u00e9faillances\u00a0\u00bb et a appel\u00e9 \u00e0 poursuivre en justice les personnes impliqu\u00e9es dans cette \u00e9vasion.<\/p>\n<p>Dans cette affaire, 18 agents de la prison civile de Mornaguia ont \u00e9t\u00e9 plac\u00e9s en garde \u00e0 vue depuis le 31 octobre, date de l\u2019\u00e9vasion des cinq terroristes et 8 d\u2019entre eux compara\u00eetront devant le P\u00f4le judiciaire antiterrorisme apr\u00e8s l\u2019expiration des d\u00e9lais de d\u00e9tention.<\/p>\n<p>Rappelons, par ailleurs, que le directeur de la prison civile de Mornaguia a \u00e9t\u00e9 limog\u00e9 suite \u00e0 l\u2019\u00e9vasion avant d\u2019\u00eatre arr\u00eat\u00e9 en compagnie de quatre cadres et agents de la prison.<\/p>\n<p>Par ailleurs, le directeur g\u00e9n\u00e9ral des services sp\u00e9ciaux et le directeur central des renseignements g\u00e9n\u00e9raux, relevant de l&rsquo;administration g\u00e9n\u00e9rale de la s\u00e9curit\u00e9 nationale ont \u00e9galement \u00e9t\u00e9 limog\u00e9s en marge de cette \u00e9vasion.<\/p>\n","protected":false},"excerpt":{"rendered":"<p>18 personnes employ\u00e9es dans la prison de la Mornaguia ont \u00e9t\u00e9 arr\u00eat\u00e9es depuis l&rsquo;\u00e9vasion de cinq terroristes.<\/p>\n","protected":false},"author":3162,"featured_media":248804,"comment_status":"open","ping_status":"closed","sticky":false,"template":"","format":"standard","meta":{"footnotes":""},"categories":[44],"tags":[3673,6091,7419,2708,3671],"class_list":["post-210077","post","type-post","status-publish","format-standard","has-post-thumbnail","hentry","category-national","tag-arrestations","tag-evasion","tag-mornaguia","tag-prison","tag-terroristes"],"yoast_head":"<!-- This site is optimized with the Yoast SEO Premium plugin v27.5 (Yoast SEO v27.5) - https:\/\/yoast.com\/product\/yoast-seo-premium-wordpress\/ -->\n<title>18 arrestations depuis l\u2019\u00e9vasion de cinq terroristes de la prison de la Mornaguia<\/title>\n<meta name=\"description\" content=\"18 personnes employ\u00e9es dans la prison de la Mornaguia ont \u00e9t\u00e9 arr\u00eat\u00e9es depuis l&#039;\u00e9vasion de cinq terroristes.\" \/>\n<link rel=\"canonical\" href=\"https:\/\/www.webdo.tn\/fr\/actualite\/national\/18-arrestations-depuis-l-evasion-de-cinq-terroristes-de-la-prison-de-la-mornaguia\/210077\/\" \/>\n<meta property=\"og:locale\" content=\"fr_FR\" \/>\n<meta property=\"og:type\" content=\"article\" \/>\n<meta property=\"og:title\" content=\"18 arrestations depuis l\u2019\u00e9vasion de cinq terroristes de la prison de la Mornaguia\" \/>\n<meta property=\"og:description\" content=\"18 personnes employ\u00e9es dans la prison de la Mornaguia ont \u00e9t\u00e9 arr\u00eat\u00e9es depuis l&#039;\u00e9vasion de cinq terroristes.\" \/>\n<meta property=\"og:url\" content=\"https:\/\/www.webdo.tn\/fr\/actualite\/national\/18-arrestations-depuis-l-evasion-de-cinq-terroristes-de-la-prison-de-la-mornaguia\/210077\/\" \/>\n<meta property=\"og:site_name\" content=\"webdo\" \/>\n<meta property=\"article:publisher\" content=\"https:\/\/www.facebook.com\/webdotn\" \/>\n<meta property=\"article:published_time\" content=\"2023-11-13T10:51:00+00:00\" \/>\n<meta property=\"article:modified_time\" content=\"2025-05-20T21:55:49+00:00\" \/>\n<meta property=\"og:image\" content=\"https:\/\/www.webdo.tn\/fr\/wp-content\/uploads\/2023\/11\/84afbc7c3424b66fc11b75a72a4ee778.jpg\" \/>\n\t<meta property=\"og:image:width\" content=\"750\" \/>\n\t<meta property=\"og:image:height\" content=\"400\" \/>\n\t<meta property=\"og:image:type\" content=\"image\/jpeg\" \/>\n<meta name=\"author\" content=\"MC\" \/>\n<meta name=\"twitter:card\" content=\"summary_large_image\" \/>\n<meta name=\"twitter:creator\" content=\"@webdo_tn\" \/>\n<meta name=\"twitter:site\" content=\"@webdo_tn\" \/>\n<meta name=\"twitter:label1\" content=\"\u00c9crit par\" \/>\n\t<meta name=\"twitter:data1\" content=\"MC\" \/>\n\t<meta name=\"twitter:label2\" content=\"Dur\u00e9e de lecture estim\u00e9e\" \/>\n\t<meta name=\"twitter:data2\" content=\"2 minutes\" \/>\n<script type=\"application\/ld+json\" class=\"yoast-schema-graph\">{\"@context\":\"https:\\\/\\\/schema.org\",\"@graph\":[{\"@type\":\"NewsArticle\",\"@id\":\"https:\\\/\\\/www.webdo.tn\\\/fr\\\/actualite\\\/national\\\/18-arrestations-depuis-l-evasion-de-cinq-terroristes-de-la-prison-de-la-mornaguia\\\/210077\\\/#article\",\"isPartOf\":{\"@id\":\"https:\\\/\\\/www.webdo.tn\\\/fr\\\/actualite\\\/national\\\/18-arrestations-depuis-l-evasion-de-cinq-terroristes-de-la-prison-de-la-mornaguia\\\/210077\\\/\"},\"author\":{\"name\":\"MC\",\"@id\":\"https:\\\/\\\/www.webdo.tn\\\/fr\\\/#\\\/schema\\\/person\\\/2c4929cbf5a809e3bd38617c6ce150f6\"},\"headline\":\"18 arrestations depuis l\u2019\u00e9vasion de cinq terroristes de la prison de la Mornaguia\",\"datePublished\":\"2023-11-13T10:51:00+00:00\",\"dateModified\":\"2025-05-20T21:55:49+00:00\",\"mainEntityOfPage\":{\"@id\":\"https:\\\/\\\/www.webdo.tn\\\/fr\\\/actualite\\\/national\\\/18-arrestations-depuis-l-evasion-de-cinq-terroristes-de-la-prison-de-la-mornaguia\\\/210077\\\/\"},\"wordCount\":340,\"commentCount\":0,\"publisher\":{\"@id\":\"https:\\\/\\\/www.webdo.tn\\\/fr\\\/#organization\"},\"image\":{\"@id\":\"https:\\\/\\\/www.webdo.tn\\\/fr\\\/actualite\\\/national\\\/18-arrestations-depuis-l-evasion-de-cinq-terroristes-de-la-prison-de-la-mornaguia\\\/210077\\\/#primaryimage\"},\"thumbnailUrl\":\"https:\\\/\\\/www.webdo.tn\\\/fr\\\/wp-content\\\/uploads\\\/2023\\\/11\\\/84afbc7c3424b66fc11b75a72a4ee778.jpg\",\"keywords\":[\"arrestations\",\"\u00e9vasion\",\"mornaguia\",\"Prison\",\"Terroristes\"],\"articleSection\":[\"National\"],\"inLanguage\":\"fr-FR\"},{\"@type\":\"WebPage\",\"@id\":\"https:\\\/\\\/www.webdo.tn\\\/fr\\\/actualite\\\/national\\\/18-arrestations-depuis-l-evasion-de-cinq-terroristes-de-la-prison-de-la-mornaguia\\\/210077\\\/\",\"url\":\"https:\\\/\\\/www.webdo.tn\\\/fr\\\/actualite\\\/national\\\/18-arrestations-depuis-l-evasion-de-cinq-terroristes-de-la-prison-de-la-mornaguia\\\/210077\\\/\",\"name\":\"18 arrestations depuis l\u2019\u00e9vasion de cinq terroristes de la prison de la Mornaguia\",\"isPartOf\":{\"@id\":\"https:\\\/\\\/www.webdo.tn\\\/fr\\\/#website\"},\"primaryImageOfPage\":{\"@id\":\"https:\\\/\\\/www.webdo.tn\\\/fr\\\/actualite\\\/national\\\/18-arrestations-depuis-l-evasion-de-cinq-terroristes-de-la-prison-de-la-mornaguia\\\/210077\\\/#primaryimage\"},\"image\":{\"@id\":\"https:\\\/\\\/www.webdo.tn\\\/fr\\\/actualite\\\/national\\\/18-arrestations-depuis-l-evasion-de-cinq-terroristes-de-la-prison-de-la-mornaguia\\\/210077\\\/#primaryimage\"},\"thumbnailUrl\":\"https:\\\/\\\/www.webdo.tn\\\/fr\\\/wp-content\\\/uploads\\\/2023\\\/11\\\/84afbc7c3424b66fc11b75a72a4ee778.jpg\",\"datePublished\":\"2023-11-13T10:51:00+00:00\",\"dateModified\":\"2025-05-20T21:55:49+00:00\",\"description\":\"18 personnes employ\u00e9es dans la prison de la Mornaguia ont \u00e9t\u00e9 arr\u00eat\u00e9es depuis l'\u00e9vasion de cinq terroristes.\",\"breadcrumb\":{\"@id\":\"https:\\\/\\\/www.webdo.tn\\\/fr\\\/actualite\\\/national\\\/18-arrestations-depuis-l-evasion-de-cinq-terroristes-de-la-prison-de-la-mornaguia\\\/210077\\\/#breadcrumb\"},\"inLanguage\":\"fr-FR\",\"potentialAction\":[{\"@type\":\"ReadAction\",\"target\":[\"https:\\\/\\\/www.webdo.tn\\\/fr\\\/actualite\\\/national\\\/18-arrestations-depuis-l-evasion-de-cinq-terroristes-de-la-prison-de-la-mornaguia\\\/210077\\\/\"]}]},{\"@type\":\"ImageObject\",\"inLanguage\":\"fr-FR\",\"@id\":\"https:\\\/\\\/www.webdo.tn\\\/fr\\\/actualite\\\/national\\\/18-arrestations-depuis-l-evasion-de-cinq-terroristes-de-la-prison-de-la-mornaguia\\\/210077\\\/#primaryimage\",\"url\":\"https:\\\/\\\/www.webdo.tn\\\/fr\\\/wp-content\\\/uploads\\\/2023\\\/11\\\/84afbc7c3424b66fc11b75a72a4ee778.jpg\",\"contentUrl\":\"https:\\\/\\\/www.webdo.tn\\\/fr\\\/wp-content\\\/uploads\\\/2023\\\/11\\\/84afbc7c3424b66fc11b75a72a4ee778.jpg\",\"width\":750,\"height\":400,\"caption\":\"18 arrestations depuis l\u2019\u00e9vasion de cinq terroristes de la prison de la Mornaguia\"},{\"@type\":\"BreadcrumbList\",\"@id\":\"https:\\\/\\\/www.webdo.tn\\\/fr\\\/actualite\\\/national\\\/18-arrestations-depuis-l-evasion-de-cinq-terroristes-de-la-prison-de-la-mornaguia\\\/210077\\\/#breadcrumb\",\"itemListElement\":[{\"@type\":\"ListItem\",\"position\":1,\"name\":\"Accueil\",\"item\":\"https:\\\/\\\/www.webdo.tn\\\/fr\\\/\"},{\"@type\":\"ListItem\",\"position\":2,\"name\":\"18 arrestations depuis l\u2019\u00e9vasion de cinq terroristes de la prison de la Mornaguia\"}]},{\"@type\":\"WebSite\",\"@id\":\"https:\\\/\\\/www.webdo.tn\\\/fr\\\/#website\",\"url\":\"https:\\\/\\\/www.webdo.tn\\\/fr\\\/\",\"name\":\"webdo\",\"description\":\"Tunisie - News en Tunisie et \u00e0 l&#039;international sur Webdo.tn\",\"publisher\":{\"@id\":\"https:\\\/\\\/www.webdo.tn\\\/fr\\\/#organization\"},\"potentialAction\":[{\"@type\":\"SearchAction\",\"target\":{\"@type\":\"EntryPoint\",\"urlTemplate\":\"https:\\\/\\\/www.webdo.tn\\\/fr\\\/?s={search_term_string}\"},\"query-input\":{\"@type\":\"PropertyValueSpecification\",\"valueRequired\":true,\"valueName\":\"search_term_string\"}}],\"inLanguage\":\"fr-FR\"},{\"@type\":\"Organization\",\"@id\":\"https:\\\/\\\/www.webdo.tn\\\/fr\\\/#organization\",\"name\":\"Webdo\",\"alternateName\":\"Webdo.tn\",\"url\":\"https:\\\/\\\/www.webdo.tn\\\/fr\\\/\",\"logo\":{\"@type\":\"ImageObject\",\"inLanguage\":\"fr-FR\",\"@id\":\"https:\\\/\\\/www.webdo.tn\\\/fr\\\/#\\\/schema\\\/logo\\\/image\\\/\",\"url\":\"https:\\\/\\\/www.webdo.tn\\\/fr\\\/wp-content\\\/uploads\\\/2025\\\/06\\\/Webdo-Tunisie_168377.jpg\",\"contentUrl\":\"https:\\\/\\\/www.webdo.tn\\\/fr\\\/wp-content\\\/uploads\\\/2025\\\/06\\\/Webdo-Tunisie_168377.jpg\",\"width\":301,\"height\":301,\"caption\":\"Webdo\"},\"image\":{\"@id\":\"https:\\\/\\\/www.webdo.tn\\\/fr\\\/#\\\/schema\\\/logo\\\/image\\\/\"},\"sameAs\":[\"https:\\\/\\\/www.facebook.com\\\/webdotn\",\"https:\\\/\\\/x.com\\\/webdo_tn\"],\"description\":\"Webdo est un m\u00e9dia num\u00e9rique tunisien fond\u00e9 en 2010, sp\u00e9cialis\u00e9 dans l\u2019actualit\u00e9 nationale et internationale, l\u2019\u00e9conomie, la soci\u00e9t\u00e9 et les analyses politiques. Le site s\u2019adresse \u00e0 un large public francophone et couvre l\u2019information tunisienne en temps r\u00e9el.\",\"email\":\"redac@webdo.tn\",\"legalName\":\"YNJ SARL\",\"foundingDate\":\"2010-09-06\",\"numberOfEmployees\":{\"@type\":\"QuantitativeValue\",\"minValue\":\"11\",\"maxValue\":\"50\"}},{\"@type\":\"Person\",\"@id\":\"https:\\\/\\\/www.webdo.tn\\\/fr\\\/#\\\/schema\\\/person\\\/2c4929cbf5a809e3bd38617c6ce150f6\",\"name\":\"MC\",\"image\":{\"@type\":\"ImageObject\",\"inLanguage\":\"fr-FR\",\"@id\":\"https:\\\/\\\/secure.gravatar.com\\\/avatar\\\/a545bbb6f84efdd5553dbbc2895e3ca8f1d12c5215e00a041c9670b54aa9b18a?s=96&d=mm&r=g\",\"url\":\"https:\\\/\\\/secure.gravatar.com\\\/avatar\\\/a545bbb6f84efdd5553dbbc2895e3ca8f1d12c5215e00a041c9670b54aa9b18a?s=96&d=mm&r=g\",\"contentUrl\":\"https:\\\/\\\/secure.gravatar.com\\\/avatar\\\/a545bbb6f84efdd5553dbbc2895e3ca8f1d12c5215e00a041c9670b54aa9b18a?s=96&d=mm&r=g\",\"caption\":\"MC\"},\"url\":\"https:\\\/\\\/www.webdo.tn\\\/fr\\\/actualite\\\/author\\\/mc\\\/\"}]}<\/script>\n<!-- \/ Yoast SEO Premium plugin. -->","yoast_head_json":{"title":"18 arrestations depuis l\u2019\u00e9vasion de cinq terroristes de la prison de la Mornaguia","description":"18 personnes employ\u00e9es dans la prison de la Mornaguia ont \u00e9t\u00e9 arr\u00eat\u00e9es depuis l'\u00e9vasion de cinq terroristes.","canonical":"https:\/\/www.webdo.tn\/fr\/actualite\/national\/18-arrestations-depuis-l-evasion-de-cinq-terroristes-de-la-prison-de-la-mornaguia\/210077\/","og_locale":"fr_FR","og_type":"article","og_title":"18 arrestations depuis l\u2019\u00e9vasion de cinq terroristes de la prison de la Mornaguia","og_description":"18 personnes employ\u00e9es dans la prison de la Mornaguia ont \u00e9t\u00e9 arr\u00eat\u00e9es depuis l'\u00e9vasion de cinq terroristes.","og_url":"https:\/\/www.webdo.tn\/fr\/actualite\/national\/18-arrestations-depuis-l-evasion-de-cinq-terroristes-de-la-prison-de-la-mornaguia\/210077\/","og_site_name":"webdo","article_publisher":"https:\/\/www.facebook.com\/webdotn","article_published_time":"2023-11-13T10:51:00+00:00","article_modified_time":"2025-05-20T21:55:49+00:00","og_image":[{"width":750,"height":400,"url":"https:\/\/www.webdo.tn\/fr\/wp-content\/uploads\/2023\/11\/84afbc7c3424b66fc11b75a72a4ee778.jpg","type":"image\/jpeg"}],"author":"MC","twitter_card":"summary_large_image","twitter_creator":"@webdo_tn","twitter_site":"@webdo_tn","twitter_misc":{"\u00c9crit par":"MC","Dur\u00e9e de lecture estim\u00e9e":"2 minutes"},"schema":{"@context":"https:\/\/schema.org","@graph":[{"@type":"NewsArticle","@id":"https:\/\/www.webdo.tn\/fr\/actualite\/national\/18-arrestations-depuis-l-evasion-de-cinq-terroristes-de-la-prison-de-la-mornaguia\/210077\/#article","isPartOf":{"@id":"https:\/\/www.webdo.tn\/fr\/actualite\/national\/18-arrestations-depuis-l-evasion-de-cinq-terroristes-de-la-prison-de-la-mornaguia\/210077\/"},"author":{"name":"MC","@id":"https:\/\/www.webdo.tn\/fr\/#\/schema\/person\/2c4929cbf5a809e3bd38617c6ce150f6"},"headline":"18 arrestations depuis l\u2019\u00e9vasion de cinq terroristes de la prison de la Mornaguia","datePublished":"2023-11-13T10:51:00+00:00","dateModified":"2025-05-20T21:55:49+00:00","mainEntityOfPage":{"@id":"https:\/\/www.webdo.tn\/fr\/actualite\/national\/18-arrestations-depuis-l-evasion-de-cinq-terroristes-de-la-prison-de-la-mornaguia\/210077\/"},"wordCount":340,"commentCount":0,"publisher":{"@id":"https:\/\/www.webdo.tn\/fr\/#organization"},"image":{"@id":"https:\/\/www.webdo.tn\/fr\/actualite\/national\/18-arrestations-depuis-l-evasion-de-cinq-terroristes-de-la-prison-de-la-mornaguia\/210077\/#primaryimage"},"thumbnailUrl":"https:\/\/www.webdo.tn\/fr\/wp-content\/uploads\/2023\/11\/84afbc7c3424b66fc11b75a72a4ee778.jpg","keywords":["arrestations","\u00e9vasion","mornaguia","Prison","Terroristes"],"articleSection":["National"],"inLanguage":"fr-FR"},{"@type":"WebPage","@id":"https:\/\/www.webdo.tn\/fr\/actualite\/national\/18-arrestations-depuis-l-evasion-de-cinq-terroristes-de-la-prison-de-la-mornaguia\/210077\/","url":"https:\/\/www.webdo.tn\/fr\/actualite\/national\/18-arrestations-depuis-l-evasion-de-cinq-terroristes-de-la-prison-de-la-mornaguia\/210077\/","name":"18 arrestations depuis l\u2019\u00e9vasion de cinq terroristes de la prison de la Mornaguia","isPartOf":{"@id":"https:\/\/www.webdo.tn\/fr\/#website"},"primaryImageOfPage":{"@id":"https:\/\/www.webdo.tn\/fr\/actualite\/national\/18-arrestations-depuis-l-evasion-de-cinq-terroristes-de-la-prison-de-la-mornaguia\/210077\/#primaryimage"},"image":{"@id":"https:\/\/www.webdo.tn\/fr\/actualite\/national\/18-arrestations-depuis-l-evasion-de-cinq-terroristes-de-la-prison-de-la-mornaguia\/210077\/#primaryimage"},"thumbnailUrl":"https:\/\/www.webdo.tn\/fr\/wp-content\/uploads\/2023\/11\/84afbc7c3424b66fc11b75a72a4ee778.jpg","datePublished":"2023-11-13T10:51:00+00:00","dateModified":"2025-05-20T21:55:49+00:00","description":"18 personnes employ\u00e9es dans la prison de la Mornaguia ont \u00e9t\u00e9 arr\u00eat\u00e9es depuis l'\u00e9vasion de cinq terroristes.","breadcrumb":{"@id":"https:\/\/www.webdo.tn\/fr\/actualite\/national\/18-arrestations-depuis-l-evasion-de-cinq-terroristes-de-la-prison-de-la-mornaguia\/210077\/#breadcrumb"},"inLanguage":"fr-FR","potentialAction":[{"@type":"ReadAction","target":["https:\/\/www.webdo.tn\/fr\/actualite\/national\/18-arrestations-depuis-l-evasion-de-cinq-terroristes-de-la-prison-de-la-mornaguia\/210077\/"]}]},{"@type":"ImageObject","inLanguage":"fr-FR","@id":"https:\/\/www.webdo.tn\/fr\/actualite\/national\/18-arrestations-depuis-l-evasion-de-cinq-terroristes-de-la-prison-de-la-mornaguia\/210077\/#primaryimage","url":"https:\/\/www.webdo.tn\/fr\/wp-content\/uploads\/2023\/11\/84afbc7c3424b66fc11b75a72a4ee778.jpg","contentUrl":"https:\/\/www.webdo.tn\/fr\/wp-content\/uploads\/2023\/11\/84afbc7c3424b66fc11b75a72a4ee778.jpg","width":750,"height":400,"caption":"18 arrestations depuis l\u2019\u00e9vasion de cinq terroristes de la prison de la Mornaguia"},{"@type":"BreadcrumbList","@id":"https:\/\/www.webdo.tn\/fr\/actualite\/national\/18-arrestations-depuis-l-evasion-de-cinq-terroristes-de-la-prison-de-la-mornaguia\/210077\/#breadcrumb","itemListElement":[{"@type":"ListItem","position":1,"name":"Accueil","item":"https:\/\/www.webdo.tn\/fr\/"},{"@type":"ListItem","position":2,"name":"18 arrestations depuis l\u2019\u00e9vasion de cinq terroristes de la prison de la Mornaguia"}]},{"@type":"WebSite","@id":"https:\/\/www.webdo.tn\/fr\/#website","url":"https:\/\/www.webdo.tn\/fr\/","name":"webdo","description":"Tunisie - News en Tunisie et \u00e0 l&#039;international sur Webdo.tn","publisher":{"@id":"https:\/\/www.webdo.tn\/fr\/#organization"},"potentialAction":[{"@type":"SearchAction","target":{"@type":"EntryPoint","urlTemplate":"https:\/\/www.webdo.tn\/fr\/?s={search_term_string}"},"query-input":{"@type":"PropertyValueSpecification","valueRequired":true,"valueName":"search_term_string"}}],"inLanguage":"fr-FR"},{"@type":"Organization","@id":"https:\/\/www.webdo.tn\/fr\/#organization","name":"Webdo","alternateName":"Webdo.tn","url":"https:\/\/www.webdo.tn\/fr\/","logo":{"@type":"ImageObject","inLanguage":"fr-FR","@id":"https:\/\/www.webdo.tn\/fr\/#\/schema\/logo\/image\/","url":"https:\/\/www.webdo.tn\/fr\/wp-content\/uploads\/2025\/06\/Webdo-Tunisie_168377.jpg","contentUrl":"https:\/\/www.webdo.tn\/fr\/wp-content\/uploads\/2025\/06\/Webdo-Tunisie_168377.jpg","width":301,"height":301,"caption":"Webdo"},"image":{"@id":"https:\/\/www.webdo.tn\/fr\/#\/schema\/logo\/image\/"},"sameAs":["https:\/\/www.facebook.com\/webdotn","https:\/\/x.com\/webdo_tn"],"description":"Webdo est un m\u00e9dia num\u00e9rique tunisien fond\u00e9 en 2010, sp\u00e9cialis\u00e9 dans l\u2019actualit\u00e9 nationale et internationale, l\u2019\u00e9conomie, la soci\u00e9t\u00e9 et les analyses politiques. Le site s\u2019adresse \u00e0 un large public francophone et couvre l\u2019information tunisienne en temps r\u00e9el.","email":"redac@webdo.tn","legalName":"YNJ SARL","foundingDate":"2010-09-06","numberOfEmployees":{"@type":"QuantitativeValue","minValue":"11","maxValue":"50"}},{"@type":"Person","@id":"https:\/\/www.webdo.tn\/fr\/#\/schema\/person\/2c4929cbf5a809e3bd38617c6ce150f6","name":"MC","image":{"@type":"ImageObject","inLanguage":"fr-FR","@id":"https:\/\/secure.gravatar.com\/avatar\/a545bbb6f84efdd5553dbbc2895e3ca8f1d12c5215e00a041c9670b54aa9b18a?s=96&d=mm&r=g","url":"https:\/\/secure.gravatar.com\/avatar\/a545bbb6f84efdd5553dbbc2895e3ca8f1d12c5215e00a041c9670b54aa9b18a?s=96&d=mm&r=g","contentUrl":"https:\/\/secure.gravatar.com\/avatar\/a545bbb6f84efdd5553dbbc2895e3ca8f1d12c5215e00a041c9670b54aa9b18a?s=96&d=mm&r=g","caption":"MC"},"url":"https:\/\/www.webdo.tn\/fr\/actualite\/author\/mc\/"}]}},"_links":{"self":[{"href":"https:\/\/www.webdo.tn\/fr\/wp-json\/wp\/v2\/posts\/210077","targetHints":{"allow":["GET"]}}],"collection":[{"href":"https:\/\/www.webdo.tn\/fr\/wp-json\/wp\/v2\/posts"}],"about":[{"href":"https:\/\/www.webdo.tn\/fr\/wp-json\/wp\/v2\/types\/post"}],"author":[{"embeddable":true,"href":"https:\/\/www.webdo.tn\/fr\/wp-json\/wp\/v2\/users\/3162"}],"replies":[{"embeddable":true,"href":"https:\/\/www.webdo.tn\/fr\/wp-json\/wp\/v2\/comments?post=210077"}],"version-history":[{"count":0,"href":"https:\/\/www.webdo.tn\/fr\/wp-json\/wp\/v2\/posts\/210077\/revisions"}],"wp:featuredmedia":[{"embeddable":true,"href":"https:\/\/www.webdo.tn\/fr\/wp-json\/wp\/v2\/media\/248804"}],"wp:attachment":[{"href":"https:\/\/www.webdo.tn\/fr\/wp-json\/wp\/v2\/media?parent=210077"}],"wp:term":[{"taxonomy":"category","embeddable":true,"href":"https:\/\/www.webdo.tn\/fr\/wp-json\/wp\/v2\/categories?post=210077"},{"taxonomy":"post_tag","embeddable":true,"href":"https:\/\/www.webdo.tn\/fr\/wp-json\/wp\/v2\/tags?post=210077"}],"curies":[{"name":"wp","href":"https:\/\/api.w.org\/{rel}","templated":true}]}}