{"id":210076,"date":"2023-11-13T09:12:00","date_gmt":"2023-11-13T09:12:00","guid":{"rendered":"https:\/\/www.webdo.tn\/fr\/blog\/olfa-hamdi-candidate-a-la-presidentielle-de-2024\/210076\/"},"modified":"2025-05-20T21:55:47","modified_gmt":"2025-05-20T21:55:47","slug":"olfa-hamdi-candidate-a-la-presidentielle-de-2024","status":"publish","type":"post","link":"https:\/\/www.webdo.tn\/fr\/actualite\/national\/olfa-hamdi-candidate-a-la-presidentielle-de-2024\/210076\/","title":{"rendered":"Olfa Hamdi candidate \u00e0 la pr\u00e9sidentielle de 2024"},"content":{"rendered":"<p>La Pr\u00e9sidente du \u00ab\u00a0Parti de la Troisi\u00e8me R\u00e9publique\u00a0\u00bb, Olfa Hamdi, a annonc\u00e9, samedi 11 novembre 2023 sa candidature \u00e0 la prochaine \u00e9lection pr\u00e9sidentielle pr\u00e9vue \u00e0 l\u2019automne 2024.<\/p>\n<p>\t\t\t\t\t\t\t\t\tEn annon\u00e7ant sa candidature, Olfa Hamdi indique proposer au peuple tunisien \u00ab\u00a0une vision politique alternative\u00a0\u00bb dont l&rsquo;objectif est de lui assurer \u00ab\u00a0un avenir \u00e9conomique meilleur\u00a0\u00bb et \u00e0 r\u00e9pondre \u00e0 \u00ab\u00a0ses aspirations \u00e0 l&rsquo;unit\u00e9, la prosp\u00e9rit\u00e9 et la s\u00e9curit\u00e9\u00a0\u00bb.<\/p>\n<p>En d\u2019autres termes elle se pr\u00e9sente comme une nouvelle alternative \u00ab\u00a0apr\u00e8s quatre ann\u00e9es de mauvaise gouvernance et de politiques de division fond\u00e9es sur la peur (\u2026)\u00a0\u00bb.<\/p>\n","protected":false},"excerpt":{"rendered":"<p>Olfa Hamdi, a annonc\u00e9 sa candidature \u00e0 la prochaine \u00e9lection pr\u00e9sidentielle pr\u00e9vue \u00e0 l\u2019automne 2024.<\/p>\n","protected":false},"author":3162,"featured_media":248801,"comment_status":"open","ping_status":"closed","sticky":false,"template":"","format":"standard","meta":{"footnotes":""},"categories":[44],"tags":[4428,6843],"class_list":["post-210076","post","type-post","status-publish","format-standard","has-post-thumbnail","hentry","category-national","tag-election-presidentielle","tag-olfa-hamdi"],"yoast_head":"<!-- This site is optimized with the Yoast SEO Premium plugin v27.5 (Yoast SEO v27.5) - https:\/\/yoast.com\/product\/yoast-seo-premium-wordpress\/ -->\n<title>Olfa Hamdi candidate \u00e0 la pr\u00e9sidentielle de 2024<\/title>\n<meta name=\"description\" content=\"Olfa Hamdi, a annonc\u00e9 sa candidature \u00e0 la prochaine \u00e9lection pr\u00e9sidentielle pr\u00e9vue \u00e0 l\u2019automne 2024.\" \/>\n<link rel=\"canonical\" href=\"https:\/\/www.webdo.tn\/fr\/actualite\/national\/olfa-hamdi-candidate-a-la-presidentielle-de-2024\/210076\/\" \/>\n<meta property=\"og:locale\" content=\"fr_FR\" \/>\n<meta property=\"og:type\" content=\"article\" \/>\n<meta property=\"og:title\" content=\"Olfa Hamdi candidate \u00e0 la pr\u00e9sidentielle de 2024\" \/>\n<meta property=\"og:description\" content=\"Olfa Hamdi, a annonc\u00e9 sa candidature \u00e0 la prochaine \u00e9lection pr\u00e9sidentielle pr\u00e9vue \u00e0 l\u2019automne 2024.\" \/>\n<meta property=\"og:url\" content=\"https:\/\/www.webdo.tn\/fr\/actualite\/national\/olfa-hamdi-candidate-a-la-presidentielle-de-2024\/210076\/\" \/>\n<meta property=\"og:site_name\" content=\"webdo\" \/>\n<meta property=\"article:publisher\" content=\"https:\/\/www.facebook.com\/webdotn\" \/>\n<meta property=\"article:published_time\" content=\"2023-11-13T09:12:00+00:00\" \/>\n<meta property=\"article:modified_time\" content=\"2025-05-20T21:55:47+00:00\" \/>\n<meta property=\"og:image\" content=\"https:\/\/www.webdo.tn\/fr\/wp-content\/uploads\/2023\/11\/c0b5913eb0cf20ce2b28cbf86acfd35b.jpg\" \/>\n\t<meta property=\"og:image:width\" content=\"750\" \/>\n\t<meta property=\"og:image:height\" content=\"400\" \/>\n\t<meta property=\"og:image:type\" content=\"image\/jpeg\" \/>\n<meta name=\"author\" content=\"MC\" \/>\n<meta name=\"twitter:card\" content=\"summary_large_image\" \/>\n<meta name=\"twitter:creator\" content=\"@webdo_tn\" \/>\n<meta name=\"twitter:site\" content=\"@webdo_tn\" \/>\n<meta name=\"twitter:label1\" content=\"\u00c9crit par\" \/>\n\t<meta name=\"twitter:data1\" content=\"MC\" \/>\n<script type=\"application\/ld+json\" class=\"yoast-schema-graph\">{\"@context\":\"https:\\\/\\\/schema.org\",\"@graph\":[{\"@type\":\"NewsArticle\",\"@id\":\"https:\\\/\\\/www.webdo.tn\\\/fr\\\/actualite\\\/national\\\/olfa-hamdi-candidate-a-la-presidentielle-de-2024\\\/210076\\\/#article\",\"isPartOf\":{\"@id\":\"https:\\\/\\\/www.webdo.tn\\\/fr\\\/actualite\\\/national\\\/olfa-hamdi-candidate-a-la-presidentielle-de-2024\\\/210076\\\/\"},\"author\":{\"name\":\"MC\",\"@id\":\"https:\\\/\\\/www.webdo.tn\\\/fr\\\/#\\\/schema\\\/person\\\/2c4929cbf5a809e3bd38617c6ce150f6\"},\"headline\":\"Olfa Hamdi candidate \u00e0 la pr\u00e9sidentielle de 2024\",\"datePublished\":\"2023-11-13T09:12:00+00:00\",\"dateModified\":\"2025-05-20T21:55:47+00:00\",\"mainEntityOfPage\":{\"@id\":\"https:\\\/\\\/www.webdo.tn\\\/fr\\\/actualite\\\/national\\\/olfa-hamdi-candidate-a-la-presidentielle-de-2024\\\/210076\\\/\"},\"wordCount\":106,\"commentCount\":0,\"publisher\":{\"@id\":\"https:\\\/\\\/www.webdo.tn\\\/fr\\\/#organization\"},\"image\":{\"@id\":\"https:\\\/\\\/www.webdo.tn\\\/fr\\\/actualite\\\/national\\\/olfa-hamdi-candidate-a-la-presidentielle-de-2024\\\/210076\\\/#primaryimage\"},\"thumbnailUrl\":\"https:\\\/\\\/www.webdo.tn\\\/fr\\\/wp-content\\\/uploads\\\/2023\\\/11\\\/c0b5913eb0cf20ce2b28cbf86acfd35b.jpg\",\"keywords\":[\"\u00e9lection pr\u00e9sidentielle\",\"olfa hamdi\"],\"articleSection\":[\"National\"],\"inLanguage\":\"fr-FR\"},{\"@type\":\"WebPage\",\"@id\":\"https:\\\/\\\/www.webdo.tn\\\/fr\\\/actualite\\\/national\\\/olfa-hamdi-candidate-a-la-presidentielle-de-2024\\\/210076\\\/\",\"url\":\"https:\\\/\\\/www.webdo.tn\\\/fr\\\/actualite\\\/national\\\/olfa-hamdi-candidate-a-la-presidentielle-de-2024\\\/210076\\\/\",\"name\":\"Olfa Hamdi candidate \u00e0 la pr\u00e9sidentielle de 2024\",\"isPartOf\":{\"@id\":\"https:\\\/\\\/www.webdo.tn\\\/fr\\\/#website\"},\"primaryImageOfPage\":{\"@id\":\"https:\\\/\\\/www.webdo.tn\\\/fr\\\/actualite\\\/national\\\/olfa-hamdi-candidate-a-la-presidentielle-de-2024\\\/210076\\\/#primaryimage\"},\"image\":{\"@id\":\"https:\\\/\\\/www.webdo.tn\\\/fr\\\/actualite\\\/national\\\/olfa-hamdi-candidate-a-la-presidentielle-de-2024\\\/210076\\\/#primaryimage\"},\"thumbnailUrl\":\"https:\\\/\\\/www.webdo.tn\\\/fr\\\/wp-content\\\/uploads\\\/2023\\\/11\\\/c0b5913eb0cf20ce2b28cbf86acfd35b.jpg\",\"datePublished\":\"2023-11-13T09:12:00+00:00\",\"dateModified\":\"2025-05-20T21:55:47+00:00\",\"description\":\"Olfa Hamdi, a annonc\u00e9 sa candidature \u00e0 la prochaine \u00e9lection pr\u00e9sidentielle pr\u00e9vue \u00e0 l\u2019automne 2024.\",\"breadcrumb\":{\"@id\":\"https:\\\/\\\/www.webdo.tn\\\/fr\\\/actualite\\\/national\\\/olfa-hamdi-candidate-a-la-presidentielle-de-2024\\\/210076\\\/#breadcrumb\"},\"inLanguage\":\"fr-FR\",\"potentialAction\":[{\"@type\":\"ReadAction\",\"target\":[\"https:\\\/\\\/www.webdo.tn\\\/fr\\\/actualite\\\/national\\\/olfa-hamdi-candidate-a-la-presidentielle-de-2024\\\/210076\\\/\"]}]},{\"@type\":\"ImageObject\",\"inLanguage\":\"fr-FR\",\"@id\":\"https:\\\/\\\/www.webdo.tn\\\/fr\\\/actualite\\\/national\\\/olfa-hamdi-candidate-a-la-presidentielle-de-2024\\\/210076\\\/#primaryimage\",\"url\":\"https:\\\/\\\/www.webdo.tn\\\/fr\\\/wp-content\\\/uploads\\\/2023\\\/11\\\/c0b5913eb0cf20ce2b28cbf86acfd35b.jpg\",\"contentUrl\":\"https:\\\/\\\/www.webdo.tn\\\/fr\\\/wp-content\\\/uploads\\\/2023\\\/11\\\/c0b5913eb0cf20ce2b28cbf86acfd35b.jpg\",\"width\":750,\"height\":400,\"caption\":\"Olfa Hamdi candidate \u00e0 la pr\u00e9sidentielle de 2024\"},{\"@type\":\"BreadcrumbList\",\"@id\":\"https:\\\/\\\/www.webdo.tn\\\/fr\\\/actualite\\\/national\\\/olfa-hamdi-candidate-a-la-presidentielle-de-2024\\\/210076\\\/#breadcrumb\",\"itemListElement\":[{\"@type\":\"ListItem\",\"position\":1,\"name\":\"Accueil\",\"item\":\"https:\\\/\\\/www.webdo.tn\\\/fr\\\/\"},{\"@type\":\"ListItem\",\"position\":2,\"name\":\"Olfa Hamdi candidate \u00e0 la pr\u00e9sidentielle de 2024\"}]},{\"@type\":\"WebSite\",\"@id\":\"https:\\\/\\\/www.webdo.tn\\\/fr\\\/#website\",\"url\":\"https:\\\/\\\/www.webdo.tn\\\/fr\\\/\",\"name\":\"webdo\",\"description\":\"Tunisie - News en Tunisie et \u00e0 l&#039;international sur Webdo.tn\",\"publisher\":{\"@id\":\"https:\\\/\\\/www.webdo.tn\\\/fr\\\/#organization\"},\"potentialAction\":[{\"@type\":\"SearchAction\",\"target\":{\"@type\":\"EntryPoint\",\"urlTemplate\":\"https:\\\/\\\/www.webdo.tn\\\/fr\\\/?s={search_term_string}\"},\"query-input\":{\"@type\":\"PropertyValueSpecification\",\"valueRequired\":true,\"valueName\":\"search_term_string\"}}],\"inLanguage\":\"fr-FR\"},{\"@type\":\"Organization\",\"@id\":\"https:\\\/\\\/www.webdo.tn\\\/fr\\\/#organization\",\"name\":\"Webdo\",\"alternateName\":\"Webdo.tn\",\"url\":\"https:\\\/\\\/www.webdo.tn\\\/fr\\\/\",\"logo\":{\"@type\":\"ImageObject\",\"inLanguage\":\"fr-FR\",\"@id\":\"https:\\\/\\\/www.webdo.tn\\\/fr\\\/#\\\/schema\\\/logo\\\/image\\\/\",\"url\":\"https:\\\/\\\/www.webdo.tn\\\/fr\\\/wp-content\\\/uploads\\\/2025\\\/06\\\/Webdo-Tunisie_168377.jpg\",\"contentUrl\":\"https:\\\/\\\/www.webdo.tn\\\/fr\\\/wp-content\\\/uploads\\\/2025\\\/06\\\/Webdo-Tunisie_168377.jpg\",\"width\":301,\"height\":301,\"caption\":\"Webdo\"},\"image\":{\"@id\":\"https:\\\/\\\/www.webdo.tn\\\/fr\\\/#\\\/schema\\\/logo\\\/image\\\/\"},\"sameAs\":[\"https:\\\/\\\/www.facebook.com\\\/webdotn\",\"https:\\\/\\\/x.com\\\/webdo_tn\"],\"description\":\"Webdo est un m\u00e9dia num\u00e9rique tunisien fond\u00e9 en 2010, sp\u00e9cialis\u00e9 dans l\u2019actualit\u00e9 nationale et internationale, l\u2019\u00e9conomie, la soci\u00e9t\u00e9 et les analyses politiques. Le site s\u2019adresse \u00e0 un large public francophone et couvre l\u2019information tunisienne en temps r\u00e9el.\",\"email\":\"redac@webdo.tn\",\"legalName\":\"YNJ SARL\",\"foundingDate\":\"2010-09-06\",\"numberOfEmployees\":{\"@type\":\"QuantitativeValue\",\"minValue\":\"11\",\"maxValue\":\"50\"}},{\"@type\":\"Person\",\"@id\":\"https:\\\/\\\/www.webdo.tn\\\/fr\\\/#\\\/schema\\\/person\\\/2c4929cbf5a809e3bd38617c6ce150f6\",\"name\":\"MC\",\"image\":{\"@type\":\"ImageObject\",\"inLanguage\":\"fr-FR\",\"@id\":\"https:\\\/\\\/secure.gravatar.com\\\/avatar\\\/a545bbb6f84efdd5553dbbc2895e3ca8f1d12c5215e00a041c9670b54aa9b18a?s=96&d=mm&r=g\",\"url\":\"https:\\\/\\\/secure.gravatar.com\\\/avatar\\\/a545bbb6f84efdd5553dbbc2895e3ca8f1d12c5215e00a041c9670b54aa9b18a?s=96&d=mm&r=g\",\"contentUrl\":\"https:\\\/\\\/secure.gravatar.com\\\/avatar\\\/a545bbb6f84efdd5553dbbc2895e3ca8f1d12c5215e00a041c9670b54aa9b18a?s=96&d=mm&r=g\",\"caption\":\"MC\"},\"url\":\"https:\\\/\\\/www.webdo.tn\\\/fr\\\/actualite\\\/author\\\/mc\\\/\"}]}<\/script>\n<!-- \/ Yoast SEO Premium plugin. -->","yoast_head_json":{"title":"Olfa Hamdi candidate \u00e0 la pr\u00e9sidentielle de 2024","description":"Olfa Hamdi, a annonc\u00e9 sa candidature \u00e0 la prochaine \u00e9lection pr\u00e9sidentielle pr\u00e9vue \u00e0 l\u2019automne 2024.","canonical":"https:\/\/www.webdo.tn\/fr\/actualite\/national\/olfa-hamdi-candidate-a-la-presidentielle-de-2024\/210076\/","og_locale":"fr_FR","og_type":"article","og_title":"Olfa Hamdi candidate \u00e0 la pr\u00e9sidentielle de 2024","og_description":"Olfa Hamdi, a annonc\u00e9 sa candidature \u00e0 la prochaine \u00e9lection pr\u00e9sidentielle pr\u00e9vue \u00e0 l\u2019automne 2024.","og_url":"https:\/\/www.webdo.tn\/fr\/actualite\/national\/olfa-hamdi-candidate-a-la-presidentielle-de-2024\/210076\/","og_site_name":"webdo","article_publisher":"https:\/\/www.facebook.com\/webdotn","article_published_time":"2023-11-13T09:12:00+00:00","article_modified_time":"2025-05-20T21:55:47+00:00","og_image":[{"width":750,"height":400,"url":"https:\/\/www.webdo.tn\/fr\/wp-content\/uploads\/2023\/11\/c0b5913eb0cf20ce2b28cbf86acfd35b.jpg","type":"image\/jpeg"}],"author":"MC","twitter_card":"summary_large_image","twitter_creator":"@webdo_tn","twitter_site":"@webdo_tn","twitter_misc":{"\u00c9crit par":"MC"},"schema":{"@context":"https:\/\/schema.org","@graph":[{"@type":"NewsArticle","@id":"https:\/\/www.webdo.tn\/fr\/actualite\/national\/olfa-hamdi-candidate-a-la-presidentielle-de-2024\/210076\/#article","isPartOf":{"@id":"https:\/\/www.webdo.tn\/fr\/actualite\/national\/olfa-hamdi-candidate-a-la-presidentielle-de-2024\/210076\/"},"author":{"name":"MC","@id":"https:\/\/www.webdo.tn\/fr\/#\/schema\/person\/2c4929cbf5a809e3bd38617c6ce150f6"},"headline":"Olfa Hamdi candidate \u00e0 la pr\u00e9sidentielle de 2024","datePublished":"2023-11-13T09:12:00+00:00","dateModified":"2025-05-20T21:55:47+00:00","mainEntityOfPage":{"@id":"https:\/\/www.webdo.tn\/fr\/actualite\/national\/olfa-hamdi-candidate-a-la-presidentielle-de-2024\/210076\/"},"wordCount":106,"commentCount":0,"publisher":{"@id":"https:\/\/www.webdo.tn\/fr\/#organization"},"image":{"@id":"https:\/\/www.webdo.tn\/fr\/actualite\/national\/olfa-hamdi-candidate-a-la-presidentielle-de-2024\/210076\/#primaryimage"},"thumbnailUrl":"https:\/\/www.webdo.tn\/fr\/wp-content\/uploads\/2023\/11\/c0b5913eb0cf20ce2b28cbf86acfd35b.jpg","keywords":["\u00e9lection pr\u00e9sidentielle","olfa hamdi"],"articleSection":["National"],"inLanguage":"fr-FR"},{"@type":"WebPage","@id":"https:\/\/www.webdo.tn\/fr\/actualite\/national\/olfa-hamdi-candidate-a-la-presidentielle-de-2024\/210076\/","url":"https:\/\/www.webdo.tn\/fr\/actualite\/national\/olfa-hamdi-candidate-a-la-presidentielle-de-2024\/210076\/","name":"Olfa Hamdi candidate \u00e0 la pr\u00e9sidentielle de 2024","isPartOf":{"@id":"https:\/\/www.webdo.tn\/fr\/#website"},"primaryImageOfPage":{"@id":"https:\/\/www.webdo.tn\/fr\/actualite\/national\/olfa-hamdi-candidate-a-la-presidentielle-de-2024\/210076\/#primaryimage"},"image":{"@id":"https:\/\/www.webdo.tn\/fr\/actualite\/national\/olfa-hamdi-candidate-a-la-presidentielle-de-2024\/210076\/#primaryimage"},"thumbnailUrl":"https:\/\/www.webdo.tn\/fr\/wp-content\/uploads\/2023\/11\/c0b5913eb0cf20ce2b28cbf86acfd35b.jpg","datePublished":"2023-11-13T09:12:00+00:00","dateModified":"2025-05-20T21:55:47+00:00","description":"Olfa Hamdi, a annonc\u00e9 sa candidature \u00e0 la prochaine \u00e9lection pr\u00e9sidentielle pr\u00e9vue \u00e0 l\u2019automne 2024.","breadcrumb":{"@id":"https:\/\/www.webdo.tn\/fr\/actualite\/national\/olfa-hamdi-candidate-a-la-presidentielle-de-2024\/210076\/#breadcrumb"},"inLanguage":"fr-FR","potentialAction":[{"@type":"ReadAction","target":["https:\/\/www.webdo.tn\/fr\/actualite\/national\/olfa-hamdi-candidate-a-la-presidentielle-de-2024\/210076\/"]}]},{"@type":"ImageObject","inLanguage":"fr-FR","@id":"https:\/\/www.webdo.tn\/fr\/actualite\/national\/olfa-hamdi-candidate-a-la-presidentielle-de-2024\/210076\/#primaryimage","url":"https:\/\/www.webdo.tn\/fr\/wp-content\/uploads\/2023\/11\/c0b5913eb0cf20ce2b28cbf86acfd35b.jpg","contentUrl":"https:\/\/www.webdo.tn\/fr\/wp-content\/uploads\/2023\/11\/c0b5913eb0cf20ce2b28cbf86acfd35b.jpg","width":750,"height":400,"caption":"Olfa Hamdi candidate \u00e0 la pr\u00e9sidentielle de 2024"},{"@type":"BreadcrumbList","@id":"https:\/\/www.webdo.tn\/fr\/actualite\/national\/olfa-hamdi-candidate-a-la-presidentielle-de-2024\/210076\/#breadcrumb","itemListElement":[{"@type":"ListItem","position":1,"name":"Accueil","item":"https:\/\/www.webdo.tn\/fr\/"},{"@type":"ListItem","position":2,"name":"Olfa Hamdi candidate \u00e0 la pr\u00e9sidentielle de 2024"}]},{"@type":"WebSite","@id":"https:\/\/www.webdo.tn\/fr\/#website","url":"https:\/\/www.webdo.tn\/fr\/","name":"webdo","description":"Tunisie - News en Tunisie et \u00e0 l&#039;international sur Webdo.tn","publisher":{"@id":"https:\/\/www.webdo.tn\/fr\/#organization"},"potentialAction":[{"@type":"SearchAction","target":{"@type":"EntryPoint","urlTemplate":"https:\/\/www.webdo.tn\/fr\/?s={search_term_string}"},"query-input":{"@type":"PropertyValueSpecification","valueRequired":true,"valueName":"search_term_string"}}],"inLanguage":"fr-FR"},{"@type":"Organization","@id":"https:\/\/www.webdo.tn\/fr\/#organization","name":"Webdo","alternateName":"Webdo.tn","url":"https:\/\/www.webdo.tn\/fr\/","logo":{"@type":"ImageObject","inLanguage":"fr-FR","@id":"https:\/\/www.webdo.tn\/fr\/#\/schema\/logo\/image\/","url":"https:\/\/www.webdo.tn\/fr\/wp-content\/uploads\/2025\/06\/Webdo-Tunisie_168377.jpg","contentUrl":"https:\/\/www.webdo.tn\/fr\/wp-content\/uploads\/2025\/06\/Webdo-Tunisie_168377.jpg","width":301,"height":301,"caption":"Webdo"},"image":{"@id":"https:\/\/www.webdo.tn\/fr\/#\/schema\/logo\/image\/"},"sameAs":["https:\/\/www.facebook.com\/webdotn","https:\/\/x.com\/webdo_tn"],"description":"Webdo est un m\u00e9dia num\u00e9rique tunisien fond\u00e9 en 2010, sp\u00e9cialis\u00e9 dans l\u2019actualit\u00e9 nationale et internationale, l\u2019\u00e9conomie, la soci\u00e9t\u00e9 et les analyses politiques. Le site s\u2019adresse \u00e0 un large public francophone et couvre l\u2019information tunisienne en temps r\u00e9el.","email":"redac@webdo.tn","legalName":"YNJ SARL","foundingDate":"2010-09-06","numberOfEmployees":{"@type":"QuantitativeValue","minValue":"11","maxValue":"50"}},{"@type":"Person","@id":"https:\/\/www.webdo.tn\/fr\/#\/schema\/person\/2c4929cbf5a809e3bd38617c6ce150f6","name":"MC","image":{"@type":"ImageObject","inLanguage":"fr-FR","@id":"https:\/\/secure.gravatar.com\/avatar\/a545bbb6f84efdd5553dbbc2895e3ca8f1d12c5215e00a041c9670b54aa9b18a?s=96&d=mm&r=g","url":"https:\/\/secure.gravatar.com\/avatar\/a545bbb6f84efdd5553dbbc2895e3ca8f1d12c5215e00a041c9670b54aa9b18a?s=96&d=mm&r=g","contentUrl":"https:\/\/secure.gravatar.com\/avatar\/a545bbb6f84efdd5553dbbc2895e3ca8f1d12c5215e00a041c9670b54aa9b18a?s=96&d=mm&r=g","caption":"MC"},"url":"https:\/\/www.webdo.tn\/fr\/actualite\/author\/mc\/"}]}},"_links":{"self":[{"href":"https:\/\/www.webdo.tn\/fr\/wp-json\/wp\/v2\/posts\/210076","targetHints":{"allow":["GET"]}}],"collection":[{"href":"https:\/\/www.webdo.tn\/fr\/wp-json\/wp\/v2\/posts"}],"about":[{"href":"https:\/\/www.webdo.tn\/fr\/wp-json\/wp\/v2\/types\/post"}],"author":[{"embeddable":true,"href":"https:\/\/www.webdo.tn\/fr\/wp-json\/wp\/v2\/users\/3162"}],"replies":[{"embeddable":true,"href":"https:\/\/www.webdo.tn\/fr\/wp-json\/wp\/v2\/comments?post=210076"}],"version-history":[{"count":0,"href":"https:\/\/www.webdo.tn\/fr\/wp-json\/wp\/v2\/posts\/210076\/revisions"}],"wp:featuredmedia":[{"embeddable":true,"href":"https:\/\/www.webdo.tn\/fr\/wp-json\/wp\/v2\/media\/248801"}],"wp:attachment":[{"href":"https:\/\/www.webdo.tn\/fr\/wp-json\/wp\/v2\/media?parent=210076"}],"wp:term":[{"taxonomy":"category","embeddable":true,"href":"https:\/\/www.webdo.tn\/fr\/wp-json\/wp\/v2\/categories?post=210076"},{"taxonomy":"post_tag","embeddable":true,"href":"https:\/\/www.webdo.tn\/fr\/wp-json\/wp\/v2\/tags?post=210076"}],"curies":[{"name":"wp","href":"https:\/\/api.w.org\/{rel}","templated":true}]}}