{"id":210075,"date":"2023-11-13T09:02:00","date_gmt":"2023-11-13T09:02:00","guid":{"rendered":"https:\/\/www.webdo.tn\/fr\/blog\/chaima-issa-comparait-demain-devant-la-justice-militaire\/210075\/"},"modified":"2025-05-20T21:55:47","modified_gmt":"2025-05-20T21:55:47","slug":"chaima-issa-comparait-demain-devant-la-justice-militaire","status":"publish","type":"post","link":"https:\/\/www.webdo.tn\/fr\/actualite\/national\/chaima-issa-comparait-demain-devant-la-justice-militaire\/210075\/","title":{"rendered":"Chaima Issa comparait demain devant la justice militaire"},"content":{"rendered":"<p>Chaima Issa doit compara\u00eetre demain devant la chambre criminelle pr\u00e8s le Tribunal militaire permanent de premi\u00e8re instance de Tunis<\/p>\n<p>\t\t\t\t\t\t\t\t\tLe collectif de d\u00e9fense de Chaima Issa a annonc\u00e9, hier que la dirigeante du Front de salut national comparaitra, mardi 14 novembre 2023, devant la chambre criminelle pr\u00e8s le Tribunal militaire permanent de premi\u00e8re instance de Tunis.<\/p>\n<p>Dans un communiqu\u00e9 publi\u00e9 hier, le collectif de d\u00e9fense a pr\u00e9cis\u00e9 que Chaima Issa est accus\u00e9e d\u2019\u00a0\u00bboffense \u00e0 la personne du pr\u00e9sident de la R\u00e9publique\u00a0\u00bb, \u00ab\u00a0incitation des militaires \u00e0 la d\u00e9sob\u00e9issance\u00a0\u00bb et \u00ab\u00a0propagation de rumeurs mena\u00e7ant la s\u00fbret\u00e9 publique\u00a0\u00bb sur fond de d\u00e9clarations accord\u00e9es \u00e0 une chaine radiophonique.<\/p>\n<p>Chaima Issa, avait d\u00e9j\u00e0 comparu le 19 janvier dernier devant la sous-direction des affaires criminelles de la Garde nationale de Ben Arous \u00e0 la suite de d\u00e9clarations accord\u00e9es \u00e0 une chaine de radio le 22 d\u00e9cembre 2022.<\/p>\n<p>Le 3e juge d\u2019instruction pr\u00e8s le Tribunal militaire permanent de Tunis avait d\u00e9cid\u00e9, d\u00e8s lors, de la maintenir en \u00e9tat de libert\u00e9, mais le 22 f\u00e9vrier 2023, elle avait \u00e9t\u00e9 arr\u00eat\u00e9e et accus\u00e9e de \u00ab\u00a0complot contre la s\u00fbret\u00e9 de l&rsquo;Etat\u00a0\u00bb.<\/p>\n<p>D\u00e9tenue pendant plus de quatre mois, elle avait \u00e9t\u00e9 lib\u00e9r\u00e9e le 13 juillet dernier mais est soumise \u00e0 une interdiction de voyager et d\u2019appara\u00eetre dans les espaces publics.<\/p>\n","protected":false},"excerpt":{"rendered":"<p>Le collectif de d\u00e9fense de Chaima Issa a annonc\u00e9, hier que la dirigeante du Front de salut national comparaitra, mardi 14 novembre 2023, devant la chambre crimi&#8230;<\/p>\n","protected":false},"author":3162,"featured_media":248800,"comment_status":"open","ping_status":"closed","sticky":false,"template":"","format":"standard","meta":{"footnotes":""},"categories":[44],"tags":[6357,3859],"class_list":["post-210075","post","type-post","status-publish","format-standard","has-post-thumbnail","hentry","category-national","tag-chaima-issa","tag-justice-militaire"],"yoast_head":"<!-- This site is optimized with the Yoast SEO Premium plugin v27.5 (Yoast SEO v27.5) - https:\/\/yoast.com\/product\/yoast-seo-premium-wordpress\/ -->\n<title>Chaima Issa comparait demain devant la justice militaire<\/title>\n<meta name=\"description\" content=\"Le collectif de d\u00e9fense de Chaima Issa a annonc\u00e9, hier que la dirigeante du Front de salut national comparaitra, mardi 14 novembre 2023, devant la chambre crimi...\" \/>\n<link rel=\"canonical\" href=\"https:\/\/www.webdo.tn\/fr\/actualite\/national\/chaima-issa-comparait-demain-devant-la-justice-militaire\/210075\/\" \/>\n<meta property=\"og:locale\" content=\"fr_FR\" \/>\n<meta property=\"og:type\" content=\"article\" \/>\n<meta property=\"og:title\" content=\"Chaima Issa comparait demain devant la justice militaire\" \/>\n<meta property=\"og:description\" content=\"Le collectif de d\u00e9fense de Chaima Issa a annonc\u00e9, hier que la dirigeante du Front de salut national comparaitra, mardi 14 novembre 2023, devant la chambre crimi...\" \/>\n<meta property=\"og:url\" content=\"https:\/\/www.webdo.tn\/fr\/actualite\/national\/chaima-issa-comparait-demain-devant-la-justice-militaire\/210075\/\" \/>\n<meta property=\"og:site_name\" content=\"webdo\" \/>\n<meta property=\"article:publisher\" content=\"https:\/\/www.facebook.com\/webdotn\" \/>\n<meta property=\"article:published_time\" content=\"2023-11-13T09:02:00+00:00\" \/>\n<meta property=\"article:modified_time\" content=\"2025-05-20T21:55:47+00:00\" \/>\n<meta property=\"og:image\" content=\"https:\/\/www.webdo.tn\/fr\/wp-content\/uploads\/2023\/11\/df0bbaaa01490a990650ee925215b44a.jpg\" \/>\n\t<meta property=\"og:image:width\" content=\"750\" \/>\n\t<meta property=\"og:image:height\" content=\"400\" \/>\n\t<meta property=\"og:image:type\" content=\"image\/jpeg\" \/>\n<meta name=\"author\" content=\"MC\" \/>\n<meta name=\"twitter:card\" content=\"summary_large_image\" \/>\n<meta name=\"twitter:creator\" content=\"@webdo_tn\" \/>\n<meta name=\"twitter:site\" content=\"@webdo_tn\" \/>\n<meta name=\"twitter:label1\" content=\"\u00c9crit par\" \/>\n\t<meta name=\"twitter:data1\" content=\"MC\" \/>\n\t<meta name=\"twitter:label2\" content=\"Dur\u00e9e de lecture estim\u00e9e\" \/>\n\t<meta name=\"twitter:data2\" content=\"1 minute\" \/>\n<script type=\"application\/ld+json\" class=\"yoast-schema-graph\">{\"@context\":\"https:\\\/\\\/schema.org\",\"@graph\":[{\"@type\":\"NewsArticle\",\"@id\":\"https:\\\/\\\/www.webdo.tn\\\/fr\\\/actualite\\\/national\\\/chaima-issa-comparait-demain-devant-la-justice-militaire\\\/210075\\\/#article\",\"isPartOf\":{\"@id\":\"https:\\\/\\\/www.webdo.tn\\\/fr\\\/actualite\\\/national\\\/chaima-issa-comparait-demain-devant-la-justice-militaire\\\/210075\\\/\"},\"author\":{\"name\":\"MC\",\"@id\":\"https:\\\/\\\/www.webdo.tn\\\/fr\\\/#\\\/schema\\\/person\\\/2c4929cbf5a809e3bd38617c6ce150f6\"},\"headline\":\"Chaima Issa comparait demain devant la justice militaire\",\"datePublished\":\"2023-11-13T09:02:00+00:00\",\"dateModified\":\"2025-05-20T21:55:47+00:00\",\"mainEntityOfPage\":{\"@id\":\"https:\\\/\\\/www.webdo.tn\\\/fr\\\/actualite\\\/national\\\/chaima-issa-comparait-demain-devant-la-justice-militaire\\\/210075\\\/\"},\"wordCount\":240,\"commentCount\":0,\"publisher\":{\"@id\":\"https:\\\/\\\/www.webdo.tn\\\/fr\\\/#organization\"},\"image\":{\"@id\":\"https:\\\/\\\/www.webdo.tn\\\/fr\\\/actualite\\\/national\\\/chaima-issa-comparait-demain-devant-la-justice-militaire\\\/210075\\\/#primaryimage\"},\"thumbnailUrl\":\"https:\\\/\\\/www.webdo.tn\\\/fr\\\/wp-content\\\/uploads\\\/2023\\\/11\\\/df0bbaaa01490a990650ee925215b44a.jpg\",\"keywords\":[\"Chaima Issa\",\"justice militaire\"],\"articleSection\":[\"National\"],\"inLanguage\":\"fr-FR\"},{\"@type\":\"WebPage\",\"@id\":\"https:\\\/\\\/www.webdo.tn\\\/fr\\\/actualite\\\/national\\\/chaima-issa-comparait-demain-devant-la-justice-militaire\\\/210075\\\/\",\"url\":\"https:\\\/\\\/www.webdo.tn\\\/fr\\\/actualite\\\/national\\\/chaima-issa-comparait-demain-devant-la-justice-militaire\\\/210075\\\/\",\"name\":\"Chaima Issa comparait demain devant la justice militaire\",\"isPartOf\":{\"@id\":\"https:\\\/\\\/www.webdo.tn\\\/fr\\\/#website\"},\"primaryImageOfPage\":{\"@id\":\"https:\\\/\\\/www.webdo.tn\\\/fr\\\/actualite\\\/national\\\/chaima-issa-comparait-demain-devant-la-justice-militaire\\\/210075\\\/#primaryimage\"},\"image\":{\"@id\":\"https:\\\/\\\/www.webdo.tn\\\/fr\\\/actualite\\\/national\\\/chaima-issa-comparait-demain-devant-la-justice-militaire\\\/210075\\\/#primaryimage\"},\"thumbnailUrl\":\"https:\\\/\\\/www.webdo.tn\\\/fr\\\/wp-content\\\/uploads\\\/2023\\\/11\\\/df0bbaaa01490a990650ee925215b44a.jpg\",\"datePublished\":\"2023-11-13T09:02:00+00:00\",\"dateModified\":\"2025-05-20T21:55:47+00:00\",\"description\":\"Le collectif de d\u00e9fense de Chaima Issa a annonc\u00e9, hier que la dirigeante du Front de salut national comparaitra, mardi 14 novembre 2023, devant la chambre crimi...\",\"breadcrumb\":{\"@id\":\"https:\\\/\\\/www.webdo.tn\\\/fr\\\/actualite\\\/national\\\/chaima-issa-comparait-demain-devant-la-justice-militaire\\\/210075\\\/#breadcrumb\"},\"inLanguage\":\"fr-FR\",\"potentialAction\":[{\"@type\":\"ReadAction\",\"target\":[\"https:\\\/\\\/www.webdo.tn\\\/fr\\\/actualite\\\/national\\\/chaima-issa-comparait-demain-devant-la-justice-militaire\\\/210075\\\/\"]}]},{\"@type\":\"ImageObject\",\"inLanguage\":\"fr-FR\",\"@id\":\"https:\\\/\\\/www.webdo.tn\\\/fr\\\/actualite\\\/national\\\/chaima-issa-comparait-demain-devant-la-justice-militaire\\\/210075\\\/#primaryimage\",\"url\":\"https:\\\/\\\/www.webdo.tn\\\/fr\\\/wp-content\\\/uploads\\\/2023\\\/11\\\/df0bbaaa01490a990650ee925215b44a.jpg\",\"contentUrl\":\"https:\\\/\\\/www.webdo.tn\\\/fr\\\/wp-content\\\/uploads\\\/2023\\\/11\\\/df0bbaaa01490a990650ee925215b44a.jpg\",\"width\":750,\"height\":400,\"caption\":\"Chaima Issa comparait demain devant la justice militaire\"},{\"@type\":\"BreadcrumbList\",\"@id\":\"https:\\\/\\\/www.webdo.tn\\\/fr\\\/actualite\\\/national\\\/chaima-issa-comparait-demain-devant-la-justice-militaire\\\/210075\\\/#breadcrumb\",\"itemListElement\":[{\"@type\":\"ListItem\",\"position\":1,\"name\":\"Accueil\",\"item\":\"https:\\\/\\\/www.webdo.tn\\\/fr\\\/\"},{\"@type\":\"ListItem\",\"position\":2,\"name\":\"Chaima Issa comparait demain devant la justice militaire\"}]},{\"@type\":\"WebSite\",\"@id\":\"https:\\\/\\\/www.webdo.tn\\\/fr\\\/#website\",\"url\":\"https:\\\/\\\/www.webdo.tn\\\/fr\\\/\",\"name\":\"webdo\",\"description\":\"Tunisie - News en Tunisie et \u00e0 l&#039;international sur Webdo.tn\",\"publisher\":{\"@id\":\"https:\\\/\\\/www.webdo.tn\\\/fr\\\/#organization\"},\"potentialAction\":[{\"@type\":\"SearchAction\",\"target\":{\"@type\":\"EntryPoint\",\"urlTemplate\":\"https:\\\/\\\/www.webdo.tn\\\/fr\\\/?s={search_term_string}\"},\"query-input\":{\"@type\":\"PropertyValueSpecification\",\"valueRequired\":true,\"valueName\":\"search_term_string\"}}],\"inLanguage\":\"fr-FR\"},{\"@type\":\"Organization\",\"@id\":\"https:\\\/\\\/www.webdo.tn\\\/fr\\\/#organization\",\"name\":\"Webdo\",\"alternateName\":\"Webdo.tn\",\"url\":\"https:\\\/\\\/www.webdo.tn\\\/fr\\\/\",\"logo\":{\"@type\":\"ImageObject\",\"inLanguage\":\"fr-FR\",\"@id\":\"https:\\\/\\\/www.webdo.tn\\\/fr\\\/#\\\/schema\\\/logo\\\/image\\\/\",\"url\":\"https:\\\/\\\/www.webdo.tn\\\/fr\\\/wp-content\\\/uploads\\\/2025\\\/06\\\/Webdo-Tunisie_168377.jpg\",\"contentUrl\":\"https:\\\/\\\/www.webdo.tn\\\/fr\\\/wp-content\\\/uploads\\\/2025\\\/06\\\/Webdo-Tunisie_168377.jpg\",\"width\":301,\"height\":301,\"caption\":\"Webdo\"},\"image\":{\"@id\":\"https:\\\/\\\/www.webdo.tn\\\/fr\\\/#\\\/schema\\\/logo\\\/image\\\/\"},\"sameAs\":[\"https:\\\/\\\/www.facebook.com\\\/webdotn\",\"https:\\\/\\\/x.com\\\/webdo_tn\"],\"description\":\"Webdo est un m\u00e9dia num\u00e9rique tunisien fond\u00e9 en 2010, sp\u00e9cialis\u00e9 dans l\u2019actualit\u00e9 nationale et internationale, l\u2019\u00e9conomie, la soci\u00e9t\u00e9 et les analyses politiques. Le site s\u2019adresse \u00e0 un large public francophone et couvre l\u2019information tunisienne en temps r\u00e9el.\",\"email\":\"redac@webdo.tn\",\"legalName\":\"YNJ SARL\",\"foundingDate\":\"2010-09-06\",\"numberOfEmployees\":{\"@type\":\"QuantitativeValue\",\"minValue\":\"11\",\"maxValue\":\"50\"}},{\"@type\":\"Person\",\"@id\":\"https:\\\/\\\/www.webdo.tn\\\/fr\\\/#\\\/schema\\\/person\\\/2c4929cbf5a809e3bd38617c6ce150f6\",\"name\":\"MC\",\"image\":{\"@type\":\"ImageObject\",\"inLanguage\":\"fr-FR\",\"@id\":\"https:\\\/\\\/secure.gravatar.com\\\/avatar\\\/a545bbb6f84efdd5553dbbc2895e3ca8f1d12c5215e00a041c9670b54aa9b18a?s=96&d=mm&r=g\",\"url\":\"https:\\\/\\\/secure.gravatar.com\\\/avatar\\\/a545bbb6f84efdd5553dbbc2895e3ca8f1d12c5215e00a041c9670b54aa9b18a?s=96&d=mm&r=g\",\"contentUrl\":\"https:\\\/\\\/secure.gravatar.com\\\/avatar\\\/a545bbb6f84efdd5553dbbc2895e3ca8f1d12c5215e00a041c9670b54aa9b18a?s=96&d=mm&r=g\",\"caption\":\"MC\"},\"url\":\"https:\\\/\\\/www.webdo.tn\\\/fr\\\/actualite\\\/author\\\/mc\\\/\"}]}<\/script>\n<!-- \/ Yoast SEO Premium plugin. -->","yoast_head_json":{"title":"Chaima Issa comparait demain devant la justice militaire","description":"Le collectif de d\u00e9fense de Chaima Issa a annonc\u00e9, hier que la dirigeante du Front de salut national comparaitra, mardi 14 novembre 2023, devant la chambre crimi...","canonical":"https:\/\/www.webdo.tn\/fr\/actualite\/national\/chaima-issa-comparait-demain-devant-la-justice-militaire\/210075\/","og_locale":"fr_FR","og_type":"article","og_title":"Chaima Issa comparait demain devant la justice militaire","og_description":"Le collectif de d\u00e9fense de Chaima Issa a annonc\u00e9, hier que la dirigeante du Front de salut national comparaitra, mardi 14 novembre 2023, devant la chambre crimi...","og_url":"https:\/\/www.webdo.tn\/fr\/actualite\/national\/chaima-issa-comparait-demain-devant-la-justice-militaire\/210075\/","og_site_name":"webdo","article_publisher":"https:\/\/www.facebook.com\/webdotn","article_published_time":"2023-11-13T09:02:00+00:00","article_modified_time":"2025-05-20T21:55:47+00:00","og_image":[{"width":750,"height":400,"url":"https:\/\/www.webdo.tn\/fr\/wp-content\/uploads\/2023\/11\/df0bbaaa01490a990650ee925215b44a.jpg","type":"image\/jpeg"}],"author":"MC","twitter_card":"summary_large_image","twitter_creator":"@webdo_tn","twitter_site":"@webdo_tn","twitter_misc":{"\u00c9crit par":"MC","Dur\u00e9e de lecture estim\u00e9e":"1 minute"},"schema":{"@context":"https:\/\/schema.org","@graph":[{"@type":"NewsArticle","@id":"https:\/\/www.webdo.tn\/fr\/actualite\/national\/chaima-issa-comparait-demain-devant-la-justice-militaire\/210075\/#article","isPartOf":{"@id":"https:\/\/www.webdo.tn\/fr\/actualite\/national\/chaima-issa-comparait-demain-devant-la-justice-militaire\/210075\/"},"author":{"name":"MC","@id":"https:\/\/www.webdo.tn\/fr\/#\/schema\/person\/2c4929cbf5a809e3bd38617c6ce150f6"},"headline":"Chaima Issa comparait demain devant la justice militaire","datePublished":"2023-11-13T09:02:00+00:00","dateModified":"2025-05-20T21:55:47+00:00","mainEntityOfPage":{"@id":"https:\/\/www.webdo.tn\/fr\/actualite\/national\/chaima-issa-comparait-demain-devant-la-justice-militaire\/210075\/"},"wordCount":240,"commentCount":0,"publisher":{"@id":"https:\/\/www.webdo.tn\/fr\/#organization"},"image":{"@id":"https:\/\/www.webdo.tn\/fr\/actualite\/national\/chaima-issa-comparait-demain-devant-la-justice-militaire\/210075\/#primaryimage"},"thumbnailUrl":"https:\/\/www.webdo.tn\/fr\/wp-content\/uploads\/2023\/11\/df0bbaaa01490a990650ee925215b44a.jpg","keywords":["Chaima Issa","justice militaire"],"articleSection":["National"],"inLanguage":"fr-FR"},{"@type":"WebPage","@id":"https:\/\/www.webdo.tn\/fr\/actualite\/national\/chaima-issa-comparait-demain-devant-la-justice-militaire\/210075\/","url":"https:\/\/www.webdo.tn\/fr\/actualite\/national\/chaima-issa-comparait-demain-devant-la-justice-militaire\/210075\/","name":"Chaima Issa comparait demain devant la justice militaire","isPartOf":{"@id":"https:\/\/www.webdo.tn\/fr\/#website"},"primaryImageOfPage":{"@id":"https:\/\/www.webdo.tn\/fr\/actualite\/national\/chaima-issa-comparait-demain-devant-la-justice-militaire\/210075\/#primaryimage"},"image":{"@id":"https:\/\/www.webdo.tn\/fr\/actualite\/national\/chaima-issa-comparait-demain-devant-la-justice-militaire\/210075\/#primaryimage"},"thumbnailUrl":"https:\/\/www.webdo.tn\/fr\/wp-content\/uploads\/2023\/11\/df0bbaaa01490a990650ee925215b44a.jpg","datePublished":"2023-11-13T09:02:00+00:00","dateModified":"2025-05-20T21:55:47+00:00","description":"Le collectif de d\u00e9fense de Chaima Issa a annonc\u00e9, hier que la dirigeante du Front de salut national comparaitra, mardi 14 novembre 2023, devant la chambre crimi...","breadcrumb":{"@id":"https:\/\/www.webdo.tn\/fr\/actualite\/national\/chaima-issa-comparait-demain-devant-la-justice-militaire\/210075\/#breadcrumb"},"inLanguage":"fr-FR","potentialAction":[{"@type":"ReadAction","target":["https:\/\/www.webdo.tn\/fr\/actualite\/national\/chaima-issa-comparait-demain-devant-la-justice-militaire\/210075\/"]}]},{"@type":"ImageObject","inLanguage":"fr-FR","@id":"https:\/\/www.webdo.tn\/fr\/actualite\/national\/chaima-issa-comparait-demain-devant-la-justice-militaire\/210075\/#primaryimage","url":"https:\/\/www.webdo.tn\/fr\/wp-content\/uploads\/2023\/11\/df0bbaaa01490a990650ee925215b44a.jpg","contentUrl":"https:\/\/www.webdo.tn\/fr\/wp-content\/uploads\/2023\/11\/df0bbaaa01490a990650ee925215b44a.jpg","width":750,"height":400,"caption":"Chaima Issa comparait demain devant la justice militaire"},{"@type":"BreadcrumbList","@id":"https:\/\/www.webdo.tn\/fr\/actualite\/national\/chaima-issa-comparait-demain-devant-la-justice-militaire\/210075\/#breadcrumb","itemListElement":[{"@type":"ListItem","position":1,"name":"Accueil","item":"https:\/\/www.webdo.tn\/fr\/"},{"@type":"ListItem","position":2,"name":"Chaima Issa comparait demain devant la justice militaire"}]},{"@type":"WebSite","@id":"https:\/\/www.webdo.tn\/fr\/#website","url":"https:\/\/www.webdo.tn\/fr\/","name":"webdo","description":"Tunisie - News en Tunisie et \u00e0 l&#039;international sur Webdo.tn","publisher":{"@id":"https:\/\/www.webdo.tn\/fr\/#organization"},"potentialAction":[{"@type":"SearchAction","target":{"@type":"EntryPoint","urlTemplate":"https:\/\/www.webdo.tn\/fr\/?s={search_term_string}"},"query-input":{"@type":"PropertyValueSpecification","valueRequired":true,"valueName":"search_term_string"}}],"inLanguage":"fr-FR"},{"@type":"Organization","@id":"https:\/\/www.webdo.tn\/fr\/#organization","name":"Webdo","alternateName":"Webdo.tn","url":"https:\/\/www.webdo.tn\/fr\/","logo":{"@type":"ImageObject","inLanguage":"fr-FR","@id":"https:\/\/www.webdo.tn\/fr\/#\/schema\/logo\/image\/","url":"https:\/\/www.webdo.tn\/fr\/wp-content\/uploads\/2025\/06\/Webdo-Tunisie_168377.jpg","contentUrl":"https:\/\/www.webdo.tn\/fr\/wp-content\/uploads\/2025\/06\/Webdo-Tunisie_168377.jpg","width":301,"height":301,"caption":"Webdo"},"image":{"@id":"https:\/\/www.webdo.tn\/fr\/#\/schema\/logo\/image\/"},"sameAs":["https:\/\/www.facebook.com\/webdotn","https:\/\/x.com\/webdo_tn"],"description":"Webdo est un m\u00e9dia num\u00e9rique tunisien fond\u00e9 en 2010, sp\u00e9cialis\u00e9 dans l\u2019actualit\u00e9 nationale et internationale, l\u2019\u00e9conomie, la soci\u00e9t\u00e9 et les analyses politiques. Le site s\u2019adresse \u00e0 un large public francophone et couvre l\u2019information tunisienne en temps r\u00e9el.","email":"redac@webdo.tn","legalName":"YNJ SARL","foundingDate":"2010-09-06","numberOfEmployees":{"@type":"QuantitativeValue","minValue":"11","maxValue":"50"}},{"@type":"Person","@id":"https:\/\/www.webdo.tn\/fr\/#\/schema\/person\/2c4929cbf5a809e3bd38617c6ce150f6","name":"MC","image":{"@type":"ImageObject","inLanguage":"fr-FR","@id":"https:\/\/secure.gravatar.com\/avatar\/a545bbb6f84efdd5553dbbc2895e3ca8f1d12c5215e00a041c9670b54aa9b18a?s=96&d=mm&r=g","url":"https:\/\/secure.gravatar.com\/avatar\/a545bbb6f84efdd5553dbbc2895e3ca8f1d12c5215e00a041c9670b54aa9b18a?s=96&d=mm&r=g","contentUrl":"https:\/\/secure.gravatar.com\/avatar\/a545bbb6f84efdd5553dbbc2895e3ca8f1d12c5215e00a041c9670b54aa9b18a?s=96&d=mm&r=g","caption":"MC"},"url":"https:\/\/www.webdo.tn\/fr\/actualite\/author\/mc\/"}]}},"_links":{"self":[{"href":"https:\/\/www.webdo.tn\/fr\/wp-json\/wp\/v2\/posts\/210075","targetHints":{"allow":["GET"]}}],"collection":[{"href":"https:\/\/www.webdo.tn\/fr\/wp-json\/wp\/v2\/posts"}],"about":[{"href":"https:\/\/www.webdo.tn\/fr\/wp-json\/wp\/v2\/types\/post"}],"author":[{"embeddable":true,"href":"https:\/\/www.webdo.tn\/fr\/wp-json\/wp\/v2\/users\/3162"}],"replies":[{"embeddable":true,"href":"https:\/\/www.webdo.tn\/fr\/wp-json\/wp\/v2\/comments?post=210075"}],"version-history":[{"count":0,"href":"https:\/\/www.webdo.tn\/fr\/wp-json\/wp\/v2\/posts\/210075\/revisions"}],"wp:featuredmedia":[{"embeddable":true,"href":"https:\/\/www.webdo.tn\/fr\/wp-json\/wp\/v2\/media\/248800"}],"wp:attachment":[{"href":"https:\/\/www.webdo.tn\/fr\/wp-json\/wp\/v2\/media?parent=210075"}],"wp:term":[{"taxonomy":"category","embeddable":true,"href":"https:\/\/www.webdo.tn\/fr\/wp-json\/wp\/v2\/categories?post=210075"},{"taxonomy":"post_tag","embeddable":true,"href":"https:\/\/www.webdo.tn\/fr\/wp-json\/wp\/v2\/tags?post=210075"}],"curies":[{"name":"wp","href":"https:\/\/api.w.org\/{rel}","templated":true}]}}