{"id":210069,"date":"2023-11-12T20:57:00","date_gmt":"2023-11-12T20:57:00","guid":{"rendered":"https:\/\/www.webdo.tn\/fr\/blog\/kiev-en-etat-d-alerte-apres-deux-mois-de-repit\/210069\/"},"modified":"2025-05-20T22:56:19","modified_gmt":"2025-05-20T22:56:19","slug":"kiev-en-etat-d-alerte-apres-deux-mois-de-repit","status":"publish","type":"post","link":"https:\/\/www.webdo.tn\/fr\/actualite\/international\/kiev-en-etat-d-alerte-apres-deux-mois-de-repit\/210069\/","title":{"rendered":"Kiev en \u00e9tat d\u2019alerte apr\u00e8s deux mois de r\u00e9pit !"},"content":{"rendered":"<p>L\u2019id\u00e9e de se rendre en Ukraine est peut-\u00eatre \u00ab\u00a0ind\u00e9cente\u00a0\u00bb \u00e0 l\u2019heure o\u00f9 le monde reste suspendu \u00e0 ce qui se passe \u00e0 Gaza. Mais entreprendre ce genre de p\u00e9riple, programm\u00e9 depuis des semaines, a pour principal objectif d\u2019aller \u00e0 la rencontre de ces Tunisiens qui ont pr\u00e9f\u00e9r\u00e9 rester dans ce pays min\u00e9 par la guerre plut\u00f4t que de rentrer au bercail.<\/p>\n<p>\t\t\t\t\t\t\t\t\tOui, des Tunisiens sont encore en Ukraine\u00b2. Ils ont choisi d\u2019y rester pour plusieurs raisons propres \u00e0 eux. En allant les \u00ab\u00a0d\u00e9nicher\u00a0\u00bb dans un pays o\u00f9 la guerre bat son plein, est un v\u00e9ritable d\u00e9fi.<\/p>\n<p>Le p\u00e9riple commence de Paris, ville transit avant de se rendre en Pologne, pays frontalier de l\u2019Ukraine. Une fois arriv\u00e9 en Pologne, direction Kiev, pour entrer dans le vif du sujet. Les premi\u00e8res impressions sont d\u00e9stabilisantes voire contradictoires avec tout ce que nous pouvons lire ici et l\u00e0 sur la guerre.<\/p>\n<p>Un kiosque \u00e0 Bila Tserkva, une petite cit\u00e9 situ\u00e9e \u00e0 90km de Kiev | CP : Webdo<\/p>\n<p>\u00a0<\/p>\n<p>A Kiev, la vie semble normale apr\u00e8s plus de vingt mois de combats au c\u0153ur d\u2019une guerre qui secoue toujours l\u2019Ukraine. Les gens vaquent \u00e0 leurs occupations quotidiennes. Qu\u2019il est loin le temps o\u00f9 les images d\u2019une capitale en \u00e9tat d\u2019alerte d\u00e9filaient dans le monde entier.<\/p>\n<p>L\u2019optimisme et la fiert\u00e9 des Ki\u00e9viens !<\/p>\n<p>Les habitants gardent leur optimisme l\u00e9gendaire en montrant fi\u00e8rement les symboles de l\u2019ind\u00e9pendance ukrainienne lorsqu\u2019ils en ont l\u2019occasion. Le drapeau, le trident (ici sur notre photo), la statue de l\u2019ind\u00e9pendance, le tournesol et le i tr\u00e9ma sont les grands embl\u00e8mes de l\u2019Ukraine.<\/p>\n<p>Le trident, demeure l\u2019un des symboles les plus embl\u00e9matiques de l\u2019Ukraine. Son histoire remonte \u00e0 plusieurs si\u00e8cles. Volodymyr le Grand, l\u2019une des personnalit\u00e9s les plus v\u00e9n\u00e9r\u00e9es du pays, l\u2019a fait graver sur la monnaie \u00e0 l\u2019\u00e9poque o\u00f9 Kiev se trouvait sous sa direction, de 980 \u00e0 1015.<\/p>\n<p>Le trident est devenu le blason de l\u2019Ukraine une premi\u00e8re fois pendant la guerre d\u2019ind\u00e9pendance de 1917-1921. Le pays l\u2019a de nouveau inclus dans ses armoiries \u00e0 partir de 1991, lorsqu\u2019il a vot\u00e9 pour son ind\u00e9pendance.<\/p>\n<p>Kiev fiert\u00e9 des habitants avec le fameux trident | CP : Webdo<\/p>\n<p>\u00a0<\/p>\n<p>Au d\u00e9but du mois d\u2019ao\u00fbt 2023, l\u2019Ukraine a remplac\u00e9 par ce trident la faucille et le marteau sovi\u00e9tiques sculpt\u00e9s sur l\u2019immense statue de la M\u00e8re Patrie \u00e0 Kiev. Le gouvernement pr\u00e9voit \u00e9galement de rebaptiser la statue \u00ab M\u00e8re Ukraine \u00bb.<\/p>\n<p>Recrudescence d\u2019attaques russes, attendue !<\/p>\n<p>Les Ki\u00e9viens savent toutefois que ce n\u2019est qu\u2019une illusion et que la Russie peut frapper \u00e0 n\u2019importe quel moment. Hier, samedi 11 novembre 2023, ils sont retomb\u00e9s dans l\u2019atmosph\u00e8re des d\u00e9buts lorsque les sir\u00e8nes ont brusquement retenti, apr\u00e8s deux mois de calme.<\/p>\n<p>Puis, deux fortes explosions ont \u00e9t\u00e9 entendues, au centre de la capitale ukrainienne, l\u00e0 o\u00f9 nous \u00e9tions pr\u00e9sents. En effet, vers 8h00 du matin, les habitants de Kiev ont de nouveau \u00e9t\u00e9 saisis par cette inqui\u00e9tude qui les a oblig\u00e9s \u00e0 se mettre \u00e0 l\u2019abri suite \u00e0 l\u2019explosion de deux missiles russes d\u00e9truits pr\u00e8s de l\u2019a\u00e9roport par le syst\u00e8me de d\u00e9fense a\u00e9rien Patriot, selon les t\u00e9moignages recueillis sur place.<\/p>\n<p>Si les sir\u00e8nes ont retenti tardivement, c\u2019est que ces deux missiles balistiques ont \u00e9t\u00e9 envoy\u00e9s des stations mobiles pr\u00e8s des fronti\u00e8res et ne peuvent pas \u00eatre d\u00e9tect\u00e9s qu\u2019apr\u00e8s le flash \u00e9mis par le lancement, comme le confirment des experts consult\u00e9s \u00e0 Kiev.<\/p>\n<p>L\u2019administration militaire de Kiev a d\u2019ailleurs confirm\u00e9 sur Telegram. \u00ab\u00a0qu\u2019il \u00e9tait tr\u00e8s probable que l\u2019ennemi teste ainsi le syst\u00e8me de d\u00e9fense de Kiev\u00a0\u00bb. L\u2019Ukraine s\u2019attend en effet, \u00e0 une recrudescence d\u2019attaques de ce genre cet hiver, apr\u00e8s les frappes de l\u2019hiver dernier qui avaient vis\u00e9 le r\u00e9seau \u00e9nerg\u00e9tique ukrainien, laissant des milliers de personnes sans chauffage ni \u00e9lectricit\u00e9 pendant de longues p\u00e9riodes.<\/p>\n<p>\u00ab\u00a0Apr\u00e8s une longue pause de 52 jours, l\u2019ennemi a repris ses attaques de missiles sur Kiev !\u00a0\u00bb a ajout\u00e9 le chef de l\u2019administration militaire de Kiev.<\/p>\n","protected":false},"excerpt":{"rendered":"<p>A Kiev, la vie semble normale apr\u00e8s plus de vingt mois de combats au c\u0153ur d\u2019une guerre qui secoue toujours l\u2019Ukraine.<\/p>\n","protected":false},"author":3183,"featured_media":248794,"comment_status":"open","ping_status":"closed","sticky":false,"template":"","format":"standard","meta":{"footnotes":""},"categories":[2598],"tags":[7504,3295],"class_list":["post-210069","post","type-post","status-publish","format-standard","has-post-thumbnail","hentry","category-international","tag-kiev","tag-ukraine"],"yoast_head":"<!-- This site is optimized with the Yoast SEO Premium plugin v27.4 (Yoast SEO v27.5) - https:\/\/yoast.com\/product\/yoast-seo-premium-wordpress\/ -->\n<title>Kiev en \u00e9tat d\u2019alerte apr\u00e8s deux mois de r\u00e9pit !<\/title>\n<meta name=\"description\" content=\"A Kiev, la vie semble normale apr\u00e8s plus de vingt mois de combats au c\u0153ur d\u2019une guerre qui secoue toujours l\u2019Ukraine.\" \/>\n<link rel=\"canonical\" href=\"https:\/\/www.webdo.tn\/fr\/actualite\/international\/kiev-en-etat-d-alerte-apres-deux-mois-de-repit\/210069\/\" \/>\n<meta property=\"og:locale\" content=\"fr_FR\" \/>\n<meta property=\"og:type\" content=\"article\" \/>\n<meta property=\"og:title\" content=\"Kiev en \u00e9tat d\u2019alerte apr\u00e8s deux mois de r\u00e9pit !\" \/>\n<meta property=\"og:description\" content=\"A Kiev, la vie semble normale apr\u00e8s plus de vingt mois de combats au c\u0153ur d\u2019une guerre qui secoue toujours l\u2019Ukraine.\" \/>\n<meta property=\"og:url\" content=\"https:\/\/www.webdo.tn\/fr\/actualite\/international\/kiev-en-etat-d-alerte-apres-deux-mois-de-repit\/210069\/\" \/>\n<meta property=\"og:site_name\" content=\"webdo\" \/>\n<meta property=\"article:publisher\" content=\"https:\/\/www.facebook.com\/webdotn\" \/>\n<meta property=\"article:author\" content=\"https:\/\/www.facebook.com\/wby.webdo\" \/>\n<meta property=\"article:published_time\" content=\"2023-11-12T20:57:00+00:00\" \/>\n<meta property=\"article:modified_time\" content=\"2025-05-20T22:56:19+00:00\" \/>\n<meta property=\"og:image\" content=\"https:\/\/www.webdo.tn\/fr\/wp-content\/uploads\/2023\/11\/40a570d997783d120a7620aa5ac5359d.jpg\" \/>\n\t<meta property=\"og:image:width\" content=\"750\" \/>\n\t<meta property=\"og:image:height\" content=\"400\" \/>\n\t<meta property=\"og:image:type\" content=\"image\/jpeg\" \/>\n<meta name=\"author\" content=\"Walid Ben Youssef\" \/>\n<meta name=\"twitter:card\" content=\"summary_large_image\" \/>\n<meta name=\"twitter:creator\" content=\"@webdo_tn\" \/>\n<meta name=\"twitter:site\" content=\"@webdo_tn\" \/>\n<meta name=\"twitter:label1\" content=\"\u00c9crit par\" \/>\n\t<meta name=\"twitter:data1\" content=\"Walid Ben Youssef\" \/>\n\t<meta name=\"twitter:label2\" content=\"Dur\u00e9e de lecture estim\u00e9e\" \/>\n\t<meta name=\"twitter:data2\" content=\"4 minutes\" \/>\n<script type=\"application\/ld+json\" class=\"yoast-schema-graph\">{\"@context\":\"https:\\\/\\\/schema.org\",\"@graph\":[{\"@type\":\"NewsArticle\",\"@id\":\"https:\\\/\\\/www.webdo.tn\\\/fr\\\/actualite\\\/international\\\/kiev-en-etat-d-alerte-apres-deux-mois-de-repit\\\/210069\\\/#article\",\"isPartOf\":{\"@id\":\"https:\\\/\\\/www.webdo.tn\\\/fr\\\/actualite\\\/international\\\/kiev-en-etat-d-alerte-apres-deux-mois-de-repit\\\/210069\\\/\"},\"author\":{\"name\":\"Walid Ben Youssef\",\"@id\":\"https:\\\/\\\/www.webdo.tn\\\/fr\\\/#\\\/schema\\\/person\\\/2c509d3aeb706736cdf7dc93d76b6fe1\"},\"headline\":\"Kiev en \u00e9tat d\u2019alerte apr\u00e8s deux mois de r\u00e9pit !\",\"datePublished\":\"2023-11-12T20:57:00+00:00\",\"dateModified\":\"2025-05-20T22:56:19+00:00\",\"mainEntityOfPage\":{\"@id\":\"https:\\\/\\\/www.webdo.tn\\\/fr\\\/actualite\\\/international\\\/kiev-en-etat-d-alerte-apres-deux-mois-de-repit\\\/210069\\\/\"},\"wordCount\":737,\"commentCount\":0,\"publisher\":{\"@id\":\"https:\\\/\\\/www.webdo.tn\\\/fr\\\/#organization\"},\"image\":{\"@id\":\"https:\\\/\\\/www.webdo.tn\\\/fr\\\/actualite\\\/international\\\/kiev-en-etat-d-alerte-apres-deux-mois-de-repit\\\/210069\\\/#primaryimage\"},\"thumbnailUrl\":\"https:\\\/\\\/www.webdo.tn\\\/fr\\\/wp-content\\\/uploads\\\/2023\\\/11\\\/40a570d997783d120a7620aa5ac5359d.jpg\",\"keywords\":[\"kiev\",\"Ukraine\"],\"articleSection\":[\"International\"],\"inLanguage\":\"fr-FR\"},{\"@type\":\"WebPage\",\"@id\":\"https:\\\/\\\/www.webdo.tn\\\/fr\\\/actualite\\\/international\\\/kiev-en-etat-d-alerte-apres-deux-mois-de-repit\\\/210069\\\/\",\"url\":\"https:\\\/\\\/www.webdo.tn\\\/fr\\\/actualite\\\/international\\\/kiev-en-etat-d-alerte-apres-deux-mois-de-repit\\\/210069\\\/\",\"name\":\"Kiev en \u00e9tat d\u2019alerte apr\u00e8s deux mois de r\u00e9pit !\",\"isPartOf\":{\"@id\":\"https:\\\/\\\/www.webdo.tn\\\/fr\\\/#website\"},\"primaryImageOfPage\":{\"@id\":\"https:\\\/\\\/www.webdo.tn\\\/fr\\\/actualite\\\/international\\\/kiev-en-etat-d-alerte-apres-deux-mois-de-repit\\\/210069\\\/#primaryimage\"},\"image\":{\"@id\":\"https:\\\/\\\/www.webdo.tn\\\/fr\\\/actualite\\\/international\\\/kiev-en-etat-d-alerte-apres-deux-mois-de-repit\\\/210069\\\/#primaryimage\"},\"thumbnailUrl\":\"https:\\\/\\\/www.webdo.tn\\\/fr\\\/wp-content\\\/uploads\\\/2023\\\/11\\\/40a570d997783d120a7620aa5ac5359d.jpg\",\"datePublished\":\"2023-11-12T20:57:00+00:00\",\"dateModified\":\"2025-05-20T22:56:19+00:00\",\"description\":\"A Kiev, la vie semble normale apr\u00e8s plus de vingt mois de combats au c\u0153ur d\u2019une guerre qui secoue toujours l\u2019Ukraine.\",\"breadcrumb\":{\"@id\":\"https:\\\/\\\/www.webdo.tn\\\/fr\\\/actualite\\\/international\\\/kiev-en-etat-d-alerte-apres-deux-mois-de-repit\\\/210069\\\/#breadcrumb\"},\"inLanguage\":\"fr-FR\",\"potentialAction\":[{\"@type\":\"ReadAction\",\"target\":[\"https:\\\/\\\/www.webdo.tn\\\/fr\\\/actualite\\\/international\\\/kiev-en-etat-d-alerte-apres-deux-mois-de-repit\\\/210069\\\/\"]}]},{\"@type\":\"ImageObject\",\"inLanguage\":\"fr-FR\",\"@id\":\"https:\\\/\\\/www.webdo.tn\\\/fr\\\/actualite\\\/international\\\/kiev-en-etat-d-alerte-apres-deux-mois-de-repit\\\/210069\\\/#primaryimage\",\"url\":\"https:\\\/\\\/www.webdo.tn\\\/fr\\\/wp-content\\\/uploads\\\/2023\\\/11\\\/40a570d997783d120a7620aa5ac5359d.jpg\",\"contentUrl\":\"https:\\\/\\\/www.webdo.tn\\\/fr\\\/wp-content\\\/uploads\\\/2023\\\/11\\\/40a570d997783d120a7620aa5ac5359d.jpg\",\"width\":750,\"height\":400,\"caption\":\"Kiev\"},{\"@type\":\"BreadcrumbList\",\"@id\":\"https:\\\/\\\/www.webdo.tn\\\/fr\\\/actualite\\\/international\\\/kiev-en-etat-d-alerte-apres-deux-mois-de-repit\\\/210069\\\/#breadcrumb\",\"itemListElement\":[{\"@type\":\"ListItem\",\"position\":1,\"name\":\"Accueil\",\"item\":\"https:\\\/\\\/www.webdo.tn\\\/fr\\\/\"},{\"@type\":\"ListItem\",\"position\":2,\"name\":\"Kiev en \u00e9tat d\u2019alerte apr\u00e8s deux mois de r\u00e9pit !\"}]},{\"@type\":\"WebSite\",\"@id\":\"https:\\\/\\\/www.webdo.tn\\\/fr\\\/#website\",\"url\":\"https:\\\/\\\/www.webdo.tn\\\/fr\\\/\",\"name\":\"webdo\",\"description\":\"Tunisie - News en Tunisie et \u00e0 l&#039;international sur Webdo.tn\",\"publisher\":{\"@id\":\"https:\\\/\\\/www.webdo.tn\\\/fr\\\/#organization\"},\"potentialAction\":[{\"@type\":\"SearchAction\",\"target\":{\"@type\":\"EntryPoint\",\"urlTemplate\":\"https:\\\/\\\/www.webdo.tn\\\/fr\\\/?s={search_term_string}\"},\"query-input\":{\"@type\":\"PropertyValueSpecification\",\"valueRequired\":true,\"valueName\":\"search_term_string\"}}],\"inLanguage\":\"fr-FR\"},{\"@type\":\"Organization\",\"@id\":\"https:\\\/\\\/www.webdo.tn\\\/fr\\\/#organization\",\"name\":\"Webdo\",\"alternateName\":\"Webdo.tn\",\"url\":\"https:\\\/\\\/www.webdo.tn\\\/fr\\\/\",\"logo\":{\"@type\":\"ImageObject\",\"inLanguage\":\"fr-FR\",\"@id\":\"https:\\\/\\\/www.webdo.tn\\\/fr\\\/#\\\/schema\\\/logo\\\/image\\\/\",\"url\":\"https:\\\/\\\/www.webdo.tn\\\/fr\\\/wp-content\\\/uploads\\\/2025\\\/06\\\/Webdo-Tunisie_168377.jpg\",\"contentUrl\":\"https:\\\/\\\/www.webdo.tn\\\/fr\\\/wp-content\\\/uploads\\\/2025\\\/06\\\/Webdo-Tunisie_168377.jpg\",\"width\":301,\"height\":301,\"caption\":\"Webdo\"},\"image\":{\"@id\":\"https:\\\/\\\/www.webdo.tn\\\/fr\\\/#\\\/schema\\\/logo\\\/image\\\/\"},\"sameAs\":[\"https:\\\/\\\/www.facebook.com\\\/webdotn\",\"https:\\\/\\\/x.com\\\/webdo_tn\"],\"description\":\"Webdo est un m\u00e9dia num\u00e9rique tunisien fond\u00e9 en 2010, sp\u00e9cialis\u00e9 dans l\u2019actualit\u00e9 nationale et internationale, l\u2019\u00e9conomie, la soci\u00e9t\u00e9 et les analyses politiques. Le site s\u2019adresse \u00e0 un large public francophone et couvre l\u2019information tunisienne en temps r\u00e9el.\",\"email\":\"redac@webdo.tn\",\"legalName\":\"YNJ SARL\",\"foundingDate\":\"2010-09-06\",\"numberOfEmployees\":{\"@type\":\"QuantitativeValue\",\"minValue\":\"11\",\"maxValue\":\"50\"}},{\"@type\":\"Person\",\"@id\":\"https:\\\/\\\/www.webdo.tn\\\/fr\\\/#\\\/schema\\\/person\\\/2c509d3aeb706736cdf7dc93d76b6fe1\",\"name\":\"Walid Ben Youssef\",\"image\":{\"@type\":\"ImageObject\",\"inLanguage\":\"fr-FR\",\"@id\":\"https:\\\/\\\/www.webdo.tn\\\/fr\\\/wp-content\\\/uploads\\\/2026\\\/04\\\/walid-ben-youssef_avatar-96x96.jpg\",\"url\":\"https:\\\/\\\/www.webdo.tn\\\/fr\\\/wp-content\\\/uploads\\\/2026\\\/04\\\/walid-ben-youssef_avatar-96x96.jpg\",\"contentUrl\":\"https:\\\/\\\/www.webdo.tn\\\/fr\\\/wp-content\\\/uploads\\\/2026\\\/04\\\/walid-ben-youssef_avatar-96x96.jpg\",\"caption\":\"Walid Ben Youssef\"},\"description\":\"Walid Ben Youssef est fondateur et directeur de publication de Webdo.tn, m\u00e9dia num\u00e9rique tunisien lanc\u00e9 en 2011. Journaliste depuis plus de 20 ans, il a d\u00e9but\u00e9 sa carri\u00e8re au sein du groupe Dar Tunis-Hebdo, o\u00f9 il a contribu\u00e9 d\u00e8s le d\u00e9but des ann\u00e9es 2000 au d\u00e9veloppement des premi\u00e8res initiatives web du titre. Avant de fonder Webdo, il a occup\u00e9 les fonctions de directeur adjoint du groupe Dar Tunis-Hebdo, participant au d\u00e9veloppement \u00e9ditorial, publicitaire et num\u00e9rique du groupe. Sp\u00e9cialis\u00e9 dans les m\u00e9dias num\u00e9riques, la transformation digitale de l\u2019information et l\u2019actualit\u00e9 nationale et internationale, il supervise la ligne \u00e9ditoriale de Webdo et pilote son d\u00e9veloppement strat\u00e9gique. Dipl\u00f4m\u00e9 en math\u00e9matiques de l\u2019Universit\u00e9 d\u2019Oregon (\u00c9tats-Unis), il associe une approche analytique \u00e0 une expertise de terrain du journalisme. \ud83d\udd17 Facebook : https:\\\/\\\/www.facebook.com\\\/wby.webdo\",\"sameAs\":[\"https:\\\/\\\/www.facebook.com\\\/wby.webdo\"],\"knowsAbout\":[\"journalisme\",\"m\u00e9dias num\u00e9riques\",\"transformation digitale\",\"actualit\u00e9 tunisienne\",\"g\u00e9opolitique\"],\"knowsLanguage\":[\"Fran\u00e7ais\",\"Arabe\",\"Anglais\"],\"jobTitle\":\"Fondateur et directeur de publication\",\"worksFor\":\"Webdo.tn\",\"url\":\"https:\\\/\\\/www.webdo.tn\\\/fr\\\/actualite\\\/author\\\/walid-ben-youssef\\\/\"}]}<\/script>\n<!-- \/ Yoast SEO Premium plugin. -->","yoast_head_json":{"title":"Kiev en \u00e9tat d\u2019alerte apr\u00e8s deux mois de r\u00e9pit !","description":"A Kiev, la vie semble normale apr\u00e8s plus de vingt mois de combats au c\u0153ur d\u2019une guerre qui secoue toujours l\u2019Ukraine.","canonical":"https:\/\/www.webdo.tn\/fr\/actualite\/international\/kiev-en-etat-d-alerte-apres-deux-mois-de-repit\/210069\/","og_locale":"fr_FR","og_type":"article","og_title":"Kiev en \u00e9tat d\u2019alerte apr\u00e8s deux mois de r\u00e9pit !","og_description":"A Kiev, la vie semble normale apr\u00e8s plus de vingt mois de combats au c\u0153ur d\u2019une guerre qui secoue toujours l\u2019Ukraine.","og_url":"https:\/\/www.webdo.tn\/fr\/actualite\/international\/kiev-en-etat-d-alerte-apres-deux-mois-de-repit\/210069\/","og_site_name":"webdo","article_publisher":"https:\/\/www.facebook.com\/webdotn","article_author":"https:\/\/www.facebook.com\/wby.webdo","article_published_time":"2023-11-12T20:57:00+00:00","article_modified_time":"2025-05-20T22:56:19+00:00","og_image":[{"width":750,"height":400,"url":"https:\/\/www.webdo.tn\/fr\/wp-content\/uploads\/2023\/11\/40a570d997783d120a7620aa5ac5359d.jpg","type":"image\/jpeg"}],"author":"Walid Ben Youssef","twitter_card":"summary_large_image","twitter_creator":"@webdo_tn","twitter_site":"@webdo_tn","twitter_misc":{"\u00c9crit par":"Walid Ben Youssef","Dur\u00e9e de lecture estim\u00e9e":"4 minutes"},"schema":{"@context":"https:\/\/schema.org","@graph":[{"@type":"NewsArticle","@id":"https:\/\/www.webdo.tn\/fr\/actualite\/international\/kiev-en-etat-d-alerte-apres-deux-mois-de-repit\/210069\/#article","isPartOf":{"@id":"https:\/\/www.webdo.tn\/fr\/actualite\/international\/kiev-en-etat-d-alerte-apres-deux-mois-de-repit\/210069\/"},"author":{"name":"Walid Ben Youssef","@id":"https:\/\/www.webdo.tn\/fr\/#\/schema\/person\/2c509d3aeb706736cdf7dc93d76b6fe1"},"headline":"Kiev en \u00e9tat d\u2019alerte apr\u00e8s deux mois de r\u00e9pit !","datePublished":"2023-11-12T20:57:00+00:00","dateModified":"2025-05-20T22:56:19+00:00","mainEntityOfPage":{"@id":"https:\/\/www.webdo.tn\/fr\/actualite\/international\/kiev-en-etat-d-alerte-apres-deux-mois-de-repit\/210069\/"},"wordCount":737,"commentCount":0,"publisher":{"@id":"https:\/\/www.webdo.tn\/fr\/#organization"},"image":{"@id":"https:\/\/www.webdo.tn\/fr\/actualite\/international\/kiev-en-etat-d-alerte-apres-deux-mois-de-repit\/210069\/#primaryimage"},"thumbnailUrl":"https:\/\/www.webdo.tn\/fr\/wp-content\/uploads\/2023\/11\/40a570d997783d120a7620aa5ac5359d.jpg","keywords":["kiev","Ukraine"],"articleSection":["International"],"inLanguage":"fr-FR"},{"@type":"WebPage","@id":"https:\/\/www.webdo.tn\/fr\/actualite\/international\/kiev-en-etat-d-alerte-apres-deux-mois-de-repit\/210069\/","url":"https:\/\/www.webdo.tn\/fr\/actualite\/international\/kiev-en-etat-d-alerte-apres-deux-mois-de-repit\/210069\/","name":"Kiev en \u00e9tat d\u2019alerte apr\u00e8s deux mois de r\u00e9pit !","isPartOf":{"@id":"https:\/\/www.webdo.tn\/fr\/#website"},"primaryImageOfPage":{"@id":"https:\/\/www.webdo.tn\/fr\/actualite\/international\/kiev-en-etat-d-alerte-apres-deux-mois-de-repit\/210069\/#primaryimage"},"image":{"@id":"https:\/\/www.webdo.tn\/fr\/actualite\/international\/kiev-en-etat-d-alerte-apres-deux-mois-de-repit\/210069\/#primaryimage"},"thumbnailUrl":"https:\/\/www.webdo.tn\/fr\/wp-content\/uploads\/2023\/11\/40a570d997783d120a7620aa5ac5359d.jpg","datePublished":"2023-11-12T20:57:00+00:00","dateModified":"2025-05-20T22:56:19+00:00","description":"A Kiev, la vie semble normale apr\u00e8s plus de vingt mois de combats au c\u0153ur d\u2019une guerre qui secoue toujours l\u2019Ukraine.","breadcrumb":{"@id":"https:\/\/www.webdo.tn\/fr\/actualite\/international\/kiev-en-etat-d-alerte-apres-deux-mois-de-repit\/210069\/#breadcrumb"},"inLanguage":"fr-FR","potentialAction":[{"@type":"ReadAction","target":["https:\/\/www.webdo.tn\/fr\/actualite\/international\/kiev-en-etat-d-alerte-apres-deux-mois-de-repit\/210069\/"]}]},{"@type":"ImageObject","inLanguage":"fr-FR","@id":"https:\/\/www.webdo.tn\/fr\/actualite\/international\/kiev-en-etat-d-alerte-apres-deux-mois-de-repit\/210069\/#primaryimage","url":"https:\/\/www.webdo.tn\/fr\/wp-content\/uploads\/2023\/11\/40a570d997783d120a7620aa5ac5359d.jpg","contentUrl":"https:\/\/www.webdo.tn\/fr\/wp-content\/uploads\/2023\/11\/40a570d997783d120a7620aa5ac5359d.jpg","width":750,"height":400,"caption":"Kiev"},{"@type":"BreadcrumbList","@id":"https:\/\/www.webdo.tn\/fr\/actualite\/international\/kiev-en-etat-d-alerte-apres-deux-mois-de-repit\/210069\/#breadcrumb","itemListElement":[{"@type":"ListItem","position":1,"name":"Accueil","item":"https:\/\/www.webdo.tn\/fr\/"},{"@type":"ListItem","position":2,"name":"Kiev en \u00e9tat d\u2019alerte apr\u00e8s deux mois de r\u00e9pit !"}]},{"@type":"WebSite","@id":"https:\/\/www.webdo.tn\/fr\/#website","url":"https:\/\/www.webdo.tn\/fr\/","name":"webdo","description":"Tunisie - News en Tunisie et \u00e0 l&#039;international sur Webdo.tn","publisher":{"@id":"https:\/\/www.webdo.tn\/fr\/#organization"},"potentialAction":[{"@type":"SearchAction","target":{"@type":"EntryPoint","urlTemplate":"https:\/\/www.webdo.tn\/fr\/?s={search_term_string}"},"query-input":{"@type":"PropertyValueSpecification","valueRequired":true,"valueName":"search_term_string"}}],"inLanguage":"fr-FR"},{"@type":"Organization","@id":"https:\/\/www.webdo.tn\/fr\/#organization","name":"Webdo","alternateName":"Webdo.tn","url":"https:\/\/www.webdo.tn\/fr\/","logo":{"@type":"ImageObject","inLanguage":"fr-FR","@id":"https:\/\/www.webdo.tn\/fr\/#\/schema\/logo\/image\/","url":"https:\/\/www.webdo.tn\/fr\/wp-content\/uploads\/2025\/06\/Webdo-Tunisie_168377.jpg","contentUrl":"https:\/\/www.webdo.tn\/fr\/wp-content\/uploads\/2025\/06\/Webdo-Tunisie_168377.jpg","width":301,"height":301,"caption":"Webdo"},"image":{"@id":"https:\/\/www.webdo.tn\/fr\/#\/schema\/logo\/image\/"},"sameAs":["https:\/\/www.facebook.com\/webdotn","https:\/\/x.com\/webdo_tn"],"description":"Webdo est un m\u00e9dia num\u00e9rique tunisien fond\u00e9 en 2010, sp\u00e9cialis\u00e9 dans l\u2019actualit\u00e9 nationale et internationale, l\u2019\u00e9conomie, la soci\u00e9t\u00e9 et les analyses politiques. Le site s\u2019adresse \u00e0 un large public francophone et couvre l\u2019information tunisienne en temps r\u00e9el.","email":"redac@webdo.tn","legalName":"YNJ SARL","foundingDate":"2010-09-06","numberOfEmployees":{"@type":"QuantitativeValue","minValue":"11","maxValue":"50"}},{"@type":"Person","@id":"https:\/\/www.webdo.tn\/fr\/#\/schema\/person\/2c509d3aeb706736cdf7dc93d76b6fe1","name":"Walid Ben Youssef","image":{"@type":"ImageObject","inLanguage":"fr-FR","@id":"https:\/\/www.webdo.tn\/fr\/wp-content\/uploads\/2026\/04\/walid-ben-youssef_avatar-96x96.jpg","url":"https:\/\/www.webdo.tn\/fr\/wp-content\/uploads\/2026\/04\/walid-ben-youssef_avatar-96x96.jpg","contentUrl":"https:\/\/www.webdo.tn\/fr\/wp-content\/uploads\/2026\/04\/walid-ben-youssef_avatar-96x96.jpg","caption":"Walid Ben Youssef"},"description":"Walid Ben Youssef est fondateur et directeur de publication de Webdo.tn, m\u00e9dia num\u00e9rique tunisien lanc\u00e9 en 2011. Journaliste depuis plus de 20 ans, il a d\u00e9but\u00e9 sa carri\u00e8re au sein du groupe Dar Tunis-Hebdo, o\u00f9 il a contribu\u00e9 d\u00e8s le d\u00e9but des ann\u00e9es 2000 au d\u00e9veloppement des premi\u00e8res initiatives web du titre. Avant de fonder Webdo, il a occup\u00e9 les fonctions de directeur adjoint du groupe Dar Tunis-Hebdo, participant au d\u00e9veloppement \u00e9ditorial, publicitaire et num\u00e9rique du groupe. Sp\u00e9cialis\u00e9 dans les m\u00e9dias num\u00e9riques, la transformation digitale de l\u2019information et l\u2019actualit\u00e9 nationale et internationale, il supervise la ligne \u00e9ditoriale de Webdo et pilote son d\u00e9veloppement strat\u00e9gique. Dipl\u00f4m\u00e9 en math\u00e9matiques de l\u2019Universit\u00e9 d\u2019Oregon (\u00c9tats-Unis), il associe une approche analytique \u00e0 une expertise de terrain du journalisme. \ud83d\udd17 Facebook : https:\/\/www.facebook.com\/wby.webdo","sameAs":["https:\/\/www.facebook.com\/wby.webdo"],"knowsAbout":["journalisme","m\u00e9dias num\u00e9riques","transformation digitale","actualit\u00e9 tunisienne","g\u00e9opolitique"],"knowsLanguage":["Fran\u00e7ais","Arabe","Anglais"],"jobTitle":"Fondateur et directeur de publication","worksFor":"Webdo.tn","url":"https:\/\/www.webdo.tn\/fr\/actualite\/author\/walid-ben-youssef\/"}]}},"_links":{"self":[{"href":"https:\/\/www.webdo.tn\/fr\/wp-json\/wp\/v2\/posts\/210069","targetHints":{"allow":["GET"]}}],"collection":[{"href":"https:\/\/www.webdo.tn\/fr\/wp-json\/wp\/v2\/posts"}],"about":[{"href":"https:\/\/www.webdo.tn\/fr\/wp-json\/wp\/v2\/types\/post"}],"author":[{"embeddable":true,"href":"https:\/\/www.webdo.tn\/fr\/wp-json\/wp\/v2\/users\/3183"}],"replies":[{"embeddable":true,"href":"https:\/\/www.webdo.tn\/fr\/wp-json\/wp\/v2\/comments?post=210069"}],"version-history":[{"count":0,"href":"https:\/\/www.webdo.tn\/fr\/wp-json\/wp\/v2\/posts\/210069\/revisions"}],"wp:featuredmedia":[{"embeddable":true,"href":"https:\/\/www.webdo.tn\/fr\/wp-json\/wp\/v2\/media\/248794"}],"wp:attachment":[{"href":"https:\/\/www.webdo.tn\/fr\/wp-json\/wp\/v2\/media?parent=210069"}],"wp:term":[{"taxonomy":"category","embeddable":true,"href":"https:\/\/www.webdo.tn\/fr\/wp-json\/wp\/v2\/categories?post=210069"},{"taxonomy":"post_tag","embeddable":true,"href":"https:\/\/www.webdo.tn\/fr\/wp-json\/wp\/v2\/tags?post=210069"}],"curies":[{"name":"wp","href":"https:\/\/api.w.org\/{rel}","templated":true}]}}