{"id":210063,"date":"2023-11-12T14:29:00","date_gmt":"2023-11-12T14:29:00","guid":{"rendered":"https:\/\/www.webdo.tn\/fr\/blog\/sommet-extraordinaire-conjoint-arabo-islamique-a-riyad-les-reserves-de-la-tunisie\/210063\/"},"modified":"2025-05-20T22:56:39","modified_gmt":"2025-05-20T22:56:39","slug":"sommet-extraordinaire-conjoint-arabo-islamique-a-riyad-les-reserves-de-la-tunisie","status":"publish","type":"post","link":"https:\/\/www.webdo.tn\/fr\/actualite\/international\/sommet-extraordinaire-conjoint-arabo-islamique-a-riyad-les-reserves-de-la-tunisie\/210063\/","title":{"rendered":"Sommet extraordinaire conjoint arabo-islamique \u00e0 Riyad : les r\u00e9serves de la Tunisie"},"content":{"rendered":"<p>A l\u2019exception de trois d\u00e9cisions, la Tunisie a \u00e9mis des r\u00e9serves sur toutes les autres dispositions exprim\u00e9es dans la r\u00e9solution finale du Sommet extraordinaire conjoint arabo-islamique tenu \u00e0 Riyad, en Arabie saoudite, hier samedi 11 novembre 2023.<\/p>\n<p>\t\t\t\t\t\t\t\t\tM. Nabil Ammar, ministre des Affaires \u00e9trang\u00e8res, de la Migration et des Tunisiens \u00e0 l\u2019\u00e9tranger, qui a conduit la d\u00e9l\u00e9gation tunisienne participant \u00e0 ce Sommet, sur instructions du Pr\u00e9sident de la R\u00e9publique, a tout d\u2019abord \u00a0rappel\u00e9 la position ferme de la Tunisie en faveur du peuple palestinien et de sa juste cause.<\/p>\n<p>Il a soulign\u00e9 que \u00ab la situation grave et extr\u00eamement dangereuse que traverse le peuple palestinien, en particulier dans la bande de Gaza, exige que le Sommet se concentre exclusivement sur : (1) la cessation imm\u00e9diate de la brutale agression isra\u00e9lienne, (2) \u0153uvrer pour l\u2019entr\u00e9e imm\u00e9diate de l\u2019aide humanitaire urgente et ad\u00e9quate au peuple palestinien et (3) la lev\u00e9e du blocus qui lui est impos\u00e9 dans la bande de Gaza et dans toute la Palestine \u00bb, selon un communiqu\u00e9 du minist\u00e8re des Affaires \u00e9trang\u00e8res, de la Migration et des Tunisiens \u00e0 l\u2019\u00e9tranger.<\/p>\n<p>Sur la base de ce qui pr\u00e9c\u00e8de, le communiqu\u00e9 souligne que notre pays a \u00ab \u00e9mis des r\u00e9serves sur toutes les dispositions de la R\u00e9solution du Sommet extraordinaire conjoint arabo-islamique, \u00e0 l\u2019exception des trois \u00e9l\u00e9ments ci-dessus cit\u00e9s \u00bb.<\/p>\n<p>Ce Sommet a \u00e9t\u00e9 tenu afin de discuter de l\u2019agression de l\u2019entit\u00e9 sioniste sur la bande de Gaza et des derniers d\u00e9veloppements dans les territoires palestiniens occup\u00e9s.<\/p>\n","protected":false},"excerpt":{"rendered":"<p>A l\u2019exception de trois d\u00e9cisions, la Tunisie a \u00e9mis des r\u00e9serves sur toutes les autres dispositions exprim\u00e9es dans la r\u00e9solution finale du Sommet extraordinaire&#8230;<\/p>\n","protected":false},"author":3185,"featured_media":248798,"comment_status":"open","ping_status":"closed","sticky":false,"template":"","format":"standard","meta":{"footnotes":""},"categories":[2598],"tags":[3971,7567,2608],"class_list":["post-210063","post","type-post","status-publish","format-standard","has-post-thumbnail","hentry","category-international","tag-reserves","tag-sommet-riyadh","tag-tunisie"],"yoast_head":"<!-- This site is optimized with the Yoast SEO Premium plugin v27.4 (Yoast SEO v27.5) - https:\/\/yoast.com\/product\/yoast-seo-premium-wordpress\/ -->\n<title>Sommet extraordinaire conjoint arabo-islamique \u00e0 Riyad : les r\u00e9serves de la Tunisie<\/title>\n<meta name=\"description\" content=\"A l\u2019exception de trois d\u00e9cisions, la Tunisie a \u00e9mis des r\u00e9serves sur toutes les autres dispositions exprim\u00e9es dans la r\u00e9solution finale du Sommet extraordinaire...\" \/>\n<link rel=\"canonical\" href=\"https:\/\/www.webdo.tn\/fr\/actualite\/international\/sommet-extraordinaire-conjoint-arabo-islamique-a-riyad-les-reserves-de-la-tunisie\/210063\/\" \/>\n<meta property=\"og:locale\" content=\"fr_FR\" \/>\n<meta property=\"og:type\" content=\"article\" \/>\n<meta property=\"og:title\" content=\"Sommet extraordinaire conjoint arabo-islamique \u00e0 Riyad : les r\u00e9serves de la Tunisie\" \/>\n<meta property=\"og:description\" content=\"A l\u2019exception de trois d\u00e9cisions, la Tunisie a \u00e9mis des r\u00e9serves sur toutes les autres dispositions exprim\u00e9es dans la r\u00e9solution finale du Sommet extraordinaire...\" \/>\n<meta property=\"og:url\" content=\"https:\/\/www.webdo.tn\/fr\/actualite\/international\/sommet-extraordinaire-conjoint-arabo-islamique-a-riyad-les-reserves-de-la-tunisie\/210063\/\" \/>\n<meta property=\"og:site_name\" content=\"webdo\" \/>\n<meta property=\"article:publisher\" content=\"https:\/\/www.facebook.com\/webdotn\" \/>\n<meta property=\"article:published_time\" content=\"2023-11-12T14:29:00+00:00\" \/>\n<meta property=\"article:modified_time\" content=\"2025-05-20T22:56:39+00:00\" \/>\n<meta property=\"og:image\" content=\"https:\/\/www.webdo.tn\/fr\/wp-content\/uploads\/2023\/11\/f6a54669df12961668053c1acb644b1e.jpg\" \/>\n\t<meta property=\"og:image:width\" content=\"528\" \/>\n\t<meta property=\"og:image:height\" content=\"282\" \/>\n\t<meta property=\"og:image:type\" content=\"image\/jpeg\" \/>\n<meta name=\"author\" content=\"WDA\" \/>\n<meta name=\"twitter:card\" content=\"summary_large_image\" \/>\n<meta name=\"twitter:creator\" content=\"@webdo_tn\" \/>\n<meta name=\"twitter:site\" content=\"@webdo_tn\" \/>\n<meta name=\"twitter:label1\" content=\"\u00c9crit par\" \/>\n\t<meta name=\"twitter:data1\" content=\"WDA\" \/>\n\t<meta name=\"twitter:label2\" content=\"Dur\u00e9e de lecture estim\u00e9e\" \/>\n\t<meta name=\"twitter:data2\" content=\"1 minute\" \/>\n<script type=\"application\/ld+json\" class=\"yoast-schema-graph\">{\"@context\":\"https:\\\/\\\/schema.org\",\"@graph\":[{\"@type\":\"NewsArticle\",\"@id\":\"https:\\\/\\\/www.webdo.tn\\\/fr\\\/actualite\\\/international\\\/sommet-extraordinaire-conjoint-arabo-islamique-a-riyad-les-reserves-de-la-tunisie\\\/210063\\\/#article\",\"isPartOf\":{\"@id\":\"https:\\\/\\\/www.webdo.tn\\\/fr\\\/actualite\\\/international\\\/sommet-extraordinaire-conjoint-arabo-islamique-a-riyad-les-reserves-de-la-tunisie\\\/210063\\\/\"},\"author\":{\"name\":\"WDA\",\"@id\":\"https:\\\/\\\/www.webdo.tn\\\/fr\\\/#\\\/schema\\\/person\\\/ae999f6cc68c323955dd7bb23b41f2dd\"},\"headline\":\"Sommet extraordinaire conjoint arabo-islamique \u00e0 Riyad : les r\u00e9serves de la Tunisie\",\"datePublished\":\"2023-11-12T14:29:00+00:00\",\"dateModified\":\"2025-05-20T22:56:39+00:00\",\"mainEntityOfPage\":{\"@id\":\"https:\\\/\\\/www.webdo.tn\\\/fr\\\/actualite\\\/international\\\/sommet-extraordinaire-conjoint-arabo-islamique-a-riyad-les-reserves-de-la-tunisie\\\/210063\\\/\"},\"wordCount\":277,\"commentCount\":0,\"publisher\":{\"@id\":\"https:\\\/\\\/www.webdo.tn\\\/fr\\\/#organization\"},\"image\":{\"@id\":\"https:\\\/\\\/www.webdo.tn\\\/fr\\\/actualite\\\/international\\\/sommet-extraordinaire-conjoint-arabo-islamique-a-riyad-les-reserves-de-la-tunisie\\\/210063\\\/#primaryimage\"},\"thumbnailUrl\":\"https:\\\/\\\/www.webdo.tn\\\/fr\\\/wp-content\\\/uploads\\\/2023\\\/11\\\/f6a54669df12961668053c1acb644b1e.jpg\",\"keywords\":[\"r\u00e9serves\",\"Sommet Riyadh\",\"Tunisie\"],\"articleSection\":[\"International\"],\"inLanguage\":\"fr-FR\"},{\"@type\":\"WebPage\",\"@id\":\"https:\\\/\\\/www.webdo.tn\\\/fr\\\/actualite\\\/international\\\/sommet-extraordinaire-conjoint-arabo-islamique-a-riyad-les-reserves-de-la-tunisie\\\/210063\\\/\",\"url\":\"https:\\\/\\\/www.webdo.tn\\\/fr\\\/actualite\\\/international\\\/sommet-extraordinaire-conjoint-arabo-islamique-a-riyad-les-reserves-de-la-tunisie\\\/210063\\\/\",\"name\":\"Sommet extraordinaire conjoint arabo-islamique \u00e0 Riyad : les r\u00e9serves de la Tunisie\",\"isPartOf\":{\"@id\":\"https:\\\/\\\/www.webdo.tn\\\/fr\\\/#website\"},\"primaryImageOfPage\":{\"@id\":\"https:\\\/\\\/www.webdo.tn\\\/fr\\\/actualite\\\/international\\\/sommet-extraordinaire-conjoint-arabo-islamique-a-riyad-les-reserves-de-la-tunisie\\\/210063\\\/#primaryimage\"},\"image\":{\"@id\":\"https:\\\/\\\/www.webdo.tn\\\/fr\\\/actualite\\\/international\\\/sommet-extraordinaire-conjoint-arabo-islamique-a-riyad-les-reserves-de-la-tunisie\\\/210063\\\/#primaryimage\"},\"thumbnailUrl\":\"https:\\\/\\\/www.webdo.tn\\\/fr\\\/wp-content\\\/uploads\\\/2023\\\/11\\\/f6a54669df12961668053c1acb644b1e.jpg\",\"datePublished\":\"2023-11-12T14:29:00+00:00\",\"dateModified\":\"2025-05-20T22:56:39+00:00\",\"description\":\"A l\u2019exception de trois d\u00e9cisions, la Tunisie a \u00e9mis des r\u00e9serves sur toutes les autres dispositions exprim\u00e9es dans la r\u00e9solution finale du Sommet extraordinaire...\",\"breadcrumb\":{\"@id\":\"https:\\\/\\\/www.webdo.tn\\\/fr\\\/actualite\\\/international\\\/sommet-extraordinaire-conjoint-arabo-islamique-a-riyad-les-reserves-de-la-tunisie\\\/210063\\\/#breadcrumb\"},\"inLanguage\":\"fr-FR\",\"potentialAction\":[{\"@type\":\"ReadAction\",\"target\":[\"https:\\\/\\\/www.webdo.tn\\\/fr\\\/actualite\\\/international\\\/sommet-extraordinaire-conjoint-arabo-islamique-a-riyad-les-reserves-de-la-tunisie\\\/210063\\\/\"]}]},{\"@type\":\"ImageObject\",\"inLanguage\":\"fr-FR\",\"@id\":\"https:\\\/\\\/www.webdo.tn\\\/fr\\\/actualite\\\/international\\\/sommet-extraordinaire-conjoint-arabo-islamique-a-riyad-les-reserves-de-la-tunisie\\\/210063\\\/#primaryimage\",\"url\":\"https:\\\/\\\/www.webdo.tn\\\/fr\\\/wp-content\\\/uploads\\\/2023\\\/11\\\/f6a54669df12961668053c1acb644b1e.jpg\",\"contentUrl\":\"https:\\\/\\\/www.webdo.tn\\\/fr\\\/wp-content\\\/uploads\\\/2023\\\/11\\\/f6a54669df12961668053c1acb644b1e.jpg\",\"width\":528,\"height\":282,\"caption\":\"Sommet extraordinaire conjoint arabo-islamique \u00e0 Riyad : les r\u00e9serves de la Tunisie\"},{\"@type\":\"BreadcrumbList\",\"@id\":\"https:\\\/\\\/www.webdo.tn\\\/fr\\\/actualite\\\/international\\\/sommet-extraordinaire-conjoint-arabo-islamique-a-riyad-les-reserves-de-la-tunisie\\\/210063\\\/#breadcrumb\",\"itemListElement\":[{\"@type\":\"ListItem\",\"position\":1,\"name\":\"Accueil\",\"item\":\"https:\\\/\\\/www.webdo.tn\\\/fr\\\/\"},{\"@type\":\"ListItem\",\"position\":2,\"name\":\"Sommet extraordinaire conjoint arabo-islamique \u00e0 Riyad : les r\u00e9serves de la Tunisie\"}]},{\"@type\":\"WebSite\",\"@id\":\"https:\\\/\\\/www.webdo.tn\\\/fr\\\/#website\",\"url\":\"https:\\\/\\\/www.webdo.tn\\\/fr\\\/\",\"name\":\"webdo\",\"description\":\"Tunisie - News en Tunisie et \u00e0 l&#039;international sur Webdo.tn\",\"publisher\":{\"@id\":\"https:\\\/\\\/www.webdo.tn\\\/fr\\\/#organization\"},\"potentialAction\":[{\"@type\":\"SearchAction\",\"target\":{\"@type\":\"EntryPoint\",\"urlTemplate\":\"https:\\\/\\\/www.webdo.tn\\\/fr\\\/?s={search_term_string}\"},\"query-input\":{\"@type\":\"PropertyValueSpecification\",\"valueRequired\":true,\"valueName\":\"search_term_string\"}}],\"inLanguage\":\"fr-FR\"},{\"@type\":\"Organization\",\"@id\":\"https:\\\/\\\/www.webdo.tn\\\/fr\\\/#organization\",\"name\":\"Webdo\",\"alternateName\":\"Webdo.tn\",\"url\":\"https:\\\/\\\/www.webdo.tn\\\/fr\\\/\",\"logo\":{\"@type\":\"ImageObject\",\"inLanguage\":\"fr-FR\",\"@id\":\"https:\\\/\\\/www.webdo.tn\\\/fr\\\/#\\\/schema\\\/logo\\\/image\\\/\",\"url\":\"https:\\\/\\\/www.webdo.tn\\\/fr\\\/wp-content\\\/uploads\\\/2025\\\/06\\\/Webdo-Tunisie_168377.jpg\",\"contentUrl\":\"https:\\\/\\\/www.webdo.tn\\\/fr\\\/wp-content\\\/uploads\\\/2025\\\/06\\\/Webdo-Tunisie_168377.jpg\",\"width\":301,\"height\":301,\"caption\":\"Webdo\"},\"image\":{\"@id\":\"https:\\\/\\\/www.webdo.tn\\\/fr\\\/#\\\/schema\\\/logo\\\/image\\\/\"},\"sameAs\":[\"https:\\\/\\\/www.facebook.com\\\/webdotn\",\"https:\\\/\\\/x.com\\\/webdo_tn\"],\"description\":\"Webdo est un m\u00e9dia num\u00e9rique tunisien fond\u00e9 en 2010, sp\u00e9cialis\u00e9 dans l\u2019actualit\u00e9 nationale et internationale, l\u2019\u00e9conomie, la soci\u00e9t\u00e9 et les analyses politiques. Le site s\u2019adresse \u00e0 un large public francophone et couvre l\u2019information tunisienne en temps r\u00e9el.\",\"email\":\"redac@webdo.tn\",\"legalName\":\"YNJ SARL\",\"foundingDate\":\"2010-09-06\",\"numberOfEmployees\":{\"@type\":\"QuantitativeValue\",\"minValue\":\"11\",\"maxValue\":\"50\"}},{\"@type\":\"Person\",\"@id\":\"https:\\\/\\\/www.webdo.tn\\\/fr\\\/#\\\/schema\\\/person\\\/ae999f6cc68c323955dd7bb23b41f2dd\",\"name\":\"WDA\",\"image\":{\"@type\":\"ImageObject\",\"inLanguage\":\"fr-FR\",\"@id\":\"https:\\\/\\\/secure.gravatar.com\\\/avatar\\\/008e9c4da3bbf467e76fbd05ea8a140d6f047be3ff32b495e3a42ecd99d95622?s=96&d=mm&r=g\",\"url\":\"https:\\\/\\\/secure.gravatar.com\\\/avatar\\\/008e9c4da3bbf467e76fbd05ea8a140d6f047be3ff32b495e3a42ecd99d95622?s=96&d=mm&r=g\",\"contentUrl\":\"https:\\\/\\\/secure.gravatar.com\\\/avatar\\\/008e9c4da3bbf467e76fbd05ea8a140d6f047be3ff32b495e3a42ecd99d95622?s=96&d=mm&r=g\",\"caption\":\"WDA\"},\"url\":\"https:\\\/\\\/www.webdo.tn\\\/fr\\\/actualite\\\/author\\\/wda\\\/\"}]}<\/script>\n<!-- \/ Yoast SEO Premium plugin. -->","yoast_head_json":{"title":"Sommet extraordinaire conjoint arabo-islamique \u00e0 Riyad : les r\u00e9serves de la Tunisie","description":"A l\u2019exception de trois d\u00e9cisions, la Tunisie a \u00e9mis des r\u00e9serves sur toutes les autres dispositions exprim\u00e9es dans la r\u00e9solution finale du Sommet extraordinaire...","canonical":"https:\/\/www.webdo.tn\/fr\/actualite\/international\/sommet-extraordinaire-conjoint-arabo-islamique-a-riyad-les-reserves-de-la-tunisie\/210063\/","og_locale":"fr_FR","og_type":"article","og_title":"Sommet extraordinaire conjoint arabo-islamique \u00e0 Riyad : les r\u00e9serves de la Tunisie","og_description":"A l\u2019exception de trois d\u00e9cisions, la Tunisie a \u00e9mis des r\u00e9serves sur toutes les autres dispositions exprim\u00e9es dans la r\u00e9solution finale du Sommet extraordinaire...","og_url":"https:\/\/www.webdo.tn\/fr\/actualite\/international\/sommet-extraordinaire-conjoint-arabo-islamique-a-riyad-les-reserves-de-la-tunisie\/210063\/","og_site_name":"webdo","article_publisher":"https:\/\/www.facebook.com\/webdotn","article_published_time":"2023-11-12T14:29:00+00:00","article_modified_time":"2025-05-20T22:56:39+00:00","og_image":[{"width":528,"height":282,"url":"https:\/\/www.webdo.tn\/fr\/wp-content\/uploads\/2023\/11\/f6a54669df12961668053c1acb644b1e.jpg","type":"image\/jpeg"}],"author":"WDA","twitter_card":"summary_large_image","twitter_creator":"@webdo_tn","twitter_site":"@webdo_tn","twitter_misc":{"\u00c9crit par":"WDA","Dur\u00e9e de lecture estim\u00e9e":"1 minute"},"schema":{"@context":"https:\/\/schema.org","@graph":[{"@type":"NewsArticle","@id":"https:\/\/www.webdo.tn\/fr\/actualite\/international\/sommet-extraordinaire-conjoint-arabo-islamique-a-riyad-les-reserves-de-la-tunisie\/210063\/#article","isPartOf":{"@id":"https:\/\/www.webdo.tn\/fr\/actualite\/international\/sommet-extraordinaire-conjoint-arabo-islamique-a-riyad-les-reserves-de-la-tunisie\/210063\/"},"author":{"name":"WDA","@id":"https:\/\/www.webdo.tn\/fr\/#\/schema\/person\/ae999f6cc68c323955dd7bb23b41f2dd"},"headline":"Sommet extraordinaire conjoint arabo-islamique \u00e0 Riyad : les r\u00e9serves de la Tunisie","datePublished":"2023-11-12T14:29:00+00:00","dateModified":"2025-05-20T22:56:39+00:00","mainEntityOfPage":{"@id":"https:\/\/www.webdo.tn\/fr\/actualite\/international\/sommet-extraordinaire-conjoint-arabo-islamique-a-riyad-les-reserves-de-la-tunisie\/210063\/"},"wordCount":277,"commentCount":0,"publisher":{"@id":"https:\/\/www.webdo.tn\/fr\/#organization"},"image":{"@id":"https:\/\/www.webdo.tn\/fr\/actualite\/international\/sommet-extraordinaire-conjoint-arabo-islamique-a-riyad-les-reserves-de-la-tunisie\/210063\/#primaryimage"},"thumbnailUrl":"https:\/\/www.webdo.tn\/fr\/wp-content\/uploads\/2023\/11\/f6a54669df12961668053c1acb644b1e.jpg","keywords":["r\u00e9serves","Sommet Riyadh","Tunisie"],"articleSection":["International"],"inLanguage":"fr-FR"},{"@type":"WebPage","@id":"https:\/\/www.webdo.tn\/fr\/actualite\/international\/sommet-extraordinaire-conjoint-arabo-islamique-a-riyad-les-reserves-de-la-tunisie\/210063\/","url":"https:\/\/www.webdo.tn\/fr\/actualite\/international\/sommet-extraordinaire-conjoint-arabo-islamique-a-riyad-les-reserves-de-la-tunisie\/210063\/","name":"Sommet extraordinaire conjoint arabo-islamique \u00e0 Riyad : les r\u00e9serves de la Tunisie","isPartOf":{"@id":"https:\/\/www.webdo.tn\/fr\/#website"},"primaryImageOfPage":{"@id":"https:\/\/www.webdo.tn\/fr\/actualite\/international\/sommet-extraordinaire-conjoint-arabo-islamique-a-riyad-les-reserves-de-la-tunisie\/210063\/#primaryimage"},"image":{"@id":"https:\/\/www.webdo.tn\/fr\/actualite\/international\/sommet-extraordinaire-conjoint-arabo-islamique-a-riyad-les-reserves-de-la-tunisie\/210063\/#primaryimage"},"thumbnailUrl":"https:\/\/www.webdo.tn\/fr\/wp-content\/uploads\/2023\/11\/f6a54669df12961668053c1acb644b1e.jpg","datePublished":"2023-11-12T14:29:00+00:00","dateModified":"2025-05-20T22:56:39+00:00","description":"A l\u2019exception de trois d\u00e9cisions, la Tunisie a \u00e9mis des r\u00e9serves sur toutes les autres dispositions exprim\u00e9es dans la r\u00e9solution finale du Sommet extraordinaire...","breadcrumb":{"@id":"https:\/\/www.webdo.tn\/fr\/actualite\/international\/sommet-extraordinaire-conjoint-arabo-islamique-a-riyad-les-reserves-de-la-tunisie\/210063\/#breadcrumb"},"inLanguage":"fr-FR","potentialAction":[{"@type":"ReadAction","target":["https:\/\/www.webdo.tn\/fr\/actualite\/international\/sommet-extraordinaire-conjoint-arabo-islamique-a-riyad-les-reserves-de-la-tunisie\/210063\/"]}]},{"@type":"ImageObject","inLanguage":"fr-FR","@id":"https:\/\/www.webdo.tn\/fr\/actualite\/international\/sommet-extraordinaire-conjoint-arabo-islamique-a-riyad-les-reserves-de-la-tunisie\/210063\/#primaryimage","url":"https:\/\/www.webdo.tn\/fr\/wp-content\/uploads\/2023\/11\/f6a54669df12961668053c1acb644b1e.jpg","contentUrl":"https:\/\/www.webdo.tn\/fr\/wp-content\/uploads\/2023\/11\/f6a54669df12961668053c1acb644b1e.jpg","width":528,"height":282,"caption":"Sommet extraordinaire conjoint arabo-islamique \u00e0 Riyad : les r\u00e9serves de la Tunisie"},{"@type":"BreadcrumbList","@id":"https:\/\/www.webdo.tn\/fr\/actualite\/international\/sommet-extraordinaire-conjoint-arabo-islamique-a-riyad-les-reserves-de-la-tunisie\/210063\/#breadcrumb","itemListElement":[{"@type":"ListItem","position":1,"name":"Accueil","item":"https:\/\/www.webdo.tn\/fr\/"},{"@type":"ListItem","position":2,"name":"Sommet extraordinaire conjoint arabo-islamique \u00e0 Riyad : les r\u00e9serves de la Tunisie"}]},{"@type":"WebSite","@id":"https:\/\/www.webdo.tn\/fr\/#website","url":"https:\/\/www.webdo.tn\/fr\/","name":"webdo","description":"Tunisie - News en Tunisie et \u00e0 l&#039;international sur Webdo.tn","publisher":{"@id":"https:\/\/www.webdo.tn\/fr\/#organization"},"potentialAction":[{"@type":"SearchAction","target":{"@type":"EntryPoint","urlTemplate":"https:\/\/www.webdo.tn\/fr\/?s={search_term_string}"},"query-input":{"@type":"PropertyValueSpecification","valueRequired":true,"valueName":"search_term_string"}}],"inLanguage":"fr-FR"},{"@type":"Organization","@id":"https:\/\/www.webdo.tn\/fr\/#organization","name":"Webdo","alternateName":"Webdo.tn","url":"https:\/\/www.webdo.tn\/fr\/","logo":{"@type":"ImageObject","inLanguage":"fr-FR","@id":"https:\/\/www.webdo.tn\/fr\/#\/schema\/logo\/image\/","url":"https:\/\/www.webdo.tn\/fr\/wp-content\/uploads\/2025\/06\/Webdo-Tunisie_168377.jpg","contentUrl":"https:\/\/www.webdo.tn\/fr\/wp-content\/uploads\/2025\/06\/Webdo-Tunisie_168377.jpg","width":301,"height":301,"caption":"Webdo"},"image":{"@id":"https:\/\/www.webdo.tn\/fr\/#\/schema\/logo\/image\/"},"sameAs":["https:\/\/www.facebook.com\/webdotn","https:\/\/x.com\/webdo_tn"],"description":"Webdo est un m\u00e9dia num\u00e9rique tunisien fond\u00e9 en 2010, sp\u00e9cialis\u00e9 dans l\u2019actualit\u00e9 nationale et internationale, l\u2019\u00e9conomie, la soci\u00e9t\u00e9 et les analyses politiques. Le site s\u2019adresse \u00e0 un large public francophone et couvre l\u2019information tunisienne en temps r\u00e9el.","email":"redac@webdo.tn","legalName":"YNJ SARL","foundingDate":"2010-09-06","numberOfEmployees":{"@type":"QuantitativeValue","minValue":"11","maxValue":"50"}},{"@type":"Person","@id":"https:\/\/www.webdo.tn\/fr\/#\/schema\/person\/ae999f6cc68c323955dd7bb23b41f2dd","name":"WDA","image":{"@type":"ImageObject","inLanguage":"fr-FR","@id":"https:\/\/secure.gravatar.com\/avatar\/008e9c4da3bbf467e76fbd05ea8a140d6f047be3ff32b495e3a42ecd99d95622?s=96&d=mm&r=g","url":"https:\/\/secure.gravatar.com\/avatar\/008e9c4da3bbf467e76fbd05ea8a140d6f047be3ff32b495e3a42ecd99d95622?s=96&d=mm&r=g","contentUrl":"https:\/\/secure.gravatar.com\/avatar\/008e9c4da3bbf467e76fbd05ea8a140d6f047be3ff32b495e3a42ecd99d95622?s=96&d=mm&r=g","caption":"WDA"},"url":"https:\/\/www.webdo.tn\/fr\/actualite\/author\/wda\/"}]}},"_links":{"self":[{"href":"https:\/\/www.webdo.tn\/fr\/wp-json\/wp\/v2\/posts\/210063","targetHints":{"allow":["GET"]}}],"collection":[{"href":"https:\/\/www.webdo.tn\/fr\/wp-json\/wp\/v2\/posts"}],"about":[{"href":"https:\/\/www.webdo.tn\/fr\/wp-json\/wp\/v2\/types\/post"}],"author":[{"embeddable":true,"href":"https:\/\/www.webdo.tn\/fr\/wp-json\/wp\/v2\/users\/3185"}],"replies":[{"embeddable":true,"href":"https:\/\/www.webdo.tn\/fr\/wp-json\/wp\/v2\/comments?post=210063"}],"version-history":[{"count":0,"href":"https:\/\/www.webdo.tn\/fr\/wp-json\/wp\/v2\/posts\/210063\/revisions"}],"wp:featuredmedia":[{"embeddable":true,"href":"https:\/\/www.webdo.tn\/fr\/wp-json\/wp\/v2\/media\/248798"}],"wp:attachment":[{"href":"https:\/\/www.webdo.tn\/fr\/wp-json\/wp\/v2\/media?parent=210063"}],"wp:term":[{"taxonomy":"category","embeddable":true,"href":"https:\/\/www.webdo.tn\/fr\/wp-json\/wp\/v2\/categories?post=210063"},{"taxonomy":"post_tag","embeddable":true,"href":"https:\/\/www.webdo.tn\/fr\/wp-json\/wp\/v2\/tags?post=210063"}],"curies":[{"name":"wp","href":"https:\/\/api.w.org\/{rel}","templated":true}]}}