{"id":210062,"date":"2023-11-12T13:06:00","date_gmt":"2023-11-12T13:06:00","guid":{"rendered":"https:\/\/www.webdo.tn\/fr\/blog\/tunisie-le-defi-de-l-energie-renouvelable\/210062\/"},"modified":"2025-05-20T22:56:37","modified_gmt":"2025-05-20T22:56:37","slug":"tunisie-le-defi-de-l-energie-renouvelable","status":"publish","type":"post","link":"https:\/\/www.webdo.tn\/fr\/actualite\/national\/tunisie-le-defi-de-l-energie-renouvelable\/210062\/","title":{"rendered":"Tunisie : le d\u00e9fi de l\u2019\u00e9nergie renouvelable"},"content":{"rendered":"<p>Si, jusqu\u2019\u00e0 2020, une capacit\u00e9 d\u2019environ 400 MW d\u2019ER (Energies Renouvelables) seulement a \u00e9t\u00e9 install\u00e9e, dont environ 250 MW d\u2019\u00e9olienne, 90 MW de solaire et 60 MW d\u2019hydro\u00e9lectrique, la Tunisie, qui planifie d\u2019int\u00e9grer 35% d\u2019\u00e9nergies renouvelables (ER) dans le mix \u00e9lectrique national en 2030 (contre \u00e0 peine 3% aujourd\u2019hui), gagnerait \u00e0 pr\u00e9parer, d\u00e8s aujourd\u2019hui, l\u2019infrastructure n\u00e9cessaire pour le stockage de cette \u00e9nergie.<\/p>\n<p>\t\t\t\t\t\t\t\t\tLes syst\u00e8mes de stockage d\u2019\u00e9nergie par batteries et autres pourraient contribuer \u00e0 relever les principaux d\u00e9fis techniques et \u00e9conomiques li\u00e9s \u00e0 l\u2019int\u00e9gration cruciale des ER pour r\u00e9aliser la transition \u00e9nerg\u00e9tique esp\u00e9r\u00e9e, ont soulign\u00e9 des experts, en marge du Salon de la transition \u00e9nerg\u00e9tique (Site 2023), tenu derni\u00e8rement \u00e0 Tunis.<\/p>\n<p>Int\u00e9grer 35% d\u2019\u00e9nergie renouvelable au r\u00e9seau national d\u2019\u00e9lectricit\u00e9 n\u00e9cessite des services et des syst\u00e8mes de stockage qui aideraient \u00e0 g\u00e9rer la variabilit\u00e9 et l\u2019incertitude de l\u2019utilisation de l\u2019\u00e9nergie solaire et \u00e9olienne introduite dans le r\u00e9seau \u00e9lectrique, selon des experts.<\/p>\n<p>Ils ont appel\u00e9 les autorit\u00e9s \u00e0 se pr\u00e9parer, d\u00e8s aujourd\u2019hui, en identifiant et en introduisant les technologies appropri\u00e9es de stockage de l\u2019\u00e9nergie.<\/p>\n<p>Des \u00e9tudes ont montr\u00e9 que la technologie de stockage de l\u2019\u00e9nergie, d\u00e9j\u00e0 adopt\u00e9e par plusieurs pays europ\u00e9ens et autres, serait ma\u00eetris\u00e9e en Tunisie \u00e0 partir de 2030-2032.<\/p>\n<p>D\u2019autres estiment, toutefois, qu\u2019il faut se pr\u00e9parer au plus vite \u00e0 la mise en place des infrastructures n\u00e9cessaires au stockage, surtout avec la baisse rapide des co\u00fbts des technologies de l\u2019\u00e9nergie solaire et \u00e9olienne.<\/p>\n<p>D\u2019autre part, la Tunisie envisage de se lancer dans la technique de transfert d\u2019\u00e9nergie par pompage hydraulique. C\u2019est ainsi qu\u2019un projet de cr\u00e9ation de la station de transfert d\u2019\u00e9nergie de pompage (STEP) pour la production d\u2019hydro\u00e9lectricit\u00e9 a \u00e9t\u00e9 lanc\u00e9 \u00e0 Tabarka.\u00a0<\/p>\n<p>Cette STEP sera op\u00e9rationnelle d\u2019ici 2029, sur l\u2019Oued El-Melah, pour la production de 400 \u00e0 600 MW d\u2019hydro\u00e9lectricit\u00e9. Une fois mise en service, cette station permettra d\u2019\u00e9conomiser 250 Ktep de carburant par an et d\u2019\u00e9viter 525 000 tonnes de CO2 par an.\u00a0<\/p>\n<p>Le projet r\u00e9pondra, selon la Steg, aux besoins futurs de fonctionnement du r\u00e9seau \u00e9lectrique national, en permettant la stabilisation de l\u2019offre et de la demande et en facilitant l\u2019int\u00e9gration des \u00e9nergies renouvelables dans la production intermittente des centrales.<\/p>\n","protected":false},"excerpt":{"rendered":"<p>La Tunisie, qui planifie d\u2019int\u00e9grer 35% d\u2019\u00e9nergies renouvelables (ER) dans le mix \u00e9lectrique national en 2030 (contre \u00e0 peine 3% aujourd\u2019hui), gagnerait \u00e0 pr\u00e9pa&#8230;<\/p>\n","protected":false},"author":3185,"featured_media":248792,"comment_status":"open","ping_status":"closed","sticky":false,"template":"","format":"standard","meta":{"footnotes":""},"categories":[44],"tags":[7563,3845,2703],"class_list":["post-210062","post","type-post","status-publish","format-standard","has-post-thumbnail","hentry","category-national","tag-capacites-en-2030","tag-energies-renouvelables","tag-stockage"],"yoast_head":"<!-- This site is optimized with the Yoast SEO Premium plugin v27.4 (Yoast SEO v27.5) - https:\/\/yoast.com\/product\/yoast-seo-premium-wordpress\/ -->\n<title>Tunisie : le d\u00e9fi de l\u2019\u00e9nergie renouvelable<\/title>\n<meta name=\"description\" content=\"La Tunisie, qui planifie d\u2019int\u00e9grer 35% d\u2019\u00e9nergies renouvelables (ER) dans le mix \u00e9lectrique national en 2030 (contre \u00e0 peine 3% aujourd\u2019hui), gagnerait \u00e0 pr\u00e9pa...\" \/>\n<link rel=\"canonical\" href=\"https:\/\/www.webdo.tn\/fr\/actualite\/national\/tunisie-le-defi-de-l-energie-renouvelable\/210062\/\" \/>\n<meta property=\"og:locale\" content=\"fr_FR\" \/>\n<meta property=\"og:type\" content=\"article\" \/>\n<meta property=\"og:title\" content=\"Tunisie : le d\u00e9fi de l\u2019\u00e9nergie renouvelable\" \/>\n<meta property=\"og:description\" content=\"La Tunisie, qui planifie d\u2019int\u00e9grer 35% d\u2019\u00e9nergies renouvelables (ER) dans le mix \u00e9lectrique national en 2030 (contre \u00e0 peine 3% aujourd\u2019hui), gagnerait \u00e0 pr\u00e9pa...\" \/>\n<meta property=\"og:url\" content=\"https:\/\/www.webdo.tn\/fr\/actualite\/national\/tunisie-le-defi-de-l-energie-renouvelable\/210062\/\" \/>\n<meta property=\"og:site_name\" content=\"webdo\" \/>\n<meta property=\"article:publisher\" content=\"https:\/\/www.facebook.com\/webdotn\" \/>\n<meta property=\"article:published_time\" content=\"2023-11-12T13:06:00+00:00\" \/>\n<meta property=\"article:modified_time\" content=\"2025-05-20T22:56:37+00:00\" \/>\n<meta property=\"og:image\" content=\"https:\/\/www.webdo.tn\/fr\/wp-content\/uploads\/2023\/11\/ee7ba781820b25b1ce3f16e357ad8e1a.jpg\" \/>\n\t<meta property=\"og:image:width\" content=\"703\" \/>\n\t<meta property=\"og:image:height\" content=\"375\" \/>\n\t<meta property=\"og:image:type\" content=\"image\/jpeg\" \/>\n<meta name=\"author\" content=\"WDA\" \/>\n<meta name=\"twitter:card\" content=\"summary_large_image\" \/>\n<meta name=\"twitter:creator\" content=\"@webdo_tn\" \/>\n<meta name=\"twitter:site\" content=\"@webdo_tn\" \/>\n<meta name=\"twitter:label1\" content=\"\u00c9crit par\" \/>\n\t<meta name=\"twitter:data1\" content=\"WDA\" \/>\n\t<meta name=\"twitter:label2\" content=\"Dur\u00e9e de lecture estim\u00e9e\" \/>\n\t<meta name=\"twitter:data2\" content=\"2 minutes\" \/>\n<script type=\"application\/ld+json\" class=\"yoast-schema-graph\">{\"@context\":\"https:\\\/\\\/schema.org\",\"@graph\":[{\"@type\":\"NewsArticle\",\"@id\":\"https:\\\/\\\/www.webdo.tn\\\/fr\\\/actualite\\\/national\\\/tunisie-le-defi-de-l-energie-renouvelable\\\/210062\\\/#article\",\"isPartOf\":{\"@id\":\"https:\\\/\\\/www.webdo.tn\\\/fr\\\/actualite\\\/national\\\/tunisie-le-defi-de-l-energie-renouvelable\\\/210062\\\/\"},\"author\":{\"name\":\"WDA\",\"@id\":\"https:\\\/\\\/www.webdo.tn\\\/fr\\\/#\\\/schema\\\/person\\\/ae999f6cc68c323955dd7bb23b41f2dd\"},\"headline\":\"Tunisie : le d\u00e9fi de l\u2019\u00e9nergie renouvelable\",\"datePublished\":\"2023-11-12T13:06:00+00:00\",\"dateModified\":\"2025-05-20T22:56:37+00:00\",\"mainEntityOfPage\":{\"@id\":\"https:\\\/\\\/www.webdo.tn\\\/fr\\\/actualite\\\/national\\\/tunisie-le-defi-de-l-energie-renouvelable\\\/210062\\\/\"},\"wordCount\":411,\"commentCount\":0,\"publisher\":{\"@id\":\"https:\\\/\\\/www.webdo.tn\\\/fr\\\/#organization\"},\"image\":{\"@id\":\"https:\\\/\\\/www.webdo.tn\\\/fr\\\/actualite\\\/national\\\/tunisie-le-defi-de-l-energie-renouvelable\\\/210062\\\/#primaryimage\"},\"thumbnailUrl\":\"https:\\\/\\\/www.webdo.tn\\\/fr\\\/wp-content\\\/uploads\\\/2023\\\/11\\\/ee7ba781820b25b1ce3f16e357ad8e1a.jpg\",\"keywords\":[\"Capacit\u00e9s en 2030\",\"\u00e9nergies renouvelables\",\"Stockage\"],\"articleSection\":[\"National\"],\"inLanguage\":\"fr-FR\"},{\"@type\":\"WebPage\",\"@id\":\"https:\\\/\\\/www.webdo.tn\\\/fr\\\/actualite\\\/national\\\/tunisie-le-defi-de-l-energie-renouvelable\\\/210062\\\/\",\"url\":\"https:\\\/\\\/www.webdo.tn\\\/fr\\\/actualite\\\/national\\\/tunisie-le-defi-de-l-energie-renouvelable\\\/210062\\\/\",\"name\":\"Tunisie : le d\u00e9fi de l\u2019\u00e9nergie renouvelable\",\"isPartOf\":{\"@id\":\"https:\\\/\\\/www.webdo.tn\\\/fr\\\/#website\"},\"primaryImageOfPage\":{\"@id\":\"https:\\\/\\\/www.webdo.tn\\\/fr\\\/actualite\\\/national\\\/tunisie-le-defi-de-l-energie-renouvelable\\\/210062\\\/#primaryimage\"},\"image\":{\"@id\":\"https:\\\/\\\/www.webdo.tn\\\/fr\\\/actualite\\\/national\\\/tunisie-le-defi-de-l-energie-renouvelable\\\/210062\\\/#primaryimage\"},\"thumbnailUrl\":\"https:\\\/\\\/www.webdo.tn\\\/fr\\\/wp-content\\\/uploads\\\/2023\\\/11\\\/ee7ba781820b25b1ce3f16e357ad8e1a.jpg\",\"datePublished\":\"2023-11-12T13:06:00+00:00\",\"dateModified\":\"2025-05-20T22:56:37+00:00\",\"description\":\"La Tunisie, qui planifie d\u2019int\u00e9grer 35% d\u2019\u00e9nergies renouvelables (ER) dans le mix \u00e9lectrique national en 2030 (contre \u00e0 peine 3% aujourd\u2019hui), gagnerait \u00e0 pr\u00e9pa...\",\"breadcrumb\":{\"@id\":\"https:\\\/\\\/www.webdo.tn\\\/fr\\\/actualite\\\/national\\\/tunisie-le-defi-de-l-energie-renouvelable\\\/210062\\\/#breadcrumb\"},\"inLanguage\":\"fr-FR\",\"potentialAction\":[{\"@type\":\"ReadAction\",\"target\":[\"https:\\\/\\\/www.webdo.tn\\\/fr\\\/actualite\\\/national\\\/tunisie-le-defi-de-l-energie-renouvelable\\\/210062\\\/\"]}]},{\"@type\":\"ImageObject\",\"inLanguage\":\"fr-FR\",\"@id\":\"https:\\\/\\\/www.webdo.tn\\\/fr\\\/actualite\\\/national\\\/tunisie-le-defi-de-l-energie-renouvelable\\\/210062\\\/#primaryimage\",\"url\":\"https:\\\/\\\/www.webdo.tn\\\/fr\\\/wp-content\\\/uploads\\\/2023\\\/11\\\/ee7ba781820b25b1ce3f16e357ad8e1a.jpg\",\"contentUrl\":\"https:\\\/\\\/www.webdo.tn\\\/fr\\\/wp-content\\\/uploads\\\/2023\\\/11\\\/ee7ba781820b25b1ce3f16e357ad8e1a.jpg\",\"width\":703,\"height\":375,\"caption\":\"Tunisie : le d\u00e9fi de l\u2019\u00e9nergie renouvelable\"},{\"@type\":\"BreadcrumbList\",\"@id\":\"https:\\\/\\\/www.webdo.tn\\\/fr\\\/actualite\\\/national\\\/tunisie-le-defi-de-l-energie-renouvelable\\\/210062\\\/#breadcrumb\",\"itemListElement\":[{\"@type\":\"ListItem\",\"position\":1,\"name\":\"Accueil\",\"item\":\"https:\\\/\\\/www.webdo.tn\\\/fr\\\/\"},{\"@type\":\"ListItem\",\"position\":2,\"name\":\"Tunisie : le d\u00e9fi de l\u2019\u00e9nergie renouvelable\"}]},{\"@type\":\"WebSite\",\"@id\":\"https:\\\/\\\/www.webdo.tn\\\/fr\\\/#website\",\"url\":\"https:\\\/\\\/www.webdo.tn\\\/fr\\\/\",\"name\":\"webdo\",\"description\":\"Tunisie - News en Tunisie et \u00e0 l&#039;international sur Webdo.tn\",\"publisher\":{\"@id\":\"https:\\\/\\\/www.webdo.tn\\\/fr\\\/#organization\"},\"potentialAction\":[{\"@type\":\"SearchAction\",\"target\":{\"@type\":\"EntryPoint\",\"urlTemplate\":\"https:\\\/\\\/www.webdo.tn\\\/fr\\\/?s={search_term_string}\"},\"query-input\":{\"@type\":\"PropertyValueSpecification\",\"valueRequired\":true,\"valueName\":\"search_term_string\"}}],\"inLanguage\":\"fr-FR\"},{\"@type\":\"Organization\",\"@id\":\"https:\\\/\\\/www.webdo.tn\\\/fr\\\/#organization\",\"name\":\"Webdo\",\"alternateName\":\"Webdo.tn\",\"url\":\"https:\\\/\\\/www.webdo.tn\\\/fr\\\/\",\"logo\":{\"@type\":\"ImageObject\",\"inLanguage\":\"fr-FR\",\"@id\":\"https:\\\/\\\/www.webdo.tn\\\/fr\\\/#\\\/schema\\\/logo\\\/image\\\/\",\"url\":\"https:\\\/\\\/www.webdo.tn\\\/fr\\\/wp-content\\\/uploads\\\/2025\\\/06\\\/Webdo-Tunisie_168377.jpg\",\"contentUrl\":\"https:\\\/\\\/www.webdo.tn\\\/fr\\\/wp-content\\\/uploads\\\/2025\\\/06\\\/Webdo-Tunisie_168377.jpg\",\"width\":301,\"height\":301,\"caption\":\"Webdo\"},\"image\":{\"@id\":\"https:\\\/\\\/www.webdo.tn\\\/fr\\\/#\\\/schema\\\/logo\\\/image\\\/\"},\"sameAs\":[\"https:\\\/\\\/www.facebook.com\\\/webdotn\",\"https:\\\/\\\/x.com\\\/webdo_tn\"],\"description\":\"Webdo est un m\u00e9dia num\u00e9rique tunisien fond\u00e9 en 2010, sp\u00e9cialis\u00e9 dans l\u2019actualit\u00e9 nationale et internationale, l\u2019\u00e9conomie, la soci\u00e9t\u00e9 et les analyses politiques. Le site s\u2019adresse \u00e0 un large public francophone et couvre l\u2019information tunisienne en temps r\u00e9el.\",\"email\":\"redac@webdo.tn\",\"legalName\":\"YNJ SARL\",\"foundingDate\":\"2010-09-06\",\"numberOfEmployees\":{\"@type\":\"QuantitativeValue\",\"minValue\":\"11\",\"maxValue\":\"50\"}},{\"@type\":\"Person\",\"@id\":\"https:\\\/\\\/www.webdo.tn\\\/fr\\\/#\\\/schema\\\/person\\\/ae999f6cc68c323955dd7bb23b41f2dd\",\"name\":\"WDA\",\"image\":{\"@type\":\"ImageObject\",\"inLanguage\":\"fr-FR\",\"@id\":\"https:\\\/\\\/secure.gravatar.com\\\/avatar\\\/008e9c4da3bbf467e76fbd05ea8a140d6f047be3ff32b495e3a42ecd99d95622?s=96&d=mm&r=g\",\"url\":\"https:\\\/\\\/secure.gravatar.com\\\/avatar\\\/008e9c4da3bbf467e76fbd05ea8a140d6f047be3ff32b495e3a42ecd99d95622?s=96&d=mm&r=g\",\"contentUrl\":\"https:\\\/\\\/secure.gravatar.com\\\/avatar\\\/008e9c4da3bbf467e76fbd05ea8a140d6f047be3ff32b495e3a42ecd99d95622?s=96&d=mm&r=g\",\"caption\":\"WDA\"},\"url\":\"https:\\\/\\\/www.webdo.tn\\\/fr\\\/actualite\\\/author\\\/wda\\\/\"}]}<\/script>\n<!-- \/ Yoast SEO Premium plugin. -->","yoast_head_json":{"title":"Tunisie : le d\u00e9fi de l\u2019\u00e9nergie renouvelable","description":"La Tunisie, qui planifie d\u2019int\u00e9grer 35% d\u2019\u00e9nergies renouvelables (ER) dans le mix \u00e9lectrique national en 2030 (contre \u00e0 peine 3% aujourd\u2019hui), gagnerait \u00e0 pr\u00e9pa...","canonical":"https:\/\/www.webdo.tn\/fr\/actualite\/national\/tunisie-le-defi-de-l-energie-renouvelable\/210062\/","og_locale":"fr_FR","og_type":"article","og_title":"Tunisie : le d\u00e9fi de l\u2019\u00e9nergie renouvelable","og_description":"La Tunisie, qui planifie d\u2019int\u00e9grer 35% d\u2019\u00e9nergies renouvelables (ER) dans le mix \u00e9lectrique national en 2030 (contre \u00e0 peine 3% aujourd\u2019hui), gagnerait \u00e0 pr\u00e9pa...","og_url":"https:\/\/www.webdo.tn\/fr\/actualite\/national\/tunisie-le-defi-de-l-energie-renouvelable\/210062\/","og_site_name":"webdo","article_publisher":"https:\/\/www.facebook.com\/webdotn","article_published_time":"2023-11-12T13:06:00+00:00","article_modified_time":"2025-05-20T22:56:37+00:00","og_image":[{"width":703,"height":375,"url":"https:\/\/www.webdo.tn\/fr\/wp-content\/uploads\/2023\/11\/ee7ba781820b25b1ce3f16e357ad8e1a.jpg","type":"image\/jpeg"}],"author":"WDA","twitter_card":"summary_large_image","twitter_creator":"@webdo_tn","twitter_site":"@webdo_tn","twitter_misc":{"\u00c9crit par":"WDA","Dur\u00e9e de lecture estim\u00e9e":"2 minutes"},"schema":{"@context":"https:\/\/schema.org","@graph":[{"@type":"NewsArticle","@id":"https:\/\/www.webdo.tn\/fr\/actualite\/national\/tunisie-le-defi-de-l-energie-renouvelable\/210062\/#article","isPartOf":{"@id":"https:\/\/www.webdo.tn\/fr\/actualite\/national\/tunisie-le-defi-de-l-energie-renouvelable\/210062\/"},"author":{"name":"WDA","@id":"https:\/\/www.webdo.tn\/fr\/#\/schema\/person\/ae999f6cc68c323955dd7bb23b41f2dd"},"headline":"Tunisie : le d\u00e9fi de l\u2019\u00e9nergie renouvelable","datePublished":"2023-11-12T13:06:00+00:00","dateModified":"2025-05-20T22:56:37+00:00","mainEntityOfPage":{"@id":"https:\/\/www.webdo.tn\/fr\/actualite\/national\/tunisie-le-defi-de-l-energie-renouvelable\/210062\/"},"wordCount":411,"commentCount":0,"publisher":{"@id":"https:\/\/www.webdo.tn\/fr\/#organization"},"image":{"@id":"https:\/\/www.webdo.tn\/fr\/actualite\/national\/tunisie-le-defi-de-l-energie-renouvelable\/210062\/#primaryimage"},"thumbnailUrl":"https:\/\/www.webdo.tn\/fr\/wp-content\/uploads\/2023\/11\/ee7ba781820b25b1ce3f16e357ad8e1a.jpg","keywords":["Capacit\u00e9s en 2030","\u00e9nergies renouvelables","Stockage"],"articleSection":["National"],"inLanguage":"fr-FR"},{"@type":"WebPage","@id":"https:\/\/www.webdo.tn\/fr\/actualite\/national\/tunisie-le-defi-de-l-energie-renouvelable\/210062\/","url":"https:\/\/www.webdo.tn\/fr\/actualite\/national\/tunisie-le-defi-de-l-energie-renouvelable\/210062\/","name":"Tunisie : le d\u00e9fi de l\u2019\u00e9nergie renouvelable","isPartOf":{"@id":"https:\/\/www.webdo.tn\/fr\/#website"},"primaryImageOfPage":{"@id":"https:\/\/www.webdo.tn\/fr\/actualite\/national\/tunisie-le-defi-de-l-energie-renouvelable\/210062\/#primaryimage"},"image":{"@id":"https:\/\/www.webdo.tn\/fr\/actualite\/national\/tunisie-le-defi-de-l-energie-renouvelable\/210062\/#primaryimage"},"thumbnailUrl":"https:\/\/www.webdo.tn\/fr\/wp-content\/uploads\/2023\/11\/ee7ba781820b25b1ce3f16e357ad8e1a.jpg","datePublished":"2023-11-12T13:06:00+00:00","dateModified":"2025-05-20T22:56:37+00:00","description":"La Tunisie, qui planifie d\u2019int\u00e9grer 35% d\u2019\u00e9nergies renouvelables (ER) dans le mix \u00e9lectrique national en 2030 (contre \u00e0 peine 3% aujourd\u2019hui), gagnerait \u00e0 pr\u00e9pa...","breadcrumb":{"@id":"https:\/\/www.webdo.tn\/fr\/actualite\/national\/tunisie-le-defi-de-l-energie-renouvelable\/210062\/#breadcrumb"},"inLanguage":"fr-FR","potentialAction":[{"@type":"ReadAction","target":["https:\/\/www.webdo.tn\/fr\/actualite\/national\/tunisie-le-defi-de-l-energie-renouvelable\/210062\/"]}]},{"@type":"ImageObject","inLanguage":"fr-FR","@id":"https:\/\/www.webdo.tn\/fr\/actualite\/national\/tunisie-le-defi-de-l-energie-renouvelable\/210062\/#primaryimage","url":"https:\/\/www.webdo.tn\/fr\/wp-content\/uploads\/2023\/11\/ee7ba781820b25b1ce3f16e357ad8e1a.jpg","contentUrl":"https:\/\/www.webdo.tn\/fr\/wp-content\/uploads\/2023\/11\/ee7ba781820b25b1ce3f16e357ad8e1a.jpg","width":703,"height":375,"caption":"Tunisie : le d\u00e9fi de l\u2019\u00e9nergie renouvelable"},{"@type":"BreadcrumbList","@id":"https:\/\/www.webdo.tn\/fr\/actualite\/national\/tunisie-le-defi-de-l-energie-renouvelable\/210062\/#breadcrumb","itemListElement":[{"@type":"ListItem","position":1,"name":"Accueil","item":"https:\/\/www.webdo.tn\/fr\/"},{"@type":"ListItem","position":2,"name":"Tunisie : le d\u00e9fi de l\u2019\u00e9nergie renouvelable"}]},{"@type":"WebSite","@id":"https:\/\/www.webdo.tn\/fr\/#website","url":"https:\/\/www.webdo.tn\/fr\/","name":"webdo","description":"Tunisie - News en Tunisie et \u00e0 l&#039;international sur Webdo.tn","publisher":{"@id":"https:\/\/www.webdo.tn\/fr\/#organization"},"potentialAction":[{"@type":"SearchAction","target":{"@type":"EntryPoint","urlTemplate":"https:\/\/www.webdo.tn\/fr\/?s={search_term_string}"},"query-input":{"@type":"PropertyValueSpecification","valueRequired":true,"valueName":"search_term_string"}}],"inLanguage":"fr-FR"},{"@type":"Organization","@id":"https:\/\/www.webdo.tn\/fr\/#organization","name":"Webdo","alternateName":"Webdo.tn","url":"https:\/\/www.webdo.tn\/fr\/","logo":{"@type":"ImageObject","inLanguage":"fr-FR","@id":"https:\/\/www.webdo.tn\/fr\/#\/schema\/logo\/image\/","url":"https:\/\/www.webdo.tn\/fr\/wp-content\/uploads\/2025\/06\/Webdo-Tunisie_168377.jpg","contentUrl":"https:\/\/www.webdo.tn\/fr\/wp-content\/uploads\/2025\/06\/Webdo-Tunisie_168377.jpg","width":301,"height":301,"caption":"Webdo"},"image":{"@id":"https:\/\/www.webdo.tn\/fr\/#\/schema\/logo\/image\/"},"sameAs":["https:\/\/www.facebook.com\/webdotn","https:\/\/x.com\/webdo_tn"],"description":"Webdo est un m\u00e9dia num\u00e9rique tunisien fond\u00e9 en 2010, sp\u00e9cialis\u00e9 dans l\u2019actualit\u00e9 nationale et internationale, l\u2019\u00e9conomie, la soci\u00e9t\u00e9 et les analyses politiques. Le site s\u2019adresse \u00e0 un large public francophone et couvre l\u2019information tunisienne en temps r\u00e9el.","email":"redac@webdo.tn","legalName":"YNJ SARL","foundingDate":"2010-09-06","numberOfEmployees":{"@type":"QuantitativeValue","minValue":"11","maxValue":"50"}},{"@type":"Person","@id":"https:\/\/www.webdo.tn\/fr\/#\/schema\/person\/ae999f6cc68c323955dd7bb23b41f2dd","name":"WDA","image":{"@type":"ImageObject","inLanguage":"fr-FR","@id":"https:\/\/secure.gravatar.com\/avatar\/008e9c4da3bbf467e76fbd05ea8a140d6f047be3ff32b495e3a42ecd99d95622?s=96&d=mm&r=g","url":"https:\/\/secure.gravatar.com\/avatar\/008e9c4da3bbf467e76fbd05ea8a140d6f047be3ff32b495e3a42ecd99d95622?s=96&d=mm&r=g","contentUrl":"https:\/\/secure.gravatar.com\/avatar\/008e9c4da3bbf467e76fbd05ea8a140d6f047be3ff32b495e3a42ecd99d95622?s=96&d=mm&r=g","caption":"WDA"},"url":"https:\/\/www.webdo.tn\/fr\/actualite\/author\/wda\/"}]}},"_links":{"self":[{"href":"https:\/\/www.webdo.tn\/fr\/wp-json\/wp\/v2\/posts\/210062","targetHints":{"allow":["GET"]}}],"collection":[{"href":"https:\/\/www.webdo.tn\/fr\/wp-json\/wp\/v2\/posts"}],"about":[{"href":"https:\/\/www.webdo.tn\/fr\/wp-json\/wp\/v2\/types\/post"}],"author":[{"embeddable":true,"href":"https:\/\/www.webdo.tn\/fr\/wp-json\/wp\/v2\/users\/3185"}],"replies":[{"embeddable":true,"href":"https:\/\/www.webdo.tn\/fr\/wp-json\/wp\/v2\/comments?post=210062"}],"version-history":[{"count":0,"href":"https:\/\/www.webdo.tn\/fr\/wp-json\/wp\/v2\/posts\/210062\/revisions"}],"wp:featuredmedia":[{"embeddable":true,"href":"https:\/\/www.webdo.tn\/fr\/wp-json\/wp\/v2\/media\/248792"}],"wp:attachment":[{"href":"https:\/\/www.webdo.tn\/fr\/wp-json\/wp\/v2\/media?parent=210062"}],"wp:term":[{"taxonomy":"category","embeddable":true,"href":"https:\/\/www.webdo.tn\/fr\/wp-json\/wp\/v2\/categories?post=210062"},{"taxonomy":"post_tag","embeddable":true,"href":"https:\/\/www.webdo.tn\/fr\/wp-json\/wp\/v2\/tags?post=210062"}],"curies":[{"name":"wp","href":"https:\/\/api.w.org\/{rel}","templated":true}]}}