{"id":210057,"date":"2023-11-11T12:11:00","date_gmt":"2023-11-11T12:11:00","guid":{"rendered":"https:\/\/www.webdo.tn\/fr\/blog\/le-musee-farhat-hached-officiellement-inaugure-le-5-decembre\/210057\/"},"modified":"2025-05-20T22:10:40","modified_gmt":"2025-05-20T22:10:40","slug":"le-musee-farhat-hached-officiellement-inaugure-le-5-decembre","status":"publish","type":"post","link":"https:\/\/www.webdo.tn\/fr\/actualite\/national\/le-musee-farhat-hached-officiellement-inaugure-le-5-decembre\/210057\/","title":{"rendered":"Le mus\u00e9e Farhat Hached officiellement inaugur\u00e9 le 5 d\u00e9cembre"},"content":{"rendered":"<p>\u00ab\u00a0Le mus\u00e9e Farhat Hached\u00a0\u00bb, \u00e0 la Kasbah, d\u00e9di\u00e9 au mouvement syndical national et baptis\u00e9 au nom du syndicaliste Farhat Hached (1914-1952) sera officiellement inaugur\u00e9 le mardi 5 d\u00e9cembre 2023, \u00e0 l\u2019occasion de la comm\u00e9moration du 71\u00e8me anniversaire de l&rsquo;assassinat de ce leader syndicaliste national.<\/p>\n<p>\t\t\t\t\t\t\t\t\tC&rsquo;est l\u2019Union g\u00e9n\u00e9rale tunisienne du travail (UGTT) qui est \u00e0 l\u2019origine de ce projet, en 2013, et qu\u2019abrite le mausol\u00e9e Farhat Hached o\u00f9 est inhum\u00e9 le corps du syndicaliste depuis 1955.<\/p>\n<p>La ministre des Affaires Culturelles, Hayet Guetat Guermazi a tenu, vendredi 10 novembre, une s\u00e9ance de travail au si\u00e8ge de son d\u00e9partement \u00e0 la Kasbah, consacr\u00e9e \u00e0 l\u2019examen des derniers pr\u00e9paratifs en pr\u00e9vision de l\u2019inauguration de ce mus\u00e9e.<\/p>\n<p>L\u2019exposition reviendra sur le parcours de Farhat Hached et jettera la lumi\u00e8re sur la situation politique, \u00e9conomique et sociale en Tunisie depuis le d\u00e9but du colonialisme fran\u00e7ais en 1881 jusqu\u2019au d\u00e9but du Mouvement syndical dont Hached \u00e9tait l\u2019un des membres embl\u00e9matique.<\/p>\n","protected":false},"excerpt":{"rendered":"<p>Le mus\u00e9e Farhat Hached , \u00e0 la Kasbah, d\u00e9di\u00e9 au mouvement syndical national et baptis\u00e9 au nom du syndicaliste Farhat Hached (1914-1952) sera officiellement inau&#8230;<\/p>\n","protected":false},"author":3162,"featured_media":289849,"comment_status":"open","ping_status":"closed","sticky":false,"template":"","format":"standard","meta":{"footnotes":""},"categories":[44],"tags":[4802,3328,2649],"class_list":["post-210057","post","type-post","status-publish","format-standard","has-post-thumbnail","hentry","category-national","tag-farhat-hached","tag-musee","tag-ugtt"],"yoast_head":"<!-- This site is optimized with the Yoast SEO Premium plugin v27.5 (Yoast SEO v27.5) - https:\/\/yoast.com\/product\/yoast-seo-premium-wordpress\/ -->\n<title>Le mus\u00e9e Farhat Hached officiellement inaugur\u00e9 le 5 d\u00e9cembre<\/title>\n<meta name=\"description\" content=\"Le mus\u00e9e Farhat Hached , \u00e0 la Kasbah, d\u00e9di\u00e9 au mouvement syndical national et baptis\u00e9 au nom du syndicaliste Farhat Hached (1914-1952) sera officiellement inau...\" \/>\n<link rel=\"canonical\" href=\"https:\/\/www.webdo.tn\/fr\/actualite\/national\/le-musee-farhat-hached-officiellement-inaugure-le-5-decembre\/210057\/\" \/>\n<meta property=\"og:locale\" content=\"fr_FR\" \/>\n<meta property=\"og:type\" content=\"article\" \/>\n<meta property=\"og:title\" content=\"Le mus\u00e9e Farhat Hached officiellement inaugur\u00e9 le 5 d\u00e9cembre\" \/>\n<meta property=\"og:description\" content=\"Le mus\u00e9e Farhat Hached , \u00e0 la Kasbah, d\u00e9di\u00e9 au mouvement syndical national et baptis\u00e9 au nom du syndicaliste Farhat Hached (1914-1952) sera officiellement inau...\" \/>\n<meta property=\"og:url\" content=\"https:\/\/www.webdo.tn\/fr\/actualite\/national\/le-musee-farhat-hached-officiellement-inaugure-le-5-decembre\/210057\/\" \/>\n<meta property=\"og:site_name\" content=\"webdo\" \/>\n<meta property=\"article:publisher\" content=\"https:\/\/www.facebook.com\/webdotn\" \/>\n<meta property=\"article:published_time\" content=\"2023-11-11T12:11:00+00:00\" \/>\n<meta property=\"article:modified_time\" content=\"2025-05-20T22:10:40+00:00\" \/>\n<meta property=\"og:image\" content=\"https:\/\/www.webdo.tn\/fr\/wp-content\/uploads\/2023\/11\/b333e9b53e48fcb86f75bcdb7a4b1ba3.png\" \/>\n\t<meta property=\"og:image:width\" content=\"750\" \/>\n\t<meta property=\"og:image:height\" content=\"400\" \/>\n\t<meta property=\"og:image:type\" content=\"image\/png\" \/>\n<meta name=\"author\" content=\"MC\" \/>\n<meta name=\"twitter:card\" content=\"summary_large_image\" \/>\n<meta name=\"twitter:creator\" content=\"@webdo_tn\" \/>\n<meta name=\"twitter:site\" content=\"@webdo_tn\" \/>\n<meta name=\"twitter:label1\" content=\"\u00c9crit par\" \/>\n\t<meta name=\"twitter:data1\" content=\"MC\" \/>\n\t<meta name=\"twitter:label2\" content=\"Dur\u00e9e de lecture estim\u00e9e\" \/>\n\t<meta name=\"twitter:data2\" content=\"1 minute\" \/>\n<script type=\"application\/ld+json\" class=\"yoast-schema-graph\">{\"@context\":\"https:\\\/\\\/schema.org\",\"@graph\":[{\"@type\":\"NewsArticle\",\"@id\":\"https:\\\/\\\/www.webdo.tn\\\/fr\\\/actualite\\\/national\\\/le-musee-farhat-hached-officiellement-inaugure-le-5-decembre\\\/210057\\\/#article\",\"isPartOf\":{\"@id\":\"https:\\\/\\\/www.webdo.tn\\\/fr\\\/actualite\\\/national\\\/le-musee-farhat-hached-officiellement-inaugure-le-5-decembre\\\/210057\\\/\"},\"author\":{\"name\":\"MC\",\"@id\":\"https:\\\/\\\/www.webdo.tn\\\/fr\\\/#\\\/schema\\\/person\\\/2c4929cbf5a809e3bd38617c6ce150f6\"},\"headline\":\"Le mus\u00e9e Farhat Hached officiellement inaugur\u00e9 le 5 d\u00e9cembre\",\"datePublished\":\"2023-11-11T12:11:00+00:00\",\"dateModified\":\"2025-05-20T22:10:40+00:00\",\"mainEntityOfPage\":{\"@id\":\"https:\\\/\\\/www.webdo.tn\\\/fr\\\/actualite\\\/national\\\/le-musee-farhat-hached-officiellement-inaugure-le-5-decembre\\\/210057\\\/\"},\"wordCount\":183,\"commentCount\":0,\"publisher\":{\"@id\":\"https:\\\/\\\/www.webdo.tn\\\/fr\\\/#organization\"},\"image\":{\"@id\":\"https:\\\/\\\/www.webdo.tn\\\/fr\\\/actualite\\\/national\\\/le-musee-farhat-hached-officiellement-inaugure-le-5-decembre\\\/210057\\\/#primaryimage\"},\"thumbnailUrl\":\"https:\\\/\\\/www.webdo.tn\\\/fr\\\/wp-content\\\/uploads\\\/2023\\\/11\\\/b333e9b53e48fcb86f75bcdb7a4b1ba3.png\",\"keywords\":[\"farhat hached\",\"mus\u00e9e\",\"UGTT\"],\"articleSection\":[\"National\"],\"inLanguage\":\"fr-FR\"},{\"@type\":\"WebPage\",\"@id\":\"https:\\\/\\\/www.webdo.tn\\\/fr\\\/actualite\\\/national\\\/le-musee-farhat-hached-officiellement-inaugure-le-5-decembre\\\/210057\\\/\",\"url\":\"https:\\\/\\\/www.webdo.tn\\\/fr\\\/actualite\\\/national\\\/le-musee-farhat-hached-officiellement-inaugure-le-5-decembre\\\/210057\\\/\",\"name\":\"Le mus\u00e9e Farhat Hached officiellement inaugur\u00e9 le 5 d\u00e9cembre\",\"isPartOf\":{\"@id\":\"https:\\\/\\\/www.webdo.tn\\\/fr\\\/#website\"},\"primaryImageOfPage\":{\"@id\":\"https:\\\/\\\/www.webdo.tn\\\/fr\\\/actualite\\\/national\\\/le-musee-farhat-hached-officiellement-inaugure-le-5-decembre\\\/210057\\\/#primaryimage\"},\"image\":{\"@id\":\"https:\\\/\\\/www.webdo.tn\\\/fr\\\/actualite\\\/national\\\/le-musee-farhat-hached-officiellement-inaugure-le-5-decembre\\\/210057\\\/#primaryimage\"},\"thumbnailUrl\":\"https:\\\/\\\/www.webdo.tn\\\/fr\\\/wp-content\\\/uploads\\\/2023\\\/11\\\/b333e9b53e48fcb86f75bcdb7a4b1ba3.png\",\"datePublished\":\"2023-11-11T12:11:00+00:00\",\"dateModified\":\"2025-05-20T22:10:40+00:00\",\"description\":\"Le mus\u00e9e Farhat Hached , \u00e0 la Kasbah, d\u00e9di\u00e9 au mouvement syndical national et baptis\u00e9 au nom du syndicaliste Farhat Hached (1914-1952) sera officiellement inau...\",\"breadcrumb\":{\"@id\":\"https:\\\/\\\/www.webdo.tn\\\/fr\\\/actualite\\\/national\\\/le-musee-farhat-hached-officiellement-inaugure-le-5-decembre\\\/210057\\\/#breadcrumb\"},\"inLanguage\":\"fr-FR\",\"potentialAction\":[{\"@type\":\"ReadAction\",\"target\":[\"https:\\\/\\\/www.webdo.tn\\\/fr\\\/actualite\\\/national\\\/le-musee-farhat-hached-officiellement-inaugure-le-5-decembre\\\/210057\\\/\"]}]},{\"@type\":\"ImageObject\",\"inLanguage\":\"fr-FR\",\"@id\":\"https:\\\/\\\/www.webdo.tn\\\/fr\\\/actualite\\\/national\\\/le-musee-farhat-hached-officiellement-inaugure-le-5-decembre\\\/210057\\\/#primaryimage\",\"url\":\"https:\\\/\\\/www.webdo.tn\\\/fr\\\/wp-content\\\/uploads\\\/2023\\\/11\\\/b333e9b53e48fcb86f75bcdb7a4b1ba3.png\",\"contentUrl\":\"https:\\\/\\\/www.webdo.tn\\\/fr\\\/wp-content\\\/uploads\\\/2023\\\/11\\\/b333e9b53e48fcb86f75bcdb7a4b1ba3.png\",\"width\":750,\"height\":400,\"caption\":\"Le mus\u00e9e Farhat Hached officiellement inaugur\u00e9 le 5 d\u00e9cembre\"},{\"@type\":\"BreadcrumbList\",\"@id\":\"https:\\\/\\\/www.webdo.tn\\\/fr\\\/actualite\\\/national\\\/le-musee-farhat-hached-officiellement-inaugure-le-5-decembre\\\/210057\\\/#breadcrumb\",\"itemListElement\":[{\"@type\":\"ListItem\",\"position\":1,\"name\":\"Accueil\",\"item\":\"https:\\\/\\\/www.webdo.tn\\\/fr\\\/\"},{\"@type\":\"ListItem\",\"position\":2,\"name\":\"Le mus\u00e9e Farhat Hached officiellement inaugur\u00e9 le 5 d\u00e9cembre\"}]},{\"@type\":\"WebSite\",\"@id\":\"https:\\\/\\\/www.webdo.tn\\\/fr\\\/#website\",\"url\":\"https:\\\/\\\/www.webdo.tn\\\/fr\\\/\",\"name\":\"webdo\",\"description\":\"Tunisie - News en Tunisie et \u00e0 l&#039;international sur Webdo.tn\",\"publisher\":{\"@id\":\"https:\\\/\\\/www.webdo.tn\\\/fr\\\/#organization\"},\"potentialAction\":[{\"@type\":\"SearchAction\",\"target\":{\"@type\":\"EntryPoint\",\"urlTemplate\":\"https:\\\/\\\/www.webdo.tn\\\/fr\\\/?s={search_term_string}\"},\"query-input\":{\"@type\":\"PropertyValueSpecification\",\"valueRequired\":true,\"valueName\":\"search_term_string\"}}],\"inLanguage\":\"fr-FR\"},{\"@type\":\"Organization\",\"@id\":\"https:\\\/\\\/www.webdo.tn\\\/fr\\\/#organization\",\"name\":\"Webdo\",\"alternateName\":\"Webdo.tn\",\"url\":\"https:\\\/\\\/www.webdo.tn\\\/fr\\\/\",\"logo\":{\"@type\":\"ImageObject\",\"inLanguage\":\"fr-FR\",\"@id\":\"https:\\\/\\\/www.webdo.tn\\\/fr\\\/#\\\/schema\\\/logo\\\/image\\\/\",\"url\":\"https:\\\/\\\/www.webdo.tn\\\/fr\\\/wp-content\\\/uploads\\\/2025\\\/06\\\/Webdo-Tunisie_168377.jpg\",\"contentUrl\":\"https:\\\/\\\/www.webdo.tn\\\/fr\\\/wp-content\\\/uploads\\\/2025\\\/06\\\/Webdo-Tunisie_168377.jpg\",\"width\":301,\"height\":301,\"caption\":\"Webdo\"},\"image\":{\"@id\":\"https:\\\/\\\/www.webdo.tn\\\/fr\\\/#\\\/schema\\\/logo\\\/image\\\/\"},\"sameAs\":[\"https:\\\/\\\/www.facebook.com\\\/webdotn\",\"https:\\\/\\\/x.com\\\/webdo_tn\"],\"description\":\"Webdo est un m\u00e9dia num\u00e9rique tunisien fond\u00e9 en 2010, sp\u00e9cialis\u00e9 dans l\u2019actualit\u00e9 nationale et internationale, l\u2019\u00e9conomie, la soci\u00e9t\u00e9 et les analyses politiques. Le site s\u2019adresse \u00e0 un large public francophone et couvre l\u2019information tunisienne en temps r\u00e9el.\",\"email\":\"redac@webdo.tn\",\"legalName\":\"YNJ SARL\",\"foundingDate\":\"2010-09-06\",\"numberOfEmployees\":{\"@type\":\"QuantitativeValue\",\"minValue\":\"11\",\"maxValue\":\"50\"}},{\"@type\":\"Person\",\"@id\":\"https:\\\/\\\/www.webdo.tn\\\/fr\\\/#\\\/schema\\\/person\\\/2c4929cbf5a809e3bd38617c6ce150f6\",\"name\":\"MC\",\"image\":{\"@type\":\"ImageObject\",\"inLanguage\":\"fr-FR\",\"@id\":\"https:\\\/\\\/secure.gravatar.com\\\/avatar\\\/a545bbb6f84efdd5553dbbc2895e3ca8f1d12c5215e00a041c9670b54aa9b18a?s=96&d=mm&r=g\",\"url\":\"https:\\\/\\\/secure.gravatar.com\\\/avatar\\\/a545bbb6f84efdd5553dbbc2895e3ca8f1d12c5215e00a041c9670b54aa9b18a?s=96&d=mm&r=g\",\"contentUrl\":\"https:\\\/\\\/secure.gravatar.com\\\/avatar\\\/a545bbb6f84efdd5553dbbc2895e3ca8f1d12c5215e00a041c9670b54aa9b18a?s=96&d=mm&r=g\",\"caption\":\"MC\"},\"url\":\"https:\\\/\\\/www.webdo.tn\\\/fr\\\/actualite\\\/author\\\/mc\\\/\"}]}<\/script>\n<!-- \/ Yoast SEO Premium plugin. -->","yoast_head_json":{"title":"Le mus\u00e9e Farhat Hached officiellement inaugur\u00e9 le 5 d\u00e9cembre","description":"Le mus\u00e9e Farhat Hached , \u00e0 la Kasbah, d\u00e9di\u00e9 au mouvement syndical national et baptis\u00e9 au nom du syndicaliste Farhat Hached (1914-1952) sera officiellement inau...","canonical":"https:\/\/www.webdo.tn\/fr\/actualite\/national\/le-musee-farhat-hached-officiellement-inaugure-le-5-decembre\/210057\/","og_locale":"fr_FR","og_type":"article","og_title":"Le mus\u00e9e Farhat Hached officiellement inaugur\u00e9 le 5 d\u00e9cembre","og_description":"Le mus\u00e9e Farhat Hached , \u00e0 la Kasbah, d\u00e9di\u00e9 au mouvement syndical national et baptis\u00e9 au nom du syndicaliste Farhat Hached (1914-1952) sera officiellement inau...","og_url":"https:\/\/www.webdo.tn\/fr\/actualite\/national\/le-musee-farhat-hached-officiellement-inaugure-le-5-decembre\/210057\/","og_site_name":"webdo","article_publisher":"https:\/\/www.facebook.com\/webdotn","article_published_time":"2023-11-11T12:11:00+00:00","article_modified_time":"2025-05-20T22:10:40+00:00","og_image":[{"width":750,"height":400,"url":"https:\/\/www.webdo.tn\/fr\/wp-content\/uploads\/2023\/11\/b333e9b53e48fcb86f75bcdb7a4b1ba3.png","type":"image\/png"}],"author":"MC","twitter_card":"summary_large_image","twitter_creator":"@webdo_tn","twitter_site":"@webdo_tn","twitter_misc":{"\u00c9crit par":"MC","Dur\u00e9e de lecture estim\u00e9e":"1 minute"},"schema":{"@context":"https:\/\/schema.org","@graph":[{"@type":"NewsArticle","@id":"https:\/\/www.webdo.tn\/fr\/actualite\/national\/le-musee-farhat-hached-officiellement-inaugure-le-5-decembre\/210057\/#article","isPartOf":{"@id":"https:\/\/www.webdo.tn\/fr\/actualite\/national\/le-musee-farhat-hached-officiellement-inaugure-le-5-decembre\/210057\/"},"author":{"name":"MC","@id":"https:\/\/www.webdo.tn\/fr\/#\/schema\/person\/2c4929cbf5a809e3bd38617c6ce150f6"},"headline":"Le mus\u00e9e Farhat Hached officiellement inaugur\u00e9 le 5 d\u00e9cembre","datePublished":"2023-11-11T12:11:00+00:00","dateModified":"2025-05-20T22:10:40+00:00","mainEntityOfPage":{"@id":"https:\/\/www.webdo.tn\/fr\/actualite\/national\/le-musee-farhat-hached-officiellement-inaugure-le-5-decembre\/210057\/"},"wordCount":183,"commentCount":0,"publisher":{"@id":"https:\/\/www.webdo.tn\/fr\/#organization"},"image":{"@id":"https:\/\/www.webdo.tn\/fr\/actualite\/national\/le-musee-farhat-hached-officiellement-inaugure-le-5-decembre\/210057\/#primaryimage"},"thumbnailUrl":"https:\/\/www.webdo.tn\/fr\/wp-content\/uploads\/2023\/11\/b333e9b53e48fcb86f75bcdb7a4b1ba3.png","keywords":["farhat hached","mus\u00e9e","UGTT"],"articleSection":["National"],"inLanguage":"fr-FR"},{"@type":"WebPage","@id":"https:\/\/www.webdo.tn\/fr\/actualite\/national\/le-musee-farhat-hached-officiellement-inaugure-le-5-decembre\/210057\/","url":"https:\/\/www.webdo.tn\/fr\/actualite\/national\/le-musee-farhat-hached-officiellement-inaugure-le-5-decembre\/210057\/","name":"Le mus\u00e9e Farhat Hached officiellement inaugur\u00e9 le 5 d\u00e9cembre","isPartOf":{"@id":"https:\/\/www.webdo.tn\/fr\/#website"},"primaryImageOfPage":{"@id":"https:\/\/www.webdo.tn\/fr\/actualite\/national\/le-musee-farhat-hached-officiellement-inaugure-le-5-decembre\/210057\/#primaryimage"},"image":{"@id":"https:\/\/www.webdo.tn\/fr\/actualite\/national\/le-musee-farhat-hached-officiellement-inaugure-le-5-decembre\/210057\/#primaryimage"},"thumbnailUrl":"https:\/\/www.webdo.tn\/fr\/wp-content\/uploads\/2023\/11\/b333e9b53e48fcb86f75bcdb7a4b1ba3.png","datePublished":"2023-11-11T12:11:00+00:00","dateModified":"2025-05-20T22:10:40+00:00","description":"Le mus\u00e9e Farhat Hached , \u00e0 la Kasbah, d\u00e9di\u00e9 au mouvement syndical national et baptis\u00e9 au nom du syndicaliste Farhat Hached (1914-1952) sera officiellement inau...","breadcrumb":{"@id":"https:\/\/www.webdo.tn\/fr\/actualite\/national\/le-musee-farhat-hached-officiellement-inaugure-le-5-decembre\/210057\/#breadcrumb"},"inLanguage":"fr-FR","potentialAction":[{"@type":"ReadAction","target":["https:\/\/www.webdo.tn\/fr\/actualite\/national\/le-musee-farhat-hached-officiellement-inaugure-le-5-decembre\/210057\/"]}]},{"@type":"ImageObject","inLanguage":"fr-FR","@id":"https:\/\/www.webdo.tn\/fr\/actualite\/national\/le-musee-farhat-hached-officiellement-inaugure-le-5-decembre\/210057\/#primaryimage","url":"https:\/\/www.webdo.tn\/fr\/wp-content\/uploads\/2023\/11\/b333e9b53e48fcb86f75bcdb7a4b1ba3.png","contentUrl":"https:\/\/www.webdo.tn\/fr\/wp-content\/uploads\/2023\/11\/b333e9b53e48fcb86f75bcdb7a4b1ba3.png","width":750,"height":400,"caption":"Le mus\u00e9e Farhat Hached officiellement inaugur\u00e9 le 5 d\u00e9cembre"},{"@type":"BreadcrumbList","@id":"https:\/\/www.webdo.tn\/fr\/actualite\/national\/le-musee-farhat-hached-officiellement-inaugure-le-5-decembre\/210057\/#breadcrumb","itemListElement":[{"@type":"ListItem","position":1,"name":"Accueil","item":"https:\/\/www.webdo.tn\/fr\/"},{"@type":"ListItem","position":2,"name":"Le mus\u00e9e Farhat Hached officiellement inaugur\u00e9 le 5 d\u00e9cembre"}]},{"@type":"WebSite","@id":"https:\/\/www.webdo.tn\/fr\/#website","url":"https:\/\/www.webdo.tn\/fr\/","name":"webdo","description":"Tunisie - News en Tunisie et \u00e0 l&#039;international sur Webdo.tn","publisher":{"@id":"https:\/\/www.webdo.tn\/fr\/#organization"},"potentialAction":[{"@type":"SearchAction","target":{"@type":"EntryPoint","urlTemplate":"https:\/\/www.webdo.tn\/fr\/?s={search_term_string}"},"query-input":{"@type":"PropertyValueSpecification","valueRequired":true,"valueName":"search_term_string"}}],"inLanguage":"fr-FR"},{"@type":"Organization","@id":"https:\/\/www.webdo.tn\/fr\/#organization","name":"Webdo","alternateName":"Webdo.tn","url":"https:\/\/www.webdo.tn\/fr\/","logo":{"@type":"ImageObject","inLanguage":"fr-FR","@id":"https:\/\/www.webdo.tn\/fr\/#\/schema\/logo\/image\/","url":"https:\/\/www.webdo.tn\/fr\/wp-content\/uploads\/2025\/06\/Webdo-Tunisie_168377.jpg","contentUrl":"https:\/\/www.webdo.tn\/fr\/wp-content\/uploads\/2025\/06\/Webdo-Tunisie_168377.jpg","width":301,"height":301,"caption":"Webdo"},"image":{"@id":"https:\/\/www.webdo.tn\/fr\/#\/schema\/logo\/image\/"},"sameAs":["https:\/\/www.facebook.com\/webdotn","https:\/\/x.com\/webdo_tn"],"description":"Webdo est un m\u00e9dia num\u00e9rique tunisien fond\u00e9 en 2010, sp\u00e9cialis\u00e9 dans l\u2019actualit\u00e9 nationale et internationale, l\u2019\u00e9conomie, la soci\u00e9t\u00e9 et les analyses politiques. Le site s\u2019adresse \u00e0 un large public francophone et couvre l\u2019information tunisienne en temps r\u00e9el.","email":"redac@webdo.tn","legalName":"YNJ SARL","foundingDate":"2010-09-06","numberOfEmployees":{"@type":"QuantitativeValue","minValue":"11","maxValue":"50"}},{"@type":"Person","@id":"https:\/\/www.webdo.tn\/fr\/#\/schema\/person\/2c4929cbf5a809e3bd38617c6ce150f6","name":"MC","image":{"@type":"ImageObject","inLanguage":"fr-FR","@id":"https:\/\/secure.gravatar.com\/avatar\/a545bbb6f84efdd5553dbbc2895e3ca8f1d12c5215e00a041c9670b54aa9b18a?s=96&d=mm&r=g","url":"https:\/\/secure.gravatar.com\/avatar\/a545bbb6f84efdd5553dbbc2895e3ca8f1d12c5215e00a041c9670b54aa9b18a?s=96&d=mm&r=g","contentUrl":"https:\/\/secure.gravatar.com\/avatar\/a545bbb6f84efdd5553dbbc2895e3ca8f1d12c5215e00a041c9670b54aa9b18a?s=96&d=mm&r=g","caption":"MC"},"url":"https:\/\/www.webdo.tn\/fr\/actualite\/author\/mc\/"}]}},"_links":{"self":[{"href":"https:\/\/www.webdo.tn\/fr\/wp-json\/wp\/v2\/posts\/210057","targetHints":{"allow":["GET"]}}],"collection":[{"href":"https:\/\/www.webdo.tn\/fr\/wp-json\/wp\/v2\/posts"}],"about":[{"href":"https:\/\/www.webdo.tn\/fr\/wp-json\/wp\/v2\/types\/post"}],"author":[{"embeddable":true,"href":"https:\/\/www.webdo.tn\/fr\/wp-json\/wp\/v2\/users\/3162"}],"replies":[{"embeddable":true,"href":"https:\/\/www.webdo.tn\/fr\/wp-json\/wp\/v2\/comments?post=210057"}],"version-history":[{"count":0,"href":"https:\/\/www.webdo.tn\/fr\/wp-json\/wp\/v2\/posts\/210057\/revisions"}],"wp:featuredmedia":[{"embeddable":true,"href":"https:\/\/www.webdo.tn\/fr\/wp-json\/wp\/v2\/media\/289849"}],"wp:attachment":[{"href":"https:\/\/www.webdo.tn\/fr\/wp-json\/wp\/v2\/media?parent=210057"}],"wp:term":[{"taxonomy":"category","embeddable":true,"href":"https:\/\/www.webdo.tn\/fr\/wp-json\/wp\/v2\/categories?post=210057"},{"taxonomy":"post_tag","embeddable":true,"href":"https:\/\/www.webdo.tn\/fr\/wp-json\/wp\/v2\/tags?post=210057"}],"curies":[{"name":"wp","href":"https:\/\/api.w.org\/{rel}","templated":true}]}}