{"id":210055,"date":"2023-11-11T11:38:00","date_gmt":"2023-11-11T11:38:00","guid":{"rendered":"https:\/\/www.webdo.tn\/fr\/blog\/gaza-ecoles-et-hopitaux-principales-cibles-de-l-armee-d-occupation\/210055\/"},"modified":"2025-05-20T22:10:39","modified_gmt":"2025-05-20T22:10:39","slug":"gaza-ecoles-et-hopitaux-principales-cibles-de-l-armee-d-occupation","status":"publish","type":"post","link":"https:\/\/www.webdo.tn\/fr\/actualite\/international\/gaza-ecoles-et-hopitaux-principales-cibles-de-l-armee-d-occupation\/210055\/","title":{"rendered":"Gaza : Ecoles et h\u00f4pitaux, principales cibles de l\u2019arm\u00e9e d\u2019occupation"},"content":{"rendered":"<p>Les appels au cessez-le-feu se multiplient face \u00e0 l&rsquo;intensification des combats qui se sont concentr\u00e9s sur les \u00e9coles et les h\u00f4pitaux \u00e0 Gaza.<\/p>\n<p>\t\t\t\t\t\t\t\t\tLe minist\u00e8re de la Sant\u00e9 du Hamas palestinien a annonc\u00e9 que le bilan des bombardements isra\u00e9liens dans la bande de Gaza avait atteint les 11.078 martyrs depuis le d\u00e9but de la guerre le 7 octobre, dont 4506 enfants.<\/p>\n<p>Une \u00e9cole et des h\u00f4pitaux dans le nord de la bande de Gaza ont \u00e9t\u00e9 touch\u00e9s dans des frappes meurtri\u00e8res vendredi, selon des responsables palestiniens. Les civils y cherchent refuge pour \u00e9chapper aux bombardements isra\u00e9liens.<\/p>\n<p>De violents combats entre des combattant du Hamas et l\u2019arm\u00e9e isra\u00e9lienne se sont poursuivis autour de l&rsquo;h\u00f4pital al-Shifa dans la ville de Gaza, le plus important du territoire.<\/p>\n<p>MSF : \u00ab\u00a0Les attaques contre l&rsquo;h\u00f4pital al-Shifa se sont intensifi\u00e9es de fa\u00e7on dramatique\u00a0\u00bb<\/p>\n<p>L&rsquo;ONG M\u00e9decins sans fronti\u00e8res (MSF) a relev\u00e9 samedi matin sur X qu&rsquo;\u00ab au cours des derni\u00e8res heures, les attaques contre l&rsquo;h\u00f4pital al-Shifa se sont intensifi\u00e9es de fa\u00e7on dramatique \u00bb, et a \u00e9voqu\u00e9 une situation \u00ab catastrophique \u00bb \u00e0 l&rsquo;int\u00e9rieur de l&rsquo;\u00e9tablissement.<\/p>\n<p>Vendredi, le Hamas a fait \u00e9tat de 13 morts dans une frappe sur ce complexe o\u00f9 ont tent\u00e9 de se r\u00e9fugier des civils, comme dans d&rsquo;autres h\u00f4pitaux du territoire. Cit\u00e9e par MSF, une infirmi\u00e8re de l&rsquo;\u00e9tablissement, Maher Sharif, a d\u00e9crit une \u00ab sc\u00e8ne d&rsquo;horreur \u00bb. \u00ab J&rsquo;ai vu des cadavres, y compris de femmes et d&rsquo;enfants \u00bb, a-t-elle dit.<\/p>\n<p>Fosse commune<\/p>\n<p>Le minist\u00e8re palestinien de la Sant\u00e9 a annonc\u00e9 qu&rsquo;il avait \u00e9t\u00e9 d\u00e9cid\u00e9 de creuser une fosse commune \u00e0 l&rsquo;int\u00e9rieur du campus du complexe m\u00e9dical d&rsquo;Al-Shifa pour enterrer 100 bless\u00e9s tomb\u00e9s en martyr dans le complexe assi\u00e9g\u00e9, dont les environs sont soumis aux bombardements continus de l&rsquo;occupation.<\/p>\n<p>Le directeur g\u00e9n\u00e9ral au minist\u00e8re de la Sant\u00e9, Mounir Al-Barsh, a d\u00e9clar\u00e9 : \u00ab\u00a0Les bombardements n&rsquo;ont pas cess\u00e9 aux alentours de l&rsquo;h\u00f4pital depuis 3 nuits. Il y a des bombardements tr\u00e8s violents presque toutes les minutes, dans le but d&rsquo;ouvrir la voie \u00e0 l&rsquo;entr\u00e9e du complexe.\u00a0\u00bb<\/p>\n<p>Vendredi matin, les forces de l&rsquo;arm\u00e9e d&rsquo;occupation ont cibl\u00e9 un certain nombre d&rsquo;h\u00f4pitaux dans la bande de Gaza, notamment le complexe Al-Shifa, l&rsquo;h\u00f4pital sp\u00e9cialis\u00e9 pour enfants Al-Rantisi et l&rsquo;h\u00f4pital indon\u00e9sien.<\/p>\n<p>21 h\u00f4pitaux et 47 centres de sant\u00e9 hors service<\/p>\n<p>Le minist\u00e8re palestinien de la Sant\u00e9 a par ailleurs, annonc\u00e9, ce samedi 11 novembre, au matin que le complexe m\u00e9dical Shifa \u00e9tait d\u00e9sormais \u00e0 l\u2019arr\u00eat apr\u00e8s l\u2019\u00e9puisement complet du carburant.<\/p>\n<p>Le minist\u00e8re de la Sant\u00e9 de la bande de Gaza avait \u00e9galement annonc\u00e9, vendredi 10 novembre au soir, l&rsquo;arr\u00eat de toutes les op\u00e9rations chirurgicales \u00e0 l&rsquo;h\u00f4pital indon\u00e9sien du nord de la bande soulignant que 21 h\u00f4pitaux et 47 centres de sant\u00e9 \u00e9taient hors service.<\/p>\n<p>50 corps r\u00e9cup\u00e9r\u00e9s des d\u00e9combres d&rsquo;une \u00e9cole<\/p>\n<p>Des \u00e9quipes de la d\u00e9fense civile et des ambulances ont r\u00e9cup\u00e9r\u00e9, vendredi 10 novembre 2023, les corps de dizaines de civils tu\u00e9s \u00e0 l&rsquo;int\u00e9rieur de l&rsquo;\u00e9cole Al-Buraq, dans le quartier d&rsquo;Al-Nasr, au nord de la ville de Gaza, suite aux frappes de missiles et d&rsquo;artillerie isra\u00e9liennes qui ont vis\u00e9 l&rsquo;\u00e9cole.<\/p>\n<p>Le correspondant de l\u2019agence palestinienne WAFA a rapport\u00e9 que plus de 50 martyrs, dont la majorit\u00e9 est des enfants, des femmes et des personnes \u00e2g\u00e9es, ont \u00e9t\u00e9 retir\u00e9s de l&rsquo;\u00e9cole.<\/p>\n<p>La communaut\u00e9 internationale a exprim\u00e9 sa profonde pr\u00e9occupation face \u00e0 l&rsquo;escalade de l&rsquo;agression isra\u00e9lienne, en particulier la perte de vies innocentes et a appel\u00e9 \u00e0 un cessez-le-feu imm\u00e9diat.<\/p>\n","protected":false},"excerpt":{"rendered":"<p>Les appels au cessez-le-feu se multiplient face \u00e0 l&rsquo;intensification des combats qui se sont concentr\u00e9s sur les \u00e9coles et les h\u00f4pitaux \u00e0 Gaza.<\/p>\n","protected":false},"author":3162,"featured_media":289846,"comment_status":"open","ping_status":"closed","sticky":false,"template":"","format":"standard","meta":{"footnotes":""},"categories":[2598],"tags":[2689,4472,2688],"class_list":["post-210055","post","type-post","status-publish","format-standard","has-post-thumbnail","hentry","category-international","tag-gaza","tag-martyrs","tag-palestine"],"yoast_head":"<!-- This site is optimized with the Yoast SEO Premium plugin v27.5 (Yoast SEO v27.5) - https:\/\/yoast.com\/product\/yoast-seo-premium-wordpress\/ -->\n<title>Gaza : Ecoles et h\u00f4pitaux, principales cibles de l\u2019arm\u00e9e d\u2019occupation<\/title>\n<meta name=\"description\" content=\"Les appels au cessez-le-feu se multiplient face \u00e0 l&#039;intensification des combats qui se sont concentr\u00e9s sur les \u00e9coles et les h\u00f4pitaux \u00e0 Gaza.\" \/>\n<link rel=\"canonical\" href=\"https:\/\/www.webdo.tn\/fr\/actualite\/international\/gaza-ecoles-et-hopitaux-principales-cibles-de-l-armee-d-occupation\/210055\/\" \/>\n<meta property=\"og:locale\" content=\"fr_FR\" \/>\n<meta property=\"og:type\" content=\"article\" \/>\n<meta property=\"og:title\" content=\"Gaza : Ecoles et h\u00f4pitaux, principales cibles de l\u2019arm\u00e9e d\u2019occupation\" \/>\n<meta property=\"og:description\" content=\"Les appels au cessez-le-feu se multiplient face \u00e0 l&#039;intensification des combats qui se sont concentr\u00e9s sur les \u00e9coles et les h\u00f4pitaux \u00e0 Gaza.\" \/>\n<meta property=\"og:url\" content=\"https:\/\/www.webdo.tn\/fr\/actualite\/international\/gaza-ecoles-et-hopitaux-principales-cibles-de-l-armee-d-occupation\/210055\/\" \/>\n<meta property=\"og:site_name\" content=\"webdo\" \/>\n<meta property=\"article:publisher\" content=\"https:\/\/www.facebook.com\/webdotn\" \/>\n<meta property=\"article:published_time\" content=\"2023-11-11T11:38:00+00:00\" \/>\n<meta property=\"article:modified_time\" content=\"2025-05-20T22:10:39+00:00\" \/>\n<meta property=\"og:image\" content=\"https:\/\/www.webdo.tn\/fr\/wp-content\/uploads\/2023\/11\/d76587d4e5b2ca25bb09d7bc7060e5fc.jpg\" \/>\n\t<meta property=\"og:image:width\" content=\"574\" \/>\n\t<meta property=\"og:image:height\" content=\"306\" \/>\n\t<meta property=\"og:image:type\" content=\"image\/jpeg\" \/>\n<meta name=\"author\" content=\"MC\" \/>\n<meta name=\"twitter:card\" content=\"summary_large_image\" \/>\n<meta name=\"twitter:creator\" content=\"@webdo_tn\" \/>\n<meta name=\"twitter:site\" content=\"@webdo_tn\" \/>\n<meta name=\"twitter:label1\" content=\"\u00c9crit par\" \/>\n\t<meta name=\"twitter:data1\" content=\"MC\" \/>\n\t<meta name=\"twitter:label2\" content=\"Dur\u00e9e de lecture estim\u00e9e\" \/>\n\t<meta name=\"twitter:data2\" content=\"3 minutes\" \/>\n<script type=\"application\/ld+json\" class=\"yoast-schema-graph\">{\"@context\":\"https:\\\/\\\/schema.org\",\"@graph\":[{\"@type\":\"NewsArticle\",\"@id\":\"https:\\\/\\\/www.webdo.tn\\\/fr\\\/actualite\\\/international\\\/gaza-ecoles-et-hopitaux-principales-cibles-de-l-armee-d-occupation\\\/210055\\\/#article\",\"isPartOf\":{\"@id\":\"https:\\\/\\\/www.webdo.tn\\\/fr\\\/actualite\\\/international\\\/gaza-ecoles-et-hopitaux-principales-cibles-de-l-armee-d-occupation\\\/210055\\\/\"},\"author\":{\"name\":\"MC\",\"@id\":\"https:\\\/\\\/www.webdo.tn\\\/fr\\\/#\\\/schema\\\/person\\\/2c4929cbf5a809e3bd38617c6ce150f6\"},\"headline\":\"Gaza : Ecoles et h\u00f4pitaux, principales cibles de l\u2019arm\u00e9e d\u2019occupation\",\"datePublished\":\"2023-11-11T11:38:00+00:00\",\"dateModified\":\"2025-05-20T22:10:39+00:00\",\"mainEntityOfPage\":{\"@id\":\"https:\\\/\\\/www.webdo.tn\\\/fr\\\/actualite\\\/international\\\/gaza-ecoles-et-hopitaux-principales-cibles-de-l-armee-d-occupation\\\/210055\\\/\"},\"wordCount\":652,\"commentCount\":0,\"publisher\":{\"@id\":\"https:\\\/\\\/www.webdo.tn\\\/fr\\\/#organization\"},\"image\":{\"@id\":\"https:\\\/\\\/www.webdo.tn\\\/fr\\\/actualite\\\/international\\\/gaza-ecoles-et-hopitaux-principales-cibles-de-l-armee-d-occupation\\\/210055\\\/#primaryimage\"},\"thumbnailUrl\":\"https:\\\/\\\/www.webdo.tn\\\/fr\\\/wp-content\\\/uploads\\\/2023\\\/11\\\/d76587d4e5b2ca25bb09d7bc7060e5fc.jpg\",\"keywords\":[\"Gaza\",\"Martyrs\",\"Palestine\"],\"articleSection\":[\"International\"],\"inLanguage\":\"fr-FR\"},{\"@type\":\"WebPage\",\"@id\":\"https:\\\/\\\/www.webdo.tn\\\/fr\\\/actualite\\\/international\\\/gaza-ecoles-et-hopitaux-principales-cibles-de-l-armee-d-occupation\\\/210055\\\/\",\"url\":\"https:\\\/\\\/www.webdo.tn\\\/fr\\\/actualite\\\/international\\\/gaza-ecoles-et-hopitaux-principales-cibles-de-l-armee-d-occupation\\\/210055\\\/\",\"name\":\"Gaza : Ecoles et h\u00f4pitaux, principales cibles de l\u2019arm\u00e9e d\u2019occupation\",\"isPartOf\":{\"@id\":\"https:\\\/\\\/www.webdo.tn\\\/fr\\\/#website\"},\"primaryImageOfPage\":{\"@id\":\"https:\\\/\\\/www.webdo.tn\\\/fr\\\/actualite\\\/international\\\/gaza-ecoles-et-hopitaux-principales-cibles-de-l-armee-d-occupation\\\/210055\\\/#primaryimage\"},\"image\":{\"@id\":\"https:\\\/\\\/www.webdo.tn\\\/fr\\\/actualite\\\/international\\\/gaza-ecoles-et-hopitaux-principales-cibles-de-l-armee-d-occupation\\\/210055\\\/#primaryimage\"},\"thumbnailUrl\":\"https:\\\/\\\/www.webdo.tn\\\/fr\\\/wp-content\\\/uploads\\\/2023\\\/11\\\/d76587d4e5b2ca25bb09d7bc7060e5fc.jpg\",\"datePublished\":\"2023-11-11T11:38:00+00:00\",\"dateModified\":\"2025-05-20T22:10:39+00:00\",\"description\":\"Les appels au cessez-le-feu se multiplient face \u00e0 l'intensification des combats qui se sont concentr\u00e9s sur les \u00e9coles et les h\u00f4pitaux \u00e0 Gaza.\",\"breadcrumb\":{\"@id\":\"https:\\\/\\\/www.webdo.tn\\\/fr\\\/actualite\\\/international\\\/gaza-ecoles-et-hopitaux-principales-cibles-de-l-armee-d-occupation\\\/210055\\\/#breadcrumb\"},\"inLanguage\":\"fr-FR\",\"potentialAction\":[{\"@type\":\"ReadAction\",\"target\":[\"https:\\\/\\\/www.webdo.tn\\\/fr\\\/actualite\\\/international\\\/gaza-ecoles-et-hopitaux-principales-cibles-de-l-armee-d-occupation\\\/210055\\\/\"]}]},{\"@type\":\"ImageObject\",\"inLanguage\":\"fr-FR\",\"@id\":\"https:\\\/\\\/www.webdo.tn\\\/fr\\\/actualite\\\/international\\\/gaza-ecoles-et-hopitaux-principales-cibles-de-l-armee-d-occupation\\\/210055\\\/#primaryimage\",\"url\":\"https:\\\/\\\/www.webdo.tn\\\/fr\\\/wp-content\\\/uploads\\\/2023\\\/11\\\/d76587d4e5b2ca25bb09d7bc7060e5fc.jpg\",\"contentUrl\":\"https:\\\/\\\/www.webdo.tn\\\/fr\\\/wp-content\\\/uploads\\\/2023\\\/11\\\/d76587d4e5b2ca25bb09d7bc7060e5fc.jpg\",\"width\":574,\"height\":306,\"caption\":\"Gaza : Ecoles et h\u00f4pitaux, principales cibles de l\u2019arm\u00e9e d\u2019occupation\"},{\"@type\":\"BreadcrumbList\",\"@id\":\"https:\\\/\\\/www.webdo.tn\\\/fr\\\/actualite\\\/international\\\/gaza-ecoles-et-hopitaux-principales-cibles-de-l-armee-d-occupation\\\/210055\\\/#breadcrumb\",\"itemListElement\":[{\"@type\":\"ListItem\",\"position\":1,\"name\":\"Accueil\",\"item\":\"https:\\\/\\\/www.webdo.tn\\\/fr\\\/\"},{\"@type\":\"ListItem\",\"position\":2,\"name\":\"Gaza : Ecoles et h\u00f4pitaux, principales cibles de l\u2019arm\u00e9e d\u2019occupation\"}]},{\"@type\":\"WebSite\",\"@id\":\"https:\\\/\\\/www.webdo.tn\\\/fr\\\/#website\",\"url\":\"https:\\\/\\\/www.webdo.tn\\\/fr\\\/\",\"name\":\"webdo\",\"description\":\"Tunisie - News en Tunisie et \u00e0 l&#039;international sur Webdo.tn\",\"publisher\":{\"@id\":\"https:\\\/\\\/www.webdo.tn\\\/fr\\\/#organization\"},\"potentialAction\":[{\"@type\":\"SearchAction\",\"target\":{\"@type\":\"EntryPoint\",\"urlTemplate\":\"https:\\\/\\\/www.webdo.tn\\\/fr\\\/?s={search_term_string}\"},\"query-input\":{\"@type\":\"PropertyValueSpecification\",\"valueRequired\":true,\"valueName\":\"search_term_string\"}}],\"inLanguage\":\"fr-FR\"},{\"@type\":\"Organization\",\"@id\":\"https:\\\/\\\/www.webdo.tn\\\/fr\\\/#organization\",\"name\":\"Webdo\",\"alternateName\":\"Webdo.tn\",\"url\":\"https:\\\/\\\/www.webdo.tn\\\/fr\\\/\",\"logo\":{\"@type\":\"ImageObject\",\"inLanguage\":\"fr-FR\",\"@id\":\"https:\\\/\\\/www.webdo.tn\\\/fr\\\/#\\\/schema\\\/logo\\\/image\\\/\",\"url\":\"https:\\\/\\\/www.webdo.tn\\\/fr\\\/wp-content\\\/uploads\\\/2025\\\/06\\\/Webdo-Tunisie_168377.jpg\",\"contentUrl\":\"https:\\\/\\\/www.webdo.tn\\\/fr\\\/wp-content\\\/uploads\\\/2025\\\/06\\\/Webdo-Tunisie_168377.jpg\",\"width\":301,\"height\":301,\"caption\":\"Webdo\"},\"image\":{\"@id\":\"https:\\\/\\\/www.webdo.tn\\\/fr\\\/#\\\/schema\\\/logo\\\/image\\\/\"},\"sameAs\":[\"https:\\\/\\\/www.facebook.com\\\/webdotn\",\"https:\\\/\\\/x.com\\\/webdo_tn\"],\"description\":\"Webdo est un m\u00e9dia num\u00e9rique tunisien fond\u00e9 en 2010, sp\u00e9cialis\u00e9 dans l\u2019actualit\u00e9 nationale et internationale, l\u2019\u00e9conomie, la soci\u00e9t\u00e9 et les analyses politiques. Le site s\u2019adresse \u00e0 un large public francophone et couvre l\u2019information tunisienne en temps r\u00e9el.\",\"email\":\"redac@webdo.tn\",\"legalName\":\"YNJ SARL\",\"foundingDate\":\"2010-09-06\",\"numberOfEmployees\":{\"@type\":\"QuantitativeValue\",\"minValue\":\"11\",\"maxValue\":\"50\"}},{\"@type\":\"Person\",\"@id\":\"https:\\\/\\\/www.webdo.tn\\\/fr\\\/#\\\/schema\\\/person\\\/2c4929cbf5a809e3bd38617c6ce150f6\",\"name\":\"MC\",\"image\":{\"@type\":\"ImageObject\",\"inLanguage\":\"fr-FR\",\"@id\":\"https:\\\/\\\/secure.gravatar.com\\\/avatar\\\/a545bbb6f84efdd5553dbbc2895e3ca8f1d12c5215e00a041c9670b54aa9b18a?s=96&d=mm&r=g\",\"url\":\"https:\\\/\\\/secure.gravatar.com\\\/avatar\\\/a545bbb6f84efdd5553dbbc2895e3ca8f1d12c5215e00a041c9670b54aa9b18a?s=96&d=mm&r=g\",\"contentUrl\":\"https:\\\/\\\/secure.gravatar.com\\\/avatar\\\/a545bbb6f84efdd5553dbbc2895e3ca8f1d12c5215e00a041c9670b54aa9b18a?s=96&d=mm&r=g\",\"caption\":\"MC\"},\"url\":\"https:\\\/\\\/www.webdo.tn\\\/fr\\\/actualite\\\/author\\\/mc\\\/\"}]}<\/script>\n<!-- \/ Yoast SEO Premium plugin. -->","yoast_head_json":{"title":"Gaza : Ecoles et h\u00f4pitaux, principales cibles de l\u2019arm\u00e9e d\u2019occupation","description":"Les appels au cessez-le-feu se multiplient face \u00e0 l'intensification des combats qui se sont concentr\u00e9s sur les \u00e9coles et les h\u00f4pitaux \u00e0 Gaza.","canonical":"https:\/\/www.webdo.tn\/fr\/actualite\/international\/gaza-ecoles-et-hopitaux-principales-cibles-de-l-armee-d-occupation\/210055\/","og_locale":"fr_FR","og_type":"article","og_title":"Gaza : Ecoles et h\u00f4pitaux, principales cibles de l\u2019arm\u00e9e d\u2019occupation","og_description":"Les appels au cessez-le-feu se multiplient face \u00e0 l'intensification des combats qui se sont concentr\u00e9s sur les \u00e9coles et les h\u00f4pitaux \u00e0 Gaza.","og_url":"https:\/\/www.webdo.tn\/fr\/actualite\/international\/gaza-ecoles-et-hopitaux-principales-cibles-de-l-armee-d-occupation\/210055\/","og_site_name":"webdo","article_publisher":"https:\/\/www.facebook.com\/webdotn","article_published_time":"2023-11-11T11:38:00+00:00","article_modified_time":"2025-05-20T22:10:39+00:00","og_image":[{"width":574,"height":306,"url":"https:\/\/www.webdo.tn\/fr\/wp-content\/uploads\/2023\/11\/d76587d4e5b2ca25bb09d7bc7060e5fc.jpg","type":"image\/jpeg"}],"author":"MC","twitter_card":"summary_large_image","twitter_creator":"@webdo_tn","twitter_site":"@webdo_tn","twitter_misc":{"\u00c9crit par":"MC","Dur\u00e9e de lecture estim\u00e9e":"3 minutes"},"schema":{"@context":"https:\/\/schema.org","@graph":[{"@type":"NewsArticle","@id":"https:\/\/www.webdo.tn\/fr\/actualite\/international\/gaza-ecoles-et-hopitaux-principales-cibles-de-l-armee-d-occupation\/210055\/#article","isPartOf":{"@id":"https:\/\/www.webdo.tn\/fr\/actualite\/international\/gaza-ecoles-et-hopitaux-principales-cibles-de-l-armee-d-occupation\/210055\/"},"author":{"name":"MC","@id":"https:\/\/www.webdo.tn\/fr\/#\/schema\/person\/2c4929cbf5a809e3bd38617c6ce150f6"},"headline":"Gaza : Ecoles et h\u00f4pitaux, principales cibles de l\u2019arm\u00e9e d\u2019occupation","datePublished":"2023-11-11T11:38:00+00:00","dateModified":"2025-05-20T22:10:39+00:00","mainEntityOfPage":{"@id":"https:\/\/www.webdo.tn\/fr\/actualite\/international\/gaza-ecoles-et-hopitaux-principales-cibles-de-l-armee-d-occupation\/210055\/"},"wordCount":652,"commentCount":0,"publisher":{"@id":"https:\/\/www.webdo.tn\/fr\/#organization"},"image":{"@id":"https:\/\/www.webdo.tn\/fr\/actualite\/international\/gaza-ecoles-et-hopitaux-principales-cibles-de-l-armee-d-occupation\/210055\/#primaryimage"},"thumbnailUrl":"https:\/\/www.webdo.tn\/fr\/wp-content\/uploads\/2023\/11\/d76587d4e5b2ca25bb09d7bc7060e5fc.jpg","keywords":["Gaza","Martyrs","Palestine"],"articleSection":["International"],"inLanguage":"fr-FR"},{"@type":"WebPage","@id":"https:\/\/www.webdo.tn\/fr\/actualite\/international\/gaza-ecoles-et-hopitaux-principales-cibles-de-l-armee-d-occupation\/210055\/","url":"https:\/\/www.webdo.tn\/fr\/actualite\/international\/gaza-ecoles-et-hopitaux-principales-cibles-de-l-armee-d-occupation\/210055\/","name":"Gaza : Ecoles et h\u00f4pitaux, principales cibles de l\u2019arm\u00e9e d\u2019occupation","isPartOf":{"@id":"https:\/\/www.webdo.tn\/fr\/#website"},"primaryImageOfPage":{"@id":"https:\/\/www.webdo.tn\/fr\/actualite\/international\/gaza-ecoles-et-hopitaux-principales-cibles-de-l-armee-d-occupation\/210055\/#primaryimage"},"image":{"@id":"https:\/\/www.webdo.tn\/fr\/actualite\/international\/gaza-ecoles-et-hopitaux-principales-cibles-de-l-armee-d-occupation\/210055\/#primaryimage"},"thumbnailUrl":"https:\/\/www.webdo.tn\/fr\/wp-content\/uploads\/2023\/11\/d76587d4e5b2ca25bb09d7bc7060e5fc.jpg","datePublished":"2023-11-11T11:38:00+00:00","dateModified":"2025-05-20T22:10:39+00:00","description":"Les appels au cessez-le-feu se multiplient face \u00e0 l'intensification des combats qui se sont concentr\u00e9s sur les \u00e9coles et les h\u00f4pitaux \u00e0 Gaza.","breadcrumb":{"@id":"https:\/\/www.webdo.tn\/fr\/actualite\/international\/gaza-ecoles-et-hopitaux-principales-cibles-de-l-armee-d-occupation\/210055\/#breadcrumb"},"inLanguage":"fr-FR","potentialAction":[{"@type":"ReadAction","target":["https:\/\/www.webdo.tn\/fr\/actualite\/international\/gaza-ecoles-et-hopitaux-principales-cibles-de-l-armee-d-occupation\/210055\/"]}]},{"@type":"ImageObject","inLanguage":"fr-FR","@id":"https:\/\/www.webdo.tn\/fr\/actualite\/international\/gaza-ecoles-et-hopitaux-principales-cibles-de-l-armee-d-occupation\/210055\/#primaryimage","url":"https:\/\/www.webdo.tn\/fr\/wp-content\/uploads\/2023\/11\/d76587d4e5b2ca25bb09d7bc7060e5fc.jpg","contentUrl":"https:\/\/www.webdo.tn\/fr\/wp-content\/uploads\/2023\/11\/d76587d4e5b2ca25bb09d7bc7060e5fc.jpg","width":574,"height":306,"caption":"Gaza : Ecoles et h\u00f4pitaux, principales cibles de l\u2019arm\u00e9e d\u2019occupation"},{"@type":"BreadcrumbList","@id":"https:\/\/www.webdo.tn\/fr\/actualite\/international\/gaza-ecoles-et-hopitaux-principales-cibles-de-l-armee-d-occupation\/210055\/#breadcrumb","itemListElement":[{"@type":"ListItem","position":1,"name":"Accueil","item":"https:\/\/www.webdo.tn\/fr\/"},{"@type":"ListItem","position":2,"name":"Gaza : Ecoles et h\u00f4pitaux, principales cibles de l\u2019arm\u00e9e d\u2019occupation"}]},{"@type":"WebSite","@id":"https:\/\/www.webdo.tn\/fr\/#website","url":"https:\/\/www.webdo.tn\/fr\/","name":"webdo","description":"Tunisie - News en Tunisie et \u00e0 l&#039;international sur Webdo.tn","publisher":{"@id":"https:\/\/www.webdo.tn\/fr\/#organization"},"potentialAction":[{"@type":"SearchAction","target":{"@type":"EntryPoint","urlTemplate":"https:\/\/www.webdo.tn\/fr\/?s={search_term_string}"},"query-input":{"@type":"PropertyValueSpecification","valueRequired":true,"valueName":"search_term_string"}}],"inLanguage":"fr-FR"},{"@type":"Organization","@id":"https:\/\/www.webdo.tn\/fr\/#organization","name":"Webdo","alternateName":"Webdo.tn","url":"https:\/\/www.webdo.tn\/fr\/","logo":{"@type":"ImageObject","inLanguage":"fr-FR","@id":"https:\/\/www.webdo.tn\/fr\/#\/schema\/logo\/image\/","url":"https:\/\/www.webdo.tn\/fr\/wp-content\/uploads\/2025\/06\/Webdo-Tunisie_168377.jpg","contentUrl":"https:\/\/www.webdo.tn\/fr\/wp-content\/uploads\/2025\/06\/Webdo-Tunisie_168377.jpg","width":301,"height":301,"caption":"Webdo"},"image":{"@id":"https:\/\/www.webdo.tn\/fr\/#\/schema\/logo\/image\/"},"sameAs":["https:\/\/www.facebook.com\/webdotn","https:\/\/x.com\/webdo_tn"],"description":"Webdo est un m\u00e9dia num\u00e9rique tunisien fond\u00e9 en 2010, sp\u00e9cialis\u00e9 dans l\u2019actualit\u00e9 nationale et internationale, l\u2019\u00e9conomie, la soci\u00e9t\u00e9 et les analyses politiques. Le site s\u2019adresse \u00e0 un large public francophone et couvre l\u2019information tunisienne en temps r\u00e9el.","email":"redac@webdo.tn","legalName":"YNJ SARL","foundingDate":"2010-09-06","numberOfEmployees":{"@type":"QuantitativeValue","minValue":"11","maxValue":"50"}},{"@type":"Person","@id":"https:\/\/www.webdo.tn\/fr\/#\/schema\/person\/2c4929cbf5a809e3bd38617c6ce150f6","name":"MC","image":{"@type":"ImageObject","inLanguage":"fr-FR","@id":"https:\/\/secure.gravatar.com\/avatar\/a545bbb6f84efdd5553dbbc2895e3ca8f1d12c5215e00a041c9670b54aa9b18a?s=96&d=mm&r=g","url":"https:\/\/secure.gravatar.com\/avatar\/a545bbb6f84efdd5553dbbc2895e3ca8f1d12c5215e00a041c9670b54aa9b18a?s=96&d=mm&r=g","contentUrl":"https:\/\/secure.gravatar.com\/avatar\/a545bbb6f84efdd5553dbbc2895e3ca8f1d12c5215e00a041c9670b54aa9b18a?s=96&d=mm&r=g","caption":"MC"},"url":"https:\/\/www.webdo.tn\/fr\/actualite\/author\/mc\/"}]}},"_links":{"self":[{"href":"https:\/\/www.webdo.tn\/fr\/wp-json\/wp\/v2\/posts\/210055","targetHints":{"allow":["GET"]}}],"collection":[{"href":"https:\/\/www.webdo.tn\/fr\/wp-json\/wp\/v2\/posts"}],"about":[{"href":"https:\/\/www.webdo.tn\/fr\/wp-json\/wp\/v2\/types\/post"}],"author":[{"embeddable":true,"href":"https:\/\/www.webdo.tn\/fr\/wp-json\/wp\/v2\/users\/3162"}],"replies":[{"embeddable":true,"href":"https:\/\/www.webdo.tn\/fr\/wp-json\/wp\/v2\/comments?post=210055"}],"version-history":[{"count":0,"href":"https:\/\/www.webdo.tn\/fr\/wp-json\/wp\/v2\/posts\/210055\/revisions"}],"wp:featuredmedia":[{"embeddable":true,"href":"https:\/\/www.webdo.tn\/fr\/wp-json\/wp\/v2\/media\/289846"}],"wp:attachment":[{"href":"https:\/\/www.webdo.tn\/fr\/wp-json\/wp\/v2\/media?parent=210055"}],"wp:term":[{"taxonomy":"category","embeddable":true,"href":"https:\/\/www.webdo.tn\/fr\/wp-json\/wp\/v2\/categories?post=210055"},{"taxonomy":"post_tag","embeddable":true,"href":"https:\/\/www.webdo.tn\/fr\/wp-json\/wp\/v2\/tags?post=210055"}],"curies":[{"name":"wp","href":"https:\/\/api.w.org\/{rel}","templated":true}]}}