{"id":210048,"date":"2023-11-11T10:15:00","date_gmt":"2023-11-11T10:15:00","guid":{"rendered":"https:\/\/www.webdo.tn\/fr\/blog\/kais-saied-quiconque-cherche-a-s-inscrire-dans-la-reconciliation-aura-toute-la-latitude-de-le-faire\/210048\/"},"modified":"2025-05-20T22:10:38","modified_gmt":"2025-05-20T22:10:38","slug":"kais-saied-quiconque-cherche-a-s-inscrire-dans-la-reconciliation-aura-toute-la-latitude-de-le-faire","status":"publish","type":"post","link":"https:\/\/www.webdo.tn\/fr\/actualite\/national\/kais-saied-quiconque-cherche-a-s-inscrire-dans-la-reconciliation-aura-toute-la-latitude-de-le-faire\/210048\/","title":{"rendered":"Kais Saied : \u00ab\u00a0Quiconque cherche \u00e0 s&rsquo;inscrire dans la r\u00e9conciliation, aura toute la latitude de le faire\u00a0\u00bb"},"content":{"rendered":"<p>Le pr\u00e9sident de la R\u00e9publique, Kais Saied a re\u00e7u vendredi 10 novembre 2023 au palais de Carthage, la ministre de la Justice, Leila Jaffel pour \u00e9voquer plusieurs sujets dont la r\u00e9conciliation p\u00e9nale, indique un communiqu\u00e9 de la Pr\u00e9sidence.<\/p>\n<p>\t\t\t\t\t\t\t\t\tLa rencontre a port\u00e9 notamment sur la r\u00e9conciliation p\u00e9nale qui pr\u00e9voit la mise en place d&rsquo;un projet de loi aux fins de l&rsquo;amendement du d\u00e9cret-loi portant cr\u00e9ation du Comit\u00e9 de conciliation p\u00e9nale. L&rsquo;objectif \u00e9tant d&rsquo;\u00e9viter que l&rsquo;argent public ne soit vou\u00e9 \u00e0 la perte et que les fonds spoli\u00e9s et d\u00e9tourn\u00e9s soient restitu\u00e9s.<\/p>\n<p>\u00ab\u00a0Quiconque cherche sinc\u00e8rement \u00e0 s&rsquo;inscrire dans la r\u00e9conciliation, aura toute la latitude de le faire. Quant \u00e0 celui qui se croit \u00e0 l&rsquo;\u00e9cart de toute redevabilit\u00e9, il existe un syst\u00e8me judiciaire devant lequel tous sont \u00e9gaux\u00a0\u00bb, a lanc\u00e9 le chef de l&rsquo;Etat, cit\u00e9 dans le communiqu\u00e9.<\/p>\n<p>Cette rencontre a \u00e9galement permis d\u2019\u00e9voquer le projet de r\u00e9vision de l&rsquo;article 411 du Code de commerce.<\/p>\n<p>Ce projet s&rsquo;inscrit dans le cadre de l&rsquo;\u00e9laboration d&rsquo;un projet fond\u00e9 sur la d\u00e9termination des responsabilit\u00e9s de toutes les parties concern\u00e9es, de mani\u00e8re \u00e0 pr\u00e9server les droits du cr\u00e9ancier et \u00e0 permettre au d\u00e9biteur de reprendre son activit\u00e9 apr\u00e8s avoir r\u00e9gl\u00e9 sa situation.<\/p>\n","protected":false},"excerpt":{"rendered":"<p>Le pr\u00e9sident de la R\u00e9publique, Kais Saied a re\u00e7u vendredi 10 novembre 2023 au palais de Carthage, la ministre de la Justice, Leila Jaffel pour \u00e9voquer plusieurs&#8230;<\/p>\n","protected":false},"author":3162,"featured_media":289843,"comment_status":"open","ping_status":"closed","sticky":false,"template":"","format":"standard","meta":{"footnotes":""},"categories":[44],"tags":[2619,2614,5018,6888],"class_list":["post-210048","post","type-post","status-publish","format-standard","has-post-thumbnail","hentry","category-national","tag-justice","tag-kais-saied","tag-leila-jaffel","tag-reconciliation"],"yoast_head":"<!-- This site is optimized with the Yoast SEO Premium plugin v27.5 (Yoast SEO v27.5) - https:\/\/yoast.com\/product\/yoast-seo-premium-wordpress\/ -->\n<title>Kais Saied : Quiconque cherche \u00e0 s&#039;inscrire dans la r\u00e9conciliation, aura toute la latitude de le faire<\/title>\n<meta name=\"description\" content=\"Le pr\u00e9sident de la R\u00e9publique, Kais Saied a re\u00e7u vendredi 10 novembre 2023 au palais de Carthage, la ministre de la Justice, Leila Jaffel pour \u00e9voquer plusieurs...\" \/>\n<link rel=\"canonical\" href=\"https:\/\/www.webdo.tn\/fr\/actualite\/national\/kais-saied-quiconque-cherche-a-s-inscrire-dans-la-reconciliation-aura-toute-la-latitude-de-le-faire\/210048\/\" \/>\n<meta property=\"og:locale\" content=\"fr_FR\" \/>\n<meta property=\"og:type\" content=\"article\" \/>\n<meta property=\"og:title\" content=\"Kais Saied : &quot;Quiconque cherche \u00e0 s&#039;inscrire dans la r\u00e9conciliation, aura toute la latitude de le faire&quot;\" \/>\n<meta property=\"og:description\" content=\"Le pr\u00e9sident de la R\u00e9publique, Kais Saied a re\u00e7u vendredi 10 novembre 2023 au palais de Carthage, la ministre de la Justice, Leila Jaffel pour \u00e9voquer plusieurs...\" \/>\n<meta property=\"og:url\" content=\"https:\/\/www.webdo.tn\/fr\/actualite\/national\/kais-saied-quiconque-cherche-a-s-inscrire-dans-la-reconciliation-aura-toute-la-latitude-de-le-faire\/210048\/\" \/>\n<meta property=\"og:site_name\" content=\"webdo\" \/>\n<meta property=\"article:publisher\" content=\"https:\/\/www.facebook.com\/webdotn\" \/>\n<meta property=\"article:published_time\" content=\"2023-11-11T10:15:00+00:00\" \/>\n<meta property=\"article:modified_time\" content=\"2025-05-20T22:10:38+00:00\" \/>\n<meta property=\"og:image\" content=\"https:\/\/www.webdo.tn\/fr\/wp-content\/uploads\/2023\/11\/0056bf7870a7ba9ad686b31b43317ea3.jpg\" \/>\n\t<meta property=\"og:image:width\" content=\"750\" \/>\n\t<meta property=\"og:image:height\" content=\"400\" \/>\n\t<meta property=\"og:image:type\" content=\"image\/jpeg\" \/>\n<meta name=\"author\" content=\"MC\" \/>\n<meta name=\"twitter:card\" content=\"summary_large_image\" \/>\n<meta name=\"twitter:creator\" content=\"@webdo_tn\" \/>\n<meta name=\"twitter:site\" content=\"@webdo_tn\" \/>\n<meta name=\"twitter:label1\" content=\"\u00c9crit par\" \/>\n\t<meta name=\"twitter:data1\" content=\"MC\" \/>\n\t<meta name=\"twitter:label2\" content=\"Dur\u00e9e de lecture estim\u00e9e\" \/>\n\t<meta name=\"twitter:data2\" content=\"1 minute\" \/>\n<script type=\"application\/ld+json\" class=\"yoast-schema-graph\">{\"@context\":\"https:\\\/\\\/schema.org\",\"@graph\":[{\"@type\":\"NewsArticle\",\"@id\":\"https:\\\/\\\/www.webdo.tn\\\/fr\\\/actualite\\\/national\\\/kais-saied-quiconque-cherche-a-s-inscrire-dans-la-reconciliation-aura-toute-la-latitude-de-le-faire\\\/210048\\\/#article\",\"isPartOf\":{\"@id\":\"https:\\\/\\\/www.webdo.tn\\\/fr\\\/actualite\\\/national\\\/kais-saied-quiconque-cherche-a-s-inscrire-dans-la-reconciliation-aura-toute-la-latitude-de-le-faire\\\/210048\\\/\"},\"author\":{\"name\":\"MC\",\"@id\":\"https:\\\/\\\/www.webdo.tn\\\/fr\\\/#\\\/schema\\\/person\\\/2c4929cbf5a809e3bd38617c6ce150f6\"},\"headline\":\"Kais Saied : \u00ab\u00a0Quiconque cherche \u00e0 s&rsquo;inscrire dans la r\u00e9conciliation, aura toute la latitude de le faire\u00a0\u00bb\",\"datePublished\":\"2023-11-11T10:15:00+00:00\",\"dateModified\":\"2025-05-20T22:10:38+00:00\",\"mainEntityOfPage\":{\"@id\":\"https:\\\/\\\/www.webdo.tn\\\/fr\\\/actualite\\\/national\\\/kais-saied-quiconque-cherche-a-s-inscrire-dans-la-reconciliation-aura-toute-la-latitude-de-le-faire\\\/210048\\\/\"},\"wordCount\":247,\"commentCount\":0,\"publisher\":{\"@id\":\"https:\\\/\\\/www.webdo.tn\\\/fr\\\/#organization\"},\"image\":{\"@id\":\"https:\\\/\\\/www.webdo.tn\\\/fr\\\/actualite\\\/national\\\/kais-saied-quiconque-cherche-a-s-inscrire-dans-la-reconciliation-aura-toute-la-latitude-de-le-faire\\\/210048\\\/#primaryimage\"},\"thumbnailUrl\":\"https:\\\/\\\/www.webdo.tn\\\/fr\\\/wp-content\\\/uploads\\\/2023\\\/11\\\/0056bf7870a7ba9ad686b31b43317ea3.jpg\",\"keywords\":[\"justice\",\"Kais Saied\",\"Leila Jaffel\",\"r\u00e9conciliation\"],\"articleSection\":[\"National\"],\"inLanguage\":\"fr-FR\"},{\"@type\":\"WebPage\",\"@id\":\"https:\\\/\\\/www.webdo.tn\\\/fr\\\/actualite\\\/national\\\/kais-saied-quiconque-cherche-a-s-inscrire-dans-la-reconciliation-aura-toute-la-latitude-de-le-faire\\\/210048\\\/\",\"url\":\"https:\\\/\\\/www.webdo.tn\\\/fr\\\/actualite\\\/national\\\/kais-saied-quiconque-cherche-a-s-inscrire-dans-la-reconciliation-aura-toute-la-latitude-de-le-faire\\\/210048\\\/\",\"name\":\"Kais Saied : Quiconque cherche \u00e0 s'inscrire dans la r\u00e9conciliation, aura toute la latitude de le faire\",\"isPartOf\":{\"@id\":\"https:\\\/\\\/www.webdo.tn\\\/fr\\\/#website\"},\"primaryImageOfPage\":{\"@id\":\"https:\\\/\\\/www.webdo.tn\\\/fr\\\/actualite\\\/national\\\/kais-saied-quiconque-cherche-a-s-inscrire-dans-la-reconciliation-aura-toute-la-latitude-de-le-faire\\\/210048\\\/#primaryimage\"},\"image\":{\"@id\":\"https:\\\/\\\/www.webdo.tn\\\/fr\\\/actualite\\\/national\\\/kais-saied-quiconque-cherche-a-s-inscrire-dans-la-reconciliation-aura-toute-la-latitude-de-le-faire\\\/210048\\\/#primaryimage\"},\"thumbnailUrl\":\"https:\\\/\\\/www.webdo.tn\\\/fr\\\/wp-content\\\/uploads\\\/2023\\\/11\\\/0056bf7870a7ba9ad686b31b43317ea3.jpg\",\"datePublished\":\"2023-11-11T10:15:00+00:00\",\"dateModified\":\"2025-05-20T22:10:38+00:00\",\"description\":\"Le pr\u00e9sident de la R\u00e9publique, Kais Saied a re\u00e7u vendredi 10 novembre 2023 au palais de Carthage, la ministre de la Justice, Leila Jaffel pour \u00e9voquer plusieurs...\",\"breadcrumb\":{\"@id\":\"https:\\\/\\\/www.webdo.tn\\\/fr\\\/actualite\\\/national\\\/kais-saied-quiconque-cherche-a-s-inscrire-dans-la-reconciliation-aura-toute-la-latitude-de-le-faire\\\/210048\\\/#breadcrumb\"},\"inLanguage\":\"fr-FR\",\"potentialAction\":[{\"@type\":\"ReadAction\",\"target\":[\"https:\\\/\\\/www.webdo.tn\\\/fr\\\/actualite\\\/national\\\/kais-saied-quiconque-cherche-a-s-inscrire-dans-la-reconciliation-aura-toute-la-latitude-de-le-faire\\\/210048\\\/\"]}]},{\"@type\":\"ImageObject\",\"inLanguage\":\"fr-FR\",\"@id\":\"https:\\\/\\\/www.webdo.tn\\\/fr\\\/actualite\\\/national\\\/kais-saied-quiconque-cherche-a-s-inscrire-dans-la-reconciliation-aura-toute-la-latitude-de-le-faire\\\/210048\\\/#primaryimage\",\"url\":\"https:\\\/\\\/www.webdo.tn\\\/fr\\\/wp-content\\\/uploads\\\/2023\\\/11\\\/0056bf7870a7ba9ad686b31b43317ea3.jpg\",\"contentUrl\":\"https:\\\/\\\/www.webdo.tn\\\/fr\\\/wp-content\\\/uploads\\\/2023\\\/11\\\/0056bf7870a7ba9ad686b31b43317ea3.jpg\",\"width\":750,\"height\":400,\"caption\":\"Kais Saied : \\\"Quiconque cherche \u00e0 s'inscrire dans la r\u00e9conciliation, aura toute la latitude de le faire\\\"\"},{\"@type\":\"BreadcrumbList\",\"@id\":\"https:\\\/\\\/www.webdo.tn\\\/fr\\\/actualite\\\/national\\\/kais-saied-quiconque-cherche-a-s-inscrire-dans-la-reconciliation-aura-toute-la-latitude-de-le-faire\\\/210048\\\/#breadcrumb\",\"itemListElement\":[{\"@type\":\"ListItem\",\"position\":1,\"name\":\"Accueil\",\"item\":\"https:\\\/\\\/www.webdo.tn\\\/fr\\\/\"},{\"@type\":\"ListItem\",\"position\":2,\"name\":\"Kais Saied : \u00ab\u00a0Quiconque cherche \u00e0 s&rsquo;inscrire dans la r\u00e9conciliation, aura toute la latitude de le faire\u00a0\u00bb\"}]},{\"@type\":\"WebSite\",\"@id\":\"https:\\\/\\\/www.webdo.tn\\\/fr\\\/#website\",\"url\":\"https:\\\/\\\/www.webdo.tn\\\/fr\\\/\",\"name\":\"webdo\",\"description\":\"Tunisie - News en Tunisie et \u00e0 l&#039;international sur Webdo.tn\",\"publisher\":{\"@id\":\"https:\\\/\\\/www.webdo.tn\\\/fr\\\/#organization\"},\"potentialAction\":[{\"@type\":\"SearchAction\",\"target\":{\"@type\":\"EntryPoint\",\"urlTemplate\":\"https:\\\/\\\/www.webdo.tn\\\/fr\\\/?s={search_term_string}\"},\"query-input\":{\"@type\":\"PropertyValueSpecification\",\"valueRequired\":true,\"valueName\":\"search_term_string\"}}],\"inLanguage\":\"fr-FR\"},{\"@type\":\"Organization\",\"@id\":\"https:\\\/\\\/www.webdo.tn\\\/fr\\\/#organization\",\"name\":\"Webdo\",\"alternateName\":\"Webdo.tn\",\"url\":\"https:\\\/\\\/www.webdo.tn\\\/fr\\\/\",\"logo\":{\"@type\":\"ImageObject\",\"inLanguage\":\"fr-FR\",\"@id\":\"https:\\\/\\\/www.webdo.tn\\\/fr\\\/#\\\/schema\\\/logo\\\/image\\\/\",\"url\":\"https:\\\/\\\/www.webdo.tn\\\/fr\\\/wp-content\\\/uploads\\\/2025\\\/06\\\/Webdo-Tunisie_168377.jpg\",\"contentUrl\":\"https:\\\/\\\/www.webdo.tn\\\/fr\\\/wp-content\\\/uploads\\\/2025\\\/06\\\/Webdo-Tunisie_168377.jpg\",\"width\":301,\"height\":301,\"caption\":\"Webdo\"},\"image\":{\"@id\":\"https:\\\/\\\/www.webdo.tn\\\/fr\\\/#\\\/schema\\\/logo\\\/image\\\/\"},\"sameAs\":[\"https:\\\/\\\/www.facebook.com\\\/webdotn\",\"https:\\\/\\\/x.com\\\/webdo_tn\"],\"description\":\"Webdo est un m\u00e9dia num\u00e9rique tunisien fond\u00e9 en 2010, sp\u00e9cialis\u00e9 dans l\u2019actualit\u00e9 nationale et internationale, l\u2019\u00e9conomie, la soci\u00e9t\u00e9 et les analyses politiques. Le site s\u2019adresse \u00e0 un large public francophone et couvre l\u2019information tunisienne en temps r\u00e9el.\",\"email\":\"redac@webdo.tn\",\"legalName\":\"YNJ SARL\",\"foundingDate\":\"2010-09-06\",\"numberOfEmployees\":{\"@type\":\"QuantitativeValue\",\"minValue\":\"11\",\"maxValue\":\"50\"}},{\"@type\":\"Person\",\"@id\":\"https:\\\/\\\/www.webdo.tn\\\/fr\\\/#\\\/schema\\\/person\\\/2c4929cbf5a809e3bd38617c6ce150f6\",\"name\":\"MC\",\"image\":{\"@type\":\"ImageObject\",\"inLanguage\":\"fr-FR\",\"@id\":\"https:\\\/\\\/secure.gravatar.com\\\/avatar\\\/a545bbb6f84efdd5553dbbc2895e3ca8f1d12c5215e00a041c9670b54aa9b18a?s=96&d=mm&r=g\",\"url\":\"https:\\\/\\\/secure.gravatar.com\\\/avatar\\\/a545bbb6f84efdd5553dbbc2895e3ca8f1d12c5215e00a041c9670b54aa9b18a?s=96&d=mm&r=g\",\"contentUrl\":\"https:\\\/\\\/secure.gravatar.com\\\/avatar\\\/a545bbb6f84efdd5553dbbc2895e3ca8f1d12c5215e00a041c9670b54aa9b18a?s=96&d=mm&r=g\",\"caption\":\"MC\"},\"url\":\"https:\\\/\\\/www.webdo.tn\\\/fr\\\/actualite\\\/author\\\/mc\\\/\"}]}<\/script>\n<!-- \/ Yoast SEO Premium plugin. -->","yoast_head_json":{"title":"Kais Saied : Quiconque cherche \u00e0 s'inscrire dans la r\u00e9conciliation, aura toute la latitude de le faire","description":"Le pr\u00e9sident de la R\u00e9publique, Kais Saied a re\u00e7u vendredi 10 novembre 2023 au palais de Carthage, la ministre de la Justice, Leila Jaffel pour \u00e9voquer plusieurs...","canonical":"https:\/\/www.webdo.tn\/fr\/actualite\/national\/kais-saied-quiconque-cherche-a-s-inscrire-dans-la-reconciliation-aura-toute-la-latitude-de-le-faire\/210048\/","og_locale":"fr_FR","og_type":"article","og_title":"Kais Saied : \"Quiconque cherche \u00e0 s'inscrire dans la r\u00e9conciliation, aura toute la latitude de le faire\"","og_description":"Le pr\u00e9sident de la R\u00e9publique, Kais Saied a re\u00e7u vendredi 10 novembre 2023 au palais de Carthage, la ministre de la Justice, Leila Jaffel pour \u00e9voquer plusieurs...","og_url":"https:\/\/www.webdo.tn\/fr\/actualite\/national\/kais-saied-quiconque-cherche-a-s-inscrire-dans-la-reconciliation-aura-toute-la-latitude-de-le-faire\/210048\/","og_site_name":"webdo","article_publisher":"https:\/\/www.facebook.com\/webdotn","article_published_time":"2023-11-11T10:15:00+00:00","article_modified_time":"2025-05-20T22:10:38+00:00","og_image":[{"width":750,"height":400,"url":"https:\/\/www.webdo.tn\/fr\/wp-content\/uploads\/2023\/11\/0056bf7870a7ba9ad686b31b43317ea3.jpg","type":"image\/jpeg"}],"author":"MC","twitter_card":"summary_large_image","twitter_creator":"@webdo_tn","twitter_site":"@webdo_tn","twitter_misc":{"\u00c9crit par":"MC","Dur\u00e9e de lecture estim\u00e9e":"1 minute"},"schema":{"@context":"https:\/\/schema.org","@graph":[{"@type":"NewsArticle","@id":"https:\/\/www.webdo.tn\/fr\/actualite\/national\/kais-saied-quiconque-cherche-a-s-inscrire-dans-la-reconciliation-aura-toute-la-latitude-de-le-faire\/210048\/#article","isPartOf":{"@id":"https:\/\/www.webdo.tn\/fr\/actualite\/national\/kais-saied-quiconque-cherche-a-s-inscrire-dans-la-reconciliation-aura-toute-la-latitude-de-le-faire\/210048\/"},"author":{"name":"MC","@id":"https:\/\/www.webdo.tn\/fr\/#\/schema\/person\/2c4929cbf5a809e3bd38617c6ce150f6"},"headline":"Kais Saied : \u00ab\u00a0Quiconque cherche \u00e0 s&rsquo;inscrire dans la r\u00e9conciliation, aura toute la latitude de le faire\u00a0\u00bb","datePublished":"2023-11-11T10:15:00+00:00","dateModified":"2025-05-20T22:10:38+00:00","mainEntityOfPage":{"@id":"https:\/\/www.webdo.tn\/fr\/actualite\/national\/kais-saied-quiconque-cherche-a-s-inscrire-dans-la-reconciliation-aura-toute-la-latitude-de-le-faire\/210048\/"},"wordCount":247,"commentCount":0,"publisher":{"@id":"https:\/\/www.webdo.tn\/fr\/#organization"},"image":{"@id":"https:\/\/www.webdo.tn\/fr\/actualite\/national\/kais-saied-quiconque-cherche-a-s-inscrire-dans-la-reconciliation-aura-toute-la-latitude-de-le-faire\/210048\/#primaryimage"},"thumbnailUrl":"https:\/\/www.webdo.tn\/fr\/wp-content\/uploads\/2023\/11\/0056bf7870a7ba9ad686b31b43317ea3.jpg","keywords":["justice","Kais Saied","Leila Jaffel","r\u00e9conciliation"],"articleSection":["National"],"inLanguage":"fr-FR"},{"@type":"WebPage","@id":"https:\/\/www.webdo.tn\/fr\/actualite\/national\/kais-saied-quiconque-cherche-a-s-inscrire-dans-la-reconciliation-aura-toute-la-latitude-de-le-faire\/210048\/","url":"https:\/\/www.webdo.tn\/fr\/actualite\/national\/kais-saied-quiconque-cherche-a-s-inscrire-dans-la-reconciliation-aura-toute-la-latitude-de-le-faire\/210048\/","name":"Kais Saied : Quiconque cherche \u00e0 s'inscrire dans la r\u00e9conciliation, aura toute la latitude de le faire","isPartOf":{"@id":"https:\/\/www.webdo.tn\/fr\/#website"},"primaryImageOfPage":{"@id":"https:\/\/www.webdo.tn\/fr\/actualite\/national\/kais-saied-quiconque-cherche-a-s-inscrire-dans-la-reconciliation-aura-toute-la-latitude-de-le-faire\/210048\/#primaryimage"},"image":{"@id":"https:\/\/www.webdo.tn\/fr\/actualite\/national\/kais-saied-quiconque-cherche-a-s-inscrire-dans-la-reconciliation-aura-toute-la-latitude-de-le-faire\/210048\/#primaryimage"},"thumbnailUrl":"https:\/\/www.webdo.tn\/fr\/wp-content\/uploads\/2023\/11\/0056bf7870a7ba9ad686b31b43317ea3.jpg","datePublished":"2023-11-11T10:15:00+00:00","dateModified":"2025-05-20T22:10:38+00:00","description":"Le pr\u00e9sident de la R\u00e9publique, Kais Saied a re\u00e7u vendredi 10 novembre 2023 au palais de Carthage, la ministre de la Justice, Leila Jaffel pour \u00e9voquer plusieurs...","breadcrumb":{"@id":"https:\/\/www.webdo.tn\/fr\/actualite\/national\/kais-saied-quiconque-cherche-a-s-inscrire-dans-la-reconciliation-aura-toute-la-latitude-de-le-faire\/210048\/#breadcrumb"},"inLanguage":"fr-FR","potentialAction":[{"@type":"ReadAction","target":["https:\/\/www.webdo.tn\/fr\/actualite\/national\/kais-saied-quiconque-cherche-a-s-inscrire-dans-la-reconciliation-aura-toute-la-latitude-de-le-faire\/210048\/"]}]},{"@type":"ImageObject","inLanguage":"fr-FR","@id":"https:\/\/www.webdo.tn\/fr\/actualite\/national\/kais-saied-quiconque-cherche-a-s-inscrire-dans-la-reconciliation-aura-toute-la-latitude-de-le-faire\/210048\/#primaryimage","url":"https:\/\/www.webdo.tn\/fr\/wp-content\/uploads\/2023\/11\/0056bf7870a7ba9ad686b31b43317ea3.jpg","contentUrl":"https:\/\/www.webdo.tn\/fr\/wp-content\/uploads\/2023\/11\/0056bf7870a7ba9ad686b31b43317ea3.jpg","width":750,"height":400,"caption":"Kais Saied : \"Quiconque cherche \u00e0 s'inscrire dans la r\u00e9conciliation, aura toute la latitude de le faire\""},{"@type":"BreadcrumbList","@id":"https:\/\/www.webdo.tn\/fr\/actualite\/national\/kais-saied-quiconque-cherche-a-s-inscrire-dans-la-reconciliation-aura-toute-la-latitude-de-le-faire\/210048\/#breadcrumb","itemListElement":[{"@type":"ListItem","position":1,"name":"Accueil","item":"https:\/\/www.webdo.tn\/fr\/"},{"@type":"ListItem","position":2,"name":"Kais Saied : \u00ab\u00a0Quiconque cherche \u00e0 s&rsquo;inscrire dans la r\u00e9conciliation, aura toute la latitude de le faire\u00a0\u00bb"}]},{"@type":"WebSite","@id":"https:\/\/www.webdo.tn\/fr\/#website","url":"https:\/\/www.webdo.tn\/fr\/","name":"webdo","description":"Tunisie - News en Tunisie et \u00e0 l&#039;international sur Webdo.tn","publisher":{"@id":"https:\/\/www.webdo.tn\/fr\/#organization"},"potentialAction":[{"@type":"SearchAction","target":{"@type":"EntryPoint","urlTemplate":"https:\/\/www.webdo.tn\/fr\/?s={search_term_string}"},"query-input":{"@type":"PropertyValueSpecification","valueRequired":true,"valueName":"search_term_string"}}],"inLanguage":"fr-FR"},{"@type":"Organization","@id":"https:\/\/www.webdo.tn\/fr\/#organization","name":"Webdo","alternateName":"Webdo.tn","url":"https:\/\/www.webdo.tn\/fr\/","logo":{"@type":"ImageObject","inLanguage":"fr-FR","@id":"https:\/\/www.webdo.tn\/fr\/#\/schema\/logo\/image\/","url":"https:\/\/www.webdo.tn\/fr\/wp-content\/uploads\/2025\/06\/Webdo-Tunisie_168377.jpg","contentUrl":"https:\/\/www.webdo.tn\/fr\/wp-content\/uploads\/2025\/06\/Webdo-Tunisie_168377.jpg","width":301,"height":301,"caption":"Webdo"},"image":{"@id":"https:\/\/www.webdo.tn\/fr\/#\/schema\/logo\/image\/"},"sameAs":["https:\/\/www.facebook.com\/webdotn","https:\/\/x.com\/webdo_tn"],"description":"Webdo est un m\u00e9dia num\u00e9rique tunisien fond\u00e9 en 2010, sp\u00e9cialis\u00e9 dans l\u2019actualit\u00e9 nationale et internationale, l\u2019\u00e9conomie, la soci\u00e9t\u00e9 et les analyses politiques. Le site s\u2019adresse \u00e0 un large public francophone et couvre l\u2019information tunisienne en temps r\u00e9el.","email":"redac@webdo.tn","legalName":"YNJ SARL","foundingDate":"2010-09-06","numberOfEmployees":{"@type":"QuantitativeValue","minValue":"11","maxValue":"50"}},{"@type":"Person","@id":"https:\/\/www.webdo.tn\/fr\/#\/schema\/person\/2c4929cbf5a809e3bd38617c6ce150f6","name":"MC","image":{"@type":"ImageObject","inLanguage":"fr-FR","@id":"https:\/\/secure.gravatar.com\/avatar\/a545bbb6f84efdd5553dbbc2895e3ca8f1d12c5215e00a041c9670b54aa9b18a?s=96&d=mm&r=g","url":"https:\/\/secure.gravatar.com\/avatar\/a545bbb6f84efdd5553dbbc2895e3ca8f1d12c5215e00a041c9670b54aa9b18a?s=96&d=mm&r=g","contentUrl":"https:\/\/secure.gravatar.com\/avatar\/a545bbb6f84efdd5553dbbc2895e3ca8f1d12c5215e00a041c9670b54aa9b18a?s=96&d=mm&r=g","caption":"MC"},"url":"https:\/\/www.webdo.tn\/fr\/actualite\/author\/mc\/"}]}},"_links":{"self":[{"href":"https:\/\/www.webdo.tn\/fr\/wp-json\/wp\/v2\/posts\/210048","targetHints":{"allow":["GET"]}}],"collection":[{"href":"https:\/\/www.webdo.tn\/fr\/wp-json\/wp\/v2\/posts"}],"about":[{"href":"https:\/\/www.webdo.tn\/fr\/wp-json\/wp\/v2\/types\/post"}],"author":[{"embeddable":true,"href":"https:\/\/www.webdo.tn\/fr\/wp-json\/wp\/v2\/users\/3162"}],"replies":[{"embeddable":true,"href":"https:\/\/www.webdo.tn\/fr\/wp-json\/wp\/v2\/comments?post=210048"}],"version-history":[{"count":0,"href":"https:\/\/www.webdo.tn\/fr\/wp-json\/wp\/v2\/posts\/210048\/revisions"}],"wp:featuredmedia":[{"embeddable":true,"href":"https:\/\/www.webdo.tn\/fr\/wp-json\/wp\/v2\/media\/289843"}],"wp:attachment":[{"href":"https:\/\/www.webdo.tn\/fr\/wp-json\/wp\/v2\/media?parent=210048"}],"wp:term":[{"taxonomy":"category","embeddable":true,"href":"https:\/\/www.webdo.tn\/fr\/wp-json\/wp\/v2\/categories?post=210048"},{"taxonomy":"post_tag","embeddable":true,"href":"https:\/\/www.webdo.tn\/fr\/wp-json\/wp\/v2\/tags?post=210048"}],"curies":[{"name":"wp","href":"https:\/\/api.w.org\/{rel}","templated":true}]}}