{"id":210033,"date":"2023-11-10T13:53:00","date_gmt":"2023-11-10T13:53:00","guid":{"rendered":"https:\/\/www.webdo.tn\/fr\/blog\/l-iran-juge-inevitable-l-extension-de-la-guerre-a-gaza\/210033\/"},"modified":"2025-05-20T22:39:38","modified_gmt":"2025-05-20T22:39:38","slug":"l-iran-juge-inevitable-l-extension-de-la-guerre-a-gaza","status":"publish","type":"post","link":"https:\/\/www.webdo.tn\/fr\/actualite\/international\/l-iran-juge-inevitable-l-extension-de-la-guerre-a-gaza\/210033\/","title":{"rendered":"L\u2019Iran juge in\u00e9vitable l\u2019extension de la guerre \u00e0 Gaza"},"content":{"rendered":"<p>\u00ab L\u2019extension de la guerre entre Isra\u00ebl et le Hamas \u00e0 Gaza est d\u00e9sormais in\u00e9vitable \u00bb, a affirm\u00e9 vendredi 10 novembre 2023 le ministre iranien des affaires \u00e9trang\u00e8res iranien , Hossein Amir-Abdollahian.\u00a0<\/p>\n<p>\t\t\t\t\t\t\t\t\t\u00a0<\/p>\n<p>\u00ab En raison de l\u2019intensit\u00e9 croissante de la guerre sur les habitants civils de Gaza, l\u2019expansion du champ de la guerre est d\u00e9sormais devenue in\u00e9vitable \u00bb, a dit le ministre \u00e0 son homologue qatari, Mohammed ben Abdelrahmane Al-Thani, selon le site internet du minist\u00e8re.<\/p>\n<p>T\u00e9h\u00e9ran soutient, depuis le d\u00e9but de la guerre, le Hamas, le Hezbollah libanais et les rebelles Houthis du Y\u00e9men, qui ont annonc\u00e9 avoir lanc\u00e9 plusieurs missiles en direction du territoire isra\u00e9lien.\u00a0<\/p>\n<p>Washington accuse aussi T\u00e9h\u00e9ran d\u2019\u00eatre impliqu\u00e9 par procuration dans des attaques des bases militaires de la coalition antijihadiste men\u00e9e par les Etats-Unis en Irak et en Syrie, rapporte l\u2019AFP.<\/p>\n","protected":false},"excerpt":{"rendered":"<p>\u00ab En raison de l\u2019intensit\u00e9 croissante de la guerre sur les habitants civils de Gaza, l\u2019expansion du champ de la guerre est d\u00e9sormais devenue in\u00e9vitable \u00bb, a dit&#8230;<\/p>\n","protected":false},"author":3175,"featured_media":248808,"comment_status":"open","ping_status":"closed","sticky":false,"template":"","format":"standard","meta":{"footnotes":""},"categories":[2598],"tags":[2689,2600,2912],"class_list":["post-210033","post","type-post","status-publish","format-standard","has-post-thumbnail","hentry","category-international","tag-gaza","tag-guerre","tag-iran"],"yoast_head":"<!-- This site is optimized with the Yoast SEO Premium plugin v27.4 (Yoast SEO v27.5) - https:\/\/yoast.com\/product\/yoast-seo-premium-wordpress\/ -->\n<title>L\u2019Iran juge in\u00e9vitable l\u2019extension de la guerre \u00e0 Gaza<\/title>\n<meta name=\"description\" content=\"\u00ab En raison de l\u2019intensit\u00e9 croissante de la guerre sur les habitants civils de Gaza, l\u2019expansion du champ de la guerre est d\u00e9sormais devenue in\u00e9vitable \u00bb, a dit...\" \/>\n<link rel=\"canonical\" href=\"https:\/\/www.webdo.tn\/fr\/actualite\/international\/l-iran-juge-inevitable-l-extension-de-la-guerre-a-gaza\/210033\/\" \/>\n<meta property=\"og:locale\" content=\"fr_FR\" \/>\n<meta property=\"og:type\" content=\"article\" \/>\n<meta property=\"og:title\" content=\"L\u2019Iran juge in\u00e9vitable l\u2019extension de la guerre \u00e0 Gaza\" \/>\n<meta property=\"og:description\" content=\"\u00ab En raison de l\u2019intensit\u00e9 croissante de la guerre sur les habitants civils de Gaza, l\u2019expansion du champ de la guerre est d\u00e9sormais devenue in\u00e9vitable \u00bb, a dit...\" \/>\n<meta property=\"og:url\" content=\"https:\/\/www.webdo.tn\/fr\/actualite\/international\/l-iran-juge-inevitable-l-extension-de-la-guerre-a-gaza\/210033\/\" \/>\n<meta property=\"og:site_name\" content=\"webdo\" \/>\n<meta property=\"article:publisher\" content=\"https:\/\/www.facebook.com\/webdotn\" \/>\n<meta property=\"article:published_time\" content=\"2023-11-10T13:53:00+00:00\" \/>\n<meta property=\"article:modified_time\" content=\"2025-05-20T22:39:38+00:00\" \/>\n<meta property=\"og:image\" content=\"https:\/\/www.webdo.tn\/fr\/wp-content\/uploads\/2023\/11\/3179855adee4c6aac7c3979562315ae9.png\" \/>\n\t<meta property=\"og:image:width\" content=\"750\" \/>\n\t<meta property=\"og:image:height\" content=\"400\" \/>\n\t<meta property=\"og:image:type\" content=\"image\/png\" \/>\n<meta name=\"author\" content=\"CL\" \/>\n<meta name=\"twitter:card\" content=\"summary_large_image\" \/>\n<meta name=\"twitter:creator\" content=\"@webdo_tn\" \/>\n<meta name=\"twitter:site\" content=\"@webdo_tn\" \/>\n<meta name=\"twitter:label1\" content=\"\u00c9crit par\" \/>\n\t<meta name=\"twitter:data1\" content=\"CL\" \/>\n\t<meta name=\"twitter:label2\" content=\"Dur\u00e9e de lecture estim\u00e9e\" \/>\n\t<meta name=\"twitter:data2\" content=\"1 minute\" \/>\n<script type=\"application\/ld+json\" class=\"yoast-schema-graph\">{\"@context\":\"https:\\\/\\\/schema.org\",\"@graph\":[{\"@type\":\"NewsArticle\",\"@id\":\"https:\\\/\\\/www.webdo.tn\\\/fr\\\/actualite\\\/international\\\/l-iran-juge-inevitable-l-extension-de-la-guerre-a-gaza\\\/210033\\\/#article\",\"isPartOf\":{\"@id\":\"https:\\\/\\\/www.webdo.tn\\\/fr\\\/actualite\\\/international\\\/l-iran-juge-inevitable-l-extension-de-la-guerre-a-gaza\\\/210033\\\/\"},\"author\":{\"name\":\"CL\",\"@id\":\"https:\\\/\\\/www.webdo.tn\\\/fr\\\/#\\\/schema\\\/person\\\/f35b42a42c5e2511bbd282959d6385cc\"},\"headline\":\"L\u2019Iran juge in\u00e9vitable l\u2019extension de la guerre \u00e0 Gaza\",\"datePublished\":\"2023-11-10T13:53:00+00:00\",\"dateModified\":\"2025-05-20T22:39:38+00:00\",\"mainEntityOfPage\":{\"@id\":\"https:\\\/\\\/www.webdo.tn\\\/fr\\\/actualite\\\/international\\\/l-iran-juge-inevitable-l-extension-de-la-guerre-a-gaza\\\/210033\\\/\"},\"wordCount\":158,\"commentCount\":0,\"publisher\":{\"@id\":\"https:\\\/\\\/www.webdo.tn\\\/fr\\\/#organization\"},\"image\":{\"@id\":\"https:\\\/\\\/www.webdo.tn\\\/fr\\\/actualite\\\/international\\\/l-iran-juge-inevitable-l-extension-de-la-guerre-a-gaza\\\/210033\\\/#primaryimage\"},\"thumbnailUrl\":\"https:\\\/\\\/www.webdo.tn\\\/fr\\\/wp-content\\\/uploads\\\/2023\\\/11\\\/3179855adee4c6aac7c3979562315ae9.png\",\"keywords\":[\"Gaza\",\"guerre\",\"Iran\"],\"articleSection\":[\"International\"],\"inLanguage\":\"fr-FR\"},{\"@type\":\"WebPage\",\"@id\":\"https:\\\/\\\/www.webdo.tn\\\/fr\\\/actualite\\\/international\\\/l-iran-juge-inevitable-l-extension-de-la-guerre-a-gaza\\\/210033\\\/\",\"url\":\"https:\\\/\\\/www.webdo.tn\\\/fr\\\/actualite\\\/international\\\/l-iran-juge-inevitable-l-extension-de-la-guerre-a-gaza\\\/210033\\\/\",\"name\":\"L\u2019Iran juge in\u00e9vitable l\u2019extension de la guerre \u00e0 Gaza\",\"isPartOf\":{\"@id\":\"https:\\\/\\\/www.webdo.tn\\\/fr\\\/#website\"},\"primaryImageOfPage\":{\"@id\":\"https:\\\/\\\/www.webdo.tn\\\/fr\\\/actualite\\\/international\\\/l-iran-juge-inevitable-l-extension-de-la-guerre-a-gaza\\\/210033\\\/#primaryimage\"},\"image\":{\"@id\":\"https:\\\/\\\/www.webdo.tn\\\/fr\\\/actualite\\\/international\\\/l-iran-juge-inevitable-l-extension-de-la-guerre-a-gaza\\\/210033\\\/#primaryimage\"},\"thumbnailUrl\":\"https:\\\/\\\/www.webdo.tn\\\/fr\\\/wp-content\\\/uploads\\\/2023\\\/11\\\/3179855adee4c6aac7c3979562315ae9.png\",\"datePublished\":\"2023-11-10T13:53:00+00:00\",\"dateModified\":\"2025-05-20T22:39:38+00:00\",\"description\":\"\u00ab En raison de l\u2019intensit\u00e9 croissante de la guerre sur les habitants civils de Gaza, l\u2019expansion du champ de la guerre est d\u00e9sormais devenue in\u00e9vitable \u00bb, a dit...\",\"breadcrumb\":{\"@id\":\"https:\\\/\\\/www.webdo.tn\\\/fr\\\/actualite\\\/international\\\/l-iran-juge-inevitable-l-extension-de-la-guerre-a-gaza\\\/210033\\\/#breadcrumb\"},\"inLanguage\":\"fr-FR\",\"potentialAction\":[{\"@type\":\"ReadAction\",\"target\":[\"https:\\\/\\\/www.webdo.tn\\\/fr\\\/actualite\\\/international\\\/l-iran-juge-inevitable-l-extension-de-la-guerre-a-gaza\\\/210033\\\/\"]}]},{\"@type\":\"ImageObject\",\"inLanguage\":\"fr-FR\",\"@id\":\"https:\\\/\\\/www.webdo.tn\\\/fr\\\/actualite\\\/international\\\/l-iran-juge-inevitable-l-extension-de-la-guerre-a-gaza\\\/210033\\\/#primaryimage\",\"url\":\"https:\\\/\\\/www.webdo.tn\\\/fr\\\/wp-content\\\/uploads\\\/2023\\\/11\\\/3179855adee4c6aac7c3979562315ae9.png\",\"contentUrl\":\"https:\\\/\\\/www.webdo.tn\\\/fr\\\/wp-content\\\/uploads\\\/2023\\\/11\\\/3179855adee4c6aac7c3979562315ae9.png\",\"width\":750,\"height\":400,\"caption\":\"L\u2019Iran juge in\u00e9vitable l\u2019extension de la guerre \u00e0 Gaza\"},{\"@type\":\"BreadcrumbList\",\"@id\":\"https:\\\/\\\/www.webdo.tn\\\/fr\\\/actualite\\\/international\\\/l-iran-juge-inevitable-l-extension-de-la-guerre-a-gaza\\\/210033\\\/#breadcrumb\",\"itemListElement\":[{\"@type\":\"ListItem\",\"position\":1,\"name\":\"Accueil\",\"item\":\"https:\\\/\\\/www.webdo.tn\\\/fr\\\/\"},{\"@type\":\"ListItem\",\"position\":2,\"name\":\"L\u2019Iran juge in\u00e9vitable l\u2019extension de la guerre \u00e0 Gaza\"}]},{\"@type\":\"WebSite\",\"@id\":\"https:\\\/\\\/www.webdo.tn\\\/fr\\\/#website\",\"url\":\"https:\\\/\\\/www.webdo.tn\\\/fr\\\/\",\"name\":\"webdo\",\"description\":\"Tunisie - News en Tunisie et \u00e0 l&#039;international sur Webdo.tn\",\"publisher\":{\"@id\":\"https:\\\/\\\/www.webdo.tn\\\/fr\\\/#organization\"},\"potentialAction\":[{\"@type\":\"SearchAction\",\"target\":{\"@type\":\"EntryPoint\",\"urlTemplate\":\"https:\\\/\\\/www.webdo.tn\\\/fr\\\/?s={search_term_string}\"},\"query-input\":{\"@type\":\"PropertyValueSpecification\",\"valueRequired\":true,\"valueName\":\"search_term_string\"}}],\"inLanguage\":\"fr-FR\"},{\"@type\":\"Organization\",\"@id\":\"https:\\\/\\\/www.webdo.tn\\\/fr\\\/#organization\",\"name\":\"Webdo\",\"alternateName\":\"Webdo.tn\",\"url\":\"https:\\\/\\\/www.webdo.tn\\\/fr\\\/\",\"logo\":{\"@type\":\"ImageObject\",\"inLanguage\":\"fr-FR\",\"@id\":\"https:\\\/\\\/www.webdo.tn\\\/fr\\\/#\\\/schema\\\/logo\\\/image\\\/\",\"url\":\"https:\\\/\\\/www.webdo.tn\\\/fr\\\/wp-content\\\/uploads\\\/2025\\\/06\\\/Webdo-Tunisie_168377.jpg\",\"contentUrl\":\"https:\\\/\\\/www.webdo.tn\\\/fr\\\/wp-content\\\/uploads\\\/2025\\\/06\\\/Webdo-Tunisie_168377.jpg\",\"width\":301,\"height\":301,\"caption\":\"Webdo\"},\"image\":{\"@id\":\"https:\\\/\\\/www.webdo.tn\\\/fr\\\/#\\\/schema\\\/logo\\\/image\\\/\"},\"sameAs\":[\"https:\\\/\\\/www.facebook.com\\\/webdotn\",\"https:\\\/\\\/x.com\\\/webdo_tn\"],\"description\":\"Webdo est un m\u00e9dia num\u00e9rique tunisien fond\u00e9 en 2010, sp\u00e9cialis\u00e9 dans l\u2019actualit\u00e9 nationale et internationale, l\u2019\u00e9conomie, la soci\u00e9t\u00e9 et les analyses politiques. Le site s\u2019adresse \u00e0 un large public francophone et couvre l\u2019information tunisienne en temps r\u00e9el.\",\"email\":\"redac@webdo.tn\",\"legalName\":\"YNJ SARL\",\"foundingDate\":\"2010-09-06\",\"numberOfEmployees\":{\"@type\":\"QuantitativeValue\",\"minValue\":\"11\",\"maxValue\":\"50\"}},{\"@type\":\"Person\",\"@id\":\"https:\\\/\\\/www.webdo.tn\\\/fr\\\/#\\\/schema\\\/person\\\/f35b42a42c5e2511bbd282959d6385cc\",\"name\":\"CL\",\"image\":{\"@type\":\"ImageObject\",\"inLanguage\":\"fr-FR\",\"@id\":\"https:\\\/\\\/secure.gravatar.com\\\/avatar\\\/1447a49909b67aa657c488aec6512e1dd6143a480c1ecfee9b5b5cd74eb3b59e?s=96&d=mm&r=g\",\"url\":\"https:\\\/\\\/secure.gravatar.com\\\/avatar\\\/1447a49909b67aa657c488aec6512e1dd6143a480c1ecfee9b5b5cd74eb3b59e?s=96&d=mm&r=g\",\"contentUrl\":\"https:\\\/\\\/secure.gravatar.com\\\/avatar\\\/1447a49909b67aa657c488aec6512e1dd6143a480c1ecfee9b5b5cd74eb3b59e?s=96&d=mm&r=g\",\"caption\":\"CL\"},\"url\":\"https:\\\/\\\/www.webdo.tn\\\/fr\\\/actualite\\\/author\\\/cl\\\/\"}]}<\/script>\n<!-- \/ Yoast SEO Premium plugin. -->","yoast_head_json":{"title":"L\u2019Iran juge in\u00e9vitable l\u2019extension de la guerre \u00e0 Gaza","description":"\u00ab En raison de l\u2019intensit\u00e9 croissante de la guerre sur les habitants civils de Gaza, l\u2019expansion du champ de la guerre est d\u00e9sormais devenue in\u00e9vitable \u00bb, a dit...","canonical":"https:\/\/www.webdo.tn\/fr\/actualite\/international\/l-iran-juge-inevitable-l-extension-de-la-guerre-a-gaza\/210033\/","og_locale":"fr_FR","og_type":"article","og_title":"L\u2019Iran juge in\u00e9vitable l\u2019extension de la guerre \u00e0 Gaza","og_description":"\u00ab En raison de l\u2019intensit\u00e9 croissante de la guerre sur les habitants civils de Gaza, l\u2019expansion du champ de la guerre est d\u00e9sormais devenue in\u00e9vitable \u00bb, a dit...","og_url":"https:\/\/www.webdo.tn\/fr\/actualite\/international\/l-iran-juge-inevitable-l-extension-de-la-guerre-a-gaza\/210033\/","og_site_name":"webdo","article_publisher":"https:\/\/www.facebook.com\/webdotn","article_published_time":"2023-11-10T13:53:00+00:00","article_modified_time":"2025-05-20T22:39:38+00:00","og_image":[{"width":750,"height":400,"url":"https:\/\/www.webdo.tn\/fr\/wp-content\/uploads\/2023\/11\/3179855adee4c6aac7c3979562315ae9.png","type":"image\/png"}],"author":"CL","twitter_card":"summary_large_image","twitter_creator":"@webdo_tn","twitter_site":"@webdo_tn","twitter_misc":{"\u00c9crit par":"CL","Dur\u00e9e de lecture estim\u00e9e":"1 minute"},"schema":{"@context":"https:\/\/schema.org","@graph":[{"@type":"NewsArticle","@id":"https:\/\/www.webdo.tn\/fr\/actualite\/international\/l-iran-juge-inevitable-l-extension-de-la-guerre-a-gaza\/210033\/#article","isPartOf":{"@id":"https:\/\/www.webdo.tn\/fr\/actualite\/international\/l-iran-juge-inevitable-l-extension-de-la-guerre-a-gaza\/210033\/"},"author":{"name":"CL","@id":"https:\/\/www.webdo.tn\/fr\/#\/schema\/person\/f35b42a42c5e2511bbd282959d6385cc"},"headline":"L\u2019Iran juge in\u00e9vitable l\u2019extension de la guerre \u00e0 Gaza","datePublished":"2023-11-10T13:53:00+00:00","dateModified":"2025-05-20T22:39:38+00:00","mainEntityOfPage":{"@id":"https:\/\/www.webdo.tn\/fr\/actualite\/international\/l-iran-juge-inevitable-l-extension-de-la-guerre-a-gaza\/210033\/"},"wordCount":158,"commentCount":0,"publisher":{"@id":"https:\/\/www.webdo.tn\/fr\/#organization"},"image":{"@id":"https:\/\/www.webdo.tn\/fr\/actualite\/international\/l-iran-juge-inevitable-l-extension-de-la-guerre-a-gaza\/210033\/#primaryimage"},"thumbnailUrl":"https:\/\/www.webdo.tn\/fr\/wp-content\/uploads\/2023\/11\/3179855adee4c6aac7c3979562315ae9.png","keywords":["Gaza","guerre","Iran"],"articleSection":["International"],"inLanguage":"fr-FR"},{"@type":"WebPage","@id":"https:\/\/www.webdo.tn\/fr\/actualite\/international\/l-iran-juge-inevitable-l-extension-de-la-guerre-a-gaza\/210033\/","url":"https:\/\/www.webdo.tn\/fr\/actualite\/international\/l-iran-juge-inevitable-l-extension-de-la-guerre-a-gaza\/210033\/","name":"L\u2019Iran juge in\u00e9vitable l\u2019extension de la guerre \u00e0 Gaza","isPartOf":{"@id":"https:\/\/www.webdo.tn\/fr\/#website"},"primaryImageOfPage":{"@id":"https:\/\/www.webdo.tn\/fr\/actualite\/international\/l-iran-juge-inevitable-l-extension-de-la-guerre-a-gaza\/210033\/#primaryimage"},"image":{"@id":"https:\/\/www.webdo.tn\/fr\/actualite\/international\/l-iran-juge-inevitable-l-extension-de-la-guerre-a-gaza\/210033\/#primaryimage"},"thumbnailUrl":"https:\/\/www.webdo.tn\/fr\/wp-content\/uploads\/2023\/11\/3179855adee4c6aac7c3979562315ae9.png","datePublished":"2023-11-10T13:53:00+00:00","dateModified":"2025-05-20T22:39:38+00:00","description":"\u00ab En raison de l\u2019intensit\u00e9 croissante de la guerre sur les habitants civils de Gaza, l\u2019expansion du champ de la guerre est d\u00e9sormais devenue in\u00e9vitable \u00bb, a dit...","breadcrumb":{"@id":"https:\/\/www.webdo.tn\/fr\/actualite\/international\/l-iran-juge-inevitable-l-extension-de-la-guerre-a-gaza\/210033\/#breadcrumb"},"inLanguage":"fr-FR","potentialAction":[{"@type":"ReadAction","target":["https:\/\/www.webdo.tn\/fr\/actualite\/international\/l-iran-juge-inevitable-l-extension-de-la-guerre-a-gaza\/210033\/"]}]},{"@type":"ImageObject","inLanguage":"fr-FR","@id":"https:\/\/www.webdo.tn\/fr\/actualite\/international\/l-iran-juge-inevitable-l-extension-de-la-guerre-a-gaza\/210033\/#primaryimage","url":"https:\/\/www.webdo.tn\/fr\/wp-content\/uploads\/2023\/11\/3179855adee4c6aac7c3979562315ae9.png","contentUrl":"https:\/\/www.webdo.tn\/fr\/wp-content\/uploads\/2023\/11\/3179855adee4c6aac7c3979562315ae9.png","width":750,"height":400,"caption":"L\u2019Iran juge in\u00e9vitable l\u2019extension de la guerre \u00e0 Gaza"},{"@type":"BreadcrumbList","@id":"https:\/\/www.webdo.tn\/fr\/actualite\/international\/l-iran-juge-inevitable-l-extension-de-la-guerre-a-gaza\/210033\/#breadcrumb","itemListElement":[{"@type":"ListItem","position":1,"name":"Accueil","item":"https:\/\/www.webdo.tn\/fr\/"},{"@type":"ListItem","position":2,"name":"L\u2019Iran juge in\u00e9vitable l\u2019extension de la guerre \u00e0 Gaza"}]},{"@type":"WebSite","@id":"https:\/\/www.webdo.tn\/fr\/#website","url":"https:\/\/www.webdo.tn\/fr\/","name":"webdo","description":"Tunisie - News en Tunisie et \u00e0 l&#039;international sur Webdo.tn","publisher":{"@id":"https:\/\/www.webdo.tn\/fr\/#organization"},"potentialAction":[{"@type":"SearchAction","target":{"@type":"EntryPoint","urlTemplate":"https:\/\/www.webdo.tn\/fr\/?s={search_term_string}"},"query-input":{"@type":"PropertyValueSpecification","valueRequired":true,"valueName":"search_term_string"}}],"inLanguage":"fr-FR"},{"@type":"Organization","@id":"https:\/\/www.webdo.tn\/fr\/#organization","name":"Webdo","alternateName":"Webdo.tn","url":"https:\/\/www.webdo.tn\/fr\/","logo":{"@type":"ImageObject","inLanguage":"fr-FR","@id":"https:\/\/www.webdo.tn\/fr\/#\/schema\/logo\/image\/","url":"https:\/\/www.webdo.tn\/fr\/wp-content\/uploads\/2025\/06\/Webdo-Tunisie_168377.jpg","contentUrl":"https:\/\/www.webdo.tn\/fr\/wp-content\/uploads\/2025\/06\/Webdo-Tunisie_168377.jpg","width":301,"height":301,"caption":"Webdo"},"image":{"@id":"https:\/\/www.webdo.tn\/fr\/#\/schema\/logo\/image\/"},"sameAs":["https:\/\/www.facebook.com\/webdotn","https:\/\/x.com\/webdo_tn"],"description":"Webdo est un m\u00e9dia num\u00e9rique tunisien fond\u00e9 en 2010, sp\u00e9cialis\u00e9 dans l\u2019actualit\u00e9 nationale et internationale, l\u2019\u00e9conomie, la soci\u00e9t\u00e9 et les analyses politiques. Le site s\u2019adresse \u00e0 un large public francophone et couvre l\u2019information tunisienne en temps r\u00e9el.","email":"redac@webdo.tn","legalName":"YNJ SARL","foundingDate":"2010-09-06","numberOfEmployees":{"@type":"QuantitativeValue","minValue":"11","maxValue":"50"}},{"@type":"Person","@id":"https:\/\/www.webdo.tn\/fr\/#\/schema\/person\/f35b42a42c5e2511bbd282959d6385cc","name":"CL","image":{"@type":"ImageObject","inLanguage":"fr-FR","@id":"https:\/\/secure.gravatar.com\/avatar\/1447a49909b67aa657c488aec6512e1dd6143a480c1ecfee9b5b5cd74eb3b59e?s=96&d=mm&r=g","url":"https:\/\/secure.gravatar.com\/avatar\/1447a49909b67aa657c488aec6512e1dd6143a480c1ecfee9b5b5cd74eb3b59e?s=96&d=mm&r=g","contentUrl":"https:\/\/secure.gravatar.com\/avatar\/1447a49909b67aa657c488aec6512e1dd6143a480c1ecfee9b5b5cd74eb3b59e?s=96&d=mm&r=g","caption":"CL"},"url":"https:\/\/www.webdo.tn\/fr\/actualite\/author\/cl\/"}]}},"_links":{"self":[{"href":"https:\/\/www.webdo.tn\/fr\/wp-json\/wp\/v2\/posts\/210033","targetHints":{"allow":["GET"]}}],"collection":[{"href":"https:\/\/www.webdo.tn\/fr\/wp-json\/wp\/v2\/posts"}],"about":[{"href":"https:\/\/www.webdo.tn\/fr\/wp-json\/wp\/v2\/types\/post"}],"author":[{"embeddable":true,"href":"https:\/\/www.webdo.tn\/fr\/wp-json\/wp\/v2\/users\/3175"}],"replies":[{"embeddable":true,"href":"https:\/\/www.webdo.tn\/fr\/wp-json\/wp\/v2\/comments?post=210033"}],"version-history":[{"count":0,"href":"https:\/\/www.webdo.tn\/fr\/wp-json\/wp\/v2\/posts\/210033\/revisions"}],"wp:featuredmedia":[{"embeddable":true,"href":"https:\/\/www.webdo.tn\/fr\/wp-json\/wp\/v2\/media\/248808"}],"wp:attachment":[{"href":"https:\/\/www.webdo.tn\/fr\/wp-json\/wp\/v2\/media?parent=210033"}],"wp:term":[{"taxonomy":"category","embeddable":true,"href":"https:\/\/www.webdo.tn\/fr\/wp-json\/wp\/v2\/categories?post=210033"},{"taxonomy":"post_tag","embeddable":true,"href":"https:\/\/www.webdo.tn\/fr\/wp-json\/wp\/v2\/tags?post=210033"}],"curies":[{"name":"wp","href":"https:\/\/api.w.org\/{rel}","templated":true}]}}