{"id":210030,"date":"2023-11-10T11:41:00","date_gmt":"2023-11-10T11:41:00","guid":{"rendered":"https:\/\/www.webdo.tn\/fr\/blog\/tunisie-arrestation-d-un-homme-d-affaires-travaillant-dans-le-secteur-des-metaux\/210030\/"},"modified":"2025-05-20T22:39:37","modified_gmt":"2025-05-20T22:39:37","slug":"tunisie-arrestation-d-un-homme-d-affaires-travaillant-dans-le-secteur-des-metaux","status":"publish","type":"post","link":"https:\/\/www.webdo.tn\/fr\/actualite\/national\/tunisie-arrestation-d-un-homme-d-affaires-travaillant-dans-le-secteur-des-metaux\/210030\/","title":{"rendered":"Tunisie : Arrestation d\u2019un homme d\u2019affaires travaillant dans le secteur des m\u00e9taux"},"content":{"rendered":"<p>En l\u2019espace de quelques jours, un quatri\u00e8me homme d\u2019affaires a \u00e9t\u00e9 arr\u00eat\u00e9 pour soup\u00e7ons de corruption.<\/p>\n<p>\t\t\t\t\t\t\t\t\tSelon Mosa\u00efque FM, le minist\u00e8re public du P\u00f4le judiciaire financier a autoris\u00e9 les agents de la Direction des recherches douani\u00e8res de maintenir en garde \u00e0 vue un homme d&rsquo;affaires actif dans le domaine des m\u00e9taux et de leur recyclage. Il est poursuivi pour violation de la l\u00e9gislation bancaire.\u00a0<\/p>\n<p>Toujours selon la m\u00eame source, il avait \u00e9t\u00e9 arr\u00eat\u00e9 sous le gouvernement de Youssef Chahed pour des accusations similaires.<\/p>\n<p>Hier, l&rsquo;homme d&rsquo;affaires Nejib Ben Ismail a \u00e9t\u00e9 plac\u00e9 en d\u00e9tention pour corruption, de falsification et de blanchiment d&rsquo;argent.<\/p>\n<p>Quelques jours avant, l&rsquo;homme d&rsquo;affaires Marouane Mabrouk a \u00e9t\u00e9 plac\u00e9 en garde \u00e0 vue pour une dur\u00e9e de cinq jours pour suspicion de blanchiment d\u2019argent.<\/p>\n<p>Notons \u00e9galement que l&rsquo;homme d&rsquo;affaires et ancien ministre, Abderrahim Zouari a \u00e9t\u00e9 plac\u00e9 en garde \u00e0 vue \u00a0soup\u00e7onn\u00e9 du d\u00e9lit d&rsquo;exploitation d&rsquo;un agent public de sa fonction pour tirer un b\u00e9n\u00e9fice pour lui-m\u00eame et de nuire \u00e0 l&rsquo;administration.<\/p>\n","protected":false},"excerpt":{"rendered":"<p>En l\u2019espace de quelques jours, un quatri\u00e8me homme d\u2019affaires a \u00e9t\u00e9 arr\u00eat\u00e9 pour soup\u00e7ons de corruption<\/p>\n","protected":false},"author":3175,"featured_media":248807,"comment_status":"open","ping_status":"closed","sticky":false,"template":"","format":"standard","meta":{"footnotes":""},"categories":[44],"tags":[2966,2683,2608],"class_list":["post-210030","post","type-post","status-publish","format-standard","has-post-thumbnail","hentry","category-national","tag-arrestation","tag-homme-daffaires","tag-tunisie"],"yoast_head":"<!-- This site is optimized with the Yoast SEO Premium plugin v27.5 (Yoast SEO v27.5) - https:\/\/yoast.com\/product\/yoast-seo-premium-wordpress\/ -->\n<title>Tunisie : Arrestation d\u2019un homme d\u2019affaires travaillant dans le secteur des m\u00e9taux<\/title>\n<meta name=\"description\" content=\"En l\u2019espace de quelques jours, un quatri\u00e8me homme d\u2019affaires a \u00e9t\u00e9 arr\u00eat\u00e9 pour soup\u00e7ons de corruption\" \/>\n<link rel=\"canonical\" href=\"https:\/\/www.webdo.tn\/fr\/actualite\/national\/tunisie-arrestation-d-un-homme-d-affaires-travaillant-dans-le-secteur-des-metaux\/210030\/\" \/>\n<meta property=\"og:locale\" content=\"fr_FR\" \/>\n<meta property=\"og:type\" content=\"article\" \/>\n<meta property=\"og:title\" content=\"Tunisie : Arrestation d\u2019un homme d\u2019affaires travaillant dans le secteur des m\u00e9taux\" \/>\n<meta property=\"og:description\" content=\"En l\u2019espace de quelques jours, un quatri\u00e8me homme d\u2019affaires a \u00e9t\u00e9 arr\u00eat\u00e9 pour soup\u00e7ons de corruption\" \/>\n<meta property=\"og:url\" content=\"https:\/\/www.webdo.tn\/fr\/actualite\/national\/tunisie-arrestation-d-un-homme-d-affaires-travaillant-dans-le-secteur-des-metaux\/210030\/\" \/>\n<meta property=\"og:site_name\" content=\"webdo\" \/>\n<meta property=\"article:publisher\" content=\"https:\/\/www.facebook.com\/webdotn\" \/>\n<meta property=\"article:published_time\" content=\"2023-11-10T11:41:00+00:00\" \/>\n<meta property=\"article:modified_time\" content=\"2025-05-20T22:39:37+00:00\" \/>\n<meta property=\"og:image\" content=\"https:\/\/www.webdo.tn\/fr\/wp-content\/uploads\/2023\/11\/eb74ffc0b3f136e1e4c68578e69d8aa2.jpg\" \/>\n\t<meta property=\"og:image:width\" content=\"750\" \/>\n\t<meta property=\"og:image:height\" content=\"400\" \/>\n\t<meta property=\"og:image:type\" content=\"image\/jpeg\" \/>\n<meta name=\"author\" content=\"CL\" \/>\n<meta name=\"twitter:card\" content=\"summary_large_image\" \/>\n<meta name=\"twitter:creator\" content=\"@webdo_tn\" \/>\n<meta name=\"twitter:site\" content=\"@webdo_tn\" \/>\n<meta name=\"twitter:label1\" content=\"\u00c9crit par\" \/>\n\t<meta name=\"twitter:data1\" content=\"CL\" \/>\n\t<meta name=\"twitter:label2\" content=\"Dur\u00e9e de lecture estim\u00e9e\" \/>\n\t<meta name=\"twitter:data2\" content=\"1 minute\" \/>\n<script type=\"application\/ld+json\" class=\"yoast-schema-graph\">{\"@context\":\"https:\\\/\\\/schema.org\",\"@graph\":[{\"@type\":\"NewsArticle\",\"@id\":\"https:\\\/\\\/www.webdo.tn\\\/fr\\\/actualite\\\/national\\\/tunisie-arrestation-d-un-homme-d-affaires-travaillant-dans-le-secteur-des-metaux\\\/210030\\\/#article\",\"isPartOf\":{\"@id\":\"https:\\\/\\\/www.webdo.tn\\\/fr\\\/actualite\\\/national\\\/tunisie-arrestation-d-un-homme-d-affaires-travaillant-dans-le-secteur-des-metaux\\\/210030\\\/\"},\"author\":{\"name\":\"CL\",\"@id\":\"https:\\\/\\\/www.webdo.tn\\\/fr\\\/#\\\/schema\\\/person\\\/f35b42a42c5e2511bbd282959d6385cc\"},\"headline\":\"Tunisie : Arrestation d\u2019un homme d\u2019affaires travaillant dans le secteur des m\u00e9taux\",\"datePublished\":\"2023-11-10T11:41:00+00:00\",\"dateModified\":\"2025-05-20T22:39:37+00:00\",\"mainEntityOfPage\":{\"@id\":\"https:\\\/\\\/www.webdo.tn\\\/fr\\\/actualite\\\/national\\\/tunisie-arrestation-d-un-homme-d-affaires-travaillant-dans-le-secteur-des-metaux\\\/210030\\\/\"},\"wordCount\":207,\"commentCount\":0,\"publisher\":{\"@id\":\"https:\\\/\\\/www.webdo.tn\\\/fr\\\/#organization\"},\"image\":{\"@id\":\"https:\\\/\\\/www.webdo.tn\\\/fr\\\/actualite\\\/national\\\/tunisie-arrestation-d-un-homme-d-affaires-travaillant-dans-le-secteur-des-metaux\\\/210030\\\/#primaryimage\"},\"thumbnailUrl\":\"https:\\\/\\\/www.webdo.tn\\\/fr\\\/wp-content\\\/uploads\\\/2023\\\/11\\\/eb74ffc0b3f136e1e4c68578e69d8aa2.jpg\",\"keywords\":[\"arrestation\",\"Homme d'affaires\",\"Tunisie\"],\"articleSection\":[\"National\"],\"inLanguage\":\"fr-FR\"},{\"@type\":\"WebPage\",\"@id\":\"https:\\\/\\\/www.webdo.tn\\\/fr\\\/actualite\\\/national\\\/tunisie-arrestation-d-un-homme-d-affaires-travaillant-dans-le-secteur-des-metaux\\\/210030\\\/\",\"url\":\"https:\\\/\\\/www.webdo.tn\\\/fr\\\/actualite\\\/national\\\/tunisie-arrestation-d-un-homme-d-affaires-travaillant-dans-le-secteur-des-metaux\\\/210030\\\/\",\"name\":\"Tunisie : Arrestation d\u2019un homme d\u2019affaires travaillant dans le secteur des m\u00e9taux\",\"isPartOf\":{\"@id\":\"https:\\\/\\\/www.webdo.tn\\\/fr\\\/#website\"},\"primaryImageOfPage\":{\"@id\":\"https:\\\/\\\/www.webdo.tn\\\/fr\\\/actualite\\\/national\\\/tunisie-arrestation-d-un-homme-d-affaires-travaillant-dans-le-secteur-des-metaux\\\/210030\\\/#primaryimage\"},\"image\":{\"@id\":\"https:\\\/\\\/www.webdo.tn\\\/fr\\\/actualite\\\/national\\\/tunisie-arrestation-d-un-homme-d-affaires-travaillant-dans-le-secteur-des-metaux\\\/210030\\\/#primaryimage\"},\"thumbnailUrl\":\"https:\\\/\\\/www.webdo.tn\\\/fr\\\/wp-content\\\/uploads\\\/2023\\\/11\\\/eb74ffc0b3f136e1e4c68578e69d8aa2.jpg\",\"datePublished\":\"2023-11-10T11:41:00+00:00\",\"dateModified\":\"2025-05-20T22:39:37+00:00\",\"description\":\"En l\u2019espace de quelques jours, un quatri\u00e8me homme d\u2019affaires a \u00e9t\u00e9 arr\u00eat\u00e9 pour soup\u00e7ons de corruption\",\"breadcrumb\":{\"@id\":\"https:\\\/\\\/www.webdo.tn\\\/fr\\\/actualite\\\/national\\\/tunisie-arrestation-d-un-homme-d-affaires-travaillant-dans-le-secteur-des-metaux\\\/210030\\\/#breadcrumb\"},\"inLanguage\":\"fr-FR\",\"potentialAction\":[{\"@type\":\"ReadAction\",\"target\":[\"https:\\\/\\\/www.webdo.tn\\\/fr\\\/actualite\\\/national\\\/tunisie-arrestation-d-un-homme-d-affaires-travaillant-dans-le-secteur-des-metaux\\\/210030\\\/\"]}]},{\"@type\":\"ImageObject\",\"inLanguage\":\"fr-FR\",\"@id\":\"https:\\\/\\\/www.webdo.tn\\\/fr\\\/actualite\\\/national\\\/tunisie-arrestation-d-un-homme-d-affaires-travaillant-dans-le-secteur-des-metaux\\\/210030\\\/#primaryimage\",\"url\":\"https:\\\/\\\/www.webdo.tn\\\/fr\\\/wp-content\\\/uploads\\\/2023\\\/11\\\/eb74ffc0b3f136e1e4c68578e69d8aa2.jpg\",\"contentUrl\":\"https:\\\/\\\/www.webdo.tn\\\/fr\\\/wp-content\\\/uploads\\\/2023\\\/11\\\/eb74ffc0b3f136e1e4c68578e69d8aa2.jpg\",\"width\":750,\"height\":400,\"caption\":\"Tunisie : Arrestation d\u2019un homme d\u2019affaires travaillant dans le secteur des m\u00e9taux\"},{\"@type\":\"BreadcrumbList\",\"@id\":\"https:\\\/\\\/www.webdo.tn\\\/fr\\\/actualite\\\/national\\\/tunisie-arrestation-d-un-homme-d-affaires-travaillant-dans-le-secteur-des-metaux\\\/210030\\\/#breadcrumb\",\"itemListElement\":[{\"@type\":\"ListItem\",\"position\":1,\"name\":\"Accueil\",\"item\":\"https:\\\/\\\/www.webdo.tn\\\/fr\\\/\"},{\"@type\":\"ListItem\",\"position\":2,\"name\":\"Tunisie : Arrestation d\u2019un homme d\u2019affaires travaillant dans le secteur des m\u00e9taux\"}]},{\"@type\":\"WebSite\",\"@id\":\"https:\\\/\\\/www.webdo.tn\\\/fr\\\/#website\",\"url\":\"https:\\\/\\\/www.webdo.tn\\\/fr\\\/\",\"name\":\"webdo\",\"description\":\"Tunisie - News en Tunisie et \u00e0 l&#039;international sur Webdo.tn\",\"publisher\":{\"@id\":\"https:\\\/\\\/www.webdo.tn\\\/fr\\\/#organization\"},\"potentialAction\":[{\"@type\":\"SearchAction\",\"target\":{\"@type\":\"EntryPoint\",\"urlTemplate\":\"https:\\\/\\\/www.webdo.tn\\\/fr\\\/?s={search_term_string}\"},\"query-input\":{\"@type\":\"PropertyValueSpecification\",\"valueRequired\":true,\"valueName\":\"search_term_string\"}}],\"inLanguage\":\"fr-FR\"},{\"@type\":\"Organization\",\"@id\":\"https:\\\/\\\/www.webdo.tn\\\/fr\\\/#organization\",\"name\":\"Webdo\",\"alternateName\":\"Webdo.tn\",\"url\":\"https:\\\/\\\/www.webdo.tn\\\/fr\\\/\",\"logo\":{\"@type\":\"ImageObject\",\"inLanguage\":\"fr-FR\",\"@id\":\"https:\\\/\\\/www.webdo.tn\\\/fr\\\/#\\\/schema\\\/logo\\\/image\\\/\",\"url\":\"https:\\\/\\\/www.webdo.tn\\\/fr\\\/wp-content\\\/uploads\\\/2025\\\/06\\\/Webdo-Tunisie_168377.jpg\",\"contentUrl\":\"https:\\\/\\\/www.webdo.tn\\\/fr\\\/wp-content\\\/uploads\\\/2025\\\/06\\\/Webdo-Tunisie_168377.jpg\",\"width\":301,\"height\":301,\"caption\":\"Webdo\"},\"image\":{\"@id\":\"https:\\\/\\\/www.webdo.tn\\\/fr\\\/#\\\/schema\\\/logo\\\/image\\\/\"},\"sameAs\":[\"https:\\\/\\\/www.facebook.com\\\/webdotn\",\"https:\\\/\\\/x.com\\\/webdo_tn\"],\"description\":\"Webdo est un m\u00e9dia num\u00e9rique tunisien fond\u00e9 en 2010, sp\u00e9cialis\u00e9 dans l\u2019actualit\u00e9 nationale et internationale, l\u2019\u00e9conomie, la soci\u00e9t\u00e9 et les analyses politiques. Le site s\u2019adresse \u00e0 un large public francophone et couvre l\u2019information tunisienne en temps r\u00e9el.\",\"email\":\"redac@webdo.tn\",\"legalName\":\"YNJ SARL\",\"foundingDate\":\"2010-09-06\",\"numberOfEmployees\":{\"@type\":\"QuantitativeValue\",\"minValue\":\"11\",\"maxValue\":\"50\"}},{\"@type\":\"Person\",\"@id\":\"https:\\\/\\\/www.webdo.tn\\\/fr\\\/#\\\/schema\\\/person\\\/f35b42a42c5e2511bbd282959d6385cc\",\"name\":\"CL\",\"image\":{\"@type\":\"ImageObject\",\"inLanguage\":\"fr-FR\",\"@id\":\"https:\\\/\\\/secure.gravatar.com\\\/avatar\\\/1447a49909b67aa657c488aec6512e1dd6143a480c1ecfee9b5b5cd74eb3b59e?s=96&d=mm&r=g\",\"url\":\"https:\\\/\\\/secure.gravatar.com\\\/avatar\\\/1447a49909b67aa657c488aec6512e1dd6143a480c1ecfee9b5b5cd74eb3b59e?s=96&d=mm&r=g\",\"contentUrl\":\"https:\\\/\\\/secure.gravatar.com\\\/avatar\\\/1447a49909b67aa657c488aec6512e1dd6143a480c1ecfee9b5b5cd74eb3b59e?s=96&d=mm&r=g\",\"caption\":\"CL\"},\"url\":\"https:\\\/\\\/www.webdo.tn\\\/fr\\\/actualite\\\/author\\\/cl\\\/\"}]}<\/script>\n<!-- \/ Yoast SEO Premium plugin. -->","yoast_head_json":{"title":"Tunisie : Arrestation d\u2019un homme d\u2019affaires travaillant dans le secteur des m\u00e9taux","description":"En l\u2019espace de quelques jours, un quatri\u00e8me homme d\u2019affaires a \u00e9t\u00e9 arr\u00eat\u00e9 pour soup\u00e7ons de corruption","canonical":"https:\/\/www.webdo.tn\/fr\/actualite\/national\/tunisie-arrestation-d-un-homme-d-affaires-travaillant-dans-le-secteur-des-metaux\/210030\/","og_locale":"fr_FR","og_type":"article","og_title":"Tunisie : Arrestation d\u2019un homme d\u2019affaires travaillant dans le secteur des m\u00e9taux","og_description":"En l\u2019espace de quelques jours, un quatri\u00e8me homme d\u2019affaires a \u00e9t\u00e9 arr\u00eat\u00e9 pour soup\u00e7ons de corruption","og_url":"https:\/\/www.webdo.tn\/fr\/actualite\/national\/tunisie-arrestation-d-un-homme-d-affaires-travaillant-dans-le-secteur-des-metaux\/210030\/","og_site_name":"webdo","article_publisher":"https:\/\/www.facebook.com\/webdotn","article_published_time":"2023-11-10T11:41:00+00:00","article_modified_time":"2025-05-20T22:39:37+00:00","og_image":[{"width":750,"height":400,"url":"https:\/\/www.webdo.tn\/fr\/wp-content\/uploads\/2023\/11\/eb74ffc0b3f136e1e4c68578e69d8aa2.jpg","type":"image\/jpeg"}],"author":"CL","twitter_card":"summary_large_image","twitter_creator":"@webdo_tn","twitter_site":"@webdo_tn","twitter_misc":{"\u00c9crit par":"CL","Dur\u00e9e de lecture estim\u00e9e":"1 minute"},"schema":{"@context":"https:\/\/schema.org","@graph":[{"@type":"NewsArticle","@id":"https:\/\/www.webdo.tn\/fr\/actualite\/national\/tunisie-arrestation-d-un-homme-d-affaires-travaillant-dans-le-secteur-des-metaux\/210030\/#article","isPartOf":{"@id":"https:\/\/www.webdo.tn\/fr\/actualite\/national\/tunisie-arrestation-d-un-homme-d-affaires-travaillant-dans-le-secteur-des-metaux\/210030\/"},"author":{"name":"CL","@id":"https:\/\/www.webdo.tn\/fr\/#\/schema\/person\/f35b42a42c5e2511bbd282959d6385cc"},"headline":"Tunisie : Arrestation d\u2019un homme d\u2019affaires travaillant dans le secteur des m\u00e9taux","datePublished":"2023-11-10T11:41:00+00:00","dateModified":"2025-05-20T22:39:37+00:00","mainEntityOfPage":{"@id":"https:\/\/www.webdo.tn\/fr\/actualite\/national\/tunisie-arrestation-d-un-homme-d-affaires-travaillant-dans-le-secteur-des-metaux\/210030\/"},"wordCount":207,"commentCount":0,"publisher":{"@id":"https:\/\/www.webdo.tn\/fr\/#organization"},"image":{"@id":"https:\/\/www.webdo.tn\/fr\/actualite\/national\/tunisie-arrestation-d-un-homme-d-affaires-travaillant-dans-le-secteur-des-metaux\/210030\/#primaryimage"},"thumbnailUrl":"https:\/\/www.webdo.tn\/fr\/wp-content\/uploads\/2023\/11\/eb74ffc0b3f136e1e4c68578e69d8aa2.jpg","keywords":["arrestation","Homme d'affaires","Tunisie"],"articleSection":["National"],"inLanguage":"fr-FR"},{"@type":"WebPage","@id":"https:\/\/www.webdo.tn\/fr\/actualite\/national\/tunisie-arrestation-d-un-homme-d-affaires-travaillant-dans-le-secteur-des-metaux\/210030\/","url":"https:\/\/www.webdo.tn\/fr\/actualite\/national\/tunisie-arrestation-d-un-homme-d-affaires-travaillant-dans-le-secteur-des-metaux\/210030\/","name":"Tunisie : Arrestation d\u2019un homme d\u2019affaires travaillant dans le secteur des m\u00e9taux","isPartOf":{"@id":"https:\/\/www.webdo.tn\/fr\/#website"},"primaryImageOfPage":{"@id":"https:\/\/www.webdo.tn\/fr\/actualite\/national\/tunisie-arrestation-d-un-homme-d-affaires-travaillant-dans-le-secteur-des-metaux\/210030\/#primaryimage"},"image":{"@id":"https:\/\/www.webdo.tn\/fr\/actualite\/national\/tunisie-arrestation-d-un-homme-d-affaires-travaillant-dans-le-secteur-des-metaux\/210030\/#primaryimage"},"thumbnailUrl":"https:\/\/www.webdo.tn\/fr\/wp-content\/uploads\/2023\/11\/eb74ffc0b3f136e1e4c68578e69d8aa2.jpg","datePublished":"2023-11-10T11:41:00+00:00","dateModified":"2025-05-20T22:39:37+00:00","description":"En l\u2019espace de quelques jours, un quatri\u00e8me homme d\u2019affaires a \u00e9t\u00e9 arr\u00eat\u00e9 pour soup\u00e7ons de corruption","breadcrumb":{"@id":"https:\/\/www.webdo.tn\/fr\/actualite\/national\/tunisie-arrestation-d-un-homme-d-affaires-travaillant-dans-le-secteur-des-metaux\/210030\/#breadcrumb"},"inLanguage":"fr-FR","potentialAction":[{"@type":"ReadAction","target":["https:\/\/www.webdo.tn\/fr\/actualite\/national\/tunisie-arrestation-d-un-homme-d-affaires-travaillant-dans-le-secteur-des-metaux\/210030\/"]}]},{"@type":"ImageObject","inLanguage":"fr-FR","@id":"https:\/\/www.webdo.tn\/fr\/actualite\/national\/tunisie-arrestation-d-un-homme-d-affaires-travaillant-dans-le-secteur-des-metaux\/210030\/#primaryimage","url":"https:\/\/www.webdo.tn\/fr\/wp-content\/uploads\/2023\/11\/eb74ffc0b3f136e1e4c68578e69d8aa2.jpg","contentUrl":"https:\/\/www.webdo.tn\/fr\/wp-content\/uploads\/2023\/11\/eb74ffc0b3f136e1e4c68578e69d8aa2.jpg","width":750,"height":400,"caption":"Tunisie : Arrestation d\u2019un homme d\u2019affaires travaillant dans le secteur des m\u00e9taux"},{"@type":"BreadcrumbList","@id":"https:\/\/www.webdo.tn\/fr\/actualite\/national\/tunisie-arrestation-d-un-homme-d-affaires-travaillant-dans-le-secteur-des-metaux\/210030\/#breadcrumb","itemListElement":[{"@type":"ListItem","position":1,"name":"Accueil","item":"https:\/\/www.webdo.tn\/fr\/"},{"@type":"ListItem","position":2,"name":"Tunisie : Arrestation d\u2019un homme d\u2019affaires travaillant dans le secteur des m\u00e9taux"}]},{"@type":"WebSite","@id":"https:\/\/www.webdo.tn\/fr\/#website","url":"https:\/\/www.webdo.tn\/fr\/","name":"webdo","description":"Tunisie - News en Tunisie et \u00e0 l&#039;international sur Webdo.tn","publisher":{"@id":"https:\/\/www.webdo.tn\/fr\/#organization"},"potentialAction":[{"@type":"SearchAction","target":{"@type":"EntryPoint","urlTemplate":"https:\/\/www.webdo.tn\/fr\/?s={search_term_string}"},"query-input":{"@type":"PropertyValueSpecification","valueRequired":true,"valueName":"search_term_string"}}],"inLanguage":"fr-FR"},{"@type":"Organization","@id":"https:\/\/www.webdo.tn\/fr\/#organization","name":"Webdo","alternateName":"Webdo.tn","url":"https:\/\/www.webdo.tn\/fr\/","logo":{"@type":"ImageObject","inLanguage":"fr-FR","@id":"https:\/\/www.webdo.tn\/fr\/#\/schema\/logo\/image\/","url":"https:\/\/www.webdo.tn\/fr\/wp-content\/uploads\/2025\/06\/Webdo-Tunisie_168377.jpg","contentUrl":"https:\/\/www.webdo.tn\/fr\/wp-content\/uploads\/2025\/06\/Webdo-Tunisie_168377.jpg","width":301,"height":301,"caption":"Webdo"},"image":{"@id":"https:\/\/www.webdo.tn\/fr\/#\/schema\/logo\/image\/"},"sameAs":["https:\/\/www.facebook.com\/webdotn","https:\/\/x.com\/webdo_tn"],"description":"Webdo est un m\u00e9dia num\u00e9rique tunisien fond\u00e9 en 2010, sp\u00e9cialis\u00e9 dans l\u2019actualit\u00e9 nationale et internationale, l\u2019\u00e9conomie, la soci\u00e9t\u00e9 et les analyses politiques. Le site s\u2019adresse \u00e0 un large public francophone et couvre l\u2019information tunisienne en temps r\u00e9el.","email":"redac@webdo.tn","legalName":"YNJ SARL","foundingDate":"2010-09-06","numberOfEmployees":{"@type":"QuantitativeValue","minValue":"11","maxValue":"50"}},{"@type":"Person","@id":"https:\/\/www.webdo.tn\/fr\/#\/schema\/person\/f35b42a42c5e2511bbd282959d6385cc","name":"CL","image":{"@type":"ImageObject","inLanguage":"fr-FR","@id":"https:\/\/secure.gravatar.com\/avatar\/1447a49909b67aa657c488aec6512e1dd6143a480c1ecfee9b5b5cd74eb3b59e?s=96&d=mm&r=g","url":"https:\/\/secure.gravatar.com\/avatar\/1447a49909b67aa657c488aec6512e1dd6143a480c1ecfee9b5b5cd74eb3b59e?s=96&d=mm&r=g","contentUrl":"https:\/\/secure.gravatar.com\/avatar\/1447a49909b67aa657c488aec6512e1dd6143a480c1ecfee9b5b5cd74eb3b59e?s=96&d=mm&r=g","caption":"CL"},"url":"https:\/\/www.webdo.tn\/fr\/actualite\/author\/cl\/"}]}},"_links":{"self":[{"href":"https:\/\/www.webdo.tn\/fr\/wp-json\/wp\/v2\/posts\/210030","targetHints":{"allow":["GET"]}}],"collection":[{"href":"https:\/\/www.webdo.tn\/fr\/wp-json\/wp\/v2\/posts"}],"about":[{"href":"https:\/\/www.webdo.tn\/fr\/wp-json\/wp\/v2\/types\/post"}],"author":[{"embeddable":true,"href":"https:\/\/www.webdo.tn\/fr\/wp-json\/wp\/v2\/users\/3175"}],"replies":[{"embeddable":true,"href":"https:\/\/www.webdo.tn\/fr\/wp-json\/wp\/v2\/comments?post=210030"}],"version-history":[{"count":0,"href":"https:\/\/www.webdo.tn\/fr\/wp-json\/wp\/v2\/posts\/210030\/revisions"}],"wp:featuredmedia":[{"embeddable":true,"href":"https:\/\/www.webdo.tn\/fr\/wp-json\/wp\/v2\/media\/248807"}],"wp:attachment":[{"href":"https:\/\/www.webdo.tn\/fr\/wp-json\/wp\/v2\/media?parent=210030"}],"wp:term":[{"taxonomy":"category","embeddable":true,"href":"https:\/\/www.webdo.tn\/fr\/wp-json\/wp\/v2\/categories?post=210030"},{"taxonomy":"post_tag","embeddable":true,"href":"https:\/\/www.webdo.tn\/fr\/wp-json\/wp\/v2\/tags?post=210030"}],"curies":[{"name":"wp","href":"https:\/\/api.w.org\/{rel}","templated":true}]}}