{"id":210010,"date":"2023-11-09T18:38:00","date_gmt":"2023-11-09T18:38:00","guid":{"rendered":"https:\/\/www.webdo.tn\/fr\/blog\/israel-va-faire-des-pauses-quotidiennes-de-quatre-heures-dans-le-nord-de-gaza\/210010\/"},"modified":"2025-05-20T22:39:39","modified_gmt":"2025-05-20T22:39:39","slug":"israel-va-faire-des-pauses-quotidiennes-de-quatre-heures-dans-le-nord-de-gaza","status":"publish","type":"post","link":"https:\/\/www.webdo.tn\/fr\/actualite\/international\/israel-va-faire-des-pauses-quotidiennes-de-quatre-heures-dans-le-nord-de-gaza\/210010\/","title":{"rendered":"Isra\u00ebl va faire des \u00ab pauses \u00bb quotidiennes de quatre heures dans le nord de Gaza"},"content":{"rendered":"<p>L\u2019Etat h\u00e9breu a annonc\u00e9 qu\u2019il \u00ab\u00a0va commencer \u00e0 faire chaque jour des pauses de quatre heures dans certaines zones du nord de la bande de Gaza, qui seront annonc\u00e9es trois heures \u00e0 l&rsquo;avance\u00a0\u00bb.\u00a0<\/p>\n<p>\t\t\t\t\t\t\t\t\t\u00a0<\/p>\n<p>C\u2019est un porte-parole de la Maison Blanche qui a confirm\u00e9 cette information ajoutant que cette mesure \u00ab\u00a0commence aujourd&rsquo;hui\u00a0\u00bb.<\/p>\n<p>Toutefois, le pr\u00e9sident am\u00e9ricain Joe Biden a jug\u00e9 jeudi qu&rsquo;il n&rsquo;y avait \u00ab\u00a0aucune possibilit\u00e9\u00a0\u00bb de cessez-le-feu \u00e0 Gaza.<\/p>\n<p>Isra\u00ebl bombarde sans rel\u00e2che l\u2019enclave palestinienne depuis l\u2019attaque du Hamas, le 7 octobre, poussant des dizaines de milliers de civils vers le sud du territoire assi\u00e9g\u00e9.<\/p>\n","protected":false},"excerpt":{"rendered":"<p>L\u2019Etat h\u00e9breu a annonc\u00e9 qu\u2019il  va commencer \u00e0 faire chaque jour des pauses de quatre heures dans certaines zones du nord de la bande de Gaza, qui seront annonc\u00e9&#8230;<\/p>\n","protected":false},"author":3175,"featured_media":248830,"comment_status":"open","ping_status":"closed","sticky":false,"template":"","format":"standard","meta":{"footnotes":""},"categories":[2598],"tags":[2689,2636,7595],"class_list":["post-210010","post","type-post","status-publish","format-standard","has-post-thumbnail","hentry","category-international","tag-gaza","tag-israel","tag-pause"],"yoast_head":"<!-- This site is optimized with the Yoast SEO Premium plugin v27.4 (Yoast SEO v27.5) - https:\/\/yoast.com\/product\/yoast-seo-premium-wordpress\/ -->\n<title>Isra\u00ebl va faire des \u00ab pauses \u00bb quotidiennes de quatre heures dans le nord de Gaza<\/title>\n<meta name=\"description\" content=\"L\u2019Etat h\u00e9breu a annonc\u00e9 qu\u2019il va commencer \u00e0 faire chaque jour des pauses de quatre heures dans certaines zones du nord de la bande de Gaza, qui seront annonc\u00e9...\" \/>\n<link rel=\"canonical\" href=\"https:\/\/www.webdo.tn\/fr\/actualite\/international\/israel-va-faire-des-pauses-quotidiennes-de-quatre-heures-dans-le-nord-de-gaza\/210010\/\" \/>\n<meta property=\"og:locale\" content=\"fr_FR\" \/>\n<meta property=\"og:type\" content=\"article\" \/>\n<meta property=\"og:title\" content=\"Isra\u00ebl va faire des \u00ab pauses \u00bb quotidiennes de quatre heures dans le nord de Gaza\" \/>\n<meta property=\"og:description\" content=\"L\u2019Etat h\u00e9breu a annonc\u00e9 qu\u2019il va commencer \u00e0 faire chaque jour des pauses de quatre heures dans certaines zones du nord de la bande de Gaza, qui seront annonc\u00e9...\" \/>\n<meta property=\"og:url\" content=\"https:\/\/www.webdo.tn\/fr\/actualite\/international\/israel-va-faire-des-pauses-quotidiennes-de-quatre-heures-dans-le-nord-de-gaza\/210010\/\" \/>\n<meta property=\"og:site_name\" content=\"webdo\" \/>\n<meta property=\"article:publisher\" content=\"https:\/\/www.facebook.com\/webdotn\" \/>\n<meta property=\"article:published_time\" content=\"2023-11-09T18:38:00+00:00\" \/>\n<meta property=\"article:modified_time\" content=\"2025-05-20T22:39:39+00:00\" \/>\n<meta property=\"og:image\" content=\"https:\/\/www.webdo.tn\/fr\/wp-content\/uploads\/2023\/11\/c48af4f42dfcd5153cb02a6a8731d087.jpg\" \/>\n\t<meta property=\"og:image:width\" content=\"640\" \/>\n\t<meta property=\"og:image:height\" content=\"341\" \/>\n\t<meta property=\"og:image:type\" content=\"image\/jpeg\" \/>\n<meta name=\"author\" content=\"CL\" \/>\n<meta name=\"twitter:card\" content=\"summary_large_image\" \/>\n<meta name=\"twitter:creator\" content=\"@webdo_tn\" \/>\n<meta name=\"twitter:site\" content=\"@webdo_tn\" \/>\n<meta name=\"twitter:label1\" content=\"\u00c9crit par\" \/>\n\t<meta name=\"twitter:data1\" content=\"CL\" \/>\n\t<meta name=\"twitter:label2\" content=\"Dur\u00e9e de lecture estim\u00e9e\" \/>\n\t<meta name=\"twitter:data2\" content=\"1 minute\" \/>\n<script type=\"application\/ld+json\" class=\"yoast-schema-graph\">{\"@context\":\"https:\\\/\\\/schema.org\",\"@graph\":[{\"@type\":\"NewsArticle\",\"@id\":\"https:\\\/\\\/www.webdo.tn\\\/fr\\\/actualite\\\/international\\\/israel-va-faire-des-pauses-quotidiennes-de-quatre-heures-dans-le-nord-de-gaza\\\/210010\\\/#article\",\"isPartOf\":{\"@id\":\"https:\\\/\\\/www.webdo.tn\\\/fr\\\/actualite\\\/international\\\/israel-va-faire-des-pauses-quotidiennes-de-quatre-heures-dans-le-nord-de-gaza\\\/210010\\\/\"},\"author\":{\"name\":\"CL\",\"@id\":\"https:\\\/\\\/www.webdo.tn\\\/fr\\\/#\\\/schema\\\/person\\\/f35b42a42c5e2511bbd282959d6385cc\"},\"headline\":\"Isra\u00ebl va faire des \u00ab pauses \u00bb quotidiennes de quatre heures dans le nord de Gaza\",\"datePublished\":\"2023-11-09T18:38:00+00:00\",\"dateModified\":\"2025-05-20T22:39:39+00:00\",\"mainEntityOfPage\":{\"@id\":\"https:\\\/\\\/www.webdo.tn\\\/fr\\\/actualite\\\/international\\\/israel-va-faire-des-pauses-quotidiennes-de-quatre-heures-dans-le-nord-de-gaza\\\/210010\\\/\"},\"wordCount\":122,\"commentCount\":0,\"publisher\":{\"@id\":\"https:\\\/\\\/www.webdo.tn\\\/fr\\\/#organization\"},\"image\":{\"@id\":\"https:\\\/\\\/www.webdo.tn\\\/fr\\\/actualite\\\/international\\\/israel-va-faire-des-pauses-quotidiennes-de-quatre-heures-dans-le-nord-de-gaza\\\/210010\\\/#primaryimage\"},\"thumbnailUrl\":\"https:\\\/\\\/www.webdo.tn\\\/fr\\\/wp-content\\\/uploads\\\/2023\\\/11\\\/c48af4f42dfcd5153cb02a6a8731d087.jpg\",\"keywords\":[\"Gaza\",\"isra\u00ebl\",\"Pause\"],\"articleSection\":[\"International\"],\"inLanguage\":\"fr-FR\"},{\"@type\":\"WebPage\",\"@id\":\"https:\\\/\\\/www.webdo.tn\\\/fr\\\/actualite\\\/international\\\/israel-va-faire-des-pauses-quotidiennes-de-quatre-heures-dans-le-nord-de-gaza\\\/210010\\\/\",\"url\":\"https:\\\/\\\/www.webdo.tn\\\/fr\\\/actualite\\\/international\\\/israel-va-faire-des-pauses-quotidiennes-de-quatre-heures-dans-le-nord-de-gaza\\\/210010\\\/\",\"name\":\"Isra\u00ebl va faire des \u00ab pauses \u00bb quotidiennes de quatre heures dans le nord de Gaza\",\"isPartOf\":{\"@id\":\"https:\\\/\\\/www.webdo.tn\\\/fr\\\/#website\"},\"primaryImageOfPage\":{\"@id\":\"https:\\\/\\\/www.webdo.tn\\\/fr\\\/actualite\\\/international\\\/israel-va-faire-des-pauses-quotidiennes-de-quatre-heures-dans-le-nord-de-gaza\\\/210010\\\/#primaryimage\"},\"image\":{\"@id\":\"https:\\\/\\\/www.webdo.tn\\\/fr\\\/actualite\\\/international\\\/israel-va-faire-des-pauses-quotidiennes-de-quatre-heures-dans-le-nord-de-gaza\\\/210010\\\/#primaryimage\"},\"thumbnailUrl\":\"https:\\\/\\\/www.webdo.tn\\\/fr\\\/wp-content\\\/uploads\\\/2023\\\/11\\\/c48af4f42dfcd5153cb02a6a8731d087.jpg\",\"datePublished\":\"2023-11-09T18:38:00+00:00\",\"dateModified\":\"2025-05-20T22:39:39+00:00\",\"description\":\"L\u2019Etat h\u00e9breu a annonc\u00e9 qu\u2019il va commencer \u00e0 faire chaque jour des pauses de quatre heures dans certaines zones du nord de la bande de Gaza, qui seront annonc\u00e9...\",\"breadcrumb\":{\"@id\":\"https:\\\/\\\/www.webdo.tn\\\/fr\\\/actualite\\\/international\\\/israel-va-faire-des-pauses-quotidiennes-de-quatre-heures-dans-le-nord-de-gaza\\\/210010\\\/#breadcrumb\"},\"inLanguage\":\"fr-FR\",\"potentialAction\":[{\"@type\":\"ReadAction\",\"target\":[\"https:\\\/\\\/www.webdo.tn\\\/fr\\\/actualite\\\/international\\\/israel-va-faire-des-pauses-quotidiennes-de-quatre-heures-dans-le-nord-de-gaza\\\/210010\\\/\"]}]},{\"@type\":\"ImageObject\",\"inLanguage\":\"fr-FR\",\"@id\":\"https:\\\/\\\/www.webdo.tn\\\/fr\\\/actualite\\\/international\\\/israel-va-faire-des-pauses-quotidiennes-de-quatre-heures-dans-le-nord-de-gaza\\\/210010\\\/#primaryimage\",\"url\":\"https:\\\/\\\/www.webdo.tn\\\/fr\\\/wp-content\\\/uploads\\\/2023\\\/11\\\/c48af4f42dfcd5153cb02a6a8731d087.jpg\",\"contentUrl\":\"https:\\\/\\\/www.webdo.tn\\\/fr\\\/wp-content\\\/uploads\\\/2023\\\/11\\\/c48af4f42dfcd5153cb02a6a8731d087.jpg\",\"width\":640,\"height\":341,\"caption\":\"Isra\u00ebl va faire des \u00ab pauses \u00bb quotidiennes de quatre heures dans le nord de Gaza\"},{\"@type\":\"BreadcrumbList\",\"@id\":\"https:\\\/\\\/www.webdo.tn\\\/fr\\\/actualite\\\/international\\\/israel-va-faire-des-pauses-quotidiennes-de-quatre-heures-dans-le-nord-de-gaza\\\/210010\\\/#breadcrumb\",\"itemListElement\":[{\"@type\":\"ListItem\",\"position\":1,\"name\":\"Accueil\",\"item\":\"https:\\\/\\\/www.webdo.tn\\\/fr\\\/\"},{\"@type\":\"ListItem\",\"position\":2,\"name\":\"Isra\u00ebl va faire des \u00ab pauses \u00bb quotidiennes de quatre heures dans le nord de Gaza\"}]},{\"@type\":\"WebSite\",\"@id\":\"https:\\\/\\\/www.webdo.tn\\\/fr\\\/#website\",\"url\":\"https:\\\/\\\/www.webdo.tn\\\/fr\\\/\",\"name\":\"webdo\",\"description\":\"Tunisie - News en Tunisie et \u00e0 l&#039;international sur Webdo.tn\",\"publisher\":{\"@id\":\"https:\\\/\\\/www.webdo.tn\\\/fr\\\/#organization\"},\"potentialAction\":[{\"@type\":\"SearchAction\",\"target\":{\"@type\":\"EntryPoint\",\"urlTemplate\":\"https:\\\/\\\/www.webdo.tn\\\/fr\\\/?s={search_term_string}\"},\"query-input\":{\"@type\":\"PropertyValueSpecification\",\"valueRequired\":true,\"valueName\":\"search_term_string\"}}],\"inLanguage\":\"fr-FR\"},{\"@type\":\"Organization\",\"@id\":\"https:\\\/\\\/www.webdo.tn\\\/fr\\\/#organization\",\"name\":\"Webdo\",\"alternateName\":\"Webdo.tn\",\"url\":\"https:\\\/\\\/www.webdo.tn\\\/fr\\\/\",\"logo\":{\"@type\":\"ImageObject\",\"inLanguage\":\"fr-FR\",\"@id\":\"https:\\\/\\\/www.webdo.tn\\\/fr\\\/#\\\/schema\\\/logo\\\/image\\\/\",\"url\":\"https:\\\/\\\/www.webdo.tn\\\/fr\\\/wp-content\\\/uploads\\\/2025\\\/06\\\/Webdo-Tunisie_168377.jpg\",\"contentUrl\":\"https:\\\/\\\/www.webdo.tn\\\/fr\\\/wp-content\\\/uploads\\\/2025\\\/06\\\/Webdo-Tunisie_168377.jpg\",\"width\":301,\"height\":301,\"caption\":\"Webdo\"},\"image\":{\"@id\":\"https:\\\/\\\/www.webdo.tn\\\/fr\\\/#\\\/schema\\\/logo\\\/image\\\/\"},\"sameAs\":[\"https:\\\/\\\/www.facebook.com\\\/webdotn\",\"https:\\\/\\\/x.com\\\/webdo_tn\"],\"description\":\"Webdo est un m\u00e9dia num\u00e9rique tunisien fond\u00e9 en 2010, sp\u00e9cialis\u00e9 dans l\u2019actualit\u00e9 nationale et internationale, l\u2019\u00e9conomie, la soci\u00e9t\u00e9 et les analyses politiques. Le site s\u2019adresse \u00e0 un large public francophone et couvre l\u2019information tunisienne en temps r\u00e9el.\",\"email\":\"redac@webdo.tn\",\"legalName\":\"YNJ SARL\",\"foundingDate\":\"2010-09-06\",\"numberOfEmployees\":{\"@type\":\"QuantitativeValue\",\"minValue\":\"11\",\"maxValue\":\"50\"}},{\"@type\":\"Person\",\"@id\":\"https:\\\/\\\/www.webdo.tn\\\/fr\\\/#\\\/schema\\\/person\\\/f35b42a42c5e2511bbd282959d6385cc\",\"name\":\"CL\",\"image\":{\"@type\":\"ImageObject\",\"inLanguage\":\"fr-FR\",\"@id\":\"https:\\\/\\\/secure.gravatar.com\\\/avatar\\\/1447a49909b67aa657c488aec6512e1dd6143a480c1ecfee9b5b5cd74eb3b59e?s=96&d=mm&r=g\",\"url\":\"https:\\\/\\\/secure.gravatar.com\\\/avatar\\\/1447a49909b67aa657c488aec6512e1dd6143a480c1ecfee9b5b5cd74eb3b59e?s=96&d=mm&r=g\",\"contentUrl\":\"https:\\\/\\\/secure.gravatar.com\\\/avatar\\\/1447a49909b67aa657c488aec6512e1dd6143a480c1ecfee9b5b5cd74eb3b59e?s=96&d=mm&r=g\",\"caption\":\"CL\"},\"url\":\"https:\\\/\\\/www.webdo.tn\\\/fr\\\/actualite\\\/author\\\/cl\\\/\"}]}<\/script>\n<!-- \/ Yoast SEO Premium plugin. -->","yoast_head_json":{"title":"Isra\u00ebl va faire des \u00ab pauses \u00bb quotidiennes de quatre heures dans le nord de Gaza","description":"L\u2019Etat h\u00e9breu a annonc\u00e9 qu\u2019il va commencer \u00e0 faire chaque jour des pauses de quatre heures dans certaines zones du nord de la bande de Gaza, qui seront annonc\u00e9...","canonical":"https:\/\/www.webdo.tn\/fr\/actualite\/international\/israel-va-faire-des-pauses-quotidiennes-de-quatre-heures-dans-le-nord-de-gaza\/210010\/","og_locale":"fr_FR","og_type":"article","og_title":"Isra\u00ebl va faire des \u00ab pauses \u00bb quotidiennes de quatre heures dans le nord de Gaza","og_description":"L\u2019Etat h\u00e9breu a annonc\u00e9 qu\u2019il va commencer \u00e0 faire chaque jour des pauses de quatre heures dans certaines zones du nord de la bande de Gaza, qui seront annonc\u00e9...","og_url":"https:\/\/www.webdo.tn\/fr\/actualite\/international\/israel-va-faire-des-pauses-quotidiennes-de-quatre-heures-dans-le-nord-de-gaza\/210010\/","og_site_name":"webdo","article_publisher":"https:\/\/www.facebook.com\/webdotn","article_published_time":"2023-11-09T18:38:00+00:00","article_modified_time":"2025-05-20T22:39:39+00:00","og_image":[{"width":640,"height":341,"url":"https:\/\/www.webdo.tn\/fr\/wp-content\/uploads\/2023\/11\/c48af4f42dfcd5153cb02a6a8731d087.jpg","type":"image\/jpeg"}],"author":"CL","twitter_card":"summary_large_image","twitter_creator":"@webdo_tn","twitter_site":"@webdo_tn","twitter_misc":{"\u00c9crit par":"CL","Dur\u00e9e de lecture estim\u00e9e":"1 minute"},"schema":{"@context":"https:\/\/schema.org","@graph":[{"@type":"NewsArticle","@id":"https:\/\/www.webdo.tn\/fr\/actualite\/international\/israel-va-faire-des-pauses-quotidiennes-de-quatre-heures-dans-le-nord-de-gaza\/210010\/#article","isPartOf":{"@id":"https:\/\/www.webdo.tn\/fr\/actualite\/international\/israel-va-faire-des-pauses-quotidiennes-de-quatre-heures-dans-le-nord-de-gaza\/210010\/"},"author":{"name":"CL","@id":"https:\/\/www.webdo.tn\/fr\/#\/schema\/person\/f35b42a42c5e2511bbd282959d6385cc"},"headline":"Isra\u00ebl va faire des \u00ab pauses \u00bb quotidiennes de quatre heures dans le nord de Gaza","datePublished":"2023-11-09T18:38:00+00:00","dateModified":"2025-05-20T22:39:39+00:00","mainEntityOfPage":{"@id":"https:\/\/www.webdo.tn\/fr\/actualite\/international\/israel-va-faire-des-pauses-quotidiennes-de-quatre-heures-dans-le-nord-de-gaza\/210010\/"},"wordCount":122,"commentCount":0,"publisher":{"@id":"https:\/\/www.webdo.tn\/fr\/#organization"},"image":{"@id":"https:\/\/www.webdo.tn\/fr\/actualite\/international\/israel-va-faire-des-pauses-quotidiennes-de-quatre-heures-dans-le-nord-de-gaza\/210010\/#primaryimage"},"thumbnailUrl":"https:\/\/www.webdo.tn\/fr\/wp-content\/uploads\/2023\/11\/c48af4f42dfcd5153cb02a6a8731d087.jpg","keywords":["Gaza","isra\u00ebl","Pause"],"articleSection":["International"],"inLanguage":"fr-FR"},{"@type":"WebPage","@id":"https:\/\/www.webdo.tn\/fr\/actualite\/international\/israel-va-faire-des-pauses-quotidiennes-de-quatre-heures-dans-le-nord-de-gaza\/210010\/","url":"https:\/\/www.webdo.tn\/fr\/actualite\/international\/israel-va-faire-des-pauses-quotidiennes-de-quatre-heures-dans-le-nord-de-gaza\/210010\/","name":"Isra\u00ebl va faire des \u00ab pauses \u00bb quotidiennes de quatre heures dans le nord de Gaza","isPartOf":{"@id":"https:\/\/www.webdo.tn\/fr\/#website"},"primaryImageOfPage":{"@id":"https:\/\/www.webdo.tn\/fr\/actualite\/international\/israel-va-faire-des-pauses-quotidiennes-de-quatre-heures-dans-le-nord-de-gaza\/210010\/#primaryimage"},"image":{"@id":"https:\/\/www.webdo.tn\/fr\/actualite\/international\/israel-va-faire-des-pauses-quotidiennes-de-quatre-heures-dans-le-nord-de-gaza\/210010\/#primaryimage"},"thumbnailUrl":"https:\/\/www.webdo.tn\/fr\/wp-content\/uploads\/2023\/11\/c48af4f42dfcd5153cb02a6a8731d087.jpg","datePublished":"2023-11-09T18:38:00+00:00","dateModified":"2025-05-20T22:39:39+00:00","description":"L\u2019Etat h\u00e9breu a annonc\u00e9 qu\u2019il va commencer \u00e0 faire chaque jour des pauses de quatre heures dans certaines zones du nord de la bande de Gaza, qui seront annonc\u00e9...","breadcrumb":{"@id":"https:\/\/www.webdo.tn\/fr\/actualite\/international\/israel-va-faire-des-pauses-quotidiennes-de-quatre-heures-dans-le-nord-de-gaza\/210010\/#breadcrumb"},"inLanguage":"fr-FR","potentialAction":[{"@type":"ReadAction","target":["https:\/\/www.webdo.tn\/fr\/actualite\/international\/israel-va-faire-des-pauses-quotidiennes-de-quatre-heures-dans-le-nord-de-gaza\/210010\/"]}]},{"@type":"ImageObject","inLanguage":"fr-FR","@id":"https:\/\/www.webdo.tn\/fr\/actualite\/international\/israel-va-faire-des-pauses-quotidiennes-de-quatre-heures-dans-le-nord-de-gaza\/210010\/#primaryimage","url":"https:\/\/www.webdo.tn\/fr\/wp-content\/uploads\/2023\/11\/c48af4f42dfcd5153cb02a6a8731d087.jpg","contentUrl":"https:\/\/www.webdo.tn\/fr\/wp-content\/uploads\/2023\/11\/c48af4f42dfcd5153cb02a6a8731d087.jpg","width":640,"height":341,"caption":"Isra\u00ebl va faire des \u00ab pauses \u00bb quotidiennes de quatre heures dans le nord de Gaza"},{"@type":"BreadcrumbList","@id":"https:\/\/www.webdo.tn\/fr\/actualite\/international\/israel-va-faire-des-pauses-quotidiennes-de-quatre-heures-dans-le-nord-de-gaza\/210010\/#breadcrumb","itemListElement":[{"@type":"ListItem","position":1,"name":"Accueil","item":"https:\/\/www.webdo.tn\/fr\/"},{"@type":"ListItem","position":2,"name":"Isra\u00ebl va faire des \u00ab pauses \u00bb quotidiennes de quatre heures dans le nord de Gaza"}]},{"@type":"WebSite","@id":"https:\/\/www.webdo.tn\/fr\/#website","url":"https:\/\/www.webdo.tn\/fr\/","name":"webdo","description":"Tunisie - News en Tunisie et \u00e0 l&#039;international sur Webdo.tn","publisher":{"@id":"https:\/\/www.webdo.tn\/fr\/#organization"},"potentialAction":[{"@type":"SearchAction","target":{"@type":"EntryPoint","urlTemplate":"https:\/\/www.webdo.tn\/fr\/?s={search_term_string}"},"query-input":{"@type":"PropertyValueSpecification","valueRequired":true,"valueName":"search_term_string"}}],"inLanguage":"fr-FR"},{"@type":"Organization","@id":"https:\/\/www.webdo.tn\/fr\/#organization","name":"Webdo","alternateName":"Webdo.tn","url":"https:\/\/www.webdo.tn\/fr\/","logo":{"@type":"ImageObject","inLanguage":"fr-FR","@id":"https:\/\/www.webdo.tn\/fr\/#\/schema\/logo\/image\/","url":"https:\/\/www.webdo.tn\/fr\/wp-content\/uploads\/2025\/06\/Webdo-Tunisie_168377.jpg","contentUrl":"https:\/\/www.webdo.tn\/fr\/wp-content\/uploads\/2025\/06\/Webdo-Tunisie_168377.jpg","width":301,"height":301,"caption":"Webdo"},"image":{"@id":"https:\/\/www.webdo.tn\/fr\/#\/schema\/logo\/image\/"},"sameAs":["https:\/\/www.facebook.com\/webdotn","https:\/\/x.com\/webdo_tn"],"description":"Webdo est un m\u00e9dia num\u00e9rique tunisien fond\u00e9 en 2010, sp\u00e9cialis\u00e9 dans l\u2019actualit\u00e9 nationale et internationale, l\u2019\u00e9conomie, la soci\u00e9t\u00e9 et les analyses politiques. Le site s\u2019adresse \u00e0 un large public francophone et couvre l\u2019information tunisienne en temps r\u00e9el.","email":"redac@webdo.tn","legalName":"YNJ SARL","foundingDate":"2010-09-06","numberOfEmployees":{"@type":"QuantitativeValue","minValue":"11","maxValue":"50"}},{"@type":"Person","@id":"https:\/\/www.webdo.tn\/fr\/#\/schema\/person\/f35b42a42c5e2511bbd282959d6385cc","name":"CL","image":{"@type":"ImageObject","inLanguage":"fr-FR","@id":"https:\/\/secure.gravatar.com\/avatar\/1447a49909b67aa657c488aec6512e1dd6143a480c1ecfee9b5b5cd74eb3b59e?s=96&d=mm&r=g","url":"https:\/\/secure.gravatar.com\/avatar\/1447a49909b67aa657c488aec6512e1dd6143a480c1ecfee9b5b5cd74eb3b59e?s=96&d=mm&r=g","contentUrl":"https:\/\/secure.gravatar.com\/avatar\/1447a49909b67aa657c488aec6512e1dd6143a480c1ecfee9b5b5cd74eb3b59e?s=96&d=mm&r=g","caption":"CL"},"url":"https:\/\/www.webdo.tn\/fr\/actualite\/author\/cl\/"}]}},"_links":{"self":[{"href":"https:\/\/www.webdo.tn\/fr\/wp-json\/wp\/v2\/posts\/210010","targetHints":{"allow":["GET"]}}],"collection":[{"href":"https:\/\/www.webdo.tn\/fr\/wp-json\/wp\/v2\/posts"}],"about":[{"href":"https:\/\/www.webdo.tn\/fr\/wp-json\/wp\/v2\/types\/post"}],"author":[{"embeddable":true,"href":"https:\/\/www.webdo.tn\/fr\/wp-json\/wp\/v2\/users\/3175"}],"replies":[{"embeddable":true,"href":"https:\/\/www.webdo.tn\/fr\/wp-json\/wp\/v2\/comments?post=210010"}],"version-history":[{"count":0,"href":"https:\/\/www.webdo.tn\/fr\/wp-json\/wp\/v2\/posts\/210010\/revisions"}],"wp:featuredmedia":[{"embeddable":true,"href":"https:\/\/www.webdo.tn\/fr\/wp-json\/wp\/v2\/media\/248830"}],"wp:attachment":[{"href":"https:\/\/www.webdo.tn\/fr\/wp-json\/wp\/v2\/media?parent=210010"}],"wp:term":[{"taxonomy":"category","embeddable":true,"href":"https:\/\/www.webdo.tn\/fr\/wp-json\/wp\/v2\/categories?post=210010"},{"taxonomy":"post_tag","embeddable":true,"href":"https:\/\/www.webdo.tn\/fr\/wp-json\/wp\/v2\/tags?post=210010"}],"curies":[{"name":"wp","href":"https:\/\/api.w.org\/{rel}","templated":true}]}}