{"id":210004,"date":"2023-11-09T14:11:00","date_gmt":"2023-11-09T14:11:00","guid":{"rendered":"https:\/\/www.webdo.tn\/fr\/blog\/tunisie-le-deficit-courant-a-4-du-pib-contre-8-7-en-2022\/210004\/"},"modified":"2025-05-20T21:55:54","modified_gmt":"2025-05-20T21:55:54","slug":"tunisie-le-deficit-courant-a-4-du-pib-contre-8-7-en-2022","status":"publish","type":"post","link":"https:\/\/www.webdo.tn\/fr\/actualite\/national\/tunisie-le-deficit-courant-a-4-du-pib-contre-8-7-en-2022\/210004\/","title":{"rendered":"Tunisie : Le d\u00e9ficit courant \u00e0 4% du PIB contre 8,7% en 2022"},"content":{"rendered":"<p>Le d\u00e9ficit courant se situerait autour de 4% du PIB pour toute l\u2019ann\u00e9e 2023, contre 8,7% du PIB en 2022, c\u2019est ce qui ressort des donn\u00e9es publi\u00e9es, ce jeudi 9 novembre 2023 par la Banque Centrale de Tunisie.<\/p>\n<p>\t\t\t\t\t\t\t\t\tD\u2019apr\u00e8s cette note sur les \u00e9volutions \u00e9conomiques et mon\u00e9taires, le d\u00e9ficit commercial s\u2019est contract\u00e9 de 17 \u00e0 11,5 milliards de dinars (ou 11,8% du PIB), entre les 9 premiers mois de 2022 et de 2023.<\/p>\n<p>Avec la consolidation de la balance des services, le d\u00e9ficit de la balance des op\u00e9rations courantes a \u00e9t\u00e9 att\u00e9nu\u00e9, a expliqu\u00e9 la BCT.<\/p>\n<p>Pour rappel, le d\u00e9ficit courant s\u2019est \u00e9tabli \u00e0 3,4 milliards de dinars (2,2% du PIB) \u00e0 fin septembre 2023, contre 10,3 milliards de dinars (7,2% du PIB) en septembre 2022.<\/p>\n<p>Il convient de noter que la consolidation de la balance des services r\u00e9sulte de la reprise des recettes touristiques totalisant 1,879 milliard de dollars am\u00e9ricains, \u00e0 fin septembre 2023, contre 1,313 milliard de dollars, un an auparavant, d\u00e9passant ainsi, les performances de 2019 (1,775 milliard de dollars).<\/p>\n<p>Les flux des revenus du travail ont cumul\u00e9 1,850 milliard de dollars, en septembre 2023, contre 1,786 milliard de dollars, en septembre 2022.<\/p>\n<p>Tout cela a eu pour effet de consolider les r\u00e9serves de change, qui se sont \u00e9lev\u00e9es \u00e0 26,7 milliards de dinars (119 jours d\u2019importation), \u00e0 fin septembre 2023 contre 22,9 milliards de dinars (100 jours), \u00e0 fin 2022.<\/p>\n<p>\u00ab\u00a0Hors \u00e9nergie, la balance courante a enregistr\u00e9 un exc\u00e9dent historique de +4,1 milliards de dinars (+2,6% du PIB) \u00e0 fin septembre 2023, contre un d\u00e9ficit de 3,3 milliards de dinars (2,3% du PIB), durant la m\u00eame p\u00e9riode de l\u2019ann\u00e9e \u00e9coul\u00e9e \u00ab\u00a0, souligne la BCT.<\/p>\n","protected":false},"excerpt":{"rendered":"<p>Le d\u00e9ficit commercial s\u2019est contract\u00e9 de 17 \u00e0 11,5 milliards de dinars (ou 11,8% du PIB), entre les 9 premiers mois de 2022 et de 2023.<\/p>\n","protected":false},"author":3162,"featured_media":248825,"comment_status":"open","ping_status":"closed","sticky":false,"template":"","format":"standard","meta":{"footnotes":""},"categories":[44],"tags":[2807,4118,4004],"class_list":["post-210004","post","type-post","status-publish","format-standard","has-post-thumbnail","hentry","category-national","tag-bct","tag-deficit-courant","tag-pib"],"yoast_head":"<!-- This site is optimized with the Yoast SEO Premium plugin v27.5 (Yoast SEO v27.5) - https:\/\/yoast.com\/product\/yoast-seo-premium-wordpress\/ -->\n<title>Tunisie : Le d\u00e9ficit courant \u00e0 4% du PIB contre 8,7% en 2022<\/title>\n<meta name=\"description\" content=\"Le d\u00e9ficit commercial s\u2019est contract\u00e9 de 17 \u00e0 11,5 milliards de dinars (ou 11,8% du PIB), entre les 9 premiers mois de 2022 et de 2023.\" \/>\n<link rel=\"canonical\" href=\"https:\/\/www.webdo.tn\/fr\/actualite\/national\/tunisie-le-deficit-courant-a-4-du-pib-contre-8-7-en-2022\/210004\/\" \/>\n<meta property=\"og:locale\" content=\"fr_FR\" \/>\n<meta property=\"og:type\" content=\"article\" \/>\n<meta property=\"og:title\" content=\"Tunisie : Le d\u00e9ficit courant \u00e0 4% du PIB contre 8,7% en 2022\" \/>\n<meta property=\"og:description\" content=\"Le d\u00e9ficit commercial s\u2019est contract\u00e9 de 17 \u00e0 11,5 milliards de dinars (ou 11,8% du PIB), entre les 9 premiers mois de 2022 et de 2023.\" \/>\n<meta property=\"og:url\" content=\"https:\/\/www.webdo.tn\/fr\/actualite\/national\/tunisie-le-deficit-courant-a-4-du-pib-contre-8-7-en-2022\/210004\/\" \/>\n<meta property=\"og:site_name\" content=\"webdo\" \/>\n<meta property=\"article:publisher\" content=\"https:\/\/www.facebook.com\/webdotn\" \/>\n<meta property=\"article:published_time\" content=\"2023-11-09T14:11:00+00:00\" \/>\n<meta property=\"article:modified_time\" content=\"2025-05-20T21:55:54+00:00\" \/>\n<meta property=\"og:image\" content=\"https:\/\/www.webdo.tn\/fr\/wp-content\/uploads\/2023\/11\/85149c5310428d4085aa4e30909c0bc6.jpg\" \/>\n\t<meta property=\"og:image:width\" content=\"750\" \/>\n\t<meta property=\"og:image:height\" content=\"400\" \/>\n\t<meta property=\"og:image:type\" content=\"image\/jpeg\" \/>\n<meta name=\"author\" content=\"MC\" \/>\n<meta name=\"twitter:card\" content=\"summary_large_image\" \/>\n<meta name=\"twitter:creator\" content=\"@webdo_tn\" \/>\n<meta name=\"twitter:site\" content=\"@webdo_tn\" \/>\n<meta name=\"twitter:label1\" content=\"\u00c9crit par\" \/>\n\t<meta name=\"twitter:data1\" content=\"MC\" \/>\n\t<meta name=\"twitter:label2\" content=\"Dur\u00e9e de lecture estim\u00e9e\" \/>\n\t<meta name=\"twitter:data2\" content=\"1 minute\" \/>\n<script type=\"application\/ld+json\" class=\"yoast-schema-graph\">{\"@context\":\"https:\\\/\\\/schema.org\",\"@graph\":[{\"@type\":\"NewsArticle\",\"@id\":\"https:\\\/\\\/www.webdo.tn\\\/fr\\\/actualite\\\/national\\\/tunisie-le-deficit-courant-a-4-du-pib-contre-8-7-en-2022\\\/210004\\\/#article\",\"isPartOf\":{\"@id\":\"https:\\\/\\\/www.webdo.tn\\\/fr\\\/actualite\\\/national\\\/tunisie-le-deficit-courant-a-4-du-pib-contre-8-7-en-2022\\\/210004\\\/\"},\"author\":{\"name\":\"MC\",\"@id\":\"https:\\\/\\\/www.webdo.tn\\\/fr\\\/#\\\/schema\\\/person\\\/2c4929cbf5a809e3bd38617c6ce150f6\"},\"headline\":\"Tunisie : Le d\u00e9ficit courant \u00e0 4% du PIB contre 8,7% en 2022\",\"datePublished\":\"2023-11-09T14:11:00+00:00\",\"dateModified\":\"2025-05-20T21:55:54+00:00\",\"mainEntityOfPage\":{\"@id\":\"https:\\\/\\\/www.webdo.tn\\\/fr\\\/actualite\\\/national\\\/tunisie-le-deficit-courant-a-4-du-pib-contre-8-7-en-2022\\\/210004\\\/\"},\"wordCount\":269,\"commentCount\":0,\"publisher\":{\"@id\":\"https:\\\/\\\/www.webdo.tn\\\/fr\\\/#organization\"},\"image\":{\"@id\":\"https:\\\/\\\/www.webdo.tn\\\/fr\\\/actualite\\\/national\\\/tunisie-le-deficit-courant-a-4-du-pib-contre-8-7-en-2022\\\/210004\\\/#primaryimage\"},\"thumbnailUrl\":\"https:\\\/\\\/www.webdo.tn\\\/fr\\\/wp-content\\\/uploads\\\/2023\\\/11\\\/85149c5310428d4085aa4e30909c0bc6.jpg\",\"keywords\":[\"BCT\",\"d\u00e9ficit courant\",\"PIB\"],\"articleSection\":[\"National\"],\"inLanguage\":\"fr-FR\"},{\"@type\":\"WebPage\",\"@id\":\"https:\\\/\\\/www.webdo.tn\\\/fr\\\/actualite\\\/national\\\/tunisie-le-deficit-courant-a-4-du-pib-contre-8-7-en-2022\\\/210004\\\/\",\"url\":\"https:\\\/\\\/www.webdo.tn\\\/fr\\\/actualite\\\/national\\\/tunisie-le-deficit-courant-a-4-du-pib-contre-8-7-en-2022\\\/210004\\\/\",\"name\":\"Tunisie : Le d\u00e9ficit courant \u00e0 4% du PIB contre 8,7% en 2022\",\"isPartOf\":{\"@id\":\"https:\\\/\\\/www.webdo.tn\\\/fr\\\/#website\"},\"primaryImageOfPage\":{\"@id\":\"https:\\\/\\\/www.webdo.tn\\\/fr\\\/actualite\\\/national\\\/tunisie-le-deficit-courant-a-4-du-pib-contre-8-7-en-2022\\\/210004\\\/#primaryimage\"},\"image\":{\"@id\":\"https:\\\/\\\/www.webdo.tn\\\/fr\\\/actualite\\\/national\\\/tunisie-le-deficit-courant-a-4-du-pib-contre-8-7-en-2022\\\/210004\\\/#primaryimage\"},\"thumbnailUrl\":\"https:\\\/\\\/www.webdo.tn\\\/fr\\\/wp-content\\\/uploads\\\/2023\\\/11\\\/85149c5310428d4085aa4e30909c0bc6.jpg\",\"datePublished\":\"2023-11-09T14:11:00+00:00\",\"dateModified\":\"2025-05-20T21:55:54+00:00\",\"description\":\"Le d\u00e9ficit commercial s\u2019est contract\u00e9 de 17 \u00e0 11,5 milliards de dinars (ou 11,8% du PIB), entre les 9 premiers mois de 2022 et de 2023.\",\"breadcrumb\":{\"@id\":\"https:\\\/\\\/www.webdo.tn\\\/fr\\\/actualite\\\/national\\\/tunisie-le-deficit-courant-a-4-du-pib-contre-8-7-en-2022\\\/210004\\\/#breadcrumb\"},\"inLanguage\":\"fr-FR\",\"potentialAction\":[{\"@type\":\"ReadAction\",\"target\":[\"https:\\\/\\\/www.webdo.tn\\\/fr\\\/actualite\\\/national\\\/tunisie-le-deficit-courant-a-4-du-pib-contre-8-7-en-2022\\\/210004\\\/\"]}]},{\"@type\":\"ImageObject\",\"inLanguage\":\"fr-FR\",\"@id\":\"https:\\\/\\\/www.webdo.tn\\\/fr\\\/actualite\\\/national\\\/tunisie-le-deficit-courant-a-4-du-pib-contre-8-7-en-2022\\\/210004\\\/#primaryimage\",\"url\":\"https:\\\/\\\/www.webdo.tn\\\/fr\\\/wp-content\\\/uploads\\\/2023\\\/11\\\/85149c5310428d4085aa4e30909c0bc6.jpg\",\"contentUrl\":\"https:\\\/\\\/www.webdo.tn\\\/fr\\\/wp-content\\\/uploads\\\/2023\\\/11\\\/85149c5310428d4085aa4e30909c0bc6.jpg\",\"width\":750,\"height\":400,\"caption\":\"Tunisie : Le d\u00e9ficit courant \u00e0 4% du PIB contre 8,7% en 2022\"},{\"@type\":\"BreadcrumbList\",\"@id\":\"https:\\\/\\\/www.webdo.tn\\\/fr\\\/actualite\\\/national\\\/tunisie-le-deficit-courant-a-4-du-pib-contre-8-7-en-2022\\\/210004\\\/#breadcrumb\",\"itemListElement\":[{\"@type\":\"ListItem\",\"position\":1,\"name\":\"Accueil\",\"item\":\"https:\\\/\\\/www.webdo.tn\\\/fr\\\/\"},{\"@type\":\"ListItem\",\"position\":2,\"name\":\"Tunisie : Le d\u00e9ficit courant \u00e0 4% du PIB contre 8,7% en 2022\"}]},{\"@type\":\"WebSite\",\"@id\":\"https:\\\/\\\/www.webdo.tn\\\/fr\\\/#website\",\"url\":\"https:\\\/\\\/www.webdo.tn\\\/fr\\\/\",\"name\":\"webdo\",\"description\":\"Tunisie - News en Tunisie et \u00e0 l&#039;international sur Webdo.tn\",\"publisher\":{\"@id\":\"https:\\\/\\\/www.webdo.tn\\\/fr\\\/#organization\"},\"potentialAction\":[{\"@type\":\"SearchAction\",\"target\":{\"@type\":\"EntryPoint\",\"urlTemplate\":\"https:\\\/\\\/www.webdo.tn\\\/fr\\\/?s={search_term_string}\"},\"query-input\":{\"@type\":\"PropertyValueSpecification\",\"valueRequired\":true,\"valueName\":\"search_term_string\"}}],\"inLanguage\":\"fr-FR\"},{\"@type\":\"Organization\",\"@id\":\"https:\\\/\\\/www.webdo.tn\\\/fr\\\/#organization\",\"name\":\"Webdo\",\"alternateName\":\"Webdo.tn\",\"url\":\"https:\\\/\\\/www.webdo.tn\\\/fr\\\/\",\"logo\":{\"@type\":\"ImageObject\",\"inLanguage\":\"fr-FR\",\"@id\":\"https:\\\/\\\/www.webdo.tn\\\/fr\\\/#\\\/schema\\\/logo\\\/image\\\/\",\"url\":\"https:\\\/\\\/www.webdo.tn\\\/fr\\\/wp-content\\\/uploads\\\/2025\\\/06\\\/Webdo-Tunisie_168377.jpg\",\"contentUrl\":\"https:\\\/\\\/www.webdo.tn\\\/fr\\\/wp-content\\\/uploads\\\/2025\\\/06\\\/Webdo-Tunisie_168377.jpg\",\"width\":301,\"height\":301,\"caption\":\"Webdo\"},\"image\":{\"@id\":\"https:\\\/\\\/www.webdo.tn\\\/fr\\\/#\\\/schema\\\/logo\\\/image\\\/\"},\"sameAs\":[\"https:\\\/\\\/www.facebook.com\\\/webdotn\",\"https:\\\/\\\/x.com\\\/webdo_tn\"],\"description\":\"Webdo est un m\u00e9dia num\u00e9rique tunisien fond\u00e9 en 2010, sp\u00e9cialis\u00e9 dans l\u2019actualit\u00e9 nationale et internationale, l\u2019\u00e9conomie, la soci\u00e9t\u00e9 et les analyses politiques. Le site s\u2019adresse \u00e0 un large public francophone et couvre l\u2019information tunisienne en temps r\u00e9el.\",\"email\":\"redac@webdo.tn\",\"legalName\":\"YNJ SARL\",\"foundingDate\":\"2010-09-06\",\"numberOfEmployees\":{\"@type\":\"QuantitativeValue\",\"minValue\":\"11\",\"maxValue\":\"50\"}},{\"@type\":\"Person\",\"@id\":\"https:\\\/\\\/www.webdo.tn\\\/fr\\\/#\\\/schema\\\/person\\\/2c4929cbf5a809e3bd38617c6ce150f6\",\"name\":\"MC\",\"image\":{\"@type\":\"ImageObject\",\"inLanguage\":\"fr-FR\",\"@id\":\"https:\\\/\\\/secure.gravatar.com\\\/avatar\\\/a545bbb6f84efdd5553dbbc2895e3ca8f1d12c5215e00a041c9670b54aa9b18a?s=96&d=mm&r=g\",\"url\":\"https:\\\/\\\/secure.gravatar.com\\\/avatar\\\/a545bbb6f84efdd5553dbbc2895e3ca8f1d12c5215e00a041c9670b54aa9b18a?s=96&d=mm&r=g\",\"contentUrl\":\"https:\\\/\\\/secure.gravatar.com\\\/avatar\\\/a545bbb6f84efdd5553dbbc2895e3ca8f1d12c5215e00a041c9670b54aa9b18a?s=96&d=mm&r=g\",\"caption\":\"MC\"},\"url\":\"https:\\\/\\\/www.webdo.tn\\\/fr\\\/actualite\\\/author\\\/mc\\\/\"}]}<\/script>\n<!-- \/ Yoast SEO Premium plugin. -->","yoast_head_json":{"title":"Tunisie : Le d\u00e9ficit courant \u00e0 4% du PIB contre 8,7% en 2022","description":"Le d\u00e9ficit commercial s\u2019est contract\u00e9 de 17 \u00e0 11,5 milliards de dinars (ou 11,8% du PIB), entre les 9 premiers mois de 2022 et de 2023.","canonical":"https:\/\/www.webdo.tn\/fr\/actualite\/national\/tunisie-le-deficit-courant-a-4-du-pib-contre-8-7-en-2022\/210004\/","og_locale":"fr_FR","og_type":"article","og_title":"Tunisie : Le d\u00e9ficit courant \u00e0 4% du PIB contre 8,7% en 2022","og_description":"Le d\u00e9ficit commercial s\u2019est contract\u00e9 de 17 \u00e0 11,5 milliards de dinars (ou 11,8% du PIB), entre les 9 premiers mois de 2022 et de 2023.","og_url":"https:\/\/www.webdo.tn\/fr\/actualite\/national\/tunisie-le-deficit-courant-a-4-du-pib-contre-8-7-en-2022\/210004\/","og_site_name":"webdo","article_publisher":"https:\/\/www.facebook.com\/webdotn","article_published_time":"2023-11-09T14:11:00+00:00","article_modified_time":"2025-05-20T21:55:54+00:00","og_image":[{"width":750,"height":400,"url":"https:\/\/www.webdo.tn\/fr\/wp-content\/uploads\/2023\/11\/85149c5310428d4085aa4e30909c0bc6.jpg","type":"image\/jpeg"}],"author":"MC","twitter_card":"summary_large_image","twitter_creator":"@webdo_tn","twitter_site":"@webdo_tn","twitter_misc":{"\u00c9crit par":"MC","Dur\u00e9e de lecture estim\u00e9e":"1 minute"},"schema":{"@context":"https:\/\/schema.org","@graph":[{"@type":"NewsArticle","@id":"https:\/\/www.webdo.tn\/fr\/actualite\/national\/tunisie-le-deficit-courant-a-4-du-pib-contre-8-7-en-2022\/210004\/#article","isPartOf":{"@id":"https:\/\/www.webdo.tn\/fr\/actualite\/national\/tunisie-le-deficit-courant-a-4-du-pib-contre-8-7-en-2022\/210004\/"},"author":{"name":"MC","@id":"https:\/\/www.webdo.tn\/fr\/#\/schema\/person\/2c4929cbf5a809e3bd38617c6ce150f6"},"headline":"Tunisie : Le d\u00e9ficit courant \u00e0 4% du PIB contre 8,7% en 2022","datePublished":"2023-11-09T14:11:00+00:00","dateModified":"2025-05-20T21:55:54+00:00","mainEntityOfPage":{"@id":"https:\/\/www.webdo.tn\/fr\/actualite\/national\/tunisie-le-deficit-courant-a-4-du-pib-contre-8-7-en-2022\/210004\/"},"wordCount":269,"commentCount":0,"publisher":{"@id":"https:\/\/www.webdo.tn\/fr\/#organization"},"image":{"@id":"https:\/\/www.webdo.tn\/fr\/actualite\/national\/tunisie-le-deficit-courant-a-4-du-pib-contre-8-7-en-2022\/210004\/#primaryimage"},"thumbnailUrl":"https:\/\/www.webdo.tn\/fr\/wp-content\/uploads\/2023\/11\/85149c5310428d4085aa4e30909c0bc6.jpg","keywords":["BCT","d\u00e9ficit courant","PIB"],"articleSection":["National"],"inLanguage":"fr-FR"},{"@type":"WebPage","@id":"https:\/\/www.webdo.tn\/fr\/actualite\/national\/tunisie-le-deficit-courant-a-4-du-pib-contre-8-7-en-2022\/210004\/","url":"https:\/\/www.webdo.tn\/fr\/actualite\/national\/tunisie-le-deficit-courant-a-4-du-pib-contre-8-7-en-2022\/210004\/","name":"Tunisie : Le d\u00e9ficit courant \u00e0 4% du PIB contre 8,7% en 2022","isPartOf":{"@id":"https:\/\/www.webdo.tn\/fr\/#website"},"primaryImageOfPage":{"@id":"https:\/\/www.webdo.tn\/fr\/actualite\/national\/tunisie-le-deficit-courant-a-4-du-pib-contre-8-7-en-2022\/210004\/#primaryimage"},"image":{"@id":"https:\/\/www.webdo.tn\/fr\/actualite\/national\/tunisie-le-deficit-courant-a-4-du-pib-contre-8-7-en-2022\/210004\/#primaryimage"},"thumbnailUrl":"https:\/\/www.webdo.tn\/fr\/wp-content\/uploads\/2023\/11\/85149c5310428d4085aa4e30909c0bc6.jpg","datePublished":"2023-11-09T14:11:00+00:00","dateModified":"2025-05-20T21:55:54+00:00","description":"Le d\u00e9ficit commercial s\u2019est contract\u00e9 de 17 \u00e0 11,5 milliards de dinars (ou 11,8% du PIB), entre les 9 premiers mois de 2022 et de 2023.","breadcrumb":{"@id":"https:\/\/www.webdo.tn\/fr\/actualite\/national\/tunisie-le-deficit-courant-a-4-du-pib-contre-8-7-en-2022\/210004\/#breadcrumb"},"inLanguage":"fr-FR","potentialAction":[{"@type":"ReadAction","target":["https:\/\/www.webdo.tn\/fr\/actualite\/national\/tunisie-le-deficit-courant-a-4-du-pib-contre-8-7-en-2022\/210004\/"]}]},{"@type":"ImageObject","inLanguage":"fr-FR","@id":"https:\/\/www.webdo.tn\/fr\/actualite\/national\/tunisie-le-deficit-courant-a-4-du-pib-contre-8-7-en-2022\/210004\/#primaryimage","url":"https:\/\/www.webdo.tn\/fr\/wp-content\/uploads\/2023\/11\/85149c5310428d4085aa4e30909c0bc6.jpg","contentUrl":"https:\/\/www.webdo.tn\/fr\/wp-content\/uploads\/2023\/11\/85149c5310428d4085aa4e30909c0bc6.jpg","width":750,"height":400,"caption":"Tunisie : Le d\u00e9ficit courant \u00e0 4% du PIB contre 8,7% en 2022"},{"@type":"BreadcrumbList","@id":"https:\/\/www.webdo.tn\/fr\/actualite\/national\/tunisie-le-deficit-courant-a-4-du-pib-contre-8-7-en-2022\/210004\/#breadcrumb","itemListElement":[{"@type":"ListItem","position":1,"name":"Accueil","item":"https:\/\/www.webdo.tn\/fr\/"},{"@type":"ListItem","position":2,"name":"Tunisie : Le d\u00e9ficit courant \u00e0 4% du PIB contre 8,7% en 2022"}]},{"@type":"WebSite","@id":"https:\/\/www.webdo.tn\/fr\/#website","url":"https:\/\/www.webdo.tn\/fr\/","name":"webdo","description":"Tunisie - News en Tunisie et \u00e0 l&#039;international sur Webdo.tn","publisher":{"@id":"https:\/\/www.webdo.tn\/fr\/#organization"},"potentialAction":[{"@type":"SearchAction","target":{"@type":"EntryPoint","urlTemplate":"https:\/\/www.webdo.tn\/fr\/?s={search_term_string}"},"query-input":{"@type":"PropertyValueSpecification","valueRequired":true,"valueName":"search_term_string"}}],"inLanguage":"fr-FR"},{"@type":"Organization","@id":"https:\/\/www.webdo.tn\/fr\/#organization","name":"Webdo","alternateName":"Webdo.tn","url":"https:\/\/www.webdo.tn\/fr\/","logo":{"@type":"ImageObject","inLanguage":"fr-FR","@id":"https:\/\/www.webdo.tn\/fr\/#\/schema\/logo\/image\/","url":"https:\/\/www.webdo.tn\/fr\/wp-content\/uploads\/2025\/06\/Webdo-Tunisie_168377.jpg","contentUrl":"https:\/\/www.webdo.tn\/fr\/wp-content\/uploads\/2025\/06\/Webdo-Tunisie_168377.jpg","width":301,"height":301,"caption":"Webdo"},"image":{"@id":"https:\/\/www.webdo.tn\/fr\/#\/schema\/logo\/image\/"},"sameAs":["https:\/\/www.facebook.com\/webdotn","https:\/\/x.com\/webdo_tn"],"description":"Webdo est un m\u00e9dia num\u00e9rique tunisien fond\u00e9 en 2010, sp\u00e9cialis\u00e9 dans l\u2019actualit\u00e9 nationale et internationale, l\u2019\u00e9conomie, la soci\u00e9t\u00e9 et les analyses politiques. Le site s\u2019adresse \u00e0 un large public francophone et couvre l\u2019information tunisienne en temps r\u00e9el.","email":"redac@webdo.tn","legalName":"YNJ SARL","foundingDate":"2010-09-06","numberOfEmployees":{"@type":"QuantitativeValue","minValue":"11","maxValue":"50"}},{"@type":"Person","@id":"https:\/\/www.webdo.tn\/fr\/#\/schema\/person\/2c4929cbf5a809e3bd38617c6ce150f6","name":"MC","image":{"@type":"ImageObject","inLanguage":"fr-FR","@id":"https:\/\/secure.gravatar.com\/avatar\/a545bbb6f84efdd5553dbbc2895e3ca8f1d12c5215e00a041c9670b54aa9b18a?s=96&d=mm&r=g","url":"https:\/\/secure.gravatar.com\/avatar\/a545bbb6f84efdd5553dbbc2895e3ca8f1d12c5215e00a041c9670b54aa9b18a?s=96&d=mm&r=g","contentUrl":"https:\/\/secure.gravatar.com\/avatar\/a545bbb6f84efdd5553dbbc2895e3ca8f1d12c5215e00a041c9670b54aa9b18a?s=96&d=mm&r=g","caption":"MC"},"url":"https:\/\/www.webdo.tn\/fr\/actualite\/author\/mc\/"}]}},"_links":{"self":[{"href":"https:\/\/www.webdo.tn\/fr\/wp-json\/wp\/v2\/posts\/210004","targetHints":{"allow":["GET"]}}],"collection":[{"href":"https:\/\/www.webdo.tn\/fr\/wp-json\/wp\/v2\/posts"}],"about":[{"href":"https:\/\/www.webdo.tn\/fr\/wp-json\/wp\/v2\/types\/post"}],"author":[{"embeddable":true,"href":"https:\/\/www.webdo.tn\/fr\/wp-json\/wp\/v2\/users\/3162"}],"replies":[{"embeddable":true,"href":"https:\/\/www.webdo.tn\/fr\/wp-json\/wp\/v2\/comments?post=210004"}],"version-history":[{"count":0,"href":"https:\/\/www.webdo.tn\/fr\/wp-json\/wp\/v2\/posts\/210004\/revisions"}],"wp:featuredmedia":[{"embeddable":true,"href":"https:\/\/www.webdo.tn\/fr\/wp-json\/wp\/v2\/media\/248825"}],"wp:attachment":[{"href":"https:\/\/www.webdo.tn\/fr\/wp-json\/wp\/v2\/media?parent=210004"}],"wp:term":[{"taxonomy":"category","embeddable":true,"href":"https:\/\/www.webdo.tn\/fr\/wp-json\/wp\/v2\/categories?post=210004"},{"taxonomy":"post_tag","embeddable":true,"href":"https:\/\/www.webdo.tn\/fr\/wp-json\/wp\/v2\/tags?post=210004"}],"curies":[{"name":"wp","href":"https:\/\/api.w.org\/{rel}","templated":true}]}}