{"id":210002,"date":"2023-11-09T12:04:00","date_gmt":"2023-11-09T12:04:00","guid":{"rendered":"https:\/\/www.webdo.tn\/fr\/blog\/perturbations-et-coupures-de-gaz-naturel-dans-la-banlieue-sud-de-tunis\/210002\/"},"modified":"2025-05-20T21:55:55","modified_gmt":"2025-05-20T21:55:55","slug":"perturbations-et-coupures-de-gaz-naturel-dans-la-banlieue-sud-de-tunis","status":"publish","type":"post","link":"https:\/\/www.webdo.tn\/fr\/actualite\/regions\/perturbations-et-coupures-de-gaz-naturel-dans-la-banlieue-sud-de-tunis\/210002\/","title":{"rendered":"Trois jours de perturbations : Coupures de gaz naturel dans la banlieue sud de Tunis"},"content":{"rendered":"<p>Des perturbations dans la distribution du gaz naturel sont pr\u00e9vues \u00e0 partir de demain \u00e0 Ezzahra, Hammam Lif, Hammam Chott et Borj C\u00e9dria.<\/p>\n<p>\t\t\t\t\t\t\t\t\tDes perturbations et des coupures de la distribution du gaz naturel (basse tension) seront enregistr\u00e9es \u00e0 partir de demain, vendredi 10 novembre jusqu\u2019au lundi 13 novembre 2023 dans la banlieue sud de Tunis.<\/p>\n<p>Les zones concern\u00e9es sont Ezzahra, Hammam Lif, Hammam Chott et Borj C\u00e9dria relevant du gouvernorat de Ben Arous a fait savoir, ce jeudi 9 novembre, la Soci\u00e9t\u00e9 tunisienne de l\u2019\u00e9lectricit\u00e9 et du gaz (STEG) dans un communiqu\u00e9.<\/p>\n<p>Ces perturbations seront dues aux travaux de maintenance du r\u00e9seau de gaz naturel programm\u00e9s par la STEG (District Ezzahra), a expliqu\u00e9 la soci\u00e9t\u00e9, soulignant que ses \u00e9quipes techniques veilleront \u00e0 limiter autant que possible la dur\u00e9e des coupures.<\/p>\n","protected":false},"excerpt":{"rendered":"<p>Des perturbations dans la distribution du gaz naturel sont pr\u00e9vues \u00e0 partir de demain dans la banlieue sud de Tunis.<\/p>\n","protected":false},"author":3162,"featured_media":248827,"comment_status":"open","ping_status":"closed","sticky":false,"template":"","format":"standard","meta":{"footnotes":""},"categories":[2595],"tags":[3744,4243,4369,7593,2742],"class_list":["post-210002","post","type-post","status-publish","format-standard","has-post-thumbnail","hentry","category-regions","tag-banlieue-sud","tag-coupure","tag-gaz-naturel","tag-perturbation","tag-steg"],"yoast_head":"<!-- This site is optimized with the Yoast SEO Premium plugin v27.4 (Yoast SEO v27.5) - https:\/\/yoast.com\/product\/yoast-seo-premium-wordpress\/ -->\n<title>Trois jours de perturbations : Coupures de gaz naturel dans la banlieue sud de Tunis<\/title>\n<meta name=\"description\" content=\"Des perturbations dans la distribution du gaz naturel sont pr\u00e9vues \u00e0 partir de demain dans la banlieue sud de Tunis.\" \/>\n<link rel=\"canonical\" href=\"https:\/\/www.webdo.tn\/fr\/actualite\/regions\/perturbations-et-coupures-de-gaz-naturel-dans-la-banlieue-sud-de-tunis\/210002\/\" \/>\n<meta property=\"og:locale\" content=\"fr_FR\" \/>\n<meta property=\"og:type\" content=\"article\" \/>\n<meta property=\"og:title\" content=\"Trois jours de perturbations : Coupures de gaz naturel dans la banlieue sud de Tunis\" \/>\n<meta property=\"og:description\" content=\"Des perturbations dans la distribution du gaz naturel sont pr\u00e9vues \u00e0 partir de demain dans la banlieue sud de Tunis.\" \/>\n<meta property=\"og:url\" content=\"https:\/\/www.webdo.tn\/fr\/actualite\/regions\/perturbations-et-coupures-de-gaz-naturel-dans-la-banlieue-sud-de-tunis\/210002\/\" \/>\n<meta property=\"og:site_name\" content=\"webdo\" \/>\n<meta property=\"article:publisher\" content=\"https:\/\/www.facebook.com\/webdotn\" \/>\n<meta property=\"article:published_time\" content=\"2023-11-09T12:04:00+00:00\" \/>\n<meta property=\"article:modified_time\" content=\"2025-05-20T21:55:55+00:00\" \/>\n<meta property=\"og:image\" content=\"https:\/\/www.webdo.tn\/fr\/wp-content\/uploads\/2023\/11\/501786aef1e3cc152c8d7f6bbed545ee.png\" \/>\n\t<meta property=\"og:image:width\" content=\"750\" \/>\n\t<meta property=\"og:image:height\" content=\"400\" \/>\n\t<meta property=\"og:image:type\" content=\"image\/png\" \/>\n<meta name=\"author\" content=\"MC\" \/>\n<meta name=\"twitter:card\" content=\"summary_large_image\" \/>\n<meta name=\"twitter:creator\" content=\"@webdo_tn\" \/>\n<meta name=\"twitter:site\" content=\"@webdo_tn\" \/>\n<meta name=\"twitter:label1\" content=\"\u00c9crit par\" \/>\n\t<meta name=\"twitter:data1\" content=\"MC\" \/>\n\t<meta name=\"twitter:label2\" content=\"Dur\u00e9e de lecture estim\u00e9e\" \/>\n\t<meta name=\"twitter:data2\" content=\"1 minute\" \/>\n<script type=\"application\/ld+json\" class=\"yoast-schema-graph\">{\"@context\":\"https:\\\/\\\/schema.org\",\"@graph\":[{\"@type\":\"NewsArticle\",\"@id\":\"https:\\\/\\\/www.webdo.tn\\\/fr\\\/actualite\\\/regions\\\/perturbations-et-coupures-de-gaz-naturel-dans-la-banlieue-sud-de-tunis\\\/210002\\\/#article\",\"isPartOf\":{\"@id\":\"https:\\\/\\\/www.webdo.tn\\\/fr\\\/actualite\\\/regions\\\/perturbations-et-coupures-de-gaz-naturel-dans-la-banlieue-sud-de-tunis\\\/210002\\\/\"},\"author\":{\"name\":\"MC\",\"@id\":\"https:\\\/\\\/www.webdo.tn\\\/fr\\\/#\\\/schema\\\/person\\\/2c4929cbf5a809e3bd38617c6ce150f6\"},\"headline\":\"Trois jours de perturbations : Coupures de gaz naturel dans la banlieue sud de Tunis\",\"datePublished\":\"2023-11-09T12:04:00+00:00\",\"dateModified\":\"2025-05-20T21:55:55+00:00\",\"mainEntityOfPage\":{\"@id\":\"https:\\\/\\\/www.webdo.tn\\\/fr\\\/actualite\\\/regions\\\/perturbations-et-coupures-de-gaz-naturel-dans-la-banlieue-sud-de-tunis\\\/210002\\\/\"},\"wordCount\":149,\"commentCount\":0,\"publisher\":{\"@id\":\"https:\\\/\\\/www.webdo.tn\\\/fr\\\/#organization\"},\"image\":{\"@id\":\"https:\\\/\\\/www.webdo.tn\\\/fr\\\/actualite\\\/regions\\\/perturbations-et-coupures-de-gaz-naturel-dans-la-banlieue-sud-de-tunis\\\/210002\\\/#primaryimage\"},\"thumbnailUrl\":\"https:\\\/\\\/www.webdo.tn\\\/fr\\\/wp-content\\\/uploads\\\/2023\\\/11\\\/501786aef1e3cc152c8d7f6bbed545ee.png\",\"keywords\":[\"banlieue sud\",\"coupure\",\"gaz naturel\",\"perturbation\",\"steg\"],\"articleSection\":[\"regions\"],\"inLanguage\":\"fr-FR\"},{\"@type\":\"WebPage\",\"@id\":\"https:\\\/\\\/www.webdo.tn\\\/fr\\\/actualite\\\/regions\\\/perturbations-et-coupures-de-gaz-naturel-dans-la-banlieue-sud-de-tunis\\\/210002\\\/\",\"url\":\"https:\\\/\\\/www.webdo.tn\\\/fr\\\/actualite\\\/regions\\\/perturbations-et-coupures-de-gaz-naturel-dans-la-banlieue-sud-de-tunis\\\/210002\\\/\",\"name\":\"Trois jours de perturbations : Coupures de gaz naturel dans la banlieue sud de Tunis\",\"isPartOf\":{\"@id\":\"https:\\\/\\\/www.webdo.tn\\\/fr\\\/#website\"},\"primaryImageOfPage\":{\"@id\":\"https:\\\/\\\/www.webdo.tn\\\/fr\\\/actualite\\\/regions\\\/perturbations-et-coupures-de-gaz-naturel-dans-la-banlieue-sud-de-tunis\\\/210002\\\/#primaryimage\"},\"image\":{\"@id\":\"https:\\\/\\\/www.webdo.tn\\\/fr\\\/actualite\\\/regions\\\/perturbations-et-coupures-de-gaz-naturel-dans-la-banlieue-sud-de-tunis\\\/210002\\\/#primaryimage\"},\"thumbnailUrl\":\"https:\\\/\\\/www.webdo.tn\\\/fr\\\/wp-content\\\/uploads\\\/2023\\\/11\\\/501786aef1e3cc152c8d7f6bbed545ee.png\",\"datePublished\":\"2023-11-09T12:04:00+00:00\",\"dateModified\":\"2025-05-20T21:55:55+00:00\",\"description\":\"Des perturbations dans la distribution du gaz naturel sont pr\u00e9vues \u00e0 partir de demain dans la banlieue sud de Tunis.\",\"breadcrumb\":{\"@id\":\"https:\\\/\\\/www.webdo.tn\\\/fr\\\/actualite\\\/regions\\\/perturbations-et-coupures-de-gaz-naturel-dans-la-banlieue-sud-de-tunis\\\/210002\\\/#breadcrumb\"},\"inLanguage\":\"fr-FR\",\"potentialAction\":[{\"@type\":\"ReadAction\",\"target\":[\"https:\\\/\\\/www.webdo.tn\\\/fr\\\/actualite\\\/regions\\\/perturbations-et-coupures-de-gaz-naturel-dans-la-banlieue-sud-de-tunis\\\/210002\\\/\"]}]},{\"@type\":\"ImageObject\",\"inLanguage\":\"fr-FR\",\"@id\":\"https:\\\/\\\/www.webdo.tn\\\/fr\\\/actualite\\\/regions\\\/perturbations-et-coupures-de-gaz-naturel-dans-la-banlieue-sud-de-tunis\\\/210002\\\/#primaryimage\",\"url\":\"https:\\\/\\\/www.webdo.tn\\\/fr\\\/wp-content\\\/uploads\\\/2023\\\/11\\\/501786aef1e3cc152c8d7f6bbed545ee.png\",\"contentUrl\":\"https:\\\/\\\/www.webdo.tn\\\/fr\\\/wp-content\\\/uploads\\\/2023\\\/11\\\/501786aef1e3cc152c8d7f6bbed545ee.png\",\"width\":750,\"height\":400,\"caption\":\"Trois jours de perturbations : Coupures de gaz naturel dans la banlieue sud de Tunis\"},{\"@type\":\"BreadcrumbList\",\"@id\":\"https:\\\/\\\/www.webdo.tn\\\/fr\\\/actualite\\\/regions\\\/perturbations-et-coupures-de-gaz-naturel-dans-la-banlieue-sud-de-tunis\\\/210002\\\/#breadcrumb\",\"itemListElement\":[{\"@type\":\"ListItem\",\"position\":1,\"name\":\"Accueil\",\"item\":\"https:\\\/\\\/www.webdo.tn\\\/fr\\\/\"},{\"@type\":\"ListItem\",\"position\":2,\"name\":\"Trois jours de perturbations : Coupures de gaz naturel dans la banlieue sud de Tunis\"}]},{\"@type\":\"WebSite\",\"@id\":\"https:\\\/\\\/www.webdo.tn\\\/fr\\\/#website\",\"url\":\"https:\\\/\\\/www.webdo.tn\\\/fr\\\/\",\"name\":\"webdo\",\"description\":\"Tunisie - News en Tunisie et \u00e0 l&#039;international sur Webdo.tn\",\"publisher\":{\"@id\":\"https:\\\/\\\/www.webdo.tn\\\/fr\\\/#organization\"},\"potentialAction\":[{\"@type\":\"SearchAction\",\"target\":{\"@type\":\"EntryPoint\",\"urlTemplate\":\"https:\\\/\\\/www.webdo.tn\\\/fr\\\/?s={search_term_string}\"},\"query-input\":{\"@type\":\"PropertyValueSpecification\",\"valueRequired\":true,\"valueName\":\"search_term_string\"}}],\"inLanguage\":\"fr-FR\"},{\"@type\":\"Organization\",\"@id\":\"https:\\\/\\\/www.webdo.tn\\\/fr\\\/#organization\",\"name\":\"Webdo\",\"alternateName\":\"Webdo.tn\",\"url\":\"https:\\\/\\\/www.webdo.tn\\\/fr\\\/\",\"logo\":{\"@type\":\"ImageObject\",\"inLanguage\":\"fr-FR\",\"@id\":\"https:\\\/\\\/www.webdo.tn\\\/fr\\\/#\\\/schema\\\/logo\\\/image\\\/\",\"url\":\"https:\\\/\\\/www.webdo.tn\\\/fr\\\/wp-content\\\/uploads\\\/2025\\\/06\\\/Webdo-Tunisie_168377.jpg\",\"contentUrl\":\"https:\\\/\\\/www.webdo.tn\\\/fr\\\/wp-content\\\/uploads\\\/2025\\\/06\\\/Webdo-Tunisie_168377.jpg\",\"width\":301,\"height\":301,\"caption\":\"Webdo\"},\"image\":{\"@id\":\"https:\\\/\\\/www.webdo.tn\\\/fr\\\/#\\\/schema\\\/logo\\\/image\\\/\"},\"sameAs\":[\"https:\\\/\\\/www.facebook.com\\\/webdotn\",\"https:\\\/\\\/x.com\\\/webdo_tn\"],\"description\":\"Webdo est un m\u00e9dia num\u00e9rique tunisien fond\u00e9 en 2010, sp\u00e9cialis\u00e9 dans l\u2019actualit\u00e9 nationale et internationale, l\u2019\u00e9conomie, la soci\u00e9t\u00e9 et les analyses politiques. Le site s\u2019adresse \u00e0 un large public francophone et couvre l\u2019information tunisienne en temps r\u00e9el.\",\"email\":\"redac@webdo.tn\",\"legalName\":\"YNJ SARL\",\"foundingDate\":\"2010-09-06\",\"numberOfEmployees\":{\"@type\":\"QuantitativeValue\",\"minValue\":\"11\",\"maxValue\":\"50\"}},{\"@type\":\"Person\",\"@id\":\"https:\\\/\\\/www.webdo.tn\\\/fr\\\/#\\\/schema\\\/person\\\/2c4929cbf5a809e3bd38617c6ce150f6\",\"name\":\"MC\",\"image\":{\"@type\":\"ImageObject\",\"inLanguage\":\"fr-FR\",\"@id\":\"https:\\\/\\\/secure.gravatar.com\\\/avatar\\\/a545bbb6f84efdd5553dbbc2895e3ca8f1d12c5215e00a041c9670b54aa9b18a?s=96&d=mm&r=g\",\"url\":\"https:\\\/\\\/secure.gravatar.com\\\/avatar\\\/a545bbb6f84efdd5553dbbc2895e3ca8f1d12c5215e00a041c9670b54aa9b18a?s=96&d=mm&r=g\",\"contentUrl\":\"https:\\\/\\\/secure.gravatar.com\\\/avatar\\\/a545bbb6f84efdd5553dbbc2895e3ca8f1d12c5215e00a041c9670b54aa9b18a?s=96&d=mm&r=g\",\"caption\":\"MC\"},\"url\":\"https:\\\/\\\/www.webdo.tn\\\/fr\\\/actualite\\\/author\\\/mc\\\/\"}]}<\/script>\n<!-- \/ Yoast SEO Premium plugin. -->","yoast_head_json":{"title":"Trois jours de perturbations : Coupures de gaz naturel dans la banlieue sud de Tunis","description":"Des perturbations dans la distribution du gaz naturel sont pr\u00e9vues \u00e0 partir de demain dans la banlieue sud de Tunis.","canonical":"https:\/\/www.webdo.tn\/fr\/actualite\/regions\/perturbations-et-coupures-de-gaz-naturel-dans-la-banlieue-sud-de-tunis\/210002\/","og_locale":"fr_FR","og_type":"article","og_title":"Trois jours de perturbations : Coupures de gaz naturel dans la banlieue sud de Tunis","og_description":"Des perturbations dans la distribution du gaz naturel sont pr\u00e9vues \u00e0 partir de demain dans la banlieue sud de Tunis.","og_url":"https:\/\/www.webdo.tn\/fr\/actualite\/regions\/perturbations-et-coupures-de-gaz-naturel-dans-la-banlieue-sud-de-tunis\/210002\/","og_site_name":"webdo","article_publisher":"https:\/\/www.facebook.com\/webdotn","article_published_time":"2023-11-09T12:04:00+00:00","article_modified_time":"2025-05-20T21:55:55+00:00","og_image":[{"width":750,"height":400,"url":"https:\/\/www.webdo.tn\/fr\/wp-content\/uploads\/2023\/11\/501786aef1e3cc152c8d7f6bbed545ee.png","type":"image\/png"}],"author":"MC","twitter_card":"summary_large_image","twitter_creator":"@webdo_tn","twitter_site":"@webdo_tn","twitter_misc":{"\u00c9crit par":"MC","Dur\u00e9e de lecture estim\u00e9e":"1 minute"},"schema":{"@context":"https:\/\/schema.org","@graph":[{"@type":"NewsArticle","@id":"https:\/\/www.webdo.tn\/fr\/actualite\/regions\/perturbations-et-coupures-de-gaz-naturel-dans-la-banlieue-sud-de-tunis\/210002\/#article","isPartOf":{"@id":"https:\/\/www.webdo.tn\/fr\/actualite\/regions\/perturbations-et-coupures-de-gaz-naturel-dans-la-banlieue-sud-de-tunis\/210002\/"},"author":{"name":"MC","@id":"https:\/\/www.webdo.tn\/fr\/#\/schema\/person\/2c4929cbf5a809e3bd38617c6ce150f6"},"headline":"Trois jours de perturbations : Coupures de gaz naturel dans la banlieue sud de Tunis","datePublished":"2023-11-09T12:04:00+00:00","dateModified":"2025-05-20T21:55:55+00:00","mainEntityOfPage":{"@id":"https:\/\/www.webdo.tn\/fr\/actualite\/regions\/perturbations-et-coupures-de-gaz-naturel-dans-la-banlieue-sud-de-tunis\/210002\/"},"wordCount":149,"commentCount":0,"publisher":{"@id":"https:\/\/www.webdo.tn\/fr\/#organization"},"image":{"@id":"https:\/\/www.webdo.tn\/fr\/actualite\/regions\/perturbations-et-coupures-de-gaz-naturel-dans-la-banlieue-sud-de-tunis\/210002\/#primaryimage"},"thumbnailUrl":"https:\/\/www.webdo.tn\/fr\/wp-content\/uploads\/2023\/11\/501786aef1e3cc152c8d7f6bbed545ee.png","keywords":["banlieue sud","coupure","gaz naturel","perturbation","steg"],"articleSection":["regions"],"inLanguage":"fr-FR"},{"@type":"WebPage","@id":"https:\/\/www.webdo.tn\/fr\/actualite\/regions\/perturbations-et-coupures-de-gaz-naturel-dans-la-banlieue-sud-de-tunis\/210002\/","url":"https:\/\/www.webdo.tn\/fr\/actualite\/regions\/perturbations-et-coupures-de-gaz-naturel-dans-la-banlieue-sud-de-tunis\/210002\/","name":"Trois jours de perturbations : Coupures de gaz naturel dans la banlieue sud de Tunis","isPartOf":{"@id":"https:\/\/www.webdo.tn\/fr\/#website"},"primaryImageOfPage":{"@id":"https:\/\/www.webdo.tn\/fr\/actualite\/regions\/perturbations-et-coupures-de-gaz-naturel-dans-la-banlieue-sud-de-tunis\/210002\/#primaryimage"},"image":{"@id":"https:\/\/www.webdo.tn\/fr\/actualite\/regions\/perturbations-et-coupures-de-gaz-naturel-dans-la-banlieue-sud-de-tunis\/210002\/#primaryimage"},"thumbnailUrl":"https:\/\/www.webdo.tn\/fr\/wp-content\/uploads\/2023\/11\/501786aef1e3cc152c8d7f6bbed545ee.png","datePublished":"2023-11-09T12:04:00+00:00","dateModified":"2025-05-20T21:55:55+00:00","description":"Des perturbations dans la distribution du gaz naturel sont pr\u00e9vues \u00e0 partir de demain dans la banlieue sud de Tunis.","breadcrumb":{"@id":"https:\/\/www.webdo.tn\/fr\/actualite\/regions\/perturbations-et-coupures-de-gaz-naturel-dans-la-banlieue-sud-de-tunis\/210002\/#breadcrumb"},"inLanguage":"fr-FR","potentialAction":[{"@type":"ReadAction","target":["https:\/\/www.webdo.tn\/fr\/actualite\/regions\/perturbations-et-coupures-de-gaz-naturel-dans-la-banlieue-sud-de-tunis\/210002\/"]}]},{"@type":"ImageObject","inLanguage":"fr-FR","@id":"https:\/\/www.webdo.tn\/fr\/actualite\/regions\/perturbations-et-coupures-de-gaz-naturel-dans-la-banlieue-sud-de-tunis\/210002\/#primaryimage","url":"https:\/\/www.webdo.tn\/fr\/wp-content\/uploads\/2023\/11\/501786aef1e3cc152c8d7f6bbed545ee.png","contentUrl":"https:\/\/www.webdo.tn\/fr\/wp-content\/uploads\/2023\/11\/501786aef1e3cc152c8d7f6bbed545ee.png","width":750,"height":400,"caption":"Trois jours de perturbations : Coupures de gaz naturel dans la banlieue sud de Tunis"},{"@type":"BreadcrumbList","@id":"https:\/\/www.webdo.tn\/fr\/actualite\/regions\/perturbations-et-coupures-de-gaz-naturel-dans-la-banlieue-sud-de-tunis\/210002\/#breadcrumb","itemListElement":[{"@type":"ListItem","position":1,"name":"Accueil","item":"https:\/\/www.webdo.tn\/fr\/"},{"@type":"ListItem","position":2,"name":"Trois jours de perturbations : Coupures de gaz naturel dans la banlieue sud de Tunis"}]},{"@type":"WebSite","@id":"https:\/\/www.webdo.tn\/fr\/#website","url":"https:\/\/www.webdo.tn\/fr\/","name":"webdo","description":"Tunisie - News en Tunisie et \u00e0 l&#039;international sur Webdo.tn","publisher":{"@id":"https:\/\/www.webdo.tn\/fr\/#organization"},"potentialAction":[{"@type":"SearchAction","target":{"@type":"EntryPoint","urlTemplate":"https:\/\/www.webdo.tn\/fr\/?s={search_term_string}"},"query-input":{"@type":"PropertyValueSpecification","valueRequired":true,"valueName":"search_term_string"}}],"inLanguage":"fr-FR"},{"@type":"Organization","@id":"https:\/\/www.webdo.tn\/fr\/#organization","name":"Webdo","alternateName":"Webdo.tn","url":"https:\/\/www.webdo.tn\/fr\/","logo":{"@type":"ImageObject","inLanguage":"fr-FR","@id":"https:\/\/www.webdo.tn\/fr\/#\/schema\/logo\/image\/","url":"https:\/\/www.webdo.tn\/fr\/wp-content\/uploads\/2025\/06\/Webdo-Tunisie_168377.jpg","contentUrl":"https:\/\/www.webdo.tn\/fr\/wp-content\/uploads\/2025\/06\/Webdo-Tunisie_168377.jpg","width":301,"height":301,"caption":"Webdo"},"image":{"@id":"https:\/\/www.webdo.tn\/fr\/#\/schema\/logo\/image\/"},"sameAs":["https:\/\/www.facebook.com\/webdotn","https:\/\/x.com\/webdo_tn"],"description":"Webdo est un m\u00e9dia num\u00e9rique tunisien fond\u00e9 en 2010, sp\u00e9cialis\u00e9 dans l\u2019actualit\u00e9 nationale et internationale, l\u2019\u00e9conomie, la soci\u00e9t\u00e9 et les analyses politiques. Le site s\u2019adresse \u00e0 un large public francophone et couvre l\u2019information tunisienne en temps r\u00e9el.","email":"redac@webdo.tn","legalName":"YNJ SARL","foundingDate":"2010-09-06","numberOfEmployees":{"@type":"QuantitativeValue","minValue":"11","maxValue":"50"}},{"@type":"Person","@id":"https:\/\/www.webdo.tn\/fr\/#\/schema\/person\/2c4929cbf5a809e3bd38617c6ce150f6","name":"MC","image":{"@type":"ImageObject","inLanguage":"fr-FR","@id":"https:\/\/secure.gravatar.com\/avatar\/a545bbb6f84efdd5553dbbc2895e3ca8f1d12c5215e00a041c9670b54aa9b18a?s=96&d=mm&r=g","url":"https:\/\/secure.gravatar.com\/avatar\/a545bbb6f84efdd5553dbbc2895e3ca8f1d12c5215e00a041c9670b54aa9b18a?s=96&d=mm&r=g","contentUrl":"https:\/\/secure.gravatar.com\/avatar\/a545bbb6f84efdd5553dbbc2895e3ca8f1d12c5215e00a041c9670b54aa9b18a?s=96&d=mm&r=g","caption":"MC"},"url":"https:\/\/www.webdo.tn\/fr\/actualite\/author\/mc\/"}]}},"_links":{"self":[{"href":"https:\/\/www.webdo.tn\/fr\/wp-json\/wp\/v2\/posts\/210002","targetHints":{"allow":["GET"]}}],"collection":[{"href":"https:\/\/www.webdo.tn\/fr\/wp-json\/wp\/v2\/posts"}],"about":[{"href":"https:\/\/www.webdo.tn\/fr\/wp-json\/wp\/v2\/types\/post"}],"author":[{"embeddable":true,"href":"https:\/\/www.webdo.tn\/fr\/wp-json\/wp\/v2\/users\/3162"}],"replies":[{"embeddable":true,"href":"https:\/\/www.webdo.tn\/fr\/wp-json\/wp\/v2\/comments?post=210002"}],"version-history":[{"count":0,"href":"https:\/\/www.webdo.tn\/fr\/wp-json\/wp\/v2\/posts\/210002\/revisions"}],"wp:featuredmedia":[{"embeddable":true,"href":"https:\/\/www.webdo.tn\/fr\/wp-json\/wp\/v2\/media\/248827"}],"wp:attachment":[{"href":"https:\/\/www.webdo.tn\/fr\/wp-json\/wp\/v2\/media?parent=210002"}],"wp:term":[{"taxonomy":"category","embeddable":true,"href":"https:\/\/www.webdo.tn\/fr\/wp-json\/wp\/v2\/categories?post=210002"},{"taxonomy":"post_tag","embeddable":true,"href":"https:\/\/www.webdo.tn\/fr\/wp-json\/wp\/v2\/tags?post=210002"}],"curies":[{"name":"wp","href":"https:\/\/api.w.org\/{rel}","templated":true}]}}