{"id":209987,"date":"2023-11-08T19:37:00","date_gmt":"2023-11-08T19:37:00","guid":{"rendered":"https:\/\/www.webdo.tn\/fr\/blog\/les-projets-de-cin-et-de-passeport-biometriques-approuves-par-le-chef-du-gouvernement\/209987\/"},"modified":"2025-05-20T21:55:53","modified_gmt":"2025-05-20T21:55:53","slug":"les-projets-de-cin-et-de-passeport-biometriques-approuves-par-le-chef-du-gouvernement","status":"publish","type":"post","link":"https:\/\/www.webdo.tn\/fr\/actualite\/national\/les-projets-de-cin-et-de-passeport-biometriques-approuves-par-le-chef-du-gouvernement\/209987\/","title":{"rendered":"Les projets de CIN et de passeport biom\u00e9triques approuv\u00e9s par le Chef du gouvernement"},"content":{"rendered":"<p>Le chef du gouvernement, Ahmed Hachani, a pr\u00e9sid\u00e9, ce mercredi 8 novembre 2023, au Palais du Gouvernement de la Kasbah, une s\u00e9ance de travail minist\u00e9rielle sur le projet de la carte d\u2019identit\u00e9 et du passeport biom\u00e9triques.<\/p>\n<p>\t\t\t\t\t\t\t\t\tUne s\u00e9ance \u00e0 laquelle ont particip\u00e9 le ministre de l\u2019Int\u00e9rieur, le secr\u00e9taire d\u2019\u00c9tat aupr\u00e8s du ministre des Affaires \u00e9trang\u00e8res, de l\u2019Immigration et des Tunisiens de l\u2019\u00e9tranger et la pr\u00e9sidente de l\u2019Instance Nationale de Protection des Donn\u00e9es personnelles (INPDP).<\/p>\n<p>Dans le but de s\u2019aligner sur les proc\u00e9dures et les normes internationales actuellement en vigueur, il a \u00e9t\u00e9 d\u00e9cid\u00e9 ; en marge de cette s\u00e9ance, d\u2019approuver d\u00e9finitivement ces projets, qui seront pr\u00e9sent\u00e9s dans les plus brefs d\u00e9lais au Conseil des Ministres, avant d\u2019\u00eatre transmis \u00e0 l\u2019Assembl\u00e9e des Repr\u00e9sentants du Peuple pour examen, indique un communiqu\u00e9 de la Pr\u00e9sidence du gouvernement.<\/p>\n<p>En juillet dernier, le ministre de l\u2019Int\u00e9rieur Kamel Feki avait affirm\u00e9, au cours d\u2019une s\u00e9ance de d\u00e9bat au parlement, que son d\u00e9partement avait finalis\u00e9 l\u2019\u00e9laboration du projet de la carte d\u2019identit\u00e9 et du passeport biom\u00e9triques.<\/p>\n<p>Rappelons dans ce contexte, que l\u2019ancien pr\u00e9sident de l\u2019INPDP Chawki Gaddes avait d\u00e9clar\u00e9 que les Tunisiens risquent d\u2019\u00eatre priv\u00e9s de voyage \u00e0 l\u2019or\u00e9e 2024 faute de passeport biom\u00e9trique. Il avait rappel\u00e9 la d\u00e9cision de L\u2019organisation de l&rsquo;aviation civile internationale (OACI) de ne plus accepter les passeports ordinaires.<\/p>\n","protected":false},"excerpt":{"rendered":"<p>Approbation des projets de CIN et de passeport biom\u00e9triques<\/p>\n","protected":false},"author":3162,"featured_media":248820,"comment_status":"open","ping_status":"closed","sticky":false,"template":"","format":"standard","meta":{"footnotes":""},"categories":[44],"tags":[6964,5432,2608],"class_list":["post-209987","post","type-post","status-publish","format-standard","has-post-thumbnail","hentry","category-national","tag-cin-biometrique","tag-passeport-biometrique","tag-tunisie"],"yoast_head":"<!-- This site is optimized with the Yoast SEO Premium plugin v27.4 (Yoast SEO v27.5) - https:\/\/yoast.com\/product\/yoast-seo-premium-wordpress\/ -->\n<title>Les projets de CIN et de passeport biom\u00e9triques approuv\u00e9s par le Chef du gouvernement<\/title>\n<meta name=\"description\" content=\"Approbation des projets de CIN et de passeport biom\u00e9triques\" \/>\n<link rel=\"canonical\" href=\"https:\/\/www.webdo.tn\/fr\/actualite\/national\/les-projets-de-cin-et-de-passeport-biometriques-approuves-par-le-chef-du-gouvernement\/209987\/\" \/>\n<meta property=\"og:locale\" content=\"fr_FR\" \/>\n<meta property=\"og:type\" content=\"article\" \/>\n<meta property=\"og:title\" content=\"Les projets de CIN et de passeport biom\u00e9triques approuv\u00e9s par le Chef du gouvernement\" \/>\n<meta property=\"og:description\" content=\"Approbation des projets de CIN et de passeport biom\u00e9triques\" \/>\n<meta property=\"og:url\" content=\"https:\/\/www.webdo.tn\/fr\/actualite\/national\/les-projets-de-cin-et-de-passeport-biometriques-approuves-par-le-chef-du-gouvernement\/209987\/\" \/>\n<meta property=\"og:site_name\" content=\"webdo\" \/>\n<meta property=\"article:publisher\" content=\"https:\/\/www.facebook.com\/webdotn\" \/>\n<meta property=\"article:published_time\" content=\"2023-11-08T19:37:00+00:00\" \/>\n<meta property=\"article:modified_time\" content=\"2025-05-20T21:55:53+00:00\" \/>\n<meta property=\"og:image\" content=\"https:\/\/www.webdo.tn\/fr\/wp-content\/uploads\/2023\/11\/187af69ee8dfedceda60e9d57bc0e9a8.jpg\" \/>\n\t<meta property=\"og:image:width\" content=\"750\" \/>\n\t<meta property=\"og:image:height\" content=\"400\" \/>\n\t<meta property=\"og:image:type\" content=\"image\/jpeg\" \/>\n<meta name=\"author\" content=\"MC\" \/>\n<meta name=\"twitter:card\" content=\"summary_large_image\" \/>\n<meta name=\"twitter:creator\" content=\"@webdo_tn\" \/>\n<meta name=\"twitter:site\" content=\"@webdo_tn\" \/>\n<meta name=\"twitter:label1\" content=\"\u00c9crit par\" \/>\n\t<meta name=\"twitter:data1\" content=\"MC\" \/>\n\t<meta name=\"twitter:label2\" content=\"Dur\u00e9e de lecture estim\u00e9e\" \/>\n\t<meta name=\"twitter:data2\" content=\"1 minute\" \/>\n<script type=\"application\/ld+json\" class=\"yoast-schema-graph\">{\"@context\":\"https:\\\/\\\/schema.org\",\"@graph\":[{\"@type\":\"NewsArticle\",\"@id\":\"https:\\\/\\\/www.webdo.tn\\\/fr\\\/actualite\\\/national\\\/les-projets-de-cin-et-de-passeport-biometriques-approuves-par-le-chef-du-gouvernement\\\/209987\\\/#article\",\"isPartOf\":{\"@id\":\"https:\\\/\\\/www.webdo.tn\\\/fr\\\/actualite\\\/national\\\/les-projets-de-cin-et-de-passeport-biometriques-approuves-par-le-chef-du-gouvernement\\\/209987\\\/\"},\"author\":{\"name\":\"MC\",\"@id\":\"https:\\\/\\\/www.webdo.tn\\\/fr\\\/#\\\/schema\\\/person\\\/2c4929cbf5a809e3bd38617c6ce150f6\"},\"headline\":\"Les projets de CIN et de passeport biom\u00e9triques approuv\u00e9s par le Chef du gouvernement\",\"datePublished\":\"2023-11-08T19:37:00+00:00\",\"dateModified\":\"2025-05-20T21:55:53+00:00\",\"mainEntityOfPage\":{\"@id\":\"https:\\\/\\\/www.webdo.tn\\\/fr\\\/actualite\\\/national\\\/les-projets-de-cin-et-de-passeport-biometriques-approuves-par-le-chef-du-gouvernement\\\/209987\\\/\"},\"wordCount\":277,\"commentCount\":0,\"publisher\":{\"@id\":\"https:\\\/\\\/www.webdo.tn\\\/fr\\\/#organization\"},\"image\":{\"@id\":\"https:\\\/\\\/www.webdo.tn\\\/fr\\\/actualite\\\/national\\\/les-projets-de-cin-et-de-passeport-biometriques-approuves-par-le-chef-du-gouvernement\\\/209987\\\/#primaryimage\"},\"thumbnailUrl\":\"https:\\\/\\\/www.webdo.tn\\\/fr\\\/wp-content\\\/uploads\\\/2023\\\/11\\\/187af69ee8dfedceda60e9d57bc0e9a8.jpg\",\"keywords\":[\"CIN biom\u00e9trique\",\"passeport biom\u00e9trique\",\"Tunisie\"],\"articleSection\":[\"National\"],\"inLanguage\":\"fr-FR\"},{\"@type\":\"WebPage\",\"@id\":\"https:\\\/\\\/www.webdo.tn\\\/fr\\\/actualite\\\/national\\\/les-projets-de-cin-et-de-passeport-biometriques-approuves-par-le-chef-du-gouvernement\\\/209987\\\/\",\"url\":\"https:\\\/\\\/www.webdo.tn\\\/fr\\\/actualite\\\/national\\\/les-projets-de-cin-et-de-passeport-biometriques-approuves-par-le-chef-du-gouvernement\\\/209987\\\/\",\"name\":\"Les projets de CIN et de passeport biom\u00e9triques approuv\u00e9s par le Chef du gouvernement\",\"isPartOf\":{\"@id\":\"https:\\\/\\\/www.webdo.tn\\\/fr\\\/#website\"},\"primaryImageOfPage\":{\"@id\":\"https:\\\/\\\/www.webdo.tn\\\/fr\\\/actualite\\\/national\\\/les-projets-de-cin-et-de-passeport-biometriques-approuves-par-le-chef-du-gouvernement\\\/209987\\\/#primaryimage\"},\"image\":{\"@id\":\"https:\\\/\\\/www.webdo.tn\\\/fr\\\/actualite\\\/national\\\/les-projets-de-cin-et-de-passeport-biometriques-approuves-par-le-chef-du-gouvernement\\\/209987\\\/#primaryimage\"},\"thumbnailUrl\":\"https:\\\/\\\/www.webdo.tn\\\/fr\\\/wp-content\\\/uploads\\\/2023\\\/11\\\/187af69ee8dfedceda60e9d57bc0e9a8.jpg\",\"datePublished\":\"2023-11-08T19:37:00+00:00\",\"dateModified\":\"2025-05-20T21:55:53+00:00\",\"description\":\"Approbation des projets de CIN et de passeport biom\u00e9triques\",\"breadcrumb\":{\"@id\":\"https:\\\/\\\/www.webdo.tn\\\/fr\\\/actualite\\\/national\\\/les-projets-de-cin-et-de-passeport-biometriques-approuves-par-le-chef-du-gouvernement\\\/209987\\\/#breadcrumb\"},\"inLanguage\":\"fr-FR\",\"potentialAction\":[{\"@type\":\"ReadAction\",\"target\":[\"https:\\\/\\\/www.webdo.tn\\\/fr\\\/actualite\\\/national\\\/les-projets-de-cin-et-de-passeport-biometriques-approuves-par-le-chef-du-gouvernement\\\/209987\\\/\"]}]},{\"@type\":\"ImageObject\",\"inLanguage\":\"fr-FR\",\"@id\":\"https:\\\/\\\/www.webdo.tn\\\/fr\\\/actualite\\\/national\\\/les-projets-de-cin-et-de-passeport-biometriques-approuves-par-le-chef-du-gouvernement\\\/209987\\\/#primaryimage\",\"url\":\"https:\\\/\\\/www.webdo.tn\\\/fr\\\/wp-content\\\/uploads\\\/2023\\\/11\\\/187af69ee8dfedceda60e9d57bc0e9a8.jpg\",\"contentUrl\":\"https:\\\/\\\/www.webdo.tn\\\/fr\\\/wp-content\\\/uploads\\\/2023\\\/11\\\/187af69ee8dfedceda60e9d57bc0e9a8.jpg\",\"width\":750,\"height\":400,\"caption\":\"Les projets de CIN et de passeport biom\u00e9triques approuv\u00e9s par le Chef du gouvernement\"},{\"@type\":\"BreadcrumbList\",\"@id\":\"https:\\\/\\\/www.webdo.tn\\\/fr\\\/actualite\\\/national\\\/les-projets-de-cin-et-de-passeport-biometriques-approuves-par-le-chef-du-gouvernement\\\/209987\\\/#breadcrumb\",\"itemListElement\":[{\"@type\":\"ListItem\",\"position\":1,\"name\":\"Accueil\",\"item\":\"https:\\\/\\\/www.webdo.tn\\\/fr\\\/\"},{\"@type\":\"ListItem\",\"position\":2,\"name\":\"Les projets de CIN et de passeport biom\u00e9triques approuv\u00e9s par le Chef du gouvernement\"}]},{\"@type\":\"WebSite\",\"@id\":\"https:\\\/\\\/www.webdo.tn\\\/fr\\\/#website\",\"url\":\"https:\\\/\\\/www.webdo.tn\\\/fr\\\/\",\"name\":\"webdo\",\"description\":\"Tunisie - News en Tunisie et \u00e0 l&#039;international sur Webdo.tn\",\"publisher\":{\"@id\":\"https:\\\/\\\/www.webdo.tn\\\/fr\\\/#organization\"},\"potentialAction\":[{\"@type\":\"SearchAction\",\"target\":{\"@type\":\"EntryPoint\",\"urlTemplate\":\"https:\\\/\\\/www.webdo.tn\\\/fr\\\/?s={search_term_string}\"},\"query-input\":{\"@type\":\"PropertyValueSpecification\",\"valueRequired\":true,\"valueName\":\"search_term_string\"}}],\"inLanguage\":\"fr-FR\"},{\"@type\":\"Organization\",\"@id\":\"https:\\\/\\\/www.webdo.tn\\\/fr\\\/#organization\",\"name\":\"Webdo\",\"alternateName\":\"Webdo.tn\",\"url\":\"https:\\\/\\\/www.webdo.tn\\\/fr\\\/\",\"logo\":{\"@type\":\"ImageObject\",\"inLanguage\":\"fr-FR\",\"@id\":\"https:\\\/\\\/www.webdo.tn\\\/fr\\\/#\\\/schema\\\/logo\\\/image\\\/\",\"url\":\"https:\\\/\\\/www.webdo.tn\\\/fr\\\/wp-content\\\/uploads\\\/2025\\\/06\\\/Webdo-Tunisie_168377.jpg\",\"contentUrl\":\"https:\\\/\\\/www.webdo.tn\\\/fr\\\/wp-content\\\/uploads\\\/2025\\\/06\\\/Webdo-Tunisie_168377.jpg\",\"width\":301,\"height\":301,\"caption\":\"Webdo\"},\"image\":{\"@id\":\"https:\\\/\\\/www.webdo.tn\\\/fr\\\/#\\\/schema\\\/logo\\\/image\\\/\"},\"sameAs\":[\"https:\\\/\\\/www.facebook.com\\\/webdotn\",\"https:\\\/\\\/x.com\\\/webdo_tn\"],\"description\":\"Webdo est un m\u00e9dia num\u00e9rique tunisien fond\u00e9 en 2010, sp\u00e9cialis\u00e9 dans l\u2019actualit\u00e9 nationale et internationale, l\u2019\u00e9conomie, la soci\u00e9t\u00e9 et les analyses politiques. Le site s\u2019adresse \u00e0 un large public francophone et couvre l\u2019information tunisienne en temps r\u00e9el.\",\"email\":\"redac@webdo.tn\",\"legalName\":\"YNJ SARL\",\"foundingDate\":\"2010-09-06\",\"numberOfEmployees\":{\"@type\":\"QuantitativeValue\",\"minValue\":\"11\",\"maxValue\":\"50\"}},{\"@type\":\"Person\",\"@id\":\"https:\\\/\\\/www.webdo.tn\\\/fr\\\/#\\\/schema\\\/person\\\/2c4929cbf5a809e3bd38617c6ce150f6\",\"name\":\"MC\",\"image\":{\"@type\":\"ImageObject\",\"inLanguage\":\"fr-FR\",\"@id\":\"https:\\\/\\\/secure.gravatar.com\\\/avatar\\\/a545bbb6f84efdd5553dbbc2895e3ca8f1d12c5215e00a041c9670b54aa9b18a?s=96&d=mm&r=g\",\"url\":\"https:\\\/\\\/secure.gravatar.com\\\/avatar\\\/a545bbb6f84efdd5553dbbc2895e3ca8f1d12c5215e00a041c9670b54aa9b18a?s=96&d=mm&r=g\",\"contentUrl\":\"https:\\\/\\\/secure.gravatar.com\\\/avatar\\\/a545bbb6f84efdd5553dbbc2895e3ca8f1d12c5215e00a041c9670b54aa9b18a?s=96&d=mm&r=g\",\"caption\":\"MC\"},\"url\":\"https:\\\/\\\/www.webdo.tn\\\/fr\\\/actualite\\\/author\\\/mc\\\/\"}]}<\/script>\n<!-- \/ Yoast SEO Premium plugin. -->","yoast_head_json":{"title":"Les projets de CIN et de passeport biom\u00e9triques approuv\u00e9s par le Chef du gouvernement","description":"Approbation des projets de CIN et de passeport biom\u00e9triques","canonical":"https:\/\/www.webdo.tn\/fr\/actualite\/national\/les-projets-de-cin-et-de-passeport-biometriques-approuves-par-le-chef-du-gouvernement\/209987\/","og_locale":"fr_FR","og_type":"article","og_title":"Les projets de CIN et de passeport biom\u00e9triques approuv\u00e9s par le Chef du gouvernement","og_description":"Approbation des projets de CIN et de passeport biom\u00e9triques","og_url":"https:\/\/www.webdo.tn\/fr\/actualite\/national\/les-projets-de-cin-et-de-passeport-biometriques-approuves-par-le-chef-du-gouvernement\/209987\/","og_site_name":"webdo","article_publisher":"https:\/\/www.facebook.com\/webdotn","article_published_time":"2023-11-08T19:37:00+00:00","article_modified_time":"2025-05-20T21:55:53+00:00","og_image":[{"width":750,"height":400,"url":"https:\/\/www.webdo.tn\/fr\/wp-content\/uploads\/2023\/11\/187af69ee8dfedceda60e9d57bc0e9a8.jpg","type":"image\/jpeg"}],"author":"MC","twitter_card":"summary_large_image","twitter_creator":"@webdo_tn","twitter_site":"@webdo_tn","twitter_misc":{"\u00c9crit par":"MC","Dur\u00e9e de lecture estim\u00e9e":"1 minute"},"schema":{"@context":"https:\/\/schema.org","@graph":[{"@type":"NewsArticle","@id":"https:\/\/www.webdo.tn\/fr\/actualite\/national\/les-projets-de-cin-et-de-passeport-biometriques-approuves-par-le-chef-du-gouvernement\/209987\/#article","isPartOf":{"@id":"https:\/\/www.webdo.tn\/fr\/actualite\/national\/les-projets-de-cin-et-de-passeport-biometriques-approuves-par-le-chef-du-gouvernement\/209987\/"},"author":{"name":"MC","@id":"https:\/\/www.webdo.tn\/fr\/#\/schema\/person\/2c4929cbf5a809e3bd38617c6ce150f6"},"headline":"Les projets de CIN et de passeport biom\u00e9triques approuv\u00e9s par le Chef du gouvernement","datePublished":"2023-11-08T19:37:00+00:00","dateModified":"2025-05-20T21:55:53+00:00","mainEntityOfPage":{"@id":"https:\/\/www.webdo.tn\/fr\/actualite\/national\/les-projets-de-cin-et-de-passeport-biometriques-approuves-par-le-chef-du-gouvernement\/209987\/"},"wordCount":277,"commentCount":0,"publisher":{"@id":"https:\/\/www.webdo.tn\/fr\/#organization"},"image":{"@id":"https:\/\/www.webdo.tn\/fr\/actualite\/national\/les-projets-de-cin-et-de-passeport-biometriques-approuves-par-le-chef-du-gouvernement\/209987\/#primaryimage"},"thumbnailUrl":"https:\/\/www.webdo.tn\/fr\/wp-content\/uploads\/2023\/11\/187af69ee8dfedceda60e9d57bc0e9a8.jpg","keywords":["CIN biom\u00e9trique","passeport biom\u00e9trique","Tunisie"],"articleSection":["National"],"inLanguage":"fr-FR"},{"@type":"WebPage","@id":"https:\/\/www.webdo.tn\/fr\/actualite\/national\/les-projets-de-cin-et-de-passeport-biometriques-approuves-par-le-chef-du-gouvernement\/209987\/","url":"https:\/\/www.webdo.tn\/fr\/actualite\/national\/les-projets-de-cin-et-de-passeport-biometriques-approuves-par-le-chef-du-gouvernement\/209987\/","name":"Les projets de CIN et de passeport biom\u00e9triques approuv\u00e9s par le Chef du gouvernement","isPartOf":{"@id":"https:\/\/www.webdo.tn\/fr\/#website"},"primaryImageOfPage":{"@id":"https:\/\/www.webdo.tn\/fr\/actualite\/national\/les-projets-de-cin-et-de-passeport-biometriques-approuves-par-le-chef-du-gouvernement\/209987\/#primaryimage"},"image":{"@id":"https:\/\/www.webdo.tn\/fr\/actualite\/national\/les-projets-de-cin-et-de-passeport-biometriques-approuves-par-le-chef-du-gouvernement\/209987\/#primaryimage"},"thumbnailUrl":"https:\/\/www.webdo.tn\/fr\/wp-content\/uploads\/2023\/11\/187af69ee8dfedceda60e9d57bc0e9a8.jpg","datePublished":"2023-11-08T19:37:00+00:00","dateModified":"2025-05-20T21:55:53+00:00","description":"Approbation des projets de CIN et de passeport biom\u00e9triques","breadcrumb":{"@id":"https:\/\/www.webdo.tn\/fr\/actualite\/national\/les-projets-de-cin-et-de-passeport-biometriques-approuves-par-le-chef-du-gouvernement\/209987\/#breadcrumb"},"inLanguage":"fr-FR","potentialAction":[{"@type":"ReadAction","target":["https:\/\/www.webdo.tn\/fr\/actualite\/national\/les-projets-de-cin-et-de-passeport-biometriques-approuves-par-le-chef-du-gouvernement\/209987\/"]}]},{"@type":"ImageObject","inLanguage":"fr-FR","@id":"https:\/\/www.webdo.tn\/fr\/actualite\/national\/les-projets-de-cin-et-de-passeport-biometriques-approuves-par-le-chef-du-gouvernement\/209987\/#primaryimage","url":"https:\/\/www.webdo.tn\/fr\/wp-content\/uploads\/2023\/11\/187af69ee8dfedceda60e9d57bc0e9a8.jpg","contentUrl":"https:\/\/www.webdo.tn\/fr\/wp-content\/uploads\/2023\/11\/187af69ee8dfedceda60e9d57bc0e9a8.jpg","width":750,"height":400,"caption":"Les projets de CIN et de passeport biom\u00e9triques approuv\u00e9s par le Chef du gouvernement"},{"@type":"BreadcrumbList","@id":"https:\/\/www.webdo.tn\/fr\/actualite\/national\/les-projets-de-cin-et-de-passeport-biometriques-approuves-par-le-chef-du-gouvernement\/209987\/#breadcrumb","itemListElement":[{"@type":"ListItem","position":1,"name":"Accueil","item":"https:\/\/www.webdo.tn\/fr\/"},{"@type":"ListItem","position":2,"name":"Les projets de CIN et de passeport biom\u00e9triques approuv\u00e9s par le Chef du gouvernement"}]},{"@type":"WebSite","@id":"https:\/\/www.webdo.tn\/fr\/#website","url":"https:\/\/www.webdo.tn\/fr\/","name":"webdo","description":"Tunisie - News en Tunisie et \u00e0 l&#039;international sur Webdo.tn","publisher":{"@id":"https:\/\/www.webdo.tn\/fr\/#organization"},"potentialAction":[{"@type":"SearchAction","target":{"@type":"EntryPoint","urlTemplate":"https:\/\/www.webdo.tn\/fr\/?s={search_term_string}"},"query-input":{"@type":"PropertyValueSpecification","valueRequired":true,"valueName":"search_term_string"}}],"inLanguage":"fr-FR"},{"@type":"Organization","@id":"https:\/\/www.webdo.tn\/fr\/#organization","name":"Webdo","alternateName":"Webdo.tn","url":"https:\/\/www.webdo.tn\/fr\/","logo":{"@type":"ImageObject","inLanguage":"fr-FR","@id":"https:\/\/www.webdo.tn\/fr\/#\/schema\/logo\/image\/","url":"https:\/\/www.webdo.tn\/fr\/wp-content\/uploads\/2025\/06\/Webdo-Tunisie_168377.jpg","contentUrl":"https:\/\/www.webdo.tn\/fr\/wp-content\/uploads\/2025\/06\/Webdo-Tunisie_168377.jpg","width":301,"height":301,"caption":"Webdo"},"image":{"@id":"https:\/\/www.webdo.tn\/fr\/#\/schema\/logo\/image\/"},"sameAs":["https:\/\/www.facebook.com\/webdotn","https:\/\/x.com\/webdo_tn"],"description":"Webdo est un m\u00e9dia num\u00e9rique tunisien fond\u00e9 en 2010, sp\u00e9cialis\u00e9 dans l\u2019actualit\u00e9 nationale et internationale, l\u2019\u00e9conomie, la soci\u00e9t\u00e9 et les analyses politiques. Le site s\u2019adresse \u00e0 un large public francophone et couvre l\u2019information tunisienne en temps r\u00e9el.","email":"redac@webdo.tn","legalName":"YNJ SARL","foundingDate":"2010-09-06","numberOfEmployees":{"@type":"QuantitativeValue","minValue":"11","maxValue":"50"}},{"@type":"Person","@id":"https:\/\/www.webdo.tn\/fr\/#\/schema\/person\/2c4929cbf5a809e3bd38617c6ce150f6","name":"MC","image":{"@type":"ImageObject","inLanguage":"fr-FR","@id":"https:\/\/secure.gravatar.com\/avatar\/a545bbb6f84efdd5553dbbc2895e3ca8f1d12c5215e00a041c9670b54aa9b18a?s=96&d=mm&r=g","url":"https:\/\/secure.gravatar.com\/avatar\/a545bbb6f84efdd5553dbbc2895e3ca8f1d12c5215e00a041c9670b54aa9b18a?s=96&d=mm&r=g","contentUrl":"https:\/\/secure.gravatar.com\/avatar\/a545bbb6f84efdd5553dbbc2895e3ca8f1d12c5215e00a041c9670b54aa9b18a?s=96&d=mm&r=g","caption":"MC"},"url":"https:\/\/www.webdo.tn\/fr\/actualite\/author\/mc\/"}]}},"_links":{"self":[{"href":"https:\/\/www.webdo.tn\/fr\/wp-json\/wp\/v2\/posts\/209987","targetHints":{"allow":["GET"]}}],"collection":[{"href":"https:\/\/www.webdo.tn\/fr\/wp-json\/wp\/v2\/posts"}],"about":[{"href":"https:\/\/www.webdo.tn\/fr\/wp-json\/wp\/v2\/types\/post"}],"author":[{"embeddable":true,"href":"https:\/\/www.webdo.tn\/fr\/wp-json\/wp\/v2\/users\/3162"}],"replies":[{"embeddable":true,"href":"https:\/\/www.webdo.tn\/fr\/wp-json\/wp\/v2\/comments?post=209987"}],"version-history":[{"count":0,"href":"https:\/\/www.webdo.tn\/fr\/wp-json\/wp\/v2\/posts\/209987\/revisions"}],"wp:featuredmedia":[{"embeddable":true,"href":"https:\/\/www.webdo.tn\/fr\/wp-json\/wp\/v2\/media\/248820"}],"wp:attachment":[{"href":"https:\/\/www.webdo.tn\/fr\/wp-json\/wp\/v2\/media?parent=209987"}],"wp:term":[{"taxonomy":"category","embeddable":true,"href":"https:\/\/www.webdo.tn\/fr\/wp-json\/wp\/v2\/categories?post=209987"},{"taxonomy":"post_tag","embeddable":true,"href":"https:\/\/www.webdo.tn\/fr\/wp-json\/wp\/v2\/tags?post=209987"}],"curies":[{"name":"wp","href":"https:\/\/api.w.org\/{rel}","templated":true}]}}