{"id":209982,"date":"2023-11-08T15:45:00","date_gmt":"2023-11-08T15:45:00","guid":{"rendered":"https:\/\/www.webdo.tn\/fr\/blog\/gaza-l-appel-de-mohamed-ali-boughdiri-a-l-unesco\/209982\/"},"modified":"2025-05-20T22:52:19","modified_gmt":"2025-05-20T22:52:19","slug":"gaza-l-appel-de-mohamed-ali-boughdiri-a-l-unesco","status":"publish","type":"post","link":"https:\/\/www.webdo.tn\/fr\/actualite\/national\/gaza-l-appel-de-mohamed-ali-boughdiri-a-l-unesco\/209982\/","title":{"rendered":"Gaza : L\u2019appel de Mohamed Ali Boughdiri \u00e0 l\u2019UNESCO"},"content":{"rendered":"<p>Le ministre de l&rsquo;\u00e9ducation Mohamed Ali Boughdiri a appel\u00e9 mercredi l&rsquo;organisation des nations unies pour l&rsquo;\u00e9ducation, la science et la culture (UNESCO) \u00e0 assumer son r\u00f4le sur le plan humanitaire pour stopper les agressions sionistes contre le peuple palestinien et le d\u00e9placement forc\u00e9 de la population.<\/p>\n<p>\t\t\t\t\t\t\t\t\t\u00a0<\/p>\n<p>S&rsquo;exprimant au cours de la 42e session de la conf\u00e9rence g\u00e9n\u00e9rale de l&rsquo;UNESCO \u00e0 Paris, Boughdiri a condamn\u00e9 les frappes des forces d&rsquo;occupation sioniste contre les civils palestiniens ciblant les femmes, les nourrissons et les personnes \u00e2g\u00e9es et la destruction des b\u00e2timents, des \u00e9tablissements \u00e9ducatifs et culturels, des h\u00f4pitaux et lieux de culte devant le mutisme et l&rsquo;inaction de la communaut\u00e9 internationale.<\/p>\n<p>Il a r\u00e9it\u00e9r\u00e9 la position de la Tunisie en faveur des droits l\u00e9gitimes du peuple palestinien, en particulier son droit \u00e0 l&rsquo;autod\u00e9termination et \u00e0 l&rsquo;instauration d&rsquo;un \u00e9tat ind\u00e9pendant avec comme capitale El Qods.<\/p>\n<p>Par ailleurs, le minist\u00e8re de l&rsquo;\u00e9ducation a pr\u00e9sent\u00e9 la strat\u00e9gie de la Tunisie en mati\u00e8re de r\u00e9forme du syst\u00e8me \u00e9ducatif et de l&rsquo;enseignement \u00e0 travers le lancement d&rsquo;une consultation nationale, outre la cr\u00e9ation prochainement d&rsquo;un conseil sup\u00e9rieur de l&rsquo;\u00e9ducation, pr\u00e9vu par la constitution, qui \u00e9met son avis sur les grands plans nationaux dans le domaine de l&rsquo;enseignement et de l&rsquo;\u00e9ducation.<\/p>\n<p>A noter que les travaux de la 42e session de la conf\u00e9rence g\u00e9n\u00e9rale de l&rsquo;UNESCO ont d\u00e9marr\u00e9 hier mardi au si\u00e8ge de l&rsquo;UNESCO \u00e0 Paris et se poursuivront jusqu&rsquo;au 22 novembre prochain avec la participation de repr\u00e9sentants de 194 pays et de plusieurs composantes de la soci\u00e9t\u00e9 civile.<\/p>\n","protected":false},"excerpt":{"rendered":"<p>S&rsquo;exprimant au cours de la 42e session de la conf\u00e9rence g\u00e9n\u00e9rale de l&rsquo;UNESCO \u00e0 Paris, Boughdiri a condamn\u00e9 les frappes des forces d&rsquo;occupation sioniste contre l&#8230;<\/p>\n","protected":false},"author":3175,"featured_media":289835,"comment_status":"open","ping_status":"closed","sticky":false,"template":"","format":"standard","meta":{"footnotes":""},"categories":[44],"tags":[2689,2608,4946],"class_list":["post-209982","post","type-post","status-publish","format-standard","has-post-thumbnail","hentry","category-national","tag-gaza","tag-tunisie","tag-unesco"],"yoast_head":"<!-- This site is optimized with the Yoast SEO Premium plugin v27.5 (Yoast SEO v27.5) - https:\/\/yoast.com\/product\/yoast-seo-premium-wordpress\/ -->\n<title>Gaza : L\u2019appel de Mohamed Ali Boughdiri \u00e0 l\u2019UNESCO<\/title>\n<meta name=\"description\" content=\"S&#039;exprimant au cours de la 42e session de la conf\u00e9rence g\u00e9n\u00e9rale de l&#039;UNESCO \u00e0 Paris, Boughdiri a condamn\u00e9 les frappes des forces d&#039;occupation sioniste contre l...\" \/>\n<link rel=\"canonical\" href=\"https:\/\/www.webdo.tn\/fr\/actualite\/national\/gaza-l-appel-de-mohamed-ali-boughdiri-a-l-unesco\/209982\/\" \/>\n<meta property=\"og:locale\" content=\"fr_FR\" \/>\n<meta property=\"og:type\" content=\"article\" \/>\n<meta property=\"og:title\" content=\"Gaza : L\u2019appel de Mohamed Ali Boughdiri \u00e0 l\u2019UNESCO\" \/>\n<meta property=\"og:description\" content=\"S&#039;exprimant au cours de la 42e session de la conf\u00e9rence g\u00e9n\u00e9rale de l&#039;UNESCO \u00e0 Paris, Boughdiri a condamn\u00e9 les frappes des forces d&#039;occupation sioniste contre l...\" \/>\n<meta property=\"og:url\" content=\"https:\/\/www.webdo.tn\/fr\/actualite\/national\/gaza-l-appel-de-mohamed-ali-boughdiri-a-l-unesco\/209982\/\" \/>\n<meta property=\"og:site_name\" content=\"webdo\" \/>\n<meta property=\"article:publisher\" content=\"https:\/\/www.facebook.com\/webdotn\" \/>\n<meta property=\"article:published_time\" content=\"2023-11-08T15:45:00+00:00\" \/>\n<meta property=\"article:modified_time\" content=\"2025-05-20T22:52:19+00:00\" \/>\n<meta property=\"og:image\" content=\"https:\/\/www.webdo.tn\/fr\/wp-content\/uploads\/2023\/11\/5cb03cda88911f56da76592369d608e3.jpg\" \/>\n\t<meta property=\"og:image:width\" content=\"750\" \/>\n\t<meta property=\"og:image:height\" content=\"400\" \/>\n\t<meta property=\"og:image:type\" content=\"image\/jpeg\" \/>\n<meta name=\"author\" content=\"CL\" \/>\n<meta name=\"twitter:card\" content=\"summary_large_image\" \/>\n<meta name=\"twitter:creator\" content=\"@webdo_tn\" \/>\n<meta name=\"twitter:site\" content=\"@webdo_tn\" \/>\n<meta name=\"twitter:label1\" content=\"\u00c9crit par\" \/>\n\t<meta name=\"twitter:data1\" content=\"CL\" \/>\n\t<meta name=\"twitter:label2\" content=\"Dur\u00e9e de lecture estim\u00e9e\" \/>\n\t<meta name=\"twitter:data2\" content=\"1 minute\" \/>\n<script type=\"application\/ld+json\" class=\"yoast-schema-graph\">{\"@context\":\"https:\\\/\\\/schema.org\",\"@graph\":[{\"@type\":\"NewsArticle\",\"@id\":\"https:\\\/\\\/www.webdo.tn\\\/fr\\\/actualite\\\/national\\\/gaza-l-appel-de-mohamed-ali-boughdiri-a-l-unesco\\\/209982\\\/#article\",\"isPartOf\":{\"@id\":\"https:\\\/\\\/www.webdo.tn\\\/fr\\\/actualite\\\/national\\\/gaza-l-appel-de-mohamed-ali-boughdiri-a-l-unesco\\\/209982\\\/\"},\"author\":{\"name\":\"CL\",\"@id\":\"https:\\\/\\\/www.webdo.tn\\\/fr\\\/#\\\/schema\\\/person\\\/f35b42a42c5e2511bbd282959d6385cc\"},\"headline\":\"Gaza : L\u2019appel de Mohamed Ali Boughdiri \u00e0 l\u2019UNESCO\",\"datePublished\":\"2023-11-08T15:45:00+00:00\",\"dateModified\":\"2025-05-20T22:52:19+00:00\",\"mainEntityOfPage\":{\"@id\":\"https:\\\/\\\/www.webdo.tn\\\/fr\\\/actualite\\\/national\\\/gaza-l-appel-de-mohamed-ali-boughdiri-a-l-unesco\\\/209982\\\/\"},\"wordCount\":299,\"commentCount\":0,\"publisher\":{\"@id\":\"https:\\\/\\\/www.webdo.tn\\\/fr\\\/#organization\"},\"image\":{\"@id\":\"https:\\\/\\\/www.webdo.tn\\\/fr\\\/actualite\\\/national\\\/gaza-l-appel-de-mohamed-ali-boughdiri-a-l-unesco\\\/209982\\\/#primaryimage\"},\"thumbnailUrl\":\"https:\\\/\\\/www.webdo.tn\\\/fr\\\/wp-content\\\/uploads\\\/2023\\\/11\\\/5cb03cda88911f56da76592369d608e3.jpg\",\"keywords\":[\"Gaza\",\"Tunisie\",\"unesco\"],\"articleSection\":[\"National\"],\"inLanguage\":\"fr-FR\"},{\"@type\":\"WebPage\",\"@id\":\"https:\\\/\\\/www.webdo.tn\\\/fr\\\/actualite\\\/national\\\/gaza-l-appel-de-mohamed-ali-boughdiri-a-l-unesco\\\/209982\\\/\",\"url\":\"https:\\\/\\\/www.webdo.tn\\\/fr\\\/actualite\\\/national\\\/gaza-l-appel-de-mohamed-ali-boughdiri-a-l-unesco\\\/209982\\\/\",\"name\":\"Gaza : L\u2019appel de Mohamed Ali Boughdiri \u00e0 l\u2019UNESCO\",\"isPartOf\":{\"@id\":\"https:\\\/\\\/www.webdo.tn\\\/fr\\\/#website\"},\"primaryImageOfPage\":{\"@id\":\"https:\\\/\\\/www.webdo.tn\\\/fr\\\/actualite\\\/national\\\/gaza-l-appel-de-mohamed-ali-boughdiri-a-l-unesco\\\/209982\\\/#primaryimage\"},\"image\":{\"@id\":\"https:\\\/\\\/www.webdo.tn\\\/fr\\\/actualite\\\/national\\\/gaza-l-appel-de-mohamed-ali-boughdiri-a-l-unesco\\\/209982\\\/#primaryimage\"},\"thumbnailUrl\":\"https:\\\/\\\/www.webdo.tn\\\/fr\\\/wp-content\\\/uploads\\\/2023\\\/11\\\/5cb03cda88911f56da76592369d608e3.jpg\",\"datePublished\":\"2023-11-08T15:45:00+00:00\",\"dateModified\":\"2025-05-20T22:52:19+00:00\",\"description\":\"S'exprimant au cours de la 42e session de la conf\u00e9rence g\u00e9n\u00e9rale de l'UNESCO \u00e0 Paris, Boughdiri a condamn\u00e9 les frappes des forces d'occupation sioniste contre l...\",\"breadcrumb\":{\"@id\":\"https:\\\/\\\/www.webdo.tn\\\/fr\\\/actualite\\\/national\\\/gaza-l-appel-de-mohamed-ali-boughdiri-a-l-unesco\\\/209982\\\/#breadcrumb\"},\"inLanguage\":\"fr-FR\",\"potentialAction\":[{\"@type\":\"ReadAction\",\"target\":[\"https:\\\/\\\/www.webdo.tn\\\/fr\\\/actualite\\\/national\\\/gaza-l-appel-de-mohamed-ali-boughdiri-a-l-unesco\\\/209982\\\/\"]}]},{\"@type\":\"ImageObject\",\"inLanguage\":\"fr-FR\",\"@id\":\"https:\\\/\\\/www.webdo.tn\\\/fr\\\/actualite\\\/national\\\/gaza-l-appel-de-mohamed-ali-boughdiri-a-l-unesco\\\/209982\\\/#primaryimage\",\"url\":\"https:\\\/\\\/www.webdo.tn\\\/fr\\\/wp-content\\\/uploads\\\/2023\\\/11\\\/5cb03cda88911f56da76592369d608e3.jpg\",\"contentUrl\":\"https:\\\/\\\/www.webdo.tn\\\/fr\\\/wp-content\\\/uploads\\\/2023\\\/11\\\/5cb03cda88911f56da76592369d608e3.jpg\",\"width\":750,\"height\":400,\"caption\":\"Gaza : L\u2019appel de Mohamed Ali Boughdiri \u00e0 l\u2019UNESCO\"},{\"@type\":\"BreadcrumbList\",\"@id\":\"https:\\\/\\\/www.webdo.tn\\\/fr\\\/actualite\\\/national\\\/gaza-l-appel-de-mohamed-ali-boughdiri-a-l-unesco\\\/209982\\\/#breadcrumb\",\"itemListElement\":[{\"@type\":\"ListItem\",\"position\":1,\"name\":\"Accueil\",\"item\":\"https:\\\/\\\/www.webdo.tn\\\/fr\\\/\"},{\"@type\":\"ListItem\",\"position\":2,\"name\":\"Gaza : L\u2019appel de Mohamed Ali Boughdiri \u00e0 l\u2019UNESCO\"}]},{\"@type\":\"WebSite\",\"@id\":\"https:\\\/\\\/www.webdo.tn\\\/fr\\\/#website\",\"url\":\"https:\\\/\\\/www.webdo.tn\\\/fr\\\/\",\"name\":\"webdo\",\"description\":\"Tunisie - News en Tunisie et \u00e0 l&#039;international sur Webdo.tn\",\"publisher\":{\"@id\":\"https:\\\/\\\/www.webdo.tn\\\/fr\\\/#organization\"},\"potentialAction\":[{\"@type\":\"SearchAction\",\"target\":{\"@type\":\"EntryPoint\",\"urlTemplate\":\"https:\\\/\\\/www.webdo.tn\\\/fr\\\/?s={search_term_string}\"},\"query-input\":{\"@type\":\"PropertyValueSpecification\",\"valueRequired\":true,\"valueName\":\"search_term_string\"}}],\"inLanguage\":\"fr-FR\"},{\"@type\":\"Organization\",\"@id\":\"https:\\\/\\\/www.webdo.tn\\\/fr\\\/#organization\",\"name\":\"Webdo\",\"alternateName\":\"Webdo.tn\",\"url\":\"https:\\\/\\\/www.webdo.tn\\\/fr\\\/\",\"logo\":{\"@type\":\"ImageObject\",\"inLanguage\":\"fr-FR\",\"@id\":\"https:\\\/\\\/www.webdo.tn\\\/fr\\\/#\\\/schema\\\/logo\\\/image\\\/\",\"url\":\"https:\\\/\\\/www.webdo.tn\\\/fr\\\/wp-content\\\/uploads\\\/2025\\\/06\\\/Webdo-Tunisie_168377.jpg\",\"contentUrl\":\"https:\\\/\\\/www.webdo.tn\\\/fr\\\/wp-content\\\/uploads\\\/2025\\\/06\\\/Webdo-Tunisie_168377.jpg\",\"width\":301,\"height\":301,\"caption\":\"Webdo\"},\"image\":{\"@id\":\"https:\\\/\\\/www.webdo.tn\\\/fr\\\/#\\\/schema\\\/logo\\\/image\\\/\"},\"sameAs\":[\"https:\\\/\\\/www.facebook.com\\\/webdotn\",\"https:\\\/\\\/x.com\\\/webdo_tn\"],\"description\":\"Webdo est un m\u00e9dia num\u00e9rique tunisien fond\u00e9 en 2010, sp\u00e9cialis\u00e9 dans l\u2019actualit\u00e9 nationale et internationale, l\u2019\u00e9conomie, la soci\u00e9t\u00e9 et les analyses politiques. Le site s\u2019adresse \u00e0 un large public francophone et couvre l\u2019information tunisienne en temps r\u00e9el.\",\"email\":\"redac@webdo.tn\",\"legalName\":\"YNJ SARL\",\"foundingDate\":\"2010-09-06\",\"numberOfEmployees\":{\"@type\":\"QuantitativeValue\",\"minValue\":\"11\",\"maxValue\":\"50\"}},{\"@type\":\"Person\",\"@id\":\"https:\\\/\\\/www.webdo.tn\\\/fr\\\/#\\\/schema\\\/person\\\/f35b42a42c5e2511bbd282959d6385cc\",\"name\":\"CL\",\"image\":{\"@type\":\"ImageObject\",\"inLanguage\":\"fr-FR\",\"@id\":\"https:\\\/\\\/secure.gravatar.com\\\/avatar\\\/1447a49909b67aa657c488aec6512e1dd6143a480c1ecfee9b5b5cd74eb3b59e?s=96&d=mm&r=g\",\"url\":\"https:\\\/\\\/secure.gravatar.com\\\/avatar\\\/1447a49909b67aa657c488aec6512e1dd6143a480c1ecfee9b5b5cd74eb3b59e?s=96&d=mm&r=g\",\"contentUrl\":\"https:\\\/\\\/secure.gravatar.com\\\/avatar\\\/1447a49909b67aa657c488aec6512e1dd6143a480c1ecfee9b5b5cd74eb3b59e?s=96&d=mm&r=g\",\"caption\":\"CL\"},\"url\":\"https:\\\/\\\/www.webdo.tn\\\/fr\\\/actualite\\\/author\\\/cl\\\/\"}]}<\/script>\n<!-- \/ Yoast SEO Premium plugin. -->","yoast_head_json":{"title":"Gaza : L\u2019appel de Mohamed Ali Boughdiri \u00e0 l\u2019UNESCO","description":"S'exprimant au cours de la 42e session de la conf\u00e9rence g\u00e9n\u00e9rale de l'UNESCO \u00e0 Paris, Boughdiri a condamn\u00e9 les frappes des forces d'occupation sioniste contre l...","canonical":"https:\/\/www.webdo.tn\/fr\/actualite\/national\/gaza-l-appel-de-mohamed-ali-boughdiri-a-l-unesco\/209982\/","og_locale":"fr_FR","og_type":"article","og_title":"Gaza : L\u2019appel de Mohamed Ali Boughdiri \u00e0 l\u2019UNESCO","og_description":"S'exprimant au cours de la 42e session de la conf\u00e9rence g\u00e9n\u00e9rale de l'UNESCO \u00e0 Paris, Boughdiri a condamn\u00e9 les frappes des forces d'occupation sioniste contre l...","og_url":"https:\/\/www.webdo.tn\/fr\/actualite\/national\/gaza-l-appel-de-mohamed-ali-boughdiri-a-l-unesco\/209982\/","og_site_name":"webdo","article_publisher":"https:\/\/www.facebook.com\/webdotn","article_published_time":"2023-11-08T15:45:00+00:00","article_modified_time":"2025-05-20T22:52:19+00:00","og_image":[{"width":750,"height":400,"url":"https:\/\/www.webdo.tn\/fr\/wp-content\/uploads\/2023\/11\/5cb03cda88911f56da76592369d608e3.jpg","type":"image\/jpeg"}],"author":"CL","twitter_card":"summary_large_image","twitter_creator":"@webdo_tn","twitter_site":"@webdo_tn","twitter_misc":{"\u00c9crit par":"CL","Dur\u00e9e de lecture estim\u00e9e":"1 minute"},"schema":{"@context":"https:\/\/schema.org","@graph":[{"@type":"NewsArticle","@id":"https:\/\/www.webdo.tn\/fr\/actualite\/national\/gaza-l-appel-de-mohamed-ali-boughdiri-a-l-unesco\/209982\/#article","isPartOf":{"@id":"https:\/\/www.webdo.tn\/fr\/actualite\/national\/gaza-l-appel-de-mohamed-ali-boughdiri-a-l-unesco\/209982\/"},"author":{"name":"CL","@id":"https:\/\/www.webdo.tn\/fr\/#\/schema\/person\/f35b42a42c5e2511bbd282959d6385cc"},"headline":"Gaza : L\u2019appel de Mohamed Ali Boughdiri \u00e0 l\u2019UNESCO","datePublished":"2023-11-08T15:45:00+00:00","dateModified":"2025-05-20T22:52:19+00:00","mainEntityOfPage":{"@id":"https:\/\/www.webdo.tn\/fr\/actualite\/national\/gaza-l-appel-de-mohamed-ali-boughdiri-a-l-unesco\/209982\/"},"wordCount":299,"commentCount":0,"publisher":{"@id":"https:\/\/www.webdo.tn\/fr\/#organization"},"image":{"@id":"https:\/\/www.webdo.tn\/fr\/actualite\/national\/gaza-l-appel-de-mohamed-ali-boughdiri-a-l-unesco\/209982\/#primaryimage"},"thumbnailUrl":"https:\/\/www.webdo.tn\/fr\/wp-content\/uploads\/2023\/11\/5cb03cda88911f56da76592369d608e3.jpg","keywords":["Gaza","Tunisie","unesco"],"articleSection":["National"],"inLanguage":"fr-FR"},{"@type":"WebPage","@id":"https:\/\/www.webdo.tn\/fr\/actualite\/national\/gaza-l-appel-de-mohamed-ali-boughdiri-a-l-unesco\/209982\/","url":"https:\/\/www.webdo.tn\/fr\/actualite\/national\/gaza-l-appel-de-mohamed-ali-boughdiri-a-l-unesco\/209982\/","name":"Gaza : L\u2019appel de Mohamed Ali Boughdiri \u00e0 l\u2019UNESCO","isPartOf":{"@id":"https:\/\/www.webdo.tn\/fr\/#website"},"primaryImageOfPage":{"@id":"https:\/\/www.webdo.tn\/fr\/actualite\/national\/gaza-l-appel-de-mohamed-ali-boughdiri-a-l-unesco\/209982\/#primaryimage"},"image":{"@id":"https:\/\/www.webdo.tn\/fr\/actualite\/national\/gaza-l-appel-de-mohamed-ali-boughdiri-a-l-unesco\/209982\/#primaryimage"},"thumbnailUrl":"https:\/\/www.webdo.tn\/fr\/wp-content\/uploads\/2023\/11\/5cb03cda88911f56da76592369d608e3.jpg","datePublished":"2023-11-08T15:45:00+00:00","dateModified":"2025-05-20T22:52:19+00:00","description":"S'exprimant au cours de la 42e session de la conf\u00e9rence g\u00e9n\u00e9rale de l'UNESCO \u00e0 Paris, Boughdiri a condamn\u00e9 les frappes des forces d'occupation sioniste contre l...","breadcrumb":{"@id":"https:\/\/www.webdo.tn\/fr\/actualite\/national\/gaza-l-appel-de-mohamed-ali-boughdiri-a-l-unesco\/209982\/#breadcrumb"},"inLanguage":"fr-FR","potentialAction":[{"@type":"ReadAction","target":["https:\/\/www.webdo.tn\/fr\/actualite\/national\/gaza-l-appel-de-mohamed-ali-boughdiri-a-l-unesco\/209982\/"]}]},{"@type":"ImageObject","inLanguage":"fr-FR","@id":"https:\/\/www.webdo.tn\/fr\/actualite\/national\/gaza-l-appel-de-mohamed-ali-boughdiri-a-l-unesco\/209982\/#primaryimage","url":"https:\/\/www.webdo.tn\/fr\/wp-content\/uploads\/2023\/11\/5cb03cda88911f56da76592369d608e3.jpg","contentUrl":"https:\/\/www.webdo.tn\/fr\/wp-content\/uploads\/2023\/11\/5cb03cda88911f56da76592369d608e3.jpg","width":750,"height":400,"caption":"Gaza : L\u2019appel de Mohamed Ali Boughdiri \u00e0 l\u2019UNESCO"},{"@type":"BreadcrumbList","@id":"https:\/\/www.webdo.tn\/fr\/actualite\/national\/gaza-l-appel-de-mohamed-ali-boughdiri-a-l-unesco\/209982\/#breadcrumb","itemListElement":[{"@type":"ListItem","position":1,"name":"Accueil","item":"https:\/\/www.webdo.tn\/fr\/"},{"@type":"ListItem","position":2,"name":"Gaza : L\u2019appel de Mohamed Ali Boughdiri \u00e0 l\u2019UNESCO"}]},{"@type":"WebSite","@id":"https:\/\/www.webdo.tn\/fr\/#website","url":"https:\/\/www.webdo.tn\/fr\/","name":"webdo","description":"Tunisie - News en Tunisie et \u00e0 l&#039;international sur Webdo.tn","publisher":{"@id":"https:\/\/www.webdo.tn\/fr\/#organization"},"potentialAction":[{"@type":"SearchAction","target":{"@type":"EntryPoint","urlTemplate":"https:\/\/www.webdo.tn\/fr\/?s={search_term_string}"},"query-input":{"@type":"PropertyValueSpecification","valueRequired":true,"valueName":"search_term_string"}}],"inLanguage":"fr-FR"},{"@type":"Organization","@id":"https:\/\/www.webdo.tn\/fr\/#organization","name":"Webdo","alternateName":"Webdo.tn","url":"https:\/\/www.webdo.tn\/fr\/","logo":{"@type":"ImageObject","inLanguage":"fr-FR","@id":"https:\/\/www.webdo.tn\/fr\/#\/schema\/logo\/image\/","url":"https:\/\/www.webdo.tn\/fr\/wp-content\/uploads\/2025\/06\/Webdo-Tunisie_168377.jpg","contentUrl":"https:\/\/www.webdo.tn\/fr\/wp-content\/uploads\/2025\/06\/Webdo-Tunisie_168377.jpg","width":301,"height":301,"caption":"Webdo"},"image":{"@id":"https:\/\/www.webdo.tn\/fr\/#\/schema\/logo\/image\/"},"sameAs":["https:\/\/www.facebook.com\/webdotn","https:\/\/x.com\/webdo_tn"],"description":"Webdo est un m\u00e9dia num\u00e9rique tunisien fond\u00e9 en 2010, sp\u00e9cialis\u00e9 dans l\u2019actualit\u00e9 nationale et internationale, l\u2019\u00e9conomie, la soci\u00e9t\u00e9 et les analyses politiques. Le site s\u2019adresse \u00e0 un large public francophone et couvre l\u2019information tunisienne en temps r\u00e9el.","email":"redac@webdo.tn","legalName":"YNJ SARL","foundingDate":"2010-09-06","numberOfEmployees":{"@type":"QuantitativeValue","minValue":"11","maxValue":"50"}},{"@type":"Person","@id":"https:\/\/www.webdo.tn\/fr\/#\/schema\/person\/f35b42a42c5e2511bbd282959d6385cc","name":"CL","image":{"@type":"ImageObject","inLanguage":"fr-FR","@id":"https:\/\/secure.gravatar.com\/avatar\/1447a49909b67aa657c488aec6512e1dd6143a480c1ecfee9b5b5cd74eb3b59e?s=96&d=mm&r=g","url":"https:\/\/secure.gravatar.com\/avatar\/1447a49909b67aa657c488aec6512e1dd6143a480c1ecfee9b5b5cd74eb3b59e?s=96&d=mm&r=g","contentUrl":"https:\/\/secure.gravatar.com\/avatar\/1447a49909b67aa657c488aec6512e1dd6143a480c1ecfee9b5b5cd74eb3b59e?s=96&d=mm&r=g","caption":"CL"},"url":"https:\/\/www.webdo.tn\/fr\/actualite\/author\/cl\/"}]}},"_links":{"self":[{"href":"https:\/\/www.webdo.tn\/fr\/wp-json\/wp\/v2\/posts\/209982","targetHints":{"allow":["GET"]}}],"collection":[{"href":"https:\/\/www.webdo.tn\/fr\/wp-json\/wp\/v2\/posts"}],"about":[{"href":"https:\/\/www.webdo.tn\/fr\/wp-json\/wp\/v2\/types\/post"}],"author":[{"embeddable":true,"href":"https:\/\/www.webdo.tn\/fr\/wp-json\/wp\/v2\/users\/3175"}],"replies":[{"embeddable":true,"href":"https:\/\/www.webdo.tn\/fr\/wp-json\/wp\/v2\/comments?post=209982"}],"version-history":[{"count":0,"href":"https:\/\/www.webdo.tn\/fr\/wp-json\/wp\/v2\/posts\/209982\/revisions"}],"wp:featuredmedia":[{"embeddable":true,"href":"https:\/\/www.webdo.tn\/fr\/wp-json\/wp\/v2\/media\/289835"}],"wp:attachment":[{"href":"https:\/\/www.webdo.tn\/fr\/wp-json\/wp\/v2\/media?parent=209982"}],"wp:term":[{"taxonomy":"category","embeddable":true,"href":"https:\/\/www.webdo.tn\/fr\/wp-json\/wp\/v2\/categories?post=209982"},{"taxonomy":"post_tag","embeddable":true,"href":"https:\/\/www.webdo.tn\/fr\/wp-json\/wp\/v2\/tags?post=209982"}],"curies":[{"name":"wp","href":"https:\/\/api.w.org\/{rel}","templated":true}]}}