{"id":209981,"date":"2023-11-08T14:21:00","date_gmt":"2023-11-08T14:21:00","guid":{"rendered":"https:\/\/www.webdo.tn\/fr\/blog\/un-rapporteur-special-de-l-onu-denonce-des-crimes-de-guerre-a-gaza\/209981\/"},"modified":"2025-05-20T22:52:18","modified_gmt":"2025-05-20T22:52:18","slug":"un-rapporteur-special-de-l-onu-denonce-des-crimes-de-guerre-a-gaza","status":"publish","type":"post","link":"https:\/\/www.webdo.tn\/fr\/actualite\/international\/un-rapporteur-special-de-l-onu-denonce-des-crimes-de-guerre-a-gaza\/209981\/","title":{"rendered":"Un rapporteur sp\u00e9cial de l\u2019ONU d\u00e9nonce des \u00ab crimes de guerre \u00bb \u00e0 Gaza"},"content":{"rendered":"<p>Les bombardements g\u00e9n\u00e9ralis\u00e9s des habitations et des infrastructures civiles de la bande de Gaza et les tirs aveugles de roquettes du Hamas constituent des \u00ab crimes de guerre \u00bb, a estim\u00e9 le rapporteur sp\u00e9cial de l\u2019ONU sur le droit au logement convenable, Balakrishnan Rajagopal, mercredi 8 novembre 2023.\u00a0<\/p>\n<p>\t\t\t\t\t\t\t\t\t\u00a0<\/p>\n<p>\u00ab Mener des hostilit\u00e9s en sachant qu\u2019elles d\u00e9truiront et endommageront syst\u00e9matiquement les habitations et les infrastructures civiles, rendant ainsi une ville enti\u00e8re \u2013 comme la ville de Gaza \u2013 inhabitable pour les civils, est un crime de guerre \u00bb, affirme-t-il. Lorsque de tels actes sont \u00ab dirig\u00e9s contre une population civile, ils constituent \u00e9galement des crimes contre l\u2019humanit\u00e9 \u00bb.<\/p>\n<p>Depuis un mois, les raids isra\u00e9liens ont d\u00e9truit ou endommag\u00e9 45 % des immeubles d\u2019habitation du territoire palestinien et entra\u00een\u00e9 un \u00ab co\u00fbt \u00e9norme en vies humaines \u00bb, rappelle M. Rajagopal dans un communiqu\u00e9.<\/p>\n","protected":false},"excerpt":{"rendered":"<p>\u00ab Mener des hostilit\u00e9s en sachant qu\u2019elles d\u00e9truiront et endommageront syst\u00e9matiquement les habitations et les infrastructures civiles, rendant ainsi une ville&#8230;<\/p>\n","protected":false},"author":3175,"featured_media":289832,"comment_status":"open","ping_status":"closed","sticky":false,"template":"","format":"standard","meta":{"footnotes":""},"categories":[2598],"tags":[7489,2689,3296],"class_list":["post-209981","post","type-post","status-publish","format-standard","has-post-thumbnail","hentry","category-international","tag-crimes-de-guerre","tag-gaza","tag-onu"],"yoast_head":"<!-- This site is optimized with the Yoast SEO Premium plugin v27.4 (Yoast SEO v27.5) - https:\/\/yoast.com\/product\/yoast-seo-premium-wordpress\/ -->\n<title>Un rapporteur sp\u00e9cial de l\u2019ONU d\u00e9nonce des \u00ab crimes de guerre \u00bb \u00e0 Gaza<\/title>\n<meta name=\"description\" content=\"\u00ab Mener des hostilit\u00e9s en sachant qu\u2019elles d\u00e9truiront et endommageront syst\u00e9matiquement les habitations et les infrastructures civiles, rendant ainsi une ville...\" \/>\n<link rel=\"canonical\" href=\"https:\/\/www.webdo.tn\/fr\/actualite\/international\/un-rapporteur-special-de-l-onu-denonce-des-crimes-de-guerre-a-gaza\/209981\/\" \/>\n<meta property=\"og:locale\" content=\"fr_FR\" \/>\n<meta property=\"og:type\" content=\"article\" \/>\n<meta property=\"og:title\" content=\"Un rapporteur sp\u00e9cial de l\u2019ONU d\u00e9nonce des \u00ab crimes de guerre \u00bb \u00e0 Gaza\" \/>\n<meta property=\"og:description\" content=\"\u00ab Mener des hostilit\u00e9s en sachant qu\u2019elles d\u00e9truiront et endommageront syst\u00e9matiquement les habitations et les infrastructures civiles, rendant ainsi une ville...\" \/>\n<meta property=\"og:url\" content=\"https:\/\/www.webdo.tn\/fr\/actualite\/international\/un-rapporteur-special-de-l-onu-denonce-des-crimes-de-guerre-a-gaza\/209981\/\" \/>\n<meta property=\"og:site_name\" content=\"webdo\" \/>\n<meta property=\"article:publisher\" content=\"https:\/\/www.facebook.com\/webdotn\" \/>\n<meta property=\"article:published_time\" content=\"2023-11-08T14:21:00+00:00\" \/>\n<meta property=\"article:modified_time\" content=\"2025-05-20T22:52:18+00:00\" \/>\n<meta property=\"og:image\" content=\"https:\/\/www.webdo.tn\/fr\/wp-content\/uploads\/2023\/11\/37d31595d759026fa203c631798eaf68.jpg\" \/>\n\t<meta property=\"og:image:width\" content=\"750\" \/>\n\t<meta property=\"og:image:height\" content=\"400\" \/>\n\t<meta property=\"og:image:type\" content=\"image\/jpeg\" \/>\n<meta name=\"author\" content=\"CL\" \/>\n<meta name=\"twitter:card\" content=\"summary_large_image\" \/>\n<meta name=\"twitter:creator\" content=\"@webdo_tn\" \/>\n<meta name=\"twitter:site\" content=\"@webdo_tn\" \/>\n<meta name=\"twitter:label1\" content=\"\u00c9crit par\" \/>\n\t<meta name=\"twitter:data1\" content=\"CL\" \/>\n\t<meta name=\"twitter:label2\" content=\"Dur\u00e9e de lecture estim\u00e9e\" \/>\n\t<meta name=\"twitter:data2\" content=\"1 minute\" \/>\n<script type=\"application\/ld+json\" class=\"yoast-schema-graph\">{\"@context\":\"https:\\\/\\\/schema.org\",\"@graph\":[{\"@type\":\"NewsArticle\",\"@id\":\"https:\\\/\\\/www.webdo.tn\\\/fr\\\/actualite\\\/international\\\/un-rapporteur-special-de-l-onu-denonce-des-crimes-de-guerre-a-gaza\\\/209981\\\/#article\",\"isPartOf\":{\"@id\":\"https:\\\/\\\/www.webdo.tn\\\/fr\\\/actualite\\\/international\\\/un-rapporteur-special-de-l-onu-denonce-des-crimes-de-guerre-a-gaza\\\/209981\\\/\"},\"author\":{\"name\":\"CL\",\"@id\":\"https:\\\/\\\/www.webdo.tn\\\/fr\\\/#\\\/schema\\\/person\\\/f35b42a42c5e2511bbd282959d6385cc\"},\"headline\":\"Un rapporteur sp\u00e9cial de l\u2019ONU d\u00e9nonce des \u00ab crimes de guerre \u00bb \u00e0 Gaza\",\"datePublished\":\"2023-11-08T14:21:00+00:00\",\"dateModified\":\"2025-05-20T22:52:18+00:00\",\"mainEntityOfPage\":{\"@id\":\"https:\\\/\\\/www.webdo.tn\\\/fr\\\/actualite\\\/international\\\/un-rapporteur-special-de-l-onu-denonce-des-crimes-de-guerre-a-gaza\\\/209981\\\/\"},\"wordCount\":158,\"commentCount\":0,\"publisher\":{\"@id\":\"https:\\\/\\\/www.webdo.tn\\\/fr\\\/#organization\"},\"image\":{\"@id\":\"https:\\\/\\\/www.webdo.tn\\\/fr\\\/actualite\\\/international\\\/un-rapporteur-special-de-l-onu-denonce-des-crimes-de-guerre-a-gaza\\\/209981\\\/#primaryimage\"},\"thumbnailUrl\":\"https:\\\/\\\/www.webdo.tn\\\/fr\\\/wp-content\\\/uploads\\\/2023\\\/11\\\/37d31595d759026fa203c631798eaf68.jpg\",\"keywords\":[\"crimes de guerre\",\"Gaza\",\"ONU\"],\"articleSection\":[\"International\"],\"inLanguage\":\"fr-FR\"},{\"@type\":\"WebPage\",\"@id\":\"https:\\\/\\\/www.webdo.tn\\\/fr\\\/actualite\\\/international\\\/un-rapporteur-special-de-l-onu-denonce-des-crimes-de-guerre-a-gaza\\\/209981\\\/\",\"url\":\"https:\\\/\\\/www.webdo.tn\\\/fr\\\/actualite\\\/international\\\/un-rapporteur-special-de-l-onu-denonce-des-crimes-de-guerre-a-gaza\\\/209981\\\/\",\"name\":\"Un rapporteur sp\u00e9cial de l\u2019ONU d\u00e9nonce des \u00ab crimes de guerre \u00bb \u00e0 Gaza\",\"isPartOf\":{\"@id\":\"https:\\\/\\\/www.webdo.tn\\\/fr\\\/#website\"},\"primaryImageOfPage\":{\"@id\":\"https:\\\/\\\/www.webdo.tn\\\/fr\\\/actualite\\\/international\\\/un-rapporteur-special-de-l-onu-denonce-des-crimes-de-guerre-a-gaza\\\/209981\\\/#primaryimage\"},\"image\":{\"@id\":\"https:\\\/\\\/www.webdo.tn\\\/fr\\\/actualite\\\/international\\\/un-rapporteur-special-de-l-onu-denonce-des-crimes-de-guerre-a-gaza\\\/209981\\\/#primaryimage\"},\"thumbnailUrl\":\"https:\\\/\\\/www.webdo.tn\\\/fr\\\/wp-content\\\/uploads\\\/2023\\\/11\\\/37d31595d759026fa203c631798eaf68.jpg\",\"datePublished\":\"2023-11-08T14:21:00+00:00\",\"dateModified\":\"2025-05-20T22:52:18+00:00\",\"description\":\"\u00ab Mener des hostilit\u00e9s en sachant qu\u2019elles d\u00e9truiront et endommageront syst\u00e9matiquement les habitations et les infrastructures civiles, rendant ainsi une ville...\",\"breadcrumb\":{\"@id\":\"https:\\\/\\\/www.webdo.tn\\\/fr\\\/actualite\\\/international\\\/un-rapporteur-special-de-l-onu-denonce-des-crimes-de-guerre-a-gaza\\\/209981\\\/#breadcrumb\"},\"inLanguage\":\"fr-FR\",\"potentialAction\":[{\"@type\":\"ReadAction\",\"target\":[\"https:\\\/\\\/www.webdo.tn\\\/fr\\\/actualite\\\/international\\\/un-rapporteur-special-de-l-onu-denonce-des-crimes-de-guerre-a-gaza\\\/209981\\\/\"]}]},{\"@type\":\"ImageObject\",\"inLanguage\":\"fr-FR\",\"@id\":\"https:\\\/\\\/www.webdo.tn\\\/fr\\\/actualite\\\/international\\\/un-rapporteur-special-de-l-onu-denonce-des-crimes-de-guerre-a-gaza\\\/209981\\\/#primaryimage\",\"url\":\"https:\\\/\\\/www.webdo.tn\\\/fr\\\/wp-content\\\/uploads\\\/2023\\\/11\\\/37d31595d759026fa203c631798eaf68.jpg\",\"contentUrl\":\"https:\\\/\\\/www.webdo.tn\\\/fr\\\/wp-content\\\/uploads\\\/2023\\\/11\\\/37d31595d759026fa203c631798eaf68.jpg\",\"width\":750,\"height\":400,\"caption\":\"Un rapporteur sp\u00e9cial de l\u2019ONU d\u00e9nonce des \u00ab crimes de guerre \u00bb \u00e0 Gaza\"},{\"@type\":\"BreadcrumbList\",\"@id\":\"https:\\\/\\\/www.webdo.tn\\\/fr\\\/actualite\\\/international\\\/un-rapporteur-special-de-l-onu-denonce-des-crimes-de-guerre-a-gaza\\\/209981\\\/#breadcrumb\",\"itemListElement\":[{\"@type\":\"ListItem\",\"position\":1,\"name\":\"Accueil\",\"item\":\"https:\\\/\\\/www.webdo.tn\\\/fr\\\/\"},{\"@type\":\"ListItem\",\"position\":2,\"name\":\"Un rapporteur sp\u00e9cial de l\u2019ONU d\u00e9nonce des \u00ab crimes de guerre \u00bb \u00e0 Gaza\"}]},{\"@type\":\"WebSite\",\"@id\":\"https:\\\/\\\/www.webdo.tn\\\/fr\\\/#website\",\"url\":\"https:\\\/\\\/www.webdo.tn\\\/fr\\\/\",\"name\":\"webdo\",\"description\":\"Tunisie - News en Tunisie et \u00e0 l&#039;international sur Webdo.tn\",\"publisher\":{\"@id\":\"https:\\\/\\\/www.webdo.tn\\\/fr\\\/#organization\"},\"potentialAction\":[{\"@type\":\"SearchAction\",\"target\":{\"@type\":\"EntryPoint\",\"urlTemplate\":\"https:\\\/\\\/www.webdo.tn\\\/fr\\\/?s={search_term_string}\"},\"query-input\":{\"@type\":\"PropertyValueSpecification\",\"valueRequired\":true,\"valueName\":\"search_term_string\"}}],\"inLanguage\":\"fr-FR\"},{\"@type\":\"Organization\",\"@id\":\"https:\\\/\\\/www.webdo.tn\\\/fr\\\/#organization\",\"name\":\"Webdo\",\"alternateName\":\"Webdo.tn\",\"url\":\"https:\\\/\\\/www.webdo.tn\\\/fr\\\/\",\"logo\":{\"@type\":\"ImageObject\",\"inLanguage\":\"fr-FR\",\"@id\":\"https:\\\/\\\/www.webdo.tn\\\/fr\\\/#\\\/schema\\\/logo\\\/image\\\/\",\"url\":\"https:\\\/\\\/www.webdo.tn\\\/fr\\\/wp-content\\\/uploads\\\/2025\\\/06\\\/Webdo-Tunisie_168377.jpg\",\"contentUrl\":\"https:\\\/\\\/www.webdo.tn\\\/fr\\\/wp-content\\\/uploads\\\/2025\\\/06\\\/Webdo-Tunisie_168377.jpg\",\"width\":301,\"height\":301,\"caption\":\"Webdo\"},\"image\":{\"@id\":\"https:\\\/\\\/www.webdo.tn\\\/fr\\\/#\\\/schema\\\/logo\\\/image\\\/\"},\"sameAs\":[\"https:\\\/\\\/www.facebook.com\\\/webdotn\",\"https:\\\/\\\/x.com\\\/webdo_tn\"],\"description\":\"Webdo est un m\u00e9dia num\u00e9rique tunisien fond\u00e9 en 2010, sp\u00e9cialis\u00e9 dans l\u2019actualit\u00e9 nationale et internationale, l\u2019\u00e9conomie, la soci\u00e9t\u00e9 et les analyses politiques. Le site s\u2019adresse \u00e0 un large public francophone et couvre l\u2019information tunisienne en temps r\u00e9el.\",\"email\":\"redac@webdo.tn\",\"legalName\":\"YNJ SARL\",\"foundingDate\":\"2010-09-06\",\"numberOfEmployees\":{\"@type\":\"QuantitativeValue\",\"minValue\":\"11\",\"maxValue\":\"50\"}},{\"@type\":\"Person\",\"@id\":\"https:\\\/\\\/www.webdo.tn\\\/fr\\\/#\\\/schema\\\/person\\\/f35b42a42c5e2511bbd282959d6385cc\",\"name\":\"CL\",\"image\":{\"@type\":\"ImageObject\",\"inLanguage\":\"fr-FR\",\"@id\":\"https:\\\/\\\/secure.gravatar.com\\\/avatar\\\/1447a49909b67aa657c488aec6512e1dd6143a480c1ecfee9b5b5cd74eb3b59e?s=96&d=mm&r=g\",\"url\":\"https:\\\/\\\/secure.gravatar.com\\\/avatar\\\/1447a49909b67aa657c488aec6512e1dd6143a480c1ecfee9b5b5cd74eb3b59e?s=96&d=mm&r=g\",\"contentUrl\":\"https:\\\/\\\/secure.gravatar.com\\\/avatar\\\/1447a49909b67aa657c488aec6512e1dd6143a480c1ecfee9b5b5cd74eb3b59e?s=96&d=mm&r=g\",\"caption\":\"CL\"},\"url\":\"https:\\\/\\\/www.webdo.tn\\\/fr\\\/actualite\\\/author\\\/cl\\\/\"}]}<\/script>\n<!-- \/ Yoast SEO Premium plugin. -->","yoast_head_json":{"title":"Un rapporteur sp\u00e9cial de l\u2019ONU d\u00e9nonce des \u00ab crimes de guerre \u00bb \u00e0 Gaza","description":"\u00ab Mener des hostilit\u00e9s en sachant qu\u2019elles d\u00e9truiront et endommageront syst\u00e9matiquement les habitations et les infrastructures civiles, rendant ainsi une ville...","canonical":"https:\/\/www.webdo.tn\/fr\/actualite\/international\/un-rapporteur-special-de-l-onu-denonce-des-crimes-de-guerre-a-gaza\/209981\/","og_locale":"fr_FR","og_type":"article","og_title":"Un rapporteur sp\u00e9cial de l\u2019ONU d\u00e9nonce des \u00ab crimes de guerre \u00bb \u00e0 Gaza","og_description":"\u00ab Mener des hostilit\u00e9s en sachant qu\u2019elles d\u00e9truiront et endommageront syst\u00e9matiquement les habitations et les infrastructures civiles, rendant ainsi une ville...","og_url":"https:\/\/www.webdo.tn\/fr\/actualite\/international\/un-rapporteur-special-de-l-onu-denonce-des-crimes-de-guerre-a-gaza\/209981\/","og_site_name":"webdo","article_publisher":"https:\/\/www.facebook.com\/webdotn","article_published_time":"2023-11-08T14:21:00+00:00","article_modified_time":"2025-05-20T22:52:18+00:00","og_image":[{"width":750,"height":400,"url":"https:\/\/www.webdo.tn\/fr\/wp-content\/uploads\/2023\/11\/37d31595d759026fa203c631798eaf68.jpg","type":"image\/jpeg"}],"author":"CL","twitter_card":"summary_large_image","twitter_creator":"@webdo_tn","twitter_site":"@webdo_tn","twitter_misc":{"\u00c9crit par":"CL","Dur\u00e9e de lecture estim\u00e9e":"1 minute"},"schema":{"@context":"https:\/\/schema.org","@graph":[{"@type":"NewsArticle","@id":"https:\/\/www.webdo.tn\/fr\/actualite\/international\/un-rapporteur-special-de-l-onu-denonce-des-crimes-de-guerre-a-gaza\/209981\/#article","isPartOf":{"@id":"https:\/\/www.webdo.tn\/fr\/actualite\/international\/un-rapporteur-special-de-l-onu-denonce-des-crimes-de-guerre-a-gaza\/209981\/"},"author":{"name":"CL","@id":"https:\/\/www.webdo.tn\/fr\/#\/schema\/person\/f35b42a42c5e2511bbd282959d6385cc"},"headline":"Un rapporteur sp\u00e9cial de l\u2019ONU d\u00e9nonce des \u00ab crimes de guerre \u00bb \u00e0 Gaza","datePublished":"2023-11-08T14:21:00+00:00","dateModified":"2025-05-20T22:52:18+00:00","mainEntityOfPage":{"@id":"https:\/\/www.webdo.tn\/fr\/actualite\/international\/un-rapporteur-special-de-l-onu-denonce-des-crimes-de-guerre-a-gaza\/209981\/"},"wordCount":158,"commentCount":0,"publisher":{"@id":"https:\/\/www.webdo.tn\/fr\/#organization"},"image":{"@id":"https:\/\/www.webdo.tn\/fr\/actualite\/international\/un-rapporteur-special-de-l-onu-denonce-des-crimes-de-guerre-a-gaza\/209981\/#primaryimage"},"thumbnailUrl":"https:\/\/www.webdo.tn\/fr\/wp-content\/uploads\/2023\/11\/37d31595d759026fa203c631798eaf68.jpg","keywords":["crimes de guerre","Gaza","ONU"],"articleSection":["International"],"inLanguage":"fr-FR"},{"@type":"WebPage","@id":"https:\/\/www.webdo.tn\/fr\/actualite\/international\/un-rapporteur-special-de-l-onu-denonce-des-crimes-de-guerre-a-gaza\/209981\/","url":"https:\/\/www.webdo.tn\/fr\/actualite\/international\/un-rapporteur-special-de-l-onu-denonce-des-crimes-de-guerre-a-gaza\/209981\/","name":"Un rapporteur sp\u00e9cial de l\u2019ONU d\u00e9nonce des \u00ab crimes de guerre \u00bb \u00e0 Gaza","isPartOf":{"@id":"https:\/\/www.webdo.tn\/fr\/#website"},"primaryImageOfPage":{"@id":"https:\/\/www.webdo.tn\/fr\/actualite\/international\/un-rapporteur-special-de-l-onu-denonce-des-crimes-de-guerre-a-gaza\/209981\/#primaryimage"},"image":{"@id":"https:\/\/www.webdo.tn\/fr\/actualite\/international\/un-rapporteur-special-de-l-onu-denonce-des-crimes-de-guerre-a-gaza\/209981\/#primaryimage"},"thumbnailUrl":"https:\/\/www.webdo.tn\/fr\/wp-content\/uploads\/2023\/11\/37d31595d759026fa203c631798eaf68.jpg","datePublished":"2023-11-08T14:21:00+00:00","dateModified":"2025-05-20T22:52:18+00:00","description":"\u00ab Mener des hostilit\u00e9s en sachant qu\u2019elles d\u00e9truiront et endommageront syst\u00e9matiquement les habitations et les infrastructures civiles, rendant ainsi une ville...","breadcrumb":{"@id":"https:\/\/www.webdo.tn\/fr\/actualite\/international\/un-rapporteur-special-de-l-onu-denonce-des-crimes-de-guerre-a-gaza\/209981\/#breadcrumb"},"inLanguage":"fr-FR","potentialAction":[{"@type":"ReadAction","target":["https:\/\/www.webdo.tn\/fr\/actualite\/international\/un-rapporteur-special-de-l-onu-denonce-des-crimes-de-guerre-a-gaza\/209981\/"]}]},{"@type":"ImageObject","inLanguage":"fr-FR","@id":"https:\/\/www.webdo.tn\/fr\/actualite\/international\/un-rapporteur-special-de-l-onu-denonce-des-crimes-de-guerre-a-gaza\/209981\/#primaryimage","url":"https:\/\/www.webdo.tn\/fr\/wp-content\/uploads\/2023\/11\/37d31595d759026fa203c631798eaf68.jpg","contentUrl":"https:\/\/www.webdo.tn\/fr\/wp-content\/uploads\/2023\/11\/37d31595d759026fa203c631798eaf68.jpg","width":750,"height":400,"caption":"Un rapporteur sp\u00e9cial de l\u2019ONU d\u00e9nonce des \u00ab crimes de guerre \u00bb \u00e0 Gaza"},{"@type":"BreadcrumbList","@id":"https:\/\/www.webdo.tn\/fr\/actualite\/international\/un-rapporteur-special-de-l-onu-denonce-des-crimes-de-guerre-a-gaza\/209981\/#breadcrumb","itemListElement":[{"@type":"ListItem","position":1,"name":"Accueil","item":"https:\/\/www.webdo.tn\/fr\/"},{"@type":"ListItem","position":2,"name":"Un rapporteur sp\u00e9cial de l\u2019ONU d\u00e9nonce des \u00ab crimes de guerre \u00bb \u00e0 Gaza"}]},{"@type":"WebSite","@id":"https:\/\/www.webdo.tn\/fr\/#website","url":"https:\/\/www.webdo.tn\/fr\/","name":"webdo","description":"Tunisie - News en Tunisie et \u00e0 l&#039;international sur Webdo.tn","publisher":{"@id":"https:\/\/www.webdo.tn\/fr\/#organization"},"potentialAction":[{"@type":"SearchAction","target":{"@type":"EntryPoint","urlTemplate":"https:\/\/www.webdo.tn\/fr\/?s={search_term_string}"},"query-input":{"@type":"PropertyValueSpecification","valueRequired":true,"valueName":"search_term_string"}}],"inLanguage":"fr-FR"},{"@type":"Organization","@id":"https:\/\/www.webdo.tn\/fr\/#organization","name":"Webdo","alternateName":"Webdo.tn","url":"https:\/\/www.webdo.tn\/fr\/","logo":{"@type":"ImageObject","inLanguage":"fr-FR","@id":"https:\/\/www.webdo.tn\/fr\/#\/schema\/logo\/image\/","url":"https:\/\/www.webdo.tn\/fr\/wp-content\/uploads\/2025\/06\/Webdo-Tunisie_168377.jpg","contentUrl":"https:\/\/www.webdo.tn\/fr\/wp-content\/uploads\/2025\/06\/Webdo-Tunisie_168377.jpg","width":301,"height":301,"caption":"Webdo"},"image":{"@id":"https:\/\/www.webdo.tn\/fr\/#\/schema\/logo\/image\/"},"sameAs":["https:\/\/www.facebook.com\/webdotn","https:\/\/x.com\/webdo_tn"],"description":"Webdo est un m\u00e9dia num\u00e9rique tunisien fond\u00e9 en 2010, sp\u00e9cialis\u00e9 dans l\u2019actualit\u00e9 nationale et internationale, l\u2019\u00e9conomie, la soci\u00e9t\u00e9 et les analyses politiques. Le site s\u2019adresse \u00e0 un large public francophone et couvre l\u2019information tunisienne en temps r\u00e9el.","email":"redac@webdo.tn","legalName":"YNJ SARL","foundingDate":"2010-09-06","numberOfEmployees":{"@type":"QuantitativeValue","minValue":"11","maxValue":"50"}},{"@type":"Person","@id":"https:\/\/www.webdo.tn\/fr\/#\/schema\/person\/f35b42a42c5e2511bbd282959d6385cc","name":"CL","image":{"@type":"ImageObject","inLanguage":"fr-FR","@id":"https:\/\/secure.gravatar.com\/avatar\/1447a49909b67aa657c488aec6512e1dd6143a480c1ecfee9b5b5cd74eb3b59e?s=96&d=mm&r=g","url":"https:\/\/secure.gravatar.com\/avatar\/1447a49909b67aa657c488aec6512e1dd6143a480c1ecfee9b5b5cd74eb3b59e?s=96&d=mm&r=g","contentUrl":"https:\/\/secure.gravatar.com\/avatar\/1447a49909b67aa657c488aec6512e1dd6143a480c1ecfee9b5b5cd74eb3b59e?s=96&d=mm&r=g","caption":"CL"},"url":"https:\/\/www.webdo.tn\/fr\/actualite\/author\/cl\/"}]}},"_links":{"self":[{"href":"https:\/\/www.webdo.tn\/fr\/wp-json\/wp\/v2\/posts\/209981","targetHints":{"allow":["GET"]}}],"collection":[{"href":"https:\/\/www.webdo.tn\/fr\/wp-json\/wp\/v2\/posts"}],"about":[{"href":"https:\/\/www.webdo.tn\/fr\/wp-json\/wp\/v2\/types\/post"}],"author":[{"embeddable":true,"href":"https:\/\/www.webdo.tn\/fr\/wp-json\/wp\/v2\/users\/3175"}],"replies":[{"embeddable":true,"href":"https:\/\/www.webdo.tn\/fr\/wp-json\/wp\/v2\/comments?post=209981"}],"version-history":[{"count":0,"href":"https:\/\/www.webdo.tn\/fr\/wp-json\/wp\/v2\/posts\/209981\/revisions"}],"wp:featuredmedia":[{"embeddable":true,"href":"https:\/\/www.webdo.tn\/fr\/wp-json\/wp\/v2\/media\/289832"}],"wp:attachment":[{"href":"https:\/\/www.webdo.tn\/fr\/wp-json\/wp\/v2\/media?parent=209981"}],"wp:term":[{"taxonomy":"category","embeddable":true,"href":"https:\/\/www.webdo.tn\/fr\/wp-json\/wp\/v2\/categories?post=209981"},{"taxonomy":"post_tag","embeddable":true,"href":"https:\/\/www.webdo.tn\/fr\/wp-json\/wp\/v2\/tags?post=209981"}],"curies":[{"name":"wp","href":"https:\/\/api.w.org\/{rel}","templated":true}]}}