{"id":209972,"date":"2023-11-08T10:57:00","date_gmt":"2023-11-08T10:57:00","guid":{"rendered":"https:\/\/www.webdo.tn\/fr\/blog\/palestine-un-quotidien-francophone-censure-nabil-ammar-selon-le-mae\/209972\/"},"modified":"2025-05-20T22:39:42","modified_gmt":"2025-05-20T22:39:42","slug":"palestine-un-quotidien-francophone-censure-nabil-ammar-selon-le-mae","status":"publish","type":"post","link":"https:\/\/www.webdo.tn\/fr\/actualite\/national\/palestine-un-quotidien-francophone-censure-nabil-ammar-selon-le-mae\/209972\/","title":{"rendered":"Palestine : Un quotidien francophone censure Nabil Ammar, selon le MAE"},"content":{"rendered":"<p>Dans un communiqu\u00e9 rendu public, le minist\u00e8re des Affaires \u00e9trang\u00e8res, de l\u2019Immigration et des Tunisiens \u00e0 l\u2019\u00e9tranger a fait savoir qu\u2019un \u00ab grand quotidien francophone \u00bb a censur\u00e9 une interview accord\u00e9e par Nabil Ammar, chef de la diplomatie tunisienne en marge de sa participation \u00e0 la Conf\u00e9rence minist\u00e9rielle de la francophonie tenue au Cameroun les 4 et 5 novembre courant.\u00a0<\/p>\n<p>\u00ab Le journal a ensuite annul\u00e9 la publication de l&rsquo;interview, en avan\u00e7ant des objections et des r\u00e9serves inacceptables sur le contenu des d\u00e9clarations du Ministre \u00bb, a annonc\u00e9 le d\u00e9partement tout en publiant la version de la journaliste.\u00a0<\/p>\n<p>Monsieur, Comme je vous l&rsquo;expliquais \u00e0 l&rsquo;instant au t\u00e9l\u00e9phone, je ne ferai finalement pas d&rsquo;article sur l&rsquo;\u00e9change que j&rsquo;ai eu hier avec le ministre des affaires \u00e9trang\u00e8res, Nabil Ammar. L&rsquo;entretien \u00e9tait tr\u00e8s int\u00e9ressant et je le remercie pour le temps qu&rsquo;il m&rsquo;a accord\u00e9. Seulement, ******** a d\u00e9j\u00e0 \u00e9voqu\u00e9 \u00e0 plusieurs reprises la position de la Tunisie sur la situation \u00e0 Gaza et son soutien inconditionnel au peuple palestinien, et nous ne voulons pas \u00eatre redondants. Par ailleurs, la r\u00e9ponse apport\u00e9e par le ministre sur le coup d&rsquo;arr\u00eat port\u00e9 \u00e0 la loi sur la criminalisation de la normalisation avec Isra\u00ebl \u00e9tait trop elliptique pour nourrir un article. Enfin, il me semble que l&rsquo;entretien diffus\u00e9 hier par TV5 r\u00e9sume bien le message qu&rsquo;a souhait\u00e9 porter M. Ammar \u00e0 Yaound\u00e9. Je vous prie donc de \u00ab\u00a0m&rsquo;excuser aupr\u00e8s de lui et vous adresses mes sinc\u00e8res salutations \u00bb, affirmait la journaliste.\u00a0<\/p>\n<p>Le minist\u00e8re souligne que ces pr\u00e9c\u00e9dents indiquent une intention pr\u00e9alable de la part de certains m\u00e9dias occidentaux de restreindre la libert\u00e9 d&rsquo;opinion et d&rsquo;expression chaque fois que l&rsquo;opinion diverge de leurs int\u00e9r\u00eats, ce qui confirme les convictions concernant les valeurs et les principes promus par ces parties en ce qui concerne l&rsquo;ind\u00e9pendance de la presse, la libert\u00e9 d&rsquo;opinion et de publication, en particulier au sein des grands m\u00e9dias occidentaux et les agendas qu&rsquo;ils servent.<\/p>\n","protected":false},"excerpt":{"rendered":"<p>\u00ab Le journal a ensuite annul\u00e9 la publication de l&rsquo;interview, en avan\u00e7ant des objections et des r\u00e9serves inacceptables sur le contenu des d\u00e9clarations du Ministr&#8230;<\/p>\n","protected":false},"author":3175,"featured_media":248845,"comment_status":"open","ping_status":"closed","sticky":false,"template":"","format":"standard","meta":{"footnotes":""},"categories":[44],"tags":[7340,7606,5912,2608],"class_list":["post-209972","post","type-post","status-publish","format-standard","has-post-thumbnail","hentry","category-national","tag-censure","tag-interview","tag-nabil-ammar","tag-tunisie"],"yoast_head":"<!-- This site is optimized with the Yoast SEO Premium plugin v27.5 (Yoast SEO v27.5) - https:\/\/yoast.com\/product\/yoast-seo-premium-wordpress\/ -->\n<title>Palestine : Un quotidien francophone censure Nabil Ammar, selon le MAE<\/title>\n<meta name=\"description\" content=\"\u00ab Le journal a ensuite annul\u00e9 la publication de l&#039;interview, en avan\u00e7ant des objections et des r\u00e9serves inacceptables sur le contenu des d\u00e9clarations du Ministr...\" \/>\n<link rel=\"canonical\" href=\"https:\/\/www.webdo.tn\/fr\/actualite\/national\/palestine-un-quotidien-francophone-censure-nabil-ammar-selon-le-mae\/209972\/\" \/>\n<meta property=\"og:locale\" content=\"fr_FR\" \/>\n<meta property=\"og:type\" content=\"article\" \/>\n<meta property=\"og:title\" content=\"Palestine : Un quotidien francophone censure Nabil Ammar, selon le MAE\" \/>\n<meta property=\"og:description\" content=\"\u00ab Le journal a ensuite annul\u00e9 la publication de l&#039;interview, en avan\u00e7ant des objections et des r\u00e9serves inacceptables sur le contenu des d\u00e9clarations du Ministr...\" \/>\n<meta property=\"og:url\" content=\"https:\/\/www.webdo.tn\/fr\/actualite\/national\/palestine-un-quotidien-francophone-censure-nabil-ammar-selon-le-mae\/209972\/\" \/>\n<meta property=\"og:site_name\" content=\"webdo\" \/>\n<meta property=\"article:publisher\" content=\"https:\/\/www.facebook.com\/webdotn\" \/>\n<meta property=\"article:published_time\" content=\"2023-11-08T10:57:00+00:00\" \/>\n<meta property=\"article:modified_time\" content=\"2025-05-20T22:39:42+00:00\" \/>\n<meta property=\"og:image\" content=\"https:\/\/www.webdo.tn\/fr\/wp-content\/uploads\/2023\/11\/4ee80f5f942834fbcf505ab13f1309f7.jpg\" \/>\n\t<meta property=\"og:image:width\" content=\"750\" \/>\n\t<meta property=\"og:image:height\" content=\"400\" \/>\n\t<meta property=\"og:image:type\" content=\"image\/jpeg\" \/>\n<meta name=\"author\" content=\"CL\" \/>\n<meta name=\"twitter:card\" content=\"summary_large_image\" \/>\n<meta name=\"twitter:creator\" content=\"@webdo_tn\" \/>\n<meta name=\"twitter:site\" content=\"@webdo_tn\" \/>\n<meta name=\"twitter:label1\" content=\"\u00c9crit par\" \/>\n\t<meta name=\"twitter:data1\" content=\"CL\" \/>\n\t<meta name=\"twitter:label2\" content=\"Dur\u00e9e de lecture estim\u00e9e\" \/>\n\t<meta name=\"twitter:data2\" content=\"2 minutes\" \/>\n<script type=\"application\/ld+json\" class=\"yoast-schema-graph\">{\"@context\":\"https:\\\/\\\/schema.org\",\"@graph\":[{\"@type\":\"NewsArticle\",\"@id\":\"https:\\\/\\\/www.webdo.tn\\\/fr\\\/actualite\\\/national\\\/palestine-un-quotidien-francophone-censure-nabil-ammar-selon-le-mae\\\/209972\\\/#article\",\"isPartOf\":{\"@id\":\"https:\\\/\\\/www.webdo.tn\\\/fr\\\/actualite\\\/national\\\/palestine-un-quotidien-francophone-censure-nabil-ammar-selon-le-mae\\\/209972\\\/\"},\"author\":{\"name\":\"CL\",\"@id\":\"https:\\\/\\\/www.webdo.tn\\\/fr\\\/#\\\/schema\\\/person\\\/f35b42a42c5e2511bbd282959d6385cc\"},\"headline\":\"Palestine : Un quotidien francophone censure Nabil Ammar, selon le MAE\",\"datePublished\":\"2023-11-08T10:57:00+00:00\",\"dateModified\":\"2025-05-20T22:39:42+00:00\",\"mainEntityOfPage\":{\"@id\":\"https:\\\/\\\/www.webdo.tn\\\/fr\\\/actualite\\\/national\\\/palestine-un-quotidien-francophone-censure-nabil-ammar-selon-le-mae\\\/209972\\\/\"},\"wordCount\":366,\"commentCount\":0,\"publisher\":{\"@id\":\"https:\\\/\\\/www.webdo.tn\\\/fr\\\/#organization\"},\"image\":{\"@id\":\"https:\\\/\\\/www.webdo.tn\\\/fr\\\/actualite\\\/national\\\/palestine-un-quotidien-francophone-censure-nabil-ammar-selon-le-mae\\\/209972\\\/#primaryimage\"},\"thumbnailUrl\":\"https:\\\/\\\/www.webdo.tn\\\/fr\\\/wp-content\\\/uploads\\\/2023\\\/11\\\/4ee80f5f942834fbcf505ab13f1309f7.jpg\",\"keywords\":[\"censure\",\"Interview\",\"Nabil Ammar\",\"Tunisie\"],\"articleSection\":[\"National\"],\"inLanguage\":\"fr-FR\"},{\"@type\":\"WebPage\",\"@id\":\"https:\\\/\\\/www.webdo.tn\\\/fr\\\/actualite\\\/national\\\/palestine-un-quotidien-francophone-censure-nabil-ammar-selon-le-mae\\\/209972\\\/\",\"url\":\"https:\\\/\\\/www.webdo.tn\\\/fr\\\/actualite\\\/national\\\/palestine-un-quotidien-francophone-censure-nabil-ammar-selon-le-mae\\\/209972\\\/\",\"name\":\"Palestine : Un quotidien francophone censure Nabil Ammar, selon le MAE\",\"isPartOf\":{\"@id\":\"https:\\\/\\\/www.webdo.tn\\\/fr\\\/#website\"},\"primaryImageOfPage\":{\"@id\":\"https:\\\/\\\/www.webdo.tn\\\/fr\\\/actualite\\\/national\\\/palestine-un-quotidien-francophone-censure-nabil-ammar-selon-le-mae\\\/209972\\\/#primaryimage\"},\"image\":{\"@id\":\"https:\\\/\\\/www.webdo.tn\\\/fr\\\/actualite\\\/national\\\/palestine-un-quotidien-francophone-censure-nabil-ammar-selon-le-mae\\\/209972\\\/#primaryimage\"},\"thumbnailUrl\":\"https:\\\/\\\/www.webdo.tn\\\/fr\\\/wp-content\\\/uploads\\\/2023\\\/11\\\/4ee80f5f942834fbcf505ab13f1309f7.jpg\",\"datePublished\":\"2023-11-08T10:57:00+00:00\",\"dateModified\":\"2025-05-20T22:39:42+00:00\",\"description\":\"\u00ab Le journal a ensuite annul\u00e9 la publication de l'interview, en avan\u00e7ant des objections et des r\u00e9serves inacceptables sur le contenu des d\u00e9clarations du Ministr...\",\"breadcrumb\":{\"@id\":\"https:\\\/\\\/www.webdo.tn\\\/fr\\\/actualite\\\/national\\\/palestine-un-quotidien-francophone-censure-nabil-ammar-selon-le-mae\\\/209972\\\/#breadcrumb\"},\"inLanguage\":\"fr-FR\",\"potentialAction\":[{\"@type\":\"ReadAction\",\"target\":[\"https:\\\/\\\/www.webdo.tn\\\/fr\\\/actualite\\\/national\\\/palestine-un-quotidien-francophone-censure-nabil-ammar-selon-le-mae\\\/209972\\\/\"]}]},{\"@type\":\"ImageObject\",\"inLanguage\":\"fr-FR\",\"@id\":\"https:\\\/\\\/www.webdo.tn\\\/fr\\\/actualite\\\/national\\\/palestine-un-quotidien-francophone-censure-nabil-ammar-selon-le-mae\\\/209972\\\/#primaryimage\",\"url\":\"https:\\\/\\\/www.webdo.tn\\\/fr\\\/wp-content\\\/uploads\\\/2023\\\/11\\\/4ee80f5f942834fbcf505ab13f1309f7.jpg\",\"contentUrl\":\"https:\\\/\\\/www.webdo.tn\\\/fr\\\/wp-content\\\/uploads\\\/2023\\\/11\\\/4ee80f5f942834fbcf505ab13f1309f7.jpg\",\"width\":750,\"height\":400,\"caption\":\"Palestine : Un quotidien francophone censure Nabil Ammar, selon le MAE\"},{\"@type\":\"BreadcrumbList\",\"@id\":\"https:\\\/\\\/www.webdo.tn\\\/fr\\\/actualite\\\/national\\\/palestine-un-quotidien-francophone-censure-nabil-ammar-selon-le-mae\\\/209972\\\/#breadcrumb\",\"itemListElement\":[{\"@type\":\"ListItem\",\"position\":1,\"name\":\"Accueil\",\"item\":\"https:\\\/\\\/www.webdo.tn\\\/fr\\\/\"},{\"@type\":\"ListItem\",\"position\":2,\"name\":\"Palestine : Un quotidien francophone censure Nabil Ammar, selon le MAE\"}]},{\"@type\":\"WebSite\",\"@id\":\"https:\\\/\\\/www.webdo.tn\\\/fr\\\/#website\",\"url\":\"https:\\\/\\\/www.webdo.tn\\\/fr\\\/\",\"name\":\"webdo\",\"description\":\"Tunisie - News en Tunisie et \u00e0 l&#039;international sur Webdo.tn\",\"publisher\":{\"@id\":\"https:\\\/\\\/www.webdo.tn\\\/fr\\\/#organization\"},\"potentialAction\":[{\"@type\":\"SearchAction\",\"target\":{\"@type\":\"EntryPoint\",\"urlTemplate\":\"https:\\\/\\\/www.webdo.tn\\\/fr\\\/?s={search_term_string}\"},\"query-input\":{\"@type\":\"PropertyValueSpecification\",\"valueRequired\":true,\"valueName\":\"search_term_string\"}}],\"inLanguage\":\"fr-FR\"},{\"@type\":\"Organization\",\"@id\":\"https:\\\/\\\/www.webdo.tn\\\/fr\\\/#organization\",\"name\":\"Webdo\",\"alternateName\":\"Webdo.tn\",\"url\":\"https:\\\/\\\/www.webdo.tn\\\/fr\\\/\",\"logo\":{\"@type\":\"ImageObject\",\"inLanguage\":\"fr-FR\",\"@id\":\"https:\\\/\\\/www.webdo.tn\\\/fr\\\/#\\\/schema\\\/logo\\\/image\\\/\",\"url\":\"https:\\\/\\\/www.webdo.tn\\\/fr\\\/wp-content\\\/uploads\\\/2025\\\/06\\\/Webdo-Tunisie_168377.jpg\",\"contentUrl\":\"https:\\\/\\\/www.webdo.tn\\\/fr\\\/wp-content\\\/uploads\\\/2025\\\/06\\\/Webdo-Tunisie_168377.jpg\",\"width\":301,\"height\":301,\"caption\":\"Webdo\"},\"image\":{\"@id\":\"https:\\\/\\\/www.webdo.tn\\\/fr\\\/#\\\/schema\\\/logo\\\/image\\\/\"},\"sameAs\":[\"https:\\\/\\\/www.facebook.com\\\/webdotn\",\"https:\\\/\\\/x.com\\\/webdo_tn\"],\"description\":\"Webdo est un m\u00e9dia num\u00e9rique tunisien fond\u00e9 en 2010, sp\u00e9cialis\u00e9 dans l\u2019actualit\u00e9 nationale et internationale, l\u2019\u00e9conomie, la soci\u00e9t\u00e9 et les analyses politiques. Le site s\u2019adresse \u00e0 un large public francophone et couvre l\u2019information tunisienne en temps r\u00e9el.\",\"email\":\"redac@webdo.tn\",\"legalName\":\"YNJ SARL\",\"foundingDate\":\"2010-09-06\",\"numberOfEmployees\":{\"@type\":\"QuantitativeValue\",\"minValue\":\"11\",\"maxValue\":\"50\"}},{\"@type\":\"Person\",\"@id\":\"https:\\\/\\\/www.webdo.tn\\\/fr\\\/#\\\/schema\\\/person\\\/f35b42a42c5e2511bbd282959d6385cc\",\"name\":\"CL\",\"image\":{\"@type\":\"ImageObject\",\"inLanguage\":\"fr-FR\",\"@id\":\"https:\\\/\\\/secure.gravatar.com\\\/avatar\\\/1447a49909b67aa657c488aec6512e1dd6143a480c1ecfee9b5b5cd74eb3b59e?s=96&d=mm&r=g\",\"url\":\"https:\\\/\\\/secure.gravatar.com\\\/avatar\\\/1447a49909b67aa657c488aec6512e1dd6143a480c1ecfee9b5b5cd74eb3b59e?s=96&d=mm&r=g\",\"contentUrl\":\"https:\\\/\\\/secure.gravatar.com\\\/avatar\\\/1447a49909b67aa657c488aec6512e1dd6143a480c1ecfee9b5b5cd74eb3b59e?s=96&d=mm&r=g\",\"caption\":\"CL\"},\"url\":\"https:\\\/\\\/www.webdo.tn\\\/fr\\\/actualite\\\/author\\\/cl\\\/\"}]}<\/script>\n<!-- \/ Yoast SEO Premium plugin. -->","yoast_head_json":{"title":"Palestine : Un quotidien francophone censure Nabil Ammar, selon le MAE","description":"\u00ab Le journal a ensuite annul\u00e9 la publication de l'interview, en avan\u00e7ant des objections et des r\u00e9serves inacceptables sur le contenu des d\u00e9clarations du Ministr...","canonical":"https:\/\/www.webdo.tn\/fr\/actualite\/national\/palestine-un-quotidien-francophone-censure-nabil-ammar-selon-le-mae\/209972\/","og_locale":"fr_FR","og_type":"article","og_title":"Palestine : Un quotidien francophone censure Nabil Ammar, selon le MAE","og_description":"\u00ab Le journal a ensuite annul\u00e9 la publication de l'interview, en avan\u00e7ant des objections et des r\u00e9serves inacceptables sur le contenu des d\u00e9clarations du Ministr...","og_url":"https:\/\/www.webdo.tn\/fr\/actualite\/national\/palestine-un-quotidien-francophone-censure-nabil-ammar-selon-le-mae\/209972\/","og_site_name":"webdo","article_publisher":"https:\/\/www.facebook.com\/webdotn","article_published_time":"2023-11-08T10:57:00+00:00","article_modified_time":"2025-05-20T22:39:42+00:00","og_image":[{"width":750,"height":400,"url":"https:\/\/www.webdo.tn\/fr\/wp-content\/uploads\/2023\/11\/4ee80f5f942834fbcf505ab13f1309f7.jpg","type":"image\/jpeg"}],"author":"CL","twitter_card":"summary_large_image","twitter_creator":"@webdo_tn","twitter_site":"@webdo_tn","twitter_misc":{"\u00c9crit par":"CL","Dur\u00e9e de lecture estim\u00e9e":"2 minutes"},"schema":{"@context":"https:\/\/schema.org","@graph":[{"@type":"NewsArticle","@id":"https:\/\/www.webdo.tn\/fr\/actualite\/national\/palestine-un-quotidien-francophone-censure-nabil-ammar-selon-le-mae\/209972\/#article","isPartOf":{"@id":"https:\/\/www.webdo.tn\/fr\/actualite\/national\/palestine-un-quotidien-francophone-censure-nabil-ammar-selon-le-mae\/209972\/"},"author":{"name":"CL","@id":"https:\/\/www.webdo.tn\/fr\/#\/schema\/person\/f35b42a42c5e2511bbd282959d6385cc"},"headline":"Palestine : Un quotidien francophone censure Nabil Ammar, selon le MAE","datePublished":"2023-11-08T10:57:00+00:00","dateModified":"2025-05-20T22:39:42+00:00","mainEntityOfPage":{"@id":"https:\/\/www.webdo.tn\/fr\/actualite\/national\/palestine-un-quotidien-francophone-censure-nabil-ammar-selon-le-mae\/209972\/"},"wordCount":366,"commentCount":0,"publisher":{"@id":"https:\/\/www.webdo.tn\/fr\/#organization"},"image":{"@id":"https:\/\/www.webdo.tn\/fr\/actualite\/national\/palestine-un-quotidien-francophone-censure-nabil-ammar-selon-le-mae\/209972\/#primaryimage"},"thumbnailUrl":"https:\/\/www.webdo.tn\/fr\/wp-content\/uploads\/2023\/11\/4ee80f5f942834fbcf505ab13f1309f7.jpg","keywords":["censure","Interview","Nabil Ammar","Tunisie"],"articleSection":["National"],"inLanguage":"fr-FR"},{"@type":"WebPage","@id":"https:\/\/www.webdo.tn\/fr\/actualite\/national\/palestine-un-quotidien-francophone-censure-nabil-ammar-selon-le-mae\/209972\/","url":"https:\/\/www.webdo.tn\/fr\/actualite\/national\/palestine-un-quotidien-francophone-censure-nabil-ammar-selon-le-mae\/209972\/","name":"Palestine : Un quotidien francophone censure Nabil Ammar, selon le MAE","isPartOf":{"@id":"https:\/\/www.webdo.tn\/fr\/#website"},"primaryImageOfPage":{"@id":"https:\/\/www.webdo.tn\/fr\/actualite\/national\/palestine-un-quotidien-francophone-censure-nabil-ammar-selon-le-mae\/209972\/#primaryimage"},"image":{"@id":"https:\/\/www.webdo.tn\/fr\/actualite\/national\/palestine-un-quotidien-francophone-censure-nabil-ammar-selon-le-mae\/209972\/#primaryimage"},"thumbnailUrl":"https:\/\/www.webdo.tn\/fr\/wp-content\/uploads\/2023\/11\/4ee80f5f942834fbcf505ab13f1309f7.jpg","datePublished":"2023-11-08T10:57:00+00:00","dateModified":"2025-05-20T22:39:42+00:00","description":"\u00ab Le journal a ensuite annul\u00e9 la publication de l'interview, en avan\u00e7ant des objections et des r\u00e9serves inacceptables sur le contenu des d\u00e9clarations du Ministr...","breadcrumb":{"@id":"https:\/\/www.webdo.tn\/fr\/actualite\/national\/palestine-un-quotidien-francophone-censure-nabil-ammar-selon-le-mae\/209972\/#breadcrumb"},"inLanguage":"fr-FR","potentialAction":[{"@type":"ReadAction","target":["https:\/\/www.webdo.tn\/fr\/actualite\/national\/palestine-un-quotidien-francophone-censure-nabil-ammar-selon-le-mae\/209972\/"]}]},{"@type":"ImageObject","inLanguage":"fr-FR","@id":"https:\/\/www.webdo.tn\/fr\/actualite\/national\/palestine-un-quotidien-francophone-censure-nabil-ammar-selon-le-mae\/209972\/#primaryimage","url":"https:\/\/www.webdo.tn\/fr\/wp-content\/uploads\/2023\/11\/4ee80f5f942834fbcf505ab13f1309f7.jpg","contentUrl":"https:\/\/www.webdo.tn\/fr\/wp-content\/uploads\/2023\/11\/4ee80f5f942834fbcf505ab13f1309f7.jpg","width":750,"height":400,"caption":"Palestine : Un quotidien francophone censure Nabil Ammar, selon le MAE"},{"@type":"BreadcrumbList","@id":"https:\/\/www.webdo.tn\/fr\/actualite\/national\/palestine-un-quotidien-francophone-censure-nabil-ammar-selon-le-mae\/209972\/#breadcrumb","itemListElement":[{"@type":"ListItem","position":1,"name":"Accueil","item":"https:\/\/www.webdo.tn\/fr\/"},{"@type":"ListItem","position":2,"name":"Palestine : Un quotidien francophone censure Nabil Ammar, selon le MAE"}]},{"@type":"WebSite","@id":"https:\/\/www.webdo.tn\/fr\/#website","url":"https:\/\/www.webdo.tn\/fr\/","name":"webdo","description":"Tunisie - News en Tunisie et \u00e0 l&#039;international sur Webdo.tn","publisher":{"@id":"https:\/\/www.webdo.tn\/fr\/#organization"},"potentialAction":[{"@type":"SearchAction","target":{"@type":"EntryPoint","urlTemplate":"https:\/\/www.webdo.tn\/fr\/?s={search_term_string}"},"query-input":{"@type":"PropertyValueSpecification","valueRequired":true,"valueName":"search_term_string"}}],"inLanguage":"fr-FR"},{"@type":"Organization","@id":"https:\/\/www.webdo.tn\/fr\/#organization","name":"Webdo","alternateName":"Webdo.tn","url":"https:\/\/www.webdo.tn\/fr\/","logo":{"@type":"ImageObject","inLanguage":"fr-FR","@id":"https:\/\/www.webdo.tn\/fr\/#\/schema\/logo\/image\/","url":"https:\/\/www.webdo.tn\/fr\/wp-content\/uploads\/2025\/06\/Webdo-Tunisie_168377.jpg","contentUrl":"https:\/\/www.webdo.tn\/fr\/wp-content\/uploads\/2025\/06\/Webdo-Tunisie_168377.jpg","width":301,"height":301,"caption":"Webdo"},"image":{"@id":"https:\/\/www.webdo.tn\/fr\/#\/schema\/logo\/image\/"},"sameAs":["https:\/\/www.facebook.com\/webdotn","https:\/\/x.com\/webdo_tn"],"description":"Webdo est un m\u00e9dia num\u00e9rique tunisien fond\u00e9 en 2010, sp\u00e9cialis\u00e9 dans l\u2019actualit\u00e9 nationale et internationale, l\u2019\u00e9conomie, la soci\u00e9t\u00e9 et les analyses politiques. Le site s\u2019adresse \u00e0 un large public francophone et couvre l\u2019information tunisienne en temps r\u00e9el.","email":"redac@webdo.tn","legalName":"YNJ SARL","foundingDate":"2010-09-06","numberOfEmployees":{"@type":"QuantitativeValue","minValue":"11","maxValue":"50"}},{"@type":"Person","@id":"https:\/\/www.webdo.tn\/fr\/#\/schema\/person\/f35b42a42c5e2511bbd282959d6385cc","name":"CL","image":{"@type":"ImageObject","inLanguage":"fr-FR","@id":"https:\/\/secure.gravatar.com\/avatar\/1447a49909b67aa657c488aec6512e1dd6143a480c1ecfee9b5b5cd74eb3b59e?s=96&d=mm&r=g","url":"https:\/\/secure.gravatar.com\/avatar\/1447a49909b67aa657c488aec6512e1dd6143a480c1ecfee9b5b5cd74eb3b59e?s=96&d=mm&r=g","contentUrl":"https:\/\/secure.gravatar.com\/avatar\/1447a49909b67aa657c488aec6512e1dd6143a480c1ecfee9b5b5cd74eb3b59e?s=96&d=mm&r=g","caption":"CL"},"url":"https:\/\/www.webdo.tn\/fr\/actualite\/author\/cl\/"}]}},"_links":{"self":[{"href":"https:\/\/www.webdo.tn\/fr\/wp-json\/wp\/v2\/posts\/209972","targetHints":{"allow":["GET"]}}],"collection":[{"href":"https:\/\/www.webdo.tn\/fr\/wp-json\/wp\/v2\/posts"}],"about":[{"href":"https:\/\/www.webdo.tn\/fr\/wp-json\/wp\/v2\/types\/post"}],"author":[{"embeddable":true,"href":"https:\/\/www.webdo.tn\/fr\/wp-json\/wp\/v2\/users\/3175"}],"replies":[{"embeddable":true,"href":"https:\/\/www.webdo.tn\/fr\/wp-json\/wp\/v2\/comments?post=209972"}],"version-history":[{"count":0,"href":"https:\/\/www.webdo.tn\/fr\/wp-json\/wp\/v2\/posts\/209972\/revisions"}],"wp:featuredmedia":[{"embeddable":true,"href":"https:\/\/www.webdo.tn\/fr\/wp-json\/wp\/v2\/media\/248845"}],"wp:attachment":[{"href":"https:\/\/www.webdo.tn\/fr\/wp-json\/wp\/v2\/media?parent=209972"}],"wp:term":[{"taxonomy":"category","embeddable":true,"href":"https:\/\/www.webdo.tn\/fr\/wp-json\/wp\/v2\/categories?post=209972"},{"taxonomy":"post_tag","embeddable":true,"href":"https:\/\/www.webdo.tn\/fr\/wp-json\/wp\/v2\/tags?post=209972"}],"curies":[{"name":"wp","href":"https:\/\/api.w.org\/{rel}","templated":true}]}}