{"id":209968,"date":"2023-11-08T09:55:00","date_gmt":"2023-11-08T09:55:00","guid":{"rendered":"https:\/\/www.webdo.tn\/fr\/blog\/audit-a-l-aeroport-de-monastir-suite-a-l-effondrement-d-une-partie-du-faux-plafond\/209968\/"},"modified":"2025-05-20T22:39:41","modified_gmt":"2025-05-20T22:39:41","slug":"audit-a-l-aeroport-de-monastir-suite-a-l-effondrement-d-une-partie-du-faux-plafond","status":"publish","type":"post","link":"https:\/\/www.webdo.tn\/fr\/actualite\/national\/audit-a-l-aeroport-de-monastir-suite-a-l-effondrement-d-une-partie-du-faux-plafond\/209968\/","title":{"rendered":"Audit \u00e0 l\u2019a\u00e9roport de Monastir suite \u00e0 l\u2019effondrement d\u2019une partie du faux-plafond"},"content":{"rendered":"<p>Tard dans la soir\u00e9e du mardi 7 novembre, une partie du faux-plafond de l\u2019a\u00e9roport de Monastir s\u2019est effondr\u00e9e sans qu\u2019il n\u2019y ait des bless\u00e9s.\u00a0<\/p>\n<p>\t\t\t\t\t\t\t\t\tDans un communiqu\u00e9 rendu public, le minist\u00e8re du Transport annonce avoir suivi cet incident affirmant qu\u2019un audit sera r\u00e9alis\u00e9 \u00e0 partir de ce mercredi 8 novembre 2023 au niveau de cet a\u00e9roport pour revenir sur ces manquements.\u00a0<\/p>\n<p>Le d\u00e9partement explique \u00e9galement que des manquements ont \u00e9t\u00e9 \u00e9galement soulev\u00e9s concernant l\u2019\u00e9tat du faux-plafond de cet a\u00e9roport lors d\u2019une pr\u00e9c\u00e9dente mission d\u2019audit.\u00a0<\/p>\n<p>Selon les explications du gouverneur de Monastir, Mondher Sik Ali, les inspections ont r\u00e9v\u00e9l\u00e9 des probl\u00e8mes avec l\u2019enduit du plafond, achev\u00e9 en 1985, qui ne r\u00e9pond pas aux normes techniques.\u00a0<\/p>\n<p>L&rsquo;a\u00e9roport international de Monastir Habib-Bourguiba a \u00e9t\u00e9 mis en exploitation en 1968 sur une superficie de 199,5 hectares.\u00a0<\/p>\n<p>TAV Tunisie est la soci\u00e9t\u00e9 qui exploite l\u2019a\u00e9roport dans le cadre d\u2019un contrat avec l\u2019Oaca.<\/p>\n","protected":false},"excerpt":{"rendered":"<p>Dans un communiqu\u00e9 rendu public, le minist\u00e8re du Transport annonce avoir suivi cet incident affirmant qu\u2019un audit sera r\u00e9alis\u00e9 \u00e0 partir de ce mercredi 8 novembr&#8230;<\/p>\n","protected":false},"author":3175,"featured_media":248839,"comment_status":"open","ping_status":"closed","sticky":false,"template":"","format":"standard","meta":{"footnotes":""},"categories":[44],"tags":[3974,7601,2692,2608],"class_list":["post-209968","post","type-post","status-publish","format-standard","has-post-thumbnail","hentry","category-national","tag-aeroport","tag-faux-plafond","tag-monastir","tag-tunisie"],"yoast_head":"<!-- This site is optimized with the Yoast SEO Premium plugin v27.5 (Yoast SEO v27.5) - https:\/\/yoast.com\/product\/yoast-seo-premium-wordpress\/ -->\n<title>Audit \u00e0 l\u2019a\u00e9roport de Monastir suite \u00e0 l\u2019effondrement d\u2019une partie du faux-plafond<\/title>\n<meta name=\"description\" content=\"Dans un communiqu\u00e9 rendu public, le minist\u00e8re du Transport annonce avoir suivi cet incident affirmant qu\u2019un audit sera r\u00e9alis\u00e9 \u00e0 partir de ce mercredi 8 novembr...\" \/>\n<link rel=\"canonical\" href=\"https:\/\/www.webdo.tn\/fr\/actualite\/national\/audit-a-l-aeroport-de-monastir-suite-a-l-effondrement-d-une-partie-du-faux-plafond\/209968\/\" \/>\n<meta property=\"og:locale\" content=\"fr_FR\" \/>\n<meta property=\"og:type\" content=\"article\" \/>\n<meta property=\"og:title\" content=\"Audit \u00e0 l\u2019a\u00e9roport de Monastir suite \u00e0 l\u2019effondrement d\u2019une partie du faux-plafond\" \/>\n<meta property=\"og:description\" content=\"Dans un communiqu\u00e9 rendu public, le minist\u00e8re du Transport annonce avoir suivi cet incident affirmant qu\u2019un audit sera r\u00e9alis\u00e9 \u00e0 partir de ce mercredi 8 novembr...\" \/>\n<meta property=\"og:url\" content=\"https:\/\/www.webdo.tn\/fr\/actualite\/national\/audit-a-l-aeroport-de-monastir-suite-a-l-effondrement-d-une-partie-du-faux-plafond\/209968\/\" \/>\n<meta property=\"og:site_name\" content=\"webdo\" \/>\n<meta property=\"article:publisher\" content=\"https:\/\/www.facebook.com\/webdotn\" \/>\n<meta property=\"article:published_time\" content=\"2023-11-08T09:55:00+00:00\" \/>\n<meta property=\"article:modified_time\" content=\"2025-05-20T22:39:41+00:00\" \/>\n<meta property=\"og:image\" content=\"https:\/\/www.webdo.tn\/fr\/wp-content\/uploads\/2023\/11\/4cab86e531bd3fbd1ab72d78ec7b31f0.jpg\" \/>\n\t<meta property=\"og:image:width\" content=\"720\" \/>\n\t<meta property=\"og:image:height\" content=\"384\" \/>\n\t<meta property=\"og:image:type\" content=\"image\/jpeg\" \/>\n<meta name=\"author\" content=\"CL\" \/>\n<meta name=\"twitter:card\" content=\"summary_large_image\" \/>\n<meta name=\"twitter:creator\" content=\"@webdo_tn\" \/>\n<meta name=\"twitter:site\" content=\"@webdo_tn\" \/>\n<meta name=\"twitter:label1\" content=\"\u00c9crit par\" \/>\n\t<meta name=\"twitter:data1\" content=\"CL\" \/>\n\t<meta name=\"twitter:label2\" content=\"Dur\u00e9e de lecture estim\u00e9e\" \/>\n\t<meta name=\"twitter:data2\" content=\"1 minute\" \/>\n<script type=\"application\/ld+json\" class=\"yoast-schema-graph\">{\"@context\":\"https:\\\/\\\/schema.org\",\"@graph\":[{\"@type\":\"NewsArticle\",\"@id\":\"https:\\\/\\\/www.webdo.tn\\\/fr\\\/actualite\\\/national\\\/audit-a-l-aeroport-de-monastir-suite-a-l-effondrement-d-une-partie-du-faux-plafond\\\/209968\\\/#article\",\"isPartOf\":{\"@id\":\"https:\\\/\\\/www.webdo.tn\\\/fr\\\/actualite\\\/national\\\/audit-a-l-aeroport-de-monastir-suite-a-l-effondrement-d-une-partie-du-faux-plafond\\\/209968\\\/\"},\"author\":{\"name\":\"CL\",\"@id\":\"https:\\\/\\\/www.webdo.tn\\\/fr\\\/#\\\/schema\\\/person\\\/f35b42a42c5e2511bbd282959d6385cc\"},\"headline\":\"Audit \u00e0 l\u2019a\u00e9roport de Monastir suite \u00e0 l\u2019effondrement d\u2019une partie du faux-plafond\",\"datePublished\":\"2023-11-08T09:55:00+00:00\",\"dateModified\":\"2025-05-20T22:39:41+00:00\",\"mainEntityOfPage\":{\"@id\":\"https:\\\/\\\/www.webdo.tn\\\/fr\\\/actualite\\\/national\\\/audit-a-l-aeroport-de-monastir-suite-a-l-effondrement-d-une-partie-du-faux-plafond\\\/209968\\\/\"},\"wordCount\":186,\"commentCount\":0,\"publisher\":{\"@id\":\"https:\\\/\\\/www.webdo.tn\\\/fr\\\/#organization\"},\"image\":{\"@id\":\"https:\\\/\\\/www.webdo.tn\\\/fr\\\/actualite\\\/national\\\/audit-a-l-aeroport-de-monastir-suite-a-l-effondrement-d-une-partie-du-faux-plafond\\\/209968\\\/#primaryimage\"},\"thumbnailUrl\":\"https:\\\/\\\/www.webdo.tn\\\/fr\\\/wp-content\\\/uploads\\\/2023\\\/11\\\/4cab86e531bd3fbd1ab72d78ec7b31f0.jpg\",\"keywords\":[\"a\u00e9roport\",\"Faux-plafond\",\"Monastir\",\"Tunisie\"],\"articleSection\":[\"National\"],\"inLanguage\":\"fr-FR\"},{\"@type\":\"WebPage\",\"@id\":\"https:\\\/\\\/www.webdo.tn\\\/fr\\\/actualite\\\/national\\\/audit-a-l-aeroport-de-monastir-suite-a-l-effondrement-d-une-partie-du-faux-plafond\\\/209968\\\/\",\"url\":\"https:\\\/\\\/www.webdo.tn\\\/fr\\\/actualite\\\/national\\\/audit-a-l-aeroport-de-monastir-suite-a-l-effondrement-d-une-partie-du-faux-plafond\\\/209968\\\/\",\"name\":\"Audit \u00e0 l\u2019a\u00e9roport de Monastir suite \u00e0 l\u2019effondrement d\u2019une partie du faux-plafond\",\"isPartOf\":{\"@id\":\"https:\\\/\\\/www.webdo.tn\\\/fr\\\/#website\"},\"primaryImageOfPage\":{\"@id\":\"https:\\\/\\\/www.webdo.tn\\\/fr\\\/actualite\\\/national\\\/audit-a-l-aeroport-de-monastir-suite-a-l-effondrement-d-une-partie-du-faux-plafond\\\/209968\\\/#primaryimage\"},\"image\":{\"@id\":\"https:\\\/\\\/www.webdo.tn\\\/fr\\\/actualite\\\/national\\\/audit-a-l-aeroport-de-monastir-suite-a-l-effondrement-d-une-partie-du-faux-plafond\\\/209968\\\/#primaryimage\"},\"thumbnailUrl\":\"https:\\\/\\\/www.webdo.tn\\\/fr\\\/wp-content\\\/uploads\\\/2023\\\/11\\\/4cab86e531bd3fbd1ab72d78ec7b31f0.jpg\",\"datePublished\":\"2023-11-08T09:55:00+00:00\",\"dateModified\":\"2025-05-20T22:39:41+00:00\",\"description\":\"Dans un communiqu\u00e9 rendu public, le minist\u00e8re du Transport annonce avoir suivi cet incident affirmant qu\u2019un audit sera r\u00e9alis\u00e9 \u00e0 partir de ce mercredi 8 novembr...\",\"breadcrumb\":{\"@id\":\"https:\\\/\\\/www.webdo.tn\\\/fr\\\/actualite\\\/national\\\/audit-a-l-aeroport-de-monastir-suite-a-l-effondrement-d-une-partie-du-faux-plafond\\\/209968\\\/#breadcrumb\"},\"inLanguage\":\"fr-FR\",\"potentialAction\":[{\"@type\":\"ReadAction\",\"target\":[\"https:\\\/\\\/www.webdo.tn\\\/fr\\\/actualite\\\/national\\\/audit-a-l-aeroport-de-monastir-suite-a-l-effondrement-d-une-partie-du-faux-plafond\\\/209968\\\/\"]}]},{\"@type\":\"ImageObject\",\"inLanguage\":\"fr-FR\",\"@id\":\"https:\\\/\\\/www.webdo.tn\\\/fr\\\/actualite\\\/national\\\/audit-a-l-aeroport-de-monastir-suite-a-l-effondrement-d-une-partie-du-faux-plafond\\\/209968\\\/#primaryimage\",\"url\":\"https:\\\/\\\/www.webdo.tn\\\/fr\\\/wp-content\\\/uploads\\\/2023\\\/11\\\/4cab86e531bd3fbd1ab72d78ec7b31f0.jpg\",\"contentUrl\":\"https:\\\/\\\/www.webdo.tn\\\/fr\\\/wp-content\\\/uploads\\\/2023\\\/11\\\/4cab86e531bd3fbd1ab72d78ec7b31f0.jpg\",\"width\":720,\"height\":384,\"caption\":\"Audit \u00e0 l\u2019a\u00e9roport de Monastir suite \u00e0 l\u2019effondrement d\u2019une partie du faux-plafond\"},{\"@type\":\"BreadcrumbList\",\"@id\":\"https:\\\/\\\/www.webdo.tn\\\/fr\\\/actualite\\\/national\\\/audit-a-l-aeroport-de-monastir-suite-a-l-effondrement-d-une-partie-du-faux-plafond\\\/209968\\\/#breadcrumb\",\"itemListElement\":[{\"@type\":\"ListItem\",\"position\":1,\"name\":\"Accueil\",\"item\":\"https:\\\/\\\/www.webdo.tn\\\/fr\\\/\"},{\"@type\":\"ListItem\",\"position\":2,\"name\":\"Audit \u00e0 l\u2019a\u00e9roport de Monastir suite \u00e0 l\u2019effondrement d\u2019une partie du faux-plafond\"}]},{\"@type\":\"WebSite\",\"@id\":\"https:\\\/\\\/www.webdo.tn\\\/fr\\\/#website\",\"url\":\"https:\\\/\\\/www.webdo.tn\\\/fr\\\/\",\"name\":\"webdo\",\"description\":\"Tunisie - News en Tunisie et \u00e0 l&#039;international sur Webdo.tn\",\"publisher\":{\"@id\":\"https:\\\/\\\/www.webdo.tn\\\/fr\\\/#organization\"},\"potentialAction\":[{\"@type\":\"SearchAction\",\"target\":{\"@type\":\"EntryPoint\",\"urlTemplate\":\"https:\\\/\\\/www.webdo.tn\\\/fr\\\/?s={search_term_string}\"},\"query-input\":{\"@type\":\"PropertyValueSpecification\",\"valueRequired\":true,\"valueName\":\"search_term_string\"}}],\"inLanguage\":\"fr-FR\"},{\"@type\":\"Organization\",\"@id\":\"https:\\\/\\\/www.webdo.tn\\\/fr\\\/#organization\",\"name\":\"Webdo\",\"alternateName\":\"Webdo.tn\",\"url\":\"https:\\\/\\\/www.webdo.tn\\\/fr\\\/\",\"logo\":{\"@type\":\"ImageObject\",\"inLanguage\":\"fr-FR\",\"@id\":\"https:\\\/\\\/www.webdo.tn\\\/fr\\\/#\\\/schema\\\/logo\\\/image\\\/\",\"url\":\"https:\\\/\\\/www.webdo.tn\\\/fr\\\/wp-content\\\/uploads\\\/2025\\\/06\\\/Webdo-Tunisie_168377.jpg\",\"contentUrl\":\"https:\\\/\\\/www.webdo.tn\\\/fr\\\/wp-content\\\/uploads\\\/2025\\\/06\\\/Webdo-Tunisie_168377.jpg\",\"width\":301,\"height\":301,\"caption\":\"Webdo\"},\"image\":{\"@id\":\"https:\\\/\\\/www.webdo.tn\\\/fr\\\/#\\\/schema\\\/logo\\\/image\\\/\"},\"sameAs\":[\"https:\\\/\\\/www.facebook.com\\\/webdotn\",\"https:\\\/\\\/x.com\\\/webdo_tn\"],\"description\":\"Webdo est un m\u00e9dia num\u00e9rique tunisien fond\u00e9 en 2010, sp\u00e9cialis\u00e9 dans l\u2019actualit\u00e9 nationale et internationale, l\u2019\u00e9conomie, la soci\u00e9t\u00e9 et les analyses politiques. Le site s\u2019adresse \u00e0 un large public francophone et couvre l\u2019information tunisienne en temps r\u00e9el.\",\"email\":\"redac@webdo.tn\",\"legalName\":\"YNJ SARL\",\"foundingDate\":\"2010-09-06\",\"numberOfEmployees\":{\"@type\":\"QuantitativeValue\",\"minValue\":\"11\",\"maxValue\":\"50\"}},{\"@type\":\"Person\",\"@id\":\"https:\\\/\\\/www.webdo.tn\\\/fr\\\/#\\\/schema\\\/person\\\/f35b42a42c5e2511bbd282959d6385cc\",\"name\":\"CL\",\"image\":{\"@type\":\"ImageObject\",\"inLanguage\":\"fr-FR\",\"@id\":\"https:\\\/\\\/secure.gravatar.com\\\/avatar\\\/1447a49909b67aa657c488aec6512e1dd6143a480c1ecfee9b5b5cd74eb3b59e?s=96&d=mm&r=g\",\"url\":\"https:\\\/\\\/secure.gravatar.com\\\/avatar\\\/1447a49909b67aa657c488aec6512e1dd6143a480c1ecfee9b5b5cd74eb3b59e?s=96&d=mm&r=g\",\"contentUrl\":\"https:\\\/\\\/secure.gravatar.com\\\/avatar\\\/1447a49909b67aa657c488aec6512e1dd6143a480c1ecfee9b5b5cd74eb3b59e?s=96&d=mm&r=g\",\"caption\":\"CL\"},\"url\":\"https:\\\/\\\/www.webdo.tn\\\/fr\\\/actualite\\\/author\\\/cl\\\/\"}]}<\/script>\n<!-- \/ Yoast SEO Premium plugin. -->","yoast_head_json":{"title":"Audit \u00e0 l\u2019a\u00e9roport de Monastir suite \u00e0 l\u2019effondrement d\u2019une partie du faux-plafond","description":"Dans un communiqu\u00e9 rendu public, le minist\u00e8re du Transport annonce avoir suivi cet incident affirmant qu\u2019un audit sera r\u00e9alis\u00e9 \u00e0 partir de ce mercredi 8 novembr...","canonical":"https:\/\/www.webdo.tn\/fr\/actualite\/national\/audit-a-l-aeroport-de-monastir-suite-a-l-effondrement-d-une-partie-du-faux-plafond\/209968\/","og_locale":"fr_FR","og_type":"article","og_title":"Audit \u00e0 l\u2019a\u00e9roport de Monastir suite \u00e0 l\u2019effondrement d\u2019une partie du faux-plafond","og_description":"Dans un communiqu\u00e9 rendu public, le minist\u00e8re du Transport annonce avoir suivi cet incident affirmant qu\u2019un audit sera r\u00e9alis\u00e9 \u00e0 partir de ce mercredi 8 novembr...","og_url":"https:\/\/www.webdo.tn\/fr\/actualite\/national\/audit-a-l-aeroport-de-monastir-suite-a-l-effondrement-d-une-partie-du-faux-plafond\/209968\/","og_site_name":"webdo","article_publisher":"https:\/\/www.facebook.com\/webdotn","article_published_time":"2023-11-08T09:55:00+00:00","article_modified_time":"2025-05-20T22:39:41+00:00","og_image":[{"width":720,"height":384,"url":"https:\/\/www.webdo.tn\/fr\/wp-content\/uploads\/2023\/11\/4cab86e531bd3fbd1ab72d78ec7b31f0.jpg","type":"image\/jpeg"}],"author":"CL","twitter_card":"summary_large_image","twitter_creator":"@webdo_tn","twitter_site":"@webdo_tn","twitter_misc":{"\u00c9crit par":"CL","Dur\u00e9e de lecture estim\u00e9e":"1 minute"},"schema":{"@context":"https:\/\/schema.org","@graph":[{"@type":"NewsArticle","@id":"https:\/\/www.webdo.tn\/fr\/actualite\/national\/audit-a-l-aeroport-de-monastir-suite-a-l-effondrement-d-une-partie-du-faux-plafond\/209968\/#article","isPartOf":{"@id":"https:\/\/www.webdo.tn\/fr\/actualite\/national\/audit-a-l-aeroport-de-monastir-suite-a-l-effondrement-d-une-partie-du-faux-plafond\/209968\/"},"author":{"name":"CL","@id":"https:\/\/www.webdo.tn\/fr\/#\/schema\/person\/f35b42a42c5e2511bbd282959d6385cc"},"headline":"Audit \u00e0 l\u2019a\u00e9roport de Monastir suite \u00e0 l\u2019effondrement d\u2019une partie du faux-plafond","datePublished":"2023-11-08T09:55:00+00:00","dateModified":"2025-05-20T22:39:41+00:00","mainEntityOfPage":{"@id":"https:\/\/www.webdo.tn\/fr\/actualite\/national\/audit-a-l-aeroport-de-monastir-suite-a-l-effondrement-d-une-partie-du-faux-plafond\/209968\/"},"wordCount":186,"commentCount":0,"publisher":{"@id":"https:\/\/www.webdo.tn\/fr\/#organization"},"image":{"@id":"https:\/\/www.webdo.tn\/fr\/actualite\/national\/audit-a-l-aeroport-de-monastir-suite-a-l-effondrement-d-une-partie-du-faux-plafond\/209968\/#primaryimage"},"thumbnailUrl":"https:\/\/www.webdo.tn\/fr\/wp-content\/uploads\/2023\/11\/4cab86e531bd3fbd1ab72d78ec7b31f0.jpg","keywords":["a\u00e9roport","Faux-plafond","Monastir","Tunisie"],"articleSection":["National"],"inLanguage":"fr-FR"},{"@type":"WebPage","@id":"https:\/\/www.webdo.tn\/fr\/actualite\/national\/audit-a-l-aeroport-de-monastir-suite-a-l-effondrement-d-une-partie-du-faux-plafond\/209968\/","url":"https:\/\/www.webdo.tn\/fr\/actualite\/national\/audit-a-l-aeroport-de-monastir-suite-a-l-effondrement-d-une-partie-du-faux-plafond\/209968\/","name":"Audit \u00e0 l\u2019a\u00e9roport de Monastir suite \u00e0 l\u2019effondrement d\u2019une partie du faux-plafond","isPartOf":{"@id":"https:\/\/www.webdo.tn\/fr\/#website"},"primaryImageOfPage":{"@id":"https:\/\/www.webdo.tn\/fr\/actualite\/national\/audit-a-l-aeroport-de-monastir-suite-a-l-effondrement-d-une-partie-du-faux-plafond\/209968\/#primaryimage"},"image":{"@id":"https:\/\/www.webdo.tn\/fr\/actualite\/national\/audit-a-l-aeroport-de-monastir-suite-a-l-effondrement-d-une-partie-du-faux-plafond\/209968\/#primaryimage"},"thumbnailUrl":"https:\/\/www.webdo.tn\/fr\/wp-content\/uploads\/2023\/11\/4cab86e531bd3fbd1ab72d78ec7b31f0.jpg","datePublished":"2023-11-08T09:55:00+00:00","dateModified":"2025-05-20T22:39:41+00:00","description":"Dans un communiqu\u00e9 rendu public, le minist\u00e8re du Transport annonce avoir suivi cet incident affirmant qu\u2019un audit sera r\u00e9alis\u00e9 \u00e0 partir de ce mercredi 8 novembr...","breadcrumb":{"@id":"https:\/\/www.webdo.tn\/fr\/actualite\/national\/audit-a-l-aeroport-de-monastir-suite-a-l-effondrement-d-une-partie-du-faux-plafond\/209968\/#breadcrumb"},"inLanguage":"fr-FR","potentialAction":[{"@type":"ReadAction","target":["https:\/\/www.webdo.tn\/fr\/actualite\/national\/audit-a-l-aeroport-de-monastir-suite-a-l-effondrement-d-une-partie-du-faux-plafond\/209968\/"]}]},{"@type":"ImageObject","inLanguage":"fr-FR","@id":"https:\/\/www.webdo.tn\/fr\/actualite\/national\/audit-a-l-aeroport-de-monastir-suite-a-l-effondrement-d-une-partie-du-faux-plafond\/209968\/#primaryimage","url":"https:\/\/www.webdo.tn\/fr\/wp-content\/uploads\/2023\/11\/4cab86e531bd3fbd1ab72d78ec7b31f0.jpg","contentUrl":"https:\/\/www.webdo.tn\/fr\/wp-content\/uploads\/2023\/11\/4cab86e531bd3fbd1ab72d78ec7b31f0.jpg","width":720,"height":384,"caption":"Audit \u00e0 l\u2019a\u00e9roport de Monastir suite \u00e0 l\u2019effondrement d\u2019une partie du faux-plafond"},{"@type":"BreadcrumbList","@id":"https:\/\/www.webdo.tn\/fr\/actualite\/national\/audit-a-l-aeroport-de-monastir-suite-a-l-effondrement-d-une-partie-du-faux-plafond\/209968\/#breadcrumb","itemListElement":[{"@type":"ListItem","position":1,"name":"Accueil","item":"https:\/\/www.webdo.tn\/fr\/"},{"@type":"ListItem","position":2,"name":"Audit \u00e0 l\u2019a\u00e9roport de Monastir suite \u00e0 l\u2019effondrement d\u2019une partie du faux-plafond"}]},{"@type":"WebSite","@id":"https:\/\/www.webdo.tn\/fr\/#website","url":"https:\/\/www.webdo.tn\/fr\/","name":"webdo","description":"Tunisie - News en Tunisie et \u00e0 l&#039;international sur Webdo.tn","publisher":{"@id":"https:\/\/www.webdo.tn\/fr\/#organization"},"potentialAction":[{"@type":"SearchAction","target":{"@type":"EntryPoint","urlTemplate":"https:\/\/www.webdo.tn\/fr\/?s={search_term_string}"},"query-input":{"@type":"PropertyValueSpecification","valueRequired":true,"valueName":"search_term_string"}}],"inLanguage":"fr-FR"},{"@type":"Organization","@id":"https:\/\/www.webdo.tn\/fr\/#organization","name":"Webdo","alternateName":"Webdo.tn","url":"https:\/\/www.webdo.tn\/fr\/","logo":{"@type":"ImageObject","inLanguage":"fr-FR","@id":"https:\/\/www.webdo.tn\/fr\/#\/schema\/logo\/image\/","url":"https:\/\/www.webdo.tn\/fr\/wp-content\/uploads\/2025\/06\/Webdo-Tunisie_168377.jpg","contentUrl":"https:\/\/www.webdo.tn\/fr\/wp-content\/uploads\/2025\/06\/Webdo-Tunisie_168377.jpg","width":301,"height":301,"caption":"Webdo"},"image":{"@id":"https:\/\/www.webdo.tn\/fr\/#\/schema\/logo\/image\/"},"sameAs":["https:\/\/www.facebook.com\/webdotn","https:\/\/x.com\/webdo_tn"],"description":"Webdo est un m\u00e9dia num\u00e9rique tunisien fond\u00e9 en 2010, sp\u00e9cialis\u00e9 dans l\u2019actualit\u00e9 nationale et internationale, l\u2019\u00e9conomie, la soci\u00e9t\u00e9 et les analyses politiques. Le site s\u2019adresse \u00e0 un large public francophone et couvre l\u2019information tunisienne en temps r\u00e9el.","email":"redac@webdo.tn","legalName":"YNJ SARL","foundingDate":"2010-09-06","numberOfEmployees":{"@type":"QuantitativeValue","minValue":"11","maxValue":"50"}},{"@type":"Person","@id":"https:\/\/www.webdo.tn\/fr\/#\/schema\/person\/f35b42a42c5e2511bbd282959d6385cc","name":"CL","image":{"@type":"ImageObject","inLanguage":"fr-FR","@id":"https:\/\/secure.gravatar.com\/avatar\/1447a49909b67aa657c488aec6512e1dd6143a480c1ecfee9b5b5cd74eb3b59e?s=96&d=mm&r=g","url":"https:\/\/secure.gravatar.com\/avatar\/1447a49909b67aa657c488aec6512e1dd6143a480c1ecfee9b5b5cd74eb3b59e?s=96&d=mm&r=g","contentUrl":"https:\/\/secure.gravatar.com\/avatar\/1447a49909b67aa657c488aec6512e1dd6143a480c1ecfee9b5b5cd74eb3b59e?s=96&d=mm&r=g","caption":"CL"},"url":"https:\/\/www.webdo.tn\/fr\/actualite\/author\/cl\/"}]}},"_links":{"self":[{"href":"https:\/\/www.webdo.tn\/fr\/wp-json\/wp\/v2\/posts\/209968","targetHints":{"allow":["GET"]}}],"collection":[{"href":"https:\/\/www.webdo.tn\/fr\/wp-json\/wp\/v2\/posts"}],"about":[{"href":"https:\/\/www.webdo.tn\/fr\/wp-json\/wp\/v2\/types\/post"}],"author":[{"embeddable":true,"href":"https:\/\/www.webdo.tn\/fr\/wp-json\/wp\/v2\/users\/3175"}],"replies":[{"embeddable":true,"href":"https:\/\/www.webdo.tn\/fr\/wp-json\/wp\/v2\/comments?post=209968"}],"version-history":[{"count":0,"href":"https:\/\/www.webdo.tn\/fr\/wp-json\/wp\/v2\/posts\/209968\/revisions"}],"wp:featuredmedia":[{"embeddable":true,"href":"https:\/\/www.webdo.tn\/fr\/wp-json\/wp\/v2\/media\/248839"}],"wp:attachment":[{"href":"https:\/\/www.webdo.tn\/fr\/wp-json\/wp\/v2\/media?parent=209968"}],"wp:term":[{"taxonomy":"category","embeddable":true,"href":"https:\/\/www.webdo.tn\/fr\/wp-json\/wp\/v2\/categories?post=209968"},{"taxonomy":"post_tag","embeddable":true,"href":"https:\/\/www.webdo.tn\/fr\/wp-json\/wp\/v2\/tags?post=209968"}],"curies":[{"name":"wp","href":"https:\/\/api.w.org\/{rel}","templated":true}]}}