{"id":209965,"date":"2023-11-08T08:54:00","date_gmt":"2023-11-08T08:54:00","guid":{"rendered":"https:\/\/www.webdo.tn\/fr\/blog\/etude-la-tunisie-parmi-les-pays-ou-l-economie-s-est-le-plus-deterioree\/209965\/"},"modified":"2025-05-20T22:39:40","modified_gmt":"2025-05-20T22:39:40","slug":"etude-la-tunisie-parmi-les-pays-ou-l-economie-s-est-le-plus-deterioree","status":"publish","type":"post","link":"https:\/\/www.webdo.tn\/fr\/actualite\/national\/etude-la-tunisie-parmi-les-pays-ou-l-economie-s-est-le-plus-deterioree\/209965\/","title":{"rendered":"Etude : La Tunisie parmi les pays dont l\u2019\u00e9conomie s\u2019est le plus d\u00e9t\u00e9rior\u00e9e"},"content":{"rendered":"<p>Une \u00e9tude r\u00e9alis\u00e9e r\u00e9cemment par le Centre pour le D\u00e9veloppement mondial (CGD) montre que l&rsquo;Argentine, le Pakistan, la Tunisie et le Sri Lanka sont les pays dont la situation s&rsquo;est le plus d\u00e9t\u00e9rior\u00e9e en moins de cinq ans.\u00a0<\/p>\n<p>\t\t\t\t\t\t\t\t\tEn effet, selon cette \u00e9tude, les pays \u00e9mergents sont sortis globalement plus affaiblis de l&rsquo;encha\u00eenement des crises qui touche l&rsquo;\u00e9conomie mondiale depuis le d\u00e9but de la pand\u00e9mie.\u00a0<\/p>\n<p>\u00ab Les trois pays, avec le Sri Lanka, sont d&rsquo;ailleurs, sans surprise, ceux dont la situation s&rsquo;est le plus d\u00e9t\u00e9rior\u00e9e en moins de cinq ans \u00bb, a-t-on expliqu\u00e9. \u00a0<\/p>\n<p>L\u2019\u00e9tude en question rappelle qu\u2019en d\u00e9pit de cette difficile conjoncture, la Tunisie, a suspendu les n\u00e9gociations avec l&rsquo;institution, refusant de mettre en place les r\u00e9formes que le FMI pr\u00e9conisait pour valider l&rsquo;obtention du pr\u00eat.<\/p>\n<p>Plus largement 60% des pays suivis par l&rsquo;\u00e9tude pr\u00e9sentent d\u00e9sormais un d\u00e9ficit public sup\u00e9rieur \u00e0 4%, soit deux fois plus qu&rsquo;en 2019, ann\u00e9e de la pr\u00e9c\u00e9dente \u00e9tude.<\/p>\n","protected":false},"excerpt":{"rendered":"<p>Selon une \u00e9tude, les pays \u00e9mergents sont sortis globalement plus affaiblis de l&rsquo;encha\u00eenement des crises qui touche l&rsquo;\u00e9conomie mondiale depuis le d\u00e9but de la pan&#8230;<\/p>\n","protected":false},"author":3175,"featured_media":248837,"comment_status":"open","ping_status":"closed","sticky":false,"template":"","format":"standard","meta":{"footnotes":""},"categories":[44],"tags":[3154,7598,2608],"class_list":["post-209965","post","type-post","status-publish","format-standard","has-post-thumbnail","hentry","category-national","tag-economie","tag-etude","tag-tunisie"],"yoast_head":"<!-- This site is optimized with the Yoast SEO Premium plugin v27.4 (Yoast SEO v27.4) - https:\/\/yoast.com\/product\/yoast-seo-premium-wordpress\/ -->\n<title>Etude : La Tunisie parmi les pays dont l\u2019\u00e9conomie s\u2019est le plus d\u00e9t\u00e9rior\u00e9e<\/title>\n<meta name=\"description\" content=\"Selon une \u00e9tude, les pays \u00e9mergents sont sortis globalement plus affaiblis de l&#039;encha\u00eenement des crises qui touche l&#039;\u00e9conomie mondiale depuis le d\u00e9but de la pan...\" \/>\n<link rel=\"canonical\" href=\"https:\/\/www.webdo.tn\/fr\/actualite\/national\/etude-la-tunisie-parmi-les-pays-ou-l-economie-s-est-le-plus-deterioree\/209965\/\" \/>\n<meta property=\"og:locale\" content=\"fr_FR\" \/>\n<meta property=\"og:type\" content=\"article\" \/>\n<meta property=\"og:title\" content=\"Etude : La Tunisie parmi les pays dont l\u2019\u00e9conomie s\u2019est le plus d\u00e9t\u00e9rior\u00e9e\" \/>\n<meta property=\"og:description\" content=\"Selon une \u00e9tude, les pays \u00e9mergents sont sortis globalement plus affaiblis de l&#039;encha\u00eenement des crises qui touche l&#039;\u00e9conomie mondiale depuis le d\u00e9but de la pan...\" \/>\n<meta property=\"og:url\" content=\"https:\/\/www.webdo.tn\/fr\/actualite\/national\/etude-la-tunisie-parmi-les-pays-ou-l-economie-s-est-le-plus-deterioree\/209965\/\" \/>\n<meta property=\"og:site_name\" content=\"webdo\" \/>\n<meta property=\"article:publisher\" content=\"https:\/\/www.facebook.com\/webdotn\" \/>\n<meta property=\"article:published_time\" content=\"2023-11-08T08:54:00+00:00\" \/>\n<meta property=\"article:modified_time\" content=\"2025-05-20T22:39:40+00:00\" \/>\n<meta property=\"og:image\" content=\"https:\/\/www.webdo.tn\/fr\/wp-content\/uploads\/2023\/11\/50445746d02e828aa232411b52443942.jpeg\" \/>\n\t<meta property=\"og:image:width\" content=\"750\" \/>\n\t<meta property=\"og:image:height\" content=\"400\" \/>\n\t<meta property=\"og:image:type\" content=\"image\/jpeg\" \/>\n<meta name=\"author\" content=\"CL\" \/>\n<meta name=\"twitter:card\" content=\"summary_large_image\" \/>\n<meta name=\"twitter:creator\" content=\"@webdo_tn\" \/>\n<meta name=\"twitter:site\" content=\"@webdo_tn\" \/>\n<meta name=\"twitter:label1\" content=\"\u00c9crit par\" \/>\n\t<meta name=\"twitter:data1\" content=\"CL\" \/>\n\t<meta name=\"twitter:label2\" content=\"Dur\u00e9e de lecture estim\u00e9e\" \/>\n\t<meta name=\"twitter:data2\" content=\"1 minute\" \/>\n<script type=\"application\/ld+json\" class=\"yoast-schema-graph\">{\"@context\":\"https:\\\/\\\/schema.org\",\"@graph\":[{\"@type\":\"NewsArticle\",\"@id\":\"https:\\\/\\\/www.webdo.tn\\\/fr\\\/actualite\\\/national\\\/etude-la-tunisie-parmi-les-pays-ou-l-economie-s-est-le-plus-deterioree\\\/209965\\\/#article\",\"isPartOf\":{\"@id\":\"https:\\\/\\\/www.webdo.tn\\\/fr\\\/actualite\\\/national\\\/etude-la-tunisie-parmi-les-pays-ou-l-economie-s-est-le-plus-deterioree\\\/209965\\\/\"},\"author\":{\"name\":\"CL\",\"@id\":\"https:\\\/\\\/www.webdo.tn\\\/fr\\\/#\\\/schema\\\/person\\\/f35b42a42c5e2511bbd282959d6385cc\"},\"headline\":\"Etude : La Tunisie parmi les pays dont l\u2019\u00e9conomie s\u2019est le plus d\u00e9t\u00e9rior\u00e9e\",\"datePublished\":\"2023-11-08T08:54:00+00:00\",\"dateModified\":\"2025-05-20T22:39:40+00:00\",\"mainEntityOfPage\":{\"@id\":\"https:\\\/\\\/www.webdo.tn\\\/fr\\\/actualite\\\/national\\\/etude-la-tunisie-parmi-les-pays-ou-l-economie-s-est-le-plus-deterioree\\\/209965\\\/\"},\"wordCount\":202,\"commentCount\":0,\"publisher\":{\"@id\":\"https:\\\/\\\/www.webdo.tn\\\/fr\\\/#organization\"},\"image\":{\"@id\":\"https:\\\/\\\/www.webdo.tn\\\/fr\\\/actualite\\\/national\\\/etude-la-tunisie-parmi-les-pays-ou-l-economie-s-est-le-plus-deterioree\\\/209965\\\/#primaryimage\"},\"thumbnailUrl\":\"https:\\\/\\\/www.webdo.tn\\\/fr\\\/wp-content\\\/uploads\\\/2023\\\/11\\\/50445746d02e828aa232411b52443942.jpeg\",\"keywords\":[\"\u00e9conomie\",\"Etude\",\"Tunisie\"],\"articleSection\":[\"National\"],\"inLanguage\":\"fr-FR\"},{\"@type\":\"WebPage\",\"@id\":\"https:\\\/\\\/www.webdo.tn\\\/fr\\\/actualite\\\/national\\\/etude-la-tunisie-parmi-les-pays-ou-l-economie-s-est-le-plus-deterioree\\\/209965\\\/\",\"url\":\"https:\\\/\\\/www.webdo.tn\\\/fr\\\/actualite\\\/national\\\/etude-la-tunisie-parmi-les-pays-ou-l-economie-s-est-le-plus-deterioree\\\/209965\\\/\",\"name\":\"Etude : La Tunisie parmi les pays dont l\u2019\u00e9conomie s\u2019est le plus d\u00e9t\u00e9rior\u00e9e\",\"isPartOf\":{\"@id\":\"https:\\\/\\\/www.webdo.tn\\\/fr\\\/#website\"},\"primaryImageOfPage\":{\"@id\":\"https:\\\/\\\/www.webdo.tn\\\/fr\\\/actualite\\\/national\\\/etude-la-tunisie-parmi-les-pays-ou-l-economie-s-est-le-plus-deterioree\\\/209965\\\/#primaryimage\"},\"image\":{\"@id\":\"https:\\\/\\\/www.webdo.tn\\\/fr\\\/actualite\\\/national\\\/etude-la-tunisie-parmi-les-pays-ou-l-economie-s-est-le-plus-deterioree\\\/209965\\\/#primaryimage\"},\"thumbnailUrl\":\"https:\\\/\\\/www.webdo.tn\\\/fr\\\/wp-content\\\/uploads\\\/2023\\\/11\\\/50445746d02e828aa232411b52443942.jpeg\",\"datePublished\":\"2023-11-08T08:54:00+00:00\",\"dateModified\":\"2025-05-20T22:39:40+00:00\",\"description\":\"Selon une \u00e9tude, les pays \u00e9mergents sont sortis globalement plus affaiblis de l'encha\u00eenement des crises qui touche l'\u00e9conomie mondiale depuis le d\u00e9but de la pan...\",\"breadcrumb\":{\"@id\":\"https:\\\/\\\/www.webdo.tn\\\/fr\\\/actualite\\\/national\\\/etude-la-tunisie-parmi-les-pays-ou-l-economie-s-est-le-plus-deterioree\\\/209965\\\/#breadcrumb\"},\"inLanguage\":\"fr-FR\",\"potentialAction\":[{\"@type\":\"ReadAction\",\"target\":[\"https:\\\/\\\/www.webdo.tn\\\/fr\\\/actualite\\\/national\\\/etude-la-tunisie-parmi-les-pays-ou-l-economie-s-est-le-plus-deterioree\\\/209965\\\/\"]}]},{\"@type\":\"ImageObject\",\"inLanguage\":\"fr-FR\",\"@id\":\"https:\\\/\\\/www.webdo.tn\\\/fr\\\/actualite\\\/national\\\/etude-la-tunisie-parmi-les-pays-ou-l-economie-s-est-le-plus-deterioree\\\/209965\\\/#primaryimage\",\"url\":\"https:\\\/\\\/www.webdo.tn\\\/fr\\\/wp-content\\\/uploads\\\/2023\\\/11\\\/50445746d02e828aa232411b52443942.jpeg\",\"contentUrl\":\"https:\\\/\\\/www.webdo.tn\\\/fr\\\/wp-content\\\/uploads\\\/2023\\\/11\\\/50445746d02e828aa232411b52443942.jpeg\",\"width\":750,\"height\":400,\"caption\":\"Etude : La Tunisie parmi les pays dont l\u2019\u00e9conomie s\u2019est le plus d\u00e9t\u00e9rior\u00e9e\"},{\"@type\":\"BreadcrumbList\",\"@id\":\"https:\\\/\\\/www.webdo.tn\\\/fr\\\/actualite\\\/national\\\/etude-la-tunisie-parmi-les-pays-ou-l-economie-s-est-le-plus-deterioree\\\/209965\\\/#breadcrumb\",\"itemListElement\":[{\"@type\":\"ListItem\",\"position\":1,\"name\":\"Accueil\",\"item\":\"https:\\\/\\\/www.webdo.tn\\\/fr\\\/\"},{\"@type\":\"ListItem\",\"position\":2,\"name\":\"Etude : La Tunisie parmi les pays dont l\u2019\u00e9conomie s\u2019est le plus d\u00e9t\u00e9rior\u00e9e\"}]},{\"@type\":\"WebSite\",\"@id\":\"https:\\\/\\\/www.webdo.tn\\\/fr\\\/#website\",\"url\":\"https:\\\/\\\/www.webdo.tn\\\/fr\\\/\",\"name\":\"webdo\",\"description\":\"Tunisie - News en Tunisie et \u00e0 l&#039;international sur Webdo.tn\",\"publisher\":{\"@id\":\"https:\\\/\\\/www.webdo.tn\\\/fr\\\/#organization\"},\"potentialAction\":[{\"@type\":\"SearchAction\",\"target\":{\"@type\":\"EntryPoint\",\"urlTemplate\":\"https:\\\/\\\/www.webdo.tn\\\/fr\\\/?s={search_term_string}\"},\"query-input\":{\"@type\":\"PropertyValueSpecification\",\"valueRequired\":true,\"valueName\":\"search_term_string\"}}],\"inLanguage\":\"fr-FR\"},{\"@type\":\"Organization\",\"@id\":\"https:\\\/\\\/www.webdo.tn\\\/fr\\\/#organization\",\"name\":\"Webdo\",\"alternateName\":\"Webdo.tn\",\"url\":\"https:\\\/\\\/www.webdo.tn\\\/fr\\\/\",\"logo\":{\"@type\":\"ImageObject\",\"inLanguage\":\"fr-FR\",\"@id\":\"https:\\\/\\\/www.webdo.tn\\\/fr\\\/#\\\/schema\\\/logo\\\/image\\\/\",\"url\":\"https:\\\/\\\/www.webdo.tn\\\/fr\\\/wp-content\\\/uploads\\\/2025\\\/06\\\/Webdo-Tunisie_168377.jpg\",\"contentUrl\":\"https:\\\/\\\/www.webdo.tn\\\/fr\\\/wp-content\\\/uploads\\\/2025\\\/06\\\/Webdo-Tunisie_168377.jpg\",\"width\":301,\"height\":301,\"caption\":\"Webdo\"},\"image\":{\"@id\":\"https:\\\/\\\/www.webdo.tn\\\/fr\\\/#\\\/schema\\\/logo\\\/image\\\/\"},\"sameAs\":[\"https:\\\/\\\/www.facebook.com\\\/webdotn\",\"https:\\\/\\\/x.com\\\/webdo_tn\"],\"description\":\"Webdo est un m\u00e9dia num\u00e9rique tunisien fond\u00e9 en 2010, sp\u00e9cialis\u00e9 dans l\u2019actualit\u00e9 nationale et internationale, l\u2019\u00e9conomie, la soci\u00e9t\u00e9 et les analyses politiques. Le site s\u2019adresse \u00e0 un large public francophone et couvre l\u2019information tunisienne en temps r\u00e9el.\",\"email\":\"redac@webdo.tn\",\"legalName\":\"YNJ SARL\",\"foundingDate\":\"2010-09-06\",\"numberOfEmployees\":{\"@type\":\"QuantitativeValue\",\"minValue\":\"11\",\"maxValue\":\"50\"}},{\"@type\":\"Person\",\"@id\":\"https:\\\/\\\/www.webdo.tn\\\/fr\\\/#\\\/schema\\\/person\\\/f35b42a42c5e2511bbd282959d6385cc\",\"name\":\"CL\",\"image\":{\"@type\":\"ImageObject\",\"inLanguage\":\"fr-FR\",\"@id\":\"https:\\\/\\\/secure.gravatar.com\\\/avatar\\\/1447a49909b67aa657c488aec6512e1dd6143a480c1ecfee9b5b5cd74eb3b59e?s=96&d=mm&r=g\",\"url\":\"https:\\\/\\\/secure.gravatar.com\\\/avatar\\\/1447a49909b67aa657c488aec6512e1dd6143a480c1ecfee9b5b5cd74eb3b59e?s=96&d=mm&r=g\",\"contentUrl\":\"https:\\\/\\\/secure.gravatar.com\\\/avatar\\\/1447a49909b67aa657c488aec6512e1dd6143a480c1ecfee9b5b5cd74eb3b59e?s=96&d=mm&r=g\",\"caption\":\"CL\"},\"url\":\"https:\\\/\\\/www.webdo.tn\\\/fr\\\/actualite\\\/author\\\/cl\\\/\"}]}<\/script>\n<!-- \/ Yoast SEO Premium plugin. -->","yoast_head_json":{"title":"Etude : La Tunisie parmi les pays dont l\u2019\u00e9conomie s\u2019est le plus d\u00e9t\u00e9rior\u00e9e","description":"Selon une \u00e9tude, les pays \u00e9mergents sont sortis globalement plus affaiblis de l'encha\u00eenement des crises qui touche l'\u00e9conomie mondiale depuis le d\u00e9but de la pan...","canonical":"https:\/\/www.webdo.tn\/fr\/actualite\/national\/etude-la-tunisie-parmi-les-pays-ou-l-economie-s-est-le-plus-deterioree\/209965\/","og_locale":"fr_FR","og_type":"article","og_title":"Etude : La Tunisie parmi les pays dont l\u2019\u00e9conomie s\u2019est le plus d\u00e9t\u00e9rior\u00e9e","og_description":"Selon une \u00e9tude, les pays \u00e9mergents sont sortis globalement plus affaiblis de l'encha\u00eenement des crises qui touche l'\u00e9conomie mondiale depuis le d\u00e9but de la pan...","og_url":"https:\/\/www.webdo.tn\/fr\/actualite\/national\/etude-la-tunisie-parmi-les-pays-ou-l-economie-s-est-le-plus-deterioree\/209965\/","og_site_name":"webdo","article_publisher":"https:\/\/www.facebook.com\/webdotn","article_published_time":"2023-11-08T08:54:00+00:00","article_modified_time":"2025-05-20T22:39:40+00:00","og_image":[{"width":750,"height":400,"url":"https:\/\/www.webdo.tn\/fr\/wp-content\/uploads\/2023\/11\/50445746d02e828aa232411b52443942.jpeg","type":"image\/jpeg"}],"author":"CL","twitter_card":"summary_large_image","twitter_creator":"@webdo_tn","twitter_site":"@webdo_tn","twitter_misc":{"\u00c9crit par":"CL","Dur\u00e9e de lecture estim\u00e9e":"1 minute"},"schema":{"@context":"https:\/\/schema.org","@graph":[{"@type":"NewsArticle","@id":"https:\/\/www.webdo.tn\/fr\/actualite\/national\/etude-la-tunisie-parmi-les-pays-ou-l-economie-s-est-le-plus-deterioree\/209965\/#article","isPartOf":{"@id":"https:\/\/www.webdo.tn\/fr\/actualite\/national\/etude-la-tunisie-parmi-les-pays-ou-l-economie-s-est-le-plus-deterioree\/209965\/"},"author":{"name":"CL","@id":"https:\/\/www.webdo.tn\/fr\/#\/schema\/person\/f35b42a42c5e2511bbd282959d6385cc"},"headline":"Etude : La Tunisie parmi les pays dont l\u2019\u00e9conomie s\u2019est le plus d\u00e9t\u00e9rior\u00e9e","datePublished":"2023-11-08T08:54:00+00:00","dateModified":"2025-05-20T22:39:40+00:00","mainEntityOfPage":{"@id":"https:\/\/www.webdo.tn\/fr\/actualite\/national\/etude-la-tunisie-parmi-les-pays-ou-l-economie-s-est-le-plus-deterioree\/209965\/"},"wordCount":202,"commentCount":0,"publisher":{"@id":"https:\/\/www.webdo.tn\/fr\/#organization"},"image":{"@id":"https:\/\/www.webdo.tn\/fr\/actualite\/national\/etude-la-tunisie-parmi-les-pays-ou-l-economie-s-est-le-plus-deterioree\/209965\/#primaryimage"},"thumbnailUrl":"https:\/\/www.webdo.tn\/fr\/wp-content\/uploads\/2023\/11\/50445746d02e828aa232411b52443942.jpeg","keywords":["\u00e9conomie","Etude","Tunisie"],"articleSection":["National"],"inLanguage":"fr-FR"},{"@type":"WebPage","@id":"https:\/\/www.webdo.tn\/fr\/actualite\/national\/etude-la-tunisie-parmi-les-pays-ou-l-economie-s-est-le-plus-deterioree\/209965\/","url":"https:\/\/www.webdo.tn\/fr\/actualite\/national\/etude-la-tunisie-parmi-les-pays-ou-l-economie-s-est-le-plus-deterioree\/209965\/","name":"Etude : La Tunisie parmi les pays dont l\u2019\u00e9conomie s\u2019est le plus d\u00e9t\u00e9rior\u00e9e","isPartOf":{"@id":"https:\/\/www.webdo.tn\/fr\/#website"},"primaryImageOfPage":{"@id":"https:\/\/www.webdo.tn\/fr\/actualite\/national\/etude-la-tunisie-parmi-les-pays-ou-l-economie-s-est-le-plus-deterioree\/209965\/#primaryimage"},"image":{"@id":"https:\/\/www.webdo.tn\/fr\/actualite\/national\/etude-la-tunisie-parmi-les-pays-ou-l-economie-s-est-le-plus-deterioree\/209965\/#primaryimage"},"thumbnailUrl":"https:\/\/www.webdo.tn\/fr\/wp-content\/uploads\/2023\/11\/50445746d02e828aa232411b52443942.jpeg","datePublished":"2023-11-08T08:54:00+00:00","dateModified":"2025-05-20T22:39:40+00:00","description":"Selon une \u00e9tude, les pays \u00e9mergents sont sortis globalement plus affaiblis de l'encha\u00eenement des crises qui touche l'\u00e9conomie mondiale depuis le d\u00e9but de la pan...","breadcrumb":{"@id":"https:\/\/www.webdo.tn\/fr\/actualite\/national\/etude-la-tunisie-parmi-les-pays-ou-l-economie-s-est-le-plus-deterioree\/209965\/#breadcrumb"},"inLanguage":"fr-FR","potentialAction":[{"@type":"ReadAction","target":["https:\/\/www.webdo.tn\/fr\/actualite\/national\/etude-la-tunisie-parmi-les-pays-ou-l-economie-s-est-le-plus-deterioree\/209965\/"]}]},{"@type":"ImageObject","inLanguage":"fr-FR","@id":"https:\/\/www.webdo.tn\/fr\/actualite\/national\/etude-la-tunisie-parmi-les-pays-ou-l-economie-s-est-le-plus-deterioree\/209965\/#primaryimage","url":"https:\/\/www.webdo.tn\/fr\/wp-content\/uploads\/2023\/11\/50445746d02e828aa232411b52443942.jpeg","contentUrl":"https:\/\/www.webdo.tn\/fr\/wp-content\/uploads\/2023\/11\/50445746d02e828aa232411b52443942.jpeg","width":750,"height":400,"caption":"Etude : La Tunisie parmi les pays dont l\u2019\u00e9conomie s\u2019est le plus d\u00e9t\u00e9rior\u00e9e"},{"@type":"BreadcrumbList","@id":"https:\/\/www.webdo.tn\/fr\/actualite\/national\/etude-la-tunisie-parmi-les-pays-ou-l-economie-s-est-le-plus-deterioree\/209965\/#breadcrumb","itemListElement":[{"@type":"ListItem","position":1,"name":"Accueil","item":"https:\/\/www.webdo.tn\/fr\/"},{"@type":"ListItem","position":2,"name":"Etude : La Tunisie parmi les pays dont l\u2019\u00e9conomie s\u2019est le plus d\u00e9t\u00e9rior\u00e9e"}]},{"@type":"WebSite","@id":"https:\/\/www.webdo.tn\/fr\/#website","url":"https:\/\/www.webdo.tn\/fr\/","name":"webdo","description":"Tunisie - News en Tunisie et \u00e0 l&#039;international sur Webdo.tn","publisher":{"@id":"https:\/\/www.webdo.tn\/fr\/#organization"},"potentialAction":[{"@type":"SearchAction","target":{"@type":"EntryPoint","urlTemplate":"https:\/\/www.webdo.tn\/fr\/?s={search_term_string}"},"query-input":{"@type":"PropertyValueSpecification","valueRequired":true,"valueName":"search_term_string"}}],"inLanguage":"fr-FR"},{"@type":"Organization","@id":"https:\/\/www.webdo.tn\/fr\/#organization","name":"Webdo","alternateName":"Webdo.tn","url":"https:\/\/www.webdo.tn\/fr\/","logo":{"@type":"ImageObject","inLanguage":"fr-FR","@id":"https:\/\/www.webdo.tn\/fr\/#\/schema\/logo\/image\/","url":"https:\/\/www.webdo.tn\/fr\/wp-content\/uploads\/2025\/06\/Webdo-Tunisie_168377.jpg","contentUrl":"https:\/\/www.webdo.tn\/fr\/wp-content\/uploads\/2025\/06\/Webdo-Tunisie_168377.jpg","width":301,"height":301,"caption":"Webdo"},"image":{"@id":"https:\/\/www.webdo.tn\/fr\/#\/schema\/logo\/image\/"},"sameAs":["https:\/\/www.facebook.com\/webdotn","https:\/\/x.com\/webdo_tn"],"description":"Webdo est un m\u00e9dia num\u00e9rique tunisien fond\u00e9 en 2010, sp\u00e9cialis\u00e9 dans l\u2019actualit\u00e9 nationale et internationale, l\u2019\u00e9conomie, la soci\u00e9t\u00e9 et les analyses politiques. Le site s\u2019adresse \u00e0 un large public francophone et couvre l\u2019information tunisienne en temps r\u00e9el.","email":"redac@webdo.tn","legalName":"YNJ SARL","foundingDate":"2010-09-06","numberOfEmployees":{"@type":"QuantitativeValue","minValue":"11","maxValue":"50"}},{"@type":"Person","@id":"https:\/\/www.webdo.tn\/fr\/#\/schema\/person\/f35b42a42c5e2511bbd282959d6385cc","name":"CL","image":{"@type":"ImageObject","inLanguage":"fr-FR","@id":"https:\/\/secure.gravatar.com\/avatar\/1447a49909b67aa657c488aec6512e1dd6143a480c1ecfee9b5b5cd74eb3b59e?s=96&d=mm&r=g","url":"https:\/\/secure.gravatar.com\/avatar\/1447a49909b67aa657c488aec6512e1dd6143a480c1ecfee9b5b5cd74eb3b59e?s=96&d=mm&r=g","contentUrl":"https:\/\/secure.gravatar.com\/avatar\/1447a49909b67aa657c488aec6512e1dd6143a480c1ecfee9b5b5cd74eb3b59e?s=96&d=mm&r=g","caption":"CL"},"url":"https:\/\/www.webdo.tn\/fr\/actualite\/author\/cl\/"}]}},"_links":{"self":[{"href":"https:\/\/www.webdo.tn\/fr\/wp-json\/wp\/v2\/posts\/209965","targetHints":{"allow":["GET"]}}],"collection":[{"href":"https:\/\/www.webdo.tn\/fr\/wp-json\/wp\/v2\/posts"}],"about":[{"href":"https:\/\/www.webdo.tn\/fr\/wp-json\/wp\/v2\/types\/post"}],"author":[{"embeddable":true,"href":"https:\/\/www.webdo.tn\/fr\/wp-json\/wp\/v2\/users\/3175"}],"replies":[{"embeddable":true,"href":"https:\/\/www.webdo.tn\/fr\/wp-json\/wp\/v2\/comments?post=209965"}],"version-history":[{"count":0,"href":"https:\/\/www.webdo.tn\/fr\/wp-json\/wp\/v2\/posts\/209965\/revisions"}],"wp:featuredmedia":[{"embeddable":true,"href":"https:\/\/www.webdo.tn\/fr\/wp-json\/wp\/v2\/media\/248837"}],"wp:attachment":[{"href":"https:\/\/www.webdo.tn\/fr\/wp-json\/wp\/v2\/media?parent=209965"}],"wp:term":[{"taxonomy":"category","embeddable":true,"href":"https:\/\/www.webdo.tn\/fr\/wp-json\/wp\/v2\/categories?post=209965"},{"taxonomy":"post_tag","embeddable":true,"href":"https:\/\/www.webdo.tn\/fr\/wp-json\/wp\/v2\/tags?post=209965"}],"curies":[{"name":"wp","href":"https:\/\/api.w.org\/{rel}","templated":true}]}}