{"id":209963,"date":"2023-11-08T08:24:00","date_gmt":"2023-11-08T08:24:00","guid":{"rendered":"https:\/\/www.webdo.tn\/fr\/blog\/espagne-les-dockers-du-port-de-barcelone-bloquent-l-envoi-d-armes-a-israel\/209963\/"},"modified":"2025-05-20T22:39:40","modified_gmt":"2025-05-20T22:39:40","slug":"espagne-les-dockers-du-port-de-barcelone-bloquent-l-envoi-d-armes-a-israel","status":"publish","type":"post","link":"https:\/\/www.webdo.tn\/fr\/actualite\/international\/espagne-les-dockers-du-port-de-barcelone-bloquent-l-envoi-d-armes-a-israel\/209963\/","title":{"rendered":"Les dockers du port de Barcelone bloquent l\u2019envoi d\u2019armes \u00e0 Isra\u00ebl"},"content":{"rendered":"<p>Les dockers du port de Barcelone ont d\u00e9cid\u00e9 en assembl\u00e9e de bloquer toute activit\u00e9 li\u00e9e au transport de mat\u00e9riel de guerre vers Isra\u00ebl.\u00a0<\/p>\n<p>\t\t\t\t\t\t\t\t\t\u201cEn tant qu\u2019organisation de travailleurs, le respect des droits humains (&#8230;) est une obligation et un engagement. Droits humains qui semblent avoir \u00e9t\u00e9 oubli\u00e9s par les propres pays signataires de la charte de l\u2019ONU, et qui se trouvent aujourd\u2019hui viol\u00e9s en Ukraine, en Isra\u00ebl ou sur le territoire palestinien, entre autres\u201d, a communiqu\u00e9 le syndicat des agents portuaires.\u00a0<\/p>\n<p>Avant de poursuivre, \u201cnous avons d\u00e9cid\u00e9 d\u2019interdire dans notre port l\u2019activit\u00e9 de navires contenant du mat\u00e9riel de guerre afin de prot\u00e9ger les populations, quel que soit le territoire. Aucune cause ne justifie de sacrifier des civils\u201d, ont ainsi d\u00e9clar\u00e9 les dockers barcelonais, exigeant le cessez-le-feu.<\/p>\n<p>Rappelons que plusieurs villes portuaires ont ainsi connu des actions de blocage ces derniers jours contre les envois d\u2019armes vers Isra\u00ebl.<\/p>\n","protected":false},"excerpt":{"rendered":"<p>\u201cEn tant qu\u2019organisation de travailleurs, le respect des droits humains (&#8230;) est une obligation et un engagement. Droits humains qui semblent avoir \u00e9t\u00e9 oubli\u00e9s&#8230;<\/p>\n","protected":false},"author":3175,"featured_media":248838,"comment_status":"open","ping_status":"closed","sticky":false,"template":"","format":"standard","meta":{"footnotes":""},"categories":[2598],"tags":[7600,7599,2636,2929],"class_list":["post-209963","post","type-post","status-publish","format-standard","has-post-thumbnail","hentry","category-international","tag-amres","tag-barcelone","tag-israel","tag-port"],"yoast_head":"<!-- This site is optimized with the Yoast SEO Premium plugin v27.5 (Yoast SEO v27.5) - https:\/\/yoast.com\/product\/yoast-seo-premium-wordpress\/ -->\n<title>Les dockers du port de Barcelone bloquent l\u2019envoi d\u2019armes \u00e0 Isra\u00ebl<\/title>\n<meta name=\"description\" content=\"\u201cEn tant qu\u2019organisation de travailleurs, le respect des droits humains (...) est une obligation et un engagement. Droits humains qui semblent avoir \u00e9t\u00e9 oubli\u00e9s...\" \/>\n<link rel=\"canonical\" href=\"https:\/\/www.webdo.tn\/fr\/actualite\/international\/espagne-les-dockers-du-port-de-barcelone-bloquent-l-envoi-d-armes-a-israel\/209963\/\" \/>\n<meta property=\"og:locale\" content=\"fr_FR\" \/>\n<meta property=\"og:type\" content=\"article\" \/>\n<meta property=\"og:title\" content=\"Les dockers du port de Barcelone bloquent l\u2019envoi d\u2019armes \u00e0 Isra\u00ebl\" \/>\n<meta property=\"og:description\" content=\"\u201cEn tant qu\u2019organisation de travailleurs, le respect des droits humains (...) est une obligation et un engagement. Droits humains qui semblent avoir \u00e9t\u00e9 oubli\u00e9s...\" \/>\n<meta property=\"og:url\" content=\"https:\/\/www.webdo.tn\/fr\/actualite\/international\/espagne-les-dockers-du-port-de-barcelone-bloquent-l-envoi-d-armes-a-israel\/209963\/\" \/>\n<meta property=\"og:site_name\" content=\"webdo\" \/>\n<meta property=\"article:publisher\" content=\"https:\/\/www.facebook.com\/webdotn\" \/>\n<meta property=\"article:published_time\" content=\"2023-11-08T08:24:00+00:00\" \/>\n<meta property=\"article:modified_time\" content=\"2025-05-20T22:39:40+00:00\" \/>\n<meta property=\"og:image\" content=\"https:\/\/www.webdo.tn\/fr\/wp-content\/uploads\/2023\/11\/af09c8ebc08eef2131fd88d1aa7c97a7.jpg\" \/>\n\t<meta property=\"og:image:width\" content=\"750\" \/>\n\t<meta property=\"og:image:height\" content=\"400\" \/>\n\t<meta property=\"og:image:type\" content=\"image\/jpeg\" \/>\n<meta name=\"author\" content=\"CL\" \/>\n<meta name=\"twitter:card\" content=\"summary_large_image\" \/>\n<meta name=\"twitter:creator\" content=\"@webdo_tn\" \/>\n<meta name=\"twitter:site\" content=\"@webdo_tn\" \/>\n<meta name=\"twitter:label1\" content=\"\u00c9crit par\" \/>\n\t<meta name=\"twitter:data1\" content=\"CL\" \/>\n\t<meta name=\"twitter:label2\" content=\"Dur\u00e9e de lecture estim\u00e9e\" \/>\n\t<meta name=\"twitter:data2\" content=\"1 minute\" \/>\n<script type=\"application\/ld+json\" class=\"yoast-schema-graph\">{\"@context\":\"https:\\\/\\\/schema.org\",\"@graph\":[{\"@type\":\"NewsArticle\",\"@id\":\"https:\\\/\\\/www.webdo.tn\\\/fr\\\/actualite\\\/international\\\/espagne-les-dockers-du-port-de-barcelone-bloquent-l-envoi-d-armes-a-israel\\\/209963\\\/#article\",\"isPartOf\":{\"@id\":\"https:\\\/\\\/www.webdo.tn\\\/fr\\\/actualite\\\/international\\\/espagne-les-dockers-du-port-de-barcelone-bloquent-l-envoi-d-armes-a-israel\\\/209963\\\/\"},\"author\":{\"name\":\"CL\",\"@id\":\"https:\\\/\\\/www.webdo.tn\\\/fr\\\/#\\\/schema\\\/person\\\/f35b42a42c5e2511bbd282959d6385cc\"},\"headline\":\"Les dockers du port de Barcelone bloquent l\u2019envoi d\u2019armes \u00e0 Isra\u00ebl\",\"datePublished\":\"2023-11-08T08:24:00+00:00\",\"dateModified\":\"2025-05-20T22:39:40+00:00\",\"mainEntityOfPage\":{\"@id\":\"https:\\\/\\\/www.webdo.tn\\\/fr\\\/actualite\\\/international\\\/espagne-les-dockers-du-port-de-barcelone-bloquent-l-envoi-d-armes-a-israel\\\/209963\\\/\"},\"wordCount\":178,\"commentCount\":0,\"publisher\":{\"@id\":\"https:\\\/\\\/www.webdo.tn\\\/fr\\\/#organization\"},\"image\":{\"@id\":\"https:\\\/\\\/www.webdo.tn\\\/fr\\\/actualite\\\/international\\\/espagne-les-dockers-du-port-de-barcelone-bloquent-l-envoi-d-armes-a-israel\\\/209963\\\/#primaryimage\"},\"thumbnailUrl\":\"https:\\\/\\\/www.webdo.tn\\\/fr\\\/wp-content\\\/uploads\\\/2023\\\/11\\\/af09c8ebc08eef2131fd88d1aa7c97a7.jpg\",\"keywords\":[\"Amres\",\"barcelone\",\"isra\u00ebl\",\"Port\"],\"articleSection\":[\"International\"],\"inLanguage\":\"fr-FR\"},{\"@type\":\"WebPage\",\"@id\":\"https:\\\/\\\/www.webdo.tn\\\/fr\\\/actualite\\\/international\\\/espagne-les-dockers-du-port-de-barcelone-bloquent-l-envoi-d-armes-a-israel\\\/209963\\\/\",\"url\":\"https:\\\/\\\/www.webdo.tn\\\/fr\\\/actualite\\\/international\\\/espagne-les-dockers-du-port-de-barcelone-bloquent-l-envoi-d-armes-a-israel\\\/209963\\\/\",\"name\":\"Les dockers du port de Barcelone bloquent l\u2019envoi d\u2019armes \u00e0 Isra\u00ebl\",\"isPartOf\":{\"@id\":\"https:\\\/\\\/www.webdo.tn\\\/fr\\\/#website\"},\"primaryImageOfPage\":{\"@id\":\"https:\\\/\\\/www.webdo.tn\\\/fr\\\/actualite\\\/international\\\/espagne-les-dockers-du-port-de-barcelone-bloquent-l-envoi-d-armes-a-israel\\\/209963\\\/#primaryimage\"},\"image\":{\"@id\":\"https:\\\/\\\/www.webdo.tn\\\/fr\\\/actualite\\\/international\\\/espagne-les-dockers-du-port-de-barcelone-bloquent-l-envoi-d-armes-a-israel\\\/209963\\\/#primaryimage\"},\"thumbnailUrl\":\"https:\\\/\\\/www.webdo.tn\\\/fr\\\/wp-content\\\/uploads\\\/2023\\\/11\\\/af09c8ebc08eef2131fd88d1aa7c97a7.jpg\",\"datePublished\":\"2023-11-08T08:24:00+00:00\",\"dateModified\":\"2025-05-20T22:39:40+00:00\",\"description\":\"\u201cEn tant qu\u2019organisation de travailleurs, le respect des droits humains (...) est une obligation et un engagement. Droits humains qui semblent avoir \u00e9t\u00e9 oubli\u00e9s...\",\"breadcrumb\":{\"@id\":\"https:\\\/\\\/www.webdo.tn\\\/fr\\\/actualite\\\/international\\\/espagne-les-dockers-du-port-de-barcelone-bloquent-l-envoi-d-armes-a-israel\\\/209963\\\/#breadcrumb\"},\"inLanguage\":\"fr-FR\",\"potentialAction\":[{\"@type\":\"ReadAction\",\"target\":[\"https:\\\/\\\/www.webdo.tn\\\/fr\\\/actualite\\\/international\\\/espagne-les-dockers-du-port-de-barcelone-bloquent-l-envoi-d-armes-a-israel\\\/209963\\\/\"]}]},{\"@type\":\"ImageObject\",\"inLanguage\":\"fr-FR\",\"@id\":\"https:\\\/\\\/www.webdo.tn\\\/fr\\\/actualite\\\/international\\\/espagne-les-dockers-du-port-de-barcelone-bloquent-l-envoi-d-armes-a-israel\\\/209963\\\/#primaryimage\",\"url\":\"https:\\\/\\\/www.webdo.tn\\\/fr\\\/wp-content\\\/uploads\\\/2023\\\/11\\\/af09c8ebc08eef2131fd88d1aa7c97a7.jpg\",\"contentUrl\":\"https:\\\/\\\/www.webdo.tn\\\/fr\\\/wp-content\\\/uploads\\\/2023\\\/11\\\/af09c8ebc08eef2131fd88d1aa7c97a7.jpg\",\"width\":750,\"height\":400,\"caption\":\"Les dockers du port de Barcelone bloquent l\u2019envoi d\u2019armes \u00e0 Isra\u00ebl\"},{\"@type\":\"BreadcrumbList\",\"@id\":\"https:\\\/\\\/www.webdo.tn\\\/fr\\\/actualite\\\/international\\\/espagne-les-dockers-du-port-de-barcelone-bloquent-l-envoi-d-armes-a-israel\\\/209963\\\/#breadcrumb\",\"itemListElement\":[{\"@type\":\"ListItem\",\"position\":1,\"name\":\"Accueil\",\"item\":\"https:\\\/\\\/www.webdo.tn\\\/fr\\\/\"},{\"@type\":\"ListItem\",\"position\":2,\"name\":\"Les dockers du port de Barcelone bloquent l\u2019envoi d\u2019armes \u00e0 Isra\u00ebl\"}]},{\"@type\":\"WebSite\",\"@id\":\"https:\\\/\\\/www.webdo.tn\\\/fr\\\/#website\",\"url\":\"https:\\\/\\\/www.webdo.tn\\\/fr\\\/\",\"name\":\"webdo\",\"description\":\"Tunisie - News en Tunisie et \u00e0 l&#039;international sur Webdo.tn\",\"publisher\":{\"@id\":\"https:\\\/\\\/www.webdo.tn\\\/fr\\\/#organization\"},\"potentialAction\":[{\"@type\":\"SearchAction\",\"target\":{\"@type\":\"EntryPoint\",\"urlTemplate\":\"https:\\\/\\\/www.webdo.tn\\\/fr\\\/?s={search_term_string}\"},\"query-input\":{\"@type\":\"PropertyValueSpecification\",\"valueRequired\":true,\"valueName\":\"search_term_string\"}}],\"inLanguage\":\"fr-FR\"},{\"@type\":\"Organization\",\"@id\":\"https:\\\/\\\/www.webdo.tn\\\/fr\\\/#organization\",\"name\":\"Webdo\",\"alternateName\":\"Webdo.tn\",\"url\":\"https:\\\/\\\/www.webdo.tn\\\/fr\\\/\",\"logo\":{\"@type\":\"ImageObject\",\"inLanguage\":\"fr-FR\",\"@id\":\"https:\\\/\\\/www.webdo.tn\\\/fr\\\/#\\\/schema\\\/logo\\\/image\\\/\",\"url\":\"https:\\\/\\\/www.webdo.tn\\\/fr\\\/wp-content\\\/uploads\\\/2025\\\/06\\\/Webdo-Tunisie_168377.jpg\",\"contentUrl\":\"https:\\\/\\\/www.webdo.tn\\\/fr\\\/wp-content\\\/uploads\\\/2025\\\/06\\\/Webdo-Tunisie_168377.jpg\",\"width\":301,\"height\":301,\"caption\":\"Webdo\"},\"image\":{\"@id\":\"https:\\\/\\\/www.webdo.tn\\\/fr\\\/#\\\/schema\\\/logo\\\/image\\\/\"},\"sameAs\":[\"https:\\\/\\\/www.facebook.com\\\/webdotn\",\"https:\\\/\\\/x.com\\\/webdo_tn\"],\"description\":\"Webdo est un m\u00e9dia num\u00e9rique tunisien fond\u00e9 en 2010, sp\u00e9cialis\u00e9 dans l\u2019actualit\u00e9 nationale et internationale, l\u2019\u00e9conomie, la soci\u00e9t\u00e9 et les analyses politiques. Le site s\u2019adresse \u00e0 un large public francophone et couvre l\u2019information tunisienne en temps r\u00e9el.\",\"email\":\"redac@webdo.tn\",\"legalName\":\"YNJ SARL\",\"foundingDate\":\"2010-09-06\",\"numberOfEmployees\":{\"@type\":\"QuantitativeValue\",\"minValue\":\"11\",\"maxValue\":\"50\"}},{\"@type\":\"Person\",\"@id\":\"https:\\\/\\\/www.webdo.tn\\\/fr\\\/#\\\/schema\\\/person\\\/f35b42a42c5e2511bbd282959d6385cc\",\"name\":\"CL\",\"image\":{\"@type\":\"ImageObject\",\"inLanguage\":\"fr-FR\",\"@id\":\"https:\\\/\\\/secure.gravatar.com\\\/avatar\\\/1447a49909b67aa657c488aec6512e1dd6143a480c1ecfee9b5b5cd74eb3b59e?s=96&d=mm&r=g\",\"url\":\"https:\\\/\\\/secure.gravatar.com\\\/avatar\\\/1447a49909b67aa657c488aec6512e1dd6143a480c1ecfee9b5b5cd74eb3b59e?s=96&d=mm&r=g\",\"contentUrl\":\"https:\\\/\\\/secure.gravatar.com\\\/avatar\\\/1447a49909b67aa657c488aec6512e1dd6143a480c1ecfee9b5b5cd74eb3b59e?s=96&d=mm&r=g\",\"caption\":\"CL\"},\"url\":\"https:\\\/\\\/www.webdo.tn\\\/fr\\\/actualite\\\/author\\\/cl\\\/\"}]}<\/script>\n<!-- \/ Yoast SEO Premium plugin. -->","yoast_head_json":{"title":"Les dockers du port de Barcelone bloquent l\u2019envoi d\u2019armes \u00e0 Isra\u00ebl","description":"\u201cEn tant qu\u2019organisation de travailleurs, le respect des droits humains (...) est une obligation et un engagement. Droits humains qui semblent avoir \u00e9t\u00e9 oubli\u00e9s...","canonical":"https:\/\/www.webdo.tn\/fr\/actualite\/international\/espagne-les-dockers-du-port-de-barcelone-bloquent-l-envoi-d-armes-a-israel\/209963\/","og_locale":"fr_FR","og_type":"article","og_title":"Les dockers du port de Barcelone bloquent l\u2019envoi d\u2019armes \u00e0 Isra\u00ebl","og_description":"\u201cEn tant qu\u2019organisation de travailleurs, le respect des droits humains (...) est une obligation et un engagement. Droits humains qui semblent avoir \u00e9t\u00e9 oubli\u00e9s...","og_url":"https:\/\/www.webdo.tn\/fr\/actualite\/international\/espagne-les-dockers-du-port-de-barcelone-bloquent-l-envoi-d-armes-a-israel\/209963\/","og_site_name":"webdo","article_publisher":"https:\/\/www.facebook.com\/webdotn","article_published_time":"2023-11-08T08:24:00+00:00","article_modified_time":"2025-05-20T22:39:40+00:00","og_image":[{"width":750,"height":400,"url":"https:\/\/www.webdo.tn\/fr\/wp-content\/uploads\/2023\/11\/af09c8ebc08eef2131fd88d1aa7c97a7.jpg","type":"image\/jpeg"}],"author":"CL","twitter_card":"summary_large_image","twitter_creator":"@webdo_tn","twitter_site":"@webdo_tn","twitter_misc":{"\u00c9crit par":"CL","Dur\u00e9e de lecture estim\u00e9e":"1 minute"},"schema":{"@context":"https:\/\/schema.org","@graph":[{"@type":"NewsArticle","@id":"https:\/\/www.webdo.tn\/fr\/actualite\/international\/espagne-les-dockers-du-port-de-barcelone-bloquent-l-envoi-d-armes-a-israel\/209963\/#article","isPartOf":{"@id":"https:\/\/www.webdo.tn\/fr\/actualite\/international\/espagne-les-dockers-du-port-de-barcelone-bloquent-l-envoi-d-armes-a-israel\/209963\/"},"author":{"name":"CL","@id":"https:\/\/www.webdo.tn\/fr\/#\/schema\/person\/f35b42a42c5e2511bbd282959d6385cc"},"headline":"Les dockers du port de Barcelone bloquent l\u2019envoi d\u2019armes \u00e0 Isra\u00ebl","datePublished":"2023-11-08T08:24:00+00:00","dateModified":"2025-05-20T22:39:40+00:00","mainEntityOfPage":{"@id":"https:\/\/www.webdo.tn\/fr\/actualite\/international\/espagne-les-dockers-du-port-de-barcelone-bloquent-l-envoi-d-armes-a-israel\/209963\/"},"wordCount":178,"commentCount":0,"publisher":{"@id":"https:\/\/www.webdo.tn\/fr\/#organization"},"image":{"@id":"https:\/\/www.webdo.tn\/fr\/actualite\/international\/espagne-les-dockers-du-port-de-barcelone-bloquent-l-envoi-d-armes-a-israel\/209963\/#primaryimage"},"thumbnailUrl":"https:\/\/www.webdo.tn\/fr\/wp-content\/uploads\/2023\/11\/af09c8ebc08eef2131fd88d1aa7c97a7.jpg","keywords":["Amres","barcelone","isra\u00ebl","Port"],"articleSection":["International"],"inLanguage":"fr-FR"},{"@type":"WebPage","@id":"https:\/\/www.webdo.tn\/fr\/actualite\/international\/espagne-les-dockers-du-port-de-barcelone-bloquent-l-envoi-d-armes-a-israel\/209963\/","url":"https:\/\/www.webdo.tn\/fr\/actualite\/international\/espagne-les-dockers-du-port-de-barcelone-bloquent-l-envoi-d-armes-a-israel\/209963\/","name":"Les dockers du port de Barcelone bloquent l\u2019envoi d\u2019armes \u00e0 Isra\u00ebl","isPartOf":{"@id":"https:\/\/www.webdo.tn\/fr\/#website"},"primaryImageOfPage":{"@id":"https:\/\/www.webdo.tn\/fr\/actualite\/international\/espagne-les-dockers-du-port-de-barcelone-bloquent-l-envoi-d-armes-a-israel\/209963\/#primaryimage"},"image":{"@id":"https:\/\/www.webdo.tn\/fr\/actualite\/international\/espagne-les-dockers-du-port-de-barcelone-bloquent-l-envoi-d-armes-a-israel\/209963\/#primaryimage"},"thumbnailUrl":"https:\/\/www.webdo.tn\/fr\/wp-content\/uploads\/2023\/11\/af09c8ebc08eef2131fd88d1aa7c97a7.jpg","datePublished":"2023-11-08T08:24:00+00:00","dateModified":"2025-05-20T22:39:40+00:00","description":"\u201cEn tant qu\u2019organisation de travailleurs, le respect des droits humains (...) est une obligation et un engagement. Droits humains qui semblent avoir \u00e9t\u00e9 oubli\u00e9s...","breadcrumb":{"@id":"https:\/\/www.webdo.tn\/fr\/actualite\/international\/espagne-les-dockers-du-port-de-barcelone-bloquent-l-envoi-d-armes-a-israel\/209963\/#breadcrumb"},"inLanguage":"fr-FR","potentialAction":[{"@type":"ReadAction","target":["https:\/\/www.webdo.tn\/fr\/actualite\/international\/espagne-les-dockers-du-port-de-barcelone-bloquent-l-envoi-d-armes-a-israel\/209963\/"]}]},{"@type":"ImageObject","inLanguage":"fr-FR","@id":"https:\/\/www.webdo.tn\/fr\/actualite\/international\/espagne-les-dockers-du-port-de-barcelone-bloquent-l-envoi-d-armes-a-israel\/209963\/#primaryimage","url":"https:\/\/www.webdo.tn\/fr\/wp-content\/uploads\/2023\/11\/af09c8ebc08eef2131fd88d1aa7c97a7.jpg","contentUrl":"https:\/\/www.webdo.tn\/fr\/wp-content\/uploads\/2023\/11\/af09c8ebc08eef2131fd88d1aa7c97a7.jpg","width":750,"height":400,"caption":"Les dockers du port de Barcelone bloquent l\u2019envoi d\u2019armes \u00e0 Isra\u00ebl"},{"@type":"BreadcrumbList","@id":"https:\/\/www.webdo.tn\/fr\/actualite\/international\/espagne-les-dockers-du-port-de-barcelone-bloquent-l-envoi-d-armes-a-israel\/209963\/#breadcrumb","itemListElement":[{"@type":"ListItem","position":1,"name":"Accueil","item":"https:\/\/www.webdo.tn\/fr\/"},{"@type":"ListItem","position":2,"name":"Les dockers du port de Barcelone bloquent l\u2019envoi d\u2019armes \u00e0 Isra\u00ebl"}]},{"@type":"WebSite","@id":"https:\/\/www.webdo.tn\/fr\/#website","url":"https:\/\/www.webdo.tn\/fr\/","name":"webdo","description":"Tunisie - News en Tunisie et \u00e0 l&#039;international sur Webdo.tn","publisher":{"@id":"https:\/\/www.webdo.tn\/fr\/#organization"},"potentialAction":[{"@type":"SearchAction","target":{"@type":"EntryPoint","urlTemplate":"https:\/\/www.webdo.tn\/fr\/?s={search_term_string}"},"query-input":{"@type":"PropertyValueSpecification","valueRequired":true,"valueName":"search_term_string"}}],"inLanguage":"fr-FR"},{"@type":"Organization","@id":"https:\/\/www.webdo.tn\/fr\/#organization","name":"Webdo","alternateName":"Webdo.tn","url":"https:\/\/www.webdo.tn\/fr\/","logo":{"@type":"ImageObject","inLanguage":"fr-FR","@id":"https:\/\/www.webdo.tn\/fr\/#\/schema\/logo\/image\/","url":"https:\/\/www.webdo.tn\/fr\/wp-content\/uploads\/2025\/06\/Webdo-Tunisie_168377.jpg","contentUrl":"https:\/\/www.webdo.tn\/fr\/wp-content\/uploads\/2025\/06\/Webdo-Tunisie_168377.jpg","width":301,"height":301,"caption":"Webdo"},"image":{"@id":"https:\/\/www.webdo.tn\/fr\/#\/schema\/logo\/image\/"},"sameAs":["https:\/\/www.facebook.com\/webdotn","https:\/\/x.com\/webdo_tn"],"description":"Webdo est un m\u00e9dia num\u00e9rique tunisien fond\u00e9 en 2010, sp\u00e9cialis\u00e9 dans l\u2019actualit\u00e9 nationale et internationale, l\u2019\u00e9conomie, la soci\u00e9t\u00e9 et les analyses politiques. Le site s\u2019adresse \u00e0 un large public francophone et couvre l\u2019information tunisienne en temps r\u00e9el.","email":"redac@webdo.tn","legalName":"YNJ SARL","foundingDate":"2010-09-06","numberOfEmployees":{"@type":"QuantitativeValue","minValue":"11","maxValue":"50"}},{"@type":"Person","@id":"https:\/\/www.webdo.tn\/fr\/#\/schema\/person\/f35b42a42c5e2511bbd282959d6385cc","name":"CL","image":{"@type":"ImageObject","inLanguage":"fr-FR","@id":"https:\/\/secure.gravatar.com\/avatar\/1447a49909b67aa657c488aec6512e1dd6143a480c1ecfee9b5b5cd74eb3b59e?s=96&d=mm&r=g","url":"https:\/\/secure.gravatar.com\/avatar\/1447a49909b67aa657c488aec6512e1dd6143a480c1ecfee9b5b5cd74eb3b59e?s=96&d=mm&r=g","contentUrl":"https:\/\/secure.gravatar.com\/avatar\/1447a49909b67aa657c488aec6512e1dd6143a480c1ecfee9b5b5cd74eb3b59e?s=96&d=mm&r=g","caption":"CL"},"url":"https:\/\/www.webdo.tn\/fr\/actualite\/author\/cl\/"}]}},"_links":{"self":[{"href":"https:\/\/www.webdo.tn\/fr\/wp-json\/wp\/v2\/posts\/209963","targetHints":{"allow":["GET"]}}],"collection":[{"href":"https:\/\/www.webdo.tn\/fr\/wp-json\/wp\/v2\/posts"}],"about":[{"href":"https:\/\/www.webdo.tn\/fr\/wp-json\/wp\/v2\/types\/post"}],"author":[{"embeddable":true,"href":"https:\/\/www.webdo.tn\/fr\/wp-json\/wp\/v2\/users\/3175"}],"replies":[{"embeddable":true,"href":"https:\/\/www.webdo.tn\/fr\/wp-json\/wp\/v2\/comments?post=209963"}],"version-history":[{"count":0,"href":"https:\/\/www.webdo.tn\/fr\/wp-json\/wp\/v2\/posts\/209963\/revisions"}],"wp:featuredmedia":[{"embeddable":true,"href":"https:\/\/www.webdo.tn\/fr\/wp-json\/wp\/v2\/media\/248838"}],"wp:attachment":[{"href":"https:\/\/www.webdo.tn\/fr\/wp-json\/wp\/v2\/media?parent=209963"}],"wp:term":[{"taxonomy":"category","embeddable":true,"href":"https:\/\/www.webdo.tn\/fr\/wp-json\/wp\/v2\/categories?post=209963"},{"taxonomy":"post_tag","embeddable":true,"href":"https:\/\/www.webdo.tn\/fr\/wp-json\/wp\/v2\/tags?post=209963"}],"curies":[{"name":"wp","href":"https:\/\/api.w.org\/{rel}","templated":true}]}}