{"id":209944,"date":"2023-11-07T15:07:00","date_gmt":"2023-11-07T15:07:00","guid":{"rendered":"https:\/\/www.webdo.tn\/fr\/blog\/houssam-eddine-jebabli-un-autre-terroriste-arrete-en-meme-temps-que-le-somalien\/209944\/"},"modified":"2025-05-20T22:57:30","modified_gmt":"2025-05-20T22:57:30","slug":"houssam-eddine-jebabli-un-autre-terroriste-arrete-en-meme-temps-que-le-somalien","status":"publish","type":"post","link":"https:\/\/www.webdo.tn\/fr\/actualite\/national\/houssam-eddine-jebabli-un-autre-terroriste-arrete-en-meme-temps-que-le-somalien\/209944\/","title":{"rendered":"Un autre terroriste arr\u00eat\u00e9 en m\u00eame temps que \u00ab\u00a0Le Somalien\u00a0\u00bb"},"content":{"rendered":"<p>Le porte-parole officiel de la Garde nationale, le g\u00e9n\u00e9ral de brigade Houssam Eddine Jebabli, a confirm\u00e9, au programme \u00ab Emission Impossible \u00bb sur radio IFM, que la personne qui a \u00e9t\u00e9 arr\u00eat\u00e9e avec \u00ab le Somalien \u00bb, dimanche dernier, \u00e9tait impliqu\u00e9e dans des affaires de droits communs et d&rsquo;autres \u00e0 caract\u00e8re terroriste.<\/p>\n<p>\t\t\t\t\t\t\t\t\tIl faisait l&rsquo;objet d&rsquo;une enqu\u00eate de la part du Tribunal de premi\u00e8re instance de Tunis 1, en plus d\u2019une peine de prison qui a d\u00e9j\u00e0 \u00e9t\u00e9 prononc\u00e9e \u00e0 son encontre, et n&rsquo;avait aucun lien avec le groupe en fuite, c&rsquo;est pourquoi il a \u00e9t\u00e9 trait\u00e9 s\u00e9par\u00e9ment, en coordination avec le minist\u00e8re public du P\u00f4le judiciaire antiterroriste.<\/p>\n<p>Revenant sur le processus d&rsquo;arrestation de tous les terroristes \u00e9vad\u00e9s de la prison de Mornaguia, le porte-parole officiel de la Garde nationale a soulign\u00e9 que c&rsquo;\u00e9tait le r\u00e9sultat de la vigilance et de la disponibilit\u00e9 de toutes les unit\u00e9s s\u00e9curitaires qui sont intervenues, \u00e0 chaque fois, aussi rapidement que possible, en plus de la grande interaction des citoyens qui ont soutenu les efforts de l&rsquo;institution s\u00e9curitaire.<\/p>\n<p>Concernant le braquage de la succursale bancaire \u00e0 Boumhel, il a d\u00e9clar\u00e9 que les nombreux tests techniques effectu\u00e9s ont montr\u00e9 que les auteurs faisaient partie d\u2019un groupe terroriste et que, par cons\u00e9quent, les unit\u00e9s s\u00e9curitaires sont rest\u00e9es vigilantes aussi bien aux fronti\u00e8res terrestres et maritimes que sur les autoroutes et routes nationales, dans les diff\u00e9rentes villes, notamment sur le Grand Tunis.<\/p>\n<p>Il a d\u2019autre part mis en exergue les efforts d\u00e9ploy\u00e9s par l&rsquo;institution militaire, que ce soit dans la traque des terroristes fugitifs que lors des op\u00e9rations de suivi, de recherche ou d&rsquo;inspection.<\/p>\n","protected":false},"excerpt":{"rendered":"<p>Le porte-parole officiel de la Garde nationale, le g\u00e9n\u00e9ral de brigade Houssam Eddine Jebabli, a confirm\u00e9, au programme \u00ab Emission Impossible \u00bb sur radio IFM, qu&#8230;<\/p>\n","protected":false},"author":3185,"featured_media":289828,"comment_status":"open","ping_status":"closed","sticky":false,"template":"","format":"standard","meta":{"footnotes":""},"categories":[44],"tags":[9827,2966,4513],"class_list":["post-209944","post","type-post","status-publish","format-standard","has-post-thumbnail","hentry","category-national","tag-jebabli","tag-arrestation","tag-terroriste"],"yoast_head":"<!-- This site is optimized with the Yoast SEO Premium plugin v27.4 (Yoast SEO v27.4) - https:\/\/yoast.com\/product\/yoast-seo-premium-wordpress\/ -->\n<title>Un autre terroriste arr\u00eat\u00e9 en m\u00eame temps que Le Somalien<\/title>\n<meta name=\"description\" content=\"Le porte-parole officiel de la Garde nationale, le g\u00e9n\u00e9ral de brigade Houssam Eddine Jebabli, a confirm\u00e9, au programme \u00ab Emission Impossible \u00bb sur radio IFM, qu...\" \/>\n<link rel=\"canonical\" href=\"https:\/\/www.webdo.tn\/fr\/actualite\/national\/houssam-eddine-jebabli-un-autre-terroriste-arrete-en-meme-temps-que-le-somalien\/209944\/\" \/>\n<meta property=\"og:locale\" content=\"fr_FR\" \/>\n<meta property=\"og:type\" content=\"article\" \/>\n<meta property=\"og:title\" content=\"Un autre terroriste arr\u00eat\u00e9 en m\u00eame temps que &quot;Le Somalien&quot;\" \/>\n<meta property=\"og:description\" content=\"Le porte-parole officiel de la Garde nationale, le g\u00e9n\u00e9ral de brigade Houssam Eddine Jebabli, a confirm\u00e9, au programme \u00ab Emission Impossible \u00bb sur radio IFM, qu...\" \/>\n<meta property=\"og:url\" content=\"https:\/\/www.webdo.tn\/fr\/actualite\/national\/houssam-eddine-jebabli-un-autre-terroriste-arrete-en-meme-temps-que-le-somalien\/209944\/\" \/>\n<meta property=\"og:site_name\" content=\"webdo\" \/>\n<meta property=\"article:publisher\" content=\"https:\/\/www.facebook.com\/webdotn\" \/>\n<meta property=\"article:published_time\" content=\"2023-11-07T15:07:00+00:00\" \/>\n<meta property=\"article:modified_time\" content=\"2025-05-20T22:57:30+00:00\" \/>\n<meta property=\"og:image\" content=\"https:\/\/www.webdo.tn\/fr\/wp-content\/uploads\/2023\/11\/21a6ac64c99cd2a569698639f9e0c17c.jpg\" \/>\n\t<meta property=\"og:image:width\" content=\"750\" \/>\n\t<meta property=\"og:image:height\" content=\"400\" \/>\n\t<meta property=\"og:image:type\" content=\"image\/jpeg\" \/>\n<meta name=\"author\" content=\"WDA\" \/>\n<meta name=\"twitter:card\" content=\"summary_large_image\" \/>\n<meta name=\"twitter:creator\" content=\"@webdo_tn\" \/>\n<meta name=\"twitter:site\" content=\"@webdo_tn\" \/>\n<meta name=\"twitter:label1\" content=\"\u00c9crit par\" \/>\n\t<meta name=\"twitter:data1\" content=\"WDA\" \/>\n\t<meta name=\"twitter:label2\" content=\"Dur\u00e9e de lecture estim\u00e9e\" \/>\n\t<meta name=\"twitter:data2\" content=\"1 minute\" \/>\n<script type=\"application\/ld+json\" class=\"yoast-schema-graph\">{\"@context\":\"https:\\\/\\\/schema.org\",\"@graph\":[{\"@type\":\"NewsArticle\",\"@id\":\"https:\\\/\\\/www.webdo.tn\\\/fr\\\/actualite\\\/national\\\/houssam-eddine-jebabli-un-autre-terroriste-arrete-en-meme-temps-que-le-somalien\\\/209944\\\/#article\",\"isPartOf\":{\"@id\":\"https:\\\/\\\/www.webdo.tn\\\/fr\\\/actualite\\\/national\\\/houssam-eddine-jebabli-un-autre-terroriste-arrete-en-meme-temps-que-le-somalien\\\/209944\\\/\"},\"author\":{\"name\":\"WDA\",\"@id\":\"https:\\\/\\\/www.webdo.tn\\\/fr\\\/#\\\/schema\\\/person\\\/ae999f6cc68c323955dd7bb23b41f2dd\"},\"headline\":\"Un autre terroriste arr\u00eat\u00e9 en m\u00eame temps que \u00ab\u00a0Le Somalien\u00a0\u00bb\",\"datePublished\":\"2023-11-07T15:07:00+00:00\",\"dateModified\":\"2025-05-20T22:57:30+00:00\",\"mainEntityOfPage\":{\"@id\":\"https:\\\/\\\/www.webdo.tn\\\/fr\\\/actualite\\\/national\\\/houssam-eddine-jebabli-un-autre-terroriste-arrete-en-meme-temps-que-le-somalien\\\/209944\\\/\"},\"wordCount\":313,\"commentCount\":0,\"publisher\":{\"@id\":\"https:\\\/\\\/www.webdo.tn\\\/fr\\\/#organization\"},\"image\":{\"@id\":\"https:\\\/\\\/www.webdo.tn\\\/fr\\\/actualite\\\/national\\\/houssam-eddine-jebabli-un-autre-terroriste-arrete-en-meme-temps-que-le-somalien\\\/209944\\\/#primaryimage\"},\"thumbnailUrl\":\"https:\\\/\\\/www.webdo.tn\\\/fr\\\/wp-content\\\/uploads\\\/2023\\\/11\\\/21a6ac64c99cd2a569698639f9e0c17c.jpg\",\"keywords\":[\"'Jebabli']\",\"arrestation\",\"Terroriste\"],\"articleSection\":[\"National\"],\"inLanguage\":\"fr-FR\"},{\"@type\":\"WebPage\",\"@id\":\"https:\\\/\\\/www.webdo.tn\\\/fr\\\/actualite\\\/national\\\/houssam-eddine-jebabli-un-autre-terroriste-arrete-en-meme-temps-que-le-somalien\\\/209944\\\/\",\"url\":\"https:\\\/\\\/www.webdo.tn\\\/fr\\\/actualite\\\/national\\\/houssam-eddine-jebabli-un-autre-terroriste-arrete-en-meme-temps-que-le-somalien\\\/209944\\\/\",\"name\":\"Un autre terroriste arr\u00eat\u00e9 en m\u00eame temps que Le Somalien\",\"isPartOf\":{\"@id\":\"https:\\\/\\\/www.webdo.tn\\\/fr\\\/#website\"},\"primaryImageOfPage\":{\"@id\":\"https:\\\/\\\/www.webdo.tn\\\/fr\\\/actualite\\\/national\\\/houssam-eddine-jebabli-un-autre-terroriste-arrete-en-meme-temps-que-le-somalien\\\/209944\\\/#primaryimage\"},\"image\":{\"@id\":\"https:\\\/\\\/www.webdo.tn\\\/fr\\\/actualite\\\/national\\\/houssam-eddine-jebabli-un-autre-terroriste-arrete-en-meme-temps-que-le-somalien\\\/209944\\\/#primaryimage\"},\"thumbnailUrl\":\"https:\\\/\\\/www.webdo.tn\\\/fr\\\/wp-content\\\/uploads\\\/2023\\\/11\\\/21a6ac64c99cd2a569698639f9e0c17c.jpg\",\"datePublished\":\"2023-11-07T15:07:00+00:00\",\"dateModified\":\"2025-05-20T22:57:30+00:00\",\"description\":\"Le porte-parole officiel de la Garde nationale, le g\u00e9n\u00e9ral de brigade Houssam Eddine Jebabli, a confirm\u00e9, au programme \u00ab Emission Impossible \u00bb sur radio IFM, qu...\",\"breadcrumb\":{\"@id\":\"https:\\\/\\\/www.webdo.tn\\\/fr\\\/actualite\\\/national\\\/houssam-eddine-jebabli-un-autre-terroriste-arrete-en-meme-temps-que-le-somalien\\\/209944\\\/#breadcrumb\"},\"inLanguage\":\"fr-FR\",\"potentialAction\":[{\"@type\":\"ReadAction\",\"target\":[\"https:\\\/\\\/www.webdo.tn\\\/fr\\\/actualite\\\/national\\\/houssam-eddine-jebabli-un-autre-terroriste-arrete-en-meme-temps-que-le-somalien\\\/209944\\\/\"]}]},{\"@type\":\"ImageObject\",\"inLanguage\":\"fr-FR\",\"@id\":\"https:\\\/\\\/www.webdo.tn\\\/fr\\\/actualite\\\/national\\\/houssam-eddine-jebabli-un-autre-terroriste-arrete-en-meme-temps-que-le-somalien\\\/209944\\\/#primaryimage\",\"url\":\"https:\\\/\\\/www.webdo.tn\\\/fr\\\/wp-content\\\/uploads\\\/2023\\\/11\\\/21a6ac64c99cd2a569698639f9e0c17c.jpg\",\"contentUrl\":\"https:\\\/\\\/www.webdo.tn\\\/fr\\\/wp-content\\\/uploads\\\/2023\\\/11\\\/21a6ac64c99cd2a569698639f9e0c17c.jpg\",\"width\":750,\"height\":400,\"caption\":\"Un autre terroriste arr\u00eat\u00e9 en m\u00eame temps que \\\"Le Somalien\\\"\"},{\"@type\":\"BreadcrumbList\",\"@id\":\"https:\\\/\\\/www.webdo.tn\\\/fr\\\/actualite\\\/national\\\/houssam-eddine-jebabli-un-autre-terroriste-arrete-en-meme-temps-que-le-somalien\\\/209944\\\/#breadcrumb\",\"itemListElement\":[{\"@type\":\"ListItem\",\"position\":1,\"name\":\"Accueil\",\"item\":\"https:\\\/\\\/www.webdo.tn\\\/fr\\\/\"},{\"@type\":\"ListItem\",\"position\":2,\"name\":\"Un autre terroriste arr\u00eat\u00e9 en m\u00eame temps que \u00ab\u00a0Le Somalien\u00a0\u00bb\"}]},{\"@type\":\"WebSite\",\"@id\":\"https:\\\/\\\/www.webdo.tn\\\/fr\\\/#website\",\"url\":\"https:\\\/\\\/www.webdo.tn\\\/fr\\\/\",\"name\":\"webdo\",\"description\":\"Tunisie - News en Tunisie et \u00e0 l&#039;international sur Webdo.tn\",\"publisher\":{\"@id\":\"https:\\\/\\\/www.webdo.tn\\\/fr\\\/#organization\"},\"potentialAction\":[{\"@type\":\"SearchAction\",\"target\":{\"@type\":\"EntryPoint\",\"urlTemplate\":\"https:\\\/\\\/www.webdo.tn\\\/fr\\\/?s={search_term_string}\"},\"query-input\":{\"@type\":\"PropertyValueSpecification\",\"valueRequired\":true,\"valueName\":\"search_term_string\"}}],\"inLanguage\":\"fr-FR\"},{\"@type\":\"Organization\",\"@id\":\"https:\\\/\\\/www.webdo.tn\\\/fr\\\/#organization\",\"name\":\"Webdo\",\"alternateName\":\"Webdo.tn\",\"url\":\"https:\\\/\\\/www.webdo.tn\\\/fr\\\/\",\"logo\":{\"@type\":\"ImageObject\",\"inLanguage\":\"fr-FR\",\"@id\":\"https:\\\/\\\/www.webdo.tn\\\/fr\\\/#\\\/schema\\\/logo\\\/image\\\/\",\"url\":\"https:\\\/\\\/www.webdo.tn\\\/fr\\\/wp-content\\\/uploads\\\/2025\\\/06\\\/Webdo-Tunisie_168377.jpg\",\"contentUrl\":\"https:\\\/\\\/www.webdo.tn\\\/fr\\\/wp-content\\\/uploads\\\/2025\\\/06\\\/Webdo-Tunisie_168377.jpg\",\"width\":301,\"height\":301,\"caption\":\"Webdo\"},\"image\":{\"@id\":\"https:\\\/\\\/www.webdo.tn\\\/fr\\\/#\\\/schema\\\/logo\\\/image\\\/\"},\"sameAs\":[\"https:\\\/\\\/www.facebook.com\\\/webdotn\",\"https:\\\/\\\/x.com\\\/webdo_tn\"],\"description\":\"Webdo est un m\u00e9dia num\u00e9rique tunisien fond\u00e9 en 2010, sp\u00e9cialis\u00e9 dans l\u2019actualit\u00e9 nationale et internationale, l\u2019\u00e9conomie, la soci\u00e9t\u00e9 et les analyses politiques. Le site s\u2019adresse \u00e0 un large public francophone et couvre l\u2019information tunisienne en temps r\u00e9el.\",\"email\":\"redac@webdo.tn\",\"legalName\":\"YNJ SARL\",\"foundingDate\":\"2010-09-06\",\"numberOfEmployees\":{\"@type\":\"QuantitativeValue\",\"minValue\":\"11\",\"maxValue\":\"50\"}},{\"@type\":\"Person\",\"@id\":\"https:\\\/\\\/www.webdo.tn\\\/fr\\\/#\\\/schema\\\/person\\\/ae999f6cc68c323955dd7bb23b41f2dd\",\"name\":\"WDA\",\"image\":{\"@type\":\"ImageObject\",\"inLanguage\":\"fr-FR\",\"@id\":\"https:\\\/\\\/secure.gravatar.com\\\/avatar\\\/008e9c4da3bbf467e76fbd05ea8a140d6f047be3ff32b495e3a42ecd99d95622?s=96&d=mm&r=g\",\"url\":\"https:\\\/\\\/secure.gravatar.com\\\/avatar\\\/008e9c4da3bbf467e76fbd05ea8a140d6f047be3ff32b495e3a42ecd99d95622?s=96&d=mm&r=g\",\"contentUrl\":\"https:\\\/\\\/secure.gravatar.com\\\/avatar\\\/008e9c4da3bbf467e76fbd05ea8a140d6f047be3ff32b495e3a42ecd99d95622?s=96&d=mm&r=g\",\"caption\":\"WDA\"},\"url\":\"https:\\\/\\\/www.webdo.tn\\\/fr\\\/actualite\\\/author\\\/wda\\\/\"}]}<\/script>\n<!-- \/ Yoast SEO Premium plugin. -->","yoast_head_json":{"title":"Un autre terroriste arr\u00eat\u00e9 en m\u00eame temps que Le Somalien","description":"Le porte-parole officiel de la Garde nationale, le g\u00e9n\u00e9ral de brigade Houssam Eddine Jebabli, a confirm\u00e9, au programme \u00ab Emission Impossible \u00bb sur radio IFM, qu...","canonical":"https:\/\/www.webdo.tn\/fr\/actualite\/national\/houssam-eddine-jebabli-un-autre-terroriste-arrete-en-meme-temps-que-le-somalien\/209944\/","og_locale":"fr_FR","og_type":"article","og_title":"Un autre terroriste arr\u00eat\u00e9 en m\u00eame temps que \"Le Somalien\"","og_description":"Le porte-parole officiel de la Garde nationale, le g\u00e9n\u00e9ral de brigade Houssam Eddine Jebabli, a confirm\u00e9, au programme \u00ab Emission Impossible \u00bb sur radio IFM, qu...","og_url":"https:\/\/www.webdo.tn\/fr\/actualite\/national\/houssam-eddine-jebabli-un-autre-terroriste-arrete-en-meme-temps-que-le-somalien\/209944\/","og_site_name":"webdo","article_publisher":"https:\/\/www.facebook.com\/webdotn","article_published_time":"2023-11-07T15:07:00+00:00","article_modified_time":"2025-05-20T22:57:30+00:00","og_image":[{"width":750,"height":400,"url":"https:\/\/www.webdo.tn\/fr\/wp-content\/uploads\/2023\/11\/21a6ac64c99cd2a569698639f9e0c17c.jpg","type":"image\/jpeg"}],"author":"WDA","twitter_card":"summary_large_image","twitter_creator":"@webdo_tn","twitter_site":"@webdo_tn","twitter_misc":{"\u00c9crit par":"WDA","Dur\u00e9e de lecture estim\u00e9e":"1 minute"},"schema":{"@context":"https:\/\/schema.org","@graph":[{"@type":"NewsArticle","@id":"https:\/\/www.webdo.tn\/fr\/actualite\/national\/houssam-eddine-jebabli-un-autre-terroriste-arrete-en-meme-temps-que-le-somalien\/209944\/#article","isPartOf":{"@id":"https:\/\/www.webdo.tn\/fr\/actualite\/national\/houssam-eddine-jebabli-un-autre-terroriste-arrete-en-meme-temps-que-le-somalien\/209944\/"},"author":{"name":"WDA","@id":"https:\/\/www.webdo.tn\/fr\/#\/schema\/person\/ae999f6cc68c323955dd7bb23b41f2dd"},"headline":"Un autre terroriste arr\u00eat\u00e9 en m\u00eame temps que \u00ab\u00a0Le Somalien\u00a0\u00bb","datePublished":"2023-11-07T15:07:00+00:00","dateModified":"2025-05-20T22:57:30+00:00","mainEntityOfPage":{"@id":"https:\/\/www.webdo.tn\/fr\/actualite\/national\/houssam-eddine-jebabli-un-autre-terroriste-arrete-en-meme-temps-que-le-somalien\/209944\/"},"wordCount":313,"commentCount":0,"publisher":{"@id":"https:\/\/www.webdo.tn\/fr\/#organization"},"image":{"@id":"https:\/\/www.webdo.tn\/fr\/actualite\/national\/houssam-eddine-jebabli-un-autre-terroriste-arrete-en-meme-temps-que-le-somalien\/209944\/#primaryimage"},"thumbnailUrl":"https:\/\/www.webdo.tn\/fr\/wp-content\/uploads\/2023\/11\/21a6ac64c99cd2a569698639f9e0c17c.jpg","keywords":["'Jebabli']","arrestation","Terroriste"],"articleSection":["National"],"inLanguage":"fr-FR"},{"@type":"WebPage","@id":"https:\/\/www.webdo.tn\/fr\/actualite\/national\/houssam-eddine-jebabli-un-autre-terroriste-arrete-en-meme-temps-que-le-somalien\/209944\/","url":"https:\/\/www.webdo.tn\/fr\/actualite\/national\/houssam-eddine-jebabli-un-autre-terroriste-arrete-en-meme-temps-que-le-somalien\/209944\/","name":"Un autre terroriste arr\u00eat\u00e9 en m\u00eame temps que Le Somalien","isPartOf":{"@id":"https:\/\/www.webdo.tn\/fr\/#website"},"primaryImageOfPage":{"@id":"https:\/\/www.webdo.tn\/fr\/actualite\/national\/houssam-eddine-jebabli-un-autre-terroriste-arrete-en-meme-temps-que-le-somalien\/209944\/#primaryimage"},"image":{"@id":"https:\/\/www.webdo.tn\/fr\/actualite\/national\/houssam-eddine-jebabli-un-autre-terroriste-arrete-en-meme-temps-que-le-somalien\/209944\/#primaryimage"},"thumbnailUrl":"https:\/\/www.webdo.tn\/fr\/wp-content\/uploads\/2023\/11\/21a6ac64c99cd2a569698639f9e0c17c.jpg","datePublished":"2023-11-07T15:07:00+00:00","dateModified":"2025-05-20T22:57:30+00:00","description":"Le porte-parole officiel de la Garde nationale, le g\u00e9n\u00e9ral de brigade Houssam Eddine Jebabli, a confirm\u00e9, au programme \u00ab Emission Impossible \u00bb sur radio IFM, qu...","breadcrumb":{"@id":"https:\/\/www.webdo.tn\/fr\/actualite\/national\/houssam-eddine-jebabli-un-autre-terroriste-arrete-en-meme-temps-que-le-somalien\/209944\/#breadcrumb"},"inLanguage":"fr-FR","potentialAction":[{"@type":"ReadAction","target":["https:\/\/www.webdo.tn\/fr\/actualite\/national\/houssam-eddine-jebabli-un-autre-terroriste-arrete-en-meme-temps-que-le-somalien\/209944\/"]}]},{"@type":"ImageObject","inLanguage":"fr-FR","@id":"https:\/\/www.webdo.tn\/fr\/actualite\/national\/houssam-eddine-jebabli-un-autre-terroriste-arrete-en-meme-temps-que-le-somalien\/209944\/#primaryimage","url":"https:\/\/www.webdo.tn\/fr\/wp-content\/uploads\/2023\/11\/21a6ac64c99cd2a569698639f9e0c17c.jpg","contentUrl":"https:\/\/www.webdo.tn\/fr\/wp-content\/uploads\/2023\/11\/21a6ac64c99cd2a569698639f9e0c17c.jpg","width":750,"height":400,"caption":"Un autre terroriste arr\u00eat\u00e9 en m\u00eame temps que \"Le Somalien\""},{"@type":"BreadcrumbList","@id":"https:\/\/www.webdo.tn\/fr\/actualite\/national\/houssam-eddine-jebabli-un-autre-terroriste-arrete-en-meme-temps-que-le-somalien\/209944\/#breadcrumb","itemListElement":[{"@type":"ListItem","position":1,"name":"Accueil","item":"https:\/\/www.webdo.tn\/fr\/"},{"@type":"ListItem","position":2,"name":"Un autre terroriste arr\u00eat\u00e9 en m\u00eame temps que \u00ab\u00a0Le Somalien\u00a0\u00bb"}]},{"@type":"WebSite","@id":"https:\/\/www.webdo.tn\/fr\/#website","url":"https:\/\/www.webdo.tn\/fr\/","name":"webdo","description":"Tunisie - News en Tunisie et \u00e0 l&#039;international sur Webdo.tn","publisher":{"@id":"https:\/\/www.webdo.tn\/fr\/#organization"},"potentialAction":[{"@type":"SearchAction","target":{"@type":"EntryPoint","urlTemplate":"https:\/\/www.webdo.tn\/fr\/?s={search_term_string}"},"query-input":{"@type":"PropertyValueSpecification","valueRequired":true,"valueName":"search_term_string"}}],"inLanguage":"fr-FR"},{"@type":"Organization","@id":"https:\/\/www.webdo.tn\/fr\/#organization","name":"Webdo","alternateName":"Webdo.tn","url":"https:\/\/www.webdo.tn\/fr\/","logo":{"@type":"ImageObject","inLanguage":"fr-FR","@id":"https:\/\/www.webdo.tn\/fr\/#\/schema\/logo\/image\/","url":"https:\/\/www.webdo.tn\/fr\/wp-content\/uploads\/2025\/06\/Webdo-Tunisie_168377.jpg","contentUrl":"https:\/\/www.webdo.tn\/fr\/wp-content\/uploads\/2025\/06\/Webdo-Tunisie_168377.jpg","width":301,"height":301,"caption":"Webdo"},"image":{"@id":"https:\/\/www.webdo.tn\/fr\/#\/schema\/logo\/image\/"},"sameAs":["https:\/\/www.facebook.com\/webdotn","https:\/\/x.com\/webdo_tn"],"description":"Webdo est un m\u00e9dia num\u00e9rique tunisien fond\u00e9 en 2010, sp\u00e9cialis\u00e9 dans l\u2019actualit\u00e9 nationale et internationale, l\u2019\u00e9conomie, la soci\u00e9t\u00e9 et les analyses politiques. Le site s\u2019adresse \u00e0 un large public francophone et couvre l\u2019information tunisienne en temps r\u00e9el.","email":"redac@webdo.tn","legalName":"YNJ SARL","foundingDate":"2010-09-06","numberOfEmployees":{"@type":"QuantitativeValue","minValue":"11","maxValue":"50"}},{"@type":"Person","@id":"https:\/\/www.webdo.tn\/fr\/#\/schema\/person\/ae999f6cc68c323955dd7bb23b41f2dd","name":"WDA","image":{"@type":"ImageObject","inLanguage":"fr-FR","@id":"https:\/\/secure.gravatar.com\/avatar\/008e9c4da3bbf467e76fbd05ea8a140d6f047be3ff32b495e3a42ecd99d95622?s=96&d=mm&r=g","url":"https:\/\/secure.gravatar.com\/avatar\/008e9c4da3bbf467e76fbd05ea8a140d6f047be3ff32b495e3a42ecd99d95622?s=96&d=mm&r=g","contentUrl":"https:\/\/secure.gravatar.com\/avatar\/008e9c4da3bbf467e76fbd05ea8a140d6f047be3ff32b495e3a42ecd99d95622?s=96&d=mm&r=g","caption":"WDA"},"url":"https:\/\/www.webdo.tn\/fr\/actualite\/author\/wda\/"}]}},"_links":{"self":[{"href":"https:\/\/www.webdo.tn\/fr\/wp-json\/wp\/v2\/posts\/209944","targetHints":{"allow":["GET"]}}],"collection":[{"href":"https:\/\/www.webdo.tn\/fr\/wp-json\/wp\/v2\/posts"}],"about":[{"href":"https:\/\/www.webdo.tn\/fr\/wp-json\/wp\/v2\/types\/post"}],"author":[{"embeddable":true,"href":"https:\/\/www.webdo.tn\/fr\/wp-json\/wp\/v2\/users\/3185"}],"replies":[{"embeddable":true,"href":"https:\/\/www.webdo.tn\/fr\/wp-json\/wp\/v2\/comments?post=209944"}],"version-history":[{"count":0,"href":"https:\/\/www.webdo.tn\/fr\/wp-json\/wp\/v2\/posts\/209944\/revisions"}],"wp:featuredmedia":[{"embeddable":true,"href":"https:\/\/www.webdo.tn\/fr\/wp-json\/wp\/v2\/media\/289828"}],"wp:attachment":[{"href":"https:\/\/www.webdo.tn\/fr\/wp-json\/wp\/v2\/media?parent=209944"}],"wp:term":[{"taxonomy":"category","embeddable":true,"href":"https:\/\/www.webdo.tn\/fr\/wp-json\/wp\/v2\/categories?post=209944"},{"taxonomy":"post_tag","embeddable":true,"href":"https:\/\/www.webdo.tn\/fr\/wp-json\/wp\/v2\/tags?post=209944"}],"curies":[{"name":"wp","href":"https:\/\/api.w.org\/{rel}","templated":true}]}}