{"id":209936,"date":"2023-11-07T11:03:00","date_gmt":"2023-11-07T11:03:00","guid":{"rendered":"https:\/\/www.webdo.tn\/fr\/blog\/habitants-de-carthage-passez-a-la-fibre-optique-de-tunisie-telecom\/209936\/"},"modified":"2025-05-20T22:33:23","modified_gmt":"2025-05-20T22:33:23","slug":"habitants-de-carthage-passez-a-la-fibre-optique-de-tunisie-telecom","status":"publish","type":"post","link":"https:\/\/www.webdo.tn\/fr\/actualite\/national\/habitants-de-carthage-passez-a-la-fibre-optique-de-tunisie-telecom\/209936\/","title":{"rendered":"Habitants de Carthage passez \u00e0 la fibre optique de Tunisie Telecom !"},"content":{"rendered":"<p>Vos enfants accaparent toute la connexion de la maison ? Vous en avez assez de vous disputer la connexion \u00e0 tour de r\u00f4le ? La fibre optique de Tunisie Telecom est la solution !<\/p>\n<p>\t\t\t\t\t\t\t\t\tHabitants de Carthage passez \u00e0 la fibre optique de Tunisie Telecom ! Elle vous permettra une connexion jusqu&rsquo;\u00e0 100 m\u00e9gas ! Maintenant que tout Carthage est connect\u00e9 \u00e0 la fibre, n&rsquo;h\u00e9sitez pas \u00e0 l&rsquo;installer, votre vie va changer avec la connexion haut d\u00e9bit!<\/p>\n","protected":false},"excerpt":{"rendered":"<p>Vos enfants accaparent toute la connexion de la maison ? Vous en avez assez de vous disputer la connexion \u00e0 tour de r\u00f4le ? La fibre optique de Tunisie Telecom e&#8230;<\/p>\n","protected":false},"author":3169,"featured_media":289821,"comment_status":"open","ping_status":"closed","sticky":false,"template":"","format":"standard","meta":{"footnotes":""},"categories":[44],"tags":[9819,3223,3513],"class_list":["post-209936","post","type-post","status-publish","format-standard","has-post-thumbnail","hentry","category-national","tag-tunisi-telecom","tag-carthage","tag-fibre-optique"],"yoast_head":"<!-- This site is optimized with the Yoast SEO Premium plugin v27.5 (Yoast SEO v27.5) - https:\/\/yoast.com\/product\/yoast-seo-premium-wordpress\/ -->\n<title>Habitants de Carthage passez \u00e0 la fibre optique de Tunisie Telecom !<\/title>\n<meta name=\"description\" content=\"Vos enfants accaparent toute la connexion de la maison ? Vous en avez assez de vous disputer la connexion \u00e0 tour de r\u00f4le ? La fibre optique de Tunisie Telecom e...\" \/>\n<link rel=\"canonical\" href=\"https:\/\/www.webdo.tn\/fr\/actualite\/national\/habitants-de-carthage-passez-a-la-fibre-optique-de-tunisie-telecom\/209936\/\" \/>\n<meta property=\"og:locale\" content=\"fr_FR\" \/>\n<meta property=\"og:type\" content=\"article\" \/>\n<meta property=\"og:title\" content=\"Habitants de Carthage passez \u00e0 la fibre optique de Tunisie Telecom !\" \/>\n<meta property=\"og:description\" content=\"Vos enfants accaparent toute la connexion de la maison ? Vous en avez assez de vous disputer la connexion \u00e0 tour de r\u00f4le ? La fibre optique de Tunisie Telecom e...\" \/>\n<meta property=\"og:url\" content=\"https:\/\/www.webdo.tn\/fr\/actualite\/national\/habitants-de-carthage-passez-a-la-fibre-optique-de-tunisie-telecom\/209936\/\" \/>\n<meta property=\"og:site_name\" content=\"webdo\" \/>\n<meta property=\"article:publisher\" content=\"https:\/\/www.facebook.com\/webdotn\" \/>\n<meta property=\"article:published_time\" content=\"2023-11-07T11:03:00+00:00\" \/>\n<meta property=\"article:modified_time\" content=\"2025-05-20T22:33:23+00:00\" \/>\n<meta property=\"og:image\" content=\"https:\/\/www.webdo.tn\/fr\/wp-content\/uploads\/2023\/11\/308696f1ff3fe00ea10b3ce319005936.png\" \/>\n\t<meta property=\"og:image:width\" content=\"750\" \/>\n\t<meta property=\"og:image:height\" content=\"400\" \/>\n\t<meta property=\"og:image:type\" content=\"image\/png\" \/>\n<meta name=\"author\" content=\"Webdo\" \/>\n<meta name=\"twitter:card\" content=\"summary_large_image\" \/>\n<meta name=\"twitter:creator\" content=\"@webdo_tn\" \/>\n<meta name=\"twitter:site\" content=\"@webdo_tn\" \/>\n<meta name=\"twitter:label1\" content=\"\u00c9crit par\" \/>\n\t<meta name=\"twitter:data1\" content=\"Webdo\" \/>\n<script type=\"application\/ld+json\" class=\"yoast-schema-graph\">{\"@context\":\"https:\\\/\\\/schema.org\",\"@graph\":[{\"@type\":\"NewsArticle\",\"@id\":\"https:\\\/\\\/www.webdo.tn\\\/fr\\\/actualite\\\/national\\\/habitants-de-carthage-passez-a-la-fibre-optique-de-tunisie-telecom\\\/209936\\\/#article\",\"isPartOf\":{\"@id\":\"https:\\\/\\\/www.webdo.tn\\\/fr\\\/actualite\\\/national\\\/habitants-de-carthage-passez-a-la-fibre-optique-de-tunisie-telecom\\\/209936\\\/\"},\"author\":{\"name\":\"Webdo\",\"@id\":\"https:\\\/\\\/www.webdo.tn\\\/fr\\\/#\\\/schema\\\/person\\\/1f4e491e0907b413d61089e8eb573acc\"},\"headline\":\"Habitants de Carthage passez \u00e0 la fibre optique de Tunisie Telecom !\",\"datePublished\":\"2023-11-07T11:03:00+00:00\",\"dateModified\":\"2025-05-20T22:33:23+00:00\",\"mainEntityOfPage\":{\"@id\":\"https:\\\/\\\/www.webdo.tn\\\/fr\\\/actualite\\\/national\\\/habitants-de-carthage-passez-a-la-fibre-optique-de-tunisie-telecom\\\/209936\\\/\"},\"wordCount\":83,\"commentCount\":0,\"publisher\":{\"@id\":\"https:\\\/\\\/www.webdo.tn\\\/fr\\\/#organization\"},\"image\":{\"@id\":\"https:\\\/\\\/www.webdo.tn\\\/fr\\\/actualite\\\/national\\\/habitants-de-carthage-passez-a-la-fibre-optique-de-tunisie-telecom\\\/209936\\\/#primaryimage\"},\"thumbnailUrl\":\"https:\\\/\\\/www.webdo.tn\\\/fr\\\/wp-content\\\/uploads\\\/2023\\\/11\\\/308696f1ff3fe00ea10b3ce319005936.png\",\"keywords\":[\"'tunisi telecom']\",\"Carthage\",\"fibre optique\"],\"articleSection\":[\"National\"],\"inLanguage\":\"fr-FR\"},{\"@type\":\"WebPage\",\"@id\":\"https:\\\/\\\/www.webdo.tn\\\/fr\\\/actualite\\\/national\\\/habitants-de-carthage-passez-a-la-fibre-optique-de-tunisie-telecom\\\/209936\\\/\",\"url\":\"https:\\\/\\\/www.webdo.tn\\\/fr\\\/actualite\\\/national\\\/habitants-de-carthage-passez-a-la-fibre-optique-de-tunisie-telecom\\\/209936\\\/\",\"name\":\"Habitants de Carthage passez \u00e0 la fibre optique de Tunisie Telecom !\",\"isPartOf\":{\"@id\":\"https:\\\/\\\/www.webdo.tn\\\/fr\\\/#website\"},\"primaryImageOfPage\":{\"@id\":\"https:\\\/\\\/www.webdo.tn\\\/fr\\\/actualite\\\/national\\\/habitants-de-carthage-passez-a-la-fibre-optique-de-tunisie-telecom\\\/209936\\\/#primaryimage\"},\"image\":{\"@id\":\"https:\\\/\\\/www.webdo.tn\\\/fr\\\/actualite\\\/national\\\/habitants-de-carthage-passez-a-la-fibre-optique-de-tunisie-telecom\\\/209936\\\/#primaryimage\"},\"thumbnailUrl\":\"https:\\\/\\\/www.webdo.tn\\\/fr\\\/wp-content\\\/uploads\\\/2023\\\/11\\\/308696f1ff3fe00ea10b3ce319005936.png\",\"datePublished\":\"2023-11-07T11:03:00+00:00\",\"dateModified\":\"2025-05-20T22:33:23+00:00\",\"description\":\"Vos enfants accaparent toute la connexion de la maison ? Vous en avez assez de vous disputer la connexion \u00e0 tour de r\u00f4le ? La fibre optique de Tunisie Telecom e...\",\"breadcrumb\":{\"@id\":\"https:\\\/\\\/www.webdo.tn\\\/fr\\\/actualite\\\/national\\\/habitants-de-carthage-passez-a-la-fibre-optique-de-tunisie-telecom\\\/209936\\\/#breadcrumb\"},\"inLanguage\":\"fr-FR\",\"potentialAction\":[{\"@type\":\"ReadAction\",\"target\":[\"https:\\\/\\\/www.webdo.tn\\\/fr\\\/actualite\\\/national\\\/habitants-de-carthage-passez-a-la-fibre-optique-de-tunisie-telecom\\\/209936\\\/\"]}]},{\"@type\":\"ImageObject\",\"inLanguage\":\"fr-FR\",\"@id\":\"https:\\\/\\\/www.webdo.tn\\\/fr\\\/actualite\\\/national\\\/habitants-de-carthage-passez-a-la-fibre-optique-de-tunisie-telecom\\\/209936\\\/#primaryimage\",\"url\":\"https:\\\/\\\/www.webdo.tn\\\/fr\\\/wp-content\\\/uploads\\\/2023\\\/11\\\/308696f1ff3fe00ea10b3ce319005936.png\",\"contentUrl\":\"https:\\\/\\\/www.webdo.tn\\\/fr\\\/wp-content\\\/uploads\\\/2023\\\/11\\\/308696f1ff3fe00ea10b3ce319005936.png\",\"width\":750,\"height\":400,\"caption\":\"Habitants de Carthage passez \u00e0 la fibre optique de Tunisie Telecom !\"},{\"@type\":\"BreadcrumbList\",\"@id\":\"https:\\\/\\\/www.webdo.tn\\\/fr\\\/actualite\\\/national\\\/habitants-de-carthage-passez-a-la-fibre-optique-de-tunisie-telecom\\\/209936\\\/#breadcrumb\",\"itemListElement\":[{\"@type\":\"ListItem\",\"position\":1,\"name\":\"Accueil\",\"item\":\"https:\\\/\\\/www.webdo.tn\\\/fr\\\/\"},{\"@type\":\"ListItem\",\"position\":2,\"name\":\"Habitants de Carthage passez \u00e0 la fibre optique de Tunisie Telecom !\"}]},{\"@type\":\"WebSite\",\"@id\":\"https:\\\/\\\/www.webdo.tn\\\/fr\\\/#website\",\"url\":\"https:\\\/\\\/www.webdo.tn\\\/fr\\\/\",\"name\":\"webdo\",\"description\":\"Tunisie - News en Tunisie et \u00e0 l&#039;international sur Webdo.tn\",\"publisher\":{\"@id\":\"https:\\\/\\\/www.webdo.tn\\\/fr\\\/#organization\"},\"potentialAction\":[{\"@type\":\"SearchAction\",\"target\":{\"@type\":\"EntryPoint\",\"urlTemplate\":\"https:\\\/\\\/www.webdo.tn\\\/fr\\\/?s={search_term_string}\"},\"query-input\":{\"@type\":\"PropertyValueSpecification\",\"valueRequired\":true,\"valueName\":\"search_term_string\"}}],\"inLanguage\":\"fr-FR\"},{\"@type\":\"Organization\",\"@id\":\"https:\\\/\\\/www.webdo.tn\\\/fr\\\/#organization\",\"name\":\"Webdo\",\"alternateName\":\"Webdo.tn\",\"url\":\"https:\\\/\\\/www.webdo.tn\\\/fr\\\/\",\"logo\":{\"@type\":\"ImageObject\",\"inLanguage\":\"fr-FR\",\"@id\":\"https:\\\/\\\/www.webdo.tn\\\/fr\\\/#\\\/schema\\\/logo\\\/image\\\/\",\"url\":\"https:\\\/\\\/www.webdo.tn\\\/fr\\\/wp-content\\\/uploads\\\/2025\\\/06\\\/Webdo-Tunisie_168377.jpg\",\"contentUrl\":\"https:\\\/\\\/www.webdo.tn\\\/fr\\\/wp-content\\\/uploads\\\/2025\\\/06\\\/Webdo-Tunisie_168377.jpg\",\"width\":301,\"height\":301,\"caption\":\"Webdo\"},\"image\":{\"@id\":\"https:\\\/\\\/www.webdo.tn\\\/fr\\\/#\\\/schema\\\/logo\\\/image\\\/\"},\"sameAs\":[\"https:\\\/\\\/www.facebook.com\\\/webdotn\",\"https:\\\/\\\/x.com\\\/webdo_tn\"],\"description\":\"Webdo est un m\u00e9dia num\u00e9rique tunisien fond\u00e9 en 2010, sp\u00e9cialis\u00e9 dans l\u2019actualit\u00e9 nationale et internationale, l\u2019\u00e9conomie, la soci\u00e9t\u00e9 et les analyses politiques. Le site s\u2019adresse \u00e0 un large public francophone et couvre l\u2019information tunisienne en temps r\u00e9el.\",\"email\":\"redac@webdo.tn\",\"legalName\":\"YNJ SARL\",\"foundingDate\":\"2010-09-06\",\"numberOfEmployees\":{\"@type\":\"QuantitativeValue\",\"minValue\":\"11\",\"maxValue\":\"50\"}},{\"@type\":\"Person\",\"@id\":\"https:\\\/\\\/www.webdo.tn\\\/fr\\\/#\\\/schema\\\/person\\\/1f4e491e0907b413d61089e8eb573acc\",\"name\":\"Webdo\",\"image\":{\"@type\":\"ImageObject\",\"inLanguage\":\"fr-FR\",\"@id\":\"https:\\\/\\\/secure.gravatar.com\\\/avatar\\\/de97aeec1bb80978a9dbb127e47dfc88aaacb2f3c29aac907d8d3222e3495d49?s=96&d=mm&r=g\",\"url\":\"https:\\\/\\\/secure.gravatar.com\\\/avatar\\\/de97aeec1bb80978a9dbb127e47dfc88aaacb2f3c29aac907d8d3222e3495d49?s=96&d=mm&r=g\",\"contentUrl\":\"https:\\\/\\\/secure.gravatar.com\\\/avatar\\\/de97aeec1bb80978a9dbb127e47dfc88aaacb2f3c29aac907d8d3222e3495d49?s=96&d=mm&r=g\",\"caption\":\"Webdo\"},\"url\":\"https:\\\/\\\/www.webdo.tn\\\/fr\\\/actualite\\\/author\\\/webdo\\\/\"}]}<\/script>\n<!-- \/ Yoast SEO Premium plugin. -->","yoast_head_json":{"title":"Habitants de Carthage passez \u00e0 la fibre optique de Tunisie Telecom !","description":"Vos enfants accaparent toute la connexion de la maison ? Vous en avez assez de vous disputer la connexion \u00e0 tour de r\u00f4le ? La fibre optique de Tunisie Telecom e...","canonical":"https:\/\/www.webdo.tn\/fr\/actualite\/national\/habitants-de-carthage-passez-a-la-fibre-optique-de-tunisie-telecom\/209936\/","og_locale":"fr_FR","og_type":"article","og_title":"Habitants de Carthage passez \u00e0 la fibre optique de Tunisie Telecom !","og_description":"Vos enfants accaparent toute la connexion de la maison ? Vous en avez assez de vous disputer la connexion \u00e0 tour de r\u00f4le ? La fibre optique de Tunisie Telecom e...","og_url":"https:\/\/www.webdo.tn\/fr\/actualite\/national\/habitants-de-carthage-passez-a-la-fibre-optique-de-tunisie-telecom\/209936\/","og_site_name":"webdo","article_publisher":"https:\/\/www.facebook.com\/webdotn","article_published_time":"2023-11-07T11:03:00+00:00","article_modified_time":"2025-05-20T22:33:23+00:00","og_image":[{"width":750,"height":400,"url":"https:\/\/www.webdo.tn\/fr\/wp-content\/uploads\/2023\/11\/308696f1ff3fe00ea10b3ce319005936.png","type":"image\/png"}],"author":"Webdo","twitter_card":"summary_large_image","twitter_creator":"@webdo_tn","twitter_site":"@webdo_tn","twitter_misc":{"\u00c9crit par":"Webdo"},"schema":{"@context":"https:\/\/schema.org","@graph":[{"@type":"NewsArticle","@id":"https:\/\/www.webdo.tn\/fr\/actualite\/national\/habitants-de-carthage-passez-a-la-fibre-optique-de-tunisie-telecom\/209936\/#article","isPartOf":{"@id":"https:\/\/www.webdo.tn\/fr\/actualite\/national\/habitants-de-carthage-passez-a-la-fibre-optique-de-tunisie-telecom\/209936\/"},"author":{"name":"Webdo","@id":"https:\/\/www.webdo.tn\/fr\/#\/schema\/person\/1f4e491e0907b413d61089e8eb573acc"},"headline":"Habitants de Carthage passez \u00e0 la fibre optique de Tunisie Telecom !","datePublished":"2023-11-07T11:03:00+00:00","dateModified":"2025-05-20T22:33:23+00:00","mainEntityOfPage":{"@id":"https:\/\/www.webdo.tn\/fr\/actualite\/national\/habitants-de-carthage-passez-a-la-fibre-optique-de-tunisie-telecom\/209936\/"},"wordCount":83,"commentCount":0,"publisher":{"@id":"https:\/\/www.webdo.tn\/fr\/#organization"},"image":{"@id":"https:\/\/www.webdo.tn\/fr\/actualite\/national\/habitants-de-carthage-passez-a-la-fibre-optique-de-tunisie-telecom\/209936\/#primaryimage"},"thumbnailUrl":"https:\/\/www.webdo.tn\/fr\/wp-content\/uploads\/2023\/11\/308696f1ff3fe00ea10b3ce319005936.png","keywords":["'tunisi telecom']","Carthage","fibre optique"],"articleSection":["National"],"inLanguage":"fr-FR"},{"@type":"WebPage","@id":"https:\/\/www.webdo.tn\/fr\/actualite\/national\/habitants-de-carthage-passez-a-la-fibre-optique-de-tunisie-telecom\/209936\/","url":"https:\/\/www.webdo.tn\/fr\/actualite\/national\/habitants-de-carthage-passez-a-la-fibre-optique-de-tunisie-telecom\/209936\/","name":"Habitants de Carthage passez \u00e0 la fibre optique de Tunisie Telecom !","isPartOf":{"@id":"https:\/\/www.webdo.tn\/fr\/#website"},"primaryImageOfPage":{"@id":"https:\/\/www.webdo.tn\/fr\/actualite\/national\/habitants-de-carthage-passez-a-la-fibre-optique-de-tunisie-telecom\/209936\/#primaryimage"},"image":{"@id":"https:\/\/www.webdo.tn\/fr\/actualite\/national\/habitants-de-carthage-passez-a-la-fibre-optique-de-tunisie-telecom\/209936\/#primaryimage"},"thumbnailUrl":"https:\/\/www.webdo.tn\/fr\/wp-content\/uploads\/2023\/11\/308696f1ff3fe00ea10b3ce319005936.png","datePublished":"2023-11-07T11:03:00+00:00","dateModified":"2025-05-20T22:33:23+00:00","description":"Vos enfants accaparent toute la connexion de la maison ? Vous en avez assez de vous disputer la connexion \u00e0 tour de r\u00f4le ? La fibre optique de Tunisie Telecom e...","breadcrumb":{"@id":"https:\/\/www.webdo.tn\/fr\/actualite\/national\/habitants-de-carthage-passez-a-la-fibre-optique-de-tunisie-telecom\/209936\/#breadcrumb"},"inLanguage":"fr-FR","potentialAction":[{"@type":"ReadAction","target":["https:\/\/www.webdo.tn\/fr\/actualite\/national\/habitants-de-carthage-passez-a-la-fibre-optique-de-tunisie-telecom\/209936\/"]}]},{"@type":"ImageObject","inLanguage":"fr-FR","@id":"https:\/\/www.webdo.tn\/fr\/actualite\/national\/habitants-de-carthage-passez-a-la-fibre-optique-de-tunisie-telecom\/209936\/#primaryimage","url":"https:\/\/www.webdo.tn\/fr\/wp-content\/uploads\/2023\/11\/308696f1ff3fe00ea10b3ce319005936.png","contentUrl":"https:\/\/www.webdo.tn\/fr\/wp-content\/uploads\/2023\/11\/308696f1ff3fe00ea10b3ce319005936.png","width":750,"height":400,"caption":"Habitants de Carthage passez \u00e0 la fibre optique de Tunisie Telecom !"},{"@type":"BreadcrumbList","@id":"https:\/\/www.webdo.tn\/fr\/actualite\/national\/habitants-de-carthage-passez-a-la-fibre-optique-de-tunisie-telecom\/209936\/#breadcrumb","itemListElement":[{"@type":"ListItem","position":1,"name":"Accueil","item":"https:\/\/www.webdo.tn\/fr\/"},{"@type":"ListItem","position":2,"name":"Habitants de Carthage passez \u00e0 la fibre optique de Tunisie Telecom !"}]},{"@type":"WebSite","@id":"https:\/\/www.webdo.tn\/fr\/#website","url":"https:\/\/www.webdo.tn\/fr\/","name":"webdo","description":"Tunisie - News en Tunisie et \u00e0 l&#039;international sur Webdo.tn","publisher":{"@id":"https:\/\/www.webdo.tn\/fr\/#organization"},"potentialAction":[{"@type":"SearchAction","target":{"@type":"EntryPoint","urlTemplate":"https:\/\/www.webdo.tn\/fr\/?s={search_term_string}"},"query-input":{"@type":"PropertyValueSpecification","valueRequired":true,"valueName":"search_term_string"}}],"inLanguage":"fr-FR"},{"@type":"Organization","@id":"https:\/\/www.webdo.tn\/fr\/#organization","name":"Webdo","alternateName":"Webdo.tn","url":"https:\/\/www.webdo.tn\/fr\/","logo":{"@type":"ImageObject","inLanguage":"fr-FR","@id":"https:\/\/www.webdo.tn\/fr\/#\/schema\/logo\/image\/","url":"https:\/\/www.webdo.tn\/fr\/wp-content\/uploads\/2025\/06\/Webdo-Tunisie_168377.jpg","contentUrl":"https:\/\/www.webdo.tn\/fr\/wp-content\/uploads\/2025\/06\/Webdo-Tunisie_168377.jpg","width":301,"height":301,"caption":"Webdo"},"image":{"@id":"https:\/\/www.webdo.tn\/fr\/#\/schema\/logo\/image\/"},"sameAs":["https:\/\/www.facebook.com\/webdotn","https:\/\/x.com\/webdo_tn"],"description":"Webdo est un m\u00e9dia num\u00e9rique tunisien fond\u00e9 en 2010, sp\u00e9cialis\u00e9 dans l\u2019actualit\u00e9 nationale et internationale, l\u2019\u00e9conomie, la soci\u00e9t\u00e9 et les analyses politiques. Le site s\u2019adresse \u00e0 un large public francophone et couvre l\u2019information tunisienne en temps r\u00e9el.","email":"redac@webdo.tn","legalName":"YNJ SARL","foundingDate":"2010-09-06","numberOfEmployees":{"@type":"QuantitativeValue","minValue":"11","maxValue":"50"}},{"@type":"Person","@id":"https:\/\/www.webdo.tn\/fr\/#\/schema\/person\/1f4e491e0907b413d61089e8eb573acc","name":"Webdo","image":{"@type":"ImageObject","inLanguage":"fr-FR","@id":"https:\/\/secure.gravatar.com\/avatar\/de97aeec1bb80978a9dbb127e47dfc88aaacb2f3c29aac907d8d3222e3495d49?s=96&d=mm&r=g","url":"https:\/\/secure.gravatar.com\/avatar\/de97aeec1bb80978a9dbb127e47dfc88aaacb2f3c29aac907d8d3222e3495d49?s=96&d=mm&r=g","contentUrl":"https:\/\/secure.gravatar.com\/avatar\/de97aeec1bb80978a9dbb127e47dfc88aaacb2f3c29aac907d8d3222e3495d49?s=96&d=mm&r=g","caption":"Webdo"},"url":"https:\/\/www.webdo.tn\/fr\/actualite\/author\/webdo\/"}]}},"_links":{"self":[{"href":"https:\/\/www.webdo.tn\/fr\/wp-json\/wp\/v2\/posts\/209936","targetHints":{"allow":["GET"]}}],"collection":[{"href":"https:\/\/www.webdo.tn\/fr\/wp-json\/wp\/v2\/posts"}],"about":[{"href":"https:\/\/www.webdo.tn\/fr\/wp-json\/wp\/v2\/types\/post"}],"author":[{"embeddable":true,"href":"https:\/\/www.webdo.tn\/fr\/wp-json\/wp\/v2\/users\/3169"}],"replies":[{"embeddable":true,"href":"https:\/\/www.webdo.tn\/fr\/wp-json\/wp\/v2\/comments?post=209936"}],"version-history":[{"count":0,"href":"https:\/\/www.webdo.tn\/fr\/wp-json\/wp\/v2\/posts\/209936\/revisions"}],"wp:featuredmedia":[{"embeddable":true,"href":"https:\/\/www.webdo.tn\/fr\/wp-json\/wp\/v2\/media\/289821"}],"wp:attachment":[{"href":"https:\/\/www.webdo.tn\/fr\/wp-json\/wp\/v2\/media?parent=209936"}],"wp:term":[{"taxonomy":"category","embeddable":true,"href":"https:\/\/www.webdo.tn\/fr\/wp-json\/wp\/v2\/categories?post=209936"},{"taxonomy":"post_tag","embeddable":true,"href":"https:\/\/www.webdo.tn\/fr\/wp-json\/wp\/v2\/tags?post=209936"}],"curies":[{"name":"wp","href":"https:\/\/api.w.org\/{rel}","templated":true}]}}