{"id":209914,"date":"2023-11-06T13:48:00","date_gmt":"2023-11-06T13:48:00","guid":{"rendered":"https:\/\/www.webdo.tn\/fr\/blog\/djerba-accueil-une-nouvelle-association-pour-decouvrir-l-ile-et-ses-environs\/209914\/"},"modified":"2023-11-06T13:48:00","modified_gmt":"2023-11-06T13:48:00","slug":"djerba-accueil-une-nouvelle-association-pour-decouvrir-l-ile-et-ses-environs","status":"publish","type":"post","link":"https:\/\/www.webdo.tn\/fr\/actualite\/regions\/djerba-accueil-une-nouvelle-association-pour-decouvrir-l-ile-et-ses-environs\/209914\/","title":{"rendered":"Djerba Accueil : Une nouvelle association pour d\u00e9couvrir l&rsquo;\u00eele et ses environs"},"content":{"rendered":"<p>\u00ab\u00a0Djerba Accueil Tunisie\u00a0\u00bb est une association b\u00e9n\u00e9vole, apolitique et non confessionnelle, qui accueille les francophones de Djerba et de sa r\u00e9gion.<\/p>\n<p>\t\t\t\t\t\t\t\t\tCette association qui vient de voir le jour est affili\u00e9e \u00e0 la F.I.A.F.E. (F\u00e9d\u00e9ration Internationale des Accueils des Francophones \u00e0 l&rsquo;Etranger).<\/p>\n<p>L&rsquo;objectif de cette association est principalement culturel et consiste en \u00e9change de bons plans, d\u00e9couvertes touristiques et tissage de liens sociaux en toute convivialit\u00e9.<\/p>\n<p>Djerba Accueil propose \u00e0 ses adh\u00e9rents des visites, des rencontres, des r\u00e9unions r\u00e9guli\u00e8res, des activit\u00e9s sous forme d&rsquo;atelier, et des sorties.<\/p>\n<p>\u00ab\u00a0Vous venez d&rsquo;arriver \u00e0 Djerba, ou vous \u00eates r\u00e9sidents ? Rejoignez une communaut\u00e9 accueillante pr\u00eate \u00e0 vous aider \u00e0 vous int\u00e9grer dans votre nouvel environnement\u00a0\u00bb : tel est le message de Djerba Accueil \u00e0 tous les francophones de la r\u00e9gion.<\/p>\n<p>Le contact avec cette association peut \u00eatre effectu\u00e9 par courriel sur l&rsquo;adresse [email\u00a0protected]<\/p>\n","protected":false},"excerpt":{"rendered":"<p>Cette association qui vient de voir le jour est affili\u00e9e \u00e0 la F.I.A.F.E. (F\u00e9d\u00e9ration Internationale des Accueils des Francophones \u00e0 l&rsquo;Etranger).<\/p>\n","protected":false},"author":3229,"featured_media":289816,"comment_status":"open","ping_status":"closed","sticky":false,"template":"","format":"standard","meta":{"footnotes":""},"categories":[2595],"tags":[3696,2798],"class_list":["post-209914","post","type-post","status-publish","format-standard","has-post-thumbnail","hentry","category-regions","tag-djerba","tag-tourisme"],"yoast_head":"<!-- This site is optimized with the Yoast SEO Premium plugin v27.5 (Yoast SEO v27.5) - https:\/\/yoast.com\/product\/yoast-seo-premium-wordpress\/ -->\n<title>Djerba Accueil : Une nouvelle association pour d\u00e9couvrir l&#039;\u00eele et ses environs<\/title>\n<meta name=\"description\" content=\"Cette association qui vient de voir le jour est affili\u00e9e \u00e0 la F.I.A.F.E. (F\u00e9d\u00e9ration Internationale des Accueils des Francophones \u00e0 l&#039;Etranger).\" \/>\n<link rel=\"canonical\" href=\"https:\/\/www.webdo.tn\/fr\/actualite\/regions\/djerba-accueil-une-nouvelle-association-pour-decouvrir-l-ile-et-ses-environs\/209914\/\" \/>\n<meta property=\"og:locale\" content=\"fr_FR\" \/>\n<meta property=\"og:type\" content=\"article\" \/>\n<meta property=\"og:title\" content=\"Djerba Accueil : Une nouvelle association pour d\u00e9couvrir l&#039;\u00eele et ses environs\" \/>\n<meta property=\"og:description\" content=\"Cette association qui vient de voir le jour est affili\u00e9e \u00e0 la F.I.A.F.E. (F\u00e9d\u00e9ration Internationale des Accueils des Francophones \u00e0 l&#039;Etranger).\" \/>\n<meta property=\"og:url\" content=\"https:\/\/www.webdo.tn\/fr\/actualite\/regions\/djerba-accueil-une-nouvelle-association-pour-decouvrir-l-ile-et-ses-environs\/209914\/\" \/>\n<meta property=\"og:site_name\" content=\"webdo\" \/>\n<meta property=\"article:publisher\" content=\"https:\/\/www.facebook.com\/webdotn\" \/>\n<meta property=\"article:author\" content=\"https:\/\/www.facebook.com\/hatem.bourial.2025\" \/>\n<meta property=\"article:published_time\" content=\"2023-11-06T13:48:00+00:00\" \/>\n<meta property=\"og:image\" content=\"https:\/\/www.webdo.tn\/fr\/wp-content\/uploads\/2023\/11\/f9f2d945cccffd51c46a7bce0550d6c1.jpg\" \/>\n\t<meta property=\"og:image:width\" content=\"500\" \/>\n\t<meta property=\"og:image:height\" content=\"267\" \/>\n\t<meta property=\"og:image:type\" content=\"image\/jpeg\" \/>\n<meta name=\"author\" content=\"Hatem Bourial\" \/>\n<meta name=\"twitter:card\" content=\"summary_large_image\" \/>\n<meta name=\"twitter:creator\" content=\"@webdo_tn\" \/>\n<meta name=\"twitter:site\" content=\"@webdo_tn\" \/>\n<meta name=\"twitter:label1\" content=\"\u00c9crit par\" \/>\n\t<meta name=\"twitter:data1\" content=\"Hatem Bourial\" \/>\n\t<meta name=\"twitter:label2\" content=\"Dur\u00e9e de lecture estim\u00e9e\" \/>\n\t<meta name=\"twitter:data2\" content=\"1 minute\" \/>\n<script type=\"application\/ld+json\" class=\"yoast-schema-graph\">{\"@context\":\"https:\\\/\\\/schema.org\",\"@graph\":[{\"@type\":\"NewsArticle\",\"@id\":\"https:\\\/\\\/www.webdo.tn\\\/fr\\\/actualite\\\/regions\\\/djerba-accueil-une-nouvelle-association-pour-decouvrir-l-ile-et-ses-environs\\\/209914\\\/#article\",\"isPartOf\":{\"@id\":\"https:\\\/\\\/www.webdo.tn\\\/fr\\\/actualite\\\/regions\\\/djerba-accueil-une-nouvelle-association-pour-decouvrir-l-ile-et-ses-environs\\\/209914\\\/\"},\"author\":{\"name\":\"Hatem Bourial\",\"@id\":\"https:\\\/\\\/www.webdo.tn\\\/fr\\\/#\\\/schema\\\/person\\\/6bc0beba2cd23aec27cb5df85ca2554f\"},\"headline\":\"Djerba Accueil : Une nouvelle association pour d\u00e9couvrir l&rsquo;\u00eele et ses environs\",\"datePublished\":\"2023-11-06T13:48:00+00:00\",\"mainEntityOfPage\":{\"@id\":\"https:\\\/\\\/www.webdo.tn\\\/fr\\\/actualite\\\/regions\\\/djerba-accueil-une-nouvelle-association-pour-decouvrir-l-ile-et-ses-environs\\\/209914\\\/\"},\"wordCount\":170,\"commentCount\":0,\"publisher\":{\"@id\":\"https:\\\/\\\/www.webdo.tn\\\/fr\\\/#organization\"},\"image\":{\"@id\":\"https:\\\/\\\/www.webdo.tn\\\/fr\\\/actualite\\\/regions\\\/djerba-accueil-une-nouvelle-association-pour-decouvrir-l-ile-et-ses-environs\\\/209914\\\/#primaryimage\"},\"thumbnailUrl\":\"https:\\\/\\\/www.webdo.tn\\\/fr\\\/wp-content\\\/uploads\\\/2023\\\/11\\\/f9f2d945cccffd51c46a7bce0550d6c1.jpg\",\"keywords\":[\"djerba\",\"Tourisme\"],\"articleSection\":[\"regions\"],\"inLanguage\":\"fr-FR\"},{\"@type\":\"WebPage\",\"@id\":\"https:\\\/\\\/www.webdo.tn\\\/fr\\\/actualite\\\/regions\\\/djerba-accueil-une-nouvelle-association-pour-decouvrir-l-ile-et-ses-environs\\\/209914\\\/\",\"url\":\"https:\\\/\\\/www.webdo.tn\\\/fr\\\/actualite\\\/regions\\\/djerba-accueil-une-nouvelle-association-pour-decouvrir-l-ile-et-ses-environs\\\/209914\\\/\",\"name\":\"Djerba Accueil : Une nouvelle association pour d\u00e9couvrir l'\u00eele et ses environs\",\"isPartOf\":{\"@id\":\"https:\\\/\\\/www.webdo.tn\\\/fr\\\/#website\"},\"primaryImageOfPage\":{\"@id\":\"https:\\\/\\\/www.webdo.tn\\\/fr\\\/actualite\\\/regions\\\/djerba-accueil-une-nouvelle-association-pour-decouvrir-l-ile-et-ses-environs\\\/209914\\\/#primaryimage\"},\"image\":{\"@id\":\"https:\\\/\\\/www.webdo.tn\\\/fr\\\/actualite\\\/regions\\\/djerba-accueil-une-nouvelle-association-pour-decouvrir-l-ile-et-ses-environs\\\/209914\\\/#primaryimage\"},\"thumbnailUrl\":\"https:\\\/\\\/www.webdo.tn\\\/fr\\\/wp-content\\\/uploads\\\/2023\\\/11\\\/f9f2d945cccffd51c46a7bce0550d6c1.jpg\",\"datePublished\":\"2023-11-06T13:48:00+00:00\",\"description\":\"Cette association qui vient de voir le jour est affili\u00e9e \u00e0 la F.I.A.F.E. (F\u00e9d\u00e9ration Internationale des Accueils des Francophones \u00e0 l'Etranger).\",\"breadcrumb\":{\"@id\":\"https:\\\/\\\/www.webdo.tn\\\/fr\\\/actualite\\\/regions\\\/djerba-accueil-une-nouvelle-association-pour-decouvrir-l-ile-et-ses-environs\\\/209914\\\/#breadcrumb\"},\"inLanguage\":\"fr-FR\",\"potentialAction\":[{\"@type\":\"ReadAction\",\"target\":[\"https:\\\/\\\/www.webdo.tn\\\/fr\\\/actualite\\\/regions\\\/djerba-accueil-une-nouvelle-association-pour-decouvrir-l-ile-et-ses-environs\\\/209914\\\/\"]}]},{\"@type\":\"ImageObject\",\"inLanguage\":\"fr-FR\",\"@id\":\"https:\\\/\\\/www.webdo.tn\\\/fr\\\/actualite\\\/regions\\\/djerba-accueil-une-nouvelle-association-pour-decouvrir-l-ile-et-ses-environs\\\/209914\\\/#primaryimage\",\"url\":\"https:\\\/\\\/www.webdo.tn\\\/fr\\\/wp-content\\\/uploads\\\/2023\\\/11\\\/f9f2d945cccffd51c46a7bce0550d6c1.jpg\",\"contentUrl\":\"https:\\\/\\\/www.webdo.tn\\\/fr\\\/wp-content\\\/uploads\\\/2023\\\/11\\\/f9f2d945cccffd51c46a7bce0550d6c1.jpg\",\"width\":500,\"height\":267,\"caption\":\"Djerba Accueil : Une nouvelle association pour d\u00e9couvrir l'\u00eele et ses environs\"},{\"@type\":\"BreadcrumbList\",\"@id\":\"https:\\\/\\\/www.webdo.tn\\\/fr\\\/actualite\\\/regions\\\/djerba-accueil-une-nouvelle-association-pour-decouvrir-l-ile-et-ses-environs\\\/209914\\\/#breadcrumb\",\"itemListElement\":[{\"@type\":\"ListItem\",\"position\":1,\"name\":\"Accueil\",\"item\":\"https:\\\/\\\/www.webdo.tn\\\/fr\\\/\"},{\"@type\":\"ListItem\",\"position\":2,\"name\":\"Djerba Accueil : Une nouvelle association pour d\u00e9couvrir l&rsquo;\u00eele et ses environs\"}]},{\"@type\":\"WebSite\",\"@id\":\"https:\\\/\\\/www.webdo.tn\\\/fr\\\/#website\",\"url\":\"https:\\\/\\\/www.webdo.tn\\\/fr\\\/\",\"name\":\"webdo\",\"description\":\"Tunisie - News en Tunisie et \u00e0 l&#039;international sur Webdo.tn\",\"publisher\":{\"@id\":\"https:\\\/\\\/www.webdo.tn\\\/fr\\\/#organization\"},\"potentialAction\":[{\"@type\":\"SearchAction\",\"target\":{\"@type\":\"EntryPoint\",\"urlTemplate\":\"https:\\\/\\\/www.webdo.tn\\\/fr\\\/?s={search_term_string}\"},\"query-input\":{\"@type\":\"PropertyValueSpecification\",\"valueRequired\":true,\"valueName\":\"search_term_string\"}}],\"inLanguage\":\"fr-FR\"},{\"@type\":\"Organization\",\"@id\":\"https:\\\/\\\/www.webdo.tn\\\/fr\\\/#organization\",\"name\":\"Webdo\",\"alternateName\":\"Webdo.tn\",\"url\":\"https:\\\/\\\/www.webdo.tn\\\/fr\\\/\",\"logo\":{\"@type\":\"ImageObject\",\"inLanguage\":\"fr-FR\",\"@id\":\"https:\\\/\\\/www.webdo.tn\\\/fr\\\/#\\\/schema\\\/logo\\\/image\\\/\",\"url\":\"https:\\\/\\\/www.webdo.tn\\\/fr\\\/wp-content\\\/uploads\\\/2025\\\/06\\\/Webdo-Tunisie_168377.jpg\",\"contentUrl\":\"https:\\\/\\\/www.webdo.tn\\\/fr\\\/wp-content\\\/uploads\\\/2025\\\/06\\\/Webdo-Tunisie_168377.jpg\",\"width\":301,\"height\":301,\"caption\":\"Webdo\"},\"image\":{\"@id\":\"https:\\\/\\\/www.webdo.tn\\\/fr\\\/#\\\/schema\\\/logo\\\/image\\\/\"},\"sameAs\":[\"https:\\\/\\\/www.facebook.com\\\/webdotn\",\"https:\\\/\\\/x.com\\\/webdo_tn\"],\"description\":\"Webdo est un m\u00e9dia num\u00e9rique tunisien fond\u00e9 en 2010, sp\u00e9cialis\u00e9 dans l\u2019actualit\u00e9 nationale et internationale, l\u2019\u00e9conomie, la soci\u00e9t\u00e9 et les analyses politiques. Le site s\u2019adresse \u00e0 un large public francophone et couvre l\u2019information tunisienne en temps r\u00e9el.\",\"email\":\"redac@webdo.tn\",\"legalName\":\"YNJ SARL\",\"foundingDate\":\"2010-09-06\",\"numberOfEmployees\":{\"@type\":\"QuantitativeValue\",\"minValue\":\"11\",\"maxValue\":\"50\"}},{\"@type\":\"Person\",\"@id\":\"https:\\\/\\\/www.webdo.tn\\\/fr\\\/#\\\/schema\\\/person\\\/6bc0beba2cd23aec27cb5df85ca2554f\",\"name\":\"Hatem Bourial\",\"image\":{\"@type\":\"ImageObject\",\"inLanguage\":\"fr-FR\",\"@id\":\"https:\\\/\\\/www.webdo.tn\\\/fr\\\/wp-content\\\/uploads\\\/2026\\\/04\\\/hatem-bourial_avatar-96x96.jpg\",\"url\":\"https:\\\/\\\/www.webdo.tn\\\/fr\\\/wp-content\\\/uploads\\\/2026\\\/04\\\/hatem-bourial_avatar-96x96.jpg\",\"contentUrl\":\"https:\\\/\\\/www.webdo.tn\\\/fr\\\/wp-content\\\/uploads\\\/2026\\\/04\\\/hatem-bourial_avatar-96x96.jpg\",\"caption\":\"Hatem Bourial\"},\"description\":\"Hatem Bourial est journaliste, \u00e9crivain et chroniqueur tunisien. Actif depuis plusieurs d\u00e9cennies, il s\u2019est impos\u00e9 comme un observateur attentif de la soci\u00e9t\u00e9 tunisienne, m\u00ealant dans ses \u00e9crits m\u00e9moire, culture et analyse du quotidien. Auteur de nombreux ouvrages, il d\u00e9veloppe une \u0153uvre \u00e0 la crois\u00e9e du r\u00e9cit, de la po\u00e9sie et de l\u2019observation sociologique. Parall\u00e8lement \u00e0 ses contributions dans la presse, il intervient r\u00e9guli\u00e8rement \u00e0 la radio et dans des espaces culturels, o\u00f9 il explore les enjeux li\u00e9s au patrimoine, \u00e0 l\u2019identit\u00e9 et aux transformations du monde contemporain. \u00c0 travers ses chroniques, Hatem Bourial propose une lecture sensible et approfondie de l\u2019actualit\u00e9, nourrie par une exp\u00e9rience journalistique et litt\u00e9raire reconnue. \ud83d\udd17 Facebook : https:\\\/\\\/www.facebook.com\\\/hatem.bourial.2025\",\"sameAs\":[\"https:\\\/\\\/www.facebook.com\\\/hatem.bourial.2025\",\"https:\\\/\\\/fr.wikipedia.org\\\/wiki\\\/Fichier:Hatem_Bourial.jpg\"],\"knowsAbout\":[\"Culture & patrimoine tunisien\",\"Chronique soci\u00e9tale\",\"Litt\u00e9rature & m\u00e9moire\",\"Cin\u00e9ma & critique culturelle\",\"Identit\u00e9 & mutations sociales\"],\"knowsLanguage\":[\"Arabe\",\"Fran\u00e7ais\",\"Anglais\",\"Italien\",\"Polonais\"],\"jobTitle\":\"Journaliste, \u00e9crivain et chroniqueur culturel\",\"worksFor\":\"Webdo\",\"url\":\"https:\\\/\\\/www.webdo.tn\\\/fr\\\/actualite\\\/author\\\/hatem-bourial-2\\\/\"}]}<\/script>\n<!-- \/ Yoast SEO Premium plugin. -->","yoast_head_json":{"title":"Djerba Accueil : Une nouvelle association pour d\u00e9couvrir l'\u00eele et ses environs","description":"Cette association qui vient de voir le jour est affili\u00e9e \u00e0 la F.I.A.F.E. (F\u00e9d\u00e9ration Internationale des Accueils des Francophones \u00e0 l'Etranger).","canonical":"https:\/\/www.webdo.tn\/fr\/actualite\/regions\/djerba-accueil-une-nouvelle-association-pour-decouvrir-l-ile-et-ses-environs\/209914\/","og_locale":"fr_FR","og_type":"article","og_title":"Djerba Accueil : Une nouvelle association pour d\u00e9couvrir l'\u00eele et ses environs","og_description":"Cette association qui vient de voir le jour est affili\u00e9e \u00e0 la F.I.A.F.E. (F\u00e9d\u00e9ration Internationale des Accueils des Francophones \u00e0 l'Etranger).","og_url":"https:\/\/www.webdo.tn\/fr\/actualite\/regions\/djerba-accueil-une-nouvelle-association-pour-decouvrir-l-ile-et-ses-environs\/209914\/","og_site_name":"webdo","article_publisher":"https:\/\/www.facebook.com\/webdotn","article_author":"https:\/\/www.facebook.com\/hatem.bourial.2025","article_published_time":"2023-11-06T13:48:00+00:00","og_image":[{"width":500,"height":267,"url":"https:\/\/www.webdo.tn\/fr\/wp-content\/uploads\/2023\/11\/f9f2d945cccffd51c46a7bce0550d6c1.jpg","type":"image\/jpeg"}],"author":"Hatem Bourial","twitter_card":"summary_large_image","twitter_creator":"@webdo_tn","twitter_site":"@webdo_tn","twitter_misc":{"\u00c9crit par":"Hatem Bourial","Dur\u00e9e de lecture estim\u00e9e":"1 minute"},"schema":{"@context":"https:\/\/schema.org","@graph":[{"@type":"NewsArticle","@id":"https:\/\/www.webdo.tn\/fr\/actualite\/regions\/djerba-accueil-une-nouvelle-association-pour-decouvrir-l-ile-et-ses-environs\/209914\/#article","isPartOf":{"@id":"https:\/\/www.webdo.tn\/fr\/actualite\/regions\/djerba-accueil-une-nouvelle-association-pour-decouvrir-l-ile-et-ses-environs\/209914\/"},"author":{"name":"Hatem Bourial","@id":"https:\/\/www.webdo.tn\/fr\/#\/schema\/person\/6bc0beba2cd23aec27cb5df85ca2554f"},"headline":"Djerba Accueil : Une nouvelle association pour d\u00e9couvrir l&rsquo;\u00eele et ses environs","datePublished":"2023-11-06T13:48:00+00:00","mainEntityOfPage":{"@id":"https:\/\/www.webdo.tn\/fr\/actualite\/regions\/djerba-accueil-une-nouvelle-association-pour-decouvrir-l-ile-et-ses-environs\/209914\/"},"wordCount":170,"commentCount":0,"publisher":{"@id":"https:\/\/www.webdo.tn\/fr\/#organization"},"image":{"@id":"https:\/\/www.webdo.tn\/fr\/actualite\/regions\/djerba-accueil-une-nouvelle-association-pour-decouvrir-l-ile-et-ses-environs\/209914\/#primaryimage"},"thumbnailUrl":"https:\/\/www.webdo.tn\/fr\/wp-content\/uploads\/2023\/11\/f9f2d945cccffd51c46a7bce0550d6c1.jpg","keywords":["djerba","Tourisme"],"articleSection":["regions"],"inLanguage":"fr-FR"},{"@type":"WebPage","@id":"https:\/\/www.webdo.tn\/fr\/actualite\/regions\/djerba-accueil-une-nouvelle-association-pour-decouvrir-l-ile-et-ses-environs\/209914\/","url":"https:\/\/www.webdo.tn\/fr\/actualite\/regions\/djerba-accueil-une-nouvelle-association-pour-decouvrir-l-ile-et-ses-environs\/209914\/","name":"Djerba Accueil : Une nouvelle association pour d\u00e9couvrir l'\u00eele et ses environs","isPartOf":{"@id":"https:\/\/www.webdo.tn\/fr\/#website"},"primaryImageOfPage":{"@id":"https:\/\/www.webdo.tn\/fr\/actualite\/regions\/djerba-accueil-une-nouvelle-association-pour-decouvrir-l-ile-et-ses-environs\/209914\/#primaryimage"},"image":{"@id":"https:\/\/www.webdo.tn\/fr\/actualite\/regions\/djerba-accueil-une-nouvelle-association-pour-decouvrir-l-ile-et-ses-environs\/209914\/#primaryimage"},"thumbnailUrl":"https:\/\/www.webdo.tn\/fr\/wp-content\/uploads\/2023\/11\/f9f2d945cccffd51c46a7bce0550d6c1.jpg","datePublished":"2023-11-06T13:48:00+00:00","description":"Cette association qui vient de voir le jour est affili\u00e9e \u00e0 la F.I.A.F.E. (F\u00e9d\u00e9ration Internationale des Accueils des Francophones \u00e0 l'Etranger).","breadcrumb":{"@id":"https:\/\/www.webdo.tn\/fr\/actualite\/regions\/djerba-accueil-une-nouvelle-association-pour-decouvrir-l-ile-et-ses-environs\/209914\/#breadcrumb"},"inLanguage":"fr-FR","potentialAction":[{"@type":"ReadAction","target":["https:\/\/www.webdo.tn\/fr\/actualite\/regions\/djerba-accueil-une-nouvelle-association-pour-decouvrir-l-ile-et-ses-environs\/209914\/"]}]},{"@type":"ImageObject","inLanguage":"fr-FR","@id":"https:\/\/www.webdo.tn\/fr\/actualite\/regions\/djerba-accueil-une-nouvelle-association-pour-decouvrir-l-ile-et-ses-environs\/209914\/#primaryimage","url":"https:\/\/www.webdo.tn\/fr\/wp-content\/uploads\/2023\/11\/f9f2d945cccffd51c46a7bce0550d6c1.jpg","contentUrl":"https:\/\/www.webdo.tn\/fr\/wp-content\/uploads\/2023\/11\/f9f2d945cccffd51c46a7bce0550d6c1.jpg","width":500,"height":267,"caption":"Djerba Accueil : Une nouvelle association pour d\u00e9couvrir l'\u00eele et ses environs"},{"@type":"BreadcrumbList","@id":"https:\/\/www.webdo.tn\/fr\/actualite\/regions\/djerba-accueil-une-nouvelle-association-pour-decouvrir-l-ile-et-ses-environs\/209914\/#breadcrumb","itemListElement":[{"@type":"ListItem","position":1,"name":"Accueil","item":"https:\/\/www.webdo.tn\/fr\/"},{"@type":"ListItem","position":2,"name":"Djerba Accueil : Une nouvelle association pour d\u00e9couvrir l&rsquo;\u00eele et ses environs"}]},{"@type":"WebSite","@id":"https:\/\/www.webdo.tn\/fr\/#website","url":"https:\/\/www.webdo.tn\/fr\/","name":"webdo","description":"Tunisie - News en Tunisie et \u00e0 l&#039;international sur Webdo.tn","publisher":{"@id":"https:\/\/www.webdo.tn\/fr\/#organization"},"potentialAction":[{"@type":"SearchAction","target":{"@type":"EntryPoint","urlTemplate":"https:\/\/www.webdo.tn\/fr\/?s={search_term_string}"},"query-input":{"@type":"PropertyValueSpecification","valueRequired":true,"valueName":"search_term_string"}}],"inLanguage":"fr-FR"},{"@type":"Organization","@id":"https:\/\/www.webdo.tn\/fr\/#organization","name":"Webdo","alternateName":"Webdo.tn","url":"https:\/\/www.webdo.tn\/fr\/","logo":{"@type":"ImageObject","inLanguage":"fr-FR","@id":"https:\/\/www.webdo.tn\/fr\/#\/schema\/logo\/image\/","url":"https:\/\/www.webdo.tn\/fr\/wp-content\/uploads\/2025\/06\/Webdo-Tunisie_168377.jpg","contentUrl":"https:\/\/www.webdo.tn\/fr\/wp-content\/uploads\/2025\/06\/Webdo-Tunisie_168377.jpg","width":301,"height":301,"caption":"Webdo"},"image":{"@id":"https:\/\/www.webdo.tn\/fr\/#\/schema\/logo\/image\/"},"sameAs":["https:\/\/www.facebook.com\/webdotn","https:\/\/x.com\/webdo_tn"],"description":"Webdo est un m\u00e9dia num\u00e9rique tunisien fond\u00e9 en 2010, sp\u00e9cialis\u00e9 dans l\u2019actualit\u00e9 nationale et internationale, l\u2019\u00e9conomie, la soci\u00e9t\u00e9 et les analyses politiques. Le site s\u2019adresse \u00e0 un large public francophone et couvre l\u2019information tunisienne en temps r\u00e9el.","email":"redac@webdo.tn","legalName":"YNJ SARL","foundingDate":"2010-09-06","numberOfEmployees":{"@type":"QuantitativeValue","minValue":"11","maxValue":"50"}},{"@type":"Person","@id":"https:\/\/www.webdo.tn\/fr\/#\/schema\/person\/6bc0beba2cd23aec27cb5df85ca2554f","name":"Hatem Bourial","image":{"@type":"ImageObject","inLanguage":"fr-FR","@id":"https:\/\/www.webdo.tn\/fr\/wp-content\/uploads\/2026\/04\/hatem-bourial_avatar-96x96.jpg","url":"https:\/\/www.webdo.tn\/fr\/wp-content\/uploads\/2026\/04\/hatem-bourial_avatar-96x96.jpg","contentUrl":"https:\/\/www.webdo.tn\/fr\/wp-content\/uploads\/2026\/04\/hatem-bourial_avatar-96x96.jpg","caption":"Hatem Bourial"},"description":"Hatem Bourial est journaliste, \u00e9crivain et chroniqueur tunisien. Actif depuis plusieurs d\u00e9cennies, il s\u2019est impos\u00e9 comme un observateur attentif de la soci\u00e9t\u00e9 tunisienne, m\u00ealant dans ses \u00e9crits m\u00e9moire, culture et analyse du quotidien. Auteur de nombreux ouvrages, il d\u00e9veloppe une \u0153uvre \u00e0 la crois\u00e9e du r\u00e9cit, de la po\u00e9sie et de l\u2019observation sociologique. Parall\u00e8lement \u00e0 ses contributions dans la presse, il intervient r\u00e9guli\u00e8rement \u00e0 la radio et dans des espaces culturels, o\u00f9 il explore les enjeux li\u00e9s au patrimoine, \u00e0 l\u2019identit\u00e9 et aux transformations du monde contemporain. \u00c0 travers ses chroniques, Hatem Bourial propose une lecture sensible et approfondie de l\u2019actualit\u00e9, nourrie par une exp\u00e9rience journalistique et litt\u00e9raire reconnue. \ud83d\udd17 Facebook : https:\/\/www.facebook.com\/hatem.bourial.2025","sameAs":["https:\/\/www.facebook.com\/hatem.bourial.2025","https:\/\/fr.wikipedia.org\/wiki\/Fichier:Hatem_Bourial.jpg"],"knowsAbout":["Culture & patrimoine tunisien","Chronique soci\u00e9tale","Litt\u00e9rature & m\u00e9moire","Cin\u00e9ma & critique culturelle","Identit\u00e9 & mutations sociales"],"knowsLanguage":["Arabe","Fran\u00e7ais","Anglais","Italien","Polonais"],"jobTitle":"Journaliste, \u00e9crivain et chroniqueur culturel","worksFor":"Webdo","url":"https:\/\/www.webdo.tn\/fr\/actualite\/author\/hatem-bourial-2\/"}]}},"_links":{"self":[{"href":"https:\/\/www.webdo.tn\/fr\/wp-json\/wp\/v2\/posts\/209914","targetHints":{"allow":["GET"]}}],"collection":[{"href":"https:\/\/www.webdo.tn\/fr\/wp-json\/wp\/v2\/posts"}],"about":[{"href":"https:\/\/www.webdo.tn\/fr\/wp-json\/wp\/v2\/types\/post"}],"author":[{"embeddable":true,"href":"https:\/\/www.webdo.tn\/fr\/wp-json\/wp\/v2\/users\/3229"}],"replies":[{"embeddable":true,"href":"https:\/\/www.webdo.tn\/fr\/wp-json\/wp\/v2\/comments?post=209914"}],"version-history":[{"count":0,"href":"https:\/\/www.webdo.tn\/fr\/wp-json\/wp\/v2\/posts\/209914\/revisions"}],"wp:featuredmedia":[{"embeddable":true,"href":"https:\/\/www.webdo.tn\/fr\/wp-json\/wp\/v2\/media\/289816"}],"wp:attachment":[{"href":"https:\/\/www.webdo.tn\/fr\/wp-json\/wp\/v2\/media?parent=209914"}],"wp:term":[{"taxonomy":"category","embeddable":true,"href":"https:\/\/www.webdo.tn\/fr\/wp-json\/wp\/v2\/categories?post=209914"},{"taxonomy":"post_tag","embeddable":true,"href":"https:\/\/www.webdo.tn\/fr\/wp-json\/wp\/v2\/tags?post=209914"}],"curies":[{"name":"wp","href":"https:\/\/api.w.org\/{rel}","templated":true}]}}