{"id":209902,"date":"2023-11-05T17:18:00","date_gmt":"2023-11-05T17:18:00","guid":{"rendered":"https:\/\/www.webdo.tn\/fr\/blog\/ligue-1-9eme-j-l-etoile-accrochee-par-l-us-ben-guerdane\/209902\/"},"modified":"2025-05-20T22:39:46","modified_gmt":"2025-05-20T22:39:46","slug":"ligue-1-9eme-j-l-etoile-accrochee-par-l-us-ben-guerdane","status":"publish","type":"post","link":"https:\/\/www.webdo.tn\/fr\/actualite\/sport\/ligue-1-9eme-j-l-etoile-accrochee-par-l-us-ben-guerdane\/209902\/","title":{"rendered":"Ligue 1 &#8211; 9\u00e8me J. : L\u2019ESS accroch\u00e9e par l\u2019USBG"},"content":{"rendered":"<p>Pour le compte de la neuvi\u00e8me journ\u00e9e de Ligue 1, disput\u00e9e ce dimanche 5 novembre 2023, l&rsquo;Etoile sportive du Sahel a \u00e9t\u00e9 accroch\u00e9e par l&rsquo;Union sportive de Ben Guerdane.<\/p>\n<p>Sans solutions, les Etoil\u00e9s ont fait match nul (0-0) face \u00e0 l\u2019US Ben Guerdane qui n\u2019a pas trembl\u00e9 face aux attaques des visiteurs.\u00a0<\/p>\n<p>Dans l\u2019autre groupe B, le Club sportif sfaxien s\u2019est largement face \u00e0 l&rsquo;Avenir sportif de la Marsa (3-0). Barakat Hmidi (2&Prime;) Hazem Haj Hassan (82&Prime;) et Youssef Becha (93&Prime;) ont marqu\u00e9 les buts de la rencontre.\u00a0<\/p>\n<p>Dans le m\u00eame groupe l&rsquo;Union sportive monastirienne s&rsquo;est impos\u00e9e face au Club athl\u00e9tique bizertin (1-0). Le but a \u00e9t\u00e9 inscrit par Boubacar Traor\u00e9 \u00e0 la 35\u00e8me minute ce qui a permis aux locaux de conserver leur leadership.\u00a0<\/p>\n<p>\u00a0<\/p>\n<p>RESULTATS\u00a0<\/p>\n<p>\u00a0<\/p>\n<p>POULE A<\/p>\n<p>\tUS Ben Guerdane 0 0 Etoile du Sahel\u00a0<br \/>\n\tOlympique B\u00e9ja 0 1 Stade Tunisien\u00a0<br \/>\n\tEGS Gasfa 0 1 Club Africain\u00a0<\/p>\n<p>POULE B<\/p>\n<p>\tUS Monastir 1 0 CA Bizertin\u00a0<br \/>\n\tCS Sfaxien 3 \u00a00 AS Marsa\u00a0<\/p>\n<p>\u00a0<\/p>\n<p>\u00a0<\/p>\n<p>Classement Pts J V N D BP BC Dif<\/p>\n<p>POULE A<br \/>\n1. C. Africain 18 8 5 3 0 11 4 +7<br \/>\n2. ES Sahel 15 8 4 3 1 10 3 +7<br \/>\n3. S. Tunisien 14 8 4 2 2 11 7 +4<br \/>\n4. O. B\u00e9ja 13 8 4 1 3 7 9 -2<br \/>\n5. USB Guerdane 8 8 2 2 4 4 7 -3<br \/>\n6. EGS Gafsa 6 7 1 3 3 4 8 -4<br \/>\n7. AS Soliman 0 7 0 0 7 3 12 -9<\/p>\n<p>POULE B\u00a0<\/p>\n<p>1. US Monastir 16 7 5 1 1 12 7 +5<br \/>\n2. Esp\u00e9rance 13 5 4 1 0 8 3 +5<br \/>\n. CS Sfaxien 13 8 4 1 3 9 3 +6<br \/>\n4. ES M\u00e9tlaoui 9 7 2 3 2 8 8 0<br \/>\n5. CA Bizertin 6 7 1 3 3 2 6 -4<br \/>\n. US Tataouine 6 7 1 3 3 4 8 -4<br \/>\n7. AS Marsa 2 7 0 2 5 2 10 -8<\/p>\n","protected":false},"excerpt":{"rendered":"<p>Sans solutions, les Etoil\u00e9s ont fait match nul (0-0) face \u00e0 l\u2019US Ben Guerdane qui n\u2019a pas trembl\u00e9 face aux attaques des locaux.\u00a0<\/p>\n","protected":false},"author":3175,"featured_media":248870,"comment_status":"open","ping_status":"closed","sticky":false,"template":"","format":"standard","meta":{"footnotes":""},"categories":[2593],"tags":[2778,2622,2777,2608],"class_list":["post-209902","post","type-post","status-publish","format-standard","has-post-thumbnail","hentry","category-sport","tag-championnat","tag-football","tag-ligue-1","tag-tunisie"],"yoast_head":"<!-- This site is optimized with the Yoast SEO Premium plugin v27.4 (Yoast SEO v27.5) - https:\/\/yoast.com\/product\/yoast-seo-premium-wordpress\/ -->\n<title>Ligue 1 - 9\u00e8me J. : L\u2019ESS accroch\u00e9e par l\u2019USBG<\/title>\n<meta name=\"description\" content=\"Sans solutions, les Etoil\u00e9s ont fait match nul (0-0) face \u00e0 l\u2019US Ben Guerdane qui n\u2019a pas trembl\u00e9 face aux attaques des locaux.\u00a0\" \/>\n<link rel=\"canonical\" href=\"https:\/\/www.webdo.tn\/fr\/actualite\/sport\/ligue-1-9eme-j-l-etoile-accrochee-par-l-us-ben-guerdane\/209902\/\" \/>\n<meta property=\"og:locale\" content=\"fr_FR\" \/>\n<meta property=\"og:type\" content=\"article\" \/>\n<meta property=\"og:title\" content=\"Ligue 1 - 9\u00e8me J. : L\u2019ESS accroch\u00e9e par l\u2019USBG\" \/>\n<meta property=\"og:description\" content=\"Sans solutions, les Etoil\u00e9s ont fait match nul (0-0) face \u00e0 l\u2019US Ben Guerdane qui n\u2019a pas trembl\u00e9 face aux attaques des locaux.\u00a0\" \/>\n<meta property=\"og:url\" content=\"https:\/\/www.webdo.tn\/fr\/actualite\/sport\/ligue-1-9eme-j-l-etoile-accrochee-par-l-us-ben-guerdane\/209902\/\" \/>\n<meta property=\"og:site_name\" content=\"webdo\" \/>\n<meta property=\"article:publisher\" content=\"https:\/\/www.facebook.com\/webdotn\" \/>\n<meta property=\"article:published_time\" content=\"2023-11-05T17:18:00+00:00\" \/>\n<meta property=\"article:modified_time\" content=\"2025-05-20T22:39:46+00:00\" \/>\n<meta property=\"og:image\" content=\"https:\/\/www.webdo.tn\/fr\/wp-content\/uploads\/2023\/11\/ce1ba105bc20a855c904853eae8b1375.jpg\" \/>\n\t<meta property=\"og:image:width\" content=\"750\" \/>\n\t<meta property=\"og:image:height\" content=\"400\" \/>\n\t<meta property=\"og:image:type\" content=\"image\/jpeg\" \/>\n<meta name=\"author\" content=\"CL\" \/>\n<meta name=\"twitter:card\" content=\"summary_large_image\" \/>\n<meta name=\"twitter:creator\" content=\"@webdo_tn\" \/>\n<meta name=\"twitter:site\" content=\"@webdo_tn\" \/>\n<meta name=\"twitter:label1\" content=\"\u00c9crit par\" \/>\n\t<meta name=\"twitter:data1\" content=\"CL\" \/>\n\t<meta name=\"twitter:label2\" content=\"Dur\u00e9e de lecture estim\u00e9e\" \/>\n\t<meta name=\"twitter:data2\" content=\"1 minute\" \/>\n<script type=\"application\/ld+json\" class=\"yoast-schema-graph\">{\"@context\":\"https:\\\/\\\/schema.org\",\"@graph\":[{\"@type\":\"NewsArticle\",\"@id\":\"https:\\\/\\\/www.webdo.tn\\\/fr\\\/actualite\\\/sport\\\/ligue-1-9eme-j-l-etoile-accrochee-par-l-us-ben-guerdane\\\/209902\\\/#article\",\"isPartOf\":{\"@id\":\"https:\\\/\\\/www.webdo.tn\\\/fr\\\/actualite\\\/sport\\\/ligue-1-9eme-j-l-etoile-accrochee-par-l-us-ben-guerdane\\\/209902\\\/\"},\"author\":{\"name\":\"CL\",\"@id\":\"https:\\\/\\\/www.webdo.tn\\\/fr\\\/#\\\/schema\\\/person\\\/f35b42a42c5e2511bbd282959d6385cc\"},\"headline\":\"Ligue 1 &#8211; 9\u00e8me J. : L\u2019ESS accroch\u00e9e par l\u2019USBG\",\"datePublished\":\"2023-11-05T17:18:00+00:00\",\"dateModified\":\"2025-05-20T22:39:46+00:00\",\"mainEntityOfPage\":{\"@id\":\"https:\\\/\\\/www.webdo.tn\\\/fr\\\/actualite\\\/sport\\\/ligue-1-9eme-j-l-etoile-accrochee-par-l-us-ben-guerdane\\\/209902\\\/\"},\"wordCount\":222,\"commentCount\":0,\"publisher\":{\"@id\":\"https:\\\/\\\/www.webdo.tn\\\/fr\\\/#organization\"},\"image\":{\"@id\":\"https:\\\/\\\/www.webdo.tn\\\/fr\\\/actualite\\\/sport\\\/ligue-1-9eme-j-l-etoile-accrochee-par-l-us-ben-guerdane\\\/209902\\\/#primaryimage\"},\"thumbnailUrl\":\"https:\\\/\\\/www.webdo.tn\\\/fr\\\/wp-content\\\/uploads\\\/2023\\\/11\\\/ce1ba105bc20a855c904853eae8b1375.jpg\",\"keywords\":[\"championnat\",\"football\",\"Ligue 1\",\"Tunisie\"],\"articleSection\":[\"Sport\"],\"inLanguage\":\"fr-FR\"},{\"@type\":\"WebPage\",\"@id\":\"https:\\\/\\\/www.webdo.tn\\\/fr\\\/actualite\\\/sport\\\/ligue-1-9eme-j-l-etoile-accrochee-par-l-us-ben-guerdane\\\/209902\\\/\",\"url\":\"https:\\\/\\\/www.webdo.tn\\\/fr\\\/actualite\\\/sport\\\/ligue-1-9eme-j-l-etoile-accrochee-par-l-us-ben-guerdane\\\/209902\\\/\",\"name\":\"Ligue 1 - 9\u00e8me J. : L\u2019ESS accroch\u00e9e par l\u2019USBG\",\"isPartOf\":{\"@id\":\"https:\\\/\\\/www.webdo.tn\\\/fr\\\/#website\"},\"primaryImageOfPage\":{\"@id\":\"https:\\\/\\\/www.webdo.tn\\\/fr\\\/actualite\\\/sport\\\/ligue-1-9eme-j-l-etoile-accrochee-par-l-us-ben-guerdane\\\/209902\\\/#primaryimage\"},\"image\":{\"@id\":\"https:\\\/\\\/www.webdo.tn\\\/fr\\\/actualite\\\/sport\\\/ligue-1-9eme-j-l-etoile-accrochee-par-l-us-ben-guerdane\\\/209902\\\/#primaryimage\"},\"thumbnailUrl\":\"https:\\\/\\\/www.webdo.tn\\\/fr\\\/wp-content\\\/uploads\\\/2023\\\/11\\\/ce1ba105bc20a855c904853eae8b1375.jpg\",\"datePublished\":\"2023-11-05T17:18:00+00:00\",\"dateModified\":\"2025-05-20T22:39:46+00:00\",\"description\":\"Sans solutions, les Etoil\u00e9s ont fait match nul (0-0) face \u00e0 l\u2019US Ben Guerdane qui n\u2019a pas trembl\u00e9 face aux attaques des locaux.\u00a0\",\"breadcrumb\":{\"@id\":\"https:\\\/\\\/www.webdo.tn\\\/fr\\\/actualite\\\/sport\\\/ligue-1-9eme-j-l-etoile-accrochee-par-l-us-ben-guerdane\\\/209902\\\/#breadcrumb\"},\"inLanguage\":\"fr-FR\",\"potentialAction\":[{\"@type\":\"ReadAction\",\"target\":[\"https:\\\/\\\/www.webdo.tn\\\/fr\\\/actualite\\\/sport\\\/ligue-1-9eme-j-l-etoile-accrochee-par-l-us-ben-guerdane\\\/209902\\\/\"]}]},{\"@type\":\"ImageObject\",\"inLanguage\":\"fr-FR\",\"@id\":\"https:\\\/\\\/www.webdo.tn\\\/fr\\\/actualite\\\/sport\\\/ligue-1-9eme-j-l-etoile-accrochee-par-l-us-ben-guerdane\\\/209902\\\/#primaryimage\",\"url\":\"https:\\\/\\\/www.webdo.tn\\\/fr\\\/wp-content\\\/uploads\\\/2023\\\/11\\\/ce1ba105bc20a855c904853eae8b1375.jpg\",\"contentUrl\":\"https:\\\/\\\/www.webdo.tn\\\/fr\\\/wp-content\\\/uploads\\\/2023\\\/11\\\/ce1ba105bc20a855c904853eae8b1375.jpg\",\"width\":750,\"height\":400,\"caption\":\"Ligue 1 - 9\u00e8me J. : L\u2019ESS accroch\u00e9e par l\u2019USBG\"},{\"@type\":\"BreadcrumbList\",\"@id\":\"https:\\\/\\\/www.webdo.tn\\\/fr\\\/actualite\\\/sport\\\/ligue-1-9eme-j-l-etoile-accrochee-par-l-us-ben-guerdane\\\/209902\\\/#breadcrumb\",\"itemListElement\":[{\"@type\":\"ListItem\",\"position\":1,\"name\":\"Accueil\",\"item\":\"https:\\\/\\\/www.webdo.tn\\\/fr\\\/\"},{\"@type\":\"ListItem\",\"position\":2,\"name\":\"Ligue 1 &#8211; 9\u00e8me J. : L\u2019ESS accroch\u00e9e par l\u2019USBG\"}]},{\"@type\":\"WebSite\",\"@id\":\"https:\\\/\\\/www.webdo.tn\\\/fr\\\/#website\",\"url\":\"https:\\\/\\\/www.webdo.tn\\\/fr\\\/\",\"name\":\"webdo\",\"description\":\"Tunisie - News en Tunisie et \u00e0 l&#039;international sur Webdo.tn\",\"publisher\":{\"@id\":\"https:\\\/\\\/www.webdo.tn\\\/fr\\\/#organization\"},\"potentialAction\":[{\"@type\":\"SearchAction\",\"target\":{\"@type\":\"EntryPoint\",\"urlTemplate\":\"https:\\\/\\\/www.webdo.tn\\\/fr\\\/?s={search_term_string}\"},\"query-input\":{\"@type\":\"PropertyValueSpecification\",\"valueRequired\":true,\"valueName\":\"search_term_string\"}}],\"inLanguage\":\"fr-FR\"},{\"@type\":\"Organization\",\"@id\":\"https:\\\/\\\/www.webdo.tn\\\/fr\\\/#organization\",\"name\":\"Webdo\",\"alternateName\":\"Webdo.tn\",\"url\":\"https:\\\/\\\/www.webdo.tn\\\/fr\\\/\",\"logo\":{\"@type\":\"ImageObject\",\"inLanguage\":\"fr-FR\",\"@id\":\"https:\\\/\\\/www.webdo.tn\\\/fr\\\/#\\\/schema\\\/logo\\\/image\\\/\",\"url\":\"https:\\\/\\\/www.webdo.tn\\\/fr\\\/wp-content\\\/uploads\\\/2025\\\/06\\\/Webdo-Tunisie_168377.jpg\",\"contentUrl\":\"https:\\\/\\\/www.webdo.tn\\\/fr\\\/wp-content\\\/uploads\\\/2025\\\/06\\\/Webdo-Tunisie_168377.jpg\",\"width\":301,\"height\":301,\"caption\":\"Webdo\"},\"image\":{\"@id\":\"https:\\\/\\\/www.webdo.tn\\\/fr\\\/#\\\/schema\\\/logo\\\/image\\\/\"},\"sameAs\":[\"https:\\\/\\\/www.facebook.com\\\/webdotn\",\"https:\\\/\\\/x.com\\\/webdo_tn\"],\"description\":\"Webdo est un m\u00e9dia num\u00e9rique tunisien fond\u00e9 en 2010, sp\u00e9cialis\u00e9 dans l\u2019actualit\u00e9 nationale et internationale, l\u2019\u00e9conomie, la soci\u00e9t\u00e9 et les analyses politiques. Le site s\u2019adresse \u00e0 un large public francophone et couvre l\u2019information tunisienne en temps r\u00e9el.\",\"email\":\"redac@webdo.tn\",\"legalName\":\"YNJ SARL\",\"foundingDate\":\"2010-09-06\",\"numberOfEmployees\":{\"@type\":\"QuantitativeValue\",\"minValue\":\"11\",\"maxValue\":\"50\"}},{\"@type\":\"Person\",\"@id\":\"https:\\\/\\\/www.webdo.tn\\\/fr\\\/#\\\/schema\\\/person\\\/f35b42a42c5e2511bbd282959d6385cc\",\"name\":\"CL\",\"image\":{\"@type\":\"ImageObject\",\"inLanguage\":\"fr-FR\",\"@id\":\"https:\\\/\\\/secure.gravatar.com\\\/avatar\\\/1447a49909b67aa657c488aec6512e1dd6143a480c1ecfee9b5b5cd74eb3b59e?s=96&d=mm&r=g\",\"url\":\"https:\\\/\\\/secure.gravatar.com\\\/avatar\\\/1447a49909b67aa657c488aec6512e1dd6143a480c1ecfee9b5b5cd74eb3b59e?s=96&d=mm&r=g\",\"contentUrl\":\"https:\\\/\\\/secure.gravatar.com\\\/avatar\\\/1447a49909b67aa657c488aec6512e1dd6143a480c1ecfee9b5b5cd74eb3b59e?s=96&d=mm&r=g\",\"caption\":\"CL\"},\"url\":\"https:\\\/\\\/www.webdo.tn\\\/fr\\\/actualite\\\/author\\\/cl\\\/\"}]}<\/script>\n<!-- \/ Yoast SEO Premium plugin. -->","yoast_head_json":{"title":"Ligue 1 - 9\u00e8me J. : L\u2019ESS accroch\u00e9e par l\u2019USBG","description":"Sans solutions, les Etoil\u00e9s ont fait match nul (0-0) face \u00e0 l\u2019US Ben Guerdane qui n\u2019a pas trembl\u00e9 face aux attaques des locaux.\u00a0","canonical":"https:\/\/www.webdo.tn\/fr\/actualite\/sport\/ligue-1-9eme-j-l-etoile-accrochee-par-l-us-ben-guerdane\/209902\/","og_locale":"fr_FR","og_type":"article","og_title":"Ligue 1 - 9\u00e8me J. : L\u2019ESS accroch\u00e9e par l\u2019USBG","og_description":"Sans solutions, les Etoil\u00e9s ont fait match nul (0-0) face \u00e0 l\u2019US Ben Guerdane qui n\u2019a pas trembl\u00e9 face aux attaques des locaux.\u00a0","og_url":"https:\/\/www.webdo.tn\/fr\/actualite\/sport\/ligue-1-9eme-j-l-etoile-accrochee-par-l-us-ben-guerdane\/209902\/","og_site_name":"webdo","article_publisher":"https:\/\/www.facebook.com\/webdotn","article_published_time":"2023-11-05T17:18:00+00:00","article_modified_time":"2025-05-20T22:39:46+00:00","og_image":[{"width":750,"height":400,"url":"https:\/\/www.webdo.tn\/fr\/wp-content\/uploads\/2023\/11\/ce1ba105bc20a855c904853eae8b1375.jpg","type":"image\/jpeg"}],"author":"CL","twitter_card":"summary_large_image","twitter_creator":"@webdo_tn","twitter_site":"@webdo_tn","twitter_misc":{"\u00c9crit par":"CL","Dur\u00e9e de lecture estim\u00e9e":"1 minute"},"schema":{"@context":"https:\/\/schema.org","@graph":[{"@type":"NewsArticle","@id":"https:\/\/www.webdo.tn\/fr\/actualite\/sport\/ligue-1-9eme-j-l-etoile-accrochee-par-l-us-ben-guerdane\/209902\/#article","isPartOf":{"@id":"https:\/\/www.webdo.tn\/fr\/actualite\/sport\/ligue-1-9eme-j-l-etoile-accrochee-par-l-us-ben-guerdane\/209902\/"},"author":{"name":"CL","@id":"https:\/\/www.webdo.tn\/fr\/#\/schema\/person\/f35b42a42c5e2511bbd282959d6385cc"},"headline":"Ligue 1 &#8211; 9\u00e8me J. : L\u2019ESS accroch\u00e9e par l\u2019USBG","datePublished":"2023-11-05T17:18:00+00:00","dateModified":"2025-05-20T22:39:46+00:00","mainEntityOfPage":{"@id":"https:\/\/www.webdo.tn\/fr\/actualite\/sport\/ligue-1-9eme-j-l-etoile-accrochee-par-l-us-ben-guerdane\/209902\/"},"wordCount":222,"commentCount":0,"publisher":{"@id":"https:\/\/www.webdo.tn\/fr\/#organization"},"image":{"@id":"https:\/\/www.webdo.tn\/fr\/actualite\/sport\/ligue-1-9eme-j-l-etoile-accrochee-par-l-us-ben-guerdane\/209902\/#primaryimage"},"thumbnailUrl":"https:\/\/www.webdo.tn\/fr\/wp-content\/uploads\/2023\/11\/ce1ba105bc20a855c904853eae8b1375.jpg","keywords":["championnat","football","Ligue 1","Tunisie"],"articleSection":["Sport"],"inLanguage":"fr-FR"},{"@type":"WebPage","@id":"https:\/\/www.webdo.tn\/fr\/actualite\/sport\/ligue-1-9eme-j-l-etoile-accrochee-par-l-us-ben-guerdane\/209902\/","url":"https:\/\/www.webdo.tn\/fr\/actualite\/sport\/ligue-1-9eme-j-l-etoile-accrochee-par-l-us-ben-guerdane\/209902\/","name":"Ligue 1 - 9\u00e8me J. : L\u2019ESS accroch\u00e9e par l\u2019USBG","isPartOf":{"@id":"https:\/\/www.webdo.tn\/fr\/#website"},"primaryImageOfPage":{"@id":"https:\/\/www.webdo.tn\/fr\/actualite\/sport\/ligue-1-9eme-j-l-etoile-accrochee-par-l-us-ben-guerdane\/209902\/#primaryimage"},"image":{"@id":"https:\/\/www.webdo.tn\/fr\/actualite\/sport\/ligue-1-9eme-j-l-etoile-accrochee-par-l-us-ben-guerdane\/209902\/#primaryimage"},"thumbnailUrl":"https:\/\/www.webdo.tn\/fr\/wp-content\/uploads\/2023\/11\/ce1ba105bc20a855c904853eae8b1375.jpg","datePublished":"2023-11-05T17:18:00+00:00","dateModified":"2025-05-20T22:39:46+00:00","description":"Sans solutions, les Etoil\u00e9s ont fait match nul (0-0) face \u00e0 l\u2019US Ben Guerdane qui n\u2019a pas trembl\u00e9 face aux attaques des locaux.\u00a0","breadcrumb":{"@id":"https:\/\/www.webdo.tn\/fr\/actualite\/sport\/ligue-1-9eme-j-l-etoile-accrochee-par-l-us-ben-guerdane\/209902\/#breadcrumb"},"inLanguage":"fr-FR","potentialAction":[{"@type":"ReadAction","target":["https:\/\/www.webdo.tn\/fr\/actualite\/sport\/ligue-1-9eme-j-l-etoile-accrochee-par-l-us-ben-guerdane\/209902\/"]}]},{"@type":"ImageObject","inLanguage":"fr-FR","@id":"https:\/\/www.webdo.tn\/fr\/actualite\/sport\/ligue-1-9eme-j-l-etoile-accrochee-par-l-us-ben-guerdane\/209902\/#primaryimage","url":"https:\/\/www.webdo.tn\/fr\/wp-content\/uploads\/2023\/11\/ce1ba105bc20a855c904853eae8b1375.jpg","contentUrl":"https:\/\/www.webdo.tn\/fr\/wp-content\/uploads\/2023\/11\/ce1ba105bc20a855c904853eae8b1375.jpg","width":750,"height":400,"caption":"Ligue 1 - 9\u00e8me J. : L\u2019ESS accroch\u00e9e par l\u2019USBG"},{"@type":"BreadcrumbList","@id":"https:\/\/www.webdo.tn\/fr\/actualite\/sport\/ligue-1-9eme-j-l-etoile-accrochee-par-l-us-ben-guerdane\/209902\/#breadcrumb","itemListElement":[{"@type":"ListItem","position":1,"name":"Accueil","item":"https:\/\/www.webdo.tn\/fr\/"},{"@type":"ListItem","position":2,"name":"Ligue 1 &#8211; 9\u00e8me J. : L\u2019ESS accroch\u00e9e par l\u2019USBG"}]},{"@type":"WebSite","@id":"https:\/\/www.webdo.tn\/fr\/#website","url":"https:\/\/www.webdo.tn\/fr\/","name":"webdo","description":"Tunisie - News en Tunisie et \u00e0 l&#039;international sur Webdo.tn","publisher":{"@id":"https:\/\/www.webdo.tn\/fr\/#organization"},"potentialAction":[{"@type":"SearchAction","target":{"@type":"EntryPoint","urlTemplate":"https:\/\/www.webdo.tn\/fr\/?s={search_term_string}"},"query-input":{"@type":"PropertyValueSpecification","valueRequired":true,"valueName":"search_term_string"}}],"inLanguage":"fr-FR"},{"@type":"Organization","@id":"https:\/\/www.webdo.tn\/fr\/#organization","name":"Webdo","alternateName":"Webdo.tn","url":"https:\/\/www.webdo.tn\/fr\/","logo":{"@type":"ImageObject","inLanguage":"fr-FR","@id":"https:\/\/www.webdo.tn\/fr\/#\/schema\/logo\/image\/","url":"https:\/\/www.webdo.tn\/fr\/wp-content\/uploads\/2025\/06\/Webdo-Tunisie_168377.jpg","contentUrl":"https:\/\/www.webdo.tn\/fr\/wp-content\/uploads\/2025\/06\/Webdo-Tunisie_168377.jpg","width":301,"height":301,"caption":"Webdo"},"image":{"@id":"https:\/\/www.webdo.tn\/fr\/#\/schema\/logo\/image\/"},"sameAs":["https:\/\/www.facebook.com\/webdotn","https:\/\/x.com\/webdo_tn"],"description":"Webdo est un m\u00e9dia num\u00e9rique tunisien fond\u00e9 en 2010, sp\u00e9cialis\u00e9 dans l\u2019actualit\u00e9 nationale et internationale, l\u2019\u00e9conomie, la soci\u00e9t\u00e9 et les analyses politiques. Le site s\u2019adresse \u00e0 un large public francophone et couvre l\u2019information tunisienne en temps r\u00e9el.","email":"redac@webdo.tn","legalName":"YNJ SARL","foundingDate":"2010-09-06","numberOfEmployees":{"@type":"QuantitativeValue","minValue":"11","maxValue":"50"}},{"@type":"Person","@id":"https:\/\/www.webdo.tn\/fr\/#\/schema\/person\/f35b42a42c5e2511bbd282959d6385cc","name":"CL","image":{"@type":"ImageObject","inLanguage":"fr-FR","@id":"https:\/\/secure.gravatar.com\/avatar\/1447a49909b67aa657c488aec6512e1dd6143a480c1ecfee9b5b5cd74eb3b59e?s=96&d=mm&r=g","url":"https:\/\/secure.gravatar.com\/avatar\/1447a49909b67aa657c488aec6512e1dd6143a480c1ecfee9b5b5cd74eb3b59e?s=96&d=mm&r=g","contentUrl":"https:\/\/secure.gravatar.com\/avatar\/1447a49909b67aa657c488aec6512e1dd6143a480c1ecfee9b5b5cd74eb3b59e?s=96&d=mm&r=g","caption":"CL"},"url":"https:\/\/www.webdo.tn\/fr\/actualite\/author\/cl\/"}]}},"_links":{"self":[{"href":"https:\/\/www.webdo.tn\/fr\/wp-json\/wp\/v2\/posts\/209902","targetHints":{"allow":["GET"]}}],"collection":[{"href":"https:\/\/www.webdo.tn\/fr\/wp-json\/wp\/v2\/posts"}],"about":[{"href":"https:\/\/www.webdo.tn\/fr\/wp-json\/wp\/v2\/types\/post"}],"author":[{"embeddable":true,"href":"https:\/\/www.webdo.tn\/fr\/wp-json\/wp\/v2\/users\/3175"}],"replies":[{"embeddable":true,"href":"https:\/\/www.webdo.tn\/fr\/wp-json\/wp\/v2\/comments?post=209902"}],"version-history":[{"count":0,"href":"https:\/\/www.webdo.tn\/fr\/wp-json\/wp\/v2\/posts\/209902\/revisions"}],"wp:featuredmedia":[{"embeddable":true,"href":"https:\/\/www.webdo.tn\/fr\/wp-json\/wp\/v2\/media\/248870"}],"wp:attachment":[{"href":"https:\/\/www.webdo.tn\/fr\/wp-json\/wp\/v2\/media?parent=209902"}],"wp:term":[{"taxonomy":"category","embeddable":true,"href":"https:\/\/www.webdo.tn\/fr\/wp-json\/wp\/v2\/categories?post=209902"},{"taxonomy":"post_tag","embeddable":true,"href":"https:\/\/www.webdo.tn\/fr\/wp-json\/wp\/v2\/tags?post=209902"}],"curies":[{"name":"wp","href":"https:\/\/api.w.org\/{rel}","templated":true}]}}