{"id":209896,"date":"2023-11-05T10:35:00","date_gmt":"2023-11-05T10:35:00","guid":{"rendered":"https:\/\/www.webdo.tn\/fr\/blog\/tunis-deux-medecins-impliques-dans-le-trafic-de-drogues\/209896\/"},"modified":"2025-05-20T22:39:45","modified_gmt":"2025-05-20T22:39:45","slug":"tunis-deux-medecins-impliques-dans-le-trafic-de-drogues","status":"publish","type":"post","link":"https:\/\/www.webdo.tn\/fr\/actualite\/national\/tunis-deux-medecins-impliques-dans-le-trafic-de-drogues\/209896\/","title":{"rendered":"Tunis : Deux m\u00e9decins impliqu\u00e9s dans le trafic de drogues"},"content":{"rendered":"<p>Les unit\u00e9s police sont parvenues \u00e0 d\u00e9manteler un r\u00e9seau international de trafic de drogues op\u00e9rant \u00e0 Tunis.\u00a0<\/p>\n<p>Selon Mosa\u00efque FM, l\u2019enqu\u00eate a cibl\u00e9 un pr\u00e9parateur de pharmacie travaillant dans une pharmacie \u00e0 Tunis et qui est impliqu\u00e9 dans le trafic de stup\u00e9fiants de nature chimique.\u00a0<\/p>\n<p>Arr\u00eat\u00e9, cet individu a reconnu avoir trafiqu\u00e9 de la drogue en faisant usage d\u2019ordonnances m\u00e9dicales. Deux m\u00e9decins sont \u00e9galement impliqu\u00e9s dans ce r\u00e9seau, a-t-il reconnu, rapporte Mosa\u00efque FM.\u00a0<\/p>\n<p>Notons qu\u2019une descente effectu\u00e9e dans le domicile du principal suspect a permis la saisie de grande quantit\u00e9 de comprim\u00e9s utilis\u00e9s comme drogue psychoactive.<\/p>\n","protected":false},"excerpt":{"rendered":"<p>Selon Mosa\u00efque FM, l\u2019enqu\u00eate a cibl\u00e9 un pr\u00e9parateur de pharmacie travaillant dans une pharmacie \u00e0 Tunis et qui est impliqu\u00e9 dans le trafic de stup\u00e9fiants de nat&#8230;<\/p>\n","protected":false},"author":3175,"featured_media":248866,"comment_status":"open","ping_status":"closed","sticky":false,"template":"","format":"standard","meta":{"footnotes":""},"categories":[44],"tags":[3689,2701,3688,2640,2608],"class_list":["post-209896","post","type-post","status-publish","format-standard","has-post-thumbnail","hentry","category-national","tag-drogues","tag-medecins","tag-trafic","tag-tunis","tag-tunisie"],"yoast_head":"<!-- This site is optimized with the Yoast SEO Premium plugin v27.5 (Yoast SEO v27.5) - https:\/\/yoast.com\/product\/yoast-seo-premium-wordpress\/ -->\n<title>Tunis : Deux m\u00e9decins impliqu\u00e9s dans le trafic de drogues<\/title>\n<meta name=\"description\" content=\"Selon Mosa\u00efque FM, l\u2019enqu\u00eate a cibl\u00e9 un pr\u00e9parateur de pharmacie travaillant dans une pharmacie \u00e0 Tunis et qui est impliqu\u00e9 dans le trafic de stup\u00e9fiants de nat...\" \/>\n<link rel=\"canonical\" href=\"https:\/\/www.webdo.tn\/fr\/actualite\/national\/tunis-deux-medecins-impliques-dans-le-trafic-de-drogues\/209896\/\" \/>\n<meta property=\"og:locale\" content=\"fr_FR\" \/>\n<meta property=\"og:type\" content=\"article\" \/>\n<meta property=\"og:title\" content=\"Tunis : Deux m\u00e9decins impliqu\u00e9s dans le trafic de drogues\" \/>\n<meta property=\"og:description\" content=\"Selon Mosa\u00efque FM, l\u2019enqu\u00eate a cibl\u00e9 un pr\u00e9parateur de pharmacie travaillant dans une pharmacie \u00e0 Tunis et qui est impliqu\u00e9 dans le trafic de stup\u00e9fiants de nat...\" \/>\n<meta property=\"og:url\" content=\"https:\/\/www.webdo.tn\/fr\/actualite\/national\/tunis-deux-medecins-impliques-dans-le-trafic-de-drogues\/209896\/\" \/>\n<meta property=\"og:site_name\" content=\"webdo\" \/>\n<meta property=\"article:publisher\" content=\"https:\/\/www.facebook.com\/webdotn\" \/>\n<meta property=\"article:published_time\" content=\"2023-11-05T10:35:00+00:00\" \/>\n<meta property=\"article:modified_time\" content=\"2025-05-20T22:39:45+00:00\" \/>\n<meta property=\"og:image\" content=\"https:\/\/www.webdo.tn\/fr\/wp-content\/uploads\/2023\/11\/38af5ea2d9fcd52e336d4301f0c8a2da.png\" \/>\n\t<meta property=\"og:image:width\" content=\"750\" \/>\n\t<meta property=\"og:image:height\" content=\"400\" \/>\n\t<meta property=\"og:image:type\" content=\"image\/png\" \/>\n<meta name=\"author\" content=\"CL\" \/>\n<meta name=\"twitter:card\" content=\"summary_large_image\" \/>\n<meta name=\"twitter:creator\" content=\"@webdo_tn\" \/>\n<meta name=\"twitter:site\" content=\"@webdo_tn\" \/>\n<meta name=\"twitter:label1\" content=\"\u00c9crit par\" \/>\n\t<meta name=\"twitter:data1\" content=\"CL\" \/>\n\t<meta name=\"twitter:label2\" content=\"Dur\u00e9e de lecture estim\u00e9e\" \/>\n\t<meta name=\"twitter:data2\" content=\"1 minute\" \/>\n<script type=\"application\/ld+json\" class=\"yoast-schema-graph\">{\"@context\":\"https:\\\/\\\/schema.org\",\"@graph\":[{\"@type\":\"NewsArticle\",\"@id\":\"https:\\\/\\\/www.webdo.tn\\\/fr\\\/actualite\\\/national\\\/tunis-deux-medecins-impliques-dans-le-trafic-de-drogues\\\/209896\\\/#article\",\"isPartOf\":{\"@id\":\"https:\\\/\\\/www.webdo.tn\\\/fr\\\/actualite\\\/national\\\/tunis-deux-medecins-impliques-dans-le-trafic-de-drogues\\\/209896\\\/\"},\"author\":{\"name\":\"CL\",\"@id\":\"https:\\\/\\\/www.webdo.tn\\\/fr\\\/#\\\/schema\\\/person\\\/f35b42a42c5e2511bbd282959d6385cc\"},\"headline\":\"Tunis : Deux m\u00e9decins impliqu\u00e9s dans le trafic de drogues\",\"datePublished\":\"2023-11-05T10:35:00+00:00\",\"dateModified\":\"2025-05-20T22:39:45+00:00\",\"mainEntityOfPage\":{\"@id\":\"https:\\\/\\\/www.webdo.tn\\\/fr\\\/actualite\\\/national\\\/tunis-deux-medecins-impliques-dans-le-trafic-de-drogues\\\/209896\\\/\"},\"wordCount\":124,\"commentCount\":0,\"publisher\":{\"@id\":\"https:\\\/\\\/www.webdo.tn\\\/fr\\\/#organization\"},\"image\":{\"@id\":\"https:\\\/\\\/www.webdo.tn\\\/fr\\\/actualite\\\/national\\\/tunis-deux-medecins-impliques-dans-le-trafic-de-drogues\\\/209896\\\/#primaryimage\"},\"thumbnailUrl\":\"https:\\\/\\\/www.webdo.tn\\\/fr\\\/wp-content\\\/uploads\\\/2023\\\/11\\\/38af5ea2d9fcd52e336d4301f0c8a2da.png\",\"keywords\":[\"Drogues\",\"m\u00e9decins\",\"trafic\",\"Tunis\",\"Tunisie\"],\"articleSection\":[\"National\"],\"inLanguage\":\"fr-FR\"},{\"@type\":\"WebPage\",\"@id\":\"https:\\\/\\\/www.webdo.tn\\\/fr\\\/actualite\\\/national\\\/tunis-deux-medecins-impliques-dans-le-trafic-de-drogues\\\/209896\\\/\",\"url\":\"https:\\\/\\\/www.webdo.tn\\\/fr\\\/actualite\\\/national\\\/tunis-deux-medecins-impliques-dans-le-trafic-de-drogues\\\/209896\\\/\",\"name\":\"Tunis : Deux m\u00e9decins impliqu\u00e9s dans le trafic de drogues\",\"isPartOf\":{\"@id\":\"https:\\\/\\\/www.webdo.tn\\\/fr\\\/#website\"},\"primaryImageOfPage\":{\"@id\":\"https:\\\/\\\/www.webdo.tn\\\/fr\\\/actualite\\\/national\\\/tunis-deux-medecins-impliques-dans-le-trafic-de-drogues\\\/209896\\\/#primaryimage\"},\"image\":{\"@id\":\"https:\\\/\\\/www.webdo.tn\\\/fr\\\/actualite\\\/national\\\/tunis-deux-medecins-impliques-dans-le-trafic-de-drogues\\\/209896\\\/#primaryimage\"},\"thumbnailUrl\":\"https:\\\/\\\/www.webdo.tn\\\/fr\\\/wp-content\\\/uploads\\\/2023\\\/11\\\/38af5ea2d9fcd52e336d4301f0c8a2da.png\",\"datePublished\":\"2023-11-05T10:35:00+00:00\",\"dateModified\":\"2025-05-20T22:39:45+00:00\",\"description\":\"Selon Mosa\u00efque FM, l\u2019enqu\u00eate a cibl\u00e9 un pr\u00e9parateur de pharmacie travaillant dans une pharmacie \u00e0 Tunis et qui est impliqu\u00e9 dans le trafic de stup\u00e9fiants de nat...\",\"breadcrumb\":{\"@id\":\"https:\\\/\\\/www.webdo.tn\\\/fr\\\/actualite\\\/national\\\/tunis-deux-medecins-impliques-dans-le-trafic-de-drogues\\\/209896\\\/#breadcrumb\"},\"inLanguage\":\"fr-FR\",\"potentialAction\":[{\"@type\":\"ReadAction\",\"target\":[\"https:\\\/\\\/www.webdo.tn\\\/fr\\\/actualite\\\/national\\\/tunis-deux-medecins-impliques-dans-le-trafic-de-drogues\\\/209896\\\/\"]}]},{\"@type\":\"ImageObject\",\"inLanguage\":\"fr-FR\",\"@id\":\"https:\\\/\\\/www.webdo.tn\\\/fr\\\/actualite\\\/national\\\/tunis-deux-medecins-impliques-dans-le-trafic-de-drogues\\\/209896\\\/#primaryimage\",\"url\":\"https:\\\/\\\/www.webdo.tn\\\/fr\\\/wp-content\\\/uploads\\\/2023\\\/11\\\/38af5ea2d9fcd52e336d4301f0c8a2da.png\",\"contentUrl\":\"https:\\\/\\\/www.webdo.tn\\\/fr\\\/wp-content\\\/uploads\\\/2023\\\/11\\\/38af5ea2d9fcd52e336d4301f0c8a2da.png\",\"width\":750,\"height\":400,\"caption\":\"Tunis : Deux m\u00e9decins impliqu\u00e9s dans le trafic de drogues\"},{\"@type\":\"BreadcrumbList\",\"@id\":\"https:\\\/\\\/www.webdo.tn\\\/fr\\\/actualite\\\/national\\\/tunis-deux-medecins-impliques-dans-le-trafic-de-drogues\\\/209896\\\/#breadcrumb\",\"itemListElement\":[{\"@type\":\"ListItem\",\"position\":1,\"name\":\"Accueil\",\"item\":\"https:\\\/\\\/www.webdo.tn\\\/fr\\\/\"},{\"@type\":\"ListItem\",\"position\":2,\"name\":\"Tunis : Deux m\u00e9decins impliqu\u00e9s dans le trafic de drogues\"}]},{\"@type\":\"WebSite\",\"@id\":\"https:\\\/\\\/www.webdo.tn\\\/fr\\\/#website\",\"url\":\"https:\\\/\\\/www.webdo.tn\\\/fr\\\/\",\"name\":\"webdo\",\"description\":\"Tunisie - News en Tunisie et \u00e0 l&#039;international sur Webdo.tn\",\"publisher\":{\"@id\":\"https:\\\/\\\/www.webdo.tn\\\/fr\\\/#organization\"},\"potentialAction\":[{\"@type\":\"SearchAction\",\"target\":{\"@type\":\"EntryPoint\",\"urlTemplate\":\"https:\\\/\\\/www.webdo.tn\\\/fr\\\/?s={search_term_string}\"},\"query-input\":{\"@type\":\"PropertyValueSpecification\",\"valueRequired\":true,\"valueName\":\"search_term_string\"}}],\"inLanguage\":\"fr-FR\"},{\"@type\":\"Organization\",\"@id\":\"https:\\\/\\\/www.webdo.tn\\\/fr\\\/#organization\",\"name\":\"Webdo\",\"alternateName\":\"Webdo.tn\",\"url\":\"https:\\\/\\\/www.webdo.tn\\\/fr\\\/\",\"logo\":{\"@type\":\"ImageObject\",\"inLanguage\":\"fr-FR\",\"@id\":\"https:\\\/\\\/www.webdo.tn\\\/fr\\\/#\\\/schema\\\/logo\\\/image\\\/\",\"url\":\"https:\\\/\\\/www.webdo.tn\\\/fr\\\/wp-content\\\/uploads\\\/2025\\\/06\\\/Webdo-Tunisie_168377.jpg\",\"contentUrl\":\"https:\\\/\\\/www.webdo.tn\\\/fr\\\/wp-content\\\/uploads\\\/2025\\\/06\\\/Webdo-Tunisie_168377.jpg\",\"width\":301,\"height\":301,\"caption\":\"Webdo\"},\"image\":{\"@id\":\"https:\\\/\\\/www.webdo.tn\\\/fr\\\/#\\\/schema\\\/logo\\\/image\\\/\"},\"sameAs\":[\"https:\\\/\\\/www.facebook.com\\\/webdotn\",\"https:\\\/\\\/x.com\\\/webdo_tn\"],\"description\":\"Webdo est un m\u00e9dia num\u00e9rique tunisien fond\u00e9 en 2010, sp\u00e9cialis\u00e9 dans l\u2019actualit\u00e9 nationale et internationale, l\u2019\u00e9conomie, la soci\u00e9t\u00e9 et les analyses politiques. Le site s\u2019adresse \u00e0 un large public francophone et couvre l\u2019information tunisienne en temps r\u00e9el.\",\"email\":\"redac@webdo.tn\",\"legalName\":\"YNJ SARL\",\"foundingDate\":\"2010-09-06\",\"numberOfEmployees\":{\"@type\":\"QuantitativeValue\",\"minValue\":\"11\",\"maxValue\":\"50\"}},{\"@type\":\"Person\",\"@id\":\"https:\\\/\\\/www.webdo.tn\\\/fr\\\/#\\\/schema\\\/person\\\/f35b42a42c5e2511bbd282959d6385cc\",\"name\":\"CL\",\"image\":{\"@type\":\"ImageObject\",\"inLanguage\":\"fr-FR\",\"@id\":\"https:\\\/\\\/secure.gravatar.com\\\/avatar\\\/1447a49909b67aa657c488aec6512e1dd6143a480c1ecfee9b5b5cd74eb3b59e?s=96&d=mm&r=g\",\"url\":\"https:\\\/\\\/secure.gravatar.com\\\/avatar\\\/1447a49909b67aa657c488aec6512e1dd6143a480c1ecfee9b5b5cd74eb3b59e?s=96&d=mm&r=g\",\"contentUrl\":\"https:\\\/\\\/secure.gravatar.com\\\/avatar\\\/1447a49909b67aa657c488aec6512e1dd6143a480c1ecfee9b5b5cd74eb3b59e?s=96&d=mm&r=g\",\"caption\":\"CL\"},\"url\":\"https:\\\/\\\/www.webdo.tn\\\/fr\\\/actualite\\\/author\\\/cl\\\/\"}]}<\/script>\n<!-- \/ Yoast SEO Premium plugin. -->","yoast_head_json":{"title":"Tunis : Deux m\u00e9decins impliqu\u00e9s dans le trafic de drogues","description":"Selon Mosa\u00efque FM, l\u2019enqu\u00eate a cibl\u00e9 un pr\u00e9parateur de pharmacie travaillant dans une pharmacie \u00e0 Tunis et qui est impliqu\u00e9 dans le trafic de stup\u00e9fiants de nat...","canonical":"https:\/\/www.webdo.tn\/fr\/actualite\/national\/tunis-deux-medecins-impliques-dans-le-trafic-de-drogues\/209896\/","og_locale":"fr_FR","og_type":"article","og_title":"Tunis : Deux m\u00e9decins impliqu\u00e9s dans le trafic de drogues","og_description":"Selon Mosa\u00efque FM, l\u2019enqu\u00eate a cibl\u00e9 un pr\u00e9parateur de pharmacie travaillant dans une pharmacie \u00e0 Tunis et qui est impliqu\u00e9 dans le trafic de stup\u00e9fiants de nat...","og_url":"https:\/\/www.webdo.tn\/fr\/actualite\/national\/tunis-deux-medecins-impliques-dans-le-trafic-de-drogues\/209896\/","og_site_name":"webdo","article_publisher":"https:\/\/www.facebook.com\/webdotn","article_published_time":"2023-11-05T10:35:00+00:00","article_modified_time":"2025-05-20T22:39:45+00:00","og_image":[{"width":750,"height":400,"url":"https:\/\/www.webdo.tn\/fr\/wp-content\/uploads\/2023\/11\/38af5ea2d9fcd52e336d4301f0c8a2da.png","type":"image\/png"}],"author":"CL","twitter_card":"summary_large_image","twitter_creator":"@webdo_tn","twitter_site":"@webdo_tn","twitter_misc":{"\u00c9crit par":"CL","Dur\u00e9e de lecture estim\u00e9e":"1 minute"},"schema":{"@context":"https:\/\/schema.org","@graph":[{"@type":"NewsArticle","@id":"https:\/\/www.webdo.tn\/fr\/actualite\/national\/tunis-deux-medecins-impliques-dans-le-trafic-de-drogues\/209896\/#article","isPartOf":{"@id":"https:\/\/www.webdo.tn\/fr\/actualite\/national\/tunis-deux-medecins-impliques-dans-le-trafic-de-drogues\/209896\/"},"author":{"name":"CL","@id":"https:\/\/www.webdo.tn\/fr\/#\/schema\/person\/f35b42a42c5e2511bbd282959d6385cc"},"headline":"Tunis : Deux m\u00e9decins impliqu\u00e9s dans le trafic de drogues","datePublished":"2023-11-05T10:35:00+00:00","dateModified":"2025-05-20T22:39:45+00:00","mainEntityOfPage":{"@id":"https:\/\/www.webdo.tn\/fr\/actualite\/national\/tunis-deux-medecins-impliques-dans-le-trafic-de-drogues\/209896\/"},"wordCount":124,"commentCount":0,"publisher":{"@id":"https:\/\/www.webdo.tn\/fr\/#organization"},"image":{"@id":"https:\/\/www.webdo.tn\/fr\/actualite\/national\/tunis-deux-medecins-impliques-dans-le-trafic-de-drogues\/209896\/#primaryimage"},"thumbnailUrl":"https:\/\/www.webdo.tn\/fr\/wp-content\/uploads\/2023\/11\/38af5ea2d9fcd52e336d4301f0c8a2da.png","keywords":["Drogues","m\u00e9decins","trafic","Tunis","Tunisie"],"articleSection":["National"],"inLanguage":"fr-FR"},{"@type":"WebPage","@id":"https:\/\/www.webdo.tn\/fr\/actualite\/national\/tunis-deux-medecins-impliques-dans-le-trafic-de-drogues\/209896\/","url":"https:\/\/www.webdo.tn\/fr\/actualite\/national\/tunis-deux-medecins-impliques-dans-le-trafic-de-drogues\/209896\/","name":"Tunis : Deux m\u00e9decins impliqu\u00e9s dans le trafic de drogues","isPartOf":{"@id":"https:\/\/www.webdo.tn\/fr\/#website"},"primaryImageOfPage":{"@id":"https:\/\/www.webdo.tn\/fr\/actualite\/national\/tunis-deux-medecins-impliques-dans-le-trafic-de-drogues\/209896\/#primaryimage"},"image":{"@id":"https:\/\/www.webdo.tn\/fr\/actualite\/national\/tunis-deux-medecins-impliques-dans-le-trafic-de-drogues\/209896\/#primaryimage"},"thumbnailUrl":"https:\/\/www.webdo.tn\/fr\/wp-content\/uploads\/2023\/11\/38af5ea2d9fcd52e336d4301f0c8a2da.png","datePublished":"2023-11-05T10:35:00+00:00","dateModified":"2025-05-20T22:39:45+00:00","description":"Selon Mosa\u00efque FM, l\u2019enqu\u00eate a cibl\u00e9 un pr\u00e9parateur de pharmacie travaillant dans une pharmacie \u00e0 Tunis et qui est impliqu\u00e9 dans le trafic de stup\u00e9fiants de nat...","breadcrumb":{"@id":"https:\/\/www.webdo.tn\/fr\/actualite\/national\/tunis-deux-medecins-impliques-dans-le-trafic-de-drogues\/209896\/#breadcrumb"},"inLanguage":"fr-FR","potentialAction":[{"@type":"ReadAction","target":["https:\/\/www.webdo.tn\/fr\/actualite\/national\/tunis-deux-medecins-impliques-dans-le-trafic-de-drogues\/209896\/"]}]},{"@type":"ImageObject","inLanguage":"fr-FR","@id":"https:\/\/www.webdo.tn\/fr\/actualite\/national\/tunis-deux-medecins-impliques-dans-le-trafic-de-drogues\/209896\/#primaryimage","url":"https:\/\/www.webdo.tn\/fr\/wp-content\/uploads\/2023\/11\/38af5ea2d9fcd52e336d4301f0c8a2da.png","contentUrl":"https:\/\/www.webdo.tn\/fr\/wp-content\/uploads\/2023\/11\/38af5ea2d9fcd52e336d4301f0c8a2da.png","width":750,"height":400,"caption":"Tunis : Deux m\u00e9decins impliqu\u00e9s dans le trafic de drogues"},{"@type":"BreadcrumbList","@id":"https:\/\/www.webdo.tn\/fr\/actualite\/national\/tunis-deux-medecins-impliques-dans-le-trafic-de-drogues\/209896\/#breadcrumb","itemListElement":[{"@type":"ListItem","position":1,"name":"Accueil","item":"https:\/\/www.webdo.tn\/fr\/"},{"@type":"ListItem","position":2,"name":"Tunis : Deux m\u00e9decins impliqu\u00e9s dans le trafic de drogues"}]},{"@type":"WebSite","@id":"https:\/\/www.webdo.tn\/fr\/#website","url":"https:\/\/www.webdo.tn\/fr\/","name":"webdo","description":"Tunisie - News en Tunisie et \u00e0 l&#039;international sur Webdo.tn","publisher":{"@id":"https:\/\/www.webdo.tn\/fr\/#organization"},"potentialAction":[{"@type":"SearchAction","target":{"@type":"EntryPoint","urlTemplate":"https:\/\/www.webdo.tn\/fr\/?s={search_term_string}"},"query-input":{"@type":"PropertyValueSpecification","valueRequired":true,"valueName":"search_term_string"}}],"inLanguage":"fr-FR"},{"@type":"Organization","@id":"https:\/\/www.webdo.tn\/fr\/#organization","name":"Webdo","alternateName":"Webdo.tn","url":"https:\/\/www.webdo.tn\/fr\/","logo":{"@type":"ImageObject","inLanguage":"fr-FR","@id":"https:\/\/www.webdo.tn\/fr\/#\/schema\/logo\/image\/","url":"https:\/\/www.webdo.tn\/fr\/wp-content\/uploads\/2025\/06\/Webdo-Tunisie_168377.jpg","contentUrl":"https:\/\/www.webdo.tn\/fr\/wp-content\/uploads\/2025\/06\/Webdo-Tunisie_168377.jpg","width":301,"height":301,"caption":"Webdo"},"image":{"@id":"https:\/\/www.webdo.tn\/fr\/#\/schema\/logo\/image\/"},"sameAs":["https:\/\/www.facebook.com\/webdotn","https:\/\/x.com\/webdo_tn"],"description":"Webdo est un m\u00e9dia num\u00e9rique tunisien fond\u00e9 en 2010, sp\u00e9cialis\u00e9 dans l\u2019actualit\u00e9 nationale et internationale, l\u2019\u00e9conomie, la soci\u00e9t\u00e9 et les analyses politiques. Le site s\u2019adresse \u00e0 un large public francophone et couvre l\u2019information tunisienne en temps r\u00e9el.","email":"redac@webdo.tn","legalName":"YNJ SARL","foundingDate":"2010-09-06","numberOfEmployees":{"@type":"QuantitativeValue","minValue":"11","maxValue":"50"}},{"@type":"Person","@id":"https:\/\/www.webdo.tn\/fr\/#\/schema\/person\/f35b42a42c5e2511bbd282959d6385cc","name":"CL","image":{"@type":"ImageObject","inLanguage":"fr-FR","@id":"https:\/\/secure.gravatar.com\/avatar\/1447a49909b67aa657c488aec6512e1dd6143a480c1ecfee9b5b5cd74eb3b59e?s=96&d=mm&r=g","url":"https:\/\/secure.gravatar.com\/avatar\/1447a49909b67aa657c488aec6512e1dd6143a480c1ecfee9b5b5cd74eb3b59e?s=96&d=mm&r=g","contentUrl":"https:\/\/secure.gravatar.com\/avatar\/1447a49909b67aa657c488aec6512e1dd6143a480c1ecfee9b5b5cd74eb3b59e?s=96&d=mm&r=g","caption":"CL"},"url":"https:\/\/www.webdo.tn\/fr\/actualite\/author\/cl\/"}]}},"_links":{"self":[{"href":"https:\/\/www.webdo.tn\/fr\/wp-json\/wp\/v2\/posts\/209896","targetHints":{"allow":["GET"]}}],"collection":[{"href":"https:\/\/www.webdo.tn\/fr\/wp-json\/wp\/v2\/posts"}],"about":[{"href":"https:\/\/www.webdo.tn\/fr\/wp-json\/wp\/v2\/types\/post"}],"author":[{"embeddable":true,"href":"https:\/\/www.webdo.tn\/fr\/wp-json\/wp\/v2\/users\/3175"}],"replies":[{"embeddable":true,"href":"https:\/\/www.webdo.tn\/fr\/wp-json\/wp\/v2\/comments?post=209896"}],"version-history":[{"count":0,"href":"https:\/\/www.webdo.tn\/fr\/wp-json\/wp\/v2\/posts\/209896\/revisions"}],"wp:featuredmedia":[{"embeddable":true,"href":"https:\/\/www.webdo.tn\/fr\/wp-json\/wp\/v2\/media\/248866"}],"wp:attachment":[{"href":"https:\/\/www.webdo.tn\/fr\/wp-json\/wp\/v2\/media?parent=209896"}],"wp:term":[{"taxonomy":"category","embeddable":true,"href":"https:\/\/www.webdo.tn\/fr\/wp-json\/wp\/v2\/categories?post=209896"},{"taxonomy":"post_tag","embeddable":true,"href":"https:\/\/www.webdo.tn\/fr\/wp-json\/wp\/v2\/tags?post=209896"}],"curies":[{"name":"wp","href":"https:\/\/api.w.org\/{rel}","templated":true}]}}