{"id":209893,"date":"2023-11-05T09:26:00","date_gmt":"2023-11-05T09:26:00","guid":{"rendered":"https:\/\/www.webdo.tn\/fr\/blog\/ammar-appelle-l-oif-a-agir-pour-mettre-fin-aux-agressions-contre-les-palestiniens\/209893\/"},"modified":"2025-05-20T22:39:44","modified_gmt":"2025-05-20T22:39:44","slug":"ammar-appelle-l-oif-a-agir-pour-mettre-fin-aux-agressions-contre-les-palestiniens","status":"publish","type":"post","link":"https:\/\/www.webdo.tn\/fr\/actualite\/national\/ammar-appelle-l-oif-a-agir-pour-mettre-fin-aux-agressions-contre-les-palestiniens\/209893\/","title":{"rendered":"Ammar appelle l&rsquo;OIF \u00e0 agir pour mettre fin aux agressions contre les Palestiniens"},"content":{"rendered":"<p>Le ministre des Affaires \u00e9trang\u00e8res, de la Migration et des Tunisiens \u00e0 l&rsquo;\u00e9tranger, Nabil Ammar, a invit\u00e9 l&rsquo;Organisation internationale de la Francophonie \u00e0 se mobiliser pour mettre fin aux agressions continues commises contre le peuple palestinien, et ce conform\u00e9ment aux principes fondateurs de l&rsquo;organisation.<\/p>\n<p>\t\t\t\t\t\t\t\t\tDans une allocution prononc\u00e9e samedi, \u00e0 Yaound\u00e9, \u00e0 l&rsquo;occasion de la 44\u00e8me session de la Conf\u00e9rence minist\u00e9rielle de l&rsquo;OIF, le ministre a soulign\u00e9 la n\u00e9cessit\u00e9 d&rsquo;agir en urgence \u00e0 l&rsquo;\u00e9chelle internationale pour parvenir \u00e0 un cessez-le-feu dans les territoires palestiniens occup\u00e9s et assurer l&rsquo;acheminement des aides humanitaires \u00e0 Gaza.<\/p>\n<p>Nabil Ammar a, en outre, appel\u00e9 \u00e0 soutenir le peuple palestinien pour qu&rsquo;il puisse recouvrer ses droits l\u00e9gitimes.<\/p>\n<p>A cette occasion, le chef de la diplomatie tunisienne a r\u00e9it\u00e9r\u00e9 la position ind\u00e9fectible de la Tunisie \u00e0 l&rsquo;\u00e9gard de la juste cause palestinienne et son soutien inconditionnel au peuple palestinien fr\u00e8re.<\/p>\n<p>Il a r\u00e9affirm\u00e9 que la Tunisie condamne fermement les atrocit\u00e9s perp\u00e9tr\u00e9es contre les palestiniens sous les yeux de la communaut\u00e9 internationale.<\/p>\n","protected":false},"excerpt":{"rendered":"<p>Dans une allocution prononc\u00e9e samedi, \u00e0 Yaound\u00e9, \u00e0 l&rsquo;occasion de la 44\u00e8me session de la Conf\u00e9rence minist\u00e9rielle de l&rsquo;OIF, le ministre a soulign\u00e9 la n\u00e9cessit\u00e9 d&#8230;<\/p>\n","protected":false},"author":3175,"featured_media":248862,"comment_status":"open","ping_status":"closed","sticky":false,"template":"","format":"standard","meta":{"footnotes":""},"categories":[44],"tags":[5912,2688,2608],"class_list":["post-209893","post","type-post","status-publish","format-standard","has-post-thumbnail","hentry","category-national","tag-nabil-ammar","tag-palestine","tag-tunisie"],"yoast_head":"<!-- This site is optimized with the Yoast SEO Premium plugin v27.4 (Yoast SEO v27.5) - https:\/\/yoast.com\/product\/yoast-seo-premium-wordpress\/ -->\n<title>Ammar appelle l&#039;OIF \u00e0 agir pour mettre fin aux agressions contre les Palestiniens<\/title>\n<meta name=\"description\" content=\"Dans une allocution prononc\u00e9e samedi, \u00e0 Yaound\u00e9, \u00e0 l&#039;occasion de la 44\u00e8me session de la Conf\u00e9rence minist\u00e9rielle de l&#039;OIF, le ministre a soulign\u00e9 la n\u00e9cessit\u00e9 d...\" \/>\n<link rel=\"canonical\" href=\"https:\/\/www.webdo.tn\/fr\/actualite\/national\/ammar-appelle-l-oif-a-agir-pour-mettre-fin-aux-agressions-contre-les-palestiniens\/209893\/\" \/>\n<meta property=\"og:locale\" content=\"fr_FR\" \/>\n<meta property=\"og:type\" content=\"article\" \/>\n<meta property=\"og:title\" content=\"Ammar appelle l&#039;OIF \u00e0 agir pour mettre fin aux agressions contre les Palestiniens\" \/>\n<meta property=\"og:description\" content=\"Dans une allocution prononc\u00e9e samedi, \u00e0 Yaound\u00e9, \u00e0 l&#039;occasion de la 44\u00e8me session de la Conf\u00e9rence minist\u00e9rielle de l&#039;OIF, le ministre a soulign\u00e9 la n\u00e9cessit\u00e9 d...\" \/>\n<meta property=\"og:url\" content=\"https:\/\/www.webdo.tn\/fr\/actualite\/national\/ammar-appelle-l-oif-a-agir-pour-mettre-fin-aux-agressions-contre-les-palestiniens\/209893\/\" \/>\n<meta property=\"og:site_name\" content=\"webdo\" \/>\n<meta property=\"article:publisher\" content=\"https:\/\/www.facebook.com\/webdotn\" \/>\n<meta property=\"article:published_time\" content=\"2023-11-05T09:26:00+00:00\" \/>\n<meta property=\"article:modified_time\" content=\"2025-05-20T22:39:44+00:00\" \/>\n<meta property=\"og:image\" content=\"https:\/\/www.webdo.tn\/fr\/wp-content\/uploads\/2023\/11\/ebc8c830144594aa0e9fda2648ae4054.jpg\" \/>\n\t<meta property=\"og:image:width\" content=\"750\" \/>\n\t<meta property=\"og:image:height\" content=\"400\" \/>\n\t<meta property=\"og:image:type\" content=\"image\/jpeg\" \/>\n<meta name=\"author\" content=\"CL\" \/>\n<meta name=\"twitter:card\" content=\"summary_large_image\" \/>\n<meta name=\"twitter:creator\" content=\"@webdo_tn\" \/>\n<meta name=\"twitter:site\" content=\"@webdo_tn\" \/>\n<meta name=\"twitter:label1\" content=\"\u00c9crit par\" \/>\n\t<meta name=\"twitter:data1\" content=\"CL\" \/>\n\t<meta name=\"twitter:label2\" content=\"Dur\u00e9e de lecture estim\u00e9e\" \/>\n\t<meta name=\"twitter:data2\" content=\"1 minute\" \/>\n<script type=\"application\/ld+json\" class=\"yoast-schema-graph\">{\"@context\":\"https:\\\/\\\/schema.org\",\"@graph\":[{\"@type\":\"NewsArticle\",\"@id\":\"https:\\\/\\\/www.webdo.tn\\\/fr\\\/actualite\\\/national\\\/ammar-appelle-l-oif-a-agir-pour-mettre-fin-aux-agressions-contre-les-palestiniens\\\/209893\\\/#article\",\"isPartOf\":{\"@id\":\"https:\\\/\\\/www.webdo.tn\\\/fr\\\/actualite\\\/national\\\/ammar-appelle-l-oif-a-agir-pour-mettre-fin-aux-agressions-contre-les-palestiniens\\\/209893\\\/\"},\"author\":{\"name\":\"CL\",\"@id\":\"https:\\\/\\\/www.webdo.tn\\\/fr\\\/#\\\/schema\\\/person\\\/f35b42a42c5e2511bbd282959d6385cc\"},\"headline\":\"Ammar appelle l&rsquo;OIF \u00e0 agir pour mettre fin aux agressions contre les Palestiniens\",\"datePublished\":\"2023-11-05T09:26:00+00:00\",\"dateModified\":\"2025-05-20T22:39:44+00:00\",\"mainEntityOfPage\":{\"@id\":\"https:\\\/\\\/www.webdo.tn\\\/fr\\\/actualite\\\/national\\\/ammar-appelle-l-oif-a-agir-pour-mettre-fin-aux-agressions-contre-les-palestiniens\\\/209893\\\/\"},\"wordCount\":194,\"commentCount\":0,\"publisher\":{\"@id\":\"https:\\\/\\\/www.webdo.tn\\\/fr\\\/#organization\"},\"image\":{\"@id\":\"https:\\\/\\\/www.webdo.tn\\\/fr\\\/actualite\\\/national\\\/ammar-appelle-l-oif-a-agir-pour-mettre-fin-aux-agressions-contre-les-palestiniens\\\/209893\\\/#primaryimage\"},\"thumbnailUrl\":\"https:\\\/\\\/www.webdo.tn\\\/fr\\\/wp-content\\\/uploads\\\/2023\\\/11\\\/ebc8c830144594aa0e9fda2648ae4054.jpg\",\"keywords\":[\"Nabil Ammar\",\"Palestine\",\"Tunisie\"],\"articleSection\":[\"National\"],\"inLanguage\":\"fr-FR\"},{\"@type\":\"WebPage\",\"@id\":\"https:\\\/\\\/www.webdo.tn\\\/fr\\\/actualite\\\/national\\\/ammar-appelle-l-oif-a-agir-pour-mettre-fin-aux-agressions-contre-les-palestiniens\\\/209893\\\/\",\"url\":\"https:\\\/\\\/www.webdo.tn\\\/fr\\\/actualite\\\/national\\\/ammar-appelle-l-oif-a-agir-pour-mettre-fin-aux-agressions-contre-les-palestiniens\\\/209893\\\/\",\"name\":\"Ammar appelle l'OIF \u00e0 agir pour mettre fin aux agressions contre les Palestiniens\",\"isPartOf\":{\"@id\":\"https:\\\/\\\/www.webdo.tn\\\/fr\\\/#website\"},\"primaryImageOfPage\":{\"@id\":\"https:\\\/\\\/www.webdo.tn\\\/fr\\\/actualite\\\/national\\\/ammar-appelle-l-oif-a-agir-pour-mettre-fin-aux-agressions-contre-les-palestiniens\\\/209893\\\/#primaryimage\"},\"image\":{\"@id\":\"https:\\\/\\\/www.webdo.tn\\\/fr\\\/actualite\\\/national\\\/ammar-appelle-l-oif-a-agir-pour-mettre-fin-aux-agressions-contre-les-palestiniens\\\/209893\\\/#primaryimage\"},\"thumbnailUrl\":\"https:\\\/\\\/www.webdo.tn\\\/fr\\\/wp-content\\\/uploads\\\/2023\\\/11\\\/ebc8c830144594aa0e9fda2648ae4054.jpg\",\"datePublished\":\"2023-11-05T09:26:00+00:00\",\"dateModified\":\"2025-05-20T22:39:44+00:00\",\"description\":\"Dans une allocution prononc\u00e9e samedi, \u00e0 Yaound\u00e9, \u00e0 l'occasion de la 44\u00e8me session de la Conf\u00e9rence minist\u00e9rielle de l'OIF, le ministre a soulign\u00e9 la n\u00e9cessit\u00e9 d...\",\"breadcrumb\":{\"@id\":\"https:\\\/\\\/www.webdo.tn\\\/fr\\\/actualite\\\/national\\\/ammar-appelle-l-oif-a-agir-pour-mettre-fin-aux-agressions-contre-les-palestiniens\\\/209893\\\/#breadcrumb\"},\"inLanguage\":\"fr-FR\",\"potentialAction\":[{\"@type\":\"ReadAction\",\"target\":[\"https:\\\/\\\/www.webdo.tn\\\/fr\\\/actualite\\\/national\\\/ammar-appelle-l-oif-a-agir-pour-mettre-fin-aux-agressions-contre-les-palestiniens\\\/209893\\\/\"]}]},{\"@type\":\"ImageObject\",\"inLanguage\":\"fr-FR\",\"@id\":\"https:\\\/\\\/www.webdo.tn\\\/fr\\\/actualite\\\/national\\\/ammar-appelle-l-oif-a-agir-pour-mettre-fin-aux-agressions-contre-les-palestiniens\\\/209893\\\/#primaryimage\",\"url\":\"https:\\\/\\\/www.webdo.tn\\\/fr\\\/wp-content\\\/uploads\\\/2023\\\/11\\\/ebc8c830144594aa0e9fda2648ae4054.jpg\",\"contentUrl\":\"https:\\\/\\\/www.webdo.tn\\\/fr\\\/wp-content\\\/uploads\\\/2023\\\/11\\\/ebc8c830144594aa0e9fda2648ae4054.jpg\",\"width\":750,\"height\":400,\"caption\":\"Ammar appelle l'OIF \u00e0 agir pour mettre fin aux agressions contre les Palestiniens\"},{\"@type\":\"BreadcrumbList\",\"@id\":\"https:\\\/\\\/www.webdo.tn\\\/fr\\\/actualite\\\/national\\\/ammar-appelle-l-oif-a-agir-pour-mettre-fin-aux-agressions-contre-les-palestiniens\\\/209893\\\/#breadcrumb\",\"itemListElement\":[{\"@type\":\"ListItem\",\"position\":1,\"name\":\"Accueil\",\"item\":\"https:\\\/\\\/www.webdo.tn\\\/fr\\\/\"},{\"@type\":\"ListItem\",\"position\":2,\"name\":\"Ammar appelle l&#8217;OIF \u00e0 agir pour mettre fin aux agressions contre les Palestiniens\"}]},{\"@type\":\"WebSite\",\"@id\":\"https:\\\/\\\/www.webdo.tn\\\/fr\\\/#website\",\"url\":\"https:\\\/\\\/www.webdo.tn\\\/fr\\\/\",\"name\":\"webdo\",\"description\":\"Tunisie - News en Tunisie et \u00e0 l&#039;international sur Webdo.tn\",\"publisher\":{\"@id\":\"https:\\\/\\\/www.webdo.tn\\\/fr\\\/#organization\"},\"potentialAction\":[{\"@type\":\"SearchAction\",\"target\":{\"@type\":\"EntryPoint\",\"urlTemplate\":\"https:\\\/\\\/www.webdo.tn\\\/fr\\\/?s={search_term_string}\"},\"query-input\":{\"@type\":\"PropertyValueSpecification\",\"valueRequired\":true,\"valueName\":\"search_term_string\"}}],\"inLanguage\":\"fr-FR\"},{\"@type\":\"Organization\",\"@id\":\"https:\\\/\\\/www.webdo.tn\\\/fr\\\/#organization\",\"name\":\"Webdo\",\"alternateName\":\"Webdo.tn\",\"url\":\"https:\\\/\\\/www.webdo.tn\\\/fr\\\/\",\"logo\":{\"@type\":\"ImageObject\",\"inLanguage\":\"fr-FR\",\"@id\":\"https:\\\/\\\/www.webdo.tn\\\/fr\\\/#\\\/schema\\\/logo\\\/image\\\/\",\"url\":\"https:\\\/\\\/www.webdo.tn\\\/fr\\\/wp-content\\\/uploads\\\/2025\\\/06\\\/Webdo-Tunisie_168377.jpg\",\"contentUrl\":\"https:\\\/\\\/www.webdo.tn\\\/fr\\\/wp-content\\\/uploads\\\/2025\\\/06\\\/Webdo-Tunisie_168377.jpg\",\"width\":301,\"height\":301,\"caption\":\"Webdo\"},\"image\":{\"@id\":\"https:\\\/\\\/www.webdo.tn\\\/fr\\\/#\\\/schema\\\/logo\\\/image\\\/\"},\"sameAs\":[\"https:\\\/\\\/www.facebook.com\\\/webdotn\",\"https:\\\/\\\/x.com\\\/webdo_tn\"],\"description\":\"Webdo est un m\u00e9dia num\u00e9rique tunisien fond\u00e9 en 2010, sp\u00e9cialis\u00e9 dans l\u2019actualit\u00e9 nationale et internationale, l\u2019\u00e9conomie, la soci\u00e9t\u00e9 et les analyses politiques. Le site s\u2019adresse \u00e0 un large public francophone et couvre l\u2019information tunisienne en temps r\u00e9el.\",\"email\":\"redac@webdo.tn\",\"legalName\":\"YNJ SARL\",\"foundingDate\":\"2010-09-06\",\"numberOfEmployees\":{\"@type\":\"QuantitativeValue\",\"minValue\":\"11\",\"maxValue\":\"50\"}},{\"@type\":\"Person\",\"@id\":\"https:\\\/\\\/www.webdo.tn\\\/fr\\\/#\\\/schema\\\/person\\\/f35b42a42c5e2511bbd282959d6385cc\",\"name\":\"CL\",\"image\":{\"@type\":\"ImageObject\",\"inLanguage\":\"fr-FR\",\"@id\":\"https:\\\/\\\/secure.gravatar.com\\\/avatar\\\/1447a49909b67aa657c488aec6512e1dd6143a480c1ecfee9b5b5cd74eb3b59e?s=96&d=mm&r=g\",\"url\":\"https:\\\/\\\/secure.gravatar.com\\\/avatar\\\/1447a49909b67aa657c488aec6512e1dd6143a480c1ecfee9b5b5cd74eb3b59e?s=96&d=mm&r=g\",\"contentUrl\":\"https:\\\/\\\/secure.gravatar.com\\\/avatar\\\/1447a49909b67aa657c488aec6512e1dd6143a480c1ecfee9b5b5cd74eb3b59e?s=96&d=mm&r=g\",\"caption\":\"CL\"},\"url\":\"https:\\\/\\\/www.webdo.tn\\\/fr\\\/actualite\\\/author\\\/cl\\\/\"}]}<\/script>\n<!-- \/ Yoast SEO Premium plugin. -->","yoast_head_json":{"title":"Ammar appelle l'OIF \u00e0 agir pour mettre fin aux agressions contre les Palestiniens","description":"Dans une allocution prononc\u00e9e samedi, \u00e0 Yaound\u00e9, \u00e0 l'occasion de la 44\u00e8me session de la Conf\u00e9rence minist\u00e9rielle de l'OIF, le ministre a soulign\u00e9 la n\u00e9cessit\u00e9 d...","canonical":"https:\/\/www.webdo.tn\/fr\/actualite\/national\/ammar-appelle-l-oif-a-agir-pour-mettre-fin-aux-agressions-contre-les-palestiniens\/209893\/","og_locale":"fr_FR","og_type":"article","og_title":"Ammar appelle l'OIF \u00e0 agir pour mettre fin aux agressions contre les Palestiniens","og_description":"Dans une allocution prononc\u00e9e samedi, \u00e0 Yaound\u00e9, \u00e0 l'occasion de la 44\u00e8me session de la Conf\u00e9rence minist\u00e9rielle de l'OIF, le ministre a soulign\u00e9 la n\u00e9cessit\u00e9 d...","og_url":"https:\/\/www.webdo.tn\/fr\/actualite\/national\/ammar-appelle-l-oif-a-agir-pour-mettre-fin-aux-agressions-contre-les-palestiniens\/209893\/","og_site_name":"webdo","article_publisher":"https:\/\/www.facebook.com\/webdotn","article_published_time":"2023-11-05T09:26:00+00:00","article_modified_time":"2025-05-20T22:39:44+00:00","og_image":[{"width":750,"height":400,"url":"https:\/\/www.webdo.tn\/fr\/wp-content\/uploads\/2023\/11\/ebc8c830144594aa0e9fda2648ae4054.jpg","type":"image\/jpeg"}],"author":"CL","twitter_card":"summary_large_image","twitter_creator":"@webdo_tn","twitter_site":"@webdo_tn","twitter_misc":{"\u00c9crit par":"CL","Dur\u00e9e de lecture estim\u00e9e":"1 minute"},"schema":{"@context":"https:\/\/schema.org","@graph":[{"@type":"NewsArticle","@id":"https:\/\/www.webdo.tn\/fr\/actualite\/national\/ammar-appelle-l-oif-a-agir-pour-mettre-fin-aux-agressions-contre-les-palestiniens\/209893\/#article","isPartOf":{"@id":"https:\/\/www.webdo.tn\/fr\/actualite\/national\/ammar-appelle-l-oif-a-agir-pour-mettre-fin-aux-agressions-contre-les-palestiniens\/209893\/"},"author":{"name":"CL","@id":"https:\/\/www.webdo.tn\/fr\/#\/schema\/person\/f35b42a42c5e2511bbd282959d6385cc"},"headline":"Ammar appelle l&rsquo;OIF \u00e0 agir pour mettre fin aux agressions contre les Palestiniens","datePublished":"2023-11-05T09:26:00+00:00","dateModified":"2025-05-20T22:39:44+00:00","mainEntityOfPage":{"@id":"https:\/\/www.webdo.tn\/fr\/actualite\/national\/ammar-appelle-l-oif-a-agir-pour-mettre-fin-aux-agressions-contre-les-palestiniens\/209893\/"},"wordCount":194,"commentCount":0,"publisher":{"@id":"https:\/\/www.webdo.tn\/fr\/#organization"},"image":{"@id":"https:\/\/www.webdo.tn\/fr\/actualite\/national\/ammar-appelle-l-oif-a-agir-pour-mettre-fin-aux-agressions-contre-les-palestiniens\/209893\/#primaryimage"},"thumbnailUrl":"https:\/\/www.webdo.tn\/fr\/wp-content\/uploads\/2023\/11\/ebc8c830144594aa0e9fda2648ae4054.jpg","keywords":["Nabil Ammar","Palestine","Tunisie"],"articleSection":["National"],"inLanguage":"fr-FR"},{"@type":"WebPage","@id":"https:\/\/www.webdo.tn\/fr\/actualite\/national\/ammar-appelle-l-oif-a-agir-pour-mettre-fin-aux-agressions-contre-les-palestiniens\/209893\/","url":"https:\/\/www.webdo.tn\/fr\/actualite\/national\/ammar-appelle-l-oif-a-agir-pour-mettre-fin-aux-agressions-contre-les-palestiniens\/209893\/","name":"Ammar appelle l'OIF \u00e0 agir pour mettre fin aux agressions contre les Palestiniens","isPartOf":{"@id":"https:\/\/www.webdo.tn\/fr\/#website"},"primaryImageOfPage":{"@id":"https:\/\/www.webdo.tn\/fr\/actualite\/national\/ammar-appelle-l-oif-a-agir-pour-mettre-fin-aux-agressions-contre-les-palestiniens\/209893\/#primaryimage"},"image":{"@id":"https:\/\/www.webdo.tn\/fr\/actualite\/national\/ammar-appelle-l-oif-a-agir-pour-mettre-fin-aux-agressions-contre-les-palestiniens\/209893\/#primaryimage"},"thumbnailUrl":"https:\/\/www.webdo.tn\/fr\/wp-content\/uploads\/2023\/11\/ebc8c830144594aa0e9fda2648ae4054.jpg","datePublished":"2023-11-05T09:26:00+00:00","dateModified":"2025-05-20T22:39:44+00:00","description":"Dans une allocution prononc\u00e9e samedi, \u00e0 Yaound\u00e9, \u00e0 l'occasion de la 44\u00e8me session de la Conf\u00e9rence minist\u00e9rielle de l'OIF, le ministre a soulign\u00e9 la n\u00e9cessit\u00e9 d...","breadcrumb":{"@id":"https:\/\/www.webdo.tn\/fr\/actualite\/national\/ammar-appelle-l-oif-a-agir-pour-mettre-fin-aux-agressions-contre-les-palestiniens\/209893\/#breadcrumb"},"inLanguage":"fr-FR","potentialAction":[{"@type":"ReadAction","target":["https:\/\/www.webdo.tn\/fr\/actualite\/national\/ammar-appelle-l-oif-a-agir-pour-mettre-fin-aux-agressions-contre-les-palestiniens\/209893\/"]}]},{"@type":"ImageObject","inLanguage":"fr-FR","@id":"https:\/\/www.webdo.tn\/fr\/actualite\/national\/ammar-appelle-l-oif-a-agir-pour-mettre-fin-aux-agressions-contre-les-palestiniens\/209893\/#primaryimage","url":"https:\/\/www.webdo.tn\/fr\/wp-content\/uploads\/2023\/11\/ebc8c830144594aa0e9fda2648ae4054.jpg","contentUrl":"https:\/\/www.webdo.tn\/fr\/wp-content\/uploads\/2023\/11\/ebc8c830144594aa0e9fda2648ae4054.jpg","width":750,"height":400,"caption":"Ammar appelle l'OIF \u00e0 agir pour mettre fin aux agressions contre les Palestiniens"},{"@type":"BreadcrumbList","@id":"https:\/\/www.webdo.tn\/fr\/actualite\/national\/ammar-appelle-l-oif-a-agir-pour-mettre-fin-aux-agressions-contre-les-palestiniens\/209893\/#breadcrumb","itemListElement":[{"@type":"ListItem","position":1,"name":"Accueil","item":"https:\/\/www.webdo.tn\/fr\/"},{"@type":"ListItem","position":2,"name":"Ammar appelle l&#8217;OIF \u00e0 agir pour mettre fin aux agressions contre les Palestiniens"}]},{"@type":"WebSite","@id":"https:\/\/www.webdo.tn\/fr\/#website","url":"https:\/\/www.webdo.tn\/fr\/","name":"webdo","description":"Tunisie - News en Tunisie et \u00e0 l&#039;international sur Webdo.tn","publisher":{"@id":"https:\/\/www.webdo.tn\/fr\/#organization"},"potentialAction":[{"@type":"SearchAction","target":{"@type":"EntryPoint","urlTemplate":"https:\/\/www.webdo.tn\/fr\/?s={search_term_string}"},"query-input":{"@type":"PropertyValueSpecification","valueRequired":true,"valueName":"search_term_string"}}],"inLanguage":"fr-FR"},{"@type":"Organization","@id":"https:\/\/www.webdo.tn\/fr\/#organization","name":"Webdo","alternateName":"Webdo.tn","url":"https:\/\/www.webdo.tn\/fr\/","logo":{"@type":"ImageObject","inLanguage":"fr-FR","@id":"https:\/\/www.webdo.tn\/fr\/#\/schema\/logo\/image\/","url":"https:\/\/www.webdo.tn\/fr\/wp-content\/uploads\/2025\/06\/Webdo-Tunisie_168377.jpg","contentUrl":"https:\/\/www.webdo.tn\/fr\/wp-content\/uploads\/2025\/06\/Webdo-Tunisie_168377.jpg","width":301,"height":301,"caption":"Webdo"},"image":{"@id":"https:\/\/www.webdo.tn\/fr\/#\/schema\/logo\/image\/"},"sameAs":["https:\/\/www.facebook.com\/webdotn","https:\/\/x.com\/webdo_tn"],"description":"Webdo est un m\u00e9dia num\u00e9rique tunisien fond\u00e9 en 2010, sp\u00e9cialis\u00e9 dans l\u2019actualit\u00e9 nationale et internationale, l\u2019\u00e9conomie, la soci\u00e9t\u00e9 et les analyses politiques. Le site s\u2019adresse \u00e0 un large public francophone et couvre l\u2019information tunisienne en temps r\u00e9el.","email":"redac@webdo.tn","legalName":"YNJ SARL","foundingDate":"2010-09-06","numberOfEmployees":{"@type":"QuantitativeValue","minValue":"11","maxValue":"50"}},{"@type":"Person","@id":"https:\/\/www.webdo.tn\/fr\/#\/schema\/person\/f35b42a42c5e2511bbd282959d6385cc","name":"CL","image":{"@type":"ImageObject","inLanguage":"fr-FR","@id":"https:\/\/secure.gravatar.com\/avatar\/1447a49909b67aa657c488aec6512e1dd6143a480c1ecfee9b5b5cd74eb3b59e?s=96&d=mm&r=g","url":"https:\/\/secure.gravatar.com\/avatar\/1447a49909b67aa657c488aec6512e1dd6143a480c1ecfee9b5b5cd74eb3b59e?s=96&d=mm&r=g","contentUrl":"https:\/\/secure.gravatar.com\/avatar\/1447a49909b67aa657c488aec6512e1dd6143a480c1ecfee9b5b5cd74eb3b59e?s=96&d=mm&r=g","caption":"CL"},"url":"https:\/\/www.webdo.tn\/fr\/actualite\/author\/cl\/"}]}},"_links":{"self":[{"href":"https:\/\/www.webdo.tn\/fr\/wp-json\/wp\/v2\/posts\/209893","targetHints":{"allow":["GET"]}}],"collection":[{"href":"https:\/\/www.webdo.tn\/fr\/wp-json\/wp\/v2\/posts"}],"about":[{"href":"https:\/\/www.webdo.tn\/fr\/wp-json\/wp\/v2\/types\/post"}],"author":[{"embeddable":true,"href":"https:\/\/www.webdo.tn\/fr\/wp-json\/wp\/v2\/users\/3175"}],"replies":[{"embeddable":true,"href":"https:\/\/www.webdo.tn\/fr\/wp-json\/wp\/v2\/comments?post=209893"}],"version-history":[{"count":0,"href":"https:\/\/www.webdo.tn\/fr\/wp-json\/wp\/v2\/posts\/209893\/revisions"}],"wp:featuredmedia":[{"embeddable":true,"href":"https:\/\/www.webdo.tn\/fr\/wp-json\/wp\/v2\/media\/248862"}],"wp:attachment":[{"href":"https:\/\/www.webdo.tn\/fr\/wp-json\/wp\/v2\/media?parent=209893"}],"wp:term":[{"taxonomy":"category","embeddable":true,"href":"https:\/\/www.webdo.tn\/fr\/wp-json\/wp\/v2\/categories?post=209893"},{"taxonomy":"post_tag","embeddable":true,"href":"https:\/\/www.webdo.tn\/fr\/wp-json\/wp\/v2\/tags?post=209893"}],"curies":[{"name":"wp","href":"https:\/\/api.w.org\/{rel}","templated":true}]}}