{"id":209891,"date":"2023-11-04T12:34:00","date_gmt":"2023-11-04T12:34:00","guid":{"rendered":"https:\/\/www.webdo.tn\/fr\/blog\/9488-martyrs-a-gaza-dont-pres-de-4000-enfants\/209891\/"},"modified":"2025-05-20T21:56:03","modified_gmt":"2025-05-20T21:56:03","slug":"9488-martyrs-a-gaza-dont-pres-de-4000-enfants","status":"publish","type":"post","link":"https:\/\/www.webdo.tn\/fr\/actualite\/international\/9488-martyrs-a-gaza-dont-pres-de-4000-enfants\/209891\/","title":{"rendered":"9488 martyrs \u00e0 Gaza dont pr\u00e8s de 4000 enfants"},"content":{"rendered":"<p>Au 29e jour du conflit entre le Hamas et Isra\u00ebl, au moins 9488 personnes ont perdu la vie dans la Bande de Gaza, affirme ce samedi 4 novembre, le Hamas.<\/p>\n<p>\t\t\t\t\t\t\t\t\tLe minist\u00e8re de la Sant\u00e9 du Hamas a annonc\u00e9 samedi que 9488 personnes, dont 3900 enfants, avaient \u00e9t\u00e9 tu\u00e9s dans la bande de Gaza depuis le d\u00e9but de la guerre avec Isra\u00ebl.<\/p>\n<p>Selon le minist\u00e8re, 2509 femmes figurent aussi parmi ces martyrs recens\u00e9s depuis le 7 octobre. Ce dernier a \u00e9galement annonc\u00e9 samedi que 12 personnes ont \u00e9t\u00e9 tu\u00e9es dans un bombardement isra\u00e9lien ayant touch\u00e9 une \u00e9cole de l&rsquo;ONU o\u00f9 s&rsquo;abritent des d\u00e9plac\u00e9s, dans un camp de r\u00e9fugi\u00e9s du nord de la bande de Gaza.<\/p>\n<p>Par ailleurs, Isra\u00ebl a rejet\u00e9 l&rsquo;id\u00e9e de \u00ab\u00a0pauses humanitaires\u00a0\u00bb r\u00e9clam\u00e9es par les \u00c9tats-Unis dans la bande de Gaza. Apr\u00e8s sa rencontre avec le secr\u00e9taire d&rsquo;\u00c9tat am\u00e9ricain Antony Blinken, vendredi \u00e0 Tel-Aviv, le Premier ministre isra\u00e9lien Benjamin Netanyahu a rejet\u00e9 l&rsquo;id\u00e9e d'\u00a0\u00bbune tr\u00eave temporaire\u00a0\u00bb sans lib\u00e9ration des otages aux mains du Hamas, au nombre d&rsquo;au moins 240.<\/p>\n<p>D\u2019autre part, l&rsquo;arm\u00e9e isra\u00e9lienne a admis avoir frapp\u00e9 une ambulance devant le principal h\u00f4pital de Gaza, al-Chifa, car le v\u00e9hicule transportait, selon elle, des membres du Hamas.<\/p>\n<p>Cette affirmation a \u00e9t\u00e9 d\u00e9mentie par le Hamas. Selon le minist\u00e8re de la Sant\u00e9 du Hamas et le Croissant-Rouge palestinien, la frappe a fait 15 morts et 60 bless\u00e9s, dont des civils devant l&rsquo;entr\u00e9e de l&rsquo;h\u00f4pital.<\/p>\n","protected":false},"excerpt":{"rendered":"<p>Le minist\u00e8re de la Sant\u00e9 du Hamas a annonc\u00e9 samedi que 9488 personnes, dont 3900 enfants, avaient \u00e9t\u00e9 tu\u00e9s dans la bande de Gaza depuis le d\u00e9but de la guerre av&#8230;<\/p>\n","protected":false},"author":3162,"featured_media":248861,"comment_status":"open","ping_status":"closed","sticky":false,"template":"","format":"standard","meta":{"footnotes":""},"categories":[2598],"tags":[5941,2689,4472],"class_list":["post-209891","post","type-post","status-publish","format-standard","has-post-thumbnail","hentry","category-international","tag-bilan","tag-gaza","tag-martyrs"],"yoast_head":"<!-- This site is optimized with the Yoast SEO Premium plugin v27.5 (Yoast SEO v27.5) - https:\/\/yoast.com\/product\/yoast-seo-premium-wordpress\/ -->\n<title>9488 martyrs \u00e0 Gaza dont pr\u00e8s de 4000 enfants<\/title>\n<meta name=\"description\" content=\"Le minist\u00e8re de la Sant\u00e9 du Hamas a annonc\u00e9 samedi que 9488 personnes, dont 3900 enfants, avaient \u00e9t\u00e9 tu\u00e9s dans la bande de Gaza depuis le d\u00e9but de la guerre av...\" \/>\n<link rel=\"canonical\" href=\"https:\/\/www.webdo.tn\/fr\/actualite\/international\/9488-martyrs-a-gaza-dont-pres-de-4000-enfants\/209891\/\" \/>\n<meta property=\"og:locale\" content=\"fr_FR\" \/>\n<meta property=\"og:type\" content=\"article\" \/>\n<meta property=\"og:title\" content=\"9488 martyrs \u00e0 Gaza dont pr\u00e8s de 4000 enfants\" \/>\n<meta property=\"og:description\" content=\"Le minist\u00e8re de la Sant\u00e9 du Hamas a annonc\u00e9 samedi que 9488 personnes, dont 3900 enfants, avaient \u00e9t\u00e9 tu\u00e9s dans la bande de Gaza depuis le d\u00e9but de la guerre av...\" \/>\n<meta property=\"og:url\" content=\"https:\/\/www.webdo.tn\/fr\/actualite\/international\/9488-martyrs-a-gaza-dont-pres-de-4000-enfants\/209891\/\" \/>\n<meta property=\"og:site_name\" content=\"webdo\" \/>\n<meta property=\"article:publisher\" content=\"https:\/\/www.facebook.com\/webdotn\" \/>\n<meta property=\"article:published_time\" content=\"2023-11-04T12:34:00+00:00\" \/>\n<meta property=\"article:modified_time\" content=\"2025-05-20T21:56:03+00:00\" \/>\n<meta property=\"og:image\" content=\"https:\/\/www.webdo.tn\/fr\/wp-content\/uploads\/2023\/11\/d7b2aeafd533b7f8807c60b3e10da734.png\" \/>\n\t<meta property=\"og:image:width\" content=\"750\" \/>\n\t<meta property=\"og:image:height\" content=\"400\" \/>\n\t<meta property=\"og:image:type\" content=\"image\/png\" \/>\n<meta name=\"author\" content=\"MC\" \/>\n<meta name=\"twitter:card\" content=\"summary_large_image\" \/>\n<meta name=\"twitter:creator\" content=\"@webdo_tn\" \/>\n<meta name=\"twitter:site\" content=\"@webdo_tn\" \/>\n<meta name=\"twitter:label1\" content=\"\u00c9crit par\" \/>\n\t<meta name=\"twitter:data1\" content=\"MC\" \/>\n\t<meta name=\"twitter:label2\" content=\"Dur\u00e9e de lecture estim\u00e9e\" \/>\n\t<meta name=\"twitter:data2\" content=\"1 minute\" \/>\n<script type=\"application\/ld+json\" class=\"yoast-schema-graph\">{\"@context\":\"https:\\\/\\\/schema.org\",\"@graph\":[{\"@type\":\"NewsArticle\",\"@id\":\"https:\\\/\\\/www.webdo.tn\\\/fr\\\/actualite\\\/international\\\/9488-martyrs-a-gaza-dont-pres-de-4000-enfants\\\/209891\\\/#article\",\"isPartOf\":{\"@id\":\"https:\\\/\\\/www.webdo.tn\\\/fr\\\/actualite\\\/international\\\/9488-martyrs-a-gaza-dont-pres-de-4000-enfants\\\/209891\\\/\"},\"author\":{\"name\":\"MC\",\"@id\":\"https:\\\/\\\/www.webdo.tn\\\/fr\\\/#\\\/schema\\\/person\\\/2c4929cbf5a809e3bd38617c6ce150f6\"},\"headline\":\"9488 martyrs \u00e0 Gaza dont pr\u00e8s de 4000 enfants\",\"datePublished\":\"2023-11-04T12:34:00+00:00\",\"dateModified\":\"2025-05-20T21:56:03+00:00\",\"mainEntityOfPage\":{\"@id\":\"https:\\\/\\\/www.webdo.tn\\\/fr\\\/actualite\\\/international\\\/9488-martyrs-a-gaza-dont-pres-de-4000-enfants\\\/209891\\\/\"},\"wordCount\":274,\"commentCount\":0,\"publisher\":{\"@id\":\"https:\\\/\\\/www.webdo.tn\\\/fr\\\/#organization\"},\"image\":{\"@id\":\"https:\\\/\\\/www.webdo.tn\\\/fr\\\/actualite\\\/international\\\/9488-martyrs-a-gaza-dont-pres-de-4000-enfants\\\/209891\\\/#primaryimage\"},\"thumbnailUrl\":\"https:\\\/\\\/www.webdo.tn\\\/fr\\\/wp-content\\\/uploads\\\/2023\\\/11\\\/d7b2aeafd533b7f8807c60b3e10da734.png\",\"keywords\":[\"bilan\",\"Gaza\",\"Martyrs\"],\"articleSection\":[\"International\"],\"inLanguage\":\"fr-FR\"},{\"@type\":\"WebPage\",\"@id\":\"https:\\\/\\\/www.webdo.tn\\\/fr\\\/actualite\\\/international\\\/9488-martyrs-a-gaza-dont-pres-de-4000-enfants\\\/209891\\\/\",\"url\":\"https:\\\/\\\/www.webdo.tn\\\/fr\\\/actualite\\\/international\\\/9488-martyrs-a-gaza-dont-pres-de-4000-enfants\\\/209891\\\/\",\"name\":\"9488 martyrs \u00e0 Gaza dont pr\u00e8s de 4000 enfants\",\"isPartOf\":{\"@id\":\"https:\\\/\\\/www.webdo.tn\\\/fr\\\/#website\"},\"primaryImageOfPage\":{\"@id\":\"https:\\\/\\\/www.webdo.tn\\\/fr\\\/actualite\\\/international\\\/9488-martyrs-a-gaza-dont-pres-de-4000-enfants\\\/209891\\\/#primaryimage\"},\"image\":{\"@id\":\"https:\\\/\\\/www.webdo.tn\\\/fr\\\/actualite\\\/international\\\/9488-martyrs-a-gaza-dont-pres-de-4000-enfants\\\/209891\\\/#primaryimage\"},\"thumbnailUrl\":\"https:\\\/\\\/www.webdo.tn\\\/fr\\\/wp-content\\\/uploads\\\/2023\\\/11\\\/d7b2aeafd533b7f8807c60b3e10da734.png\",\"datePublished\":\"2023-11-04T12:34:00+00:00\",\"dateModified\":\"2025-05-20T21:56:03+00:00\",\"description\":\"Le minist\u00e8re de la Sant\u00e9 du Hamas a annonc\u00e9 samedi que 9488 personnes, dont 3900 enfants, avaient \u00e9t\u00e9 tu\u00e9s dans la bande de Gaza depuis le d\u00e9but de la guerre av...\",\"breadcrumb\":{\"@id\":\"https:\\\/\\\/www.webdo.tn\\\/fr\\\/actualite\\\/international\\\/9488-martyrs-a-gaza-dont-pres-de-4000-enfants\\\/209891\\\/#breadcrumb\"},\"inLanguage\":\"fr-FR\",\"potentialAction\":[{\"@type\":\"ReadAction\",\"target\":[\"https:\\\/\\\/www.webdo.tn\\\/fr\\\/actualite\\\/international\\\/9488-martyrs-a-gaza-dont-pres-de-4000-enfants\\\/209891\\\/\"]}]},{\"@type\":\"ImageObject\",\"inLanguage\":\"fr-FR\",\"@id\":\"https:\\\/\\\/www.webdo.tn\\\/fr\\\/actualite\\\/international\\\/9488-martyrs-a-gaza-dont-pres-de-4000-enfants\\\/209891\\\/#primaryimage\",\"url\":\"https:\\\/\\\/www.webdo.tn\\\/fr\\\/wp-content\\\/uploads\\\/2023\\\/11\\\/d7b2aeafd533b7f8807c60b3e10da734.png\",\"contentUrl\":\"https:\\\/\\\/www.webdo.tn\\\/fr\\\/wp-content\\\/uploads\\\/2023\\\/11\\\/d7b2aeafd533b7f8807c60b3e10da734.png\",\"width\":750,\"height\":400,\"caption\":\"9488 martyrs \u00e0 Gaza dont pr\u00e8s de 4000 enfants\"},{\"@type\":\"BreadcrumbList\",\"@id\":\"https:\\\/\\\/www.webdo.tn\\\/fr\\\/actualite\\\/international\\\/9488-martyrs-a-gaza-dont-pres-de-4000-enfants\\\/209891\\\/#breadcrumb\",\"itemListElement\":[{\"@type\":\"ListItem\",\"position\":1,\"name\":\"Accueil\",\"item\":\"https:\\\/\\\/www.webdo.tn\\\/fr\\\/\"},{\"@type\":\"ListItem\",\"position\":2,\"name\":\"9488 martyrs \u00e0 Gaza dont pr\u00e8s de 4000 enfants\"}]},{\"@type\":\"WebSite\",\"@id\":\"https:\\\/\\\/www.webdo.tn\\\/fr\\\/#website\",\"url\":\"https:\\\/\\\/www.webdo.tn\\\/fr\\\/\",\"name\":\"webdo\",\"description\":\"Tunisie - News en Tunisie et \u00e0 l&#039;international sur Webdo.tn\",\"publisher\":{\"@id\":\"https:\\\/\\\/www.webdo.tn\\\/fr\\\/#organization\"},\"potentialAction\":[{\"@type\":\"SearchAction\",\"target\":{\"@type\":\"EntryPoint\",\"urlTemplate\":\"https:\\\/\\\/www.webdo.tn\\\/fr\\\/?s={search_term_string}\"},\"query-input\":{\"@type\":\"PropertyValueSpecification\",\"valueRequired\":true,\"valueName\":\"search_term_string\"}}],\"inLanguage\":\"fr-FR\"},{\"@type\":\"Organization\",\"@id\":\"https:\\\/\\\/www.webdo.tn\\\/fr\\\/#organization\",\"name\":\"Webdo\",\"alternateName\":\"Webdo.tn\",\"url\":\"https:\\\/\\\/www.webdo.tn\\\/fr\\\/\",\"logo\":{\"@type\":\"ImageObject\",\"inLanguage\":\"fr-FR\",\"@id\":\"https:\\\/\\\/www.webdo.tn\\\/fr\\\/#\\\/schema\\\/logo\\\/image\\\/\",\"url\":\"https:\\\/\\\/www.webdo.tn\\\/fr\\\/wp-content\\\/uploads\\\/2025\\\/06\\\/Webdo-Tunisie_168377.jpg\",\"contentUrl\":\"https:\\\/\\\/www.webdo.tn\\\/fr\\\/wp-content\\\/uploads\\\/2025\\\/06\\\/Webdo-Tunisie_168377.jpg\",\"width\":301,\"height\":301,\"caption\":\"Webdo\"},\"image\":{\"@id\":\"https:\\\/\\\/www.webdo.tn\\\/fr\\\/#\\\/schema\\\/logo\\\/image\\\/\"},\"sameAs\":[\"https:\\\/\\\/www.facebook.com\\\/webdotn\",\"https:\\\/\\\/x.com\\\/webdo_tn\"],\"description\":\"Webdo est un m\u00e9dia num\u00e9rique tunisien fond\u00e9 en 2010, sp\u00e9cialis\u00e9 dans l\u2019actualit\u00e9 nationale et internationale, l\u2019\u00e9conomie, la soci\u00e9t\u00e9 et les analyses politiques. Le site s\u2019adresse \u00e0 un large public francophone et couvre l\u2019information tunisienne en temps r\u00e9el.\",\"email\":\"redac@webdo.tn\",\"legalName\":\"YNJ SARL\",\"foundingDate\":\"2010-09-06\",\"numberOfEmployees\":{\"@type\":\"QuantitativeValue\",\"minValue\":\"11\",\"maxValue\":\"50\"}},{\"@type\":\"Person\",\"@id\":\"https:\\\/\\\/www.webdo.tn\\\/fr\\\/#\\\/schema\\\/person\\\/2c4929cbf5a809e3bd38617c6ce150f6\",\"name\":\"MC\",\"image\":{\"@type\":\"ImageObject\",\"inLanguage\":\"fr-FR\",\"@id\":\"https:\\\/\\\/secure.gravatar.com\\\/avatar\\\/a545bbb6f84efdd5553dbbc2895e3ca8f1d12c5215e00a041c9670b54aa9b18a?s=96&d=mm&r=g\",\"url\":\"https:\\\/\\\/secure.gravatar.com\\\/avatar\\\/a545bbb6f84efdd5553dbbc2895e3ca8f1d12c5215e00a041c9670b54aa9b18a?s=96&d=mm&r=g\",\"contentUrl\":\"https:\\\/\\\/secure.gravatar.com\\\/avatar\\\/a545bbb6f84efdd5553dbbc2895e3ca8f1d12c5215e00a041c9670b54aa9b18a?s=96&d=mm&r=g\",\"caption\":\"MC\"},\"url\":\"https:\\\/\\\/www.webdo.tn\\\/fr\\\/actualite\\\/author\\\/mc\\\/\"}]}<\/script>\n<!-- \/ Yoast SEO Premium plugin. -->","yoast_head_json":{"title":"9488 martyrs \u00e0 Gaza dont pr\u00e8s de 4000 enfants","description":"Le minist\u00e8re de la Sant\u00e9 du Hamas a annonc\u00e9 samedi que 9488 personnes, dont 3900 enfants, avaient \u00e9t\u00e9 tu\u00e9s dans la bande de Gaza depuis le d\u00e9but de la guerre av...","canonical":"https:\/\/www.webdo.tn\/fr\/actualite\/international\/9488-martyrs-a-gaza-dont-pres-de-4000-enfants\/209891\/","og_locale":"fr_FR","og_type":"article","og_title":"9488 martyrs \u00e0 Gaza dont pr\u00e8s de 4000 enfants","og_description":"Le minist\u00e8re de la Sant\u00e9 du Hamas a annonc\u00e9 samedi que 9488 personnes, dont 3900 enfants, avaient \u00e9t\u00e9 tu\u00e9s dans la bande de Gaza depuis le d\u00e9but de la guerre av...","og_url":"https:\/\/www.webdo.tn\/fr\/actualite\/international\/9488-martyrs-a-gaza-dont-pres-de-4000-enfants\/209891\/","og_site_name":"webdo","article_publisher":"https:\/\/www.facebook.com\/webdotn","article_published_time":"2023-11-04T12:34:00+00:00","article_modified_time":"2025-05-20T21:56:03+00:00","og_image":[{"width":750,"height":400,"url":"https:\/\/www.webdo.tn\/fr\/wp-content\/uploads\/2023\/11\/d7b2aeafd533b7f8807c60b3e10da734.png","type":"image\/png"}],"author":"MC","twitter_card":"summary_large_image","twitter_creator":"@webdo_tn","twitter_site":"@webdo_tn","twitter_misc":{"\u00c9crit par":"MC","Dur\u00e9e de lecture estim\u00e9e":"1 minute"},"schema":{"@context":"https:\/\/schema.org","@graph":[{"@type":"NewsArticle","@id":"https:\/\/www.webdo.tn\/fr\/actualite\/international\/9488-martyrs-a-gaza-dont-pres-de-4000-enfants\/209891\/#article","isPartOf":{"@id":"https:\/\/www.webdo.tn\/fr\/actualite\/international\/9488-martyrs-a-gaza-dont-pres-de-4000-enfants\/209891\/"},"author":{"name":"MC","@id":"https:\/\/www.webdo.tn\/fr\/#\/schema\/person\/2c4929cbf5a809e3bd38617c6ce150f6"},"headline":"9488 martyrs \u00e0 Gaza dont pr\u00e8s de 4000 enfants","datePublished":"2023-11-04T12:34:00+00:00","dateModified":"2025-05-20T21:56:03+00:00","mainEntityOfPage":{"@id":"https:\/\/www.webdo.tn\/fr\/actualite\/international\/9488-martyrs-a-gaza-dont-pres-de-4000-enfants\/209891\/"},"wordCount":274,"commentCount":0,"publisher":{"@id":"https:\/\/www.webdo.tn\/fr\/#organization"},"image":{"@id":"https:\/\/www.webdo.tn\/fr\/actualite\/international\/9488-martyrs-a-gaza-dont-pres-de-4000-enfants\/209891\/#primaryimage"},"thumbnailUrl":"https:\/\/www.webdo.tn\/fr\/wp-content\/uploads\/2023\/11\/d7b2aeafd533b7f8807c60b3e10da734.png","keywords":["bilan","Gaza","Martyrs"],"articleSection":["International"],"inLanguage":"fr-FR"},{"@type":"WebPage","@id":"https:\/\/www.webdo.tn\/fr\/actualite\/international\/9488-martyrs-a-gaza-dont-pres-de-4000-enfants\/209891\/","url":"https:\/\/www.webdo.tn\/fr\/actualite\/international\/9488-martyrs-a-gaza-dont-pres-de-4000-enfants\/209891\/","name":"9488 martyrs \u00e0 Gaza dont pr\u00e8s de 4000 enfants","isPartOf":{"@id":"https:\/\/www.webdo.tn\/fr\/#website"},"primaryImageOfPage":{"@id":"https:\/\/www.webdo.tn\/fr\/actualite\/international\/9488-martyrs-a-gaza-dont-pres-de-4000-enfants\/209891\/#primaryimage"},"image":{"@id":"https:\/\/www.webdo.tn\/fr\/actualite\/international\/9488-martyrs-a-gaza-dont-pres-de-4000-enfants\/209891\/#primaryimage"},"thumbnailUrl":"https:\/\/www.webdo.tn\/fr\/wp-content\/uploads\/2023\/11\/d7b2aeafd533b7f8807c60b3e10da734.png","datePublished":"2023-11-04T12:34:00+00:00","dateModified":"2025-05-20T21:56:03+00:00","description":"Le minist\u00e8re de la Sant\u00e9 du Hamas a annonc\u00e9 samedi que 9488 personnes, dont 3900 enfants, avaient \u00e9t\u00e9 tu\u00e9s dans la bande de Gaza depuis le d\u00e9but de la guerre av...","breadcrumb":{"@id":"https:\/\/www.webdo.tn\/fr\/actualite\/international\/9488-martyrs-a-gaza-dont-pres-de-4000-enfants\/209891\/#breadcrumb"},"inLanguage":"fr-FR","potentialAction":[{"@type":"ReadAction","target":["https:\/\/www.webdo.tn\/fr\/actualite\/international\/9488-martyrs-a-gaza-dont-pres-de-4000-enfants\/209891\/"]}]},{"@type":"ImageObject","inLanguage":"fr-FR","@id":"https:\/\/www.webdo.tn\/fr\/actualite\/international\/9488-martyrs-a-gaza-dont-pres-de-4000-enfants\/209891\/#primaryimage","url":"https:\/\/www.webdo.tn\/fr\/wp-content\/uploads\/2023\/11\/d7b2aeafd533b7f8807c60b3e10da734.png","contentUrl":"https:\/\/www.webdo.tn\/fr\/wp-content\/uploads\/2023\/11\/d7b2aeafd533b7f8807c60b3e10da734.png","width":750,"height":400,"caption":"9488 martyrs \u00e0 Gaza dont pr\u00e8s de 4000 enfants"},{"@type":"BreadcrumbList","@id":"https:\/\/www.webdo.tn\/fr\/actualite\/international\/9488-martyrs-a-gaza-dont-pres-de-4000-enfants\/209891\/#breadcrumb","itemListElement":[{"@type":"ListItem","position":1,"name":"Accueil","item":"https:\/\/www.webdo.tn\/fr\/"},{"@type":"ListItem","position":2,"name":"9488 martyrs \u00e0 Gaza dont pr\u00e8s de 4000 enfants"}]},{"@type":"WebSite","@id":"https:\/\/www.webdo.tn\/fr\/#website","url":"https:\/\/www.webdo.tn\/fr\/","name":"webdo","description":"Tunisie - News en Tunisie et \u00e0 l&#039;international sur Webdo.tn","publisher":{"@id":"https:\/\/www.webdo.tn\/fr\/#organization"},"potentialAction":[{"@type":"SearchAction","target":{"@type":"EntryPoint","urlTemplate":"https:\/\/www.webdo.tn\/fr\/?s={search_term_string}"},"query-input":{"@type":"PropertyValueSpecification","valueRequired":true,"valueName":"search_term_string"}}],"inLanguage":"fr-FR"},{"@type":"Organization","@id":"https:\/\/www.webdo.tn\/fr\/#organization","name":"Webdo","alternateName":"Webdo.tn","url":"https:\/\/www.webdo.tn\/fr\/","logo":{"@type":"ImageObject","inLanguage":"fr-FR","@id":"https:\/\/www.webdo.tn\/fr\/#\/schema\/logo\/image\/","url":"https:\/\/www.webdo.tn\/fr\/wp-content\/uploads\/2025\/06\/Webdo-Tunisie_168377.jpg","contentUrl":"https:\/\/www.webdo.tn\/fr\/wp-content\/uploads\/2025\/06\/Webdo-Tunisie_168377.jpg","width":301,"height":301,"caption":"Webdo"},"image":{"@id":"https:\/\/www.webdo.tn\/fr\/#\/schema\/logo\/image\/"},"sameAs":["https:\/\/www.facebook.com\/webdotn","https:\/\/x.com\/webdo_tn"],"description":"Webdo est un m\u00e9dia num\u00e9rique tunisien fond\u00e9 en 2010, sp\u00e9cialis\u00e9 dans l\u2019actualit\u00e9 nationale et internationale, l\u2019\u00e9conomie, la soci\u00e9t\u00e9 et les analyses politiques. Le site s\u2019adresse \u00e0 un large public francophone et couvre l\u2019information tunisienne en temps r\u00e9el.","email":"redac@webdo.tn","legalName":"YNJ SARL","foundingDate":"2010-09-06","numberOfEmployees":{"@type":"QuantitativeValue","minValue":"11","maxValue":"50"}},{"@type":"Person","@id":"https:\/\/www.webdo.tn\/fr\/#\/schema\/person\/2c4929cbf5a809e3bd38617c6ce150f6","name":"MC","image":{"@type":"ImageObject","inLanguage":"fr-FR","@id":"https:\/\/secure.gravatar.com\/avatar\/a545bbb6f84efdd5553dbbc2895e3ca8f1d12c5215e00a041c9670b54aa9b18a?s=96&d=mm&r=g","url":"https:\/\/secure.gravatar.com\/avatar\/a545bbb6f84efdd5553dbbc2895e3ca8f1d12c5215e00a041c9670b54aa9b18a?s=96&d=mm&r=g","contentUrl":"https:\/\/secure.gravatar.com\/avatar\/a545bbb6f84efdd5553dbbc2895e3ca8f1d12c5215e00a041c9670b54aa9b18a?s=96&d=mm&r=g","caption":"MC"},"url":"https:\/\/www.webdo.tn\/fr\/actualite\/author\/mc\/"}]}},"_links":{"self":[{"href":"https:\/\/www.webdo.tn\/fr\/wp-json\/wp\/v2\/posts\/209891","targetHints":{"allow":["GET"]}}],"collection":[{"href":"https:\/\/www.webdo.tn\/fr\/wp-json\/wp\/v2\/posts"}],"about":[{"href":"https:\/\/www.webdo.tn\/fr\/wp-json\/wp\/v2\/types\/post"}],"author":[{"embeddable":true,"href":"https:\/\/www.webdo.tn\/fr\/wp-json\/wp\/v2\/users\/3162"}],"replies":[{"embeddable":true,"href":"https:\/\/www.webdo.tn\/fr\/wp-json\/wp\/v2\/comments?post=209891"}],"version-history":[{"count":0,"href":"https:\/\/www.webdo.tn\/fr\/wp-json\/wp\/v2\/posts\/209891\/revisions"}],"wp:featuredmedia":[{"embeddable":true,"href":"https:\/\/www.webdo.tn\/fr\/wp-json\/wp\/v2\/media\/248861"}],"wp:attachment":[{"href":"https:\/\/www.webdo.tn\/fr\/wp-json\/wp\/v2\/media?parent=209891"}],"wp:term":[{"taxonomy":"category","embeddable":true,"href":"https:\/\/www.webdo.tn\/fr\/wp-json\/wp\/v2\/categories?post=209891"},{"taxonomy":"post_tag","embeddable":true,"href":"https:\/\/www.webdo.tn\/fr\/wp-json\/wp\/v2\/tags?post=209891"}],"curies":[{"name":"wp","href":"https:\/\/api.w.org\/{rel}","templated":true}]}}