{"id":209873,"date":"2023-11-03T18:22:00","date_gmt":"2023-11-03T18:22:00","guid":{"rendered":"https:\/\/www.webdo.tn\/fr\/blog\/deux-des-evades-d-el-mornaguia-seraient-impliques-dans-le-hold-up-d-une-banque-a-boumhal\/209873\/"},"modified":"2023-11-03T18:22:00","modified_gmt":"2023-11-03T18:22:00","slug":"deux-des-evades-d-el-mornaguia-seraient-impliques-dans-le-hold-up-d-une-banque-a-boumhal","status":"publish","type":"post","link":"https:\/\/www.webdo.tn\/fr\/actualite\/national\/deux-des-evades-d-el-mornaguia-seraient-impliques-dans-le-hold-up-d-une-banque-a-boumhal\/209873\/","title":{"rendered":"Deux \u00e9vad\u00e9s de Mornaguia seraient impliqu\u00e9s dans le hold-up d&rsquo;une banque"},"content":{"rendered":"<p>La direction g\u00e9n\u00e9rale de la Garde nationale a publi\u00e9 un communiqu\u00e9, ce vendredi 3 novembre 2023, dans lequel elle pr\u00e9cise que deux des cinq \u00e9vad\u00e9s de la prison d&rsquo;El Mornaguia seraient li\u00e9s au hold-up d\u2019une agence bancaire \u00e0 Boumhal.<\/p>\n<p>\t\t\t\t\t\t\t\t\tL&rsquo;enqu\u00eate concernant ce braquage a \u00e9t\u00e9\u00a0a \u00e9t\u00e9 confi\u00e9e \u00e0 la sous-direction de lutte contre le crime relavant des affaires judiciaires de la Garde nationale \u00e0 Ben Arous, avant d&rsquo;\u00eatre\u00a0transf\u00e9r\u00e9e au p\u00f4le judiciaire de lutte contre le terrorisme et confi\u00e9e \u00e0 la Brigade nationale de lutte contre le terrorisme.<\/p>\n<p>Selon le m\u00eame communiqu\u00e9, un dispositif s\u00e9curitaire d&rsquo;envergure a \u00e9t\u00e9 d\u00e9ploy\u00e9 pour mettre la main sur les braqueurs de l&rsquo;agence bancaire, qui\u00a0ont d\u00e9rob\u00e9 la somme de 20 mille dinars puis ont pris la fuite \u00e0 bord d\u2019un v\u00e9hicule.<\/p>\n","protected":false},"excerpt":{"rendered":"<p>La direction g\u00e9n\u00e9rale de la Garde nationale a publi\u00e9 un communiqu\u00e9, ce vendredi 3 novembre 2023, dans lequel elle pr\u00e9cise que deux des cinq \u00e9vad\u00e9s de la prison&#8230;<\/p>\n","protected":false},"author":3169,"featured_media":289813,"comment_status":"open","ping_status":"closed","sticky":false,"template":"","format":"standard","meta":{"footnotes":""},"categories":[44],"tags":[6334,4319,7607,7621,7419,2608],"class_list":["post-209873","post","type-post","status-publish","format-standard","has-post-thumbnail","hentry","category-national","tag-banque","tag-braquage","tag-evades","tag-hold-up","tag-mornaguia","tag-tunisie"],"yoast_head":"<!-- This site is optimized with the Yoast SEO Premium plugin v27.5 (Yoast SEO v27.5) - https:\/\/yoast.com\/product\/yoast-seo-premium-wordpress\/ -->\n<title>Deux \u00e9vad\u00e9s de Mornaguia seraient impliqu\u00e9s dans le hold-up d&#039;une banque<\/title>\n<meta name=\"description\" content=\"La direction g\u00e9n\u00e9rale de la Garde nationale a publi\u00e9 un communiqu\u00e9, ce vendredi 3 novembre 2023, dans lequel elle pr\u00e9cise que deux des cinq \u00e9vad\u00e9s de la prison...\" \/>\n<link rel=\"canonical\" href=\"https:\/\/www.webdo.tn\/fr\/actualite\/national\/deux-des-evades-d-el-mornaguia-seraient-impliques-dans-le-hold-up-d-une-banque-a-boumhal\/209873\/\" \/>\n<meta property=\"og:locale\" content=\"fr_FR\" \/>\n<meta property=\"og:type\" content=\"article\" \/>\n<meta property=\"og:title\" content=\"Deux \u00e9vad\u00e9s de Mornaguia seraient impliqu\u00e9s dans le hold-up d&#039;une banque\" \/>\n<meta property=\"og:description\" content=\"La direction g\u00e9n\u00e9rale de la Garde nationale a publi\u00e9 un communiqu\u00e9, ce vendredi 3 novembre 2023, dans lequel elle pr\u00e9cise que deux des cinq \u00e9vad\u00e9s de la prison...\" \/>\n<meta property=\"og:url\" content=\"https:\/\/www.webdo.tn\/fr\/actualite\/national\/deux-des-evades-d-el-mornaguia-seraient-impliques-dans-le-hold-up-d-une-banque-a-boumhal\/209873\/\" \/>\n<meta property=\"og:site_name\" content=\"webdo\" \/>\n<meta property=\"article:publisher\" content=\"https:\/\/www.facebook.com\/webdotn\" \/>\n<meta property=\"article:published_time\" content=\"2023-11-03T18:22:00+00:00\" \/>\n<meta property=\"og:image\" content=\"https:\/\/www.webdo.tn\/fr\/wp-content\/uploads\/2023\/11\/b18f5f7ae9c8f006e77958cc92893018.webp\" \/>\n\t<meta property=\"og:image:width\" content=\"750\" \/>\n\t<meta property=\"og:image:height\" content=\"400\" \/>\n\t<meta property=\"og:image:type\" content=\"image\/webp\" \/>\n<meta name=\"author\" content=\"Webdo\" \/>\n<meta name=\"twitter:card\" content=\"summary_large_image\" \/>\n<meta name=\"twitter:creator\" content=\"@webdo_tn\" \/>\n<meta name=\"twitter:site\" content=\"@webdo_tn\" \/>\n<meta name=\"twitter:label1\" content=\"\u00c9crit par\" \/>\n\t<meta name=\"twitter:data1\" content=\"Webdo\" \/>\n\t<meta name=\"twitter:label2\" content=\"Dur\u00e9e de lecture estim\u00e9e\" \/>\n\t<meta name=\"twitter:data2\" content=\"1 minute\" \/>\n<script type=\"application\/ld+json\" class=\"yoast-schema-graph\">{\"@context\":\"https:\\\/\\\/schema.org\",\"@graph\":[{\"@type\":\"NewsArticle\",\"@id\":\"https:\\\/\\\/www.webdo.tn\\\/fr\\\/actualite\\\/national\\\/deux-des-evades-d-el-mornaguia-seraient-impliques-dans-le-hold-up-d-une-banque-a-boumhal\\\/209873\\\/#article\",\"isPartOf\":{\"@id\":\"https:\\\/\\\/www.webdo.tn\\\/fr\\\/actualite\\\/national\\\/deux-des-evades-d-el-mornaguia-seraient-impliques-dans-le-hold-up-d-une-banque-a-boumhal\\\/209873\\\/\"},\"author\":{\"name\":\"Webdo\",\"@id\":\"https:\\\/\\\/www.webdo.tn\\\/fr\\\/#\\\/schema\\\/person\\\/1f4e491e0907b413d61089e8eb573acc\"},\"headline\":\"Deux \u00e9vad\u00e9s de Mornaguia seraient impliqu\u00e9s dans le hold-up d&rsquo;une banque\",\"datePublished\":\"2023-11-03T18:22:00+00:00\",\"mainEntityOfPage\":{\"@id\":\"https:\\\/\\\/www.webdo.tn\\\/fr\\\/actualite\\\/national\\\/deux-des-evades-d-el-mornaguia-seraient-impliques-dans-le-hold-up-d-une-banque-a-boumhal\\\/209873\\\/\"},\"wordCount\":157,\"commentCount\":0,\"publisher\":{\"@id\":\"https:\\\/\\\/www.webdo.tn\\\/fr\\\/#organization\"},\"image\":{\"@id\":\"https:\\\/\\\/www.webdo.tn\\\/fr\\\/actualite\\\/national\\\/deux-des-evades-d-el-mornaguia-seraient-impliques-dans-le-hold-up-d-une-banque-a-boumhal\\\/209873\\\/#primaryimage\"},\"thumbnailUrl\":\"https:\\\/\\\/www.webdo.tn\\\/fr\\\/wp-content\\\/uploads\\\/2023\\\/11\\\/b18f5f7ae9c8f006e77958cc92893018.webp\",\"keywords\":[\"Banque\",\"Braquage\",\"evad\u00e9s\",\"hold-up\",\"mornaguia\",\"Tunisie\"],\"articleSection\":[\"National\"],\"inLanguage\":\"fr-FR\"},{\"@type\":\"WebPage\",\"@id\":\"https:\\\/\\\/www.webdo.tn\\\/fr\\\/actualite\\\/national\\\/deux-des-evades-d-el-mornaguia-seraient-impliques-dans-le-hold-up-d-une-banque-a-boumhal\\\/209873\\\/\",\"url\":\"https:\\\/\\\/www.webdo.tn\\\/fr\\\/actualite\\\/national\\\/deux-des-evades-d-el-mornaguia-seraient-impliques-dans-le-hold-up-d-une-banque-a-boumhal\\\/209873\\\/\",\"name\":\"Deux \u00e9vad\u00e9s de Mornaguia seraient impliqu\u00e9s dans le hold-up d'une banque\",\"isPartOf\":{\"@id\":\"https:\\\/\\\/www.webdo.tn\\\/fr\\\/#website\"},\"primaryImageOfPage\":{\"@id\":\"https:\\\/\\\/www.webdo.tn\\\/fr\\\/actualite\\\/national\\\/deux-des-evades-d-el-mornaguia-seraient-impliques-dans-le-hold-up-d-une-banque-a-boumhal\\\/209873\\\/#primaryimage\"},\"image\":{\"@id\":\"https:\\\/\\\/www.webdo.tn\\\/fr\\\/actualite\\\/national\\\/deux-des-evades-d-el-mornaguia-seraient-impliques-dans-le-hold-up-d-une-banque-a-boumhal\\\/209873\\\/#primaryimage\"},\"thumbnailUrl\":\"https:\\\/\\\/www.webdo.tn\\\/fr\\\/wp-content\\\/uploads\\\/2023\\\/11\\\/b18f5f7ae9c8f006e77958cc92893018.webp\",\"datePublished\":\"2023-11-03T18:22:00+00:00\",\"description\":\"La direction g\u00e9n\u00e9rale de la Garde nationale a publi\u00e9 un communiqu\u00e9, ce vendredi 3 novembre 2023, dans lequel elle pr\u00e9cise que deux des cinq \u00e9vad\u00e9s de la prison...\",\"breadcrumb\":{\"@id\":\"https:\\\/\\\/www.webdo.tn\\\/fr\\\/actualite\\\/national\\\/deux-des-evades-d-el-mornaguia-seraient-impliques-dans-le-hold-up-d-une-banque-a-boumhal\\\/209873\\\/#breadcrumb\"},\"inLanguage\":\"fr-FR\",\"potentialAction\":[{\"@type\":\"ReadAction\",\"target\":[\"https:\\\/\\\/www.webdo.tn\\\/fr\\\/actualite\\\/national\\\/deux-des-evades-d-el-mornaguia-seraient-impliques-dans-le-hold-up-d-une-banque-a-boumhal\\\/209873\\\/\"]}]},{\"@type\":\"ImageObject\",\"inLanguage\":\"fr-FR\",\"@id\":\"https:\\\/\\\/www.webdo.tn\\\/fr\\\/actualite\\\/national\\\/deux-des-evades-d-el-mornaguia-seraient-impliques-dans-le-hold-up-d-une-banque-a-boumhal\\\/209873\\\/#primaryimage\",\"url\":\"https:\\\/\\\/www.webdo.tn\\\/fr\\\/wp-content\\\/uploads\\\/2023\\\/11\\\/b18f5f7ae9c8f006e77958cc92893018.webp\",\"contentUrl\":\"https:\\\/\\\/www.webdo.tn\\\/fr\\\/wp-content\\\/uploads\\\/2023\\\/11\\\/b18f5f7ae9c8f006e77958cc92893018.webp\",\"width\":750,\"height\":400,\"caption\":\"Deux \u00e9vad\u00e9s de Mornaguia seraient impliqu\u00e9s dans le hold-up d'une banque\"},{\"@type\":\"BreadcrumbList\",\"@id\":\"https:\\\/\\\/www.webdo.tn\\\/fr\\\/actualite\\\/national\\\/deux-des-evades-d-el-mornaguia-seraient-impliques-dans-le-hold-up-d-une-banque-a-boumhal\\\/209873\\\/#breadcrumb\",\"itemListElement\":[{\"@type\":\"ListItem\",\"position\":1,\"name\":\"Accueil\",\"item\":\"https:\\\/\\\/www.webdo.tn\\\/fr\\\/\"},{\"@type\":\"ListItem\",\"position\":2,\"name\":\"Deux \u00e9vad\u00e9s de Mornaguia seraient impliqu\u00e9s dans le hold-up d&rsquo;une banque\"}]},{\"@type\":\"WebSite\",\"@id\":\"https:\\\/\\\/www.webdo.tn\\\/fr\\\/#website\",\"url\":\"https:\\\/\\\/www.webdo.tn\\\/fr\\\/\",\"name\":\"webdo\",\"description\":\"Tunisie - News en Tunisie et \u00e0 l&#039;international sur Webdo.tn\",\"publisher\":{\"@id\":\"https:\\\/\\\/www.webdo.tn\\\/fr\\\/#organization\"},\"potentialAction\":[{\"@type\":\"SearchAction\",\"target\":{\"@type\":\"EntryPoint\",\"urlTemplate\":\"https:\\\/\\\/www.webdo.tn\\\/fr\\\/?s={search_term_string}\"},\"query-input\":{\"@type\":\"PropertyValueSpecification\",\"valueRequired\":true,\"valueName\":\"search_term_string\"}}],\"inLanguage\":\"fr-FR\"},{\"@type\":\"Organization\",\"@id\":\"https:\\\/\\\/www.webdo.tn\\\/fr\\\/#organization\",\"name\":\"Webdo\",\"alternateName\":\"Webdo.tn\",\"url\":\"https:\\\/\\\/www.webdo.tn\\\/fr\\\/\",\"logo\":{\"@type\":\"ImageObject\",\"inLanguage\":\"fr-FR\",\"@id\":\"https:\\\/\\\/www.webdo.tn\\\/fr\\\/#\\\/schema\\\/logo\\\/image\\\/\",\"url\":\"https:\\\/\\\/www.webdo.tn\\\/fr\\\/wp-content\\\/uploads\\\/2025\\\/06\\\/Webdo-Tunisie_168377.jpg\",\"contentUrl\":\"https:\\\/\\\/www.webdo.tn\\\/fr\\\/wp-content\\\/uploads\\\/2025\\\/06\\\/Webdo-Tunisie_168377.jpg\",\"width\":301,\"height\":301,\"caption\":\"Webdo\"},\"image\":{\"@id\":\"https:\\\/\\\/www.webdo.tn\\\/fr\\\/#\\\/schema\\\/logo\\\/image\\\/\"},\"sameAs\":[\"https:\\\/\\\/www.facebook.com\\\/webdotn\",\"https:\\\/\\\/x.com\\\/webdo_tn\"],\"description\":\"Webdo est un m\u00e9dia num\u00e9rique tunisien fond\u00e9 en 2010, sp\u00e9cialis\u00e9 dans l\u2019actualit\u00e9 nationale et internationale, l\u2019\u00e9conomie, la soci\u00e9t\u00e9 et les analyses politiques. Le site s\u2019adresse \u00e0 un large public francophone et couvre l\u2019information tunisienne en temps r\u00e9el.\",\"email\":\"redac@webdo.tn\",\"legalName\":\"YNJ SARL\",\"foundingDate\":\"2010-09-06\",\"numberOfEmployees\":{\"@type\":\"QuantitativeValue\",\"minValue\":\"11\",\"maxValue\":\"50\"}},{\"@type\":\"Person\",\"@id\":\"https:\\\/\\\/www.webdo.tn\\\/fr\\\/#\\\/schema\\\/person\\\/1f4e491e0907b413d61089e8eb573acc\",\"name\":\"Webdo\",\"image\":{\"@type\":\"ImageObject\",\"inLanguage\":\"fr-FR\",\"@id\":\"https:\\\/\\\/secure.gravatar.com\\\/avatar\\\/de97aeec1bb80978a9dbb127e47dfc88aaacb2f3c29aac907d8d3222e3495d49?s=96&d=mm&r=g\",\"url\":\"https:\\\/\\\/secure.gravatar.com\\\/avatar\\\/de97aeec1bb80978a9dbb127e47dfc88aaacb2f3c29aac907d8d3222e3495d49?s=96&d=mm&r=g\",\"contentUrl\":\"https:\\\/\\\/secure.gravatar.com\\\/avatar\\\/de97aeec1bb80978a9dbb127e47dfc88aaacb2f3c29aac907d8d3222e3495d49?s=96&d=mm&r=g\",\"caption\":\"Webdo\"},\"url\":\"https:\\\/\\\/www.webdo.tn\\\/fr\\\/actualite\\\/author\\\/webdo\\\/\"}]}<\/script>\n<!-- \/ Yoast SEO Premium plugin. -->","yoast_head_json":{"title":"Deux \u00e9vad\u00e9s de Mornaguia seraient impliqu\u00e9s dans le hold-up d'une banque","description":"La direction g\u00e9n\u00e9rale de la Garde nationale a publi\u00e9 un communiqu\u00e9, ce vendredi 3 novembre 2023, dans lequel elle pr\u00e9cise que deux des cinq \u00e9vad\u00e9s de la prison...","canonical":"https:\/\/www.webdo.tn\/fr\/actualite\/national\/deux-des-evades-d-el-mornaguia-seraient-impliques-dans-le-hold-up-d-une-banque-a-boumhal\/209873\/","og_locale":"fr_FR","og_type":"article","og_title":"Deux \u00e9vad\u00e9s de Mornaguia seraient impliqu\u00e9s dans le hold-up d'une banque","og_description":"La direction g\u00e9n\u00e9rale de la Garde nationale a publi\u00e9 un communiqu\u00e9, ce vendredi 3 novembre 2023, dans lequel elle pr\u00e9cise que deux des cinq \u00e9vad\u00e9s de la prison...","og_url":"https:\/\/www.webdo.tn\/fr\/actualite\/national\/deux-des-evades-d-el-mornaguia-seraient-impliques-dans-le-hold-up-d-une-banque-a-boumhal\/209873\/","og_site_name":"webdo","article_publisher":"https:\/\/www.facebook.com\/webdotn","article_published_time":"2023-11-03T18:22:00+00:00","og_image":[{"width":750,"height":400,"url":"https:\/\/www.webdo.tn\/fr\/wp-content\/uploads\/2023\/11\/b18f5f7ae9c8f006e77958cc92893018.webp","type":"image\/webp"}],"author":"Webdo","twitter_card":"summary_large_image","twitter_creator":"@webdo_tn","twitter_site":"@webdo_tn","twitter_misc":{"\u00c9crit par":"Webdo","Dur\u00e9e de lecture estim\u00e9e":"1 minute"},"schema":{"@context":"https:\/\/schema.org","@graph":[{"@type":"NewsArticle","@id":"https:\/\/www.webdo.tn\/fr\/actualite\/national\/deux-des-evades-d-el-mornaguia-seraient-impliques-dans-le-hold-up-d-une-banque-a-boumhal\/209873\/#article","isPartOf":{"@id":"https:\/\/www.webdo.tn\/fr\/actualite\/national\/deux-des-evades-d-el-mornaguia-seraient-impliques-dans-le-hold-up-d-une-banque-a-boumhal\/209873\/"},"author":{"name":"Webdo","@id":"https:\/\/www.webdo.tn\/fr\/#\/schema\/person\/1f4e491e0907b413d61089e8eb573acc"},"headline":"Deux \u00e9vad\u00e9s de Mornaguia seraient impliqu\u00e9s dans le hold-up d&rsquo;une banque","datePublished":"2023-11-03T18:22:00+00:00","mainEntityOfPage":{"@id":"https:\/\/www.webdo.tn\/fr\/actualite\/national\/deux-des-evades-d-el-mornaguia-seraient-impliques-dans-le-hold-up-d-une-banque-a-boumhal\/209873\/"},"wordCount":157,"commentCount":0,"publisher":{"@id":"https:\/\/www.webdo.tn\/fr\/#organization"},"image":{"@id":"https:\/\/www.webdo.tn\/fr\/actualite\/national\/deux-des-evades-d-el-mornaguia-seraient-impliques-dans-le-hold-up-d-une-banque-a-boumhal\/209873\/#primaryimage"},"thumbnailUrl":"https:\/\/www.webdo.tn\/fr\/wp-content\/uploads\/2023\/11\/b18f5f7ae9c8f006e77958cc92893018.webp","keywords":["Banque","Braquage","evad\u00e9s","hold-up","mornaguia","Tunisie"],"articleSection":["National"],"inLanguage":"fr-FR"},{"@type":"WebPage","@id":"https:\/\/www.webdo.tn\/fr\/actualite\/national\/deux-des-evades-d-el-mornaguia-seraient-impliques-dans-le-hold-up-d-une-banque-a-boumhal\/209873\/","url":"https:\/\/www.webdo.tn\/fr\/actualite\/national\/deux-des-evades-d-el-mornaguia-seraient-impliques-dans-le-hold-up-d-une-banque-a-boumhal\/209873\/","name":"Deux \u00e9vad\u00e9s de Mornaguia seraient impliqu\u00e9s dans le hold-up d'une banque","isPartOf":{"@id":"https:\/\/www.webdo.tn\/fr\/#website"},"primaryImageOfPage":{"@id":"https:\/\/www.webdo.tn\/fr\/actualite\/national\/deux-des-evades-d-el-mornaguia-seraient-impliques-dans-le-hold-up-d-une-banque-a-boumhal\/209873\/#primaryimage"},"image":{"@id":"https:\/\/www.webdo.tn\/fr\/actualite\/national\/deux-des-evades-d-el-mornaguia-seraient-impliques-dans-le-hold-up-d-une-banque-a-boumhal\/209873\/#primaryimage"},"thumbnailUrl":"https:\/\/www.webdo.tn\/fr\/wp-content\/uploads\/2023\/11\/b18f5f7ae9c8f006e77958cc92893018.webp","datePublished":"2023-11-03T18:22:00+00:00","description":"La direction g\u00e9n\u00e9rale de la Garde nationale a publi\u00e9 un communiqu\u00e9, ce vendredi 3 novembre 2023, dans lequel elle pr\u00e9cise que deux des cinq \u00e9vad\u00e9s de la prison...","breadcrumb":{"@id":"https:\/\/www.webdo.tn\/fr\/actualite\/national\/deux-des-evades-d-el-mornaguia-seraient-impliques-dans-le-hold-up-d-une-banque-a-boumhal\/209873\/#breadcrumb"},"inLanguage":"fr-FR","potentialAction":[{"@type":"ReadAction","target":["https:\/\/www.webdo.tn\/fr\/actualite\/national\/deux-des-evades-d-el-mornaguia-seraient-impliques-dans-le-hold-up-d-une-banque-a-boumhal\/209873\/"]}]},{"@type":"ImageObject","inLanguage":"fr-FR","@id":"https:\/\/www.webdo.tn\/fr\/actualite\/national\/deux-des-evades-d-el-mornaguia-seraient-impliques-dans-le-hold-up-d-une-banque-a-boumhal\/209873\/#primaryimage","url":"https:\/\/www.webdo.tn\/fr\/wp-content\/uploads\/2023\/11\/b18f5f7ae9c8f006e77958cc92893018.webp","contentUrl":"https:\/\/www.webdo.tn\/fr\/wp-content\/uploads\/2023\/11\/b18f5f7ae9c8f006e77958cc92893018.webp","width":750,"height":400,"caption":"Deux \u00e9vad\u00e9s de Mornaguia seraient impliqu\u00e9s dans le hold-up d'une banque"},{"@type":"BreadcrumbList","@id":"https:\/\/www.webdo.tn\/fr\/actualite\/national\/deux-des-evades-d-el-mornaguia-seraient-impliques-dans-le-hold-up-d-une-banque-a-boumhal\/209873\/#breadcrumb","itemListElement":[{"@type":"ListItem","position":1,"name":"Accueil","item":"https:\/\/www.webdo.tn\/fr\/"},{"@type":"ListItem","position":2,"name":"Deux \u00e9vad\u00e9s de Mornaguia seraient impliqu\u00e9s dans le hold-up d&rsquo;une banque"}]},{"@type":"WebSite","@id":"https:\/\/www.webdo.tn\/fr\/#website","url":"https:\/\/www.webdo.tn\/fr\/","name":"webdo","description":"Tunisie - News en Tunisie et \u00e0 l&#039;international sur Webdo.tn","publisher":{"@id":"https:\/\/www.webdo.tn\/fr\/#organization"},"potentialAction":[{"@type":"SearchAction","target":{"@type":"EntryPoint","urlTemplate":"https:\/\/www.webdo.tn\/fr\/?s={search_term_string}"},"query-input":{"@type":"PropertyValueSpecification","valueRequired":true,"valueName":"search_term_string"}}],"inLanguage":"fr-FR"},{"@type":"Organization","@id":"https:\/\/www.webdo.tn\/fr\/#organization","name":"Webdo","alternateName":"Webdo.tn","url":"https:\/\/www.webdo.tn\/fr\/","logo":{"@type":"ImageObject","inLanguage":"fr-FR","@id":"https:\/\/www.webdo.tn\/fr\/#\/schema\/logo\/image\/","url":"https:\/\/www.webdo.tn\/fr\/wp-content\/uploads\/2025\/06\/Webdo-Tunisie_168377.jpg","contentUrl":"https:\/\/www.webdo.tn\/fr\/wp-content\/uploads\/2025\/06\/Webdo-Tunisie_168377.jpg","width":301,"height":301,"caption":"Webdo"},"image":{"@id":"https:\/\/www.webdo.tn\/fr\/#\/schema\/logo\/image\/"},"sameAs":["https:\/\/www.facebook.com\/webdotn","https:\/\/x.com\/webdo_tn"],"description":"Webdo est un m\u00e9dia num\u00e9rique tunisien fond\u00e9 en 2010, sp\u00e9cialis\u00e9 dans l\u2019actualit\u00e9 nationale et internationale, l\u2019\u00e9conomie, la soci\u00e9t\u00e9 et les analyses politiques. Le site s\u2019adresse \u00e0 un large public francophone et couvre l\u2019information tunisienne en temps r\u00e9el.","email":"redac@webdo.tn","legalName":"YNJ SARL","foundingDate":"2010-09-06","numberOfEmployees":{"@type":"QuantitativeValue","minValue":"11","maxValue":"50"}},{"@type":"Person","@id":"https:\/\/www.webdo.tn\/fr\/#\/schema\/person\/1f4e491e0907b413d61089e8eb573acc","name":"Webdo","image":{"@type":"ImageObject","inLanguage":"fr-FR","@id":"https:\/\/secure.gravatar.com\/avatar\/de97aeec1bb80978a9dbb127e47dfc88aaacb2f3c29aac907d8d3222e3495d49?s=96&d=mm&r=g","url":"https:\/\/secure.gravatar.com\/avatar\/de97aeec1bb80978a9dbb127e47dfc88aaacb2f3c29aac907d8d3222e3495d49?s=96&d=mm&r=g","contentUrl":"https:\/\/secure.gravatar.com\/avatar\/de97aeec1bb80978a9dbb127e47dfc88aaacb2f3c29aac907d8d3222e3495d49?s=96&d=mm&r=g","caption":"Webdo"},"url":"https:\/\/www.webdo.tn\/fr\/actualite\/author\/webdo\/"}]}},"_links":{"self":[{"href":"https:\/\/www.webdo.tn\/fr\/wp-json\/wp\/v2\/posts\/209873","targetHints":{"allow":["GET"]}}],"collection":[{"href":"https:\/\/www.webdo.tn\/fr\/wp-json\/wp\/v2\/posts"}],"about":[{"href":"https:\/\/www.webdo.tn\/fr\/wp-json\/wp\/v2\/types\/post"}],"author":[{"embeddable":true,"href":"https:\/\/www.webdo.tn\/fr\/wp-json\/wp\/v2\/users\/3169"}],"replies":[{"embeddable":true,"href":"https:\/\/www.webdo.tn\/fr\/wp-json\/wp\/v2\/comments?post=209873"}],"version-history":[{"count":0,"href":"https:\/\/www.webdo.tn\/fr\/wp-json\/wp\/v2\/posts\/209873\/revisions"}],"wp:featuredmedia":[{"embeddable":true,"href":"https:\/\/www.webdo.tn\/fr\/wp-json\/wp\/v2\/media\/289813"}],"wp:attachment":[{"href":"https:\/\/www.webdo.tn\/fr\/wp-json\/wp\/v2\/media?parent=209873"}],"wp:term":[{"taxonomy":"category","embeddable":true,"href":"https:\/\/www.webdo.tn\/fr\/wp-json\/wp\/v2\/categories?post=209873"},{"taxonomy":"post_tag","embeddable":true,"href":"https:\/\/www.webdo.tn\/fr\/wp-json\/wp\/v2\/tags?post=209873"}],"curies":[{"name":"wp","href":"https:\/\/api.w.org\/{rel}","templated":true}]}}