{"id":209869,"date":"2023-11-03T14:53:00","date_gmt":"2023-11-03T14:53:00","guid":{"rendered":"https:\/\/www.webdo.tn\/fr\/blog\/gaza-l-institut-francais-de-gaza-touche-par-une-frappe-israelienne\/209869\/"},"modified":"2025-05-20T21:56:06","modified_gmt":"2025-05-20T21:56:06","slug":"gaza-l-institut-francais-de-gaza-touche-par-une-frappe-israelienne","status":"publish","type":"post","link":"https:\/\/www.webdo.tn\/fr\/actualite\/international\/gaza-l-institut-francais-de-gaza-touche-par-une-frappe-israelienne\/209869\/","title":{"rendered":"L\u2019Institut fran\u00e7ais de Gaza, touch\u00e9 par une frappe isra\u00e9lienne"},"content":{"rendered":"<p>Les frappes isra\u00e9liennes sur Gaza n\u2019\u00e9pargnent personne pas m\u00eame les b\u00e2timents relevant des pays soutenant l\u2019entit\u00e9 sioniste.<\/p>\n<p>\t\t\t\t\t\t\t\t\tL\u2019Institut fran\u00e7ais de Gaza a \u00e9t\u00e9 vis\u00e9, ce vendredi 3 novembre 2023, par une frappe isra\u00e9lienne, a annonc\u00e9 le quai d&rsquo;Orsay.<\/p>\n<p>\u00ab\u00a0Nous avons demand\u00e9 aux autorit\u00e9s isra\u00e9liennes de nous communiquer sans d\u00e9lai par les moyens appropri\u00e9s les \u00e9l\u00e9ments tangibles ayant motiv\u00e9 cette d\u00e9cision\u00a0\u00bb, a not\u00e9 le minist\u00e8re des Affaires \u00e9trang\u00e8res dans un communiqu\u00e9.<\/p>\n<p>Le quai d&rsquo;Orsay ajoute qu\u2019aucun agent, ni aucun ressortissant fran\u00e7ais ne se trouvait dans l\u2019enceinte de l\u2019Institut, lors de la frappe.<\/p>\n","protected":false},"excerpt":{"rendered":"<p>Les frappes isra\u00e9liennes sur Gaza n\u2019\u00e9pargnent personne ni aucun b\u00e2timent m\u00eame ceux des pays soutenant l\u2019entit\u00e9 sioniste.<\/p>\n","protected":false},"author":3162,"featured_media":248884,"comment_status":"open","ping_status":"closed","sticky":false,"template":"","format":"standard","meta":{"footnotes":""},"categories":[2598],"tags":[2689,7626,2636],"class_list":["post-209869","post","type-post","status-publish","format-standard","has-post-thumbnail","hentry","category-international","tag-gaza","tag-institut-francais","tag-israel"],"yoast_head":"<!-- This site is optimized with the Yoast SEO Premium plugin v27.5 (Yoast SEO v27.5) - https:\/\/yoast.com\/product\/yoast-seo-premium-wordpress\/ -->\n<title>L\u2019Institut fran\u00e7ais de Gaza, touch\u00e9 par une frappe isra\u00e9lienne<\/title>\n<meta name=\"description\" content=\"Les frappes isra\u00e9liennes sur Gaza n\u2019\u00e9pargnent personne ni aucun b\u00e2timent m\u00eame ceux des pays soutenant l\u2019entit\u00e9 sioniste.\" \/>\n<link rel=\"canonical\" href=\"https:\/\/www.webdo.tn\/fr\/actualite\/international\/gaza-l-institut-francais-de-gaza-touche-par-une-frappe-israelienne\/209869\/\" \/>\n<meta property=\"og:locale\" content=\"fr_FR\" \/>\n<meta property=\"og:type\" content=\"article\" \/>\n<meta property=\"og:title\" content=\"L\u2019Institut fran\u00e7ais de Gaza, touch\u00e9 par une frappe isra\u00e9lienne\" \/>\n<meta property=\"og:description\" content=\"Les frappes isra\u00e9liennes sur Gaza n\u2019\u00e9pargnent personne ni aucun b\u00e2timent m\u00eame ceux des pays soutenant l\u2019entit\u00e9 sioniste.\" \/>\n<meta property=\"og:url\" content=\"https:\/\/www.webdo.tn\/fr\/actualite\/international\/gaza-l-institut-francais-de-gaza-touche-par-une-frappe-israelienne\/209869\/\" \/>\n<meta property=\"og:site_name\" content=\"webdo\" \/>\n<meta property=\"article:publisher\" content=\"https:\/\/www.facebook.com\/webdotn\" \/>\n<meta property=\"article:published_time\" content=\"2023-11-03T14:53:00+00:00\" \/>\n<meta property=\"article:modified_time\" content=\"2025-05-20T21:56:06+00:00\" \/>\n<meta property=\"og:image\" content=\"https:\/\/www.webdo.tn\/fr\/wp-content\/uploads\/2023\/11\/4d5a7e0a3b2fd4da41813cda20c8e2ed.jpeg\" \/>\n\t<meta property=\"og:image:width\" content=\"650\" \/>\n\t<meta property=\"og:image:height\" content=\"347\" \/>\n\t<meta property=\"og:image:type\" content=\"image\/jpeg\" \/>\n<meta name=\"author\" content=\"MC\" \/>\n<meta name=\"twitter:card\" content=\"summary_large_image\" \/>\n<meta name=\"twitter:creator\" content=\"@webdo_tn\" \/>\n<meta name=\"twitter:site\" content=\"@webdo_tn\" \/>\n<meta name=\"twitter:label1\" content=\"\u00c9crit par\" \/>\n\t<meta name=\"twitter:data1\" content=\"MC\" \/>\n\t<meta name=\"twitter:label2\" content=\"Dur\u00e9e de lecture estim\u00e9e\" \/>\n\t<meta name=\"twitter:data2\" content=\"1 minute\" \/>\n<script type=\"application\/ld+json\" class=\"yoast-schema-graph\">{\"@context\":\"https:\\\/\\\/schema.org\",\"@graph\":[{\"@type\":\"NewsArticle\",\"@id\":\"https:\\\/\\\/www.webdo.tn\\\/fr\\\/actualite\\\/international\\\/gaza-l-institut-francais-de-gaza-touche-par-une-frappe-israelienne\\\/209869\\\/#article\",\"isPartOf\":{\"@id\":\"https:\\\/\\\/www.webdo.tn\\\/fr\\\/actualite\\\/international\\\/gaza-l-institut-francais-de-gaza-touche-par-une-frappe-israelienne\\\/209869\\\/\"},\"author\":{\"name\":\"MC\",\"@id\":\"https:\\\/\\\/www.webdo.tn\\\/fr\\\/#\\\/schema\\\/person\\\/2c4929cbf5a809e3bd38617c6ce150f6\"},\"headline\":\"L\u2019Institut fran\u00e7ais de Gaza, touch\u00e9 par une frappe isra\u00e9lienne\",\"datePublished\":\"2023-11-03T14:53:00+00:00\",\"dateModified\":\"2025-05-20T21:56:06+00:00\",\"mainEntityOfPage\":{\"@id\":\"https:\\\/\\\/www.webdo.tn\\\/fr\\\/actualite\\\/international\\\/gaza-l-institut-francais-de-gaza-touche-par-une-frappe-israelienne\\\/209869\\\/\"},\"wordCount\":123,\"commentCount\":0,\"publisher\":{\"@id\":\"https:\\\/\\\/www.webdo.tn\\\/fr\\\/#organization\"},\"image\":{\"@id\":\"https:\\\/\\\/www.webdo.tn\\\/fr\\\/actualite\\\/international\\\/gaza-l-institut-francais-de-gaza-touche-par-une-frappe-israelienne\\\/209869\\\/#primaryimage\"},\"thumbnailUrl\":\"https:\\\/\\\/www.webdo.tn\\\/fr\\\/wp-content\\\/uploads\\\/2023\\\/11\\\/4d5a7e0a3b2fd4da41813cda20c8e2ed.jpeg\",\"keywords\":[\"Gaza\",\"institut fran\u00e7ais\",\"isra\u00ebl\"],\"articleSection\":[\"International\"],\"inLanguage\":\"fr-FR\"},{\"@type\":\"WebPage\",\"@id\":\"https:\\\/\\\/www.webdo.tn\\\/fr\\\/actualite\\\/international\\\/gaza-l-institut-francais-de-gaza-touche-par-une-frappe-israelienne\\\/209869\\\/\",\"url\":\"https:\\\/\\\/www.webdo.tn\\\/fr\\\/actualite\\\/international\\\/gaza-l-institut-francais-de-gaza-touche-par-une-frappe-israelienne\\\/209869\\\/\",\"name\":\"L\u2019Institut fran\u00e7ais de Gaza, touch\u00e9 par une frappe isra\u00e9lienne\",\"isPartOf\":{\"@id\":\"https:\\\/\\\/www.webdo.tn\\\/fr\\\/#website\"},\"primaryImageOfPage\":{\"@id\":\"https:\\\/\\\/www.webdo.tn\\\/fr\\\/actualite\\\/international\\\/gaza-l-institut-francais-de-gaza-touche-par-une-frappe-israelienne\\\/209869\\\/#primaryimage\"},\"image\":{\"@id\":\"https:\\\/\\\/www.webdo.tn\\\/fr\\\/actualite\\\/international\\\/gaza-l-institut-francais-de-gaza-touche-par-une-frappe-israelienne\\\/209869\\\/#primaryimage\"},\"thumbnailUrl\":\"https:\\\/\\\/www.webdo.tn\\\/fr\\\/wp-content\\\/uploads\\\/2023\\\/11\\\/4d5a7e0a3b2fd4da41813cda20c8e2ed.jpeg\",\"datePublished\":\"2023-11-03T14:53:00+00:00\",\"dateModified\":\"2025-05-20T21:56:06+00:00\",\"description\":\"Les frappes isra\u00e9liennes sur Gaza n\u2019\u00e9pargnent personne ni aucun b\u00e2timent m\u00eame ceux des pays soutenant l\u2019entit\u00e9 sioniste.\",\"breadcrumb\":{\"@id\":\"https:\\\/\\\/www.webdo.tn\\\/fr\\\/actualite\\\/international\\\/gaza-l-institut-francais-de-gaza-touche-par-une-frappe-israelienne\\\/209869\\\/#breadcrumb\"},\"inLanguage\":\"fr-FR\",\"potentialAction\":[{\"@type\":\"ReadAction\",\"target\":[\"https:\\\/\\\/www.webdo.tn\\\/fr\\\/actualite\\\/international\\\/gaza-l-institut-francais-de-gaza-touche-par-une-frappe-israelienne\\\/209869\\\/\"]}]},{\"@type\":\"ImageObject\",\"inLanguage\":\"fr-FR\",\"@id\":\"https:\\\/\\\/www.webdo.tn\\\/fr\\\/actualite\\\/international\\\/gaza-l-institut-francais-de-gaza-touche-par-une-frappe-israelienne\\\/209869\\\/#primaryimage\",\"url\":\"https:\\\/\\\/www.webdo.tn\\\/fr\\\/wp-content\\\/uploads\\\/2023\\\/11\\\/4d5a7e0a3b2fd4da41813cda20c8e2ed.jpeg\",\"contentUrl\":\"https:\\\/\\\/www.webdo.tn\\\/fr\\\/wp-content\\\/uploads\\\/2023\\\/11\\\/4d5a7e0a3b2fd4da41813cda20c8e2ed.jpeg\",\"width\":650,\"height\":347,\"caption\":\"L\u2019Institut fran\u00e7ais de Gaza, touch\u00e9 par une frappe isra\u00e9lienne\"},{\"@type\":\"BreadcrumbList\",\"@id\":\"https:\\\/\\\/www.webdo.tn\\\/fr\\\/actualite\\\/international\\\/gaza-l-institut-francais-de-gaza-touche-par-une-frappe-israelienne\\\/209869\\\/#breadcrumb\",\"itemListElement\":[{\"@type\":\"ListItem\",\"position\":1,\"name\":\"Accueil\",\"item\":\"https:\\\/\\\/www.webdo.tn\\\/fr\\\/\"},{\"@type\":\"ListItem\",\"position\":2,\"name\":\"L\u2019Institut fran\u00e7ais de Gaza, touch\u00e9 par une frappe isra\u00e9lienne\"}]},{\"@type\":\"WebSite\",\"@id\":\"https:\\\/\\\/www.webdo.tn\\\/fr\\\/#website\",\"url\":\"https:\\\/\\\/www.webdo.tn\\\/fr\\\/\",\"name\":\"webdo\",\"description\":\"Tunisie - News en Tunisie et \u00e0 l&#039;international sur Webdo.tn\",\"publisher\":{\"@id\":\"https:\\\/\\\/www.webdo.tn\\\/fr\\\/#organization\"},\"potentialAction\":[{\"@type\":\"SearchAction\",\"target\":{\"@type\":\"EntryPoint\",\"urlTemplate\":\"https:\\\/\\\/www.webdo.tn\\\/fr\\\/?s={search_term_string}\"},\"query-input\":{\"@type\":\"PropertyValueSpecification\",\"valueRequired\":true,\"valueName\":\"search_term_string\"}}],\"inLanguage\":\"fr-FR\"},{\"@type\":\"Organization\",\"@id\":\"https:\\\/\\\/www.webdo.tn\\\/fr\\\/#organization\",\"name\":\"Webdo\",\"alternateName\":\"Webdo.tn\",\"url\":\"https:\\\/\\\/www.webdo.tn\\\/fr\\\/\",\"logo\":{\"@type\":\"ImageObject\",\"inLanguage\":\"fr-FR\",\"@id\":\"https:\\\/\\\/www.webdo.tn\\\/fr\\\/#\\\/schema\\\/logo\\\/image\\\/\",\"url\":\"https:\\\/\\\/www.webdo.tn\\\/fr\\\/wp-content\\\/uploads\\\/2025\\\/06\\\/Webdo-Tunisie_168377.jpg\",\"contentUrl\":\"https:\\\/\\\/www.webdo.tn\\\/fr\\\/wp-content\\\/uploads\\\/2025\\\/06\\\/Webdo-Tunisie_168377.jpg\",\"width\":301,\"height\":301,\"caption\":\"Webdo\"},\"image\":{\"@id\":\"https:\\\/\\\/www.webdo.tn\\\/fr\\\/#\\\/schema\\\/logo\\\/image\\\/\"},\"sameAs\":[\"https:\\\/\\\/www.facebook.com\\\/webdotn\",\"https:\\\/\\\/x.com\\\/webdo_tn\"],\"description\":\"Webdo est un m\u00e9dia num\u00e9rique tunisien fond\u00e9 en 2010, sp\u00e9cialis\u00e9 dans l\u2019actualit\u00e9 nationale et internationale, l\u2019\u00e9conomie, la soci\u00e9t\u00e9 et les analyses politiques. Le site s\u2019adresse \u00e0 un large public francophone et couvre l\u2019information tunisienne en temps r\u00e9el.\",\"email\":\"redac@webdo.tn\",\"legalName\":\"YNJ SARL\",\"foundingDate\":\"2010-09-06\",\"numberOfEmployees\":{\"@type\":\"QuantitativeValue\",\"minValue\":\"11\",\"maxValue\":\"50\"}},{\"@type\":\"Person\",\"@id\":\"https:\\\/\\\/www.webdo.tn\\\/fr\\\/#\\\/schema\\\/person\\\/2c4929cbf5a809e3bd38617c6ce150f6\",\"name\":\"MC\",\"image\":{\"@type\":\"ImageObject\",\"inLanguage\":\"fr-FR\",\"@id\":\"https:\\\/\\\/secure.gravatar.com\\\/avatar\\\/a545bbb6f84efdd5553dbbc2895e3ca8f1d12c5215e00a041c9670b54aa9b18a?s=96&d=mm&r=g\",\"url\":\"https:\\\/\\\/secure.gravatar.com\\\/avatar\\\/a545bbb6f84efdd5553dbbc2895e3ca8f1d12c5215e00a041c9670b54aa9b18a?s=96&d=mm&r=g\",\"contentUrl\":\"https:\\\/\\\/secure.gravatar.com\\\/avatar\\\/a545bbb6f84efdd5553dbbc2895e3ca8f1d12c5215e00a041c9670b54aa9b18a?s=96&d=mm&r=g\",\"caption\":\"MC\"},\"url\":\"https:\\\/\\\/www.webdo.tn\\\/fr\\\/actualite\\\/author\\\/mc\\\/\"}]}<\/script>\n<!-- \/ Yoast SEO Premium plugin. -->","yoast_head_json":{"title":"L\u2019Institut fran\u00e7ais de Gaza, touch\u00e9 par une frappe isra\u00e9lienne","description":"Les frappes isra\u00e9liennes sur Gaza n\u2019\u00e9pargnent personne ni aucun b\u00e2timent m\u00eame ceux des pays soutenant l\u2019entit\u00e9 sioniste.","canonical":"https:\/\/www.webdo.tn\/fr\/actualite\/international\/gaza-l-institut-francais-de-gaza-touche-par-une-frappe-israelienne\/209869\/","og_locale":"fr_FR","og_type":"article","og_title":"L\u2019Institut fran\u00e7ais de Gaza, touch\u00e9 par une frappe isra\u00e9lienne","og_description":"Les frappes isra\u00e9liennes sur Gaza n\u2019\u00e9pargnent personne ni aucun b\u00e2timent m\u00eame ceux des pays soutenant l\u2019entit\u00e9 sioniste.","og_url":"https:\/\/www.webdo.tn\/fr\/actualite\/international\/gaza-l-institut-francais-de-gaza-touche-par-une-frappe-israelienne\/209869\/","og_site_name":"webdo","article_publisher":"https:\/\/www.facebook.com\/webdotn","article_published_time":"2023-11-03T14:53:00+00:00","article_modified_time":"2025-05-20T21:56:06+00:00","og_image":[{"width":650,"height":347,"url":"https:\/\/www.webdo.tn\/fr\/wp-content\/uploads\/2023\/11\/4d5a7e0a3b2fd4da41813cda20c8e2ed.jpeg","type":"image\/jpeg"}],"author":"MC","twitter_card":"summary_large_image","twitter_creator":"@webdo_tn","twitter_site":"@webdo_tn","twitter_misc":{"\u00c9crit par":"MC","Dur\u00e9e de lecture estim\u00e9e":"1 minute"},"schema":{"@context":"https:\/\/schema.org","@graph":[{"@type":"NewsArticle","@id":"https:\/\/www.webdo.tn\/fr\/actualite\/international\/gaza-l-institut-francais-de-gaza-touche-par-une-frappe-israelienne\/209869\/#article","isPartOf":{"@id":"https:\/\/www.webdo.tn\/fr\/actualite\/international\/gaza-l-institut-francais-de-gaza-touche-par-une-frappe-israelienne\/209869\/"},"author":{"name":"MC","@id":"https:\/\/www.webdo.tn\/fr\/#\/schema\/person\/2c4929cbf5a809e3bd38617c6ce150f6"},"headline":"L\u2019Institut fran\u00e7ais de Gaza, touch\u00e9 par une frappe isra\u00e9lienne","datePublished":"2023-11-03T14:53:00+00:00","dateModified":"2025-05-20T21:56:06+00:00","mainEntityOfPage":{"@id":"https:\/\/www.webdo.tn\/fr\/actualite\/international\/gaza-l-institut-francais-de-gaza-touche-par-une-frappe-israelienne\/209869\/"},"wordCount":123,"commentCount":0,"publisher":{"@id":"https:\/\/www.webdo.tn\/fr\/#organization"},"image":{"@id":"https:\/\/www.webdo.tn\/fr\/actualite\/international\/gaza-l-institut-francais-de-gaza-touche-par-une-frappe-israelienne\/209869\/#primaryimage"},"thumbnailUrl":"https:\/\/www.webdo.tn\/fr\/wp-content\/uploads\/2023\/11\/4d5a7e0a3b2fd4da41813cda20c8e2ed.jpeg","keywords":["Gaza","institut fran\u00e7ais","isra\u00ebl"],"articleSection":["International"],"inLanguage":"fr-FR"},{"@type":"WebPage","@id":"https:\/\/www.webdo.tn\/fr\/actualite\/international\/gaza-l-institut-francais-de-gaza-touche-par-une-frappe-israelienne\/209869\/","url":"https:\/\/www.webdo.tn\/fr\/actualite\/international\/gaza-l-institut-francais-de-gaza-touche-par-une-frappe-israelienne\/209869\/","name":"L\u2019Institut fran\u00e7ais de Gaza, touch\u00e9 par une frappe isra\u00e9lienne","isPartOf":{"@id":"https:\/\/www.webdo.tn\/fr\/#website"},"primaryImageOfPage":{"@id":"https:\/\/www.webdo.tn\/fr\/actualite\/international\/gaza-l-institut-francais-de-gaza-touche-par-une-frappe-israelienne\/209869\/#primaryimage"},"image":{"@id":"https:\/\/www.webdo.tn\/fr\/actualite\/international\/gaza-l-institut-francais-de-gaza-touche-par-une-frappe-israelienne\/209869\/#primaryimage"},"thumbnailUrl":"https:\/\/www.webdo.tn\/fr\/wp-content\/uploads\/2023\/11\/4d5a7e0a3b2fd4da41813cda20c8e2ed.jpeg","datePublished":"2023-11-03T14:53:00+00:00","dateModified":"2025-05-20T21:56:06+00:00","description":"Les frappes isra\u00e9liennes sur Gaza n\u2019\u00e9pargnent personne ni aucun b\u00e2timent m\u00eame ceux des pays soutenant l\u2019entit\u00e9 sioniste.","breadcrumb":{"@id":"https:\/\/www.webdo.tn\/fr\/actualite\/international\/gaza-l-institut-francais-de-gaza-touche-par-une-frappe-israelienne\/209869\/#breadcrumb"},"inLanguage":"fr-FR","potentialAction":[{"@type":"ReadAction","target":["https:\/\/www.webdo.tn\/fr\/actualite\/international\/gaza-l-institut-francais-de-gaza-touche-par-une-frappe-israelienne\/209869\/"]}]},{"@type":"ImageObject","inLanguage":"fr-FR","@id":"https:\/\/www.webdo.tn\/fr\/actualite\/international\/gaza-l-institut-francais-de-gaza-touche-par-une-frappe-israelienne\/209869\/#primaryimage","url":"https:\/\/www.webdo.tn\/fr\/wp-content\/uploads\/2023\/11\/4d5a7e0a3b2fd4da41813cda20c8e2ed.jpeg","contentUrl":"https:\/\/www.webdo.tn\/fr\/wp-content\/uploads\/2023\/11\/4d5a7e0a3b2fd4da41813cda20c8e2ed.jpeg","width":650,"height":347,"caption":"L\u2019Institut fran\u00e7ais de Gaza, touch\u00e9 par une frappe isra\u00e9lienne"},{"@type":"BreadcrumbList","@id":"https:\/\/www.webdo.tn\/fr\/actualite\/international\/gaza-l-institut-francais-de-gaza-touche-par-une-frappe-israelienne\/209869\/#breadcrumb","itemListElement":[{"@type":"ListItem","position":1,"name":"Accueil","item":"https:\/\/www.webdo.tn\/fr\/"},{"@type":"ListItem","position":2,"name":"L\u2019Institut fran\u00e7ais de Gaza, touch\u00e9 par une frappe isra\u00e9lienne"}]},{"@type":"WebSite","@id":"https:\/\/www.webdo.tn\/fr\/#website","url":"https:\/\/www.webdo.tn\/fr\/","name":"webdo","description":"Tunisie - News en Tunisie et \u00e0 l&#039;international sur Webdo.tn","publisher":{"@id":"https:\/\/www.webdo.tn\/fr\/#organization"},"potentialAction":[{"@type":"SearchAction","target":{"@type":"EntryPoint","urlTemplate":"https:\/\/www.webdo.tn\/fr\/?s={search_term_string}"},"query-input":{"@type":"PropertyValueSpecification","valueRequired":true,"valueName":"search_term_string"}}],"inLanguage":"fr-FR"},{"@type":"Organization","@id":"https:\/\/www.webdo.tn\/fr\/#organization","name":"Webdo","alternateName":"Webdo.tn","url":"https:\/\/www.webdo.tn\/fr\/","logo":{"@type":"ImageObject","inLanguage":"fr-FR","@id":"https:\/\/www.webdo.tn\/fr\/#\/schema\/logo\/image\/","url":"https:\/\/www.webdo.tn\/fr\/wp-content\/uploads\/2025\/06\/Webdo-Tunisie_168377.jpg","contentUrl":"https:\/\/www.webdo.tn\/fr\/wp-content\/uploads\/2025\/06\/Webdo-Tunisie_168377.jpg","width":301,"height":301,"caption":"Webdo"},"image":{"@id":"https:\/\/www.webdo.tn\/fr\/#\/schema\/logo\/image\/"},"sameAs":["https:\/\/www.facebook.com\/webdotn","https:\/\/x.com\/webdo_tn"],"description":"Webdo est un m\u00e9dia num\u00e9rique tunisien fond\u00e9 en 2010, sp\u00e9cialis\u00e9 dans l\u2019actualit\u00e9 nationale et internationale, l\u2019\u00e9conomie, la soci\u00e9t\u00e9 et les analyses politiques. Le site s\u2019adresse \u00e0 un large public francophone et couvre l\u2019information tunisienne en temps r\u00e9el.","email":"redac@webdo.tn","legalName":"YNJ SARL","foundingDate":"2010-09-06","numberOfEmployees":{"@type":"QuantitativeValue","minValue":"11","maxValue":"50"}},{"@type":"Person","@id":"https:\/\/www.webdo.tn\/fr\/#\/schema\/person\/2c4929cbf5a809e3bd38617c6ce150f6","name":"MC","image":{"@type":"ImageObject","inLanguage":"fr-FR","@id":"https:\/\/secure.gravatar.com\/avatar\/a545bbb6f84efdd5553dbbc2895e3ca8f1d12c5215e00a041c9670b54aa9b18a?s=96&d=mm&r=g","url":"https:\/\/secure.gravatar.com\/avatar\/a545bbb6f84efdd5553dbbc2895e3ca8f1d12c5215e00a041c9670b54aa9b18a?s=96&d=mm&r=g","contentUrl":"https:\/\/secure.gravatar.com\/avatar\/a545bbb6f84efdd5553dbbc2895e3ca8f1d12c5215e00a041c9670b54aa9b18a?s=96&d=mm&r=g","caption":"MC"},"url":"https:\/\/www.webdo.tn\/fr\/actualite\/author\/mc\/"}]}},"_links":{"self":[{"href":"https:\/\/www.webdo.tn\/fr\/wp-json\/wp\/v2\/posts\/209869","targetHints":{"allow":["GET"]}}],"collection":[{"href":"https:\/\/www.webdo.tn\/fr\/wp-json\/wp\/v2\/posts"}],"about":[{"href":"https:\/\/www.webdo.tn\/fr\/wp-json\/wp\/v2\/types\/post"}],"author":[{"embeddable":true,"href":"https:\/\/www.webdo.tn\/fr\/wp-json\/wp\/v2\/users\/3162"}],"replies":[{"embeddable":true,"href":"https:\/\/www.webdo.tn\/fr\/wp-json\/wp\/v2\/comments?post=209869"}],"version-history":[{"count":0,"href":"https:\/\/www.webdo.tn\/fr\/wp-json\/wp\/v2\/posts\/209869\/revisions"}],"wp:featuredmedia":[{"embeddable":true,"href":"https:\/\/www.webdo.tn\/fr\/wp-json\/wp\/v2\/media\/248884"}],"wp:attachment":[{"href":"https:\/\/www.webdo.tn\/fr\/wp-json\/wp\/v2\/media?parent=209869"}],"wp:term":[{"taxonomy":"category","embeddable":true,"href":"https:\/\/www.webdo.tn\/fr\/wp-json\/wp\/v2\/categories?post=209869"},{"taxonomy":"post_tag","embeddable":true,"href":"https:\/\/www.webdo.tn\/fr\/wp-json\/wp\/v2\/tags?post=209869"}],"curies":[{"name":"wp","href":"https:\/\/api.w.org\/{rel}","templated":true}]}}