{"id":209864,"date":"2023-11-03T11:28:00","date_gmt":"2023-11-03T10:28:00","guid":{"rendered":"https:\/\/www.webdo.tn\/fr\/actualite\/regions\/tunisie-baisses-des-temperatures-et-pluies-attendues\/209864"},"modified":"2023-11-03T11:28:00","modified_gmt":"2023-11-03T10:28:00","slug":"tunisie-baisses-des-temperatures-et-pluies-attendues","status":"publish","type":"post","link":"https:\/\/www.webdo.tn\/fr\/actualite\/regions\/tunisie-baisses-des-temperatures-et-pluies-attendues\/209864\/","title":{"rendered":"Tunisie : Baisse des temp\u00e9ratures et pluies attendues"},"content":{"rendered":"<p>Apr\u00e8s de longues s\u00e9quences de canicule, l\u2019automne semble s\u2019installer finalement en Tunisie.<\/p>\n<p>Pour cette journ\u00e9e, le ciel sera nuageux, avec possibilit\u00e9 de chute de pluies \u00e9parses orageuses sur les r\u00e9gions de nord-ouest, d\u2019apr\u00e8s le bulletin de l\u2019Institut National de la M\u00e9t\u00e9orologie (INM).<\/p>\n<p>Des pr\u00e9cipitations seront attendues, durant l\u2019apr\u00e8s-midi, dans les zones du nord-est et du centre-est. Au sud, le ciel sera partiellement nuageux.<\/p>\n<p>Les temp\u00e9ratures seront en baisse, au nord et aux hauteurs, puisque les maximales seront comprises entre 19 et 24 degr\u00e9s. Elles seront stables dans le reste de r\u00e9gions, et les maximales se situeront entre 24 et 33 degr\u00e9s, pour atteindre les 35 degr\u00e9s, \u00e0 l\u2019extr\u00eame nord.<\/p>\n<p>Le vent soufflera fort du secteur ouest, avec une vitesse allant du 50 \u00e0 70 km\/h, pr\u00e8s de c\u00f4tes et au sud, avec des ph\u00e9nom\u00e8nes de sable. La vitesse du vent peut atteindre les 90 km\/h sur les c\u00f4tes nord, sous forme de rafales, et elle sera relativement fort (du 20 \u00e0 25 km\/h) sur le reste de r\u00e9gions.la mer sera agit\u00e9e \u00e0 tr\u00e8s agit\u00e9e au nord, et tr\u00e8s agit\u00e9e sur les c\u00f4tes-est du pays.<\/p>\n","protected":false},"excerpt":{"rendered":"<p>Apr\u00e8s de longues s\u00e9quences de canicule, l\u2019automne semble s\u2019installer finalement en Tunisie.<\/p>\n","protected":false},"author":3175,"featured_media":366732,"comment_status":"open","ping_status":"open","sticky":false,"template":"","format":"standard","meta":{"footnotes":""},"categories":[2595],"tags":[3163,2608],"class_list":["post-209864","post","type-post","status-publish","format-standard","has-post-thumbnail","hentry","category-regions","tag-pluies","tag-tunisie"],"yoast_head":"<!-- This site is optimized with the Yoast SEO Premium plugin v27.5 (Yoast SEO v27.5) - https:\/\/yoast.com\/product\/yoast-seo-premium-wordpress\/ -->\n<title>Tunisie : Baisse des temp\u00e9ratures et pluies attendues<\/title>\n<meta name=\"description\" content=\"Pour cette journ\u00e9e, le ciel sera nuageux, avec possibilit\u00e9 de chute de pluies \u00e9parses orageuses sur les r\u00e9gions de nord-ouest, d\u2019apr\u00e8s le bulletin de l\u2019Institut...\" \/>\n<link rel=\"canonical\" href=\"https:\/\/www.webdo.tn\/fr\/actualite\/regions\/tunisie-baisses-des-temperatures-et-pluies-attendues\/209864\/\" \/>\n<meta property=\"og:locale\" content=\"fr_FR\" \/>\n<meta property=\"og:type\" content=\"article\" \/>\n<meta property=\"og:title\" content=\"Tunisie : Baisse des temp\u00e9ratures et pluies attendues\" \/>\n<meta property=\"og:description\" content=\"Pour cette journ\u00e9e, le ciel sera nuageux, avec possibilit\u00e9 de chute de pluies \u00e9parses orageuses sur les r\u00e9gions de nord-ouest, d\u2019apr\u00e8s le bulletin de l\u2019Institut...\" \/>\n<meta property=\"og:url\" content=\"https:\/\/www.webdo.tn\/fr\/actualite\/regions\/tunisie-baisses-des-temperatures-et-pluies-attendues\/209864\/\" \/>\n<meta property=\"og:site_name\" content=\"webdo\" \/>\n<meta property=\"article:publisher\" content=\"https:\/\/www.facebook.com\/webdotn\" \/>\n<meta property=\"article:published_time\" content=\"2023-11-03T10:28:00+00:00\" \/>\n<meta name=\"author\" content=\"CL\" \/>\n<meta name=\"twitter:card\" content=\"summary_large_image\" \/>\n<meta name=\"twitter:creator\" content=\"@webdo_tn\" \/>\n<meta name=\"twitter:site\" content=\"@webdo_tn\" \/>\n<meta name=\"twitter:label1\" content=\"\u00c9crit par\" \/>\n\t<meta name=\"twitter:data1\" content=\"CL\" \/>\n\t<meta name=\"twitter:label2\" content=\"Dur\u00e9e de lecture estim\u00e9e\" \/>\n\t<meta name=\"twitter:data2\" content=\"1 minute\" \/>\n<script type=\"application\/ld+json\" class=\"yoast-schema-graph\">{\"@context\":\"https:\\\/\\\/schema.org\",\"@graph\":[{\"@type\":\"NewsArticle\",\"@id\":\"https:\\\/\\\/www.webdo.tn\\\/fr\\\/actualite\\\/regions\\\/tunisie-baisses-des-temperatures-et-pluies-attendues\\\/209864\\\/#article\",\"isPartOf\":{\"@id\":\"https:\\\/\\\/www.webdo.tn\\\/fr\\\/actualite\\\/regions\\\/tunisie-baisses-des-temperatures-et-pluies-attendues\\\/209864\\\/\"},\"author\":{\"name\":\"CL\",\"@id\":\"https:\\\/\\\/www.webdo.tn\\\/fr\\\/#\\\/schema\\\/person\\\/f35b42a42c5e2511bbd282959d6385cc\"},\"headline\":\"Tunisie : Baisse des temp\u00e9ratures et pluies attendues\",\"datePublished\":\"2023-11-03T10:28:00+00:00\",\"mainEntityOfPage\":{\"@id\":\"https:\\\/\\\/www.webdo.tn\\\/fr\\\/actualite\\\/regions\\\/tunisie-baisses-des-temperatures-et-pluies-attendues\\\/209864\\\/\"},\"wordCount\":215,\"commentCount\":0,\"publisher\":{\"@id\":\"https:\\\/\\\/www.webdo.tn\\\/fr\\\/#organization\"},\"image\":{\"@id\":\"https:\\\/\\\/www.webdo.tn\\\/fr\\\/actualite\\\/regions\\\/tunisie-baisses-des-temperatures-et-pluies-attendues\\\/209864\\\/#primaryimage\"},\"thumbnailUrl\":\"https:\\\/\\\/www.webdo.tn\\\/fr\\\/wp-content\\\/uploads\\\/2025\\\/06\\\/d0ef94c303e0c69633ad766484e234b4_209864.jpg\",\"keywords\":[\"pluies\",\"Tunisie\"],\"articleSection\":[\"regions\"],\"inLanguage\":\"fr-FR\"},{\"@type\":\"WebPage\",\"@id\":\"https:\\\/\\\/www.webdo.tn\\\/fr\\\/actualite\\\/regions\\\/tunisie-baisses-des-temperatures-et-pluies-attendues\\\/209864\\\/\",\"url\":\"https:\\\/\\\/www.webdo.tn\\\/fr\\\/actualite\\\/regions\\\/tunisie-baisses-des-temperatures-et-pluies-attendues\\\/209864\\\/\",\"name\":\"Tunisie : Baisse des temp\u00e9ratures et pluies attendues\",\"isPartOf\":{\"@id\":\"https:\\\/\\\/www.webdo.tn\\\/fr\\\/#website\"},\"primaryImageOfPage\":{\"@id\":\"https:\\\/\\\/www.webdo.tn\\\/fr\\\/actualite\\\/regions\\\/tunisie-baisses-des-temperatures-et-pluies-attendues\\\/209864\\\/#primaryimage\"},\"image\":{\"@id\":\"https:\\\/\\\/www.webdo.tn\\\/fr\\\/actualite\\\/regions\\\/tunisie-baisses-des-temperatures-et-pluies-attendues\\\/209864\\\/#primaryimage\"},\"thumbnailUrl\":\"https:\\\/\\\/www.webdo.tn\\\/fr\\\/wp-content\\\/uploads\\\/2025\\\/06\\\/d0ef94c303e0c69633ad766484e234b4_209864.jpg\",\"datePublished\":\"2023-11-03T10:28:00+00:00\",\"description\":\"Pour cette journ\u00e9e, le ciel sera nuageux, avec possibilit\u00e9 de chute de pluies \u00e9parses orageuses sur les r\u00e9gions de nord-ouest, d\u2019apr\u00e8s le bulletin de l\u2019Institut...\",\"breadcrumb\":{\"@id\":\"https:\\\/\\\/www.webdo.tn\\\/fr\\\/actualite\\\/regions\\\/tunisie-baisses-des-temperatures-et-pluies-attendues\\\/209864\\\/#breadcrumb\"},\"inLanguage\":\"fr-FR\",\"potentialAction\":[{\"@type\":\"ReadAction\",\"target\":[\"https:\\\/\\\/www.webdo.tn\\\/fr\\\/actualite\\\/regions\\\/tunisie-baisses-des-temperatures-et-pluies-attendues\\\/209864\\\/\"]}]},{\"@type\":\"ImageObject\",\"inLanguage\":\"fr-FR\",\"@id\":\"https:\\\/\\\/www.webdo.tn\\\/fr\\\/actualite\\\/regions\\\/tunisie-baisses-des-temperatures-et-pluies-attendues\\\/209864\\\/#primaryimage\",\"url\":\"https:\\\/\\\/www.webdo.tn\\\/fr\\\/wp-content\\\/uploads\\\/2025\\\/06\\\/d0ef94c303e0c69633ad766484e234b4_209864.jpg\",\"contentUrl\":\"https:\\\/\\\/www.webdo.tn\\\/fr\\\/wp-content\\\/uploads\\\/2025\\\/06\\\/d0ef94c303e0c69633ad766484e234b4_209864.jpg\",\"width\":750,\"height\":400,\"caption\":\"Tunisie : Baisse des temp\u00e9ratures et pluies attendues\"},{\"@type\":\"BreadcrumbList\",\"@id\":\"https:\\\/\\\/www.webdo.tn\\\/fr\\\/actualite\\\/regions\\\/tunisie-baisses-des-temperatures-et-pluies-attendues\\\/209864\\\/#breadcrumb\",\"itemListElement\":[{\"@type\":\"ListItem\",\"position\":1,\"name\":\"Accueil\",\"item\":\"https:\\\/\\\/www.webdo.tn\\\/fr\\\/\"},{\"@type\":\"ListItem\",\"position\":2,\"name\":\"Tunisie : Baisse des temp\u00e9ratures et pluies attendues\"}]},{\"@type\":\"WebSite\",\"@id\":\"https:\\\/\\\/www.webdo.tn\\\/fr\\\/#website\",\"url\":\"https:\\\/\\\/www.webdo.tn\\\/fr\\\/\",\"name\":\"webdo\",\"description\":\"Tunisie - News en Tunisie et \u00e0 l&#039;international sur Webdo.tn\",\"publisher\":{\"@id\":\"https:\\\/\\\/www.webdo.tn\\\/fr\\\/#organization\"},\"potentialAction\":[{\"@type\":\"SearchAction\",\"target\":{\"@type\":\"EntryPoint\",\"urlTemplate\":\"https:\\\/\\\/www.webdo.tn\\\/fr\\\/?s={search_term_string}\"},\"query-input\":{\"@type\":\"PropertyValueSpecification\",\"valueRequired\":true,\"valueName\":\"search_term_string\"}}],\"inLanguage\":\"fr-FR\"},{\"@type\":\"Organization\",\"@id\":\"https:\\\/\\\/www.webdo.tn\\\/fr\\\/#organization\",\"name\":\"Webdo\",\"alternateName\":\"Webdo.tn\",\"url\":\"https:\\\/\\\/www.webdo.tn\\\/fr\\\/\",\"logo\":{\"@type\":\"ImageObject\",\"inLanguage\":\"fr-FR\",\"@id\":\"https:\\\/\\\/www.webdo.tn\\\/fr\\\/#\\\/schema\\\/logo\\\/image\\\/\",\"url\":\"https:\\\/\\\/www.webdo.tn\\\/fr\\\/wp-content\\\/uploads\\\/2025\\\/06\\\/Webdo-Tunisie_168377.jpg\",\"contentUrl\":\"https:\\\/\\\/www.webdo.tn\\\/fr\\\/wp-content\\\/uploads\\\/2025\\\/06\\\/Webdo-Tunisie_168377.jpg\",\"width\":301,\"height\":301,\"caption\":\"Webdo\"},\"image\":{\"@id\":\"https:\\\/\\\/www.webdo.tn\\\/fr\\\/#\\\/schema\\\/logo\\\/image\\\/\"},\"sameAs\":[\"https:\\\/\\\/www.facebook.com\\\/webdotn\",\"https:\\\/\\\/x.com\\\/webdo_tn\"],\"description\":\"Webdo est un m\u00e9dia num\u00e9rique tunisien fond\u00e9 en 2010, sp\u00e9cialis\u00e9 dans l\u2019actualit\u00e9 nationale et internationale, l\u2019\u00e9conomie, la soci\u00e9t\u00e9 et les analyses politiques. Le site s\u2019adresse \u00e0 un large public francophone et couvre l\u2019information tunisienne en temps r\u00e9el.\",\"email\":\"redac@webdo.tn\",\"legalName\":\"YNJ SARL\",\"foundingDate\":\"2010-09-06\",\"numberOfEmployees\":{\"@type\":\"QuantitativeValue\",\"minValue\":\"11\",\"maxValue\":\"50\"}},{\"@type\":\"Person\",\"@id\":\"https:\\\/\\\/www.webdo.tn\\\/fr\\\/#\\\/schema\\\/person\\\/f35b42a42c5e2511bbd282959d6385cc\",\"name\":\"CL\",\"image\":{\"@type\":\"ImageObject\",\"inLanguage\":\"fr-FR\",\"@id\":\"https:\\\/\\\/secure.gravatar.com\\\/avatar\\\/1447a49909b67aa657c488aec6512e1dd6143a480c1ecfee9b5b5cd74eb3b59e?s=96&d=mm&r=g\",\"url\":\"https:\\\/\\\/secure.gravatar.com\\\/avatar\\\/1447a49909b67aa657c488aec6512e1dd6143a480c1ecfee9b5b5cd74eb3b59e?s=96&d=mm&r=g\",\"contentUrl\":\"https:\\\/\\\/secure.gravatar.com\\\/avatar\\\/1447a49909b67aa657c488aec6512e1dd6143a480c1ecfee9b5b5cd74eb3b59e?s=96&d=mm&r=g\",\"caption\":\"CL\"},\"url\":\"https:\\\/\\\/www.webdo.tn\\\/fr\\\/actualite\\\/author\\\/cl\\\/\"}]}<\/script>\n<!-- \/ Yoast SEO Premium plugin. -->","yoast_head_json":{"title":"Tunisie : Baisse des temp\u00e9ratures et pluies attendues","description":"Pour cette journ\u00e9e, le ciel sera nuageux, avec possibilit\u00e9 de chute de pluies \u00e9parses orageuses sur les r\u00e9gions de nord-ouest, d\u2019apr\u00e8s le bulletin de l\u2019Institut...","canonical":"https:\/\/www.webdo.tn\/fr\/actualite\/regions\/tunisie-baisses-des-temperatures-et-pluies-attendues\/209864\/","og_locale":"fr_FR","og_type":"article","og_title":"Tunisie : Baisse des temp\u00e9ratures et pluies attendues","og_description":"Pour cette journ\u00e9e, le ciel sera nuageux, avec possibilit\u00e9 de chute de pluies \u00e9parses orageuses sur les r\u00e9gions de nord-ouest, d\u2019apr\u00e8s le bulletin de l\u2019Institut...","og_url":"https:\/\/www.webdo.tn\/fr\/actualite\/regions\/tunisie-baisses-des-temperatures-et-pluies-attendues\/209864\/","og_site_name":"webdo","article_publisher":"https:\/\/www.facebook.com\/webdotn","article_published_time":"2023-11-03T10:28:00+00:00","author":"CL","twitter_card":"summary_large_image","twitter_creator":"@webdo_tn","twitter_site":"@webdo_tn","twitter_misc":{"\u00c9crit par":"CL","Dur\u00e9e de lecture estim\u00e9e":"1 minute"},"schema":{"@context":"https:\/\/schema.org","@graph":[{"@type":"NewsArticle","@id":"https:\/\/www.webdo.tn\/fr\/actualite\/regions\/tunisie-baisses-des-temperatures-et-pluies-attendues\/209864\/#article","isPartOf":{"@id":"https:\/\/www.webdo.tn\/fr\/actualite\/regions\/tunisie-baisses-des-temperatures-et-pluies-attendues\/209864\/"},"author":{"name":"CL","@id":"https:\/\/www.webdo.tn\/fr\/#\/schema\/person\/f35b42a42c5e2511bbd282959d6385cc"},"headline":"Tunisie : Baisse des temp\u00e9ratures et pluies attendues","datePublished":"2023-11-03T10:28:00+00:00","mainEntityOfPage":{"@id":"https:\/\/www.webdo.tn\/fr\/actualite\/regions\/tunisie-baisses-des-temperatures-et-pluies-attendues\/209864\/"},"wordCount":215,"commentCount":0,"publisher":{"@id":"https:\/\/www.webdo.tn\/fr\/#organization"},"image":{"@id":"https:\/\/www.webdo.tn\/fr\/actualite\/regions\/tunisie-baisses-des-temperatures-et-pluies-attendues\/209864\/#primaryimage"},"thumbnailUrl":"https:\/\/www.webdo.tn\/fr\/wp-content\/uploads\/2025\/06\/d0ef94c303e0c69633ad766484e234b4_209864.jpg","keywords":["pluies","Tunisie"],"articleSection":["regions"],"inLanguage":"fr-FR"},{"@type":"WebPage","@id":"https:\/\/www.webdo.tn\/fr\/actualite\/regions\/tunisie-baisses-des-temperatures-et-pluies-attendues\/209864\/","url":"https:\/\/www.webdo.tn\/fr\/actualite\/regions\/tunisie-baisses-des-temperatures-et-pluies-attendues\/209864\/","name":"Tunisie : Baisse des temp\u00e9ratures et pluies attendues","isPartOf":{"@id":"https:\/\/www.webdo.tn\/fr\/#website"},"primaryImageOfPage":{"@id":"https:\/\/www.webdo.tn\/fr\/actualite\/regions\/tunisie-baisses-des-temperatures-et-pluies-attendues\/209864\/#primaryimage"},"image":{"@id":"https:\/\/www.webdo.tn\/fr\/actualite\/regions\/tunisie-baisses-des-temperatures-et-pluies-attendues\/209864\/#primaryimage"},"thumbnailUrl":"https:\/\/www.webdo.tn\/fr\/wp-content\/uploads\/2025\/06\/d0ef94c303e0c69633ad766484e234b4_209864.jpg","datePublished":"2023-11-03T10:28:00+00:00","description":"Pour cette journ\u00e9e, le ciel sera nuageux, avec possibilit\u00e9 de chute de pluies \u00e9parses orageuses sur les r\u00e9gions de nord-ouest, d\u2019apr\u00e8s le bulletin de l\u2019Institut...","breadcrumb":{"@id":"https:\/\/www.webdo.tn\/fr\/actualite\/regions\/tunisie-baisses-des-temperatures-et-pluies-attendues\/209864\/#breadcrumb"},"inLanguage":"fr-FR","potentialAction":[{"@type":"ReadAction","target":["https:\/\/www.webdo.tn\/fr\/actualite\/regions\/tunisie-baisses-des-temperatures-et-pluies-attendues\/209864\/"]}]},{"@type":"ImageObject","inLanguage":"fr-FR","@id":"https:\/\/www.webdo.tn\/fr\/actualite\/regions\/tunisie-baisses-des-temperatures-et-pluies-attendues\/209864\/#primaryimage","url":"https:\/\/www.webdo.tn\/fr\/wp-content\/uploads\/2025\/06\/d0ef94c303e0c69633ad766484e234b4_209864.jpg","contentUrl":"https:\/\/www.webdo.tn\/fr\/wp-content\/uploads\/2025\/06\/d0ef94c303e0c69633ad766484e234b4_209864.jpg","width":750,"height":400,"caption":"Tunisie : Baisse des temp\u00e9ratures et pluies attendues"},{"@type":"BreadcrumbList","@id":"https:\/\/www.webdo.tn\/fr\/actualite\/regions\/tunisie-baisses-des-temperatures-et-pluies-attendues\/209864\/#breadcrumb","itemListElement":[{"@type":"ListItem","position":1,"name":"Accueil","item":"https:\/\/www.webdo.tn\/fr\/"},{"@type":"ListItem","position":2,"name":"Tunisie : Baisse des temp\u00e9ratures et pluies attendues"}]},{"@type":"WebSite","@id":"https:\/\/www.webdo.tn\/fr\/#website","url":"https:\/\/www.webdo.tn\/fr\/","name":"webdo","description":"Tunisie - News en Tunisie et \u00e0 l&#039;international sur Webdo.tn","publisher":{"@id":"https:\/\/www.webdo.tn\/fr\/#organization"},"potentialAction":[{"@type":"SearchAction","target":{"@type":"EntryPoint","urlTemplate":"https:\/\/www.webdo.tn\/fr\/?s={search_term_string}"},"query-input":{"@type":"PropertyValueSpecification","valueRequired":true,"valueName":"search_term_string"}}],"inLanguage":"fr-FR"},{"@type":"Organization","@id":"https:\/\/www.webdo.tn\/fr\/#organization","name":"Webdo","alternateName":"Webdo.tn","url":"https:\/\/www.webdo.tn\/fr\/","logo":{"@type":"ImageObject","inLanguage":"fr-FR","@id":"https:\/\/www.webdo.tn\/fr\/#\/schema\/logo\/image\/","url":"https:\/\/www.webdo.tn\/fr\/wp-content\/uploads\/2025\/06\/Webdo-Tunisie_168377.jpg","contentUrl":"https:\/\/www.webdo.tn\/fr\/wp-content\/uploads\/2025\/06\/Webdo-Tunisie_168377.jpg","width":301,"height":301,"caption":"Webdo"},"image":{"@id":"https:\/\/www.webdo.tn\/fr\/#\/schema\/logo\/image\/"},"sameAs":["https:\/\/www.facebook.com\/webdotn","https:\/\/x.com\/webdo_tn"],"description":"Webdo est un m\u00e9dia num\u00e9rique tunisien fond\u00e9 en 2010, sp\u00e9cialis\u00e9 dans l\u2019actualit\u00e9 nationale et internationale, l\u2019\u00e9conomie, la soci\u00e9t\u00e9 et les analyses politiques. Le site s\u2019adresse \u00e0 un large public francophone et couvre l\u2019information tunisienne en temps r\u00e9el.","email":"redac@webdo.tn","legalName":"YNJ SARL","foundingDate":"2010-09-06","numberOfEmployees":{"@type":"QuantitativeValue","minValue":"11","maxValue":"50"}},{"@type":"Person","@id":"https:\/\/www.webdo.tn\/fr\/#\/schema\/person\/f35b42a42c5e2511bbd282959d6385cc","name":"CL","image":{"@type":"ImageObject","inLanguage":"fr-FR","@id":"https:\/\/secure.gravatar.com\/avatar\/1447a49909b67aa657c488aec6512e1dd6143a480c1ecfee9b5b5cd74eb3b59e?s=96&d=mm&r=g","url":"https:\/\/secure.gravatar.com\/avatar\/1447a49909b67aa657c488aec6512e1dd6143a480c1ecfee9b5b5cd74eb3b59e?s=96&d=mm&r=g","contentUrl":"https:\/\/secure.gravatar.com\/avatar\/1447a49909b67aa657c488aec6512e1dd6143a480c1ecfee9b5b5cd74eb3b59e?s=96&d=mm&r=g","caption":"CL"},"url":"https:\/\/www.webdo.tn\/fr\/actualite\/author\/cl\/"}]}},"_links":{"self":[{"href":"https:\/\/www.webdo.tn\/fr\/wp-json\/wp\/v2\/posts\/209864","targetHints":{"allow":["GET"]}}],"collection":[{"href":"https:\/\/www.webdo.tn\/fr\/wp-json\/wp\/v2\/posts"}],"about":[{"href":"https:\/\/www.webdo.tn\/fr\/wp-json\/wp\/v2\/types\/post"}],"author":[{"embeddable":true,"href":"https:\/\/www.webdo.tn\/fr\/wp-json\/wp\/v2\/users\/3175"}],"replies":[{"embeddable":true,"href":"https:\/\/www.webdo.tn\/fr\/wp-json\/wp\/v2\/comments?post=209864"}],"version-history":[{"count":0,"href":"https:\/\/www.webdo.tn\/fr\/wp-json\/wp\/v2\/posts\/209864\/revisions"}],"wp:featuredmedia":[{"embeddable":true,"href":"https:\/\/www.webdo.tn\/fr\/wp-json\/wp\/v2\/media\/366732"}],"wp:attachment":[{"href":"https:\/\/www.webdo.tn\/fr\/wp-json\/wp\/v2\/media?parent=209864"}],"wp:term":[{"taxonomy":"category","embeddable":true,"href":"https:\/\/www.webdo.tn\/fr\/wp-json\/wp\/v2\/categories?post=209864"},{"taxonomy":"post_tag","embeddable":true,"href":"https:\/\/www.webdo.tn\/fr\/wp-json\/wp\/v2\/tags?post=209864"}],"curies":[{"name":"wp","href":"https:\/\/api.w.org\/{rel}","templated":true}]}}