{"id":209852,"date":"2023-11-03T08:08:00","date_gmt":"2023-11-03T08:08:00","guid":{"rendered":"https:\/\/www.webdo.tn\/fr\/blog\/bouderbala-le-projet-de-loi-sur-la-normalisation-menace-les-interets-du-pays-selon-kais-saied\/209852\/"},"modified":"2025-05-20T22:39:48","modified_gmt":"2025-05-20T22:39:48","slug":"bouderbala-le-projet-de-loi-sur-la-normalisation-menace-les-interets-du-pays-selon-kais-saied","status":"publish","type":"post","link":"https:\/\/www.webdo.tn\/fr\/actualite\/national\/bouderbala-le-projet-de-loi-sur-la-normalisation-menace-les-interets-du-pays-selon-kais-saied\/209852\/","title":{"rendered":"Bouderbala : \u00ab\u00a0Le projet de loi sur la normalisation menace les int\u00e9r\u00eats du pays selon Kais Saied\u00a0\u00bb"},"content":{"rendered":"<p>Le Parlement a entam\u00e9 jeudi des d\u00e9bats autour d&rsquo;un projet de loi qui consid\u00e8re comme un crime et punit d&rsquo;une peine de prison, pouvant aller jusqu&rsquo;\u00e0 la perp\u00e9tuit\u00e9, toute normalisation avec Isra\u00ebl. C&rsquo;est la premi\u00e8re fois dans la r\u00e9gion qu&rsquo;un tel projet de loi est \u00e9tudi\u00e9, mais hier le vote a \u00e9t\u00e9 suspendu, il doit reprendre ce vendredi.\u00a0<\/p>\n<p>Sauf qu\u2019une grosse pol\u00e9mique a \u00e9t\u00e9 observ\u00e9e \u00e0 l\u2019h\u00e9micycle o\u00f9 de nombreux d\u00e9put\u00e9s affirment avoir \u00e9t\u00e9 menac\u00e9s pour laisser tomber ce projet de loi ou du moins le modifier.\u00a0<\/p>\n<p>D\u2019ailleurs, d\u2019apr\u00e8s le pr\u00e9sident de l\u2019Assembl\u00e9e des Repr\u00e9sentants du Peuple (ARP), Brahim Bouderbala, le pr\u00e9sident de la R\u00e9publique Kais Saied aurait montr\u00e9 son refus cat\u00e9gorique \u00e0 cette loi dans sa version actuelle.\u00a0<\/p>\n<p>\u00ab La proposition de loi de criminalisation de la normalisation portera atteinte aux int\u00e9r\u00eats ext\u00e9rieurs de la Tunisie, nous a affirm\u00e9s Kais Saied \u00bb, a-t-il dit.\u00a0<\/p>\n<p>L&rsquo;Assembl\u00e9e des repr\u00e9sentants du peuple (ARP) a tenu, jeudi, au Palais du Bardo, une s\u00e9ance pl\u00e9ni\u00e8re consacr\u00e9e \u00e0 l&rsquo;examen du projet de loi criminalisant la normalisation avec l&rsquo;entit\u00e9 sioniste.<\/p>\n<p>A cette occasion, des d\u00e9put\u00e9s ont estim\u00e9 que l&rsquo;adoption dudit projet de loi est \u00e0 m\u00eame de renforcer le soutien inconditionnel de la Tunisie au peuple palestinien dans sa guerre contre l&rsquo;occupant sioniste.<\/p>\n<p>Pour eux, l&rsquo;approbation de ce projet de loi concr\u00e9tise les dispositions de la Constitution de 2022 qui pr\u00e9voit que la normalisation avec l&rsquo;entit\u00e9 sioniste est une haute trahison.<\/p>\n","protected":false},"excerpt":{"rendered":"<p>Sauf qu\u2019une grosse pol\u00e9mique a \u00e9t\u00e9 observ\u00e9e \u00e0 l\u2019h\u00e9micycle o\u00f9 de nombreux d\u00e9put\u00e9s affirment avoir \u00e9t\u00e9 menac\u00e9s pour laisser tomber ce projet de loi ou du moins le&#8230;<\/p>\n","protected":false},"author":3175,"featured_media":248876,"comment_status":"open","ping_status":"closed","sticky":false,"template":"","format":"standard","meta":{"footnotes":""},"categories":[44],"tags":[2614,3729,2608],"class_list":["post-209852","post","type-post","status-publish","format-standard","has-post-thumbnail","hentry","category-national","tag-kais-saied","tag-normalisation","tag-tunisie"],"yoast_head":"<!-- This site is optimized with the Yoast SEO Premium plugin v27.5 (Yoast SEO v27.5) - https:\/\/yoast.com\/product\/yoast-seo-premium-wordpress\/ -->\n<title>Bouderbala : Le projet de loi sur la normalisation menace les int\u00e9r\u00eats du pays selon Kais Saied<\/title>\n<meta name=\"description\" content=\"Sauf qu\u2019une grosse pol\u00e9mique a \u00e9t\u00e9 observ\u00e9e \u00e0 l\u2019h\u00e9micycle o\u00f9 de nombreux d\u00e9put\u00e9s affirment avoir \u00e9t\u00e9 menac\u00e9s pour laisser tomber ce projet de loi ou du moins le...\" \/>\n<link rel=\"canonical\" href=\"https:\/\/www.webdo.tn\/fr\/actualite\/national\/bouderbala-le-projet-de-loi-sur-la-normalisation-menace-les-interets-du-pays-selon-kais-saied\/209852\/\" \/>\n<meta property=\"og:locale\" content=\"fr_FR\" \/>\n<meta property=\"og:type\" content=\"article\" \/>\n<meta property=\"og:title\" content=\"Bouderbala : &quot;Le projet de loi sur la normalisation menace les int\u00e9r\u00eats du pays selon Kais Saied&quot;\" \/>\n<meta property=\"og:description\" content=\"Sauf qu\u2019une grosse pol\u00e9mique a \u00e9t\u00e9 observ\u00e9e \u00e0 l\u2019h\u00e9micycle o\u00f9 de nombreux d\u00e9put\u00e9s affirment avoir \u00e9t\u00e9 menac\u00e9s pour laisser tomber ce projet de loi ou du moins le...\" \/>\n<meta property=\"og:url\" content=\"https:\/\/www.webdo.tn\/fr\/actualite\/national\/bouderbala-le-projet-de-loi-sur-la-normalisation-menace-les-interets-du-pays-selon-kais-saied\/209852\/\" \/>\n<meta property=\"og:site_name\" content=\"webdo\" \/>\n<meta property=\"article:publisher\" content=\"https:\/\/www.facebook.com\/webdotn\" \/>\n<meta property=\"article:published_time\" content=\"2023-11-03T08:08:00+00:00\" \/>\n<meta property=\"article:modified_time\" content=\"2025-05-20T22:39:48+00:00\" \/>\n<meta property=\"og:image\" content=\"https:\/\/www.webdo.tn\/fr\/wp-content\/uploads\/2023\/11\/7b317e2a40b4f276272a3984ec95820c.jpg\" \/>\n\t<meta property=\"og:image:width\" content=\"750\" \/>\n\t<meta property=\"og:image:height\" content=\"400\" \/>\n\t<meta property=\"og:image:type\" content=\"image\/jpeg\" \/>\n<meta name=\"author\" content=\"CL\" \/>\n<meta name=\"twitter:card\" content=\"summary_large_image\" \/>\n<meta name=\"twitter:creator\" content=\"@webdo_tn\" \/>\n<meta name=\"twitter:site\" content=\"@webdo_tn\" \/>\n<meta name=\"twitter:label1\" content=\"\u00c9crit par\" \/>\n\t<meta name=\"twitter:data1\" content=\"CL\" \/>\n\t<meta name=\"twitter:label2\" content=\"Dur\u00e9e de lecture estim\u00e9e\" \/>\n\t<meta name=\"twitter:data2\" content=\"1 minute\" \/>\n<script type=\"application\/ld+json\" class=\"yoast-schema-graph\">{\"@context\":\"https:\\\/\\\/schema.org\",\"@graph\":[{\"@type\":\"NewsArticle\",\"@id\":\"https:\\\/\\\/www.webdo.tn\\\/fr\\\/actualite\\\/national\\\/bouderbala-le-projet-de-loi-sur-la-normalisation-menace-les-interets-du-pays-selon-kais-saied\\\/209852\\\/#article\",\"isPartOf\":{\"@id\":\"https:\\\/\\\/www.webdo.tn\\\/fr\\\/actualite\\\/national\\\/bouderbala-le-projet-de-loi-sur-la-normalisation-menace-les-interets-du-pays-selon-kais-saied\\\/209852\\\/\"},\"author\":{\"name\":\"CL\",\"@id\":\"https:\\\/\\\/www.webdo.tn\\\/fr\\\/#\\\/schema\\\/person\\\/f35b42a42c5e2511bbd282959d6385cc\"},\"headline\":\"Bouderbala : \u00ab\u00a0Le projet de loi sur la normalisation menace les int\u00e9r\u00eats du pays selon Kais Saied\u00a0\u00bb\",\"datePublished\":\"2023-11-03T08:08:00+00:00\",\"dateModified\":\"2025-05-20T22:39:48+00:00\",\"mainEntityOfPage\":{\"@id\":\"https:\\\/\\\/www.webdo.tn\\\/fr\\\/actualite\\\/national\\\/bouderbala-le-projet-de-loi-sur-la-normalisation-menace-les-interets-du-pays-selon-kais-saied\\\/209852\\\/\"},\"wordCount\":296,\"commentCount\":0,\"publisher\":{\"@id\":\"https:\\\/\\\/www.webdo.tn\\\/fr\\\/#organization\"},\"image\":{\"@id\":\"https:\\\/\\\/www.webdo.tn\\\/fr\\\/actualite\\\/national\\\/bouderbala-le-projet-de-loi-sur-la-normalisation-menace-les-interets-du-pays-selon-kais-saied\\\/209852\\\/#primaryimage\"},\"thumbnailUrl\":\"https:\\\/\\\/www.webdo.tn\\\/fr\\\/wp-content\\\/uploads\\\/2023\\\/11\\\/7b317e2a40b4f276272a3984ec95820c.jpg\",\"keywords\":[\"Kais Saied\",\"normalisation\",\"Tunisie\"],\"articleSection\":[\"National\"],\"inLanguage\":\"fr-FR\"},{\"@type\":\"WebPage\",\"@id\":\"https:\\\/\\\/www.webdo.tn\\\/fr\\\/actualite\\\/national\\\/bouderbala-le-projet-de-loi-sur-la-normalisation-menace-les-interets-du-pays-selon-kais-saied\\\/209852\\\/\",\"url\":\"https:\\\/\\\/www.webdo.tn\\\/fr\\\/actualite\\\/national\\\/bouderbala-le-projet-de-loi-sur-la-normalisation-menace-les-interets-du-pays-selon-kais-saied\\\/209852\\\/\",\"name\":\"Bouderbala : Le projet de loi sur la normalisation menace les int\u00e9r\u00eats du pays selon Kais Saied\",\"isPartOf\":{\"@id\":\"https:\\\/\\\/www.webdo.tn\\\/fr\\\/#website\"},\"primaryImageOfPage\":{\"@id\":\"https:\\\/\\\/www.webdo.tn\\\/fr\\\/actualite\\\/national\\\/bouderbala-le-projet-de-loi-sur-la-normalisation-menace-les-interets-du-pays-selon-kais-saied\\\/209852\\\/#primaryimage\"},\"image\":{\"@id\":\"https:\\\/\\\/www.webdo.tn\\\/fr\\\/actualite\\\/national\\\/bouderbala-le-projet-de-loi-sur-la-normalisation-menace-les-interets-du-pays-selon-kais-saied\\\/209852\\\/#primaryimage\"},\"thumbnailUrl\":\"https:\\\/\\\/www.webdo.tn\\\/fr\\\/wp-content\\\/uploads\\\/2023\\\/11\\\/7b317e2a40b4f276272a3984ec95820c.jpg\",\"datePublished\":\"2023-11-03T08:08:00+00:00\",\"dateModified\":\"2025-05-20T22:39:48+00:00\",\"description\":\"Sauf qu\u2019une grosse pol\u00e9mique a \u00e9t\u00e9 observ\u00e9e \u00e0 l\u2019h\u00e9micycle o\u00f9 de nombreux d\u00e9put\u00e9s affirment avoir \u00e9t\u00e9 menac\u00e9s pour laisser tomber ce projet de loi ou du moins le...\",\"breadcrumb\":{\"@id\":\"https:\\\/\\\/www.webdo.tn\\\/fr\\\/actualite\\\/national\\\/bouderbala-le-projet-de-loi-sur-la-normalisation-menace-les-interets-du-pays-selon-kais-saied\\\/209852\\\/#breadcrumb\"},\"inLanguage\":\"fr-FR\",\"potentialAction\":[{\"@type\":\"ReadAction\",\"target\":[\"https:\\\/\\\/www.webdo.tn\\\/fr\\\/actualite\\\/national\\\/bouderbala-le-projet-de-loi-sur-la-normalisation-menace-les-interets-du-pays-selon-kais-saied\\\/209852\\\/\"]}]},{\"@type\":\"ImageObject\",\"inLanguage\":\"fr-FR\",\"@id\":\"https:\\\/\\\/www.webdo.tn\\\/fr\\\/actualite\\\/national\\\/bouderbala-le-projet-de-loi-sur-la-normalisation-menace-les-interets-du-pays-selon-kais-saied\\\/209852\\\/#primaryimage\",\"url\":\"https:\\\/\\\/www.webdo.tn\\\/fr\\\/wp-content\\\/uploads\\\/2023\\\/11\\\/7b317e2a40b4f276272a3984ec95820c.jpg\",\"contentUrl\":\"https:\\\/\\\/www.webdo.tn\\\/fr\\\/wp-content\\\/uploads\\\/2023\\\/11\\\/7b317e2a40b4f276272a3984ec95820c.jpg\",\"width\":750,\"height\":400,\"caption\":\"Bouderbala : \\\"Le projet de loi sur la normalisation menace les int\u00e9r\u00eats du pays selon Kais Saied\\\"\"},{\"@type\":\"BreadcrumbList\",\"@id\":\"https:\\\/\\\/www.webdo.tn\\\/fr\\\/actualite\\\/national\\\/bouderbala-le-projet-de-loi-sur-la-normalisation-menace-les-interets-du-pays-selon-kais-saied\\\/209852\\\/#breadcrumb\",\"itemListElement\":[{\"@type\":\"ListItem\",\"position\":1,\"name\":\"Accueil\",\"item\":\"https:\\\/\\\/www.webdo.tn\\\/fr\\\/\"},{\"@type\":\"ListItem\",\"position\":2,\"name\":\"Bouderbala : &#8220;Le projet de loi sur la normalisation menace les int\u00e9r\u00eats du pays selon Kais Saied&#8221;\"}]},{\"@type\":\"WebSite\",\"@id\":\"https:\\\/\\\/www.webdo.tn\\\/fr\\\/#website\",\"url\":\"https:\\\/\\\/www.webdo.tn\\\/fr\\\/\",\"name\":\"webdo\",\"description\":\"Tunisie - News en Tunisie et \u00e0 l&#039;international sur Webdo.tn\",\"publisher\":{\"@id\":\"https:\\\/\\\/www.webdo.tn\\\/fr\\\/#organization\"},\"potentialAction\":[{\"@type\":\"SearchAction\",\"target\":{\"@type\":\"EntryPoint\",\"urlTemplate\":\"https:\\\/\\\/www.webdo.tn\\\/fr\\\/?s={search_term_string}\"},\"query-input\":{\"@type\":\"PropertyValueSpecification\",\"valueRequired\":true,\"valueName\":\"search_term_string\"}}],\"inLanguage\":\"fr-FR\"},{\"@type\":\"Organization\",\"@id\":\"https:\\\/\\\/www.webdo.tn\\\/fr\\\/#organization\",\"name\":\"Webdo\",\"alternateName\":\"Webdo.tn\",\"url\":\"https:\\\/\\\/www.webdo.tn\\\/fr\\\/\",\"logo\":{\"@type\":\"ImageObject\",\"inLanguage\":\"fr-FR\",\"@id\":\"https:\\\/\\\/www.webdo.tn\\\/fr\\\/#\\\/schema\\\/logo\\\/image\\\/\",\"url\":\"https:\\\/\\\/www.webdo.tn\\\/fr\\\/wp-content\\\/uploads\\\/2025\\\/06\\\/Webdo-Tunisie_168377.jpg\",\"contentUrl\":\"https:\\\/\\\/www.webdo.tn\\\/fr\\\/wp-content\\\/uploads\\\/2025\\\/06\\\/Webdo-Tunisie_168377.jpg\",\"width\":301,\"height\":301,\"caption\":\"Webdo\"},\"image\":{\"@id\":\"https:\\\/\\\/www.webdo.tn\\\/fr\\\/#\\\/schema\\\/logo\\\/image\\\/\"},\"sameAs\":[\"https:\\\/\\\/www.facebook.com\\\/webdotn\",\"https:\\\/\\\/x.com\\\/webdo_tn\"],\"description\":\"Webdo est un m\u00e9dia num\u00e9rique tunisien fond\u00e9 en 2010, sp\u00e9cialis\u00e9 dans l\u2019actualit\u00e9 nationale et internationale, l\u2019\u00e9conomie, la soci\u00e9t\u00e9 et les analyses politiques. Le site s\u2019adresse \u00e0 un large public francophone et couvre l\u2019information tunisienne en temps r\u00e9el.\",\"email\":\"redac@webdo.tn\",\"legalName\":\"YNJ SARL\",\"foundingDate\":\"2010-09-06\",\"numberOfEmployees\":{\"@type\":\"QuantitativeValue\",\"minValue\":\"11\",\"maxValue\":\"50\"}},{\"@type\":\"Person\",\"@id\":\"https:\\\/\\\/www.webdo.tn\\\/fr\\\/#\\\/schema\\\/person\\\/f35b42a42c5e2511bbd282959d6385cc\",\"name\":\"CL\",\"image\":{\"@type\":\"ImageObject\",\"inLanguage\":\"fr-FR\",\"@id\":\"https:\\\/\\\/secure.gravatar.com\\\/avatar\\\/1447a49909b67aa657c488aec6512e1dd6143a480c1ecfee9b5b5cd74eb3b59e?s=96&d=mm&r=g\",\"url\":\"https:\\\/\\\/secure.gravatar.com\\\/avatar\\\/1447a49909b67aa657c488aec6512e1dd6143a480c1ecfee9b5b5cd74eb3b59e?s=96&d=mm&r=g\",\"contentUrl\":\"https:\\\/\\\/secure.gravatar.com\\\/avatar\\\/1447a49909b67aa657c488aec6512e1dd6143a480c1ecfee9b5b5cd74eb3b59e?s=96&d=mm&r=g\",\"caption\":\"CL\"},\"url\":\"https:\\\/\\\/www.webdo.tn\\\/fr\\\/actualite\\\/author\\\/cl\\\/\"}]}<\/script>\n<!-- \/ Yoast SEO Premium plugin. -->","yoast_head_json":{"title":"Bouderbala : Le projet de loi sur la normalisation menace les int\u00e9r\u00eats du pays selon Kais Saied","description":"Sauf qu\u2019une grosse pol\u00e9mique a \u00e9t\u00e9 observ\u00e9e \u00e0 l\u2019h\u00e9micycle o\u00f9 de nombreux d\u00e9put\u00e9s affirment avoir \u00e9t\u00e9 menac\u00e9s pour laisser tomber ce projet de loi ou du moins le...","canonical":"https:\/\/www.webdo.tn\/fr\/actualite\/national\/bouderbala-le-projet-de-loi-sur-la-normalisation-menace-les-interets-du-pays-selon-kais-saied\/209852\/","og_locale":"fr_FR","og_type":"article","og_title":"Bouderbala : \"Le projet de loi sur la normalisation menace les int\u00e9r\u00eats du pays selon Kais Saied\"","og_description":"Sauf qu\u2019une grosse pol\u00e9mique a \u00e9t\u00e9 observ\u00e9e \u00e0 l\u2019h\u00e9micycle o\u00f9 de nombreux d\u00e9put\u00e9s affirment avoir \u00e9t\u00e9 menac\u00e9s pour laisser tomber ce projet de loi ou du moins le...","og_url":"https:\/\/www.webdo.tn\/fr\/actualite\/national\/bouderbala-le-projet-de-loi-sur-la-normalisation-menace-les-interets-du-pays-selon-kais-saied\/209852\/","og_site_name":"webdo","article_publisher":"https:\/\/www.facebook.com\/webdotn","article_published_time":"2023-11-03T08:08:00+00:00","article_modified_time":"2025-05-20T22:39:48+00:00","og_image":[{"width":750,"height":400,"url":"https:\/\/www.webdo.tn\/fr\/wp-content\/uploads\/2023\/11\/7b317e2a40b4f276272a3984ec95820c.jpg","type":"image\/jpeg"}],"author":"CL","twitter_card":"summary_large_image","twitter_creator":"@webdo_tn","twitter_site":"@webdo_tn","twitter_misc":{"\u00c9crit par":"CL","Dur\u00e9e de lecture estim\u00e9e":"1 minute"},"schema":{"@context":"https:\/\/schema.org","@graph":[{"@type":"NewsArticle","@id":"https:\/\/www.webdo.tn\/fr\/actualite\/national\/bouderbala-le-projet-de-loi-sur-la-normalisation-menace-les-interets-du-pays-selon-kais-saied\/209852\/#article","isPartOf":{"@id":"https:\/\/www.webdo.tn\/fr\/actualite\/national\/bouderbala-le-projet-de-loi-sur-la-normalisation-menace-les-interets-du-pays-selon-kais-saied\/209852\/"},"author":{"name":"CL","@id":"https:\/\/www.webdo.tn\/fr\/#\/schema\/person\/f35b42a42c5e2511bbd282959d6385cc"},"headline":"Bouderbala : \u00ab\u00a0Le projet de loi sur la normalisation menace les int\u00e9r\u00eats du pays selon Kais Saied\u00a0\u00bb","datePublished":"2023-11-03T08:08:00+00:00","dateModified":"2025-05-20T22:39:48+00:00","mainEntityOfPage":{"@id":"https:\/\/www.webdo.tn\/fr\/actualite\/national\/bouderbala-le-projet-de-loi-sur-la-normalisation-menace-les-interets-du-pays-selon-kais-saied\/209852\/"},"wordCount":296,"commentCount":0,"publisher":{"@id":"https:\/\/www.webdo.tn\/fr\/#organization"},"image":{"@id":"https:\/\/www.webdo.tn\/fr\/actualite\/national\/bouderbala-le-projet-de-loi-sur-la-normalisation-menace-les-interets-du-pays-selon-kais-saied\/209852\/#primaryimage"},"thumbnailUrl":"https:\/\/www.webdo.tn\/fr\/wp-content\/uploads\/2023\/11\/7b317e2a40b4f276272a3984ec95820c.jpg","keywords":["Kais Saied","normalisation","Tunisie"],"articleSection":["National"],"inLanguage":"fr-FR"},{"@type":"WebPage","@id":"https:\/\/www.webdo.tn\/fr\/actualite\/national\/bouderbala-le-projet-de-loi-sur-la-normalisation-menace-les-interets-du-pays-selon-kais-saied\/209852\/","url":"https:\/\/www.webdo.tn\/fr\/actualite\/national\/bouderbala-le-projet-de-loi-sur-la-normalisation-menace-les-interets-du-pays-selon-kais-saied\/209852\/","name":"Bouderbala : Le projet de loi sur la normalisation menace les int\u00e9r\u00eats du pays selon Kais Saied","isPartOf":{"@id":"https:\/\/www.webdo.tn\/fr\/#website"},"primaryImageOfPage":{"@id":"https:\/\/www.webdo.tn\/fr\/actualite\/national\/bouderbala-le-projet-de-loi-sur-la-normalisation-menace-les-interets-du-pays-selon-kais-saied\/209852\/#primaryimage"},"image":{"@id":"https:\/\/www.webdo.tn\/fr\/actualite\/national\/bouderbala-le-projet-de-loi-sur-la-normalisation-menace-les-interets-du-pays-selon-kais-saied\/209852\/#primaryimage"},"thumbnailUrl":"https:\/\/www.webdo.tn\/fr\/wp-content\/uploads\/2023\/11\/7b317e2a40b4f276272a3984ec95820c.jpg","datePublished":"2023-11-03T08:08:00+00:00","dateModified":"2025-05-20T22:39:48+00:00","description":"Sauf qu\u2019une grosse pol\u00e9mique a \u00e9t\u00e9 observ\u00e9e \u00e0 l\u2019h\u00e9micycle o\u00f9 de nombreux d\u00e9put\u00e9s affirment avoir \u00e9t\u00e9 menac\u00e9s pour laisser tomber ce projet de loi ou du moins le...","breadcrumb":{"@id":"https:\/\/www.webdo.tn\/fr\/actualite\/national\/bouderbala-le-projet-de-loi-sur-la-normalisation-menace-les-interets-du-pays-selon-kais-saied\/209852\/#breadcrumb"},"inLanguage":"fr-FR","potentialAction":[{"@type":"ReadAction","target":["https:\/\/www.webdo.tn\/fr\/actualite\/national\/bouderbala-le-projet-de-loi-sur-la-normalisation-menace-les-interets-du-pays-selon-kais-saied\/209852\/"]}]},{"@type":"ImageObject","inLanguage":"fr-FR","@id":"https:\/\/www.webdo.tn\/fr\/actualite\/national\/bouderbala-le-projet-de-loi-sur-la-normalisation-menace-les-interets-du-pays-selon-kais-saied\/209852\/#primaryimage","url":"https:\/\/www.webdo.tn\/fr\/wp-content\/uploads\/2023\/11\/7b317e2a40b4f276272a3984ec95820c.jpg","contentUrl":"https:\/\/www.webdo.tn\/fr\/wp-content\/uploads\/2023\/11\/7b317e2a40b4f276272a3984ec95820c.jpg","width":750,"height":400,"caption":"Bouderbala : \"Le projet de loi sur la normalisation menace les int\u00e9r\u00eats du pays selon Kais Saied\""},{"@type":"BreadcrumbList","@id":"https:\/\/www.webdo.tn\/fr\/actualite\/national\/bouderbala-le-projet-de-loi-sur-la-normalisation-menace-les-interets-du-pays-selon-kais-saied\/209852\/#breadcrumb","itemListElement":[{"@type":"ListItem","position":1,"name":"Accueil","item":"https:\/\/www.webdo.tn\/fr\/"},{"@type":"ListItem","position":2,"name":"Bouderbala : &#8220;Le projet de loi sur la normalisation menace les int\u00e9r\u00eats du pays selon Kais Saied&#8221;"}]},{"@type":"WebSite","@id":"https:\/\/www.webdo.tn\/fr\/#website","url":"https:\/\/www.webdo.tn\/fr\/","name":"webdo","description":"Tunisie - News en Tunisie et \u00e0 l&#039;international sur Webdo.tn","publisher":{"@id":"https:\/\/www.webdo.tn\/fr\/#organization"},"potentialAction":[{"@type":"SearchAction","target":{"@type":"EntryPoint","urlTemplate":"https:\/\/www.webdo.tn\/fr\/?s={search_term_string}"},"query-input":{"@type":"PropertyValueSpecification","valueRequired":true,"valueName":"search_term_string"}}],"inLanguage":"fr-FR"},{"@type":"Organization","@id":"https:\/\/www.webdo.tn\/fr\/#organization","name":"Webdo","alternateName":"Webdo.tn","url":"https:\/\/www.webdo.tn\/fr\/","logo":{"@type":"ImageObject","inLanguage":"fr-FR","@id":"https:\/\/www.webdo.tn\/fr\/#\/schema\/logo\/image\/","url":"https:\/\/www.webdo.tn\/fr\/wp-content\/uploads\/2025\/06\/Webdo-Tunisie_168377.jpg","contentUrl":"https:\/\/www.webdo.tn\/fr\/wp-content\/uploads\/2025\/06\/Webdo-Tunisie_168377.jpg","width":301,"height":301,"caption":"Webdo"},"image":{"@id":"https:\/\/www.webdo.tn\/fr\/#\/schema\/logo\/image\/"},"sameAs":["https:\/\/www.facebook.com\/webdotn","https:\/\/x.com\/webdo_tn"],"description":"Webdo est un m\u00e9dia num\u00e9rique tunisien fond\u00e9 en 2010, sp\u00e9cialis\u00e9 dans l\u2019actualit\u00e9 nationale et internationale, l\u2019\u00e9conomie, la soci\u00e9t\u00e9 et les analyses politiques. Le site s\u2019adresse \u00e0 un large public francophone et couvre l\u2019information tunisienne en temps r\u00e9el.","email":"redac@webdo.tn","legalName":"YNJ SARL","foundingDate":"2010-09-06","numberOfEmployees":{"@type":"QuantitativeValue","minValue":"11","maxValue":"50"}},{"@type":"Person","@id":"https:\/\/www.webdo.tn\/fr\/#\/schema\/person\/f35b42a42c5e2511bbd282959d6385cc","name":"CL","image":{"@type":"ImageObject","inLanguage":"fr-FR","@id":"https:\/\/secure.gravatar.com\/avatar\/1447a49909b67aa657c488aec6512e1dd6143a480c1ecfee9b5b5cd74eb3b59e?s=96&d=mm&r=g","url":"https:\/\/secure.gravatar.com\/avatar\/1447a49909b67aa657c488aec6512e1dd6143a480c1ecfee9b5b5cd74eb3b59e?s=96&d=mm&r=g","contentUrl":"https:\/\/secure.gravatar.com\/avatar\/1447a49909b67aa657c488aec6512e1dd6143a480c1ecfee9b5b5cd74eb3b59e?s=96&d=mm&r=g","caption":"CL"},"url":"https:\/\/www.webdo.tn\/fr\/actualite\/author\/cl\/"}]}},"_links":{"self":[{"href":"https:\/\/www.webdo.tn\/fr\/wp-json\/wp\/v2\/posts\/209852","targetHints":{"allow":["GET"]}}],"collection":[{"href":"https:\/\/www.webdo.tn\/fr\/wp-json\/wp\/v2\/posts"}],"about":[{"href":"https:\/\/www.webdo.tn\/fr\/wp-json\/wp\/v2\/types\/post"}],"author":[{"embeddable":true,"href":"https:\/\/www.webdo.tn\/fr\/wp-json\/wp\/v2\/users\/3175"}],"replies":[{"embeddable":true,"href":"https:\/\/www.webdo.tn\/fr\/wp-json\/wp\/v2\/comments?post=209852"}],"version-history":[{"count":0,"href":"https:\/\/www.webdo.tn\/fr\/wp-json\/wp\/v2\/posts\/209852\/revisions"}],"wp:featuredmedia":[{"embeddable":true,"href":"https:\/\/www.webdo.tn\/fr\/wp-json\/wp\/v2\/media\/248876"}],"wp:attachment":[{"href":"https:\/\/www.webdo.tn\/fr\/wp-json\/wp\/v2\/media?parent=209852"}],"wp:term":[{"taxonomy":"category","embeddable":true,"href":"https:\/\/www.webdo.tn\/fr\/wp-json\/wp\/v2\/categories?post=209852"},{"taxonomy":"post_tag","embeddable":true,"href":"https:\/\/www.webdo.tn\/fr\/wp-json\/wp\/v2\/tags?post=209852"}],"curies":[{"name":"wp","href":"https:\/\/api.w.org\/{rel}","templated":true}]}}