{"id":209844,"date":"2023-11-02T18:53:00","date_gmt":"2023-11-02T18:53:00","guid":{"rendered":"https:\/\/www.webdo.tn\/fr\/blog\/sept-nouveaux-ambassadeurs-de-tunisie-a-l-etranger\/209844\/"},"modified":"2025-05-20T22:39:47","modified_gmt":"2025-05-20T22:39:47","slug":"sept-nouveaux-ambassadeurs-de-tunisie-a-l-etranger","status":"publish","type":"post","link":"https:\/\/www.webdo.tn\/fr\/actualite\/national\/sept-nouveaux-ambassadeurs-de-tunisie-a-l-etranger\/209844\/","title":{"rendered":"Sept nouveaux ambassadeurs de Tunisie \u00e0 l&rsquo;\u00e9tranger"},"content":{"rendered":"<p>Au cours d&rsquo;une c\u00e9r\u00e9monie tenue, jeudi, au Palais de Carthage, le pr\u00e9sident de la R\u00e9publique, Ka\u00efs Sa\u00efed, a remis leurs lettres de cr\u00e9ance \u00e0 sept nouveaux ambassadeurs de Tunisie \u00e0 l&rsquo;\u00e9tranger.<\/p>\n<p>\t\t\t\t\t\t\t\t\tIl s&rsquo;agit :\u00a0<\/p>\n<p>\tNabiha Hajjeji, ambassadrice de la R\u00e9publique Tunisienne aupr\u00e8s de la R\u00e9publique de Finlande.<br \/>\n\tMoufida Zribi, ambassadrice de la R\u00e9publique Tunisienne aupr\u00e8s de la R\u00e9publique du Royaume hach\u00e9mite de Jordanie.<br \/>\n\tSouad Trabelsi, ambassadrice de la R\u00e9publique Tunisienne aupr\u00e8s de la R\u00e9publique de Gr\u00e8ce.<br \/>\n\tNaoufel Hdia, ambassadeur de la R\u00e9publique Tunisienne aupr\u00e8s de la R\u00e9publique de Portugal.<br \/>\n\tSkander Denguezli, ambassadeur de la R\u00e9publique Tunisienne aupr\u00e8s du Royaume des Pays-bas.<br \/>\n\tMohamed Karim Boudali, ambassadeur de la R\u00e9publique Tunisienne aupr\u00e8s de l&rsquo;Etat du Kowe\u00eft<br \/>\n\tMounir Jemni, ambassadeur de la R\u00e9publique Tunisienne aupr\u00e8s de l&rsquo;Etat du Burkina Faso<\/p>\n<p>Au cours de cette c\u00e9r\u00e9monie, les nouveaux ambassadeurs ont pr\u00eat\u00e9 serment devant le chef de l&rsquo;Etat, en pr\u00e9sence du ministre des Affaires \u00e9trang\u00e8res, de la Migration et des Tunisiens \u00e0 l&rsquo;\u00e9tranger, Nabil Ammar.<\/p>\n","protected":false},"excerpt":{"rendered":"<p>Au cours d&rsquo;une c\u00e9r\u00e9monie tenue, jeudi, au Palais de Carthage, le pr\u00e9sident de la R\u00e9publique, Ka\u00efs Sa\u00efed, a remis leurs lettres de cr\u00e9ance \u00e0 sept nouveaux ambass&#8230;<\/p>\n","protected":false},"author":3175,"featured_media":248872,"comment_status":"open","ping_status":"closed","sticky":false,"template":"","format":"standard","meta":{"footnotes":""},"categories":[44],"tags":[5121,2614,2608],"class_list":["post-209844","post","type-post","status-publish","format-standard","has-post-thumbnail","hentry","category-national","tag-ambassadeurs","tag-kais-saied","tag-tunisie"],"yoast_head":"<!-- This site is optimized with the Yoast SEO Premium plugin v27.5 (Yoast SEO v27.5) - https:\/\/yoast.com\/product\/yoast-seo-premium-wordpress\/ -->\n<title>Sept nouveaux ambassadeurs de Tunisie \u00e0 l&#039;\u00e9tranger<\/title>\n<meta name=\"description\" content=\"Au cours d&#039;une c\u00e9r\u00e9monie tenue, jeudi, au Palais de Carthage, le pr\u00e9sident de la R\u00e9publique, Ka\u00efs Sa\u00efed, a remis leurs lettres de cr\u00e9ance \u00e0 sept nouveaux ambass...\" \/>\n<link rel=\"canonical\" href=\"https:\/\/www.webdo.tn\/fr\/actualite\/national\/sept-nouveaux-ambassadeurs-de-tunisie-a-l-etranger\/209844\/\" \/>\n<meta property=\"og:locale\" content=\"fr_FR\" \/>\n<meta property=\"og:type\" content=\"article\" \/>\n<meta property=\"og:title\" content=\"Sept nouveaux ambassadeurs de Tunisie \u00e0 l&#039;\u00e9tranger\" \/>\n<meta property=\"og:description\" content=\"Au cours d&#039;une c\u00e9r\u00e9monie tenue, jeudi, au Palais de Carthage, le pr\u00e9sident de la R\u00e9publique, Ka\u00efs Sa\u00efed, a remis leurs lettres de cr\u00e9ance \u00e0 sept nouveaux ambass...\" \/>\n<meta property=\"og:url\" content=\"https:\/\/www.webdo.tn\/fr\/actualite\/national\/sept-nouveaux-ambassadeurs-de-tunisie-a-l-etranger\/209844\/\" \/>\n<meta property=\"og:site_name\" content=\"webdo\" \/>\n<meta property=\"article:publisher\" content=\"https:\/\/www.facebook.com\/webdotn\" \/>\n<meta property=\"article:published_time\" content=\"2023-11-02T18:53:00+00:00\" \/>\n<meta property=\"article:modified_time\" content=\"2025-05-20T22:39:47+00:00\" \/>\n<meta property=\"og:image\" content=\"https:\/\/www.webdo.tn\/fr\/wp-content\/uploads\/2023\/11\/b8ca7ecd82f88fc38f014fdb35033374.jpg\" \/>\n\t<meta property=\"og:image:width\" content=\"750\" \/>\n\t<meta property=\"og:image:height\" content=\"400\" \/>\n\t<meta property=\"og:image:type\" content=\"image\/jpeg\" \/>\n<meta name=\"author\" content=\"CL\" \/>\n<meta name=\"twitter:card\" content=\"summary_large_image\" \/>\n<meta name=\"twitter:creator\" content=\"@webdo_tn\" \/>\n<meta name=\"twitter:site\" content=\"@webdo_tn\" \/>\n<meta name=\"twitter:label1\" content=\"\u00c9crit par\" \/>\n\t<meta name=\"twitter:data1\" content=\"CL\" \/>\n\t<meta name=\"twitter:label2\" content=\"Dur\u00e9e de lecture estim\u00e9e\" \/>\n\t<meta name=\"twitter:data2\" content=\"1 minute\" \/>\n<script type=\"application\/ld+json\" class=\"yoast-schema-graph\">{\"@context\":\"https:\\\/\\\/schema.org\",\"@graph\":[{\"@type\":\"NewsArticle\",\"@id\":\"https:\\\/\\\/www.webdo.tn\\\/fr\\\/actualite\\\/national\\\/sept-nouveaux-ambassadeurs-de-tunisie-a-l-etranger\\\/209844\\\/#article\",\"isPartOf\":{\"@id\":\"https:\\\/\\\/www.webdo.tn\\\/fr\\\/actualite\\\/national\\\/sept-nouveaux-ambassadeurs-de-tunisie-a-l-etranger\\\/209844\\\/\"},\"author\":{\"name\":\"CL\",\"@id\":\"https:\\\/\\\/www.webdo.tn\\\/fr\\\/#\\\/schema\\\/person\\\/f35b42a42c5e2511bbd282959d6385cc\"},\"headline\":\"Sept nouveaux ambassadeurs de Tunisie \u00e0 l&rsquo;\u00e9tranger\",\"datePublished\":\"2023-11-02T18:53:00+00:00\",\"dateModified\":\"2025-05-20T22:39:47+00:00\",\"mainEntityOfPage\":{\"@id\":\"https:\\\/\\\/www.webdo.tn\\\/fr\\\/actualite\\\/national\\\/sept-nouveaux-ambassadeurs-de-tunisie-a-l-etranger\\\/209844\\\/\"},\"wordCount\":203,\"commentCount\":0,\"publisher\":{\"@id\":\"https:\\\/\\\/www.webdo.tn\\\/fr\\\/#organization\"},\"image\":{\"@id\":\"https:\\\/\\\/www.webdo.tn\\\/fr\\\/actualite\\\/national\\\/sept-nouveaux-ambassadeurs-de-tunisie-a-l-etranger\\\/209844\\\/#primaryimage\"},\"thumbnailUrl\":\"https:\\\/\\\/www.webdo.tn\\\/fr\\\/wp-content\\\/uploads\\\/2023\\\/11\\\/b8ca7ecd82f88fc38f014fdb35033374.jpg\",\"keywords\":[\"ambassadeurs\",\"Kais Saied\",\"Tunisie\"],\"articleSection\":[\"National\"],\"inLanguage\":\"fr-FR\"},{\"@type\":\"WebPage\",\"@id\":\"https:\\\/\\\/www.webdo.tn\\\/fr\\\/actualite\\\/national\\\/sept-nouveaux-ambassadeurs-de-tunisie-a-l-etranger\\\/209844\\\/\",\"url\":\"https:\\\/\\\/www.webdo.tn\\\/fr\\\/actualite\\\/national\\\/sept-nouveaux-ambassadeurs-de-tunisie-a-l-etranger\\\/209844\\\/\",\"name\":\"Sept nouveaux ambassadeurs de Tunisie \u00e0 l'\u00e9tranger\",\"isPartOf\":{\"@id\":\"https:\\\/\\\/www.webdo.tn\\\/fr\\\/#website\"},\"primaryImageOfPage\":{\"@id\":\"https:\\\/\\\/www.webdo.tn\\\/fr\\\/actualite\\\/national\\\/sept-nouveaux-ambassadeurs-de-tunisie-a-l-etranger\\\/209844\\\/#primaryimage\"},\"image\":{\"@id\":\"https:\\\/\\\/www.webdo.tn\\\/fr\\\/actualite\\\/national\\\/sept-nouveaux-ambassadeurs-de-tunisie-a-l-etranger\\\/209844\\\/#primaryimage\"},\"thumbnailUrl\":\"https:\\\/\\\/www.webdo.tn\\\/fr\\\/wp-content\\\/uploads\\\/2023\\\/11\\\/b8ca7ecd82f88fc38f014fdb35033374.jpg\",\"datePublished\":\"2023-11-02T18:53:00+00:00\",\"dateModified\":\"2025-05-20T22:39:47+00:00\",\"description\":\"Au cours d'une c\u00e9r\u00e9monie tenue, jeudi, au Palais de Carthage, le pr\u00e9sident de la R\u00e9publique, Ka\u00efs Sa\u00efed, a remis leurs lettres de cr\u00e9ance \u00e0 sept nouveaux ambass...\",\"breadcrumb\":{\"@id\":\"https:\\\/\\\/www.webdo.tn\\\/fr\\\/actualite\\\/national\\\/sept-nouveaux-ambassadeurs-de-tunisie-a-l-etranger\\\/209844\\\/#breadcrumb\"},\"inLanguage\":\"fr-FR\",\"potentialAction\":[{\"@type\":\"ReadAction\",\"target\":[\"https:\\\/\\\/www.webdo.tn\\\/fr\\\/actualite\\\/national\\\/sept-nouveaux-ambassadeurs-de-tunisie-a-l-etranger\\\/209844\\\/\"]}]},{\"@type\":\"ImageObject\",\"inLanguage\":\"fr-FR\",\"@id\":\"https:\\\/\\\/www.webdo.tn\\\/fr\\\/actualite\\\/national\\\/sept-nouveaux-ambassadeurs-de-tunisie-a-l-etranger\\\/209844\\\/#primaryimage\",\"url\":\"https:\\\/\\\/www.webdo.tn\\\/fr\\\/wp-content\\\/uploads\\\/2023\\\/11\\\/b8ca7ecd82f88fc38f014fdb35033374.jpg\",\"contentUrl\":\"https:\\\/\\\/www.webdo.tn\\\/fr\\\/wp-content\\\/uploads\\\/2023\\\/11\\\/b8ca7ecd82f88fc38f014fdb35033374.jpg\",\"width\":750,\"height\":400,\"caption\":\"Sept nouveaux ambassadeurs de Tunisie \u00e0 l'\u00e9tranger\"},{\"@type\":\"BreadcrumbList\",\"@id\":\"https:\\\/\\\/www.webdo.tn\\\/fr\\\/actualite\\\/national\\\/sept-nouveaux-ambassadeurs-de-tunisie-a-l-etranger\\\/209844\\\/#breadcrumb\",\"itemListElement\":[{\"@type\":\"ListItem\",\"position\":1,\"name\":\"Accueil\",\"item\":\"https:\\\/\\\/www.webdo.tn\\\/fr\\\/\"},{\"@type\":\"ListItem\",\"position\":2,\"name\":\"Sept nouveaux ambassadeurs de Tunisie \u00e0 l&#8217;\u00e9tranger\"}]},{\"@type\":\"WebSite\",\"@id\":\"https:\\\/\\\/www.webdo.tn\\\/fr\\\/#website\",\"url\":\"https:\\\/\\\/www.webdo.tn\\\/fr\\\/\",\"name\":\"webdo\",\"description\":\"Tunisie - News en Tunisie et \u00e0 l&#039;international sur Webdo.tn\",\"publisher\":{\"@id\":\"https:\\\/\\\/www.webdo.tn\\\/fr\\\/#organization\"},\"potentialAction\":[{\"@type\":\"SearchAction\",\"target\":{\"@type\":\"EntryPoint\",\"urlTemplate\":\"https:\\\/\\\/www.webdo.tn\\\/fr\\\/?s={search_term_string}\"},\"query-input\":{\"@type\":\"PropertyValueSpecification\",\"valueRequired\":true,\"valueName\":\"search_term_string\"}}],\"inLanguage\":\"fr-FR\"},{\"@type\":\"Organization\",\"@id\":\"https:\\\/\\\/www.webdo.tn\\\/fr\\\/#organization\",\"name\":\"Webdo\",\"alternateName\":\"Webdo.tn\",\"url\":\"https:\\\/\\\/www.webdo.tn\\\/fr\\\/\",\"logo\":{\"@type\":\"ImageObject\",\"inLanguage\":\"fr-FR\",\"@id\":\"https:\\\/\\\/www.webdo.tn\\\/fr\\\/#\\\/schema\\\/logo\\\/image\\\/\",\"url\":\"https:\\\/\\\/www.webdo.tn\\\/fr\\\/wp-content\\\/uploads\\\/2025\\\/06\\\/Webdo-Tunisie_168377.jpg\",\"contentUrl\":\"https:\\\/\\\/www.webdo.tn\\\/fr\\\/wp-content\\\/uploads\\\/2025\\\/06\\\/Webdo-Tunisie_168377.jpg\",\"width\":301,\"height\":301,\"caption\":\"Webdo\"},\"image\":{\"@id\":\"https:\\\/\\\/www.webdo.tn\\\/fr\\\/#\\\/schema\\\/logo\\\/image\\\/\"},\"sameAs\":[\"https:\\\/\\\/www.facebook.com\\\/webdotn\",\"https:\\\/\\\/x.com\\\/webdo_tn\"],\"description\":\"Webdo est un m\u00e9dia num\u00e9rique tunisien fond\u00e9 en 2010, sp\u00e9cialis\u00e9 dans l\u2019actualit\u00e9 nationale et internationale, l\u2019\u00e9conomie, la soci\u00e9t\u00e9 et les analyses politiques. Le site s\u2019adresse \u00e0 un large public francophone et couvre l\u2019information tunisienne en temps r\u00e9el.\",\"email\":\"redac@webdo.tn\",\"legalName\":\"YNJ SARL\",\"foundingDate\":\"2010-09-06\",\"numberOfEmployees\":{\"@type\":\"QuantitativeValue\",\"minValue\":\"11\",\"maxValue\":\"50\"}},{\"@type\":\"Person\",\"@id\":\"https:\\\/\\\/www.webdo.tn\\\/fr\\\/#\\\/schema\\\/person\\\/f35b42a42c5e2511bbd282959d6385cc\",\"name\":\"CL\",\"image\":{\"@type\":\"ImageObject\",\"inLanguage\":\"fr-FR\",\"@id\":\"https:\\\/\\\/secure.gravatar.com\\\/avatar\\\/1447a49909b67aa657c488aec6512e1dd6143a480c1ecfee9b5b5cd74eb3b59e?s=96&d=mm&r=g\",\"url\":\"https:\\\/\\\/secure.gravatar.com\\\/avatar\\\/1447a49909b67aa657c488aec6512e1dd6143a480c1ecfee9b5b5cd74eb3b59e?s=96&d=mm&r=g\",\"contentUrl\":\"https:\\\/\\\/secure.gravatar.com\\\/avatar\\\/1447a49909b67aa657c488aec6512e1dd6143a480c1ecfee9b5b5cd74eb3b59e?s=96&d=mm&r=g\",\"caption\":\"CL\"},\"url\":\"https:\\\/\\\/www.webdo.tn\\\/fr\\\/actualite\\\/author\\\/cl\\\/\"}]}<\/script>\n<!-- \/ Yoast SEO Premium plugin. -->","yoast_head_json":{"title":"Sept nouveaux ambassadeurs de Tunisie \u00e0 l'\u00e9tranger","description":"Au cours d'une c\u00e9r\u00e9monie tenue, jeudi, au Palais de Carthage, le pr\u00e9sident de la R\u00e9publique, Ka\u00efs Sa\u00efed, a remis leurs lettres de cr\u00e9ance \u00e0 sept nouveaux ambass...","canonical":"https:\/\/www.webdo.tn\/fr\/actualite\/national\/sept-nouveaux-ambassadeurs-de-tunisie-a-l-etranger\/209844\/","og_locale":"fr_FR","og_type":"article","og_title":"Sept nouveaux ambassadeurs de Tunisie \u00e0 l'\u00e9tranger","og_description":"Au cours d'une c\u00e9r\u00e9monie tenue, jeudi, au Palais de Carthage, le pr\u00e9sident de la R\u00e9publique, Ka\u00efs Sa\u00efed, a remis leurs lettres de cr\u00e9ance \u00e0 sept nouveaux ambass...","og_url":"https:\/\/www.webdo.tn\/fr\/actualite\/national\/sept-nouveaux-ambassadeurs-de-tunisie-a-l-etranger\/209844\/","og_site_name":"webdo","article_publisher":"https:\/\/www.facebook.com\/webdotn","article_published_time":"2023-11-02T18:53:00+00:00","article_modified_time":"2025-05-20T22:39:47+00:00","og_image":[{"width":750,"height":400,"url":"https:\/\/www.webdo.tn\/fr\/wp-content\/uploads\/2023\/11\/b8ca7ecd82f88fc38f014fdb35033374.jpg","type":"image\/jpeg"}],"author":"CL","twitter_card":"summary_large_image","twitter_creator":"@webdo_tn","twitter_site":"@webdo_tn","twitter_misc":{"\u00c9crit par":"CL","Dur\u00e9e de lecture estim\u00e9e":"1 minute"},"schema":{"@context":"https:\/\/schema.org","@graph":[{"@type":"NewsArticle","@id":"https:\/\/www.webdo.tn\/fr\/actualite\/national\/sept-nouveaux-ambassadeurs-de-tunisie-a-l-etranger\/209844\/#article","isPartOf":{"@id":"https:\/\/www.webdo.tn\/fr\/actualite\/national\/sept-nouveaux-ambassadeurs-de-tunisie-a-l-etranger\/209844\/"},"author":{"name":"CL","@id":"https:\/\/www.webdo.tn\/fr\/#\/schema\/person\/f35b42a42c5e2511bbd282959d6385cc"},"headline":"Sept nouveaux ambassadeurs de Tunisie \u00e0 l&rsquo;\u00e9tranger","datePublished":"2023-11-02T18:53:00+00:00","dateModified":"2025-05-20T22:39:47+00:00","mainEntityOfPage":{"@id":"https:\/\/www.webdo.tn\/fr\/actualite\/national\/sept-nouveaux-ambassadeurs-de-tunisie-a-l-etranger\/209844\/"},"wordCount":203,"commentCount":0,"publisher":{"@id":"https:\/\/www.webdo.tn\/fr\/#organization"},"image":{"@id":"https:\/\/www.webdo.tn\/fr\/actualite\/national\/sept-nouveaux-ambassadeurs-de-tunisie-a-l-etranger\/209844\/#primaryimage"},"thumbnailUrl":"https:\/\/www.webdo.tn\/fr\/wp-content\/uploads\/2023\/11\/b8ca7ecd82f88fc38f014fdb35033374.jpg","keywords":["ambassadeurs","Kais Saied","Tunisie"],"articleSection":["National"],"inLanguage":"fr-FR"},{"@type":"WebPage","@id":"https:\/\/www.webdo.tn\/fr\/actualite\/national\/sept-nouveaux-ambassadeurs-de-tunisie-a-l-etranger\/209844\/","url":"https:\/\/www.webdo.tn\/fr\/actualite\/national\/sept-nouveaux-ambassadeurs-de-tunisie-a-l-etranger\/209844\/","name":"Sept nouveaux ambassadeurs de Tunisie \u00e0 l'\u00e9tranger","isPartOf":{"@id":"https:\/\/www.webdo.tn\/fr\/#website"},"primaryImageOfPage":{"@id":"https:\/\/www.webdo.tn\/fr\/actualite\/national\/sept-nouveaux-ambassadeurs-de-tunisie-a-l-etranger\/209844\/#primaryimage"},"image":{"@id":"https:\/\/www.webdo.tn\/fr\/actualite\/national\/sept-nouveaux-ambassadeurs-de-tunisie-a-l-etranger\/209844\/#primaryimage"},"thumbnailUrl":"https:\/\/www.webdo.tn\/fr\/wp-content\/uploads\/2023\/11\/b8ca7ecd82f88fc38f014fdb35033374.jpg","datePublished":"2023-11-02T18:53:00+00:00","dateModified":"2025-05-20T22:39:47+00:00","description":"Au cours d'une c\u00e9r\u00e9monie tenue, jeudi, au Palais de Carthage, le pr\u00e9sident de la R\u00e9publique, Ka\u00efs Sa\u00efed, a remis leurs lettres de cr\u00e9ance \u00e0 sept nouveaux ambass...","breadcrumb":{"@id":"https:\/\/www.webdo.tn\/fr\/actualite\/national\/sept-nouveaux-ambassadeurs-de-tunisie-a-l-etranger\/209844\/#breadcrumb"},"inLanguage":"fr-FR","potentialAction":[{"@type":"ReadAction","target":["https:\/\/www.webdo.tn\/fr\/actualite\/national\/sept-nouveaux-ambassadeurs-de-tunisie-a-l-etranger\/209844\/"]}]},{"@type":"ImageObject","inLanguage":"fr-FR","@id":"https:\/\/www.webdo.tn\/fr\/actualite\/national\/sept-nouveaux-ambassadeurs-de-tunisie-a-l-etranger\/209844\/#primaryimage","url":"https:\/\/www.webdo.tn\/fr\/wp-content\/uploads\/2023\/11\/b8ca7ecd82f88fc38f014fdb35033374.jpg","contentUrl":"https:\/\/www.webdo.tn\/fr\/wp-content\/uploads\/2023\/11\/b8ca7ecd82f88fc38f014fdb35033374.jpg","width":750,"height":400,"caption":"Sept nouveaux ambassadeurs de Tunisie \u00e0 l'\u00e9tranger"},{"@type":"BreadcrumbList","@id":"https:\/\/www.webdo.tn\/fr\/actualite\/national\/sept-nouveaux-ambassadeurs-de-tunisie-a-l-etranger\/209844\/#breadcrumb","itemListElement":[{"@type":"ListItem","position":1,"name":"Accueil","item":"https:\/\/www.webdo.tn\/fr\/"},{"@type":"ListItem","position":2,"name":"Sept nouveaux ambassadeurs de Tunisie \u00e0 l&#8217;\u00e9tranger"}]},{"@type":"WebSite","@id":"https:\/\/www.webdo.tn\/fr\/#website","url":"https:\/\/www.webdo.tn\/fr\/","name":"webdo","description":"Tunisie - News en Tunisie et \u00e0 l&#039;international sur Webdo.tn","publisher":{"@id":"https:\/\/www.webdo.tn\/fr\/#organization"},"potentialAction":[{"@type":"SearchAction","target":{"@type":"EntryPoint","urlTemplate":"https:\/\/www.webdo.tn\/fr\/?s={search_term_string}"},"query-input":{"@type":"PropertyValueSpecification","valueRequired":true,"valueName":"search_term_string"}}],"inLanguage":"fr-FR"},{"@type":"Organization","@id":"https:\/\/www.webdo.tn\/fr\/#organization","name":"Webdo","alternateName":"Webdo.tn","url":"https:\/\/www.webdo.tn\/fr\/","logo":{"@type":"ImageObject","inLanguage":"fr-FR","@id":"https:\/\/www.webdo.tn\/fr\/#\/schema\/logo\/image\/","url":"https:\/\/www.webdo.tn\/fr\/wp-content\/uploads\/2025\/06\/Webdo-Tunisie_168377.jpg","contentUrl":"https:\/\/www.webdo.tn\/fr\/wp-content\/uploads\/2025\/06\/Webdo-Tunisie_168377.jpg","width":301,"height":301,"caption":"Webdo"},"image":{"@id":"https:\/\/www.webdo.tn\/fr\/#\/schema\/logo\/image\/"},"sameAs":["https:\/\/www.facebook.com\/webdotn","https:\/\/x.com\/webdo_tn"],"description":"Webdo est un m\u00e9dia num\u00e9rique tunisien fond\u00e9 en 2010, sp\u00e9cialis\u00e9 dans l\u2019actualit\u00e9 nationale et internationale, l\u2019\u00e9conomie, la soci\u00e9t\u00e9 et les analyses politiques. Le site s\u2019adresse \u00e0 un large public francophone et couvre l\u2019information tunisienne en temps r\u00e9el.","email":"redac@webdo.tn","legalName":"YNJ SARL","foundingDate":"2010-09-06","numberOfEmployees":{"@type":"QuantitativeValue","minValue":"11","maxValue":"50"}},{"@type":"Person","@id":"https:\/\/www.webdo.tn\/fr\/#\/schema\/person\/f35b42a42c5e2511bbd282959d6385cc","name":"CL","image":{"@type":"ImageObject","inLanguage":"fr-FR","@id":"https:\/\/secure.gravatar.com\/avatar\/1447a49909b67aa657c488aec6512e1dd6143a480c1ecfee9b5b5cd74eb3b59e?s=96&d=mm&r=g","url":"https:\/\/secure.gravatar.com\/avatar\/1447a49909b67aa657c488aec6512e1dd6143a480c1ecfee9b5b5cd74eb3b59e?s=96&d=mm&r=g","contentUrl":"https:\/\/secure.gravatar.com\/avatar\/1447a49909b67aa657c488aec6512e1dd6143a480c1ecfee9b5b5cd74eb3b59e?s=96&d=mm&r=g","caption":"CL"},"url":"https:\/\/www.webdo.tn\/fr\/actualite\/author\/cl\/"}]}},"_links":{"self":[{"href":"https:\/\/www.webdo.tn\/fr\/wp-json\/wp\/v2\/posts\/209844","targetHints":{"allow":["GET"]}}],"collection":[{"href":"https:\/\/www.webdo.tn\/fr\/wp-json\/wp\/v2\/posts"}],"about":[{"href":"https:\/\/www.webdo.tn\/fr\/wp-json\/wp\/v2\/types\/post"}],"author":[{"embeddable":true,"href":"https:\/\/www.webdo.tn\/fr\/wp-json\/wp\/v2\/users\/3175"}],"replies":[{"embeddable":true,"href":"https:\/\/www.webdo.tn\/fr\/wp-json\/wp\/v2\/comments?post=209844"}],"version-history":[{"count":0,"href":"https:\/\/www.webdo.tn\/fr\/wp-json\/wp\/v2\/posts\/209844\/revisions"}],"wp:featuredmedia":[{"embeddable":true,"href":"https:\/\/www.webdo.tn\/fr\/wp-json\/wp\/v2\/media\/248872"}],"wp:attachment":[{"href":"https:\/\/www.webdo.tn\/fr\/wp-json\/wp\/v2\/media?parent=209844"}],"wp:term":[{"taxonomy":"category","embeddable":true,"href":"https:\/\/www.webdo.tn\/fr\/wp-json\/wp\/v2\/categories?post=209844"},{"taxonomy":"post_tag","embeddable":true,"href":"https:\/\/www.webdo.tn\/fr\/wp-json\/wp\/v2\/tags?post=209844"}],"curies":[{"name":"wp","href":"https:\/\/api.w.org\/{rel}","templated":true}]}}