{"id":209837,"date":"2023-11-02T11:21:00","date_gmt":"2023-11-02T11:21:00","guid":{"rendered":"https:\/\/www.webdo.tn\/fr\/blog\/apres-106-ans-les-palestiniens-disent-toujours-non\/209837\/"},"modified":"2025-05-20T22:56:25","modified_gmt":"2025-05-20T22:56:25","slug":"apres-106-ans-les-palestiniens-disent-toujours-non","status":"publish","type":"post","link":"https:\/\/www.webdo.tn\/fr\/actualite\/international\/apres-106-ans-les-palestiniens-disent-toujours-non\/209837\/","title":{"rendered":"Apr\u00e8s 106 ans, les Palestiniens disent toujours NON !"},"content":{"rendered":"<p>\u00ab\u00a0Le Gouvernement de sa Majest\u00e9 envisage favorablement l\u2019\u00e9tablissement en Palestine d\u2019un foyer national pour le peuple juif\u00a0\u00bb \u2013 (Lord Arthur James Balfour, Secr\u00e9taire des Affaires Etrang\u00e8res du Royaume-Uni, 2 novembre 1917).<\/p>\n<p>\t\t\t\t\t\t\t\t\tLa Premi\u00e8re Guerre mondiale entre dans sa derni\u00e8re ann\u00e9e. Londres cherche \u00e0 renforcer ses positions et \u00e0 obtenir le soutien du mouvement sioniste qui se d\u00e9veloppe au sein des communaut\u00e9s juives d&rsquo;Europe et d&rsquo;Am\u00e9rique.<\/p>\n<p>Le 2 novembre 1917, Arthur Balfour, alors Secr\u00e9taire des Affaires Etrang\u00e8res du Royaume-Uni, adresse \u00e0 Lord Walter Rothschild, haut repr\u00e9sentant de la communaut\u00e9 juive britannique, une lettre dactylographi\u00e9e approuv\u00e9e par le cabinet, qu&rsquo;il lui demande de porter \u00e0 la connaissance de la F\u00e9d\u00e9ration sioniste :<\/p>\n<p>\u00ab\u00a0Le gouvernement de Sa Majest\u00e9 envisage favorablement l&rsquo;\u00e9tablissement en Palestine d&rsquo;un foyer national pour le peuple juif, et emploiera tous ses efforts pour faciliter la r\u00e9alisation de cet objectif, \u00e9tant clairement entendu que rien ne sera fait qui puisse porter atteinte aux droits civils et religieux des communaut\u00e9s non juives en Palestine, ou aux droits et au statut politique dont les juifs jouissent dans tout autre pays\u00a0\u00bb.<\/p>\n<p>La lettre a \u00e9t\u00e9 publi\u00e9e dans le journal Times de Londres le 9 novembre 1917, par un encart intitul\u00e9 \u00ab\u00a0Palestine for the Jews. Official Sympathy\u00a0\u00bb.<\/p>\n<p>Le 14 mai 1948, jour de la fin du mandat britannique sur la Palestine, David Ben Gourion, pr\u00e9sident du Conseil national juif, proclame la cr\u00e9ation de l\u2019\u00c9tat h\u00e9breu. Le premier pr\u00e9sident de l\u2019occupant n\u2019\u00e9tait que Cha\u00efm Weizmann, chef des sionistes de Grande-Bretagne.<\/p>\n<p>2 novembre 1917 \u2013 2 novembre 2023, il y a d\u00e9j\u00e0 106 ans !<\/p>\n<p>Il y a 106 ans, un chapitre sombre de l&rsquo;histoire palestinienne s&rsquo;ouvrait. 106 ans de massacres, de deuil et de crimes de guerre contre les propri\u00e9taires l\u00e9gitimes de ces terres. Apr\u00e8s 106 ans, les Palestiniens disent toujours NON\u2026<\/p>\n","protected":false},"excerpt":{"rendered":"<p>Il y a 106 ans, un chapitre sombre de l&rsquo;histoire palestinienne s&rsquo;ouvrait. 106 ans de massacres, de deuil et de crimes de guerre contre les propri\u00e9taires l\u00e9gitim&#8230;<\/p>\n","protected":false},"author":3184,"featured_media":278948,"comment_status":"open","ping_status":"closed","sticky":false,"template":"","format":"standard","meta":{"footnotes":""},"categories":[2598],"tags":[9782,9781,7677,2688],"class_list":["post-209837","post","type-post","status-publish","format-standard","has-post-thumbnail","hentry","category-international","tag-declaration-de-balfour","tag-entite-sioniste","tag-occupation","tag-palestine"],"yoast_head":"<!-- This site is optimized with the Yoast SEO Premium plugin v27.5 (Yoast SEO v27.5) - https:\/\/yoast.com\/product\/yoast-seo-premium-wordpress\/ -->\n<title>Apr\u00e8s 106 ans, les Palestiniens disent toujours NON !<\/title>\n<meta name=\"description\" content=\"Il y a 106 ans, un chapitre sombre de l&#039;histoire palestinienne s&#039;ouvrait. 106 ans de massacres, de deuil et de crimes de guerre contre les propri\u00e9taires l\u00e9gitim...\" \/>\n<link rel=\"canonical\" href=\"https:\/\/www.webdo.tn\/fr\/actualite\/international\/apres-106-ans-les-palestiniens-disent-toujours-non\/209837\/\" \/>\n<meta property=\"og:locale\" content=\"fr_FR\" \/>\n<meta property=\"og:type\" content=\"article\" \/>\n<meta property=\"og:title\" content=\"Apr\u00e8s 106 ans, les Palestiniens disent toujours NON !\" \/>\n<meta property=\"og:description\" content=\"Il y a 106 ans, un chapitre sombre de l&#039;histoire palestinienne s&#039;ouvrait. 106 ans de massacres, de deuil et de crimes de guerre contre les propri\u00e9taires l\u00e9gitim...\" \/>\n<meta property=\"og:url\" content=\"https:\/\/www.webdo.tn\/fr\/actualite\/international\/apres-106-ans-les-palestiniens-disent-toujours-non\/209837\/\" \/>\n<meta property=\"og:site_name\" content=\"webdo\" \/>\n<meta property=\"article:publisher\" content=\"https:\/\/www.facebook.com\/webdotn\" \/>\n<meta property=\"article:published_time\" content=\"2023-11-02T11:21:00+00:00\" \/>\n<meta property=\"article:modified_time\" content=\"2025-05-20T22:56:25+00:00\" \/>\n<meta property=\"og:image\" content=\"https:\/\/www.webdo.tn\/fr\/wp-content\/uploads\/2023\/11\/aba9d5e6de690459ab91e0b2c7ecbb8e.jpg\" \/>\n\t<meta property=\"og:image:width\" content=\"750\" \/>\n\t<meta property=\"og:image:height\" content=\"400\" \/>\n\t<meta property=\"og:image:type\" content=\"image\/jpeg\" \/>\n<meta name=\"author\" content=\"Wided Belhaj\" \/>\n<meta name=\"twitter:card\" content=\"summary_large_image\" \/>\n<meta name=\"twitter:creator\" content=\"@webdo_tn\" \/>\n<meta name=\"twitter:site\" content=\"@webdo_tn\" \/>\n<meta name=\"twitter:label1\" content=\"\u00c9crit par\" \/>\n\t<meta name=\"twitter:data1\" content=\"Wided Belhaj\" \/>\n\t<meta name=\"twitter:label2\" content=\"Dur\u00e9e de lecture estim\u00e9e\" \/>\n\t<meta name=\"twitter:data2\" content=\"2 minutes\" \/>\n<script type=\"application\/ld+json\" class=\"yoast-schema-graph\">{\"@context\":\"https:\\\/\\\/schema.org\",\"@graph\":[{\"@type\":\"NewsArticle\",\"@id\":\"https:\\\/\\\/www.webdo.tn\\\/fr\\\/actualite\\\/international\\\/apres-106-ans-les-palestiniens-disent-toujours-non\\\/209837\\\/#article\",\"isPartOf\":{\"@id\":\"https:\\\/\\\/www.webdo.tn\\\/fr\\\/actualite\\\/international\\\/apres-106-ans-les-palestiniens-disent-toujours-non\\\/209837\\\/\"},\"author\":{\"name\":\"Wided Belhaj\",\"@id\":\"https:\\\/\\\/www.webdo.tn\\\/fr\\\/#\\\/schema\\\/person\\\/b9ecde7a5574cb4fcf4b496ea5fadb15\"},\"headline\":\"Apr\u00e8s 106 ans, les Palestiniens disent toujours NON !\",\"datePublished\":\"2023-11-02T11:21:00+00:00\",\"dateModified\":\"2025-05-20T22:56:25+00:00\",\"mainEntityOfPage\":{\"@id\":\"https:\\\/\\\/www.webdo.tn\\\/fr\\\/actualite\\\/international\\\/apres-106-ans-les-palestiniens-disent-toujours-non\\\/209837\\\/\"},\"wordCount\":319,\"commentCount\":0,\"publisher\":{\"@id\":\"https:\\\/\\\/www.webdo.tn\\\/fr\\\/#organization\"},\"image\":{\"@id\":\"https:\\\/\\\/www.webdo.tn\\\/fr\\\/actualite\\\/international\\\/apres-106-ans-les-palestiniens-disent-toujours-non\\\/209837\\\/#primaryimage\"},\"thumbnailUrl\":\"https:\\\/\\\/www.webdo.tn\\\/fr\\\/wp-content\\\/uploads\\\/2023\\\/11\\\/aba9d5e6de690459ab91e0b2c7ecbb8e.jpg\",\"keywords\":[\"d\u00e9claration de balfour\",\"entit\u00e9 sioniste\",\"occupation\",\"Palestine\"],\"articleSection\":[\"International\"],\"inLanguage\":\"fr-FR\"},{\"@type\":\"WebPage\",\"@id\":\"https:\\\/\\\/www.webdo.tn\\\/fr\\\/actualite\\\/international\\\/apres-106-ans-les-palestiniens-disent-toujours-non\\\/209837\\\/\",\"url\":\"https:\\\/\\\/www.webdo.tn\\\/fr\\\/actualite\\\/international\\\/apres-106-ans-les-palestiniens-disent-toujours-non\\\/209837\\\/\",\"name\":\"Apr\u00e8s 106 ans, les Palestiniens disent toujours NON !\",\"isPartOf\":{\"@id\":\"https:\\\/\\\/www.webdo.tn\\\/fr\\\/#website\"},\"primaryImageOfPage\":{\"@id\":\"https:\\\/\\\/www.webdo.tn\\\/fr\\\/actualite\\\/international\\\/apres-106-ans-les-palestiniens-disent-toujours-non\\\/209837\\\/#primaryimage\"},\"image\":{\"@id\":\"https:\\\/\\\/www.webdo.tn\\\/fr\\\/actualite\\\/international\\\/apres-106-ans-les-palestiniens-disent-toujours-non\\\/209837\\\/#primaryimage\"},\"thumbnailUrl\":\"https:\\\/\\\/www.webdo.tn\\\/fr\\\/wp-content\\\/uploads\\\/2023\\\/11\\\/aba9d5e6de690459ab91e0b2c7ecbb8e.jpg\",\"datePublished\":\"2023-11-02T11:21:00+00:00\",\"dateModified\":\"2025-05-20T22:56:25+00:00\",\"description\":\"Il y a 106 ans, un chapitre sombre de l'histoire palestinienne s'ouvrait. 106 ans de massacres, de deuil et de crimes de guerre contre les propri\u00e9taires l\u00e9gitim...\",\"breadcrumb\":{\"@id\":\"https:\\\/\\\/www.webdo.tn\\\/fr\\\/actualite\\\/international\\\/apres-106-ans-les-palestiniens-disent-toujours-non\\\/209837\\\/#breadcrumb\"},\"inLanguage\":\"fr-FR\",\"potentialAction\":[{\"@type\":\"ReadAction\",\"target\":[\"https:\\\/\\\/www.webdo.tn\\\/fr\\\/actualite\\\/international\\\/apres-106-ans-les-palestiniens-disent-toujours-non\\\/209837\\\/\"]}]},{\"@type\":\"ImageObject\",\"inLanguage\":\"fr-FR\",\"@id\":\"https:\\\/\\\/www.webdo.tn\\\/fr\\\/actualite\\\/international\\\/apres-106-ans-les-palestiniens-disent-toujours-non\\\/209837\\\/#primaryimage\",\"url\":\"https:\\\/\\\/www.webdo.tn\\\/fr\\\/wp-content\\\/uploads\\\/2023\\\/11\\\/aba9d5e6de690459ab91e0b2c7ecbb8e.jpg\",\"contentUrl\":\"https:\\\/\\\/www.webdo.tn\\\/fr\\\/wp-content\\\/uploads\\\/2023\\\/11\\\/aba9d5e6de690459ab91e0b2c7ecbb8e.jpg\",\"width\":750,\"height\":400,\"caption\":\"La D\u00e9claration de Balfour\"},{\"@type\":\"BreadcrumbList\",\"@id\":\"https:\\\/\\\/www.webdo.tn\\\/fr\\\/actualite\\\/international\\\/apres-106-ans-les-palestiniens-disent-toujours-non\\\/209837\\\/#breadcrumb\",\"itemListElement\":[{\"@type\":\"ListItem\",\"position\":1,\"name\":\"Accueil\",\"item\":\"https:\\\/\\\/www.webdo.tn\\\/fr\\\/\"},{\"@type\":\"ListItem\",\"position\":2,\"name\":\"Apr\u00e8s 106 ans, les Palestiniens disent toujours NON !\"}]},{\"@type\":\"WebSite\",\"@id\":\"https:\\\/\\\/www.webdo.tn\\\/fr\\\/#website\",\"url\":\"https:\\\/\\\/www.webdo.tn\\\/fr\\\/\",\"name\":\"webdo\",\"description\":\"Tunisie - News en Tunisie et \u00e0 l&#039;international sur Webdo.tn\",\"publisher\":{\"@id\":\"https:\\\/\\\/www.webdo.tn\\\/fr\\\/#organization\"},\"potentialAction\":[{\"@type\":\"SearchAction\",\"target\":{\"@type\":\"EntryPoint\",\"urlTemplate\":\"https:\\\/\\\/www.webdo.tn\\\/fr\\\/?s={search_term_string}\"},\"query-input\":{\"@type\":\"PropertyValueSpecification\",\"valueRequired\":true,\"valueName\":\"search_term_string\"}}],\"inLanguage\":\"fr-FR\"},{\"@type\":\"Organization\",\"@id\":\"https:\\\/\\\/www.webdo.tn\\\/fr\\\/#organization\",\"name\":\"Webdo\",\"alternateName\":\"Webdo.tn\",\"url\":\"https:\\\/\\\/www.webdo.tn\\\/fr\\\/\",\"logo\":{\"@type\":\"ImageObject\",\"inLanguage\":\"fr-FR\",\"@id\":\"https:\\\/\\\/www.webdo.tn\\\/fr\\\/#\\\/schema\\\/logo\\\/image\\\/\",\"url\":\"https:\\\/\\\/www.webdo.tn\\\/fr\\\/wp-content\\\/uploads\\\/2025\\\/06\\\/Webdo-Tunisie_168377.jpg\",\"contentUrl\":\"https:\\\/\\\/www.webdo.tn\\\/fr\\\/wp-content\\\/uploads\\\/2025\\\/06\\\/Webdo-Tunisie_168377.jpg\",\"width\":301,\"height\":301,\"caption\":\"Webdo\"},\"image\":{\"@id\":\"https:\\\/\\\/www.webdo.tn\\\/fr\\\/#\\\/schema\\\/logo\\\/image\\\/\"},\"sameAs\":[\"https:\\\/\\\/www.facebook.com\\\/webdotn\",\"https:\\\/\\\/x.com\\\/webdo_tn\"],\"description\":\"Webdo est un m\u00e9dia num\u00e9rique tunisien fond\u00e9 en 2010, sp\u00e9cialis\u00e9 dans l\u2019actualit\u00e9 nationale et internationale, l\u2019\u00e9conomie, la soci\u00e9t\u00e9 et les analyses politiques. Le site s\u2019adresse \u00e0 un large public francophone et couvre l\u2019information tunisienne en temps r\u00e9el.\",\"email\":\"redac@webdo.tn\",\"legalName\":\"YNJ SARL\",\"foundingDate\":\"2010-09-06\",\"numberOfEmployees\":{\"@type\":\"QuantitativeValue\",\"minValue\":\"11\",\"maxValue\":\"50\"}},{\"@type\":\"Person\",\"@id\":\"https:\\\/\\\/www.webdo.tn\\\/fr\\\/#\\\/schema\\\/person\\\/b9ecde7a5574cb4fcf4b496ea5fadb15\",\"name\":\"Wided Belhaj\",\"image\":{\"@type\":\"ImageObject\",\"inLanguage\":\"fr-FR\",\"@id\":\"https:\\\/\\\/www.webdo.tn\\\/fr\\\/wp-content\\\/uploads\\\/2026\\\/04\\\/wided-belhaj_avatar-96x96.jpg\",\"url\":\"https:\\\/\\\/www.webdo.tn\\\/fr\\\/wp-content\\\/uploads\\\/2026\\\/04\\\/wided-belhaj_avatar-96x96.jpg\",\"contentUrl\":\"https:\\\/\\\/www.webdo.tn\\\/fr\\\/wp-content\\\/uploads\\\/2026\\\/04\\\/wided-belhaj_avatar-96x96.jpg\",\"caption\":\"Wided Belhaj\"},\"description\":\"Wided Belhaj est le pseudonyme \u00e9ditorial utilis\u00e9 par Khalil Jelassi, journaliste, ma\u00eetre-assistant \u00e0 l\u2019Institut de presse et des sciences de l\u2019information (IPSI) et chercheur en sciences de l\u2019information et de la communication. Cette signature est d\u00e9di\u00e9e \u00e0 l\u2019analyse des m\u00e9dias, des pratiques journalistiques et des mutations de l\u2019information \u00e0 l\u2019\u00e8re digitale. \u00c0 travers ses contributions, Wided Belhaj propose une lecture analytique de l\u2019actualit\u00e9, en croisant regard critique et expertise acad\u00e9mique.\",\"knowsAbout\":[\"m\u00e9dias\",\"journalisme\",\"communication\",\"information\",\"transformation num\u00e9rique\",\"analyse des m\u00e9dias\"],\"knowsLanguage\":[\"Fran\u00e7ais\",\"Arabe\"],\"jobTitle\":\"Webdo.tn\",\"worksFor\":\"Journaliste \u2013 Analyse des m\u00e9dias\",\"url\":\"https:\\\/\\\/www.webdo.tn\\\/fr\\\/actualite\\\/author\\\/wided-belhaj\\\/\"}]}<\/script>\n<!-- \/ Yoast SEO Premium plugin. -->","yoast_head_json":{"title":"Apr\u00e8s 106 ans, les Palestiniens disent toujours NON !","description":"Il y a 106 ans, un chapitre sombre de l'histoire palestinienne s'ouvrait. 106 ans de massacres, de deuil et de crimes de guerre contre les propri\u00e9taires l\u00e9gitim...","canonical":"https:\/\/www.webdo.tn\/fr\/actualite\/international\/apres-106-ans-les-palestiniens-disent-toujours-non\/209837\/","og_locale":"fr_FR","og_type":"article","og_title":"Apr\u00e8s 106 ans, les Palestiniens disent toujours NON !","og_description":"Il y a 106 ans, un chapitre sombre de l'histoire palestinienne s'ouvrait. 106 ans de massacres, de deuil et de crimes de guerre contre les propri\u00e9taires l\u00e9gitim...","og_url":"https:\/\/www.webdo.tn\/fr\/actualite\/international\/apres-106-ans-les-palestiniens-disent-toujours-non\/209837\/","og_site_name":"webdo","article_publisher":"https:\/\/www.facebook.com\/webdotn","article_published_time":"2023-11-02T11:21:00+00:00","article_modified_time":"2025-05-20T22:56:25+00:00","og_image":[{"width":750,"height":400,"url":"https:\/\/www.webdo.tn\/fr\/wp-content\/uploads\/2023\/11\/aba9d5e6de690459ab91e0b2c7ecbb8e.jpg","type":"image\/jpeg"}],"author":"Wided Belhaj","twitter_card":"summary_large_image","twitter_creator":"@webdo_tn","twitter_site":"@webdo_tn","twitter_misc":{"\u00c9crit par":"Wided Belhaj","Dur\u00e9e de lecture estim\u00e9e":"2 minutes"},"schema":{"@context":"https:\/\/schema.org","@graph":[{"@type":"NewsArticle","@id":"https:\/\/www.webdo.tn\/fr\/actualite\/international\/apres-106-ans-les-palestiniens-disent-toujours-non\/209837\/#article","isPartOf":{"@id":"https:\/\/www.webdo.tn\/fr\/actualite\/international\/apres-106-ans-les-palestiniens-disent-toujours-non\/209837\/"},"author":{"name":"Wided Belhaj","@id":"https:\/\/www.webdo.tn\/fr\/#\/schema\/person\/b9ecde7a5574cb4fcf4b496ea5fadb15"},"headline":"Apr\u00e8s 106 ans, les Palestiniens disent toujours NON !","datePublished":"2023-11-02T11:21:00+00:00","dateModified":"2025-05-20T22:56:25+00:00","mainEntityOfPage":{"@id":"https:\/\/www.webdo.tn\/fr\/actualite\/international\/apres-106-ans-les-palestiniens-disent-toujours-non\/209837\/"},"wordCount":319,"commentCount":0,"publisher":{"@id":"https:\/\/www.webdo.tn\/fr\/#organization"},"image":{"@id":"https:\/\/www.webdo.tn\/fr\/actualite\/international\/apres-106-ans-les-palestiniens-disent-toujours-non\/209837\/#primaryimage"},"thumbnailUrl":"https:\/\/www.webdo.tn\/fr\/wp-content\/uploads\/2023\/11\/aba9d5e6de690459ab91e0b2c7ecbb8e.jpg","keywords":["d\u00e9claration de balfour","entit\u00e9 sioniste","occupation","Palestine"],"articleSection":["International"],"inLanguage":"fr-FR"},{"@type":"WebPage","@id":"https:\/\/www.webdo.tn\/fr\/actualite\/international\/apres-106-ans-les-palestiniens-disent-toujours-non\/209837\/","url":"https:\/\/www.webdo.tn\/fr\/actualite\/international\/apres-106-ans-les-palestiniens-disent-toujours-non\/209837\/","name":"Apr\u00e8s 106 ans, les Palestiniens disent toujours NON !","isPartOf":{"@id":"https:\/\/www.webdo.tn\/fr\/#website"},"primaryImageOfPage":{"@id":"https:\/\/www.webdo.tn\/fr\/actualite\/international\/apres-106-ans-les-palestiniens-disent-toujours-non\/209837\/#primaryimage"},"image":{"@id":"https:\/\/www.webdo.tn\/fr\/actualite\/international\/apres-106-ans-les-palestiniens-disent-toujours-non\/209837\/#primaryimage"},"thumbnailUrl":"https:\/\/www.webdo.tn\/fr\/wp-content\/uploads\/2023\/11\/aba9d5e6de690459ab91e0b2c7ecbb8e.jpg","datePublished":"2023-11-02T11:21:00+00:00","dateModified":"2025-05-20T22:56:25+00:00","description":"Il y a 106 ans, un chapitre sombre de l'histoire palestinienne s'ouvrait. 106 ans de massacres, de deuil et de crimes de guerre contre les propri\u00e9taires l\u00e9gitim...","breadcrumb":{"@id":"https:\/\/www.webdo.tn\/fr\/actualite\/international\/apres-106-ans-les-palestiniens-disent-toujours-non\/209837\/#breadcrumb"},"inLanguage":"fr-FR","potentialAction":[{"@type":"ReadAction","target":["https:\/\/www.webdo.tn\/fr\/actualite\/international\/apres-106-ans-les-palestiniens-disent-toujours-non\/209837\/"]}]},{"@type":"ImageObject","inLanguage":"fr-FR","@id":"https:\/\/www.webdo.tn\/fr\/actualite\/international\/apres-106-ans-les-palestiniens-disent-toujours-non\/209837\/#primaryimage","url":"https:\/\/www.webdo.tn\/fr\/wp-content\/uploads\/2023\/11\/aba9d5e6de690459ab91e0b2c7ecbb8e.jpg","contentUrl":"https:\/\/www.webdo.tn\/fr\/wp-content\/uploads\/2023\/11\/aba9d5e6de690459ab91e0b2c7ecbb8e.jpg","width":750,"height":400,"caption":"La D\u00e9claration de Balfour"},{"@type":"BreadcrumbList","@id":"https:\/\/www.webdo.tn\/fr\/actualite\/international\/apres-106-ans-les-palestiniens-disent-toujours-non\/209837\/#breadcrumb","itemListElement":[{"@type":"ListItem","position":1,"name":"Accueil","item":"https:\/\/www.webdo.tn\/fr\/"},{"@type":"ListItem","position":2,"name":"Apr\u00e8s 106 ans, les Palestiniens disent toujours NON !"}]},{"@type":"WebSite","@id":"https:\/\/www.webdo.tn\/fr\/#website","url":"https:\/\/www.webdo.tn\/fr\/","name":"webdo","description":"Tunisie - News en Tunisie et \u00e0 l&#039;international sur Webdo.tn","publisher":{"@id":"https:\/\/www.webdo.tn\/fr\/#organization"},"potentialAction":[{"@type":"SearchAction","target":{"@type":"EntryPoint","urlTemplate":"https:\/\/www.webdo.tn\/fr\/?s={search_term_string}"},"query-input":{"@type":"PropertyValueSpecification","valueRequired":true,"valueName":"search_term_string"}}],"inLanguage":"fr-FR"},{"@type":"Organization","@id":"https:\/\/www.webdo.tn\/fr\/#organization","name":"Webdo","alternateName":"Webdo.tn","url":"https:\/\/www.webdo.tn\/fr\/","logo":{"@type":"ImageObject","inLanguage":"fr-FR","@id":"https:\/\/www.webdo.tn\/fr\/#\/schema\/logo\/image\/","url":"https:\/\/www.webdo.tn\/fr\/wp-content\/uploads\/2025\/06\/Webdo-Tunisie_168377.jpg","contentUrl":"https:\/\/www.webdo.tn\/fr\/wp-content\/uploads\/2025\/06\/Webdo-Tunisie_168377.jpg","width":301,"height":301,"caption":"Webdo"},"image":{"@id":"https:\/\/www.webdo.tn\/fr\/#\/schema\/logo\/image\/"},"sameAs":["https:\/\/www.facebook.com\/webdotn","https:\/\/x.com\/webdo_tn"],"description":"Webdo est un m\u00e9dia num\u00e9rique tunisien fond\u00e9 en 2010, sp\u00e9cialis\u00e9 dans l\u2019actualit\u00e9 nationale et internationale, l\u2019\u00e9conomie, la soci\u00e9t\u00e9 et les analyses politiques. Le site s\u2019adresse \u00e0 un large public francophone et couvre l\u2019information tunisienne en temps r\u00e9el.","email":"redac@webdo.tn","legalName":"YNJ SARL","foundingDate":"2010-09-06","numberOfEmployees":{"@type":"QuantitativeValue","minValue":"11","maxValue":"50"}},{"@type":"Person","@id":"https:\/\/www.webdo.tn\/fr\/#\/schema\/person\/b9ecde7a5574cb4fcf4b496ea5fadb15","name":"Wided Belhaj","image":{"@type":"ImageObject","inLanguage":"fr-FR","@id":"https:\/\/www.webdo.tn\/fr\/wp-content\/uploads\/2026\/04\/wided-belhaj_avatar-96x96.jpg","url":"https:\/\/www.webdo.tn\/fr\/wp-content\/uploads\/2026\/04\/wided-belhaj_avatar-96x96.jpg","contentUrl":"https:\/\/www.webdo.tn\/fr\/wp-content\/uploads\/2026\/04\/wided-belhaj_avatar-96x96.jpg","caption":"Wided Belhaj"},"description":"Wided Belhaj est le pseudonyme \u00e9ditorial utilis\u00e9 par Khalil Jelassi, journaliste, ma\u00eetre-assistant \u00e0 l\u2019Institut de presse et des sciences de l\u2019information (IPSI) et chercheur en sciences de l\u2019information et de la communication. Cette signature est d\u00e9di\u00e9e \u00e0 l\u2019analyse des m\u00e9dias, des pratiques journalistiques et des mutations de l\u2019information \u00e0 l\u2019\u00e8re digitale. \u00c0 travers ses contributions, Wided Belhaj propose une lecture analytique de l\u2019actualit\u00e9, en croisant regard critique et expertise acad\u00e9mique.","knowsAbout":["m\u00e9dias","journalisme","communication","information","transformation num\u00e9rique","analyse des m\u00e9dias"],"knowsLanguage":["Fran\u00e7ais","Arabe"],"jobTitle":"Webdo.tn","worksFor":"Journaliste \u2013 Analyse des m\u00e9dias","url":"https:\/\/www.webdo.tn\/fr\/actualite\/author\/wided-belhaj\/"}]}},"_links":{"self":[{"href":"https:\/\/www.webdo.tn\/fr\/wp-json\/wp\/v2\/posts\/209837","targetHints":{"allow":["GET"]}}],"collection":[{"href":"https:\/\/www.webdo.tn\/fr\/wp-json\/wp\/v2\/posts"}],"about":[{"href":"https:\/\/www.webdo.tn\/fr\/wp-json\/wp\/v2\/types\/post"}],"author":[{"embeddable":true,"href":"https:\/\/www.webdo.tn\/fr\/wp-json\/wp\/v2\/users\/3184"}],"replies":[{"embeddable":true,"href":"https:\/\/www.webdo.tn\/fr\/wp-json\/wp\/v2\/comments?post=209837"}],"version-history":[{"count":0,"href":"https:\/\/www.webdo.tn\/fr\/wp-json\/wp\/v2\/posts\/209837\/revisions"}],"wp:featuredmedia":[{"embeddable":true,"href":"https:\/\/www.webdo.tn\/fr\/wp-json\/wp\/v2\/media\/278948"}],"wp:attachment":[{"href":"https:\/\/www.webdo.tn\/fr\/wp-json\/wp\/v2\/media?parent=209837"}],"wp:term":[{"taxonomy":"category","embeddable":true,"href":"https:\/\/www.webdo.tn\/fr\/wp-json\/wp\/v2\/categories?post=209837"},{"taxonomy":"post_tag","embeddable":true,"href":"https:\/\/www.webdo.tn\/fr\/wp-json\/wp\/v2\/tags?post=209837"}],"curies":[{"name":"wp","href":"https:\/\/api.w.org\/{rel}","templated":true}]}}