{"id":209829,"date":"2023-11-02T08:47:00","date_gmt":"2023-11-02T08:47:00","guid":{"rendered":"https:\/\/www.webdo.tn\/fr\/blog\/yemen-les-houthistes-affirment-avoir-mene-une-attaque-de-drone-contre-israel\/209829\/"},"modified":"2025-05-20T22:39:53","modified_gmt":"2025-05-20T22:39:53","slug":"yemen-les-houthistes-affirment-avoir-mene-une-attaque-de-drone-contre-israel","status":"publish","type":"post","link":"https:\/\/www.webdo.tn\/fr\/actualite\/international\/yemen-les-houthistes-affirment-avoir-mene-une-attaque-de-drone-contre-israel\/209829\/","title":{"rendered":"Y\u00e9men : Les Houthistes affirment avoir men\u00e9 une attaque de drone contre Isra\u00ebl"},"content":{"rendered":"<p>Le groupe arm\u00e9 les houthistes au Y\u00e9men a affirm\u00e9 mercredi 1 novembre avoir lanc\u00e9 une attaque de drone contre Isra\u00ebl.\u00a0<\/p>\n<p>Soutenus par l\u2019Iran, les Houthistes avaient promis mardi de poursuivre leurs attaques contre Isra\u00ebl jusqu\u2019\u00e0 la fin de sa guerre contre le Hamas, en affirmant avoir d\u00e9j\u00e0 lanc\u00e9 plusieurs missiles et drones vers le territoire isra\u00e9lien.<\/p>\n<p>\u00ab Les forces arm\u00e9es y\u00e9m\u00e9nites ont lanc\u00e9 une s\u00e9rie de drones au cours des derni\u00e8res heures contre plusieurs cibles (\u2026) dans la Palestine occup\u00e9e, et ont atteint leurs objectifs \u00bb, ont-ils fait savoir dans un communiqu\u00e9 militaire.\u00a0<\/p>\n<p>Interrog\u00e9s sur cette menace, des responsables militaires isra\u00e9liens ont affirm\u00e9 qu\u2019Isra\u00ebl se r\u00e9serve le droit de riposter au moment opportun. \u00a0<\/p>\n<p>Selon un communiqu\u00e9 diffus\u00e9 mardi par les houthistes, une \u00ab salve de missiles balistiques et plusieurs drones \u00bb avaient \u00e9t\u00e9 tir\u00e9s ce jour-l\u00e0, la troisi\u00e8me attaque du genre depuis le d\u00e9but de la guerre entre Isra\u00ebl et le mouvement islamiste palestinien au pouvoir dans la bande de Gaza, rapporte l&rsquo;AFP.<\/p>\n","protected":false},"excerpt":{"rendered":"<p>Soutenus par l\u2019Iran, les Houthistes avaient promis mardi de poursuivre leurs attaques contre Isra\u00ebl jusqu\u2019\u00e0 la fin de sa guerre contre le Hamas, en affirmant av&#8230;<\/p>\n","protected":false},"author":3175,"featured_media":248897,"comment_status":"open","ping_status":"closed","sticky":false,"template":"","format":"standard","meta":{"footnotes":""},"categories":[2598],"tags":[7501,7636,2636,2637],"class_list":["post-209829","post","type-post","status-publish","format-standard","has-post-thumbnail","hentry","category-international","tag-drone","tag-houthistes","tag-israel","tag-yemen"],"yoast_head":"<!-- This site is optimized with the Yoast SEO Premium plugin v27.5 (Yoast SEO v27.5) - https:\/\/yoast.com\/product\/yoast-seo-premium-wordpress\/ -->\n<title>Y\u00e9men : Les Houthistes affirment avoir men\u00e9 une attaque de drone contre Isra\u00ebl<\/title>\n<meta name=\"description\" content=\"Soutenus par l\u2019Iran, les Houthistes avaient promis mardi de poursuivre leurs attaques contre Isra\u00ebl jusqu\u2019\u00e0 la fin de sa guerre contre le Hamas, en affirmant av...\" \/>\n<link rel=\"canonical\" href=\"https:\/\/www.webdo.tn\/fr\/actualite\/international\/yemen-les-houthistes-affirment-avoir-mene-une-attaque-de-drone-contre-israel\/209829\/\" \/>\n<meta property=\"og:locale\" content=\"fr_FR\" \/>\n<meta property=\"og:type\" content=\"article\" \/>\n<meta property=\"og:title\" content=\"Y\u00e9men : Les Houthistes affirment avoir men\u00e9 une attaque de drone contre Isra\u00ebl\" \/>\n<meta property=\"og:description\" content=\"Soutenus par l\u2019Iran, les Houthistes avaient promis mardi de poursuivre leurs attaques contre Isra\u00ebl jusqu\u2019\u00e0 la fin de sa guerre contre le Hamas, en affirmant av...\" \/>\n<meta property=\"og:url\" content=\"https:\/\/www.webdo.tn\/fr\/actualite\/international\/yemen-les-houthistes-affirment-avoir-mene-une-attaque-de-drone-contre-israel\/209829\/\" \/>\n<meta property=\"og:site_name\" content=\"webdo\" \/>\n<meta property=\"article:publisher\" content=\"https:\/\/www.facebook.com\/webdotn\" \/>\n<meta property=\"article:published_time\" content=\"2023-11-02T08:47:00+00:00\" \/>\n<meta property=\"article:modified_time\" content=\"2025-05-20T22:39:53+00:00\" \/>\n<meta property=\"og:image\" content=\"https:\/\/www.webdo.tn\/fr\/wp-content\/uploads\/2023\/11\/64a4f6a26c8997b2fc22e225f0f0e41d.jpg\" \/>\n\t<meta property=\"og:image:width\" content=\"750\" \/>\n\t<meta property=\"og:image:height\" content=\"400\" \/>\n\t<meta property=\"og:image:type\" content=\"image\/jpeg\" \/>\n<meta name=\"author\" content=\"CL\" \/>\n<meta name=\"twitter:card\" content=\"summary_large_image\" \/>\n<meta name=\"twitter:creator\" content=\"@webdo_tn\" \/>\n<meta name=\"twitter:site\" content=\"@webdo_tn\" \/>\n<meta name=\"twitter:label1\" content=\"\u00c9crit par\" \/>\n\t<meta name=\"twitter:data1\" content=\"CL\" \/>\n\t<meta name=\"twitter:label2\" content=\"Dur\u00e9e de lecture estim\u00e9e\" \/>\n\t<meta name=\"twitter:data2\" content=\"1 minute\" \/>\n<script type=\"application\/ld+json\" class=\"yoast-schema-graph\">{\"@context\":\"https:\\\/\\\/schema.org\",\"@graph\":[{\"@type\":\"NewsArticle\",\"@id\":\"https:\\\/\\\/www.webdo.tn\\\/fr\\\/actualite\\\/international\\\/yemen-les-houthistes-affirment-avoir-mene-une-attaque-de-drone-contre-israel\\\/209829\\\/#article\",\"isPartOf\":{\"@id\":\"https:\\\/\\\/www.webdo.tn\\\/fr\\\/actualite\\\/international\\\/yemen-les-houthistes-affirment-avoir-mene-une-attaque-de-drone-contre-israel\\\/209829\\\/\"},\"author\":{\"name\":\"CL\",\"@id\":\"https:\\\/\\\/www.webdo.tn\\\/fr\\\/#\\\/schema\\\/person\\\/f35b42a42c5e2511bbd282959d6385cc\"},\"headline\":\"Y\u00e9men : Les Houthistes affirment avoir men\u00e9 une attaque de drone contre Isra\u00ebl\",\"datePublished\":\"2023-11-02T08:47:00+00:00\",\"dateModified\":\"2025-05-20T22:39:53+00:00\",\"mainEntityOfPage\":{\"@id\":\"https:\\\/\\\/www.webdo.tn\\\/fr\\\/actualite\\\/international\\\/yemen-les-houthistes-affirment-avoir-mene-une-attaque-de-drone-contre-israel\\\/209829\\\/\"},\"wordCount\":193,\"commentCount\":0,\"publisher\":{\"@id\":\"https:\\\/\\\/www.webdo.tn\\\/fr\\\/#organization\"},\"image\":{\"@id\":\"https:\\\/\\\/www.webdo.tn\\\/fr\\\/actualite\\\/international\\\/yemen-les-houthistes-affirment-avoir-mene-une-attaque-de-drone-contre-israel\\\/209829\\\/#primaryimage\"},\"thumbnailUrl\":\"https:\\\/\\\/www.webdo.tn\\\/fr\\\/wp-content\\\/uploads\\\/2023\\\/11\\\/64a4f6a26c8997b2fc22e225f0f0e41d.jpg\",\"keywords\":[\"Drone\",\"Houthistes\",\"isra\u00ebl\",\"y\u00e9men\"],\"articleSection\":[\"International\"],\"inLanguage\":\"fr-FR\"},{\"@type\":\"WebPage\",\"@id\":\"https:\\\/\\\/www.webdo.tn\\\/fr\\\/actualite\\\/international\\\/yemen-les-houthistes-affirment-avoir-mene-une-attaque-de-drone-contre-israel\\\/209829\\\/\",\"url\":\"https:\\\/\\\/www.webdo.tn\\\/fr\\\/actualite\\\/international\\\/yemen-les-houthistes-affirment-avoir-mene-une-attaque-de-drone-contre-israel\\\/209829\\\/\",\"name\":\"Y\u00e9men : Les Houthistes affirment avoir men\u00e9 une attaque de drone contre Isra\u00ebl\",\"isPartOf\":{\"@id\":\"https:\\\/\\\/www.webdo.tn\\\/fr\\\/#website\"},\"primaryImageOfPage\":{\"@id\":\"https:\\\/\\\/www.webdo.tn\\\/fr\\\/actualite\\\/international\\\/yemen-les-houthistes-affirment-avoir-mene-une-attaque-de-drone-contre-israel\\\/209829\\\/#primaryimage\"},\"image\":{\"@id\":\"https:\\\/\\\/www.webdo.tn\\\/fr\\\/actualite\\\/international\\\/yemen-les-houthistes-affirment-avoir-mene-une-attaque-de-drone-contre-israel\\\/209829\\\/#primaryimage\"},\"thumbnailUrl\":\"https:\\\/\\\/www.webdo.tn\\\/fr\\\/wp-content\\\/uploads\\\/2023\\\/11\\\/64a4f6a26c8997b2fc22e225f0f0e41d.jpg\",\"datePublished\":\"2023-11-02T08:47:00+00:00\",\"dateModified\":\"2025-05-20T22:39:53+00:00\",\"description\":\"Soutenus par l\u2019Iran, les Houthistes avaient promis mardi de poursuivre leurs attaques contre Isra\u00ebl jusqu\u2019\u00e0 la fin de sa guerre contre le Hamas, en affirmant av...\",\"breadcrumb\":{\"@id\":\"https:\\\/\\\/www.webdo.tn\\\/fr\\\/actualite\\\/international\\\/yemen-les-houthistes-affirment-avoir-mene-une-attaque-de-drone-contre-israel\\\/209829\\\/#breadcrumb\"},\"inLanguage\":\"fr-FR\",\"potentialAction\":[{\"@type\":\"ReadAction\",\"target\":[\"https:\\\/\\\/www.webdo.tn\\\/fr\\\/actualite\\\/international\\\/yemen-les-houthistes-affirment-avoir-mene-une-attaque-de-drone-contre-israel\\\/209829\\\/\"]}]},{\"@type\":\"ImageObject\",\"inLanguage\":\"fr-FR\",\"@id\":\"https:\\\/\\\/www.webdo.tn\\\/fr\\\/actualite\\\/international\\\/yemen-les-houthistes-affirment-avoir-mene-une-attaque-de-drone-contre-israel\\\/209829\\\/#primaryimage\",\"url\":\"https:\\\/\\\/www.webdo.tn\\\/fr\\\/wp-content\\\/uploads\\\/2023\\\/11\\\/64a4f6a26c8997b2fc22e225f0f0e41d.jpg\",\"contentUrl\":\"https:\\\/\\\/www.webdo.tn\\\/fr\\\/wp-content\\\/uploads\\\/2023\\\/11\\\/64a4f6a26c8997b2fc22e225f0f0e41d.jpg\",\"width\":750,\"height\":400,\"caption\":\"Y\u00e9men : Les Houthistes affirment avoir men\u00e9 une attaque de drone contre Isra\u00ebl\"},{\"@type\":\"BreadcrumbList\",\"@id\":\"https:\\\/\\\/www.webdo.tn\\\/fr\\\/actualite\\\/international\\\/yemen-les-houthistes-affirment-avoir-mene-une-attaque-de-drone-contre-israel\\\/209829\\\/#breadcrumb\",\"itemListElement\":[{\"@type\":\"ListItem\",\"position\":1,\"name\":\"Accueil\",\"item\":\"https:\\\/\\\/www.webdo.tn\\\/fr\\\/\"},{\"@type\":\"ListItem\",\"position\":2,\"name\":\"Y\u00e9men : Les Houthistes affirment avoir men\u00e9 une attaque de drone contre Isra\u00ebl\"}]},{\"@type\":\"WebSite\",\"@id\":\"https:\\\/\\\/www.webdo.tn\\\/fr\\\/#website\",\"url\":\"https:\\\/\\\/www.webdo.tn\\\/fr\\\/\",\"name\":\"webdo\",\"description\":\"Tunisie - News en Tunisie et \u00e0 l&#039;international sur Webdo.tn\",\"publisher\":{\"@id\":\"https:\\\/\\\/www.webdo.tn\\\/fr\\\/#organization\"},\"potentialAction\":[{\"@type\":\"SearchAction\",\"target\":{\"@type\":\"EntryPoint\",\"urlTemplate\":\"https:\\\/\\\/www.webdo.tn\\\/fr\\\/?s={search_term_string}\"},\"query-input\":{\"@type\":\"PropertyValueSpecification\",\"valueRequired\":true,\"valueName\":\"search_term_string\"}}],\"inLanguage\":\"fr-FR\"},{\"@type\":\"Organization\",\"@id\":\"https:\\\/\\\/www.webdo.tn\\\/fr\\\/#organization\",\"name\":\"Webdo\",\"alternateName\":\"Webdo.tn\",\"url\":\"https:\\\/\\\/www.webdo.tn\\\/fr\\\/\",\"logo\":{\"@type\":\"ImageObject\",\"inLanguage\":\"fr-FR\",\"@id\":\"https:\\\/\\\/www.webdo.tn\\\/fr\\\/#\\\/schema\\\/logo\\\/image\\\/\",\"url\":\"https:\\\/\\\/www.webdo.tn\\\/fr\\\/wp-content\\\/uploads\\\/2025\\\/06\\\/Webdo-Tunisie_168377.jpg\",\"contentUrl\":\"https:\\\/\\\/www.webdo.tn\\\/fr\\\/wp-content\\\/uploads\\\/2025\\\/06\\\/Webdo-Tunisie_168377.jpg\",\"width\":301,\"height\":301,\"caption\":\"Webdo\"},\"image\":{\"@id\":\"https:\\\/\\\/www.webdo.tn\\\/fr\\\/#\\\/schema\\\/logo\\\/image\\\/\"},\"sameAs\":[\"https:\\\/\\\/www.facebook.com\\\/webdotn\",\"https:\\\/\\\/x.com\\\/webdo_tn\"],\"description\":\"Webdo est un m\u00e9dia num\u00e9rique tunisien fond\u00e9 en 2010, sp\u00e9cialis\u00e9 dans l\u2019actualit\u00e9 nationale et internationale, l\u2019\u00e9conomie, la soci\u00e9t\u00e9 et les analyses politiques. Le site s\u2019adresse \u00e0 un large public francophone et couvre l\u2019information tunisienne en temps r\u00e9el.\",\"email\":\"redac@webdo.tn\",\"legalName\":\"YNJ SARL\",\"foundingDate\":\"2010-09-06\",\"numberOfEmployees\":{\"@type\":\"QuantitativeValue\",\"minValue\":\"11\",\"maxValue\":\"50\"}},{\"@type\":\"Person\",\"@id\":\"https:\\\/\\\/www.webdo.tn\\\/fr\\\/#\\\/schema\\\/person\\\/f35b42a42c5e2511bbd282959d6385cc\",\"name\":\"CL\",\"image\":{\"@type\":\"ImageObject\",\"inLanguage\":\"fr-FR\",\"@id\":\"https:\\\/\\\/secure.gravatar.com\\\/avatar\\\/1447a49909b67aa657c488aec6512e1dd6143a480c1ecfee9b5b5cd74eb3b59e?s=96&d=mm&r=g\",\"url\":\"https:\\\/\\\/secure.gravatar.com\\\/avatar\\\/1447a49909b67aa657c488aec6512e1dd6143a480c1ecfee9b5b5cd74eb3b59e?s=96&d=mm&r=g\",\"contentUrl\":\"https:\\\/\\\/secure.gravatar.com\\\/avatar\\\/1447a49909b67aa657c488aec6512e1dd6143a480c1ecfee9b5b5cd74eb3b59e?s=96&d=mm&r=g\",\"caption\":\"CL\"},\"url\":\"https:\\\/\\\/www.webdo.tn\\\/fr\\\/actualite\\\/author\\\/cl\\\/\"}]}<\/script>\n<!-- \/ Yoast SEO Premium plugin. -->","yoast_head_json":{"title":"Y\u00e9men : Les Houthistes affirment avoir men\u00e9 une attaque de drone contre Isra\u00ebl","description":"Soutenus par l\u2019Iran, les Houthistes avaient promis mardi de poursuivre leurs attaques contre Isra\u00ebl jusqu\u2019\u00e0 la fin de sa guerre contre le Hamas, en affirmant av...","canonical":"https:\/\/www.webdo.tn\/fr\/actualite\/international\/yemen-les-houthistes-affirment-avoir-mene-une-attaque-de-drone-contre-israel\/209829\/","og_locale":"fr_FR","og_type":"article","og_title":"Y\u00e9men : Les Houthistes affirment avoir men\u00e9 une attaque de drone contre Isra\u00ebl","og_description":"Soutenus par l\u2019Iran, les Houthistes avaient promis mardi de poursuivre leurs attaques contre Isra\u00ebl jusqu\u2019\u00e0 la fin de sa guerre contre le Hamas, en affirmant av...","og_url":"https:\/\/www.webdo.tn\/fr\/actualite\/international\/yemen-les-houthistes-affirment-avoir-mene-une-attaque-de-drone-contre-israel\/209829\/","og_site_name":"webdo","article_publisher":"https:\/\/www.facebook.com\/webdotn","article_published_time":"2023-11-02T08:47:00+00:00","article_modified_time":"2025-05-20T22:39:53+00:00","og_image":[{"width":750,"height":400,"url":"https:\/\/www.webdo.tn\/fr\/wp-content\/uploads\/2023\/11\/64a4f6a26c8997b2fc22e225f0f0e41d.jpg","type":"image\/jpeg"}],"author":"CL","twitter_card":"summary_large_image","twitter_creator":"@webdo_tn","twitter_site":"@webdo_tn","twitter_misc":{"\u00c9crit par":"CL","Dur\u00e9e de lecture estim\u00e9e":"1 minute"},"schema":{"@context":"https:\/\/schema.org","@graph":[{"@type":"NewsArticle","@id":"https:\/\/www.webdo.tn\/fr\/actualite\/international\/yemen-les-houthistes-affirment-avoir-mene-une-attaque-de-drone-contre-israel\/209829\/#article","isPartOf":{"@id":"https:\/\/www.webdo.tn\/fr\/actualite\/international\/yemen-les-houthistes-affirment-avoir-mene-une-attaque-de-drone-contre-israel\/209829\/"},"author":{"name":"CL","@id":"https:\/\/www.webdo.tn\/fr\/#\/schema\/person\/f35b42a42c5e2511bbd282959d6385cc"},"headline":"Y\u00e9men : Les Houthistes affirment avoir men\u00e9 une attaque de drone contre Isra\u00ebl","datePublished":"2023-11-02T08:47:00+00:00","dateModified":"2025-05-20T22:39:53+00:00","mainEntityOfPage":{"@id":"https:\/\/www.webdo.tn\/fr\/actualite\/international\/yemen-les-houthistes-affirment-avoir-mene-une-attaque-de-drone-contre-israel\/209829\/"},"wordCount":193,"commentCount":0,"publisher":{"@id":"https:\/\/www.webdo.tn\/fr\/#organization"},"image":{"@id":"https:\/\/www.webdo.tn\/fr\/actualite\/international\/yemen-les-houthistes-affirment-avoir-mene-une-attaque-de-drone-contre-israel\/209829\/#primaryimage"},"thumbnailUrl":"https:\/\/www.webdo.tn\/fr\/wp-content\/uploads\/2023\/11\/64a4f6a26c8997b2fc22e225f0f0e41d.jpg","keywords":["Drone","Houthistes","isra\u00ebl","y\u00e9men"],"articleSection":["International"],"inLanguage":"fr-FR"},{"@type":"WebPage","@id":"https:\/\/www.webdo.tn\/fr\/actualite\/international\/yemen-les-houthistes-affirment-avoir-mene-une-attaque-de-drone-contre-israel\/209829\/","url":"https:\/\/www.webdo.tn\/fr\/actualite\/international\/yemen-les-houthistes-affirment-avoir-mene-une-attaque-de-drone-contre-israel\/209829\/","name":"Y\u00e9men : Les Houthistes affirment avoir men\u00e9 une attaque de drone contre Isra\u00ebl","isPartOf":{"@id":"https:\/\/www.webdo.tn\/fr\/#website"},"primaryImageOfPage":{"@id":"https:\/\/www.webdo.tn\/fr\/actualite\/international\/yemen-les-houthistes-affirment-avoir-mene-une-attaque-de-drone-contre-israel\/209829\/#primaryimage"},"image":{"@id":"https:\/\/www.webdo.tn\/fr\/actualite\/international\/yemen-les-houthistes-affirment-avoir-mene-une-attaque-de-drone-contre-israel\/209829\/#primaryimage"},"thumbnailUrl":"https:\/\/www.webdo.tn\/fr\/wp-content\/uploads\/2023\/11\/64a4f6a26c8997b2fc22e225f0f0e41d.jpg","datePublished":"2023-11-02T08:47:00+00:00","dateModified":"2025-05-20T22:39:53+00:00","description":"Soutenus par l\u2019Iran, les Houthistes avaient promis mardi de poursuivre leurs attaques contre Isra\u00ebl jusqu\u2019\u00e0 la fin de sa guerre contre le Hamas, en affirmant av...","breadcrumb":{"@id":"https:\/\/www.webdo.tn\/fr\/actualite\/international\/yemen-les-houthistes-affirment-avoir-mene-une-attaque-de-drone-contre-israel\/209829\/#breadcrumb"},"inLanguage":"fr-FR","potentialAction":[{"@type":"ReadAction","target":["https:\/\/www.webdo.tn\/fr\/actualite\/international\/yemen-les-houthistes-affirment-avoir-mene-une-attaque-de-drone-contre-israel\/209829\/"]}]},{"@type":"ImageObject","inLanguage":"fr-FR","@id":"https:\/\/www.webdo.tn\/fr\/actualite\/international\/yemen-les-houthistes-affirment-avoir-mene-une-attaque-de-drone-contre-israel\/209829\/#primaryimage","url":"https:\/\/www.webdo.tn\/fr\/wp-content\/uploads\/2023\/11\/64a4f6a26c8997b2fc22e225f0f0e41d.jpg","contentUrl":"https:\/\/www.webdo.tn\/fr\/wp-content\/uploads\/2023\/11\/64a4f6a26c8997b2fc22e225f0f0e41d.jpg","width":750,"height":400,"caption":"Y\u00e9men : Les Houthistes affirment avoir men\u00e9 une attaque de drone contre Isra\u00ebl"},{"@type":"BreadcrumbList","@id":"https:\/\/www.webdo.tn\/fr\/actualite\/international\/yemen-les-houthistes-affirment-avoir-mene-une-attaque-de-drone-contre-israel\/209829\/#breadcrumb","itemListElement":[{"@type":"ListItem","position":1,"name":"Accueil","item":"https:\/\/www.webdo.tn\/fr\/"},{"@type":"ListItem","position":2,"name":"Y\u00e9men : Les Houthistes affirment avoir men\u00e9 une attaque de drone contre Isra\u00ebl"}]},{"@type":"WebSite","@id":"https:\/\/www.webdo.tn\/fr\/#website","url":"https:\/\/www.webdo.tn\/fr\/","name":"webdo","description":"Tunisie - News en Tunisie et \u00e0 l&#039;international sur Webdo.tn","publisher":{"@id":"https:\/\/www.webdo.tn\/fr\/#organization"},"potentialAction":[{"@type":"SearchAction","target":{"@type":"EntryPoint","urlTemplate":"https:\/\/www.webdo.tn\/fr\/?s={search_term_string}"},"query-input":{"@type":"PropertyValueSpecification","valueRequired":true,"valueName":"search_term_string"}}],"inLanguage":"fr-FR"},{"@type":"Organization","@id":"https:\/\/www.webdo.tn\/fr\/#organization","name":"Webdo","alternateName":"Webdo.tn","url":"https:\/\/www.webdo.tn\/fr\/","logo":{"@type":"ImageObject","inLanguage":"fr-FR","@id":"https:\/\/www.webdo.tn\/fr\/#\/schema\/logo\/image\/","url":"https:\/\/www.webdo.tn\/fr\/wp-content\/uploads\/2025\/06\/Webdo-Tunisie_168377.jpg","contentUrl":"https:\/\/www.webdo.tn\/fr\/wp-content\/uploads\/2025\/06\/Webdo-Tunisie_168377.jpg","width":301,"height":301,"caption":"Webdo"},"image":{"@id":"https:\/\/www.webdo.tn\/fr\/#\/schema\/logo\/image\/"},"sameAs":["https:\/\/www.facebook.com\/webdotn","https:\/\/x.com\/webdo_tn"],"description":"Webdo est un m\u00e9dia num\u00e9rique tunisien fond\u00e9 en 2010, sp\u00e9cialis\u00e9 dans l\u2019actualit\u00e9 nationale et internationale, l\u2019\u00e9conomie, la soci\u00e9t\u00e9 et les analyses politiques. Le site s\u2019adresse \u00e0 un large public francophone et couvre l\u2019information tunisienne en temps r\u00e9el.","email":"redac@webdo.tn","legalName":"YNJ SARL","foundingDate":"2010-09-06","numberOfEmployees":{"@type":"QuantitativeValue","minValue":"11","maxValue":"50"}},{"@type":"Person","@id":"https:\/\/www.webdo.tn\/fr\/#\/schema\/person\/f35b42a42c5e2511bbd282959d6385cc","name":"CL","image":{"@type":"ImageObject","inLanguage":"fr-FR","@id":"https:\/\/secure.gravatar.com\/avatar\/1447a49909b67aa657c488aec6512e1dd6143a480c1ecfee9b5b5cd74eb3b59e?s=96&d=mm&r=g","url":"https:\/\/secure.gravatar.com\/avatar\/1447a49909b67aa657c488aec6512e1dd6143a480c1ecfee9b5b5cd74eb3b59e?s=96&d=mm&r=g","contentUrl":"https:\/\/secure.gravatar.com\/avatar\/1447a49909b67aa657c488aec6512e1dd6143a480c1ecfee9b5b5cd74eb3b59e?s=96&d=mm&r=g","caption":"CL"},"url":"https:\/\/www.webdo.tn\/fr\/actualite\/author\/cl\/"}]}},"_links":{"self":[{"href":"https:\/\/www.webdo.tn\/fr\/wp-json\/wp\/v2\/posts\/209829","targetHints":{"allow":["GET"]}}],"collection":[{"href":"https:\/\/www.webdo.tn\/fr\/wp-json\/wp\/v2\/posts"}],"about":[{"href":"https:\/\/www.webdo.tn\/fr\/wp-json\/wp\/v2\/types\/post"}],"author":[{"embeddable":true,"href":"https:\/\/www.webdo.tn\/fr\/wp-json\/wp\/v2\/users\/3175"}],"replies":[{"embeddable":true,"href":"https:\/\/www.webdo.tn\/fr\/wp-json\/wp\/v2\/comments?post=209829"}],"version-history":[{"count":0,"href":"https:\/\/www.webdo.tn\/fr\/wp-json\/wp\/v2\/posts\/209829\/revisions"}],"wp:featuredmedia":[{"embeddable":true,"href":"https:\/\/www.webdo.tn\/fr\/wp-json\/wp\/v2\/media\/248897"}],"wp:attachment":[{"href":"https:\/\/www.webdo.tn\/fr\/wp-json\/wp\/v2\/media?parent=209829"}],"wp:term":[{"taxonomy":"category","embeddable":true,"href":"https:\/\/www.webdo.tn\/fr\/wp-json\/wp\/v2\/categories?post=209829"},{"taxonomy":"post_tag","embeddable":true,"href":"https:\/\/www.webdo.tn\/fr\/wp-json\/wp\/v2\/tags?post=209829"}],"curies":[{"name":"wp","href":"https:\/\/api.w.org\/{rel}","templated":true}]}}